{"id":238815,"date":"2022-07-01T23:12:43","date_gmt":"2022-07-02T02:12:43","guid":{"rendered":"https:\/\/franciscanos.org.br\/noticias\/?p=238815"},"modified":"2023-01-03T13:37:15","modified_gmt":"2023-01-03T16:37:15","slug":"segundo-dia-do-triduo-o-convite-de-frei-jhones-para-se-encantar-por-deus","status":"publish","type":"post","link":"https:\/\/franciscanos.org.br\/noticias\/segundo-dia-do-triduo-o-convite-de-frei-jhones-para-se-encantar-por-deus.html","title":{"rendered":"Segundo dia do Tr\u00edduo: O convite de Frei Jhones para se encantar por Deus"},"content":{"rendered":"<p><img loading=\"lazy\" class=\"alignnone size-full wp-image-238816\" src=\"https:\/\/franciscanos.org.br\/noticias\/wp-content\/uploads\/2022\/07\/segundo_0107_5.jpg\" alt=\"\" width=\"1280\" height=\"720\" srcset=\"https:\/\/franciscanos.org.br\/noticias\/wp-content\/uploads\/2022\/07\/segundo_0107_5.jpg 1280w, https:\/\/franciscanos.org.br\/noticias\/wp-content\/uploads\/2022\/07\/segundo_0107_5-450x253.jpg 450w, https:\/\/franciscanos.org.br\/noticias\/wp-content\/uploads\/2022\/07\/segundo_0107_5-1024x576.jpg 1024w, https:\/\/franciscanos.org.br\/noticias\/wp-content\/uploads\/2022\/07\/segundo_0107_5-768x432.jpg 768w, https:\/\/franciscanos.org.br\/noticias\/wp-content\/uploads\/2022\/07\/segundo_0107_5-150x84.jpg 150w\" sizes=\"(max-width: 1280px) 100vw, 1280px\" \/><\/p>\n<p><strong>Gaspar (SC)<\/strong> &#8211; Com o tema \u201cPedro, o homem simples que se torna a base da Igreja. Francisco, o homem humilde que acolhe os pobres e sofredores\u201d, a 172\u00aa Festa de S\u00e3o Pedro Ap\u00f3stolo, na cidade de Gaspar (SC), chegou, nesta sexta-feira (1\/7), ao segundo dia do Tr\u00edduo preparat\u00f3rio para a grande solenidade neste domingo. \u00a0Frei Jhones Lucas Martins presidiu a Celebra\u00e7\u00e3o Eucar\u00edstica, \u00e0s 19 horas, tendo como concelebrantes seus confrades Frei Pedro da Silva e Frei Aldolino Bankhardt.<\/p>\n<p>Frei Jhones, referindo-se ao convite de Jesus a Mateus e Pedro para segui-Lo, destaca que o evangelista Jo\u00e3o, no cap\u00edtulo 1\u00ba, vers\u00edculo 42, diz que Jesus olhou bem para Pedro e disse: \u201cTu \u00e9s Sim\u00e3o, filho de Jo\u00e3o; tu ser\u00e1s chamado Cefas\u201d (que quer dizer Pedra). \u201cAssim como Jesus chamou Mateus, chamou a Pedro. E, quando Jesus fixa o olhar em Pedro, ele diz: \u2018Tu \u00e9s Cefas, tu \u00e9s a pedra\u2019.\u00a0 Porque quando Jesus fixa o olhar em n\u00f3s e nos deixamos fixar por ele, n\u00e3o tem como sermos atra\u00eddos por outra coisa a n\u00e3o ser o olhar de Deus\u201d, observou o frade.<\/p>\n<p><img loading=\"lazy\" class=\"alignnone size-full wp-image-238817\" src=\"https:\/\/franciscanos.org.br\/noticias\/wp-content\/uploads\/2022\/07\/segundo_0107_3.jpg\" alt=\"\" width=\"1280\" height=\"789\" srcset=\"https:\/\/franciscanos.org.br\/noticias\/wp-content\/uploads\/2022\/07\/segundo_0107_3.jpg 1280w, https:\/\/franciscanos.org.br\/noticias\/wp-content\/uploads\/2022\/07\/segundo_0107_3-450x277.jpg 450w, https:\/\/franciscanos.org.br\/noticias\/wp-content\/uploads\/2022\/07\/segundo_0107_3-1024x631.jpg 1024w, https:\/\/franciscanos.org.br\/noticias\/wp-content\/uploads\/2022\/07\/segundo_0107_3-768x473.jpg 768w, https:\/\/franciscanos.org.br\/noticias\/wp-content\/uploads\/2022\/07\/segundo_0107_3-150x92.jpg 150w\" sizes=\"(max-width: 1280px) 100vw, 1280px\" \/><\/p>\n<p>Segundo o celebrante, Pedro e Mateus, imediatamente deixam tudo para seguir a Jesus. \u201cEste convite de Jesus a Pedro e a Mateus \u00e9 um chamado arrebatador. \u00c9 um encantamento, porque n\u00e3o tem como olhar para a beleza que \u00e9 Deus e n\u00e3o ser atra\u00eddo por essa beleza, por esse amor. Da mesma maneira que esse chamado foi feito a Pedro, que foi feito hoje a Mateus no Evangelho, um dia tamb\u00e9m foi feito a Francisco, quando ele, na contempla\u00e7\u00e3o do Crucificado, ouviu bem assim: \u2018Vai, Francisco, reconstr\u00f3i a minha Igreja que, como v\u00eas, est\u00e1 em ru\u00ednas\u2019. Francisco, prontamente, deixa tudo e come\u00e7a a reconstruir a Igreja de Cristo. N\u00e3o tem como olharmos para Deus e n\u00e3o sermos atra\u00eddos por sua beleza, n\u00e3o sermos atra\u00eddos pelo Evangelho, n\u00e3o sermos atra\u00eddos por esse amor que nos invade\u201d, enfatizou.<\/p>\n<p>Mas, segundo o celebrante, esse chamado n\u00e3o fica s\u00f3 no encantamento, mas a partir dele nasce a miss\u00e3o. \u201cPedro recebe a miss\u00e3o ao ser chamado de Cefas. Ou seja, de se tornar essa pedra, esta base como acabamos de ouvir no tema de hoje. Esta base da Igreja, que tem como autor Jesus Cristo, mas que est\u00e1 alicer\u00e7ada pelos Ap\u00f3stolos\u201d, explicou Frei Jhones.<\/p>\n<p><img loading=\"lazy\" class=\"alignnone size-full wp-image-238818\" src=\"https:\/\/franciscanos.org.br\/noticias\/wp-content\/uploads\/2022\/07\/segundo_0107_2.jpg\" alt=\"\" width=\"1200\" height=\"800\" srcset=\"https:\/\/franciscanos.org.br\/noticias\/wp-content\/uploads\/2022\/07\/segundo_0107_2.jpg 1200w, https:\/\/franciscanos.org.br\/noticias\/wp-content\/uploads\/2022\/07\/segundo_0107_2-450x300.jpg 450w, https:\/\/franciscanos.org.br\/noticias\/wp-content\/uploads\/2022\/07\/segundo_0107_2-1024x683.jpg 1024w, https:\/\/franciscanos.org.br\/noticias\/wp-content\/uploads\/2022\/07\/segundo_0107_2-768x512.jpg 768w, https:\/\/franciscanos.org.br\/noticias\/wp-content\/uploads\/2022\/07\/segundo_0107_2-150x100.jpg 150w\" sizes=\"(max-width: 1200px) 100vw, 1200px\" \/><\/p>\n<p>\u201cQuando n\u00f3s deixamos nos encantar por Deus, recebemos uma miss\u00e3o. E qual \u00e9 a miss\u00e3o que recebemos? Hoje n\u00f3s vimos v\u00e1rias miss\u00f5es aqui nas escadas, que s\u00e3o os cartazes simbolizando as pastorais e os movimentos, que nada mais s\u00e3o do que uma miss\u00e3o da Igreja. Primeiramente, somos apaixonados por Deus e depois queremos dar curso de noivos, ser do movimento de casais, ser da OFS, ser uma irm\u00e3 consagrada. Esta \u00e9 a miss\u00e3o. Primeiro somos encantados por Deus. Ele fixa o olhar em n\u00f3s. Depois n\u00f3s nos deixamos atrair por ele e respondemos sendo um mission\u00e1rio da Igreja de Cristo\u201d, disse o pregador.<\/p>\n<p>Como n\u00f3s podemos nos encantar por Deus? E como n\u00f3s podemos deixar Deus fixar o olhar em n\u00f3s?, pergunta Frei Jhones. \u00a0\u201cN\u00f3s podemos ter v\u00e1rios exemplos, mas eu gostaria de trazer um exemplo de nossa Festa. Ao passar ali vendo aquelas senhoras trabalhando, tinha uma de quase 90 anos cortando o chuchu para a sopa de ontem. Como n\u00e3o se deixar encantar por isso? Quem a fez, com 90 anos, sair da sua casa e ficar ali durante horas cortando chuchu. Se n\u00e3o \u00e9 o encantamento de Deus, \u00e9 o qu\u00ea? N\u00e3o tem outra explica\u00e7\u00e3o. Horas fazendo a bolinha de sonho&#8230; Se n\u00e3o \u00e9 o encantamento de Deus, \u00e9 o qu\u00ea? Ent\u00e3o, s\u00e3o nesses pequenos detalhes que n\u00f3s deixamos nos encantar por Deus. E a\u00ed a gente se sente atra\u00eddo a fazer algo. Eu tamb\u00e9m posso ajudar, n\u00e3o s\u00f3 aqui na Festa, mas na nossa vida\u201d, ressaltou.<\/p>\n<p><img loading=\"lazy\" class=\"alignnone size-full wp-image-238819\" src=\"https:\/\/franciscanos.org.br\/noticias\/wp-content\/uploads\/2022\/07\/segundo_0107_6.jpg\" alt=\"\" width=\"1280\" height=\"853\" srcset=\"https:\/\/franciscanos.org.br\/noticias\/wp-content\/uploads\/2022\/07\/segundo_0107_6.jpg 1280w, https:\/\/franciscanos.org.br\/noticias\/wp-content\/uploads\/2022\/07\/segundo_0107_6-450x300.jpg 450w, https:\/\/franciscanos.org.br\/noticias\/wp-content\/uploads\/2022\/07\/segundo_0107_6-1024x682.jpg 1024w, https:\/\/franciscanos.org.br\/noticias\/wp-content\/uploads\/2022\/07\/segundo_0107_6-768x512.jpg 768w, https:\/\/franciscanos.org.br\/noticias\/wp-content\/uploads\/2022\/07\/segundo_0107_6-150x100.jpg 150w\" sizes=\"(max-width: 1280px) 100vw, 1280px\" \/><\/p>\n<p>Segundo o celebrante, tem pessoas nessa vida que a gente sente a presen\u00e7a de Deus, a presen\u00e7a de Jesus Cristo, como se ouviu na segunda leitura de hoje. \u201cCorn\u00e9lio se prostra em adora\u00e7\u00e3o a Pedro, justamente n\u00e3o porque \u00e9 Pedro, mas porque ele via em Pedro Jesus Cristo. Ele se encantou por Deus por meio de Jesus Cristo\u201d, recordou.<\/p>\n<p>Falando sobre o tema que cita Francisco, lembrou que o Pobrezinho de Assis tamb\u00e9m se encantou por Deus e pelos pobres e sofredores. \u201cTem aquela famosa frase quando ele beija um leproso: \u2018Antes, o que era amargo se converteu em do\u00e7ura\u2019, porque ali estava beijando o pr\u00f3prio rosto de Cristo\u201d, disse o frade.<\/p>\n<p>\u201cEste \u00e9 S\u00e3o Francisco. E quem s\u00e3o os pobres e sofredores de hoje? Podemos dar v\u00e1rios exemplos, mas talvez o exemplo mais forte est\u00e1 na primeira leitura. Am\u00f3s diz bem assim: \u2018Eis que vir\u00e3o dias, diz o Senhor, em que enviarei fome sobre a terra. N\u00e3o fome de p\u00e3o, nem sede de \u00e1gua, mas de ouvir a Palavra do Senhor. Os homens vaguear\u00e3o do Norte para o Oriente em busca da Palavra do Senhor, mas n\u00e3o a encontrar\u00e3o\u2019. Hoje, a pior fome \u00e9 a fome de Deus, porque quem morre com fome de Deus n\u00e3o encontra a vida eterna. Tantas pessoas neste mundo est\u00e3o desorientadas porque est\u00e3o passando fome de Deus\u201d, destacou.<\/p>\n<p><img loading=\"lazy\" class=\"alignnone size-full wp-image-238820\" src=\"https:\/\/franciscanos.org.br\/noticias\/wp-content\/uploads\/2022\/07\/segundo_0107_4.jpg\" alt=\"\" width=\"1200\" height=\"800\" srcset=\"https:\/\/franciscanos.org.br\/noticias\/wp-content\/uploads\/2022\/07\/segundo_0107_4.jpg 1200w, https:\/\/franciscanos.org.br\/noticias\/wp-content\/uploads\/2022\/07\/segundo_0107_4-450x300.jpg 450w, https:\/\/franciscanos.org.br\/noticias\/wp-content\/uploads\/2022\/07\/segundo_0107_4-1024x683.jpg 1024w, https:\/\/franciscanos.org.br\/noticias\/wp-content\/uploads\/2022\/07\/segundo_0107_4-768x512.jpg 768w, https:\/\/franciscanos.org.br\/noticias\/wp-content\/uploads\/2022\/07\/segundo_0107_4-150x100.jpg 150w\" sizes=\"(max-width: 1200px) 100vw, 1200px\" \/><\/p>\n<p>Segundo o frade, acolher os pobres e sofredores \u00e9 acolher essas pessoas que t\u00eam fome de Deus, que est\u00e3o totalmente desorientadas e perdidas. \u201cNeste gesto que Francisco fez de acolher o pobre e o sofredor, tamb\u00e9m hoje somos convidados a olhar para esses famintos e sedentos de Deus\u201d, disse.<\/p>\n<p>\u201cQue possamos, a partir das leituras que ouvimos e deste belo tema do dia, fazer umas perguntas: O que nos encanta na Igreja? Porque s\u00f3 a partir desse encantamento saberemos qual \u00e9 a nossa miss\u00e3o dentro dela. Ao olhar para esta Festa, para este tr\u00edduo, para esta celebra\u00e7\u00e3o t\u00e3o bem preparada, o que me encanta? O que me faz caminhar com a Igreja? Ao olhar para esta cidade de Gaspar, t\u00e3o bonita, quando a gente sai e v\u00ea esse rio maravilhoso, a gente fica encantado com esse cart\u00e3o postal da cidade. O que me encanta e que me faz ser mission\u00e1rio desta beleza que me encantou? Esta \u00e9 a experi\u00eancia de Deus, esta foi a experi\u00eancia de Mateus, esta foi a experi\u00eancia de Pedro, foi a experi\u00eancia de Francisco e pode ser a experi\u00eancia de todos n\u00f3s. O que me encanta e o que me leva a ser mission\u00e1rio a partir deste encantamento com a beleza de Deus?\u201d, concluiu Frei Jhones, deixando esses questionamentos.<\/p>\n<p><img loading=\"lazy\" class=\"alignnone size-full wp-image-238821\" src=\"https:\/\/franciscanos.org.br\/noticias\/wp-content\/uploads\/2022\/07\/segundo_0107_7.jpg\" alt=\"\" width=\"1280\" height=\"853\" srcset=\"https:\/\/franciscanos.org.br\/noticias\/wp-content\/uploads\/2022\/07\/segundo_0107_7.jpg 1280w, https:\/\/franciscanos.org.br\/noticias\/wp-content\/uploads\/2022\/07\/segundo_0107_7-450x300.jpg 450w, https:\/\/franciscanos.org.br\/noticias\/wp-content\/uploads\/2022\/07\/segundo_0107_7-1024x682.jpg 1024w, https:\/\/franciscanos.org.br\/noticias\/wp-content\/uploads\/2022\/07\/segundo_0107_7-768x512.jpg 768w, https:\/\/franciscanos.org.br\/noticias\/wp-content\/uploads\/2022\/07\/segundo_0107_7-150x100.jpg 150w\" sizes=\"(max-width: 1280px) 100vw, 1280px\" \/><\/p>\n<p>Neste s\u00e1bado, dia 2 de julho, a programa\u00e7\u00e3o religiosa come\u00e7a \u00e0s 16h com a Santa Missa da Catequese Paroquial e, \u00e0s 19h, o encerramento do Tr\u00edduo de S\u00e3o Pedro, com o tema \u201cPedro funda a igreja dos irm\u00e3os que partilhavam tudo entre si. Francisco deixa o legado da pobreza a todos os irm\u00e3os\u201d.<\/p>\n<p>Na festa popular, a programa\u00e7\u00e3o come\u00e7a cedo. Quem quiser tomar o caf\u00e9 da manh\u00e3 saboreando as del\u00edcias da festa, pode comparecer ao Sal\u00e3o Cristo Rei a partir das 8h. Haver\u00e1 venda de sonho, bolo, pastel e caf\u00e9. J\u00e1 \u00e0s 11h, o tradicional churrasco e o completo servi\u00e7o de bar e cozinha come\u00e7am a ser vendidos. \u00c0s 17h, junta-se \u00a0ao churrasco a roda da fortuna, pescaria, pinh\u00e3o e bingo. E \u00e0s 20h, come\u00e7a a roda dos animais.<\/p>\n<h3><strong>UM DIA DE MUITO SABOR<\/strong><\/h3>\n\n\t\t<style type=\"text\/css\">\n\t\t\t#gallery-1 {\n\t\t\t\tmargin: auto;\n\t\t\t}\n\t\t\t#gallery-1 .gallery-item {\n\t\t\t\tfloat: left;\n\t\t\t\tmargin-top: 10px;\n\t\t\t\ttext-align: center;\n\t\t\t\twidth: 12%;\n\t\t\t}\n\t\t\t#gallery-1 img {\n\t\t\t\tborder: 2px solid #cfcfcf;\n\t\t\t}\n\t\t\t#gallery-1 .gallery-caption {\n\t\t\t\tmargin-left: 0;\n\t\t\t}\n\t\t\t\/* see gallery_shortcode() in wp-includes\/media.php *\/\n\t\t<\/style>\n\t\t<div id='gallery-1' class='gallery galleryid-238815 gallery-columns-8 gallery-size-thumbnail'><dl class='gallery-item'>\n\t\t\t<dt class='gallery-icon landscape'>\n\t\t\t\t<a href='https:\/\/franciscanos.org.br\/noticias\/wp-content\/uploads\/2022\/07\/segundo_01.jpg'><img width=\"300\" height=\"300\" src=\"https:\/\/franciscanos.org.br\/noticias\/wp-content\/uploads\/2022\/07\/segundo_01-300x300.jpg\" class=\"attachment-thumbnail size-thumbnail\" alt=\"\" loading=\"lazy\" srcset=\"https:\/\/franciscanos.org.br\/noticias\/wp-content\/uploads\/2022\/07\/segundo_01-300x300.jpg 300w, https:\/\/franciscanos.org.br\/noticias\/wp-content\/uploads\/2022\/07\/segundo_01-100x100.jpg 100w\" sizes=\"(max-width: 300px) 100vw, 300px\" \/><\/a>\n\t\t\t<\/dt><\/dl><dl class='gallery-item'>\n\t\t\t<dt class='gallery-icon landscape'>\n\t\t\t\t<a href='https:\/\/franciscanos.org.br\/noticias\/wp-content\/uploads\/2022\/07\/segundo_02.jpg'><img width=\"300\" height=\"300\" src=\"https:\/\/franciscanos.org.br\/noticias\/wp-content\/uploads\/2022\/07\/segundo_02-300x300.jpg\" class=\"attachment-thumbnail size-thumbnail\" alt=\"\" loading=\"lazy\" srcset=\"https:\/\/franciscanos.org.br\/noticias\/wp-content\/uploads\/2022\/07\/segundo_02-300x300.jpg 300w, https:\/\/franciscanos.org.br\/noticias\/wp-content\/uploads\/2022\/07\/segundo_02-100x100.jpg 100w\" sizes=\"(max-width: 300px) 100vw, 300px\" \/><\/a>\n\t\t\t<\/dt><\/dl><dl class='gallery-item'>\n\t\t\t<dt class='gallery-icon landscape'>\n\t\t\t\t<a href='https:\/\/franciscanos.org.br\/noticias\/wp-content\/uploads\/2022\/07\/segundo_03.jpg'><img width=\"300\" height=\"300\" src=\"https:\/\/franciscanos.org.br\/noticias\/wp-content\/uploads\/2022\/07\/segundo_03-300x300.jpg\" class=\"attachment-thumbnail size-thumbnail\" alt=\"\" loading=\"lazy\" srcset=\"https:\/\/franciscanos.org.br\/noticias\/wp-content\/uploads\/2022\/07\/segundo_03-300x300.jpg 300w, https:\/\/franciscanos.org.br\/noticias\/wp-content\/uploads\/2022\/07\/segundo_03-100x100.jpg 100w\" sizes=\"(max-width: 300px) 100vw, 300px\" \/><\/a>\n\t\t\t<\/dt><\/dl><dl class='gallery-item'>\n\t\t\t<dt class='gallery-icon landscape'>\n\t\t\t\t<a href='https:\/\/franciscanos.org.br\/noticias\/wp-content\/uploads\/2022\/07\/segundo_04.jpg'><img width=\"300\" height=\"300\" src=\"https:\/\/franciscanos.org.br\/noticias\/wp-content\/uploads\/2022\/07\/segundo_04-300x300.jpg\" class=\"attachment-thumbnail size-thumbnail\" alt=\"\" loading=\"lazy\" srcset=\"https:\/\/franciscanos.org.br\/noticias\/wp-content\/uploads\/2022\/07\/segundo_04-300x300.jpg 300w, https:\/\/franciscanos.org.br\/noticias\/wp-content\/uploads\/2022\/07\/segundo_04-100x100.jpg 100w\" sizes=\"(max-width: 300px) 100vw, 300px\" \/><\/a>\n\t\t\t<\/dt><\/dl><dl class='gallery-item'>\n\t\t\t<dt class='gallery-icon landscape'>\n\t\t\t\t<a href='https:\/\/franciscanos.org.br\/noticias\/wp-content\/uploads\/2022\/07\/segundo_05.jpg'><img width=\"300\" height=\"300\" src=\"https:\/\/franciscanos.org.br\/noticias\/wp-content\/uploads\/2022\/07\/segundo_05-300x300.jpg\" class=\"attachment-thumbnail size-thumbnail\" alt=\"\" loading=\"lazy\" srcset=\"https:\/\/franciscanos.org.br\/noticias\/wp-content\/uploads\/2022\/07\/segundo_05-300x300.jpg 300w, https:\/\/franciscanos.org.br\/noticias\/wp-content\/uploads\/2022\/07\/segundo_05-100x100.jpg 100w\" sizes=\"(max-width: 300px) 100vw, 300px\" \/><\/a>\n\t\t\t<\/dt><\/dl><dl class='gallery-item'>\n\t\t\t<dt class='gallery-icon landscape'>\n\t\t\t\t<a href='https:\/\/franciscanos.org.br\/noticias\/wp-content\/uploads\/2022\/07\/segundo_06.jpg'><img width=\"300\" height=\"300\" src=\"https:\/\/franciscanos.org.br\/noticias\/wp-content\/uploads\/2022\/07\/segundo_06-300x300.jpg\" class=\"attachment-thumbnail size-thumbnail\" alt=\"\" loading=\"lazy\" srcset=\"https:\/\/franciscanos.org.br\/noticias\/wp-content\/uploads\/2022\/07\/segundo_06-300x300.jpg 300w, https:\/\/franciscanos.org.br\/noticias\/wp-content\/uploads\/2022\/07\/segundo_06-100x100.jpg 100w\" sizes=\"(max-width: 300px) 100vw, 300px\" \/><\/a>\n\t\t\t<\/dt><\/dl><dl class='gallery-item'>\n\t\t\t<dt class='gallery-icon landscape'>\n\t\t\t\t<a href='https:\/\/franciscanos.org.br\/noticias\/wp-content\/uploads\/2022\/07\/segundo_07.jpg'><img width=\"300\" height=\"300\" src=\"https:\/\/franciscanos.org.br\/noticias\/wp-content\/uploads\/2022\/07\/segundo_07-300x300.jpg\" class=\"attachment-thumbnail size-thumbnail\" alt=\"\" loading=\"lazy\" srcset=\"https:\/\/franciscanos.org.br\/noticias\/wp-content\/uploads\/2022\/07\/segundo_07-300x300.jpg 300w, https:\/\/franciscanos.org.br\/noticias\/wp-content\/uploads\/2022\/07\/segundo_07-100x100.jpg 100w\" sizes=\"(max-width: 300px) 100vw, 300px\" \/><\/a>\n\t\t\t<\/dt><\/dl><dl class='gallery-item'>\n\t\t\t<dt class='gallery-icon landscape'>\n\t\t\t\t<a href='https:\/\/franciscanos.org.br\/noticias\/wp-content\/uploads\/2022\/07\/segundo_08.jpg'><img width=\"300\" height=\"300\" src=\"https:\/\/franciscanos.org.br\/noticias\/wp-content\/uploads\/2022\/07\/segundo_08-300x300.jpg\" class=\"attachment-thumbnail size-thumbnail\" alt=\"\" loading=\"lazy\" srcset=\"https:\/\/franciscanos.org.br\/noticias\/wp-content\/uploads\/2022\/07\/segundo_08-300x300.jpg 300w, https:\/\/franciscanos.org.br\/noticias\/wp-content\/uploads\/2022\/07\/segundo_08-100x100.jpg 100w\" sizes=\"(max-width: 300px) 100vw, 300px\" \/><\/a>\n\t\t\t<\/dt><\/dl><br style=\"clear: both\" \/>\n\t\t<\/div>\n\n<p><em>\u00a0 \u00a0 \u00a0 \u00a0 \u00a0 \u00a0 \u00a0 \u00a0 \u00a0 \u00a0 \u00a0 \u00a0 \u00a0 \u00a0 \u00a0 \u00a0 \u00a0 \u00a0 \u00a0 \u00a0 \u00a0 \u00a0 \u00a0 \u00a0 \u00a0 \u00a0 \u00a0 \u00a0 \u00a0 \u00a0 \u00a0 \u00a0 \u00a0(toque nas imagens para ampli\u00e1-las)<\/em><\/p>\n<p>O povo estava com saudades de saborear os \u201cqueridinhos\u201d da Festa de S\u00e3o Pedro Ap\u00f3stolo: pastel, bolo e sonho. O resultado foram as filas: Fila para comprar os tickets, fila para o pastel, fila para bolo, cuca e fila para o sonho. Mas tinha muito quent\u00e3o e vinho quente para compensar o frio e o cachorro quente n\u00e3o faltou.<\/p>\n<p>Um aspecto muito importante desta festa \u00e9 a dedica\u00e7\u00e3o e a qualidade com que os produtos s\u00e3o preparados. Por exemplo, o cachorro-quente. Por aqui, n\u00e3o basta milho verde, batata palha ou pur\u00ea de batata como \u00e9 comum na maioria das cidades brasileiras. S\u00f3 tem sa\u00edda o verdadeiro cachorro-quente alem\u00e3o.<\/p>\n<p>A teoria mais comum \u00e9 que o sandu\u00edche nasceu no s\u00e9culo XIX, na Alemanha, quando um a\u00e7ougueiro e produtor de lingui\u00e7as, Johann Georghehner, batizou a receita em homenagem a seu c\u00e3ozinho da ra\u00e7a Basset. Mas esse lanche ganhou notoriedade nos Estados Unidos. No sul do Brasil, contudo, diz-se que o verdadeiro cachorro-quente alem\u00e3o \u00e9 aquele que \u00e9 acompanhado com chucrute e molho de tomate.<\/p>\n<div id=\"attachment_238830\" style=\"width: 1210px\" class=\"wp-caption alignnone\"><img aria-describedby=\"caption-attachment-238830\" loading=\"lazy\" class=\"wp-image-238830 size-full\" src=\"https:\/\/franciscanos.org.br\/noticias\/wp-content\/uploads\/2022\/07\/segundo_0107.jpg\" alt=\"\" width=\"1200\" height=\"780\" srcset=\"https:\/\/franciscanos.org.br\/noticias\/wp-content\/uploads\/2022\/07\/segundo_0107.jpg 1200w, https:\/\/franciscanos.org.br\/noticias\/wp-content\/uploads\/2022\/07\/segundo_0107-450x293.jpg 450w, https:\/\/franciscanos.org.br\/noticias\/wp-content\/uploads\/2022\/07\/segundo_0107-1024x666.jpg 1024w, https:\/\/franciscanos.org.br\/noticias\/wp-content\/uploads\/2022\/07\/segundo_0107-768x499.jpg 768w, https:\/\/franciscanos.org.br\/noticias\/wp-content\/uploads\/2022\/07\/segundo_0107-150x98.jpg 150w\" sizes=\"(max-width: 1200px) 100vw, 1200px\" \/><p id=\"caption-attachment-238830\" class=\"wp-caption-text\"><em>Da esq. par direita: D. Olga, D. Alma e D. Ema, o trio do cachorro quente.<\/em><\/p><\/div>\n<p>Nesta festa, contudo, esse pr\u00e1tico, r\u00e1pido e delicioso lanche \u00e9 feito por uma fam\u00edlia de italianos, naturais da vizinha Rodeio. As irm\u00e3s Ema e Alma Marchi, 80 e 77 anos respectivamente, t\u00eam a ajuda do sobrinho Valtair Marchi para prepararem o verdadeiro chucrute. Na bagagem dessa dupla, uma experi\u00eancia de 30 anos de dedica\u00e7\u00e3o \u00e0 festa. Ema fala com saudade da irm\u00e3 Ignez que faleceu h\u00e1 5 anos e durante mais de 20 anos formaram um trio. \u201cEla faleceu durante a consagra\u00e7\u00e3o da Missa. Morreu feliz\u201d, recorda.<\/p>\n<p>Hoje, as irm\u00e3s t\u00eam a ajuda de Olga Schramm para manter a originalidade do cachorro quente da Festa. \u00a0&#8220;Tudo tem que ser original. Tudo \u00e9 preparado, como o molho de tomate, o \u00a0chucrute. J\u00e1 me disseram para usar o molho de tomate pronto, mas prezamos pela qualidade e pela originalidade&#8221;, explicou. \u00a0Elas n\u00e3o se cansam e atravessam o dia at\u00e9 o \u00faltimo cliente. \u201cDepois da festa temos tempo para descansar\u201d, garante Emma.<\/p>\n<hr \/>\n<p><em>Comunica\u00e7\u00e3o da Prov\u00edncia da Imaculada Concei\u00e7\u00e3o e Jo\u00e3o Guilherme Simon<\/em><\/p>\n<p><img loading=\"lazy\" class=\"alignnone size-full wp-image-238831\" src=\"https:\/\/franciscanos.org.br\/noticias\/wp-content\/uploads\/2022\/07\/segundo_0107_1.jpg\" alt=\"\" width=\"1200\" height=\"800\" srcset=\"https:\/\/franciscanos.org.br\/noticias\/wp-content\/uploads\/2022\/07\/segundo_0107_1.jpg 1200w, https:\/\/franciscanos.org.br\/noticias\/wp-content\/uploads\/2022\/07\/segundo_0107_1-450x300.jpg 450w, https:\/\/franciscanos.org.br\/noticias\/wp-content\/uploads\/2022\/07\/segundo_0107_1-1024x683.jpg 1024w, https:\/\/franciscanos.org.br\/noticias\/wp-content\/uploads\/2022\/07\/segundo_0107_1-768x512.jpg 768w, https:\/\/franciscanos.org.br\/noticias\/wp-content\/uploads\/2022\/07\/segundo_0107_1-150x100.jpg 150w\" sizes=\"(max-width: 1200px) 100vw, 1200px\" \/><\/p>\n","protected":false},"excerpt":{"rendered":"<p>172\u00aa Festa de S\u00e3o Pedro Ap\u00f3stolo de Gaspar <\/p>\n","protected":false},"author":3,"featured_media":238816,"comment_status":"open","ping_status":"open","sticky":false,"template":"","format":"standard","meta":[],"categories":[1],"tags":[2040],"acf":[],"yoast_head":"<!-- This site is optimized with the Yoast SEO plugin v19.2 - https:\/\/yoast.com\/wordpress\/plugins\/seo\/ -->\n<title>Segundo dia do Tr\u00edduo: O convite de Frei Jhones para se encantar por Deus - Not\u00edcias - Franciscanos<\/title>\n<meta name=\"robots\" content=\"index, follow, max-snippet:-1, max-image-preview:large, max-video-preview:-1\" \/>\n<link rel=\"canonical\" href=\"https:\/\/franciscanos.org.br\/noticias\/segundo-dia-do-triduo-o-convite-de-frei-jhones-para-se-encantar-por-deus.html\" \/>\n<meta property=\"og:locale\" content=\"pt_BR\" \/>\n<meta property=\"og:type\" content=\"article\" \/>\n<meta property=\"og:title\" content=\"Segundo dia do Tr\u00edduo: O convite de Frei Jhones para se encantar por Deus - Not\u00edcias - Franciscanos\" \/>\n<meta property=\"og:description\" content=\"172\u00aa Festa de S\u00e3o Pedro Ap\u00f3stolo de Gaspar\" \/>\n<meta property=\"og:url\" content=\"https:\/\/franciscanos.org.br\/noticias\/segundo-dia-do-triduo-o-convite-de-frei-jhones-para-se-encantar-por-deus.html\" \/>\n<meta property=\"og:site_name\" content=\"Not\u00edcias - Franciscanos\" \/>\n<meta property=\"article:published_time\" content=\"2022-07-02T02:12:43+00:00\" \/>\n<meta property=\"article:modified_time\" content=\"2023-01-03T16:37:15+00:00\" \/>\n<meta property=\"og:image\" content=\"https:\/\/franciscanos.org.br\/noticias\/wp-content\/uploads\/2022\/07\/segundo_0107_5.jpg\" \/>\n\t<meta property=\"og:image:width\" content=\"1280\" \/>\n\t<meta property=\"og:image:height\" content=\"720\" \/>\n\t<meta property=\"og:image:type\" content=\"image\/jpeg\" \/>\n<meta name=\"author\" content=\"moacir\" \/>\n<meta name=\"twitter:card\" content=\"summary_large_image\" \/>\n<meta name=\"twitter:label1\" content=\"Escrito por\" \/>\n\t<meta name=\"twitter:data1\" content=\"moacir\" \/>\n\t<meta name=\"twitter:label2\" content=\"Est. tempo de leitura\" \/>\n\t<meta name=\"twitter:data2\" content=\"8 minutos\" \/>\n<script type=\"application\/ld+json\" class=\"yoast-schema-graph\">{\"@context\":\"https:\/\/schema.org\",\"@graph\":[{\"@type\":\"WebSite\",\"@id\":\"https:\/\/franciscanos.org.br\/noticias\/#website\",\"url\":\"https:\/\/franciscanos.org.br\/noticias\/\",\"name\":\"Not\u00edcias - Franciscanos\",\"description\":\"Prov\u00edncia Franciscana da Imaculada Concei\u00e7\u00e3o do Brasil - Ordem dos Frades Menores - OFM\",\"potentialAction\":[{\"@type\":\"SearchAction\",\"target\":{\"@type\":\"EntryPoint\",\"urlTemplate\":\"https:\/\/franciscanos.org.br\/noticias\/?s={search_term_string}\"},\"query-input\":\"required name=search_term_string\"}],\"inLanguage\":\"pt-BR\"},{\"@type\":\"ImageObject\",\"inLanguage\":\"pt-BR\",\"@id\":\"https:\/\/franciscanos.org.br\/noticias\/segundo-dia-do-triduo-o-convite-de-frei-jhones-para-se-encantar-por-deus.html#primaryimage\",\"url\":\"https:\/\/franciscanos.org.br\/noticias\/wp-content\/uploads\/2022\/07\/segundo_0107_5.jpg\",\"contentUrl\":\"https:\/\/franciscanos.org.br\/noticias\/wp-content\/uploads\/2022\/07\/segundo_0107_5.jpg\",\"width\":1280,\"height\":720},{\"@type\":\"WebPage\",\"@id\":\"https:\/\/franciscanos.org.br\/noticias\/segundo-dia-do-triduo-o-convite-de-frei-jhones-para-se-encantar-por-deus.html#webpage\",\"url\":\"https:\/\/franciscanos.org.br\/noticias\/segundo-dia-do-triduo-o-convite-de-frei-jhones-para-se-encantar-por-deus.html\",\"name\":\"Segundo dia do Tr\u00edduo: O convite de Frei Jhones para se encantar por Deus - Not\u00edcias - Franciscanos\",\"isPartOf\":{\"@id\":\"https:\/\/franciscanos.org.br\/noticias\/#website\"},\"primaryImageOfPage\":{\"@id\":\"https:\/\/franciscanos.org.br\/noticias\/segundo-dia-do-triduo-o-convite-de-frei-jhones-para-se-encantar-por-deus.html#primaryimage\"},\"datePublished\":\"2022-07-02T02:12:43+00:00\",\"dateModified\":\"2023-01-03T16:37:15+00:00\",\"author\":{\"@id\":\"https:\/\/franciscanos.org.br\/noticias\/#\/schema\/person\/b5c8cba458c330ccff548b056e95a5d4\"},\"breadcrumb\":{\"@id\":\"https:\/\/franciscanos.org.br\/noticias\/segundo-dia-do-triduo-o-convite-de-frei-jhones-para-se-encantar-por-deus.html#breadcrumb\"},\"inLanguage\":\"pt-BR\",\"potentialAction\":[{\"@type\":\"ReadAction\",\"target\":[\"https:\/\/franciscanos.org.br\/noticias\/segundo-dia-do-triduo-o-convite-de-frei-jhones-para-se-encantar-por-deus.html\"]}]},{\"@type\":\"BreadcrumbList\",\"@id\":\"https:\/\/franciscanos.org.br\/noticias\/segundo-dia-do-triduo-o-convite-de-frei-jhones-para-se-encantar-por-deus.html#breadcrumb\",\"itemListElement\":[{\"@type\":\"ListItem\",\"position\":1,\"name\":\"Home\",\"item\":\"https:\/\/franciscanos.org.br\/noticias\"},{\"@type\":\"ListItem\",\"position\":2,\"name\":\"Segundo dia do Tr\u00edduo: O convite de Frei Jhones para se encantar por Deus\"}]},{\"@type\":\"Person\",\"@id\":\"https:\/\/franciscanos.org.br\/noticias\/#\/schema\/person\/b5c8cba458c330ccff548b056e95a5d4\",\"name\":\"moacir\",\"image\":{\"@type\":\"ImageObject\",\"inLanguage\":\"pt-BR\",\"@id\":\"https:\/\/franciscanos.org.br\/noticias\/#\/schema\/person\/image\/\",\"url\":\"https:\/\/secure.gravatar.com\/avatar\/d08aa2ce4c8dd416d4479aa8536fcf64?s=96&d=mm&r=g\",\"contentUrl\":\"https:\/\/secure.gravatar.com\/avatar\/d08aa2ce4c8dd416d4479aa8536fcf64?s=96&d=mm&r=g\",\"caption\":\"moacir\"},\"url\":\"https:\/\/franciscanos.org.br\/noticias\/author\/moacir\"}]}<\/script>\n<!-- \/ Yoast SEO plugin. -->","yoast_head_json":{"title":"Segundo dia do Tr\u00edduo: O convite de Frei Jhones para se encantar por Deus - Not\u00edcias - Franciscanos","robots":{"index":"index","follow":"follow","max-snippet":"max-snippet:-1","max-image-preview":"max-image-preview:large","max-video-preview":"max-video-preview:-1"},"canonical":"https:\/\/franciscanos.org.br\/noticias\/segundo-dia-do-triduo-o-convite-de-frei-jhones-para-se-encantar-por-deus.html","og_locale":"pt_BR","og_type":"article","og_title":"Segundo dia do Tr\u00edduo: O convite de Frei Jhones para se encantar por Deus - Not\u00edcias - Franciscanos","og_description":"172\u00aa Festa de S\u00e3o Pedro Ap\u00f3stolo de Gaspar","og_url":"https:\/\/franciscanos.org.br\/noticias\/segundo-dia-do-triduo-o-convite-de-frei-jhones-para-se-encantar-por-deus.html","og_site_name":"Not\u00edcias - Franciscanos","article_published_time":"2022-07-02T02:12:43+00:00","article_modified_time":"2023-01-03T16:37:15+00:00","og_image":[{"width":1280,"height":720,"url":"https:\/\/franciscanos.org.br\/noticias\/wp-content\/uploads\/2022\/07\/segundo_0107_5.jpg","type":"image\/jpeg"}],"author":"moacir","twitter_card":"summary_large_image","twitter_misc":{"Escrito por":"moacir","Est. tempo de leitura":"8 minutos"},"schema":{"@context":"https:\/\/schema.org","@graph":[{"@type":"WebSite","@id":"https:\/\/franciscanos.org.br\/noticias\/#website","url":"https:\/\/franciscanos.org.br\/noticias\/","name":"Not\u00edcias - Franciscanos","description":"Prov\u00edncia Franciscana da Imaculada Concei\u00e7\u00e3o do Brasil - Ordem dos Frades Menores - OFM","potentialAction":[{"@type":"SearchAction","target":{"@type":"EntryPoint","urlTemplate":"https:\/\/franciscanos.org.br\/noticias\/?s={search_term_string}"},"query-input":"required name=search_term_string"}],"inLanguage":"pt-BR"},{"@type":"ImageObject","inLanguage":"pt-BR","@id":"https:\/\/franciscanos.org.br\/noticias\/segundo-dia-do-triduo-o-convite-de-frei-jhones-para-se-encantar-por-deus.html#primaryimage","url":"https:\/\/franciscanos.org.br\/noticias\/wp-content\/uploads\/2022\/07\/segundo_0107_5.jpg","contentUrl":"https:\/\/franciscanos.org.br\/noticias\/wp-content\/uploads\/2022\/07\/segundo_0107_5.jpg","width":1280,"height":720},{"@type":"WebPage","@id":"https:\/\/franciscanos.org.br\/noticias\/segundo-dia-do-triduo-o-convite-de-frei-jhones-para-se-encantar-por-deus.html#webpage","url":"https:\/\/franciscanos.org.br\/noticias\/segundo-dia-do-triduo-o-convite-de-frei-jhones-para-se-encantar-por-deus.html","name":"Segundo dia do Tr\u00edduo: O convite de Frei Jhones para se encantar por Deus - Not\u00edcias - Franciscanos","isPartOf":{"@id":"https:\/\/franciscanos.org.br\/noticias\/#website"},"primaryImageOfPage":{"@id":"https:\/\/franciscanos.org.br\/noticias\/segundo-dia-do-triduo-o-convite-de-frei-jhones-para-se-encantar-por-deus.html#primaryimage"},"datePublished":"2022-07-02T02:12:43+00:00","dateModified":"2023-01-03T16:37:15+00:00","author":{"@id":"https:\/\/franciscanos.org.br\/noticias\/#\/schema\/person\/b5c8cba458c330ccff548b056e95a5d4"},"breadcrumb":{"@id":"https:\/\/franciscanos.org.br\/noticias\/segundo-dia-do-triduo-o-convite-de-frei-jhones-para-se-encantar-por-deus.html#breadcrumb"},"inLanguage":"pt-BR","potentialAction":[{"@type":"ReadAction","target":["https:\/\/franciscanos.org.br\/noticias\/segundo-dia-do-triduo-o-convite-de-frei-jhones-para-se-encantar-por-deus.html"]}]},{"@type":"BreadcrumbList","@id":"https:\/\/franciscanos.org.br\/noticias\/segundo-dia-do-triduo-o-convite-de-frei-jhones-para-se-encantar-por-deus.html#breadcrumb","itemListElement":[{"@type":"ListItem","position":1,"name":"Home","item":"https:\/\/franciscanos.org.br\/noticias"},{"@type":"ListItem","position":2,"name":"Segundo dia do Tr\u00edduo: O convite de Frei Jhones para se encantar por Deus"}]},{"@type":"Person","@id":"https:\/\/franciscanos.org.br\/noticias\/#\/schema\/person\/b5c8cba458c330ccff548b056e95a5d4","name":"moacir","image":{"@type":"ImageObject","inLanguage":"pt-BR","@id":"https:\/\/franciscanos.org.br\/noticias\/#\/schema\/person\/image\/","url":"https:\/\/secure.gravatar.com\/avatar\/d08aa2ce4c8dd416d4479aa8536fcf64?s=96&d=mm&r=g","contentUrl":"https:\/\/secure.gravatar.com\/avatar\/d08aa2ce4c8dd416d4479aa8536fcf64?s=96&d=mm&r=g","caption":"moacir"},"url":"https:\/\/franciscanos.org.br\/noticias\/author\/moacir"}]}},"_links":{"self":[{"href":"https:\/\/franciscanos.org.br\/noticias\/wp-json\/wp\/v2\/posts\/238815"}],"collection":[{"href":"https:\/\/franciscanos.org.br\/noticias\/wp-json\/wp\/v2\/posts"}],"about":[{"href":"https:\/\/franciscanos.org.br\/noticias\/wp-json\/wp\/v2\/types\/post"}],"author":[{"embeddable":true,"href":"https:\/\/franciscanos.org.br\/noticias\/wp-json\/wp\/v2\/users\/3"}],"replies":[{"embeddable":true,"href":"https:\/\/franciscanos.org.br\/noticias\/wp-json\/wp\/v2\/comments?post=238815"}],"version-history":[{"count":5,"href":"https:\/\/franciscanos.org.br\/noticias\/wp-json\/wp\/v2\/posts\/238815\/revisions"}],"predecessor-version":[{"id":241497,"href":"https:\/\/franciscanos.org.br\/noticias\/wp-json\/wp\/v2\/posts\/238815\/revisions\/241497"}],"wp:featuredmedia":[{"embeddable":true,"href":"https:\/\/franciscanos.org.br\/noticias\/wp-json\/wp\/v2\/media\/238816"}],"wp:attachment":[{"href":"https:\/\/franciscanos.org.br\/noticias\/wp-json\/wp\/v2\/media?parent=238815"}],"wp:term":[{"taxonomy":"category","embeddable":true,"href":"https:\/\/franciscanos.org.br\/noticias\/wp-json\/wp\/v2\/categories?post=238815"},{"taxonomy":"post_tag","embeddable":true,"href":"https:\/\/franciscanos.org.br\/noticias\/wp-json\/wp\/v2\/tags?post=238815"}],"curies":[{"name":"wp","href":"https:\/\/api.w.org\/{rel}","templated":true}]}}