{"id":238811,"date":"2022-07-01T17:24:30","date_gmt":"2022-07-01T20:24:30","guid":{"rendered":"https:\/\/franciscanos.org.br\/noticias\/?p=238811"},"modified":"2022-07-01T17:24:30","modified_gmt":"2022-07-01T20:24:30","slug":"frei-massimo-se-reune-com-os-novos-ministros-provinciais-e-custodios","status":"publish","type":"post","link":"https:\/\/franciscanos.org.br\/noticias\/frei-massimo-se-reune-com-os-novos-ministros-provinciais-e-custodios.html","title":{"rendered":"Frei Massimo se re\u00fane com os novos Ministros Provinciais e Cust\u00f3dios"},"content":{"rendered":"<p><img loading=\"lazy\" class=\"alignnone size-full wp-image-238812\" src=\"https:\/\/franciscanos.org.br\/noticias\/wp-content\/uploads\/2022\/07\/ofm_01.jpg\" alt=\"\" width=\"1200\" height=\"675\" srcset=\"https:\/\/franciscanos.org.br\/noticias\/wp-content\/uploads\/2022\/07\/ofm_01.jpg 1200w, https:\/\/franciscanos.org.br\/noticias\/wp-content\/uploads\/2022\/07\/ofm_01-450x253.jpg 450w, https:\/\/franciscanos.org.br\/noticias\/wp-content\/uploads\/2022\/07\/ofm_01-1024x576.jpg 1024w, https:\/\/franciscanos.org.br\/noticias\/wp-content\/uploads\/2022\/07\/ofm_01-768x432.jpg 768w, https:\/\/franciscanos.org.br\/noticias\/wp-content\/uploads\/2022\/07\/ofm_01-150x84.jpg 150w\" sizes=\"(max-width: 1200px) 100vw, 1200px\" \/><\/p>\n<p>\u201cA sabedoria do Esp\u00edrito amplia nossas fronteiras e nos ajuda a olhar para um horizonte mais amplo\u201d: s\u00e3o as palavras com as quais o Ministro Geral, Frei Massimo Fusarelli, abriu o encontro anual do Definit\u00f3rio com os Ministros e Cust\u00f3dios provinciais, eleitos em os \u00faltimos dois anos. \u201cIsso exige que amadure\u00e7amos, pessoalmente e com nossos irm\u00e3os, uma vis\u00e3o contemplativa da realidade, n\u00e3o apenas funcional e quase gerencial. Trata-se de exercer essa vigil\u00e2ncia crente que est\u00e1 no cora\u00e7\u00e3o da f\u00e9 crist\u00e3 e da nossa profiss\u00e3o de irm\u00e3os e menores\u201d.<\/p>\n<p>Tomando como ponto de partida os problemas e desafios que a Ordem enfrenta hoje, o Ministro convidou os participantes a ter um olhar de f\u00e9: \u201cAqui, em nossa vida e no servi\u00e7o de lavar os p\u00e9s de nossos irm\u00e3os, podemos descobrir a fonte de alegria de ser cada vez mais capaz de reconhecer o que o Senhor realizou entre n\u00f3s, em nossos irm\u00e3os e em nossas Fraternidades em diversos n\u00edveis\u201d.<\/p>\n<p>A interven\u00e7\u00e3o do Ministro foi seguida de um momento de perguntas e di\u00e1logo. Neste di\u00e1logo falaram da reestrutura\u00e7\u00e3o da Ordem, do crescimento e envelhecimento de algumas prov\u00edncias e da posi\u00e7\u00e3o de algumas entidades perante os desafios que a sociedade de hoje coloca \u00e0 Igreja.<\/p>\n<p>O primeiro dia de trabalho terminou com a Celebra\u00e7\u00e3o Eucar\u00edstica em que se celebrou o onom\u00e1stico do Ministro geral, presidida por Pe. Ignacio Ceja, Vig\u00e1rio Geral da Ordem. Durante sua homilia, o Vig\u00e1rio Geral destacou tr\u00eas aspectos importantes da vida dos ap\u00f3stolos Pedro e Paulo, que s\u00e3o de grande ajuda para os novos ministros: a f\u00e9 profunda no Senhor Jesus, a experi\u00eancia viva de ser Igreja e o dinamismo da miss\u00e3o evangelizadora.<\/p>\n<p><img loading=\"lazy\" class=\"alignnone size-full wp-image-238813\" src=\"https:\/\/franciscanos.org.br\/noticias\/wp-content\/uploads\/2022\/07\/ofm02.jpg\" alt=\"\" width=\"1024\" height=\"683\" srcset=\"https:\/\/franciscanos.org.br\/noticias\/wp-content\/uploads\/2022\/07\/ofm02.jpg 1024w, https:\/\/franciscanos.org.br\/noticias\/wp-content\/uploads\/2022\/07\/ofm02-450x300.jpg 450w, https:\/\/franciscanos.org.br\/noticias\/wp-content\/uploads\/2022\/07\/ofm02-768x512.jpg 768w, https:\/\/franciscanos.org.br\/noticias\/wp-content\/uploads\/2022\/07\/ofm02-150x100.jpg 150w\" sizes=\"(max-width: 1024px) 100vw, 1024px\" \/><\/p>\n<p>Nos dias seguintes, ser\u00e3o aprofundadas todas as \u00e1reas de servi\u00e7o dos frades, desde a forma\u00e7\u00e3o permanente e mission\u00e1ria at\u00e9 os escrit\u00f3rios de Justi\u00e7a, Paz e Integridade da Cria\u00e7\u00e3o, desde a gest\u00e3o financeira das fraternidades at\u00e9 o acompanhamento dos frades em dificuldade. No pr\u00f3ximo s\u00e1bado tamb\u00e9m est\u00e1 previsto um dia espiritual com uma peregrina\u00e7\u00e3o no Vale do Rieti.<\/p>\n<p>Da Confer\u00eancia do Brasil e Cone Sul participam o Ministro Provincial Frei Paulo Roberto Pereira, desta Prov\u00edncia da Imaculada Concei\u00e7\u00e3o; Frei Carlos Ant\u00f4nio da Silva Santos, da Prov\u00edncia do Sant\u00edssimo Nome de Jesus; Frei Fernando Aparecido dos Santos, da Cust\u00f3dia do Sagrado Cora\u00e7\u00e3o de Jesus; Frei Hilton de Souza, da Prov\u00edncia de Santa Cruz;\u00a0 Frei Rog\u00e9rio Viterbo de Sousa, da Cust\u00f3dia das Sete Alegrias de Nossa Senhora; e Frei Carlos Paz, da Prov\u00edncia Sant\u00edssima Trindade do Chile.<\/p>\n<hr \/>\n<p><em>Fonte: www.ofm.org<\/em><\/p>\n","protected":false},"excerpt":{"rendered":"<p>Ordem dos Frades Menores<\/p>\n","protected":false},"author":3,"featured_media":238812,"comment_status":"open","ping_status":"open","sticky":false,"template":"","format":"standard","meta":[],"categories":[1],"tags":[397],"acf":[],"yoast_head":"<!-- This site is optimized with the Yoast SEO plugin v19.2 - https:\/\/yoast.com\/wordpress\/plugins\/seo\/ -->\n<title>Frei Massimo se re\u00fane com os novos Ministros Provinciais e Cust\u00f3dios - Not\u00edcias - Franciscanos<\/title>\n<meta name=\"robots\" content=\"index, follow, max-snippet:-1, max-image-preview:large, max-video-preview:-1\" \/>\n<link rel=\"canonical\" href=\"https:\/\/franciscanos.org.br\/noticias\/frei-massimo-se-reune-com-os-novos-ministros-provinciais-e-custodios.html\" \/>\n<meta property=\"og:locale\" content=\"pt_BR\" \/>\n<meta property=\"og:type\" content=\"article\" \/>\n<meta property=\"og:title\" content=\"Frei Massimo se re\u00fane com os novos Ministros Provinciais e Cust\u00f3dios - Not\u00edcias - Franciscanos\" \/>\n<meta property=\"og:description\" content=\"Ordem dos Frades Menores\" \/>\n<meta property=\"og:url\" content=\"https:\/\/franciscanos.org.br\/noticias\/frei-massimo-se-reune-com-os-novos-ministros-provinciais-e-custodios.html\" \/>\n<meta property=\"og:site_name\" content=\"Not\u00edcias - Franciscanos\" \/>\n<meta property=\"article:published_time\" content=\"2022-07-01T20:24:30+00:00\" \/>\n<meta property=\"og:image\" content=\"https:\/\/franciscanos.org.br\/noticias\/wp-content\/uploads\/2022\/07\/ofm_01.jpg\" \/>\n\t<meta property=\"og:image:width\" content=\"1200\" \/>\n\t<meta property=\"og:image:height\" content=\"675\" \/>\n\t<meta property=\"og:image:type\" content=\"image\/jpeg\" \/>\n<meta name=\"author\" content=\"moacir\" \/>\n<meta name=\"twitter:card\" content=\"summary_large_image\" \/>\n<meta name=\"twitter:label1\" content=\"Escrito por\" \/>\n\t<meta name=\"twitter:data1\" content=\"moacir\" \/>\n\t<meta name=\"twitter:label2\" content=\"Est. tempo de leitura\" \/>\n\t<meta name=\"twitter:data2\" content=\"2 minutos\" \/>\n<script type=\"application\/ld+json\" class=\"yoast-schema-graph\">{\"@context\":\"https:\/\/schema.org\",\"@graph\":[{\"@type\":\"WebSite\",\"@id\":\"https:\/\/franciscanos.org.br\/noticias\/#website\",\"url\":\"https:\/\/franciscanos.org.br\/noticias\/\",\"name\":\"Not\u00edcias - Franciscanos\",\"description\":\"Prov\u00edncia Franciscana da Imaculada Concei\u00e7\u00e3o do Brasil - Ordem dos Frades Menores - OFM\",\"potentialAction\":[{\"@type\":\"SearchAction\",\"target\":{\"@type\":\"EntryPoint\",\"urlTemplate\":\"https:\/\/franciscanos.org.br\/noticias\/?s={search_term_string}\"},\"query-input\":\"required name=search_term_string\"}],\"inLanguage\":\"pt-BR\"},{\"@type\":\"ImageObject\",\"inLanguage\":\"pt-BR\",\"@id\":\"https:\/\/franciscanos.org.br\/noticias\/frei-massimo-se-reune-com-os-novos-ministros-provinciais-e-custodios.html#primaryimage\",\"url\":\"https:\/\/franciscanos.org.br\/noticias\/wp-content\/uploads\/2022\/07\/ofm_01.jpg\",\"contentUrl\":\"https:\/\/franciscanos.org.br\/noticias\/wp-content\/uploads\/2022\/07\/ofm_01.jpg\",\"width\":1200,\"height\":675},{\"@type\":\"WebPage\",\"@id\":\"https:\/\/franciscanos.org.br\/noticias\/frei-massimo-se-reune-com-os-novos-ministros-provinciais-e-custodios.html#webpage\",\"url\":\"https:\/\/franciscanos.org.br\/noticias\/frei-massimo-se-reune-com-os-novos-ministros-provinciais-e-custodios.html\",\"name\":\"Frei Massimo se re\u00fane com os novos Ministros Provinciais e Cust\u00f3dios - Not\u00edcias - Franciscanos\",\"isPartOf\":{\"@id\":\"https:\/\/franciscanos.org.br\/noticias\/#website\"},\"primaryImageOfPage\":{\"@id\":\"https:\/\/franciscanos.org.br\/noticias\/frei-massimo-se-reune-com-os-novos-ministros-provinciais-e-custodios.html#primaryimage\"},\"datePublished\":\"2022-07-01T20:24:30+00:00\",\"dateModified\":\"2022-07-01T20:24:30+00:00\",\"author\":{\"@id\":\"https:\/\/franciscanos.org.br\/noticias\/#\/schema\/person\/b5c8cba458c330ccff548b056e95a5d4\"},\"breadcrumb\":{\"@id\":\"https:\/\/franciscanos.org.br\/noticias\/frei-massimo-se-reune-com-os-novos-ministros-provinciais-e-custodios.html#breadcrumb\"},\"inLanguage\":\"pt-BR\",\"potentialAction\":[{\"@type\":\"ReadAction\",\"target\":[\"https:\/\/franciscanos.org.br\/noticias\/frei-massimo-se-reune-com-os-novos-ministros-provinciais-e-custodios.html\"]}]},{\"@type\":\"BreadcrumbList\",\"@id\":\"https:\/\/franciscanos.org.br\/noticias\/frei-massimo-se-reune-com-os-novos-ministros-provinciais-e-custodios.html#breadcrumb\",\"itemListElement\":[{\"@type\":\"ListItem\",\"position\":1,\"name\":\"Home\",\"item\":\"https:\/\/franciscanos.org.br\/noticias\"},{\"@type\":\"ListItem\",\"position\":2,\"name\":\"Frei Massimo se re\u00fane com os novos Ministros Provinciais e Cust\u00f3dios\"}]},{\"@type\":\"Person\",\"@id\":\"https:\/\/franciscanos.org.br\/noticias\/#\/schema\/person\/b5c8cba458c330ccff548b056e95a5d4\",\"name\":\"moacir\",\"image\":{\"@type\":\"ImageObject\",\"inLanguage\":\"pt-BR\",\"@id\":\"https:\/\/franciscanos.org.br\/noticias\/#\/schema\/person\/image\/\",\"url\":\"https:\/\/secure.gravatar.com\/avatar\/d08aa2ce4c8dd416d4479aa8536fcf64?s=96&d=mm&r=g\",\"contentUrl\":\"https:\/\/secure.gravatar.com\/avatar\/d08aa2ce4c8dd416d4479aa8536fcf64?s=96&d=mm&r=g\",\"caption\":\"moacir\"},\"url\":\"https:\/\/franciscanos.org.br\/noticias\/author\/moacir\"}]}<\/script>\n<!-- \/ Yoast SEO plugin. -->","yoast_head_json":{"title":"Frei Massimo se re\u00fane com os novos Ministros Provinciais e Cust\u00f3dios - Not\u00edcias - Franciscanos","robots":{"index":"index","follow":"follow","max-snippet":"max-snippet:-1","max-image-preview":"max-image-preview:large","max-video-preview":"max-video-preview:-1"},"canonical":"https:\/\/franciscanos.org.br\/noticias\/frei-massimo-se-reune-com-os-novos-ministros-provinciais-e-custodios.html","og_locale":"pt_BR","og_type":"article","og_title":"Frei Massimo se re\u00fane com os novos Ministros Provinciais e Cust\u00f3dios - Not\u00edcias - Franciscanos","og_description":"Ordem dos Frades Menores","og_url":"https:\/\/franciscanos.org.br\/noticias\/frei-massimo-se-reune-com-os-novos-ministros-provinciais-e-custodios.html","og_site_name":"Not\u00edcias - Franciscanos","article_published_time":"2022-07-01T20:24:30+00:00","og_image":[{"width":1200,"height":675,"url":"https:\/\/franciscanos.org.br\/noticias\/wp-content\/uploads\/2022\/07\/ofm_01.jpg","type":"image\/jpeg"}],"author":"moacir","twitter_card":"summary_large_image","twitter_misc":{"Escrito por":"moacir","Est. tempo de leitura":"2 minutos"},"schema":{"@context":"https:\/\/schema.org","@graph":[{"@type":"WebSite","@id":"https:\/\/franciscanos.org.br\/noticias\/#website","url":"https:\/\/franciscanos.org.br\/noticias\/","name":"Not\u00edcias - Franciscanos","description":"Prov\u00edncia Franciscana da Imaculada Concei\u00e7\u00e3o do Brasil - Ordem dos Frades Menores - OFM","potentialAction":[{"@type":"SearchAction","target":{"@type":"EntryPoint","urlTemplate":"https:\/\/franciscanos.org.br\/noticias\/?s={search_term_string}"},"query-input":"required name=search_term_string"}],"inLanguage":"pt-BR"},{"@type":"ImageObject","inLanguage":"pt-BR","@id":"https:\/\/franciscanos.org.br\/noticias\/frei-massimo-se-reune-com-os-novos-ministros-provinciais-e-custodios.html#primaryimage","url":"https:\/\/franciscanos.org.br\/noticias\/wp-content\/uploads\/2022\/07\/ofm_01.jpg","contentUrl":"https:\/\/franciscanos.org.br\/noticias\/wp-content\/uploads\/2022\/07\/ofm_01.jpg","width":1200,"height":675},{"@type":"WebPage","@id":"https:\/\/franciscanos.org.br\/noticias\/frei-massimo-se-reune-com-os-novos-ministros-provinciais-e-custodios.html#webpage","url":"https:\/\/franciscanos.org.br\/noticias\/frei-massimo-se-reune-com-os-novos-ministros-provinciais-e-custodios.html","name":"Frei Massimo se re\u00fane com os novos Ministros Provinciais e Cust\u00f3dios - Not\u00edcias - Franciscanos","isPartOf":{"@id":"https:\/\/franciscanos.org.br\/noticias\/#website"},"primaryImageOfPage":{"@id":"https:\/\/franciscanos.org.br\/noticias\/frei-massimo-se-reune-com-os-novos-ministros-provinciais-e-custodios.html#primaryimage"},"datePublished":"2022-07-01T20:24:30+00:00","dateModified":"2022-07-01T20:24:30+00:00","author":{"@id":"https:\/\/franciscanos.org.br\/noticias\/#\/schema\/person\/b5c8cba458c330ccff548b056e95a5d4"},"breadcrumb":{"@id":"https:\/\/franciscanos.org.br\/noticias\/frei-massimo-se-reune-com-os-novos-ministros-provinciais-e-custodios.html#breadcrumb"},"inLanguage":"pt-BR","potentialAction":[{"@type":"ReadAction","target":["https:\/\/franciscanos.org.br\/noticias\/frei-massimo-se-reune-com-os-novos-ministros-provinciais-e-custodios.html"]}]},{"@type":"BreadcrumbList","@id":"https:\/\/franciscanos.org.br\/noticias\/frei-massimo-se-reune-com-os-novos-ministros-provinciais-e-custodios.html#breadcrumb","itemListElement":[{"@type":"ListItem","position":1,"name":"Home","item":"https:\/\/franciscanos.org.br\/noticias"},{"@type":"ListItem","position":2,"name":"Frei Massimo se re\u00fane com os novos Ministros Provinciais e Cust\u00f3dios"}]},{"@type":"Person","@id":"https:\/\/franciscanos.org.br\/noticias\/#\/schema\/person\/b5c8cba458c330ccff548b056e95a5d4","name":"moacir","image":{"@type":"ImageObject","inLanguage":"pt-BR","@id":"https:\/\/franciscanos.org.br\/noticias\/#\/schema\/person\/image\/","url":"https:\/\/secure.gravatar.com\/avatar\/d08aa2ce4c8dd416d4479aa8536fcf64?s=96&d=mm&r=g","contentUrl":"https:\/\/secure.gravatar.com\/avatar\/d08aa2ce4c8dd416d4479aa8536fcf64?s=96&d=mm&r=g","caption":"moacir"},"url":"https:\/\/franciscanos.org.br\/noticias\/author\/moacir"}]}},"_links":{"self":[{"href":"https:\/\/franciscanos.org.br\/noticias\/wp-json\/wp\/v2\/posts\/238811"}],"collection":[{"href":"https:\/\/franciscanos.org.br\/noticias\/wp-json\/wp\/v2\/posts"}],"about":[{"href":"https:\/\/franciscanos.org.br\/noticias\/wp-json\/wp\/v2\/types\/post"}],"author":[{"embeddable":true,"href":"https:\/\/franciscanos.org.br\/noticias\/wp-json\/wp\/v2\/users\/3"}],"replies":[{"embeddable":true,"href":"https:\/\/franciscanos.org.br\/noticias\/wp-json\/wp\/v2\/comments?post=238811"}],"version-history":[{"count":1,"href":"https:\/\/franciscanos.org.br\/noticias\/wp-json\/wp\/v2\/posts\/238811\/revisions"}],"predecessor-version":[{"id":238814,"href":"https:\/\/franciscanos.org.br\/noticias\/wp-json\/wp\/v2\/posts\/238811\/revisions\/238814"}],"wp:featuredmedia":[{"embeddable":true,"href":"https:\/\/franciscanos.org.br\/noticias\/wp-json\/wp\/v2\/media\/238812"}],"wp:attachment":[{"href":"https:\/\/franciscanos.org.br\/noticias\/wp-json\/wp\/v2\/media?parent=238811"}],"wp:term":[{"taxonomy":"category","embeddable":true,"href":"https:\/\/franciscanos.org.br\/noticias\/wp-json\/wp\/v2\/categories?post=238811"},{"taxonomy":"post_tag","embeddable":true,"href":"https:\/\/franciscanos.org.br\/noticias\/wp-json\/wp\/v2\/tags?post=238811"}],"curies":[{"name":"wp","href":"https:\/\/api.w.org\/{rel}","templated":true}]}}