{"id":238793,"date":"2022-07-01T09:13:27","date_gmt":"2022-07-01T12:13:27","guid":{"rendered":"https:\/\/franciscanos.org.br\/noticias\/?p=238793"},"modified":"2022-07-01T09:15:16","modified_gmt":"2022-07-01T12:15:16","slug":"usf-sedia-encontro-da-frente-de-evangelizacao-da-educacao","status":"publish","type":"post","link":"https:\/\/franciscanos.org.br\/noticias\/usf-sedia-encontro-da-frente-de-evangelizacao-da-educacao.html","title":{"rendered":"USF sedia encontro da Frente de Evangeliza\u00e7\u00e3o da Educa\u00e7\u00e3o"},"content":{"rendered":"<p><img loading=\"lazy\" class=\"alignnone size-full wp-image-238797\" src=\"https:\/\/franciscanos.org.br\/noticias\/wp-content\/uploads\/2022\/07\/educacao_0107.jpg\" alt=\"\" width=\"1280\" height=\"720\" srcset=\"https:\/\/franciscanos.org.br\/noticias\/wp-content\/uploads\/2022\/07\/educacao_0107.jpg 1280w, https:\/\/franciscanos.org.br\/noticias\/wp-content\/uploads\/2022\/07\/educacao_0107-450x253.jpg 450w, https:\/\/franciscanos.org.br\/noticias\/wp-content\/uploads\/2022\/07\/educacao_0107-1024x576.jpg 1024w, https:\/\/franciscanos.org.br\/noticias\/wp-content\/uploads\/2022\/07\/educacao_0107-768x432.jpg 768w, https:\/\/franciscanos.org.br\/noticias\/wp-content\/uploads\/2022\/07\/educacao_0107-150x84.jpg 150w\" sizes=\"(max-width: 1280px) 100vw, 1280px\" \/><\/p>\n<p><span style=\"font-weight: 400;\">A Universidade S\u00e3o Francisco (USF) sediou na tarde desta quinta-feira, dia 30 de junho, o Encontro da Frente de Evangeliza\u00e7\u00e3o da Educa\u00e7\u00e3o da Prov\u00edncia Franciscana da Imaculada Concei\u00e7\u00e3o do Brasil. Na ocasi\u00e3o, estiveram reunidos os frades, a reitoria, coordenadores de cursos, n\u00facleos e departamentos administrativos da USF.\u00a0 Durante o encontro foram compartilhadas as Diretrizes da Frente de Evangeliza\u00e7\u00e3o da Educa\u00e7\u00e3o (2022-2027).\u00a0<\/span><\/p>\n<p><span style=\"font-weight: 400;\">A abertura\u00a0 do evento foi realizada, no C\u00e2mpus Bragan\u00e7a Paulista, pelo diretor presidente da Casa de Nossa Senhora da Paz A\u00e7\u00e3o Social Franciscana CNSP-ASF, mantenedora da USF, Frei Thiago Alexandre Hayakawa, que contextualizou a import\u00e2ncia do encontro.\u00a0\u00a0<\/span><\/p>\n<p><span style=\"font-weight: 400;\">Em seguida, o\u00a0 Vig\u00e1rio Provincial e Secret\u00e1rio para a Evangeliza\u00e7\u00e3o, Frei Gustavo Medella apresentou os princ\u00edpios e as diretrizes do encontro. \u201cAvalia\u00e7\u00e3o do que foi realizado e do que foi proposto, a qualidade de vida e a prospec\u00e7\u00e3o dos aspectos futuros, quais aspectos v\u00e3o querer colocar aten\u00e7\u00e3o, com isso nascem as prioridades, \u00e9 um plano secional.\u00a0 O 2017 e 2021 n\u00e3o ser\u00e3o esquecidos, \u00e9 l\u00f3gica da continuidade da processualidade\u201d, ressaltou Frei Gustavo.\u00a0<\/span><\/p>\n<p><img loading=\"lazy\" class=\"alignnone size-full wp-image-238798\" src=\"https:\/\/franciscanos.org.br\/noticias\/wp-content\/uploads\/2022\/07\/educacao_0107_1.jpg\" alt=\"\" width=\"1280\" height=\"752\" srcset=\"https:\/\/franciscanos.org.br\/noticias\/wp-content\/uploads\/2022\/07\/educacao_0107_1.jpg 1280w, https:\/\/franciscanos.org.br\/noticias\/wp-content\/uploads\/2022\/07\/educacao_0107_1-450x264.jpg 450w, https:\/\/franciscanos.org.br\/noticias\/wp-content\/uploads\/2022\/07\/educacao_0107_1-1024x602.jpg 1024w, https:\/\/franciscanos.org.br\/noticias\/wp-content\/uploads\/2022\/07\/educacao_0107_1-768x451.jpg 768w, https:\/\/franciscanos.org.br\/noticias\/wp-content\/uploads\/2022\/07\/educacao_0107_1-150x88.jpg 150w\" sizes=\"(max-width: 1280px) 100vw, 1280px\" \/><\/p>\n<p><span style=\"font-weight: 400;\">Na ocasi\u00e3o, a CNSP-ASF e a Reitoria da Universidade S\u00e3o Francisco elaboraram um grupo de trabalho para a elabora\u00e7\u00e3o do planejamento de a\u00e7\u00f5es da USF a partir das diretrizes da Frente de Evangeliza\u00e7\u00e3o da Educa\u00e7\u00e3o da Prov\u00edncia Franciscana da Imaculada Concei\u00e7\u00e3o do Brasil. \u201c<\/span><span style=\"font-weight: 400;\">\u00c9 importante que o conceito de evangeliza\u00e7\u00e3o se renove para que possa dialogar com os diferentes mundos, como o mundo da educa\u00e7\u00e3o: cient\u00edfico e extensionista. A evangeliza\u00e7\u00e3o n\u00e3o deve estar restrita ao mundo religioso. A constru\u00e7\u00e3o do plano de evangeliza\u00e7\u00e3o na educa\u00e7\u00e3o n\u00e3o \u00e9 uma tarefa exclusiva, precisa ser uma tarefa inclusiva\u201d, explicou o reitor da USF, Frei Gilberto Garcia.<\/span><\/p>\n<p><span style=\"font-weight: 400;\">Para o Coordenador da Frente de Educa\u00e7\u00e3o, Frei Claudino Gilz, os encontros s\u00e3o essenciais para colocar em pr\u00e1tica e abordar as diretrizes da Frente de Evangeliza\u00e7\u00e3o da Educa\u00e7\u00e3o. \u201cEncontros como este s\u00e3o fundamentais para operacionalizar o nosso Plano de Evangeliza\u00e7\u00e3o. Este \u00e9 um privil\u00e9gio ter a comunidade acad\u00eamica como ponto de partida de educar um e como fraternidade acad\u00eamica.\u00a0 Uma educa\u00e7\u00e3o que abrange todos os aspectos da vida humana e religiosa da vida franciscana. Sendo uma Universidade que preze pela sua qualidade acad\u00eamica, mas preocupada com a inclus\u00e3o e bem-estar da sociedade\u201d, afirmou Frei Claudino.\u00a0<\/span><\/p>\n\n\t\t<style type=\"text\/css\">\n\t\t\t#gallery-1 {\n\t\t\t\tmargin: auto;\n\t\t\t}\n\t\t\t#gallery-1 .gallery-item {\n\t\t\t\tfloat: left;\n\t\t\t\tmargin-top: 10px;\n\t\t\t\ttext-align: center;\n\t\t\t\twidth: 16%;\n\t\t\t}\n\t\t\t#gallery-1 img {\n\t\t\t\tborder: 2px solid #cfcfcf;\n\t\t\t}\n\t\t\t#gallery-1 .gallery-caption {\n\t\t\t\tmargin-left: 0;\n\t\t\t}\n\t\t\t\/* see gallery_shortcode() in wp-includes\/media.php *\/\n\t\t<\/style>\n\t\t<div id='gallery-1' class='gallery galleryid-238793 gallery-columns-6 gallery-size-thumbnail'><dl class='gallery-item'>\n\t\t\t<dt class='gallery-icon landscape'>\n\t\t\t\t<a href='https:\/\/franciscanos.org.br\/noticias\/wp-content\/uploads\/2022\/07\/educacao_01.jpg'><img width=\"300\" height=\"300\" src=\"https:\/\/franciscanos.org.br\/noticias\/wp-content\/uploads\/2022\/07\/educacao_01-300x300.jpg\" class=\"attachment-thumbnail size-thumbnail\" alt=\"\" loading=\"lazy\" srcset=\"https:\/\/franciscanos.org.br\/noticias\/wp-content\/uploads\/2022\/07\/educacao_01-300x300.jpg 300w, https:\/\/franciscanos.org.br\/noticias\/wp-content\/uploads\/2022\/07\/educacao_01-100x100.jpg 100w\" sizes=\"(max-width: 300px) 100vw, 300px\" \/><\/a>\n\t\t\t<\/dt><\/dl><dl class='gallery-item'>\n\t\t\t<dt class='gallery-icon landscape'>\n\t\t\t\t<a href='https:\/\/franciscanos.org.br\/noticias\/wp-content\/uploads\/2022\/07\/educacao_03.jpg'><img width=\"300\" height=\"300\" src=\"https:\/\/franciscanos.org.br\/noticias\/wp-content\/uploads\/2022\/07\/educacao_03-300x300.jpg\" class=\"attachment-thumbnail size-thumbnail\" alt=\"\" loading=\"lazy\" srcset=\"https:\/\/franciscanos.org.br\/noticias\/wp-content\/uploads\/2022\/07\/educacao_03-300x300.jpg 300w, https:\/\/franciscanos.org.br\/noticias\/wp-content\/uploads\/2022\/07\/educacao_03-100x100.jpg 100w\" sizes=\"(max-width: 300px) 100vw, 300px\" \/><\/a>\n\t\t\t<\/dt><\/dl><dl class='gallery-item'>\n\t\t\t<dt class='gallery-icon landscape'>\n\t\t\t\t<a href='https:\/\/franciscanos.org.br\/noticias\/wp-content\/uploads\/2022\/07\/educacao_04.jpg'><img width=\"300\" height=\"300\" src=\"https:\/\/franciscanos.org.br\/noticias\/wp-content\/uploads\/2022\/07\/educacao_04-300x300.jpg\" class=\"attachment-thumbnail size-thumbnail\" alt=\"\" loading=\"lazy\" srcset=\"https:\/\/franciscanos.org.br\/noticias\/wp-content\/uploads\/2022\/07\/educacao_04-300x300.jpg 300w, https:\/\/franciscanos.org.br\/noticias\/wp-content\/uploads\/2022\/07\/educacao_04-100x100.jpg 100w\" sizes=\"(max-width: 300px) 100vw, 300px\" \/><\/a>\n\t\t\t<\/dt><\/dl><dl class='gallery-item'>\n\t\t\t<dt class='gallery-icon landscape'>\n\t\t\t\t<a href='https:\/\/franciscanos.org.br\/noticias\/wp-content\/uploads\/2022\/07\/educacao_05.jpg'><img width=\"300\" height=\"300\" src=\"https:\/\/franciscanos.org.br\/noticias\/wp-content\/uploads\/2022\/07\/educacao_05-300x300.jpg\" class=\"attachment-thumbnail size-thumbnail\" alt=\"\" loading=\"lazy\" srcset=\"https:\/\/franciscanos.org.br\/noticias\/wp-content\/uploads\/2022\/07\/educacao_05-300x300.jpg 300w, https:\/\/franciscanos.org.br\/noticias\/wp-content\/uploads\/2022\/07\/educacao_05-100x100.jpg 100w\" sizes=\"(max-width: 300px) 100vw, 300px\" \/><\/a>\n\t\t\t<\/dt><\/dl><dl class='gallery-item'>\n\t\t\t<dt class='gallery-icon landscape'>\n\t\t\t\t<a href='https:\/\/franciscanos.org.br\/noticias\/wp-content\/uploads\/2022\/07\/educacao_06.jpg'><img width=\"300\" height=\"300\" src=\"https:\/\/franciscanos.org.br\/noticias\/wp-content\/uploads\/2022\/07\/educacao_06-300x300.jpg\" class=\"attachment-thumbnail size-thumbnail\" alt=\"\" loading=\"lazy\" srcset=\"https:\/\/franciscanos.org.br\/noticias\/wp-content\/uploads\/2022\/07\/educacao_06-300x300.jpg 300w, https:\/\/franciscanos.org.br\/noticias\/wp-content\/uploads\/2022\/07\/educacao_06-100x100.jpg 100w\" sizes=\"(max-width: 300px) 100vw, 300px\" \/><\/a>\n\t\t\t<\/dt><\/dl><dl class='gallery-item'>\n\t\t\t<dt class='gallery-icon landscape'>\n\t\t\t\t<a href='https:\/\/franciscanos.org.br\/noticias\/wp-content\/uploads\/2022\/07\/educacao_07.jpg'><img width=\"300\" height=\"300\" src=\"https:\/\/franciscanos.org.br\/noticias\/wp-content\/uploads\/2022\/07\/educacao_07-300x300.jpg\" class=\"attachment-thumbnail size-thumbnail\" alt=\"\" loading=\"lazy\" srcset=\"https:\/\/franciscanos.org.br\/noticias\/wp-content\/uploads\/2022\/07\/educacao_07-300x300.jpg 300w, https:\/\/franciscanos.org.br\/noticias\/wp-content\/uploads\/2022\/07\/educacao_07-100x100.jpg 100w\" sizes=\"(max-width: 300px) 100vw, 300px\" \/><\/a>\n\t\t\t<\/dt><\/dl><br style=\"clear: both\" \/>\n\t\t<\/div>\n\n<p><em> \u00a0 \u00a0(toque nas imagens para ampli\u00e1-las)<\/em><\/p>\n<p><span style=\"font-weight: 400;\">Durante a abertura,\u00a0 o Diretor Vice-presidente da Mantenedora da USF e coordenador da Pastoral Universit\u00e1ria, Frei Vitorio Mazzuco Filho, destacou as a\u00e7\u00f5es de evangeliza\u00e7\u00e3o da Universidade. \u201cA evangeliza\u00e7\u00e3o da educa\u00e7\u00e3o na USF \u00e9 manifestada ao incentivar o engajamento da comunidade acad\u00eamica na participa\u00e7\u00e3o de projetos extensionistas, para al\u00e9m da sala de aula, garantindo compet\u00eancias que v\u00e3o al\u00e9m dos aspectos pr\u00e1ticos e t\u00e9cnicos. Assegurar o bom clima educacional e alcan\u00e7ar excelente grau de satisfa\u00e7\u00e3o nos processos\u00a0 organizacionais, al\u00e9m de participa\u00e7\u00e3o e preparar\u00a0 cursos e celebra\u00e7\u00f5es junto \u00e0 comunidade acad\u00eamica\u201d, ressaltou Frei Vitorio Mazzuco Filho.<\/span><\/p>\n<p><span style=\"font-weight: 400;\">Depois da abertura, foram montados seis grupos de trabalho com o objetivo de desenvolver coletivamente assuntos relacionados ao carisma franciscano, a promo\u00e7\u00e3o da evangeliza\u00e7\u00e3o a partir de sua miss\u00e3o e os principais desafios e as potencialidades evangelizadoras da USF. \u201cHoje tivemos um momento de reflex\u00e3o sobre a resposta do carisma franciscano que envolve a Universidade, sua miss\u00e3o no ensino\u00a0 e seu papel na sociedade\u201d, comentou o Pr\u00f3-Reitor de Ensino, Pesquisa e Extens\u00e3o, professor Dilnei Lorenzi.\u00a0\u00a0<\/span><\/p>\n<p><span style=\"font-weight: 400;\">O Vig\u00e1rio Provincial e Secret\u00e1rio para a Evangeliza\u00e7\u00e3o, Frei Gustavo Medella realizou a ben\u00e7\u00e3o final. Os pr\u00f3ximos encontros ser\u00e3o realizados no m\u00eas de agosto para dar continuidade \u00e0s contribui\u00e7\u00f5es dos grupos de trabalho. <\/span><\/p>\n<hr \/>\n<p><em>Ana Paula Moreira de Souza<\/em><\/p>\n","protected":false},"excerpt":{"rendered":"<p>Frente da Educa\u00e7\u00e3o<\/p>\n","protected":false},"author":3,"featured_media":238797,"comment_status":"open","ping_status":"open","sticky":false,"template":"","format":"standard","meta":[],"categories":[1],"tags":[1117],"acf":[],"yoast_head":"<!-- This site is optimized with the Yoast SEO plugin v19.2 - https:\/\/yoast.com\/wordpress\/plugins\/seo\/ -->\n<title>USF sedia encontro da Frente de Evangeliza\u00e7\u00e3o da Educa\u00e7\u00e3o - Not\u00edcias - Franciscanos<\/title>\n<meta name=\"robots\" content=\"index, follow, max-snippet:-1, max-image-preview:large, max-video-preview:-1\" \/>\n<link rel=\"canonical\" href=\"https:\/\/franciscanos.org.br\/noticias\/usf-sedia-encontro-da-frente-de-evangelizacao-da-educacao.html\" \/>\n<meta property=\"og:locale\" content=\"pt_BR\" \/>\n<meta property=\"og:type\" content=\"article\" \/>\n<meta property=\"og:title\" content=\"USF sedia encontro da Frente de Evangeliza\u00e7\u00e3o da Educa\u00e7\u00e3o - Not\u00edcias - Franciscanos\" \/>\n<meta property=\"og:description\" content=\"Frente da Educa\u00e7\u00e3o\" \/>\n<meta property=\"og:url\" content=\"https:\/\/franciscanos.org.br\/noticias\/usf-sedia-encontro-da-frente-de-evangelizacao-da-educacao.html\" \/>\n<meta property=\"og:site_name\" content=\"Not\u00edcias - Franciscanos\" \/>\n<meta property=\"article:published_time\" content=\"2022-07-01T12:13:27+00:00\" \/>\n<meta property=\"article:modified_time\" content=\"2022-07-01T12:15:16+00:00\" \/>\n<meta property=\"og:image\" content=\"https:\/\/franciscanos.org.br\/noticias\/wp-content\/uploads\/2022\/07\/educacao_0107.jpg\" \/>\n\t<meta property=\"og:image:width\" content=\"1280\" \/>\n\t<meta property=\"og:image:height\" content=\"720\" \/>\n\t<meta property=\"og:image:type\" content=\"image\/jpeg\" \/>\n<meta name=\"author\" content=\"moacir\" \/>\n<meta name=\"twitter:card\" content=\"summary_large_image\" \/>\n<meta name=\"twitter:label1\" content=\"Escrito por\" \/>\n\t<meta name=\"twitter:data1\" content=\"moacir\" \/>\n\t<meta name=\"twitter:label2\" content=\"Est. tempo de leitura\" \/>\n\t<meta name=\"twitter:data2\" content=\"3 minutos\" \/>\n<script type=\"application\/ld+json\" class=\"yoast-schema-graph\">{\"@context\":\"https:\/\/schema.org\",\"@graph\":[{\"@type\":\"WebSite\",\"@id\":\"https:\/\/franciscanos.org.br\/noticias\/#website\",\"url\":\"https:\/\/franciscanos.org.br\/noticias\/\",\"name\":\"Not\u00edcias - Franciscanos\",\"description\":\"Prov\u00edncia Franciscana da Imaculada Concei\u00e7\u00e3o do Brasil - Ordem dos Frades Menores - OFM\",\"potentialAction\":[{\"@type\":\"SearchAction\",\"target\":{\"@type\":\"EntryPoint\",\"urlTemplate\":\"https:\/\/franciscanos.org.br\/noticias\/?s={search_term_string}\"},\"query-input\":\"required name=search_term_string\"}],\"inLanguage\":\"pt-BR\"},{\"@type\":\"ImageObject\",\"inLanguage\":\"pt-BR\",\"@id\":\"https:\/\/franciscanos.org.br\/noticias\/usf-sedia-encontro-da-frente-de-evangelizacao-da-educacao.html#primaryimage\",\"url\":\"https:\/\/franciscanos.org.br\/noticias\/wp-content\/uploads\/2022\/07\/educacao_0107.jpg\",\"contentUrl\":\"https:\/\/franciscanos.org.br\/noticias\/wp-content\/uploads\/2022\/07\/educacao_0107.jpg\",\"width\":1280,\"height\":720},{\"@type\":\"WebPage\",\"@id\":\"https:\/\/franciscanos.org.br\/noticias\/usf-sedia-encontro-da-frente-de-evangelizacao-da-educacao.html#webpage\",\"url\":\"https:\/\/franciscanos.org.br\/noticias\/usf-sedia-encontro-da-frente-de-evangelizacao-da-educacao.html\",\"name\":\"USF sedia encontro da Frente de Evangeliza\u00e7\u00e3o da Educa\u00e7\u00e3o - Not\u00edcias - Franciscanos\",\"isPartOf\":{\"@id\":\"https:\/\/franciscanos.org.br\/noticias\/#website\"},\"primaryImageOfPage\":{\"@id\":\"https:\/\/franciscanos.org.br\/noticias\/usf-sedia-encontro-da-frente-de-evangelizacao-da-educacao.html#primaryimage\"},\"datePublished\":\"2022-07-01T12:13:27+00:00\",\"dateModified\":\"2022-07-01T12:15:16+00:00\",\"author\":{\"@id\":\"https:\/\/franciscanos.org.br\/noticias\/#\/schema\/person\/b5c8cba458c330ccff548b056e95a5d4\"},\"breadcrumb\":{\"@id\":\"https:\/\/franciscanos.org.br\/noticias\/usf-sedia-encontro-da-frente-de-evangelizacao-da-educacao.html#breadcrumb\"},\"inLanguage\":\"pt-BR\",\"potentialAction\":[{\"@type\":\"ReadAction\",\"target\":[\"https:\/\/franciscanos.org.br\/noticias\/usf-sedia-encontro-da-frente-de-evangelizacao-da-educacao.html\"]}]},{\"@type\":\"BreadcrumbList\",\"@id\":\"https:\/\/franciscanos.org.br\/noticias\/usf-sedia-encontro-da-frente-de-evangelizacao-da-educacao.html#breadcrumb\",\"itemListElement\":[{\"@type\":\"ListItem\",\"position\":1,\"name\":\"Home\",\"item\":\"https:\/\/franciscanos.org.br\/noticias\"},{\"@type\":\"ListItem\",\"position\":2,\"name\":\"USF sedia encontro da Frente de Evangeliza\u00e7\u00e3o da Educa\u00e7\u00e3o\"}]},{\"@type\":\"Person\",\"@id\":\"https:\/\/franciscanos.org.br\/noticias\/#\/schema\/person\/b5c8cba458c330ccff548b056e95a5d4\",\"name\":\"moacir\",\"image\":{\"@type\":\"ImageObject\",\"inLanguage\":\"pt-BR\",\"@id\":\"https:\/\/franciscanos.org.br\/noticias\/#\/schema\/person\/image\/\",\"url\":\"https:\/\/secure.gravatar.com\/avatar\/d08aa2ce4c8dd416d4479aa8536fcf64?s=96&d=mm&r=g\",\"contentUrl\":\"https:\/\/secure.gravatar.com\/avatar\/d08aa2ce4c8dd416d4479aa8536fcf64?s=96&d=mm&r=g\",\"caption\":\"moacir\"},\"url\":\"https:\/\/franciscanos.org.br\/noticias\/author\/moacir\"}]}<\/script>\n<!-- \/ Yoast SEO plugin. -->","yoast_head_json":{"title":"USF sedia encontro da Frente de Evangeliza\u00e7\u00e3o da Educa\u00e7\u00e3o - Not\u00edcias - Franciscanos","robots":{"index":"index","follow":"follow","max-snippet":"max-snippet:-1","max-image-preview":"max-image-preview:large","max-video-preview":"max-video-preview:-1"},"canonical":"https:\/\/franciscanos.org.br\/noticias\/usf-sedia-encontro-da-frente-de-evangelizacao-da-educacao.html","og_locale":"pt_BR","og_type":"article","og_title":"USF sedia encontro da Frente de Evangeliza\u00e7\u00e3o da Educa\u00e7\u00e3o - Not\u00edcias - Franciscanos","og_description":"Frente da Educa\u00e7\u00e3o","og_url":"https:\/\/franciscanos.org.br\/noticias\/usf-sedia-encontro-da-frente-de-evangelizacao-da-educacao.html","og_site_name":"Not\u00edcias - Franciscanos","article_published_time":"2022-07-01T12:13:27+00:00","article_modified_time":"2022-07-01T12:15:16+00:00","og_image":[{"width":1280,"height":720,"url":"https:\/\/franciscanos.org.br\/noticias\/wp-content\/uploads\/2022\/07\/educacao_0107.jpg","type":"image\/jpeg"}],"author":"moacir","twitter_card":"summary_large_image","twitter_misc":{"Escrito por":"moacir","Est. tempo de leitura":"3 minutos"},"schema":{"@context":"https:\/\/schema.org","@graph":[{"@type":"WebSite","@id":"https:\/\/franciscanos.org.br\/noticias\/#website","url":"https:\/\/franciscanos.org.br\/noticias\/","name":"Not\u00edcias - Franciscanos","description":"Prov\u00edncia Franciscana da Imaculada Concei\u00e7\u00e3o do Brasil - Ordem dos Frades Menores - OFM","potentialAction":[{"@type":"SearchAction","target":{"@type":"EntryPoint","urlTemplate":"https:\/\/franciscanos.org.br\/noticias\/?s={search_term_string}"},"query-input":"required name=search_term_string"}],"inLanguage":"pt-BR"},{"@type":"ImageObject","inLanguage":"pt-BR","@id":"https:\/\/franciscanos.org.br\/noticias\/usf-sedia-encontro-da-frente-de-evangelizacao-da-educacao.html#primaryimage","url":"https:\/\/franciscanos.org.br\/noticias\/wp-content\/uploads\/2022\/07\/educacao_0107.jpg","contentUrl":"https:\/\/franciscanos.org.br\/noticias\/wp-content\/uploads\/2022\/07\/educacao_0107.jpg","width":1280,"height":720},{"@type":"WebPage","@id":"https:\/\/franciscanos.org.br\/noticias\/usf-sedia-encontro-da-frente-de-evangelizacao-da-educacao.html#webpage","url":"https:\/\/franciscanos.org.br\/noticias\/usf-sedia-encontro-da-frente-de-evangelizacao-da-educacao.html","name":"USF sedia encontro da Frente de Evangeliza\u00e7\u00e3o da Educa\u00e7\u00e3o - Not\u00edcias - Franciscanos","isPartOf":{"@id":"https:\/\/franciscanos.org.br\/noticias\/#website"},"primaryImageOfPage":{"@id":"https:\/\/franciscanos.org.br\/noticias\/usf-sedia-encontro-da-frente-de-evangelizacao-da-educacao.html#primaryimage"},"datePublished":"2022-07-01T12:13:27+00:00","dateModified":"2022-07-01T12:15:16+00:00","author":{"@id":"https:\/\/franciscanos.org.br\/noticias\/#\/schema\/person\/b5c8cba458c330ccff548b056e95a5d4"},"breadcrumb":{"@id":"https:\/\/franciscanos.org.br\/noticias\/usf-sedia-encontro-da-frente-de-evangelizacao-da-educacao.html#breadcrumb"},"inLanguage":"pt-BR","potentialAction":[{"@type":"ReadAction","target":["https:\/\/franciscanos.org.br\/noticias\/usf-sedia-encontro-da-frente-de-evangelizacao-da-educacao.html"]}]},{"@type":"BreadcrumbList","@id":"https:\/\/franciscanos.org.br\/noticias\/usf-sedia-encontro-da-frente-de-evangelizacao-da-educacao.html#breadcrumb","itemListElement":[{"@type":"ListItem","position":1,"name":"Home","item":"https:\/\/franciscanos.org.br\/noticias"},{"@type":"ListItem","position":2,"name":"USF sedia encontro da Frente de Evangeliza\u00e7\u00e3o da Educa\u00e7\u00e3o"}]},{"@type":"Person","@id":"https:\/\/franciscanos.org.br\/noticias\/#\/schema\/person\/b5c8cba458c330ccff548b056e95a5d4","name":"moacir","image":{"@type":"ImageObject","inLanguage":"pt-BR","@id":"https:\/\/franciscanos.org.br\/noticias\/#\/schema\/person\/image\/","url":"https:\/\/secure.gravatar.com\/avatar\/d08aa2ce4c8dd416d4479aa8536fcf64?s=96&d=mm&r=g","contentUrl":"https:\/\/secure.gravatar.com\/avatar\/d08aa2ce4c8dd416d4479aa8536fcf64?s=96&d=mm&r=g","caption":"moacir"},"url":"https:\/\/franciscanos.org.br\/noticias\/author\/moacir"}]}},"_links":{"self":[{"href":"https:\/\/franciscanos.org.br\/noticias\/wp-json\/wp\/v2\/posts\/238793"}],"collection":[{"href":"https:\/\/franciscanos.org.br\/noticias\/wp-json\/wp\/v2\/posts"}],"about":[{"href":"https:\/\/franciscanos.org.br\/noticias\/wp-json\/wp\/v2\/types\/post"}],"author":[{"embeddable":true,"href":"https:\/\/franciscanos.org.br\/noticias\/wp-json\/wp\/v2\/users\/3"}],"replies":[{"embeddable":true,"href":"https:\/\/franciscanos.org.br\/noticias\/wp-json\/wp\/v2\/comments?post=238793"}],"version-history":[{"count":3,"href":"https:\/\/franciscanos.org.br\/noticias\/wp-json\/wp\/v2\/posts\/238793\/revisions"}],"predecessor-version":[{"id":238808,"href":"https:\/\/franciscanos.org.br\/noticias\/wp-json\/wp\/v2\/posts\/238793\/revisions\/238808"}],"wp:featuredmedia":[{"embeddable":true,"href":"https:\/\/franciscanos.org.br\/noticias\/wp-json\/wp\/v2\/media\/238797"}],"wp:attachment":[{"href":"https:\/\/franciscanos.org.br\/noticias\/wp-json\/wp\/v2\/media?parent=238793"}],"wp:term":[{"taxonomy":"category","embeddable":true,"href":"https:\/\/franciscanos.org.br\/noticias\/wp-json\/wp\/v2\/categories?post=238793"},{"taxonomy":"post_tag","embeddable":true,"href":"https:\/\/franciscanos.org.br\/noticias\/wp-json\/wp\/v2\/tags?post=238793"}],"curies":[{"name":"wp","href":"https:\/\/api.w.org\/{rel}","templated":true}]}}