{"id":238779,"date":"2022-06-30T23:00:07","date_gmt":"2022-07-01T02:00:07","guid":{"rendered":"https:\/\/franciscanos.org.br\/noticias\/?p=238779"},"modified":"2023-01-03T13:38:29","modified_gmt":"2023-01-03T16:38:29","slug":"sao-pedro-e-sao-francisco-fundacao-e-reconstrucao-da-igreja","status":"publish","type":"post","link":"https:\/\/franciscanos.org.br\/noticias\/sao-pedro-e-sao-francisco-fundacao-e-reconstrucao-da-igreja.html","title":{"rendered":"S\u00e3o Pedro e S\u00e3o Francisco: funda\u00e7\u00e3o e reconstru\u00e7\u00e3o da Igreja"},"content":{"rendered":"<p><img loading=\"lazy\" class=\"alignnone size-full wp-image-238780\" src=\"https:\/\/franciscanos.org.br\/noticias\/wp-content\/uploads\/2022\/06\/triduo_3006_4.jpg\" alt=\"\" width=\"1280\" height=\"720\" srcset=\"https:\/\/franciscanos.org.br\/noticias\/wp-content\/uploads\/2022\/06\/triduo_3006_4.jpg 1280w, https:\/\/franciscanos.org.br\/noticias\/wp-content\/uploads\/2022\/06\/triduo_3006_4-450x253.jpg 450w, https:\/\/franciscanos.org.br\/noticias\/wp-content\/uploads\/2022\/06\/triduo_3006_4-1024x576.jpg 1024w, https:\/\/franciscanos.org.br\/noticias\/wp-content\/uploads\/2022\/06\/triduo_3006_4-768x432.jpg 768w, https:\/\/franciscanos.org.br\/noticias\/wp-content\/uploads\/2022\/06\/triduo_3006_4-150x84.jpg 150w\" sizes=\"(max-width: 1280px) 100vw, 1280px\" \/><\/p>\n<p><strong>Gaspar (SC) &#8211;<\/strong> Come\u00e7ou nesta quinta-feira, 30 de junho, o Tr\u00edduo em louvor ao Padroeiro de Gaspar. Esta \u00e9 a 172\u00aa edi\u00e7\u00e3o da Festa de S\u00e3o Pedro Ap\u00f3stolo que se confunde com a hist\u00f3ria da pr\u00f3pria cidade edificada \u00e0s margens do Rio Itaja\u00ed A\u00e7u. Com o tema &#8220;Com S\u00e3o Pedro e S\u00e3o Francisco, somos instrumentos do amor e da paz&#8221;, a Par\u00f3quia quer destacar o amor de S\u00e3o Pedro pelo Mestre Jesus e a mensagem de paz do Pobrezinho de Assis, t\u00e3o necess\u00e1ria e urgente em nossos dias.<\/p>\n<p>O p\u00e1roco Frei Pedro da Silva presidiu este primeiro dia do Tr\u00edduo Preparat\u00f3rio, \u00e0s 19 horas, tendo como concelebrante Frei Jhones Lucas Martins. Na sua reflex\u00e3o, falou do tema: &#8220;Pedro, a rocha que funda a Igreja Crist\u00e3. Francisco, a rocha que reconstr\u00f3i a Igreja de Cristo&#8221;.<\/p>\n<p>Depois de saudar o povo, as pastorais, movimentos e equipes que se dedicam incansavelmente pela Festa de S\u00e3o Pedro, o p\u00e1roco comentou o Evangelho do dia. &#8220;Me parece muito significativo o Evangelho em que Jesus, entrando numa barca, foi para a outra margem do lago, referindo-se ao lago de Genesar\u00e9, palco de tantas atividades de Jesus. Historicamente, isso nos faz lembrar aquela pequenina igreja desta comunidade, aquela choupana como se diz, l\u00e1 na margem esquerda onde tudo come\u00e7ou. Depois, mais tarde, foi transferida para este morro onde estamos, nesta majestosa igreja. Importante que o povo acompanhou esta travessia at\u00e9 este lugar. Estamos neste barco, e o barco sempre quer simbolizar a comunidade, a Igreja, pode simbolizar a fam\u00edlia, qualquer um dos nossos empreendimentos. Importante que Jesus est\u00e1 conosco. E quando a travessia se tornar dif\u00edcil e quando a noite for mais escura, n\u00f3s sempre saberemos esperar por Jesus, que vai dar o rumo certo&#8221;, comentou. &#8220;E um dia chegaremos do outro lado da margem, que \u00e9 o pr\u00f3prio Deus, que \u00e9 o pr\u00f3prio c\u00e9u, imagem da Igreja celeste. Enquanto isso, vamos caminhando, vamos atravessando esse mar da vida, que \u00e9 o mundo, com turbul\u00eancias e calmarias&#8221;, emendou.<\/p>\n<p><img loading=\"lazy\" class=\"alignnone size-full wp-image-238781\" src=\"https:\/\/franciscanos.org.br\/noticias\/wp-content\/uploads\/2022\/06\/triduo_3006_8.jpg\" alt=\"\" width=\"1200\" height=\"807\" srcset=\"https:\/\/franciscanos.org.br\/noticias\/wp-content\/uploads\/2022\/06\/triduo_3006_8.jpg 1200w, https:\/\/franciscanos.org.br\/noticias\/wp-content\/uploads\/2022\/06\/triduo_3006_8-450x303.jpg 450w, https:\/\/franciscanos.org.br\/noticias\/wp-content\/uploads\/2022\/06\/triduo_3006_8-1024x689.jpg 1024w, https:\/\/franciscanos.org.br\/noticias\/wp-content\/uploads\/2022\/06\/triduo_3006_8-768x516.jpg 768w, https:\/\/franciscanos.org.br\/noticias\/wp-content\/uploads\/2022\/06\/triduo_3006_8-150x101.jpg 150w\" sizes=\"(max-width: 1200px) 100vw, 1200px\" \/><\/p>\n<p>Segundo ele, esse bel\u00edssimo tema de hoje fala da funda\u00e7\u00e3o da Igreja e da reconstru\u00e7\u00e3o da Igreja. &#8220;Funda\u00e7\u00e3o da Igreja, na qual Cristo, atrav\u00e9s de Sim\u00e3o Pedro, coloca o alicerce e a reconstru\u00e7\u00e3o atrav\u00e9s de Deus que chama S\u00e3o Francisco. N\u00f3s vamos considerar, ao longo da hist\u00f3ria, Deus sempre quis contar com pessoas para realizar os seus sonhos. Poderia ter feito tudo sozinho? Claro que sim. Mas Deus sempre quis precisar da colabora\u00e7\u00e3o humana para realizar sua vontade no mundo&#8221;, explicou.<\/p>\n<p>&#8220;Desde o come\u00e7o, Deus chamou e formou o seu povo. Primeiramente, os chamados individuais. N\u00f3s podemos dizer que, indo ao encontro do tema de hoje, Am\u00f3s, no seu tempo, como tantos outros profetas e l\u00edderes do povo de Deuus, foram reconstrutores, usando essa imagem de S\u00e3o Francisco&#8221;, observou.<\/p>\n<p>J\u00e1 no Novo Testamento, Jesus tamb\u00e9m sempre quis contar com a colabora\u00e7\u00e3o da pessoa humana. &#8220;Desde o in\u00edcio de sua miss\u00e3o se preocupou em formar, preparar e ensinar o grupo dos ap\u00f3stolos para a miss\u00e3o. O fundamento de outro povo de Deus, a Igreja&#8221;, disse Frei Pedro. &#8220;N\u00f3s tamb\u00e9m somos pedras vivas na constru\u00e7\u00e3o do templo espiritual. Jesus constitui S\u00e3o Pedro como pedra fundamental, mas reserva para si a pedra angular. Sem a pedra angular, o edif\u00edcio vem para o ch\u00e3o. Cristo \u00e9 essa pedra angular e sustenta essa constru\u00e7\u00e3o que \u00e9 a Igreja. Jesus veio para reconstruir a imagem da pessoa humana&#8221;, acrescentou Frei Pedro.<\/p>\n\n\t\t<style type=\"text\/css\">\n\t\t\t#gallery-1 {\n\t\t\t\tmargin: auto;\n\t\t\t}\n\t\t\t#gallery-1 .gallery-item {\n\t\t\t\tfloat: left;\n\t\t\t\tmargin-top: 10px;\n\t\t\t\ttext-align: center;\n\t\t\t\twidth: 16%;\n\t\t\t}\n\t\t\t#gallery-1 img {\n\t\t\t\tborder: 2px solid #cfcfcf;\n\t\t\t}\n\t\t\t#gallery-1 .gallery-caption {\n\t\t\t\tmargin-left: 0;\n\t\t\t}\n\t\t\t\/* see gallery_shortcode() in wp-includes\/media.php *\/\n\t\t<\/style>\n\t\t<div id='gallery-1' class='gallery galleryid-238779 gallery-columns-6 gallery-size-thumbnail'><dl class='gallery-item'>\n\t\t\t<dt class='gallery-icon landscape'>\n\t\t\t\t<a href='https:\/\/franciscanos.org.br\/noticias\/wp-content\/uploads\/2022\/06\/triduo_3006_1.jpg'><img width=\"300\" height=\"300\" src=\"https:\/\/franciscanos.org.br\/noticias\/wp-content\/uploads\/2022\/06\/triduo_3006_1-300x300.jpg\" class=\"attachment-thumbnail size-thumbnail\" alt=\"\" loading=\"lazy\" srcset=\"https:\/\/franciscanos.org.br\/noticias\/wp-content\/uploads\/2022\/06\/triduo_3006_1-300x300.jpg 300w, https:\/\/franciscanos.org.br\/noticias\/wp-content\/uploads\/2022\/06\/triduo_3006_1-100x100.jpg 100w\" sizes=\"(max-width: 300px) 100vw, 300px\" \/><\/a>\n\t\t\t<\/dt><\/dl><dl class='gallery-item'>\n\t\t\t<dt class='gallery-icon landscape'>\n\t\t\t\t<a href='https:\/\/franciscanos.org.br\/noticias\/wp-content\/uploads\/2022\/06\/triduo_3006_3.jpg'><img width=\"300\" height=\"300\" src=\"https:\/\/franciscanos.org.br\/noticias\/wp-content\/uploads\/2022\/06\/triduo_3006_3-300x300.jpg\" class=\"attachment-thumbnail size-thumbnail\" alt=\"\" loading=\"lazy\" srcset=\"https:\/\/franciscanos.org.br\/noticias\/wp-content\/uploads\/2022\/06\/triduo_3006_3-300x300.jpg 300w, https:\/\/franciscanos.org.br\/noticias\/wp-content\/uploads\/2022\/06\/triduo_3006_3-100x100.jpg 100w\" sizes=\"(max-width: 300px) 100vw, 300px\" \/><\/a>\n\t\t\t<\/dt><\/dl><dl class='gallery-item'>\n\t\t\t<dt class='gallery-icon landscape'>\n\t\t\t\t<a href='https:\/\/franciscanos.org.br\/noticias\/wp-content\/uploads\/2022\/06\/triduo_3006_5.jpg'><img width=\"300\" height=\"300\" src=\"https:\/\/franciscanos.org.br\/noticias\/wp-content\/uploads\/2022\/06\/triduo_3006_5-300x300.jpg\" class=\"attachment-thumbnail size-thumbnail\" alt=\"\" loading=\"lazy\" srcset=\"https:\/\/franciscanos.org.br\/noticias\/wp-content\/uploads\/2022\/06\/triduo_3006_5-300x300.jpg 300w, https:\/\/franciscanos.org.br\/noticias\/wp-content\/uploads\/2022\/06\/triduo_3006_5-100x100.jpg 100w\" sizes=\"(max-width: 300px) 100vw, 300px\" \/><\/a>\n\t\t\t<\/dt><\/dl><dl class='gallery-item'>\n\t\t\t<dt class='gallery-icon landscape'>\n\t\t\t\t<a href='https:\/\/franciscanos.org.br\/noticias\/wp-content\/uploads\/2022\/06\/triduo_3006_6.jpg'><img width=\"300\" height=\"300\" src=\"https:\/\/franciscanos.org.br\/noticias\/wp-content\/uploads\/2022\/06\/triduo_3006_6-300x300.jpg\" class=\"attachment-thumbnail size-thumbnail\" alt=\"\" loading=\"lazy\" srcset=\"https:\/\/franciscanos.org.br\/noticias\/wp-content\/uploads\/2022\/06\/triduo_3006_6-300x300.jpg 300w, https:\/\/franciscanos.org.br\/noticias\/wp-content\/uploads\/2022\/06\/triduo_3006_6-100x100.jpg 100w\" sizes=\"(max-width: 300px) 100vw, 300px\" \/><\/a>\n\t\t\t<\/dt><\/dl><dl class='gallery-item'>\n\t\t\t<dt class='gallery-icon landscape'>\n\t\t\t\t<a href='https:\/\/franciscanos.org.br\/noticias\/wp-content\/uploads\/2022\/06\/triduo_3006_7.jpg'><img width=\"300\" height=\"300\" src=\"https:\/\/franciscanos.org.br\/noticias\/wp-content\/uploads\/2022\/06\/triduo_3006_7-300x300.jpg\" class=\"attachment-thumbnail size-thumbnail\" alt=\"\" loading=\"lazy\" srcset=\"https:\/\/franciscanos.org.br\/noticias\/wp-content\/uploads\/2022\/06\/triduo_3006_7-300x300.jpg 300w, https:\/\/franciscanos.org.br\/noticias\/wp-content\/uploads\/2022\/06\/triduo_3006_7-100x100.jpg 100w\" sizes=\"(max-width: 300px) 100vw, 300px\" \/><\/a>\n\t\t\t<\/dt><\/dl><dl class='gallery-item'>\n\t\t\t<dt class='gallery-icon landscape'>\n\t\t\t\t<a href='https:\/\/franciscanos.org.br\/noticias\/wp-content\/uploads\/2022\/06\/triduo_3006_9.jpg'><img width=\"300\" height=\"300\" src=\"https:\/\/franciscanos.org.br\/noticias\/wp-content\/uploads\/2022\/06\/triduo_3006_9-300x300.jpg\" class=\"attachment-thumbnail size-thumbnail\" alt=\"\" loading=\"lazy\" srcset=\"https:\/\/franciscanos.org.br\/noticias\/wp-content\/uploads\/2022\/06\/triduo_3006_9-300x300.jpg 300w, https:\/\/franciscanos.org.br\/noticias\/wp-content\/uploads\/2022\/06\/triduo_3006_9-100x100.jpg 100w\" sizes=\"(max-width: 300px) 100vw, 300px\" \/><\/a>\n\t\t\t<\/dt><\/dl><br style=\"clear: both\" \/>\n\t\t<\/div>\n\n<p><em>\u00a0 \u00a0 \u00a0 \u00a0 (toque nas imagens menores para ampli\u00e1-las)<\/em><\/p>\n<p>O celebrante lembrou que a Igreja passava por um momento de crise quando Deus suscitou &#8211; como suscitou profetas &#8211; um jovem chamado Francisco de Assis. Rico, afamado, com muito prest\u00edgio, pensava ser famoso, mas Deus pensa diferente e, tocado pela gra\u00e7a divina, ele encontrou a luz na Palavra de Deus e, sobretudo, quando o Crucifixo da pequena igreja de S\u00e3o Dami\u00e3o, toda destru\u00edda, falou: &#8220;Francisco, vai reconstr\u00f3i a minha igreja, que, como v\u00eas, est\u00e1 toda destru\u00edda&#8221;. Francisco pensou: &#8220;Vou ser um pedreiro&#8221; e come\u00e7ou a reconstruir as igrejas. &#8220;Mas Deus foi mostrando o caminho e ele chegou \u00e0 conclus\u00e3o: eu fui feito para coisas maiores. Ele quer que eu seja o reconstrutor da face humana: A Igreja de Cristo. A\u00ed ele foi descobrindo a Igreja nos pobres, nos sofredores, nos leprosos, mas sobretudo foi descobrindo que a estrutura hier\u00e1rquica da Igreja, atrav\u00e9s deu seus pastores, precisava ser reconstru\u00edda. E come\u00e7ou sem deixar a Igreja, sem conden\u00e1-la. Come\u00e7ou a reconstru\u00ed-la a partir dele, a partir de dentro, a partir da sua vida, da sua hist\u00f3ria, do Evangelho. Portanto, S\u00e3o Francisco \u00e9 o reconstrutor da Igreja fundada por Cristo com os ap\u00f3stolos&#8221;, ressaltou o celebrante.<\/p>\n<p>&#8220;E se poderia se perguntar: Qual a Igreja que quero que seja reconstru\u00edda hoje? A primeira Igreja \u00e9 a do nosso cora\u00e7\u00e3o, da nossa f\u00e9, da nossa vida.\u00a0 A segunda Igreja que se quer reconstruir s\u00e3o os valores que devem nortear a vida na sociedade, na comunidade. A terceira Igreja que se quer reconstruir \u00e9 realmente a Igreja humana&#8221;, concluiu Frei Pedro.<\/p>\n<p><img loading=\"lazy\" class=\"alignnone size-full wp-image-238788\" src=\"https:\/\/franciscanos.org.br\/noticias\/wp-content\/uploads\/2022\/06\/triduo_3006_2.jpg\" alt=\"\" width=\"1200\" height=\"649\" srcset=\"https:\/\/franciscanos.org.br\/noticias\/wp-content\/uploads\/2022\/06\/triduo_3006_2.jpg 1200w, https:\/\/franciscanos.org.br\/noticias\/wp-content\/uploads\/2022\/06\/triduo_3006_2-450x243.jpg 450w, https:\/\/franciscanos.org.br\/noticias\/wp-content\/uploads\/2022\/06\/triduo_3006_2-1024x554.jpg 1024w, https:\/\/franciscanos.org.br\/noticias\/wp-content\/uploads\/2022\/06\/triduo_3006_2-768x415.jpg 768w, https:\/\/franciscanos.org.br\/noticias\/wp-content\/uploads\/2022\/06\/triduo_3006_2-150x81.jpg 150w\" sizes=\"(max-width: 1200px) 100vw, 1200px\" \/><\/p>\n<p><strong>MISSA DOS IDOSOS E ENFERMOS<\/strong><\/p>\n<p>\u00c0s 17 horas, Frei Aldolino Bankhardt presidiu a Missa dos Idosos e Enfermos. &#8220;Temos v\u00e1rias celebra\u00e7\u00f5es nesta semana t\u00e3o especial da Festa de S\u00e3o Pedro. Nossa inten\u00e7\u00e3o foi propiciar um momento todo especial para os idosos e os enfermos, numa hora mais confort\u00e1vel \u00e0 tarde. De manh\u00e3 ou \u00e0 noite, certamente encontram mais dificuldades de estar aqui. Ent\u00e3o, aqui estamos. Bem-vindos a todos, mas especialmente os idosos e enfermos. Para colocar a nossa a vida em celebra\u00e7\u00e3o, em uni\u00e3o com todos esses irm\u00e3os e irm\u00e3s da Par\u00f3quia que estar\u00e3o nestas celebra\u00e7\u00f5es&#8221;, convidou Frei Aldolino.<\/p>\n<p>Hoje, nos festejos populares, a Festa ofereceu um rod\u00edzio de sopas de v\u00e1rios sabores para aquecer a noite fria.<\/p>\n<p>Nesta sexta-feira, 1\u00ba de junho, segundo dia do Tr\u00edduo, o tema ser\u00e1 \u201cPedro, o homem simples que torna-se a base da Igreja; Francisco, o homem humilde que acolhe aos pobres e sofredores\u201d na Missa \u00e0s 19 horas. As tradicionais del\u00edcias da Festa de S\u00e3o Pedro j\u00e1 estar\u00e3o dispon\u00edveis no per\u00edodo da manh\u00e3 desta sexta. A partir das 9h, os gasparenses podem comprar o delicioso sonho, bolo, pastel e caf\u00e9. Mais tarde, a partir das 17h, haver\u00e1 completo servi\u00e7o de bar e cozinha, roda da fortuna, pescaria, pinh\u00e3o, bingo e churrasco.<\/p>\n<div id=\"attachment_238789\" style=\"width: 1210px\" class=\"wp-caption alignnone\"><img aria-describedby=\"caption-attachment-238789\" loading=\"lazy\" class=\"wp-image-238789 size-full\" src=\"https:\/\/franciscanos.org.br\/noticias\/wp-content\/uploads\/2022\/06\/triduo_3006_10.jpg\" alt=\"\" width=\"1200\" height=\"800\" srcset=\"https:\/\/franciscanos.org.br\/noticias\/wp-content\/uploads\/2022\/06\/triduo_3006_10.jpg 1200w, https:\/\/franciscanos.org.br\/noticias\/wp-content\/uploads\/2022\/06\/triduo_3006_10-450x300.jpg 450w, https:\/\/franciscanos.org.br\/noticias\/wp-content\/uploads\/2022\/06\/triduo_3006_10-1024x683.jpg 1024w, https:\/\/franciscanos.org.br\/noticias\/wp-content\/uploads\/2022\/06\/triduo_3006_10-768x512.jpg 768w, https:\/\/franciscanos.org.br\/noticias\/wp-content\/uploads\/2022\/06\/triduo_3006_10-150x100.jpg 150w\" sizes=\"(max-width: 1200px) 100vw, 1200px\" \/><p id=\"caption-attachment-238789\" class=\"wp-caption-text\"><em>Hoje foi o dia do rod\u00edzio de sopas. Para esquentar o frio. <\/em><\/p><\/div>\n<p><strong>UMA FESTA PENSADA EM MENOS DE TR\u00caS MESES<\/strong><\/p>\n<p>Por tr\u00e1s da Festa de S\u00e3o Pedro est\u00e1 a coordena\u00e7\u00e3o do Conselho de Pastoral da Comunidade (CPC), que \u00e9 presidido pelo p\u00e1roco Frei Pedro da Silva e coordenado por Cuniberto Francisco Kuhnen, que assumiu oficialmente em 1\u00ba de mar\u00e7o deste ano para um mandato de dois anos. No mandato anterior, ele foi vice. &#8220;Mas n\u00e3o fizemos muita coisa porque foram os dois anos da pandemia&#8221;, explica. Esta Festa de S\u00e3o Pedro \u00e9 o seu primeiro grande desafio, embora esse trabalho n\u00e3o lhe tire o sono, j\u00e1 que tem na retaguarda 25 equipes dispostas a manter a tradi\u00e7\u00e3o festeira em honra ao Padroeiro de Gaspar.<\/p>\n<p>Cuniberto conta que esta Festa n\u00e3o teve muito tempo para ser pensada. &#8220;H\u00e1 tr\u00eas meses come\u00e7amos a pensar a Festa, mas a princ\u00edpio imagin\u00e1vamos um evento menor, tendo em vista esse recome\u00e7o e o pouco tempo para organizar tudo. Mas a anima\u00e7\u00e3o das pessoas fez com que a Festa ficasse grande&#8221;, conta o coordenador, lembrando que ontem e hoje se limitou os festejos com um dia de macarronada e hoje o destaque s\u00e3o as sopas. &#8220;Em outras festas todas as barracas estavam em plena atividade&#8221;, observou.<\/p>\n<div id=\"attachment_238790\" style=\"width: 1290px\" class=\"wp-caption alignnone\"><img aria-describedby=\"caption-attachment-238790\" loading=\"lazy\" class=\"wp-image-238790 size-full\" src=\"https:\/\/franciscanos.org.br\/noticias\/wp-content\/uploads\/2022\/06\/triduo_3006.jpg\" alt=\"\" width=\"1280\" height=\"720\" srcset=\"https:\/\/franciscanos.org.br\/noticias\/wp-content\/uploads\/2022\/06\/triduo_3006.jpg 1280w, https:\/\/franciscanos.org.br\/noticias\/wp-content\/uploads\/2022\/06\/triduo_3006-450x253.jpg 450w, https:\/\/franciscanos.org.br\/noticias\/wp-content\/uploads\/2022\/06\/triduo_3006-1024x576.jpg 1024w, https:\/\/franciscanos.org.br\/noticias\/wp-content\/uploads\/2022\/06\/triduo_3006-768x432.jpg 768w, https:\/\/franciscanos.org.br\/noticias\/wp-content\/uploads\/2022\/06\/triduo_3006-150x84.jpg 150w\" sizes=\"(max-width: 1280px) 100vw, 1280px\" \/><p id=\"caption-attachment-238790\" class=\"wp-caption-text\"><em>Cuniberto Francisco Kuhnen, coordenador do CPP<\/em><\/p><\/div>\n<p>Nesses tr\u00eas meses tamb\u00e9m foi preciso reunir as equipes que estavam &#8220;bem dispersas&#8221; depois desse tempo de pandemia. Hoje, um total de 200 volunt\u00e1rios trabalham diariamente e 300 est\u00e3o \u00e0 disposi\u00e7\u00e3o de toda a Festa. &#8220;\u00c9 muito importante esse trabalho conjunto. E todos acabam se envolvendo com a Festa&#8221;, elogia Cuniberto, lembrando que n\u00e3o se pode esquecer dos doadores e dos benfeitores.<\/p>\n<p>&#8220;Fora da organiza\u00e7\u00e3o da festa, eu penso que o povo est\u00e1 com saudades de participar destas festividades, de reencontrar as pessoas e de ter aquela sensa\u00e7\u00e3o que voltamos ao normal depois desse tempo todo vivendo uma pandemia&#8221;, acredita Cuniberto. Segundo ele, nesses dois anos foi feita uma experi\u00eancia de delibery que deu muito certo. &#8220;Um aspecto positivo \u00e9 que pessoas mais novas assumiram esse trabalho para que as pessoas idosas ficassem se cuidando em casa. Por necessidade, conseguimos essa renova\u00e7\u00e3o, importante para o futuro da Festa&#8221;, avalia o coordenador.<\/p>\n<div id=\"attachment_238791\" style=\"width: 1290px\" class=\"wp-caption alignnone\"><img aria-describedby=\"caption-attachment-238791\" loading=\"lazy\" class=\"wp-image-238791 size-full\" src=\"https:\/\/franciscanos.org.br\/noticias\/wp-content\/uploads\/2022\/06\/triduo_3006_11.jpg\" alt=\"\" width=\"1280\" height=\"853\" srcset=\"https:\/\/franciscanos.org.br\/noticias\/wp-content\/uploads\/2022\/06\/triduo_3006_11.jpg 1280w, https:\/\/franciscanos.org.br\/noticias\/wp-content\/uploads\/2022\/06\/triduo_3006_11-450x300.jpg 450w, https:\/\/franciscanos.org.br\/noticias\/wp-content\/uploads\/2022\/06\/triduo_3006_11-1024x682.jpg 1024w, https:\/\/franciscanos.org.br\/noticias\/wp-content\/uploads\/2022\/06\/triduo_3006_11-768x512.jpg 768w, https:\/\/franciscanos.org.br\/noticias\/wp-content\/uploads\/2022\/06\/triduo_3006_11-150x100.jpg 150w\" sizes=\"(max-width: 1280px) 100vw, 1280px\" \/><p id=\"caption-attachment-238791\" class=\"wp-caption-text\"><em>Do lado esquerdo, o Passeio S\u00e3o Pedro e, do lado direito, o Sal\u00e3o Cristo Rei<\/em><\/p><\/div>\n<p><strong>PASSEIO DE S\u00c3O PEDRO<\/strong><\/p>\n<p>Nesta quinta-feira, o pr\u00e9dio do Passeio de S\u00e3o Pedro come\u00e7ou a abrigar pela primeira vez, em dois pavimentos, as barracas, como a de cachorro quente e de quent\u00e3o. O Passeio de S\u00e3o Pedro come\u00e7ou a ser constru\u00eddo em mar\u00e7o de 2019, mas em mar\u00e7o de 2020, com a pandemia, os trabalhos foram paralisados e retomados ainda num ritmo mais lento e n\u00e3o h\u00e1 previs\u00e3o para ser conclu\u00edda a obra. &#8220;Falar em prazo \u00e9 dif\u00edcil, principalmente porque essa fase de acabamento costuma ser muito custosa&#8221;, explica o coordenador do CPP. Ele, por\u00e9m, lembra que a parte do solo j\u00e1 pode ser locada, gerando uma receita nesse momento de dificuldades financeiras.<\/p>\n<p>Cuniberto explica que o Passeio de S\u00e3o Pedro foi pensado para gerar recursos para a manuten\u00e7\u00e3o da estrutura sacra, cultural e patrimonial que envolve a Matriz de S\u00e3o Pedro Ap\u00f3stolo. &#8220;Temos esse patrim\u00f4nio hist\u00f3rico, religioso e cultural e n\u00e3o sabemos quanto tempo vamos ter as festas para garantir essa estrutura. Para o futuro, precis\u00e1vamos pensar em alguma solu\u00e7\u00e3o. A ideia \u00e9 fazer desse espa\u00e7o um centro comercial, mas n\u00e3o \u00e9 nossa inten\u00e7\u00e3o concorrer com o com\u00e9rcio local, pelo contr\u00e1rio, queremos oferecer novas possibilidades que agreguem ao com\u00e9rcio local&#8221;, explica o coordenador do CPP. Segundo ele, enquanto as festas tiverem esse volume de pessoas a garagem e a parte t\u00e9rrea servir\u00e3o como espa\u00e7os para as festividades.<\/p>\n<p>Al\u00e9m da conclus\u00e3o do Passeio, a Par\u00f3quia tem reformas importantes para serem feitas, como a troca de toda a fia\u00e7\u00e3o el\u00e9trica da igreja, a reforma do Sal\u00e3o Paroquial Cristo Rei e a pintura da Igeja Matriz.<\/p>\n<hr \/>\n<p><em>Comunica\u00e7\u00e3o da Prov\u00edncia da Imaculada Concei\u00e7\u00e3o e Jo\u00e3o Guilherme Simon (transmiss\u00e3o)<\/em><\/p>\n","protected":false},"excerpt":{"rendered":"<p>Festa de S\u00e3o Pedro Ap\u00f3stolo de Gaspar<\/p>\n","protected":false},"author":3,"featured_media":238780,"comment_status":"open","ping_status":"open","sticky":false,"template":"","format":"standard","meta":[],"categories":[1],"tags":[2041],"acf":[],"yoast_head":"<!-- This site is optimized with the Yoast SEO plugin v19.2 - https:\/\/yoast.com\/wordpress\/plugins\/seo\/ -->\n<title>S\u00e3o Pedro e S\u00e3o Francisco: funda\u00e7\u00e3o e reconstru\u00e7\u00e3o da Igreja - Not\u00edcias - Franciscanos<\/title>\n<meta name=\"robots\" content=\"index, follow, max-snippet:-1, max-image-preview:large, max-video-preview:-1\" \/>\n<link rel=\"canonical\" href=\"https:\/\/franciscanos.org.br\/noticias\/sao-pedro-e-sao-francisco-fundacao-e-reconstrucao-da-igreja.html\" \/>\n<meta property=\"og:locale\" content=\"pt_BR\" \/>\n<meta property=\"og:type\" content=\"article\" \/>\n<meta property=\"og:title\" content=\"S\u00e3o Pedro e S\u00e3o Francisco: funda\u00e7\u00e3o e reconstru\u00e7\u00e3o da Igreja - Not\u00edcias - Franciscanos\" \/>\n<meta property=\"og:description\" content=\"Festa de S\u00e3o Pedro Ap\u00f3stolo de Gaspar\" \/>\n<meta property=\"og:url\" content=\"https:\/\/franciscanos.org.br\/noticias\/sao-pedro-e-sao-francisco-fundacao-e-reconstrucao-da-igreja.html\" \/>\n<meta property=\"og:site_name\" content=\"Not\u00edcias - Franciscanos\" \/>\n<meta property=\"article:published_time\" content=\"2022-07-01T02:00:07+00:00\" \/>\n<meta property=\"article:modified_time\" content=\"2023-01-03T16:38:29+00:00\" \/>\n<meta property=\"og:image\" content=\"https:\/\/franciscanos.org.br\/noticias\/wp-content\/uploads\/2022\/06\/triduo_3006_4.jpg\" \/>\n\t<meta property=\"og:image:width\" content=\"1280\" \/>\n\t<meta property=\"og:image:height\" content=\"720\" \/>\n\t<meta property=\"og:image:type\" content=\"image\/jpeg\" \/>\n<meta name=\"author\" content=\"moacir\" \/>\n<meta name=\"twitter:card\" content=\"summary_large_image\" \/>\n<meta name=\"twitter:label1\" content=\"Escrito por\" \/>\n\t<meta name=\"twitter:data1\" content=\"moacir\" \/>\n\t<meta name=\"twitter:label2\" content=\"Est. tempo de leitura\" \/>\n\t<meta name=\"twitter:data2\" content=\"9 minutos\" \/>\n<script type=\"application\/ld+json\" class=\"yoast-schema-graph\">{\"@context\":\"https:\/\/schema.org\",\"@graph\":[{\"@type\":\"WebSite\",\"@id\":\"https:\/\/franciscanos.org.br\/noticias\/#website\",\"url\":\"https:\/\/franciscanos.org.br\/noticias\/\",\"name\":\"Not\u00edcias - Franciscanos\",\"description\":\"Prov\u00edncia Franciscana da Imaculada Concei\u00e7\u00e3o do Brasil - Ordem dos Frades Menores - OFM\",\"potentialAction\":[{\"@type\":\"SearchAction\",\"target\":{\"@type\":\"EntryPoint\",\"urlTemplate\":\"https:\/\/franciscanos.org.br\/noticias\/?s={search_term_string}\"},\"query-input\":\"required name=search_term_string\"}],\"inLanguage\":\"pt-BR\"},{\"@type\":\"ImageObject\",\"inLanguage\":\"pt-BR\",\"@id\":\"https:\/\/franciscanos.org.br\/noticias\/sao-pedro-e-sao-francisco-fundacao-e-reconstrucao-da-igreja.html#primaryimage\",\"url\":\"https:\/\/franciscanos.org.br\/noticias\/wp-content\/uploads\/2022\/06\/triduo_3006_4.jpg\",\"contentUrl\":\"https:\/\/franciscanos.org.br\/noticias\/wp-content\/uploads\/2022\/06\/triduo_3006_4.jpg\",\"width\":1280,\"height\":720},{\"@type\":\"WebPage\",\"@id\":\"https:\/\/franciscanos.org.br\/noticias\/sao-pedro-e-sao-francisco-fundacao-e-reconstrucao-da-igreja.html#webpage\",\"url\":\"https:\/\/franciscanos.org.br\/noticias\/sao-pedro-e-sao-francisco-fundacao-e-reconstrucao-da-igreja.html\",\"name\":\"S\u00e3o Pedro e S\u00e3o Francisco: funda\u00e7\u00e3o e reconstru\u00e7\u00e3o da Igreja - Not\u00edcias - Franciscanos\",\"isPartOf\":{\"@id\":\"https:\/\/franciscanos.org.br\/noticias\/#website\"},\"primaryImageOfPage\":{\"@id\":\"https:\/\/franciscanos.org.br\/noticias\/sao-pedro-e-sao-francisco-fundacao-e-reconstrucao-da-igreja.html#primaryimage\"},\"datePublished\":\"2022-07-01T02:00:07+00:00\",\"dateModified\":\"2023-01-03T16:38:29+00:00\",\"author\":{\"@id\":\"https:\/\/franciscanos.org.br\/noticias\/#\/schema\/person\/b5c8cba458c330ccff548b056e95a5d4\"},\"breadcrumb\":{\"@id\":\"https:\/\/franciscanos.org.br\/noticias\/sao-pedro-e-sao-francisco-fundacao-e-reconstrucao-da-igreja.html#breadcrumb\"},\"inLanguage\":\"pt-BR\",\"potentialAction\":[{\"@type\":\"ReadAction\",\"target\":[\"https:\/\/franciscanos.org.br\/noticias\/sao-pedro-e-sao-francisco-fundacao-e-reconstrucao-da-igreja.html\"]}]},{\"@type\":\"BreadcrumbList\",\"@id\":\"https:\/\/franciscanos.org.br\/noticias\/sao-pedro-e-sao-francisco-fundacao-e-reconstrucao-da-igreja.html#breadcrumb\",\"itemListElement\":[{\"@type\":\"ListItem\",\"position\":1,\"name\":\"Home\",\"item\":\"https:\/\/franciscanos.org.br\/noticias\"},{\"@type\":\"ListItem\",\"position\":2,\"name\":\"S\u00e3o Pedro e S\u00e3o Francisco: funda\u00e7\u00e3o e reconstru\u00e7\u00e3o da Igreja\"}]},{\"@type\":\"Person\",\"@id\":\"https:\/\/franciscanos.org.br\/noticias\/#\/schema\/person\/b5c8cba458c330ccff548b056e95a5d4\",\"name\":\"moacir\",\"image\":{\"@type\":\"ImageObject\",\"inLanguage\":\"pt-BR\",\"@id\":\"https:\/\/franciscanos.org.br\/noticias\/#\/schema\/person\/image\/\",\"url\":\"https:\/\/secure.gravatar.com\/avatar\/d08aa2ce4c8dd416d4479aa8536fcf64?s=96&d=mm&r=g\",\"contentUrl\":\"https:\/\/secure.gravatar.com\/avatar\/d08aa2ce4c8dd416d4479aa8536fcf64?s=96&d=mm&r=g\",\"caption\":\"moacir\"},\"url\":\"https:\/\/franciscanos.org.br\/noticias\/author\/moacir\"}]}<\/script>\n<!-- \/ Yoast SEO plugin. -->","yoast_head_json":{"title":"S\u00e3o Pedro e S\u00e3o Francisco: funda\u00e7\u00e3o e reconstru\u00e7\u00e3o da Igreja - Not\u00edcias - Franciscanos","robots":{"index":"index","follow":"follow","max-snippet":"max-snippet:-1","max-image-preview":"max-image-preview:large","max-video-preview":"max-video-preview:-1"},"canonical":"https:\/\/franciscanos.org.br\/noticias\/sao-pedro-e-sao-francisco-fundacao-e-reconstrucao-da-igreja.html","og_locale":"pt_BR","og_type":"article","og_title":"S\u00e3o Pedro e S\u00e3o Francisco: funda\u00e7\u00e3o e reconstru\u00e7\u00e3o da Igreja - Not\u00edcias - Franciscanos","og_description":"Festa de S\u00e3o Pedro Ap\u00f3stolo de Gaspar","og_url":"https:\/\/franciscanos.org.br\/noticias\/sao-pedro-e-sao-francisco-fundacao-e-reconstrucao-da-igreja.html","og_site_name":"Not\u00edcias - Franciscanos","article_published_time":"2022-07-01T02:00:07+00:00","article_modified_time":"2023-01-03T16:38:29+00:00","og_image":[{"width":1280,"height":720,"url":"https:\/\/franciscanos.org.br\/noticias\/wp-content\/uploads\/2022\/06\/triduo_3006_4.jpg","type":"image\/jpeg"}],"author":"moacir","twitter_card":"summary_large_image","twitter_misc":{"Escrito por":"moacir","Est. tempo de leitura":"9 minutos"},"schema":{"@context":"https:\/\/schema.org","@graph":[{"@type":"WebSite","@id":"https:\/\/franciscanos.org.br\/noticias\/#website","url":"https:\/\/franciscanos.org.br\/noticias\/","name":"Not\u00edcias - Franciscanos","description":"Prov\u00edncia Franciscana da Imaculada Concei\u00e7\u00e3o do Brasil - Ordem dos Frades Menores - OFM","potentialAction":[{"@type":"SearchAction","target":{"@type":"EntryPoint","urlTemplate":"https:\/\/franciscanos.org.br\/noticias\/?s={search_term_string}"},"query-input":"required name=search_term_string"}],"inLanguage":"pt-BR"},{"@type":"ImageObject","inLanguage":"pt-BR","@id":"https:\/\/franciscanos.org.br\/noticias\/sao-pedro-e-sao-francisco-fundacao-e-reconstrucao-da-igreja.html#primaryimage","url":"https:\/\/franciscanos.org.br\/noticias\/wp-content\/uploads\/2022\/06\/triduo_3006_4.jpg","contentUrl":"https:\/\/franciscanos.org.br\/noticias\/wp-content\/uploads\/2022\/06\/triduo_3006_4.jpg","width":1280,"height":720},{"@type":"WebPage","@id":"https:\/\/franciscanos.org.br\/noticias\/sao-pedro-e-sao-francisco-fundacao-e-reconstrucao-da-igreja.html#webpage","url":"https:\/\/franciscanos.org.br\/noticias\/sao-pedro-e-sao-francisco-fundacao-e-reconstrucao-da-igreja.html","name":"S\u00e3o Pedro e S\u00e3o Francisco: funda\u00e7\u00e3o e reconstru\u00e7\u00e3o da Igreja - Not\u00edcias - Franciscanos","isPartOf":{"@id":"https:\/\/franciscanos.org.br\/noticias\/#website"},"primaryImageOfPage":{"@id":"https:\/\/franciscanos.org.br\/noticias\/sao-pedro-e-sao-francisco-fundacao-e-reconstrucao-da-igreja.html#primaryimage"},"datePublished":"2022-07-01T02:00:07+00:00","dateModified":"2023-01-03T16:38:29+00:00","author":{"@id":"https:\/\/franciscanos.org.br\/noticias\/#\/schema\/person\/b5c8cba458c330ccff548b056e95a5d4"},"breadcrumb":{"@id":"https:\/\/franciscanos.org.br\/noticias\/sao-pedro-e-sao-francisco-fundacao-e-reconstrucao-da-igreja.html#breadcrumb"},"inLanguage":"pt-BR","potentialAction":[{"@type":"ReadAction","target":["https:\/\/franciscanos.org.br\/noticias\/sao-pedro-e-sao-francisco-fundacao-e-reconstrucao-da-igreja.html"]}]},{"@type":"BreadcrumbList","@id":"https:\/\/franciscanos.org.br\/noticias\/sao-pedro-e-sao-francisco-fundacao-e-reconstrucao-da-igreja.html#breadcrumb","itemListElement":[{"@type":"ListItem","position":1,"name":"Home","item":"https:\/\/franciscanos.org.br\/noticias"},{"@type":"ListItem","position":2,"name":"S\u00e3o Pedro e S\u00e3o Francisco: funda\u00e7\u00e3o e reconstru\u00e7\u00e3o da Igreja"}]},{"@type":"Person","@id":"https:\/\/franciscanos.org.br\/noticias\/#\/schema\/person\/b5c8cba458c330ccff548b056e95a5d4","name":"moacir","image":{"@type":"ImageObject","inLanguage":"pt-BR","@id":"https:\/\/franciscanos.org.br\/noticias\/#\/schema\/person\/image\/","url":"https:\/\/secure.gravatar.com\/avatar\/d08aa2ce4c8dd416d4479aa8536fcf64?s=96&d=mm&r=g","contentUrl":"https:\/\/secure.gravatar.com\/avatar\/d08aa2ce4c8dd416d4479aa8536fcf64?s=96&d=mm&r=g","caption":"moacir"},"url":"https:\/\/franciscanos.org.br\/noticias\/author\/moacir"}]}},"_links":{"self":[{"href":"https:\/\/franciscanos.org.br\/noticias\/wp-json\/wp\/v2\/posts\/238779"}],"collection":[{"href":"https:\/\/franciscanos.org.br\/noticias\/wp-json\/wp\/v2\/posts"}],"about":[{"href":"https:\/\/franciscanos.org.br\/noticias\/wp-json\/wp\/v2\/types\/post"}],"author":[{"embeddable":true,"href":"https:\/\/franciscanos.org.br\/noticias\/wp-json\/wp\/v2\/users\/3"}],"replies":[{"embeddable":true,"href":"https:\/\/franciscanos.org.br\/noticias\/wp-json\/wp\/v2\/comments?post=238779"}],"version-history":[{"count":3,"href":"https:\/\/franciscanos.org.br\/noticias\/wp-json\/wp\/v2\/posts\/238779\/revisions"}],"predecessor-version":[{"id":241498,"href":"https:\/\/franciscanos.org.br\/noticias\/wp-json\/wp\/v2\/posts\/238779\/revisions\/241498"}],"wp:featuredmedia":[{"embeddable":true,"href":"https:\/\/franciscanos.org.br\/noticias\/wp-json\/wp\/v2\/media\/238780"}],"wp:attachment":[{"href":"https:\/\/franciscanos.org.br\/noticias\/wp-json\/wp\/v2\/media?parent=238779"}],"wp:term":[{"taxonomy":"category","embeddable":true,"href":"https:\/\/franciscanos.org.br\/noticias\/wp-json\/wp\/v2\/categories?post=238779"},{"taxonomy":"post_tag","embeddable":true,"href":"https:\/\/franciscanos.org.br\/noticias\/wp-json\/wp\/v2\/tags?post=238779"}],"curies":[{"name":"wp","href":"https:\/\/api.w.org\/{rel}","templated":true}]}}