{"id":238768,"date":"2022-06-30T08:24:55","date_gmt":"2022-06-30T11:24:55","guid":{"rendered":"https:\/\/franciscanos.org.br\/noticias\/?p=238768"},"modified":"2022-06-30T08:24:55","modified_gmt":"2022-06-30T11:24:55","slug":"leitorado-na-paroquia-santo-antonio-em-sorocaba","status":"publish","type":"post","link":"https:\/\/franciscanos.org.br\/noticias\/leitorado-na-paroquia-santo-antonio-em-sorocaba.html","title":{"rendered":"Leitorado na Par\u00f3quia Santo Ant\u00f4nio em Sorocaba"},"content":{"rendered":"<p><img loading=\"lazy\" class=\"alignnone size-full wp-image-238770\" src=\"https:\/\/franciscanos.org.br\/noticias\/wp-content\/uploads\/2022\/06\/sorocaba_01-1.jpg\" alt=\"\" width=\"1280\" height=\"720\" srcset=\"https:\/\/franciscanos.org.br\/noticias\/wp-content\/uploads\/2022\/06\/sorocaba_01-1.jpg 1280w, https:\/\/franciscanos.org.br\/noticias\/wp-content\/uploads\/2022\/06\/sorocaba_01-1-450x253.jpg 450w, https:\/\/franciscanos.org.br\/noticias\/wp-content\/uploads\/2022\/06\/sorocaba_01-1-1024x576.jpg 1024w, https:\/\/franciscanos.org.br\/noticias\/wp-content\/uploads\/2022\/06\/sorocaba_01-1-768x432.jpg 768w, https:\/\/franciscanos.org.br\/noticias\/wp-content\/uploads\/2022\/06\/sorocaba_01-1-150x84.jpg 150w\" sizes=\"(max-width: 1280px) 100vw, 1280px\" \/><\/p>\n<p><strong>Sorocaba (SP) &#8211;<\/strong> Na ter\u00e7a-feira, 28 de junho, na Par\u00f3quia Santo Ant\u00f4nio, em Sorocaba (SP), Eduardo dos Santos recebeu o Minist\u00e9rio do Leitor em Celebra\u00e7\u00e3o presidida pelo Bispo Dom Julio Endi Akamine, com a participa\u00e7\u00e3o de Frei Gilberto Marcos S. Piscitelli (p\u00e1roco), Frei Roz\u00e2ntimo A. Costa (vig\u00e1rio), di\u00e1cono Ant\u00f4nio Jo\u00e3o Tamiozzo e Pe. Jos\u00e9 Edmilson Santos Silva (Par\u00f3quia S\u00e3o Jo\u00e3o Batista &#8211; Salto de Pirapora). Tamb\u00e9m participaram desta celebra\u00e7\u00e3o, \u00e0s 19 hors, os seminaristas Marcos Tassi, Bruno Henrique, Marcelo Alves e Ricardo Gon\u00e7alves<\/p>\n<p>Esse rito \u00e9 uma das etapas do processo formativo do futuro di\u00e1cono ordenado da Arquidiocese de Sorocaba. Antes de serem ordenados di\u00e1conos, os candidatos recebem os minist\u00e9rios do Leitorado e o Acolitado.<\/p>\n<p>O leitor \u00e9 institu\u00eddo no servi\u00e7o da mesa da Palavra, onde de forma oficial proclama as leituras das celebra\u00e7\u00f5es (exceto o Evangelho); a ele tamb\u00e9m \u00e9 conferida a miss\u00e3o de organizar a catequese e orientar o povo e sua participa\u00e7\u00e3o na assembleia.<\/p>\n<p><img loading=\"lazy\" class=\"alignnone size-full wp-image-238769\" src=\"https:\/\/franciscanos.org.br\/noticias\/wp-content\/uploads\/2022\/06\/sorocaba_02-1.jpg\" alt=\"\" width=\"1280\" height=\"961\" srcset=\"https:\/\/franciscanos.org.br\/noticias\/wp-content\/uploads\/2022\/06\/sorocaba_02-1.jpg 1280w, https:\/\/franciscanos.org.br\/noticias\/wp-content\/uploads\/2022\/06\/sorocaba_02-1-450x338.jpg 450w, https:\/\/franciscanos.org.br\/noticias\/wp-content\/uploads\/2022\/06\/sorocaba_02-1-1024x769.jpg 1024w, https:\/\/franciscanos.org.br\/noticias\/wp-content\/uploads\/2022\/06\/sorocaba_02-1-768x577.jpg 768w, https:\/\/franciscanos.org.br\/noticias\/wp-content\/uploads\/2022\/06\/sorocaba_02-1-150x113.jpg 150w, https:\/\/franciscanos.org.br\/noticias\/wp-content\/uploads\/2022\/06\/sorocaba_02-1-600x450.jpg 600w\" sizes=\"(max-width: 1280px) 100vw, 1280px\" \/><\/p>\n<p><strong>Privil\u00e9gio com Responsabilidade<\/strong><\/p>\n<p>Em sua homilia, Dom Julio explicou aos fi\u00e9is sobre os minist\u00e9rios extraordin\u00e1rios e os minist\u00e9rios ordenados e suas fun\u00e7\u00f5es n\u00e3o somente na par\u00f3quia, mas tamb\u00e9m na sociedade.<\/p>\n<p>Partindo da Primeira Leitura da Profecia de Am\u00f3s, Dom Julio falou sobre ser escolhido para servir a Deus e o privil\u00e9gio que \u00e9 ser institu\u00eddo ou ordenado aos minist\u00e9rios, mas que com o privil\u00e9gio do minist\u00e9rio h\u00e1 tamb\u00e9m a responsabilidade que o escolhido deve ter diante de sua decis\u00e3o.<\/p>\n<p>Dom Julio refletiu tamb\u00e9m sobre o Evangelho do dia, o qual nos fala sobre a f\u00e9 e a confian\u00e7a que precisamos ter, n\u00e3o somente diante das adversidades, mas sim em todos os momentos que a vida nos coloca e que assim Ele cuidar\u00e1 de cada um.<\/p>\n<hr \/>\n<p><em>Texto e Fotos: Pascom Par\u00f3quia Santo Ant\u00f4nio de Sorocaba<\/em><\/p>\n","protected":false},"excerpt":{"rendered":"<p>Par\u00f3quia Franciscana Santo Ant\u00f4nio de Sorocaba<\/p>\n","protected":false},"author":3,"featured_media":238770,"comment_status":"open","ping_status":"open","sticky":false,"template":"","format":"standard","meta":[],"categories":[1],"tags":[2034],"acf":[],"yoast_head":"<!-- This site is optimized with the Yoast SEO plugin v19.2 - https:\/\/yoast.com\/wordpress\/plugins\/seo\/ -->\n<title>Leitorado na Par\u00f3quia Santo Ant\u00f4nio em Sorocaba - Not\u00edcias - Franciscanos<\/title>\n<meta name=\"robots\" content=\"index, follow, max-snippet:-1, max-image-preview:large, max-video-preview:-1\" \/>\n<link rel=\"canonical\" href=\"https:\/\/franciscanos.org.br\/noticias\/leitorado-na-paroquia-santo-antonio-em-sorocaba.html\" \/>\n<meta property=\"og:locale\" content=\"pt_BR\" \/>\n<meta property=\"og:type\" content=\"article\" \/>\n<meta property=\"og:title\" content=\"Leitorado na Par\u00f3quia Santo Ant\u00f4nio em Sorocaba - Not\u00edcias - Franciscanos\" \/>\n<meta property=\"og:description\" content=\"Par\u00f3quia Franciscana Santo Ant\u00f4nio de Sorocaba\" \/>\n<meta property=\"og:url\" content=\"https:\/\/franciscanos.org.br\/noticias\/leitorado-na-paroquia-santo-antonio-em-sorocaba.html\" \/>\n<meta property=\"og:site_name\" content=\"Not\u00edcias - Franciscanos\" \/>\n<meta property=\"article:published_time\" content=\"2022-06-30T11:24:55+00:00\" \/>\n<meta property=\"og:image\" content=\"https:\/\/franciscanos.org.br\/noticias\/wp-content\/uploads\/2022\/06\/sorocaba_01-1.jpg\" \/>\n\t<meta property=\"og:image:width\" content=\"1280\" \/>\n\t<meta property=\"og:image:height\" content=\"720\" \/>\n\t<meta property=\"og:image:type\" content=\"image\/jpeg\" \/>\n<meta name=\"author\" content=\"moacir\" \/>\n<meta name=\"twitter:card\" content=\"summary_large_image\" \/>\n<meta name=\"twitter:label1\" content=\"Escrito por\" \/>\n\t<meta name=\"twitter:data1\" content=\"moacir\" \/>\n\t<meta name=\"twitter:label2\" content=\"Est. tempo de leitura\" \/>\n\t<meta name=\"twitter:data2\" content=\"2 minutos\" \/>\n<script type=\"application\/ld+json\" class=\"yoast-schema-graph\">{\"@context\":\"https:\/\/schema.org\",\"@graph\":[{\"@type\":\"WebSite\",\"@id\":\"https:\/\/franciscanos.org.br\/noticias\/#website\",\"url\":\"https:\/\/franciscanos.org.br\/noticias\/\",\"name\":\"Not\u00edcias - Franciscanos\",\"description\":\"Prov\u00edncia Franciscana da Imaculada Concei\u00e7\u00e3o do Brasil - Ordem dos Frades Menores - OFM\",\"potentialAction\":[{\"@type\":\"SearchAction\",\"target\":{\"@type\":\"EntryPoint\",\"urlTemplate\":\"https:\/\/franciscanos.org.br\/noticias\/?s={search_term_string}\"},\"query-input\":\"required name=search_term_string\"}],\"inLanguage\":\"pt-BR\"},{\"@type\":\"ImageObject\",\"inLanguage\":\"pt-BR\",\"@id\":\"https:\/\/franciscanos.org.br\/noticias\/leitorado-na-paroquia-santo-antonio-em-sorocaba.html#primaryimage\",\"url\":\"https:\/\/franciscanos.org.br\/noticias\/wp-content\/uploads\/2022\/06\/sorocaba_01-1.jpg\",\"contentUrl\":\"https:\/\/franciscanos.org.br\/noticias\/wp-content\/uploads\/2022\/06\/sorocaba_01-1.jpg\",\"width\":1280,\"height\":720},{\"@type\":\"WebPage\",\"@id\":\"https:\/\/franciscanos.org.br\/noticias\/leitorado-na-paroquia-santo-antonio-em-sorocaba.html#webpage\",\"url\":\"https:\/\/franciscanos.org.br\/noticias\/leitorado-na-paroquia-santo-antonio-em-sorocaba.html\",\"name\":\"Leitorado na Par\u00f3quia Santo Ant\u00f4nio em Sorocaba - Not\u00edcias - Franciscanos\",\"isPartOf\":{\"@id\":\"https:\/\/franciscanos.org.br\/noticias\/#website\"},\"primaryImageOfPage\":{\"@id\":\"https:\/\/franciscanos.org.br\/noticias\/leitorado-na-paroquia-santo-antonio-em-sorocaba.html#primaryimage\"},\"datePublished\":\"2022-06-30T11:24:55+00:00\",\"dateModified\":\"2022-06-30T11:24:55+00:00\",\"author\":{\"@id\":\"https:\/\/franciscanos.org.br\/noticias\/#\/schema\/person\/b5c8cba458c330ccff548b056e95a5d4\"},\"breadcrumb\":{\"@id\":\"https:\/\/franciscanos.org.br\/noticias\/leitorado-na-paroquia-santo-antonio-em-sorocaba.html#breadcrumb\"},\"inLanguage\":\"pt-BR\",\"potentialAction\":[{\"@type\":\"ReadAction\",\"target\":[\"https:\/\/franciscanos.org.br\/noticias\/leitorado-na-paroquia-santo-antonio-em-sorocaba.html\"]}]},{\"@type\":\"BreadcrumbList\",\"@id\":\"https:\/\/franciscanos.org.br\/noticias\/leitorado-na-paroquia-santo-antonio-em-sorocaba.html#breadcrumb\",\"itemListElement\":[{\"@type\":\"ListItem\",\"position\":1,\"name\":\"Home\",\"item\":\"https:\/\/franciscanos.org.br\/noticias\"},{\"@type\":\"ListItem\",\"position\":2,\"name\":\"Leitorado na Par\u00f3quia Santo Ant\u00f4nio em Sorocaba\"}]},{\"@type\":\"Person\",\"@id\":\"https:\/\/franciscanos.org.br\/noticias\/#\/schema\/person\/b5c8cba458c330ccff548b056e95a5d4\",\"name\":\"moacir\",\"image\":{\"@type\":\"ImageObject\",\"inLanguage\":\"pt-BR\",\"@id\":\"https:\/\/franciscanos.org.br\/noticias\/#\/schema\/person\/image\/\",\"url\":\"https:\/\/secure.gravatar.com\/avatar\/d08aa2ce4c8dd416d4479aa8536fcf64?s=96&d=mm&r=g\",\"contentUrl\":\"https:\/\/secure.gravatar.com\/avatar\/d08aa2ce4c8dd416d4479aa8536fcf64?s=96&d=mm&r=g\",\"caption\":\"moacir\"},\"url\":\"https:\/\/franciscanos.org.br\/noticias\/author\/moacir\"}]}<\/script>\n<!-- \/ Yoast SEO plugin. -->","yoast_head_json":{"title":"Leitorado na Par\u00f3quia Santo Ant\u00f4nio em Sorocaba - Not\u00edcias - Franciscanos","robots":{"index":"index","follow":"follow","max-snippet":"max-snippet:-1","max-image-preview":"max-image-preview:large","max-video-preview":"max-video-preview:-1"},"canonical":"https:\/\/franciscanos.org.br\/noticias\/leitorado-na-paroquia-santo-antonio-em-sorocaba.html","og_locale":"pt_BR","og_type":"article","og_title":"Leitorado na Par\u00f3quia Santo Ant\u00f4nio em Sorocaba - Not\u00edcias - Franciscanos","og_description":"Par\u00f3quia Franciscana Santo Ant\u00f4nio de Sorocaba","og_url":"https:\/\/franciscanos.org.br\/noticias\/leitorado-na-paroquia-santo-antonio-em-sorocaba.html","og_site_name":"Not\u00edcias - Franciscanos","article_published_time":"2022-06-30T11:24:55+00:00","og_image":[{"width":1280,"height":720,"url":"https:\/\/franciscanos.org.br\/noticias\/wp-content\/uploads\/2022\/06\/sorocaba_01-1.jpg","type":"image\/jpeg"}],"author":"moacir","twitter_card":"summary_large_image","twitter_misc":{"Escrito por":"moacir","Est. tempo de leitura":"2 minutos"},"schema":{"@context":"https:\/\/schema.org","@graph":[{"@type":"WebSite","@id":"https:\/\/franciscanos.org.br\/noticias\/#website","url":"https:\/\/franciscanos.org.br\/noticias\/","name":"Not\u00edcias - Franciscanos","description":"Prov\u00edncia Franciscana da Imaculada Concei\u00e7\u00e3o do Brasil - Ordem dos Frades Menores - OFM","potentialAction":[{"@type":"SearchAction","target":{"@type":"EntryPoint","urlTemplate":"https:\/\/franciscanos.org.br\/noticias\/?s={search_term_string}"},"query-input":"required name=search_term_string"}],"inLanguage":"pt-BR"},{"@type":"ImageObject","inLanguage":"pt-BR","@id":"https:\/\/franciscanos.org.br\/noticias\/leitorado-na-paroquia-santo-antonio-em-sorocaba.html#primaryimage","url":"https:\/\/franciscanos.org.br\/noticias\/wp-content\/uploads\/2022\/06\/sorocaba_01-1.jpg","contentUrl":"https:\/\/franciscanos.org.br\/noticias\/wp-content\/uploads\/2022\/06\/sorocaba_01-1.jpg","width":1280,"height":720},{"@type":"WebPage","@id":"https:\/\/franciscanos.org.br\/noticias\/leitorado-na-paroquia-santo-antonio-em-sorocaba.html#webpage","url":"https:\/\/franciscanos.org.br\/noticias\/leitorado-na-paroquia-santo-antonio-em-sorocaba.html","name":"Leitorado na Par\u00f3quia Santo Ant\u00f4nio em Sorocaba - Not\u00edcias - Franciscanos","isPartOf":{"@id":"https:\/\/franciscanos.org.br\/noticias\/#website"},"primaryImageOfPage":{"@id":"https:\/\/franciscanos.org.br\/noticias\/leitorado-na-paroquia-santo-antonio-em-sorocaba.html#primaryimage"},"datePublished":"2022-06-30T11:24:55+00:00","dateModified":"2022-06-30T11:24:55+00:00","author":{"@id":"https:\/\/franciscanos.org.br\/noticias\/#\/schema\/person\/b5c8cba458c330ccff548b056e95a5d4"},"breadcrumb":{"@id":"https:\/\/franciscanos.org.br\/noticias\/leitorado-na-paroquia-santo-antonio-em-sorocaba.html#breadcrumb"},"inLanguage":"pt-BR","potentialAction":[{"@type":"ReadAction","target":["https:\/\/franciscanos.org.br\/noticias\/leitorado-na-paroquia-santo-antonio-em-sorocaba.html"]}]},{"@type":"BreadcrumbList","@id":"https:\/\/franciscanos.org.br\/noticias\/leitorado-na-paroquia-santo-antonio-em-sorocaba.html#breadcrumb","itemListElement":[{"@type":"ListItem","position":1,"name":"Home","item":"https:\/\/franciscanos.org.br\/noticias"},{"@type":"ListItem","position":2,"name":"Leitorado na Par\u00f3quia Santo Ant\u00f4nio em Sorocaba"}]},{"@type":"Person","@id":"https:\/\/franciscanos.org.br\/noticias\/#\/schema\/person\/b5c8cba458c330ccff548b056e95a5d4","name":"moacir","image":{"@type":"ImageObject","inLanguage":"pt-BR","@id":"https:\/\/franciscanos.org.br\/noticias\/#\/schema\/person\/image\/","url":"https:\/\/secure.gravatar.com\/avatar\/d08aa2ce4c8dd416d4479aa8536fcf64?s=96&d=mm&r=g","contentUrl":"https:\/\/secure.gravatar.com\/avatar\/d08aa2ce4c8dd416d4479aa8536fcf64?s=96&d=mm&r=g","caption":"moacir"},"url":"https:\/\/franciscanos.org.br\/noticias\/author\/moacir"}]}},"_links":{"self":[{"href":"https:\/\/franciscanos.org.br\/noticias\/wp-json\/wp\/v2\/posts\/238768"}],"collection":[{"href":"https:\/\/franciscanos.org.br\/noticias\/wp-json\/wp\/v2\/posts"}],"about":[{"href":"https:\/\/franciscanos.org.br\/noticias\/wp-json\/wp\/v2\/types\/post"}],"author":[{"embeddable":true,"href":"https:\/\/franciscanos.org.br\/noticias\/wp-json\/wp\/v2\/users\/3"}],"replies":[{"embeddable":true,"href":"https:\/\/franciscanos.org.br\/noticias\/wp-json\/wp\/v2\/comments?post=238768"}],"version-history":[{"count":1,"href":"https:\/\/franciscanos.org.br\/noticias\/wp-json\/wp\/v2\/posts\/238768\/revisions"}],"predecessor-version":[{"id":238771,"href":"https:\/\/franciscanos.org.br\/noticias\/wp-json\/wp\/v2\/posts\/238768\/revisions\/238771"}],"wp:featuredmedia":[{"embeddable":true,"href":"https:\/\/franciscanos.org.br\/noticias\/wp-json\/wp\/v2\/media\/238770"}],"wp:attachment":[{"href":"https:\/\/franciscanos.org.br\/noticias\/wp-json\/wp\/v2\/media?parent=238768"}],"wp:term":[{"taxonomy":"category","embeddable":true,"href":"https:\/\/franciscanos.org.br\/noticias\/wp-json\/wp\/v2\/categories?post=238768"},{"taxonomy":"post_tag","embeddable":true,"href":"https:\/\/franciscanos.org.br\/noticias\/wp-json\/wp\/v2\/tags?post=238768"}],"curies":[{"name":"wp","href":"https:\/\/api.w.org\/{rel}","templated":true}]}}