{"id":238753,"date":"2022-06-29T22:20:27","date_gmt":"2022-06-30T01:20:27","guid":{"rendered":"https:\/\/franciscanos.org.br\/noticias\/?p=238753"},"modified":"2023-01-03T13:39:17","modified_gmt":"2023-01-03T16:39:17","slug":"festa-de-sao-pedro-apostolo-e-tempo-de-celebrar-a-vida","status":"publish","type":"post","link":"https:\/\/franciscanos.org.br\/noticias\/festa-de-sao-pedro-apostolo-e-tempo-de-celebrar-a-vida.html","title":{"rendered":"Festa de S\u00e3o Pedro Ap\u00f3stolo: \u00c9 tempo de celebrar a vida"},"content":{"rendered":"<p><img loading=\"lazy\" class=\"alignnone size-full wp-image-238754\" src=\"https:\/\/franciscanos.org.br\/noticias\/wp-content\/uploads\/2022\/06\/festagaspar_09.jpg\" alt=\"\" width=\"1280\" height=\"720\" srcset=\"https:\/\/franciscanos.org.br\/noticias\/wp-content\/uploads\/2022\/06\/festagaspar_09.jpg 1280w, https:\/\/franciscanos.org.br\/noticias\/wp-content\/uploads\/2022\/06\/festagaspar_09-450x253.jpg 450w, https:\/\/franciscanos.org.br\/noticias\/wp-content\/uploads\/2022\/06\/festagaspar_09-1024x576.jpg 1024w, https:\/\/franciscanos.org.br\/noticias\/wp-content\/uploads\/2022\/06\/festagaspar_09-768x432.jpg 768w, https:\/\/franciscanos.org.br\/noticias\/wp-content\/uploads\/2022\/06\/festagaspar_09-150x84.jpg 150w\" sizes=\"(max-width: 1280px) 100vw, 1280px\" \/><\/p>\n<p><strong>Gaspar (SC) &#8211;<\/strong> A majestosa Igreja Matriz S\u00e3o Pedro Ap\u00f3stolo, cart\u00e3o-postal da cidade de Gaspar (SC), voltou a receber presencialmente os fi\u00e9is devotos do Ap\u00f3stolo de Cristo depois de dois anos com limita\u00e7\u00f5es sanit\u00e1rias devido \u00e0 pandemia da Covid-19. Segundo o p\u00e1roco Frei Pedro da Silva, esta 172\u00aa edi\u00e7\u00e3o define o que \u00e9 uma festa: um momento de alegria, de confraterniza\u00e7\u00e3o, de partilha, de celebrar a vida, de encontro e de servi\u00e7o.<\/p>\n<p>Frei Elze\u00e1rio Schmitt, no seu livro comemorativo dos 158 anos da Par\u00f3quia, descreve a festa como o maior evento da cidade. &#8220;Constitui hoje, e de longe, a festa mais popular e aglutinante de toda esta regi\u00e3o do Vale do Itaja\u00ed&#8221;.<\/p>\n<p>Antigamente, o evento mobilizava a cidade. Passados mais de 172 anos, a festa se perpetua ao sabor de cada \u00e9poca, desde a primeira festinha na selvagem margem esquerda do rio Itaja\u00ed, quando no dia 29 de junho de 1850, o Patrono de Gaspar recebia sua pequena e fiel comunidade, assim como a partir da primeira festa na margem direita, no dia 29 de junho de 1867 (155 anos), onde se encontra hoje a atual Matriz.<\/p>\n<p><img loading=\"lazy\" class=\"alignnone wp-image-238755 size-full\" src=\"https:\/\/franciscanos.org.br\/noticias\/wp-content\/uploads\/2022\/06\/festagaspar_05.jpg\" alt=\"\" width=\"1280\" height=\"853\" srcset=\"https:\/\/franciscanos.org.br\/noticias\/wp-content\/uploads\/2022\/06\/festagaspar_05.jpg 1280w, https:\/\/franciscanos.org.br\/noticias\/wp-content\/uploads\/2022\/06\/festagaspar_05-450x300.jpg 450w, https:\/\/franciscanos.org.br\/noticias\/wp-content\/uploads\/2022\/06\/festagaspar_05-1024x682.jpg 1024w, https:\/\/franciscanos.org.br\/noticias\/wp-content\/uploads\/2022\/06\/festagaspar_05-768x512.jpg 768w, https:\/\/franciscanos.org.br\/noticias\/wp-content\/uploads\/2022\/06\/festagaspar_05-150x100.jpg 150w\" sizes=\"(max-width: 1280px) 100vw, 1280px\" \/><\/p>\n<p>Neste dia que a Igreja celebra os Ap\u00f3stolos S\u00e3o Pedro e S\u00e3o Paulo, Frei Pedro presidiu a Celebra\u00e7\u00e3o Eucar\u00edstica \u00e0s 19 horas, tendo como concelebrante Frei Jhones Lucas Martins,\u00a0 marcando mais uma vez as festividades em honra ao Padroeiro. Como lembrou o celebrante, o Ap\u00f3stolo \u00e9 celebrado hoje mundialmente, mas no Brasil a festa foi transferida para domingo. &#8220;Mas \u00e9 o nosso grande Padroeiro e queremos, ent\u00e3o, elevar nossa devo\u00e7\u00e3o, nossa homenagem, juntamente com S\u00e3o Paulo, que desde os prim\u00f3rdios da Igreja s\u00e3o sempre celebrados juntos para expressar a unidade que deve haver na Igreja&#8221;, disse Frei Pedro.<\/p>\n<p>Ele lembrou o tema da Festa deste ano: \u201cCom S\u00e3o Pedro e S\u00e3o Francisco, somos instrumentos do amor e da paz\u201d. Segundo ele, todos sabemos que uma festa sempre acontece de uma dedicada prepara\u00e7\u00e3o. &#8220;Os santos sempre s\u00e3o a grande inspira\u00e7\u00e3o, e neles concentram toda a f\u00e9, toda a devo\u00e7\u00e3o do povo que se re\u00fane para rezar ao Padroeiro&#8221;, disse o p\u00e1roco.<\/p>\n<p>&#8220;N\u00f3s queremos, assim, ao sinalizar o amor do Ap\u00f3stolo Pedro e a paz de Francisco trazendo toda a presen\u00e7a, mais que centen\u00e1ria e franciscana, nesta Par\u00f3quia, celebrar a f\u00e9 agradecida a estes santos que marcaram profundamente a religiosidade e a espiritualidade do nosso povo&#8221;, observou.<\/p>\n\n\t\t<style type=\"text\/css\">\n\t\t\t#gallery-1 {\n\t\t\t\tmargin: auto;\n\t\t\t}\n\t\t\t#gallery-1 .gallery-item {\n\t\t\t\tfloat: left;\n\t\t\t\tmargin-top: 10px;\n\t\t\t\ttext-align: center;\n\t\t\t\twidth: 16%;\n\t\t\t}\n\t\t\t#gallery-1 img {\n\t\t\t\tborder: 2px solid #cfcfcf;\n\t\t\t}\n\t\t\t#gallery-1 .gallery-caption {\n\t\t\t\tmargin-left: 0;\n\t\t\t}\n\t\t\t\/* see gallery_shortcode() in wp-includes\/media.php *\/\n\t\t<\/style>\n\t\t<div id='gallery-1' class='gallery galleryid-238753 gallery-columns-6 gallery-size-thumbnail'><dl class='gallery-item'>\n\t\t\t<dt class='gallery-icon landscape'>\n\t\t\t\t<a href='https:\/\/franciscanos.org.br\/noticias\/wp-content\/uploads\/2022\/06\/festagaspar_03.jpg'><img width=\"300\" height=\"300\" src=\"https:\/\/franciscanos.org.br\/noticias\/wp-content\/uploads\/2022\/06\/festagaspar_03-300x300.jpg\" class=\"attachment-thumbnail size-thumbnail\" alt=\"\" loading=\"lazy\" srcset=\"https:\/\/franciscanos.org.br\/noticias\/wp-content\/uploads\/2022\/06\/festagaspar_03-300x300.jpg 300w, https:\/\/franciscanos.org.br\/noticias\/wp-content\/uploads\/2022\/06\/festagaspar_03-100x100.jpg 100w\" sizes=\"(max-width: 300px) 100vw, 300px\" \/><\/a>\n\t\t\t<\/dt><\/dl><dl class='gallery-item'>\n\t\t\t<dt class='gallery-icon landscape'>\n\t\t\t\t<a href='https:\/\/franciscanos.org.br\/noticias\/wp-content\/uploads\/2022\/06\/festagaspar_04.jpg'><img width=\"300\" height=\"300\" src=\"https:\/\/franciscanos.org.br\/noticias\/wp-content\/uploads\/2022\/06\/festagaspar_04-300x300.jpg\" class=\"attachment-thumbnail size-thumbnail\" alt=\"\" loading=\"lazy\" srcset=\"https:\/\/franciscanos.org.br\/noticias\/wp-content\/uploads\/2022\/06\/festagaspar_04-300x300.jpg 300w, https:\/\/franciscanos.org.br\/noticias\/wp-content\/uploads\/2022\/06\/festagaspar_04-100x100.jpg 100w\" sizes=\"(max-width: 300px) 100vw, 300px\" \/><\/a>\n\t\t\t<\/dt><\/dl><dl class='gallery-item'>\n\t\t\t<dt class='gallery-icon landscape'>\n\t\t\t\t<a href='https:\/\/franciscanos.org.br\/noticias\/wp-content\/uploads\/2022\/06\/festagaspar_06.jpg'><img width=\"300\" height=\"300\" src=\"https:\/\/franciscanos.org.br\/noticias\/wp-content\/uploads\/2022\/06\/festagaspar_06-300x300.jpg\" class=\"attachment-thumbnail size-thumbnail\" alt=\"\" loading=\"lazy\" srcset=\"https:\/\/franciscanos.org.br\/noticias\/wp-content\/uploads\/2022\/06\/festagaspar_06-300x300.jpg 300w, https:\/\/franciscanos.org.br\/noticias\/wp-content\/uploads\/2022\/06\/festagaspar_06-100x100.jpg 100w\" sizes=\"(max-width: 300px) 100vw, 300px\" \/><\/a>\n\t\t\t<\/dt><\/dl><dl class='gallery-item'>\n\t\t\t<dt class='gallery-icon landscape'>\n\t\t\t\t<a href='https:\/\/franciscanos.org.br\/noticias\/wp-content\/uploads\/2022\/06\/festagaspar_07.jpg'><img width=\"300\" height=\"300\" src=\"https:\/\/franciscanos.org.br\/noticias\/wp-content\/uploads\/2022\/06\/festagaspar_07-300x300.jpg\" class=\"attachment-thumbnail size-thumbnail\" alt=\"\" loading=\"lazy\" srcset=\"https:\/\/franciscanos.org.br\/noticias\/wp-content\/uploads\/2022\/06\/festagaspar_07-300x300.jpg 300w, https:\/\/franciscanos.org.br\/noticias\/wp-content\/uploads\/2022\/06\/festagaspar_07-100x100.jpg 100w\" sizes=\"(max-width: 300px) 100vw, 300px\" \/><\/a>\n\t\t\t<\/dt><\/dl><dl class='gallery-item'>\n\t\t\t<dt class='gallery-icon landscape'>\n\t\t\t\t<a href='https:\/\/franciscanos.org.br\/noticias\/wp-content\/uploads\/2022\/06\/festagaspar_08.jpg'><img width=\"300\" height=\"300\" src=\"https:\/\/franciscanos.org.br\/noticias\/wp-content\/uploads\/2022\/06\/festagaspar_08-300x300.jpg\" class=\"attachment-thumbnail size-thumbnail\" alt=\"\" loading=\"lazy\" srcset=\"https:\/\/franciscanos.org.br\/noticias\/wp-content\/uploads\/2022\/06\/festagaspar_08-300x300.jpg 300w, https:\/\/franciscanos.org.br\/noticias\/wp-content\/uploads\/2022\/06\/festagaspar_08-100x100.jpg 100w\" sizes=\"(max-width: 300px) 100vw, 300px\" \/><\/a>\n\t\t\t<\/dt><\/dl><dl class='gallery-item'>\n\t\t\t<dt class='gallery-icon landscape'>\n\t\t\t\t<a href='https:\/\/franciscanos.org.br\/noticias\/wp-content\/uploads\/2022\/06\/festagaspar_10.jpg'><img width=\"300\" height=\"300\" src=\"https:\/\/franciscanos.org.br\/noticias\/wp-content\/uploads\/2022\/06\/festagaspar_10-300x300.jpg\" class=\"attachment-thumbnail size-thumbnail\" alt=\"\" loading=\"lazy\" srcset=\"https:\/\/franciscanos.org.br\/noticias\/wp-content\/uploads\/2022\/06\/festagaspar_10-300x300.jpg 300w, https:\/\/franciscanos.org.br\/noticias\/wp-content\/uploads\/2022\/06\/festagaspar_10-100x100.jpg 100w\" sizes=\"(max-width: 300px) 100vw, 300px\" \/><\/a>\n\t\t\t<\/dt><\/dl><br style=\"clear: both\" \/>\n\t\t<\/div>\n\n<p><em>\u00a0 \u00a0(toque nas imagens menores para ampli\u00e1-las)<\/em><\/p>\n<p>Segundo o celebrante, eles dedicaram-se profundamente ao esp\u00edrito: S\u00e3o Pedro pela cruz, S\u00e3o Francisco pelos cinco sinais de sua paix\u00e3o. &#8220;\u00c9 nesse esp\u00edrito que estamos iniciando esta grande festa, movidos pela espiritualidade. Neste sentido, a barca de S\u00e3o Pedro percorreu as 16 comunidades, levando o amor e a paz&#8221;, anunciou.<\/p>\n<p>&#8220;Assim, num gesto de profunda comunh\u00e3o, e realmente presenciamos os mais diversos gestos de acolhida, de hospitalidade, de gratid\u00e3o, de alegria, que proporcionaram essas visitas em cada uma dessas comunidades, mostrando assim esse esp\u00edrito de comunh\u00e3o que a Par\u00f3quia quer ter com todas as suas comunidades de f\u00e9. E hoje, destacando a figura de S\u00e3o Pedro e de S\u00e3o Paulo, dois grandes s\u00edmbolos da nossa f\u00e9 e do amor a Cristo&#8221;, acrescentou.<\/p>\n<p><img loading=\"lazy\" class=\"alignnone size-full wp-image-238766\" src=\"https:\/\/franciscanos.org.br\/noticias\/wp-content\/uploads\/2022\/06\/festagaspar_13.jpg\" alt=\"\" width=\"1280\" height=\"853\" srcset=\"https:\/\/franciscanos.org.br\/noticias\/wp-content\/uploads\/2022\/06\/festagaspar_13.jpg 1280w, https:\/\/franciscanos.org.br\/noticias\/wp-content\/uploads\/2022\/06\/festagaspar_13-450x300.jpg 450w, https:\/\/franciscanos.org.br\/noticias\/wp-content\/uploads\/2022\/06\/festagaspar_13-1024x682.jpg 1024w, https:\/\/franciscanos.org.br\/noticias\/wp-content\/uploads\/2022\/06\/festagaspar_13-768x512.jpg 768w, https:\/\/franciscanos.org.br\/noticias\/wp-content\/uploads\/2022\/06\/festagaspar_13-150x100.jpg 150w\" sizes=\"(max-width: 1280px) 100vw, 1280px\" \/><\/p>\n<p>Para Frei Pedro n\u00f3s sempre lembramos com carinho das pessoas que passaram por n\u00f3s e que permanecem no bem que praticaram. &#8220;Hoje, recordamos S\u00e3o Pedro e S\u00e3o Paulo, como diz a liturgia da Igreja, venerados com carinho por toda a Igreja. Eles sempre aparecem juntos e assim s\u00e3o celebrados. Mas s\u00e3o muitos diferentes um do outro. At\u00e9 tiveram diverg\u00eancias na maneira de ver, pensar, de entender e anunciar a pessoa e o Evangelho de Cristo. Mas jamais se separaram. Sempre estiveram unidos para anunciar a Cristo e, por ele, se uniram na coroa do mart\u00edrio, dando o m\u00e1ximo testemunho. N\u00f3s sabemos pela tradi\u00e7\u00e3o crist\u00e3 que S\u00e3o Pedro morreu pela cruz e S\u00e3o Paulo morreu pela espada. Ambos se tornaram para n\u00f3s exemplos de f\u00e9, modelos de convers\u00e3o e de como servir a Igreja e a Jesus Cristo&#8221;, completou o frade, que no final da Missa n\u00e3o poupou de agradecimentos o povo pelo trabalho para tonar realidade uma festa como esta de Gaspar.<\/p>\n<p>Nesta quinta-feira come\u00e7a o Tr\u00edduo preparat\u00f3rio para a Festa de S\u00e3o Pedro Ap\u00f3stolo. \u00c0s 16 horas, Frei Aldolino Bankhardt celebra a Missa da Sa\u00fade\/Enfermos\u00a0 e, \u00e0s 19 horas, o p\u00e1roco Frei Pedro da Silva vai abordar o tema \u201cPedro, a rocha que funda a Igreja Crist\u00e3. Francisco, a rocha que reconstr\u00f3i a Igreja de Cristo\u201d. Esta noite foi reservada para o delicioso buffet de sopas, que ser\u00e1 servido a partir das 18h.<\/p>\n<p><img loading=\"lazy\" class=\"alignnone wp-image-238762 size-full\" src=\"https:\/\/franciscanos.org.br\/noticias\/wp-content\/uploads\/2022\/06\/festagaspar_02.jpg\" alt=\"\" width=\"1280\" height=\"720\" srcset=\"https:\/\/franciscanos.org.br\/noticias\/wp-content\/uploads\/2022\/06\/festagaspar_02.jpg 1280w, https:\/\/franciscanos.org.br\/noticias\/wp-content\/uploads\/2022\/06\/festagaspar_02-450x253.jpg 450w, https:\/\/franciscanos.org.br\/noticias\/wp-content\/uploads\/2022\/06\/festagaspar_02-1024x576.jpg 1024w, https:\/\/franciscanos.org.br\/noticias\/wp-content\/uploads\/2022\/06\/festagaspar_02-768x432.jpg 768w, https:\/\/franciscanos.org.br\/noticias\/wp-content\/uploads\/2022\/06\/festagaspar_02-150x84.jpg 150w\" sizes=\"(max-width: 1280px) 100vw, 1280px\" \/><\/p>\n<p><strong>GASTRONOMIA DE PRIMEIRA<\/strong><\/p>\n<p>A gastronomia da Festa de S\u00e3o Pedro Ap\u00f3stolo \u00e9 de fazer inveja a qualquer chef de cozinha. At\u00e9 domingo, sabor e qualidade dos alimentos ser\u00e3o ingredientes da macarronada, da sopa e do churrasco, assim como dos procurados past\u00e9is e sonho na padaria da Festa.<\/p>\n<p>Nesta quarta-feira, isso p\u00f4de ser visto com a tradicional macarronada, que foi preparada pelo grupo de 40 volunt\u00e1rios do bairro Alto Gasparinho, integrantes do Circolo Trentino di Gasparin, entre eles Matildes Santina Bertoldi, ou simplesmente Dona Santina, de 82 anos. Depois de dois anos de pandemia, Lov\u00eddio Bertoldi, filho de Dona Matildes e que chegou a ser novi\u00e7o na Ordem Franciscana, explica que estava esperando pela volta desta tradi\u00e7\u00e3o na Festa S\u00e3o Pedro. Segundo ele, j\u00e1 s\u00e3o mais de 20 anos nas festividades do Padroeiro de Gaspar. &#8220;Me lembro que o grupo fez a primeira macarronada no Gasparinho em 98 e, dois ou tr\u00eas anos depois, fez a de Gaspar&#8221;, recordou o coordenador do grupo.<\/p>\n<div id=\"attachment_238763\" style=\"width: 1290px\" class=\"wp-caption alignnone\"><img aria-describedby=\"caption-attachment-238763\" loading=\"lazy\" class=\"wp-image-238763 size-full\" src=\"https:\/\/franciscanos.org.br\/noticias\/wp-content\/uploads\/2022\/06\/festagaspar_01.jpg\" alt=\"\" width=\"1280\" height=\"720\" srcset=\"https:\/\/franciscanos.org.br\/noticias\/wp-content\/uploads\/2022\/06\/festagaspar_01.jpg 1280w, https:\/\/franciscanos.org.br\/noticias\/wp-content\/uploads\/2022\/06\/festagaspar_01-450x253.jpg 450w, https:\/\/franciscanos.org.br\/noticias\/wp-content\/uploads\/2022\/06\/festagaspar_01-1024x576.jpg 1024w, https:\/\/franciscanos.org.br\/noticias\/wp-content\/uploads\/2022\/06\/festagaspar_01-768x432.jpg 768w, https:\/\/franciscanos.org.br\/noticias\/wp-content\/uploads\/2022\/06\/festagaspar_01-150x84.jpg 150w\" sizes=\"(max-width: 1280px) 100vw, 1280px\" \/><p id=\"caption-attachment-238763\" class=\"wp-caption-text\"><em>A equipe da Macarronada parou para a foto oficial do dia <\/em><\/p><\/div>\n<p>Segundo ele, neste ano, al\u00e9m dos molhos Bolonhoesa, al pesto e carbonara, a Festa ter\u00e1 a novidade do molho de alho por\u00f3 com lingui\u00e7a alem\u00e3. &#8220;Fizemos na Festa de Santo Ant\u00f4nio e foi muito procurado&#8221;, conta. O grupo de volunt\u00e1rios de Gasparinho fica respons\u00e1vel pelo molho e finaliza\u00e7\u00e3o do prato. A massa \u00e9 feita antes pela equipe coordenada por D\u00aa L\u00eddia M\u00f4nica Nagel. Cabe aos jovens desta Comunidade do Gasparinho a tarefa de servir o buffet.<\/p>\n<div id=\"attachment_238764\" style=\"width: 451px\" class=\"wp-caption alignleft\"><img aria-describedby=\"caption-attachment-238764\" loading=\"lazy\" class=\"wp-image-238764 size-medium\" src=\"https:\/\/franciscanos.org.br\/noticias\/wp-content\/uploads\/2022\/06\/festagaspar_12-441x450.jpg\" alt=\"\" width=\"441\" height=\"450\" srcset=\"https:\/\/franciscanos.org.br\/noticias\/wp-content\/uploads\/2022\/06\/festagaspar_12-441x450.jpg 441w, https:\/\/franciscanos.org.br\/noticias\/wp-content\/uploads\/2022\/06\/festagaspar_12-150x153.jpg 150w, https:\/\/franciscanos.org.br\/noticias\/wp-content\/uploads\/2022\/06\/festagaspar_12.jpg 500w\" sizes=\"(max-width: 441px) 100vw, 441px\" \/><p id=\"caption-attachment-238764\" class=\"wp-caption-text\"><em>Matildes Santina Bertoldi: sempre presente!<\/em><\/p><\/div>\n<p>Para Lov\u00eddio, j\u00e1 \u00e9 uma tradi\u00e7\u00e3o preparar a macarronada nas festas da regi\u00e3o. &#8220;Agora, vamos preparar a primeira macarronada para a Igreja Nossa Senhora da Gl\u00f3ria de Blumenau&#8221;, adiantou Lov\u00eddio, que, com essa experi\u00eancia ficou tranquilo para servir 1.200 pratos neste primeiro dia dos festejos populares. Por apenas 30 reais, o p\u00fablico p\u00f4de saborear todos os sabores da macarronada.<\/p>\n<p>Al\u00e9m da Festa de S\u00e3o Pedro e outras, a comunidade trentina de Gaspar tem a Festa Italiana, que \u00e9 organizada pelo Circolo Trentino di Gasparin, para resgatar e manter vivos os costumes italianos. Lov\u00eddio destaca a import\u00e2ncia de resgatar e preservar os usos, costumes e heran\u00e7a cultural trazidos pelos imigrantes italianos. Tanto que na Villa D&#8217;It\u00e1lia, onde reside sua m\u00e3e no bairro Alto Gasparinho, a cultura e tradi\u00e7\u00e3o italianas est\u00e3o muito vivas. &#8220;Temos sete ou oito restaurantes italianos, trutas, doces e um mural &#8216;Le Nonne&#8217;. Essa integra\u00e7\u00e3o \u00e9 muito bacana&#8221;, diz.<\/p>\n<p>&nbsp;<\/p>\n<p>Em 172 anos, a Festa de S\u00e3o Pedro tem procurado acompanhar as mudan\u00e7as da sociedade. Neste ano, a novidade ser\u00e1 a compra de tickets ou o prato desejado pelo aplicativo \u201cPedidos 10\u201d para receber em casa.<\/p>\n<p><strong>FEITO COM AMOR<\/strong><\/p>\n<p>Dedica\u00e7\u00e3o n\u00e3o falta para os mais de 300 volunt\u00e1rios que &#8220;p\u00f5em a m\u00e3o na massa&#8221; quando se trata de preparar o melhor da gastronomia da Festa.<\/p>\n<div id=\"attachment_238765\" style=\"width: 1290px\" class=\"wp-caption alignnone\"><img aria-describedby=\"caption-attachment-238765\" loading=\"lazy\" class=\"wp-image-238765 size-full\" src=\"https:\/\/franciscanos.org.br\/noticias\/wp-content\/uploads\/2022\/06\/festagaspar_11.jpg\" alt=\"\" width=\"1280\" height=\"853\" srcset=\"https:\/\/franciscanos.org.br\/noticias\/wp-content\/uploads\/2022\/06\/festagaspar_11.jpg 1280w, https:\/\/franciscanos.org.br\/noticias\/wp-content\/uploads\/2022\/06\/festagaspar_11-450x300.jpg 450w, https:\/\/franciscanos.org.br\/noticias\/wp-content\/uploads\/2022\/06\/festagaspar_11-1024x682.jpg 1024w, https:\/\/franciscanos.org.br\/noticias\/wp-content\/uploads\/2022\/06\/festagaspar_11-768x512.jpg 768w, https:\/\/franciscanos.org.br\/noticias\/wp-content\/uploads\/2022\/06\/festagaspar_11-150x100.jpg 150w\" sizes=\"(max-width: 1280px) 100vw, 1280px\" \/><p id=\"caption-attachment-238765\" class=\"wp-caption-text\"><em>D. L\u00eddia (\u00e0 dir) e D. Neusa (\u00e0 esq.): dois exemplos na Festa<\/em><\/p><\/div>\n<p>Aos 70 anos, Neusa Isensen n\u00e3o perde uma festa h\u00e1 43 anos. Nos dias mais movimentados, de sexta a domingo, s\u00f3 deixa o Sal\u00e3o Cristo Rei depois das 20 horas. &#8220;Gosto de trabalhar e depois tamb\u00e9m \u00e9 uma tradi\u00e7\u00e3o que vem de fam\u00edlia. Minha m\u00e3e e minha av\u00f3 j\u00e1 trabalhavam na Festa. Minha m\u00e3e vinha trabalhar e meu pai cuidava da &#8216;piazada'&#8221;, conta, recordando uma vez em que Frei Benjamim perguntou a ela o que tinha colocado no p\u00e3o que estava t\u00e3o bom. &#8220;Disse que era amor. E o frei deu o t\u00edtulo de &#8216;P\u00e3o do Amor&#8217;. Tudo que fazemos com amor fica mais gostoso&#8221;, disse.<\/p>\n<p>L\u00eddia M\u00f4nica Nagel, aos 80 anos, \u00e9 incans\u00e1vel tamb\u00e9m no trabalho volunt\u00e1rio da Festa. S\u00e3o 55 anos de dedica\u00e7\u00e3o. &#8220;S\u00f3 n\u00e3o s\u00e3o ininterruptos porque eu fiquei cinco anos trabalhando no bispado de Lages&#8221;, conta ela, que tamb\u00e9m trabalha em uma Gr\u00e1fica de Blumenau, onde ali plantou 800 ant\u00farios. &#8220;No ano que vem eles dar\u00e3o flores para ornamentar por muito tempo a igreja&#8221;, espera.<\/p>\n<p>A massa artesanal preparada para esta quarta-feira, o Dia da Macarronada, teve a sua m\u00e3o e de sua equipe de cinco volunt\u00e1rios. Amanh\u00e3, quando come\u00e7a o Tr\u00edduo Preparat\u00f3rio para a Festa, ela ser\u00e1 a respons\u00e1vel pelo rod\u00edzio de sopas. &#8220;Enquanto tiver sa\u00fade, vou continuar trabalhando pela minha Par\u00f3quia&#8221;, espera L\u00eddia, garantindo que o combust\u00edvel para isso tem de sobra: f\u00e9. L\u00eddia \u00e9 professa na Ordem Franciscana Secular (OFS) de Gaspar h\u00e1 47 anos.<\/p>\n<p>Para ela, foi um desafio muito dif\u00edcil ficar durante um ano sem sair de casa por causa da pandemia. &#8220;Senti muita falta de participar das Missas. Ainda bem que tinha as transmiss\u00f5es digitais&#8221;, avalia. No ano passado, ela perdeu cinco pessoas da fam\u00edlia. Segundo ela, foi muito dif\u00edcil passar por esse momento, mas ela n\u00e3o abala. &#8220;Se eu parasse, estaria no outro morro&#8221;, diz, referindo-se ao cemit\u00e9rio.<\/p>\n<hr \/>\n<p><em>Comunica\u00e7\u00e3o da Prov\u00edncia da Imaculada Concei\u00e7\u00e3o e Jo\u00e3o Guilherme Simon<\/em><\/p>\n","protected":false},"excerpt":{"rendered":"<p>Festa de S\u00e3o Pedro Ap\u00f3stolo de Gaspar<\/p>\n","protected":false},"author":3,"featured_media":238754,"comment_status":"open","ping_status":"open","sticky":false,"template":"","format":"standard","meta":[],"categories":[1],"tags":[2040],"acf":[],"yoast_head":"<!-- This site is optimized with the Yoast SEO plugin v19.2 - https:\/\/yoast.com\/wordpress\/plugins\/seo\/ -->\n<title>Festa de S\u00e3o Pedro Ap\u00f3stolo: \u00c9 tempo de celebrar a vida - Not\u00edcias - Franciscanos<\/title>\n<meta name=\"robots\" content=\"index, follow, max-snippet:-1, max-image-preview:large, max-video-preview:-1\" \/>\n<link rel=\"canonical\" href=\"https:\/\/franciscanos.org.br\/noticias\/festa-de-sao-pedro-apostolo-e-tempo-de-celebrar-a-vida.html\" \/>\n<meta property=\"og:locale\" content=\"pt_BR\" \/>\n<meta property=\"og:type\" content=\"article\" \/>\n<meta property=\"og:title\" content=\"Festa de S\u00e3o Pedro Ap\u00f3stolo: \u00c9 tempo de celebrar a vida - Not\u00edcias - Franciscanos\" \/>\n<meta property=\"og:description\" content=\"Festa de S\u00e3o Pedro Ap\u00f3stolo de Gaspar\" \/>\n<meta property=\"og:url\" content=\"https:\/\/franciscanos.org.br\/noticias\/festa-de-sao-pedro-apostolo-e-tempo-de-celebrar-a-vida.html\" \/>\n<meta property=\"og:site_name\" content=\"Not\u00edcias - Franciscanos\" \/>\n<meta property=\"article:published_time\" content=\"2022-06-30T01:20:27+00:00\" \/>\n<meta property=\"article:modified_time\" content=\"2023-01-03T16:39:17+00:00\" \/>\n<meta property=\"og:image\" content=\"https:\/\/franciscanos.org.br\/noticias\/wp-content\/uploads\/2022\/06\/festagaspar_09.jpg\" \/>\n\t<meta property=\"og:image:width\" content=\"1280\" \/>\n\t<meta property=\"og:image:height\" content=\"720\" \/>\n\t<meta property=\"og:image:type\" content=\"image\/jpeg\" \/>\n<meta name=\"author\" content=\"moacir\" \/>\n<meta name=\"twitter:card\" content=\"summary_large_image\" \/>\n<meta name=\"twitter:label1\" content=\"Escrito por\" \/>\n\t<meta name=\"twitter:data1\" content=\"moacir\" \/>\n\t<meta name=\"twitter:label2\" content=\"Est. tempo de leitura\" \/>\n\t<meta name=\"twitter:data2\" content=\"9 minutos\" \/>\n<script type=\"application\/ld+json\" class=\"yoast-schema-graph\">{\"@context\":\"https:\/\/schema.org\",\"@graph\":[{\"@type\":\"WebSite\",\"@id\":\"https:\/\/franciscanos.org.br\/noticias\/#website\",\"url\":\"https:\/\/franciscanos.org.br\/noticias\/\",\"name\":\"Not\u00edcias - Franciscanos\",\"description\":\"Prov\u00edncia Franciscana da Imaculada Concei\u00e7\u00e3o do Brasil - Ordem dos Frades Menores - OFM\",\"potentialAction\":[{\"@type\":\"SearchAction\",\"target\":{\"@type\":\"EntryPoint\",\"urlTemplate\":\"https:\/\/franciscanos.org.br\/noticias\/?s={search_term_string}\"},\"query-input\":\"required name=search_term_string\"}],\"inLanguage\":\"pt-BR\"},{\"@type\":\"ImageObject\",\"inLanguage\":\"pt-BR\",\"@id\":\"https:\/\/franciscanos.org.br\/noticias\/festa-de-sao-pedro-apostolo-e-tempo-de-celebrar-a-vida.html#primaryimage\",\"url\":\"https:\/\/franciscanos.org.br\/noticias\/wp-content\/uploads\/2022\/06\/festagaspar_09.jpg\",\"contentUrl\":\"https:\/\/franciscanos.org.br\/noticias\/wp-content\/uploads\/2022\/06\/festagaspar_09.jpg\",\"width\":1280,\"height\":720},{\"@type\":\"WebPage\",\"@id\":\"https:\/\/franciscanos.org.br\/noticias\/festa-de-sao-pedro-apostolo-e-tempo-de-celebrar-a-vida.html#webpage\",\"url\":\"https:\/\/franciscanos.org.br\/noticias\/festa-de-sao-pedro-apostolo-e-tempo-de-celebrar-a-vida.html\",\"name\":\"Festa de S\u00e3o Pedro Ap\u00f3stolo: \u00c9 tempo de celebrar a vida - Not\u00edcias - Franciscanos\",\"isPartOf\":{\"@id\":\"https:\/\/franciscanos.org.br\/noticias\/#website\"},\"primaryImageOfPage\":{\"@id\":\"https:\/\/franciscanos.org.br\/noticias\/festa-de-sao-pedro-apostolo-e-tempo-de-celebrar-a-vida.html#primaryimage\"},\"datePublished\":\"2022-06-30T01:20:27+00:00\",\"dateModified\":\"2023-01-03T16:39:17+00:00\",\"author\":{\"@id\":\"https:\/\/franciscanos.org.br\/noticias\/#\/schema\/person\/b5c8cba458c330ccff548b056e95a5d4\"},\"breadcrumb\":{\"@id\":\"https:\/\/franciscanos.org.br\/noticias\/festa-de-sao-pedro-apostolo-e-tempo-de-celebrar-a-vida.html#breadcrumb\"},\"inLanguage\":\"pt-BR\",\"potentialAction\":[{\"@type\":\"ReadAction\",\"target\":[\"https:\/\/franciscanos.org.br\/noticias\/festa-de-sao-pedro-apostolo-e-tempo-de-celebrar-a-vida.html\"]}]},{\"@type\":\"BreadcrumbList\",\"@id\":\"https:\/\/franciscanos.org.br\/noticias\/festa-de-sao-pedro-apostolo-e-tempo-de-celebrar-a-vida.html#breadcrumb\",\"itemListElement\":[{\"@type\":\"ListItem\",\"position\":1,\"name\":\"Home\",\"item\":\"https:\/\/franciscanos.org.br\/noticias\"},{\"@type\":\"ListItem\",\"position\":2,\"name\":\"Festa de S\u00e3o Pedro Ap\u00f3stolo: \u00c9 tempo de celebrar a vida\"}]},{\"@type\":\"Person\",\"@id\":\"https:\/\/franciscanos.org.br\/noticias\/#\/schema\/person\/b5c8cba458c330ccff548b056e95a5d4\",\"name\":\"moacir\",\"image\":{\"@type\":\"ImageObject\",\"inLanguage\":\"pt-BR\",\"@id\":\"https:\/\/franciscanos.org.br\/noticias\/#\/schema\/person\/image\/\",\"url\":\"https:\/\/secure.gravatar.com\/avatar\/d08aa2ce4c8dd416d4479aa8536fcf64?s=96&d=mm&r=g\",\"contentUrl\":\"https:\/\/secure.gravatar.com\/avatar\/d08aa2ce4c8dd416d4479aa8536fcf64?s=96&d=mm&r=g\",\"caption\":\"moacir\"},\"url\":\"https:\/\/franciscanos.org.br\/noticias\/author\/moacir\"}]}<\/script>\n<!-- \/ Yoast SEO plugin. -->","yoast_head_json":{"title":"Festa de S\u00e3o Pedro Ap\u00f3stolo: \u00c9 tempo de celebrar a vida - Not\u00edcias - Franciscanos","robots":{"index":"index","follow":"follow","max-snippet":"max-snippet:-1","max-image-preview":"max-image-preview:large","max-video-preview":"max-video-preview:-1"},"canonical":"https:\/\/franciscanos.org.br\/noticias\/festa-de-sao-pedro-apostolo-e-tempo-de-celebrar-a-vida.html","og_locale":"pt_BR","og_type":"article","og_title":"Festa de S\u00e3o Pedro Ap\u00f3stolo: \u00c9 tempo de celebrar a vida - Not\u00edcias - Franciscanos","og_description":"Festa de S\u00e3o Pedro Ap\u00f3stolo de Gaspar","og_url":"https:\/\/franciscanos.org.br\/noticias\/festa-de-sao-pedro-apostolo-e-tempo-de-celebrar-a-vida.html","og_site_name":"Not\u00edcias - Franciscanos","article_published_time":"2022-06-30T01:20:27+00:00","article_modified_time":"2023-01-03T16:39:17+00:00","og_image":[{"width":1280,"height":720,"url":"https:\/\/franciscanos.org.br\/noticias\/wp-content\/uploads\/2022\/06\/festagaspar_09.jpg","type":"image\/jpeg"}],"author":"moacir","twitter_card":"summary_large_image","twitter_misc":{"Escrito por":"moacir","Est. tempo de leitura":"9 minutos"},"schema":{"@context":"https:\/\/schema.org","@graph":[{"@type":"WebSite","@id":"https:\/\/franciscanos.org.br\/noticias\/#website","url":"https:\/\/franciscanos.org.br\/noticias\/","name":"Not\u00edcias - Franciscanos","description":"Prov\u00edncia Franciscana da Imaculada Concei\u00e7\u00e3o do Brasil - Ordem dos Frades Menores - OFM","potentialAction":[{"@type":"SearchAction","target":{"@type":"EntryPoint","urlTemplate":"https:\/\/franciscanos.org.br\/noticias\/?s={search_term_string}"},"query-input":"required name=search_term_string"}],"inLanguage":"pt-BR"},{"@type":"ImageObject","inLanguage":"pt-BR","@id":"https:\/\/franciscanos.org.br\/noticias\/festa-de-sao-pedro-apostolo-e-tempo-de-celebrar-a-vida.html#primaryimage","url":"https:\/\/franciscanos.org.br\/noticias\/wp-content\/uploads\/2022\/06\/festagaspar_09.jpg","contentUrl":"https:\/\/franciscanos.org.br\/noticias\/wp-content\/uploads\/2022\/06\/festagaspar_09.jpg","width":1280,"height":720},{"@type":"WebPage","@id":"https:\/\/franciscanos.org.br\/noticias\/festa-de-sao-pedro-apostolo-e-tempo-de-celebrar-a-vida.html#webpage","url":"https:\/\/franciscanos.org.br\/noticias\/festa-de-sao-pedro-apostolo-e-tempo-de-celebrar-a-vida.html","name":"Festa de S\u00e3o Pedro Ap\u00f3stolo: \u00c9 tempo de celebrar a vida - Not\u00edcias - Franciscanos","isPartOf":{"@id":"https:\/\/franciscanos.org.br\/noticias\/#website"},"primaryImageOfPage":{"@id":"https:\/\/franciscanos.org.br\/noticias\/festa-de-sao-pedro-apostolo-e-tempo-de-celebrar-a-vida.html#primaryimage"},"datePublished":"2022-06-30T01:20:27+00:00","dateModified":"2023-01-03T16:39:17+00:00","author":{"@id":"https:\/\/franciscanos.org.br\/noticias\/#\/schema\/person\/b5c8cba458c330ccff548b056e95a5d4"},"breadcrumb":{"@id":"https:\/\/franciscanos.org.br\/noticias\/festa-de-sao-pedro-apostolo-e-tempo-de-celebrar-a-vida.html#breadcrumb"},"inLanguage":"pt-BR","potentialAction":[{"@type":"ReadAction","target":["https:\/\/franciscanos.org.br\/noticias\/festa-de-sao-pedro-apostolo-e-tempo-de-celebrar-a-vida.html"]}]},{"@type":"BreadcrumbList","@id":"https:\/\/franciscanos.org.br\/noticias\/festa-de-sao-pedro-apostolo-e-tempo-de-celebrar-a-vida.html#breadcrumb","itemListElement":[{"@type":"ListItem","position":1,"name":"Home","item":"https:\/\/franciscanos.org.br\/noticias"},{"@type":"ListItem","position":2,"name":"Festa de S\u00e3o Pedro Ap\u00f3stolo: \u00c9 tempo de celebrar a vida"}]},{"@type":"Person","@id":"https:\/\/franciscanos.org.br\/noticias\/#\/schema\/person\/b5c8cba458c330ccff548b056e95a5d4","name":"moacir","image":{"@type":"ImageObject","inLanguage":"pt-BR","@id":"https:\/\/franciscanos.org.br\/noticias\/#\/schema\/person\/image\/","url":"https:\/\/secure.gravatar.com\/avatar\/d08aa2ce4c8dd416d4479aa8536fcf64?s=96&d=mm&r=g","contentUrl":"https:\/\/secure.gravatar.com\/avatar\/d08aa2ce4c8dd416d4479aa8536fcf64?s=96&d=mm&r=g","caption":"moacir"},"url":"https:\/\/franciscanos.org.br\/noticias\/author\/moacir"}]}},"_links":{"self":[{"href":"https:\/\/franciscanos.org.br\/noticias\/wp-json\/wp\/v2\/posts\/238753"}],"collection":[{"href":"https:\/\/franciscanos.org.br\/noticias\/wp-json\/wp\/v2\/posts"}],"about":[{"href":"https:\/\/franciscanos.org.br\/noticias\/wp-json\/wp\/v2\/types\/post"}],"author":[{"embeddable":true,"href":"https:\/\/franciscanos.org.br\/noticias\/wp-json\/wp\/v2\/users\/3"}],"replies":[{"embeddable":true,"href":"https:\/\/franciscanos.org.br\/noticias\/wp-json\/wp\/v2\/comments?post=238753"}],"version-history":[{"count":2,"href":"https:\/\/franciscanos.org.br\/noticias\/wp-json\/wp\/v2\/posts\/238753\/revisions"}],"predecessor-version":[{"id":241499,"href":"https:\/\/franciscanos.org.br\/noticias\/wp-json\/wp\/v2\/posts\/238753\/revisions\/241499"}],"wp:featuredmedia":[{"embeddable":true,"href":"https:\/\/franciscanos.org.br\/noticias\/wp-json\/wp\/v2\/media\/238754"}],"wp:attachment":[{"href":"https:\/\/franciscanos.org.br\/noticias\/wp-json\/wp\/v2\/media?parent=238753"}],"wp:term":[{"taxonomy":"category","embeddable":true,"href":"https:\/\/franciscanos.org.br\/noticias\/wp-json\/wp\/v2\/categories?post=238753"},{"taxonomy":"post_tag","embeddable":true,"href":"https:\/\/franciscanos.org.br\/noticias\/wp-json\/wp\/v2\/tags?post=238753"}],"curies":[{"name":"wp","href":"https:\/\/api.w.org\/{rel}","templated":true}]}}