{"id":238729,"date":"2022-06-29T11:06:16","date_gmt":"2022-06-29T14:06:16","guid":{"rendered":"https:\/\/franciscanos.org.br\/noticias\/?p=238729"},"modified":"2022-06-29T11:30:16","modified_gmt":"2022-06-29T14:30:16","slug":"papa-com-pedro-e-paulo-ser-uma-igreja-aberta-a-todos-livre-e-humilde","status":"publish","type":"post","link":"https:\/\/franciscanos.org.br\/noticias\/papa-com-pedro-e-paulo-ser-uma-igreja-aberta-a-todos-livre-e-humilde.html","title":{"rendered":"Papa: com Pedro e Paulo, ser uma Igreja aberta a todos, livre e humilde"},"content":{"rendered":"<div id=\"attachment_238730\" style=\"width: 1290px\" class=\"wp-caption alignnone\"><img aria-describedby=\"caption-attachment-238730\" loading=\"lazy\" class=\"wp-image-238730 size-full\" src=\"https:\/\/franciscanos.org.br\/noticias\/wp-content\/uploads\/2022\/06\/2022-06-29_missapapa.png\" alt=\"\" width=\"1280\" height=\"720\" srcset=\"https:\/\/franciscanos.org.br\/noticias\/wp-content\/uploads\/2022\/06\/2022-06-29_missapapa.png 1280w, https:\/\/franciscanos.org.br\/noticias\/wp-content\/uploads\/2022\/06\/2022-06-29_missapapa-450x253.png 450w, https:\/\/franciscanos.org.br\/noticias\/wp-content\/uploads\/2022\/06\/2022-06-29_missapapa-1024x576.png 1024w, https:\/\/franciscanos.org.br\/noticias\/wp-content\/uploads\/2022\/06\/2022-06-29_missapapa-768x432.png 768w, https:\/\/franciscanos.org.br\/noticias\/wp-content\/uploads\/2022\/06\/2022-06-29_missapapa-150x84.png 150w\" sizes=\"(max-width: 1280px) 100vw, 1280px\" \/><p id=\"caption-attachment-238730\" class=\"wp-caption-text\"><em>\u00a0 \u00a0 \u00a0 \u00a0 \u00a0 \u00a0 \u00a0 \u00a0 \u00a0 \u00a0 \u00a0 \u00a0 \u00a0 \u00a0 \u00a0 \u00a0 \u00a0 \u00a0 \u00a0 \u00a0 \u00a0 \u00a0 \u00a0 \u00a0 \u00a0 \u00a0 \u00a0 \u00a0 \u00a0 \u00a0 \u00a0 \u00a0 \u00a0 \u00a0 \u00a0 \u00a0 \u00a0 \u00a0 \u00a0 \u00a0 \u00a0 \u00a0 \u00a0 \u00a0 \u00a0 \u00a0 \u00a0 \u00a0 \u00a0 \u00a0 \u00a0 \u00a0 \u00a0 \u00a0 \u00a0 \u00a0 \u00a0 \u00a0 \u00a0 \u00a0 \u00a0 \u00a0 \u00a0 \u00a0 \u00a0Imagens: Vatican Media<\/em><\/p><\/div>\n<p>Pedro, Paulo e a sinodalidade: assim foi a homilia pronunciada pelo Papa Francisco neste 29 de junho, Solenidade dos Santos Ap\u00f3stolos. Na Bas\u00edlica Vaticana, diante de uma delega\u00e7\u00e3o do patriarcado de Constantinopla, o pont\u00edfice aben\u00e7oou os p\u00e1lios destinados aos arcebispos metropolitanos de recente nomea\u00e7\u00e3o, alguns dos quais presentes na missa. A celebra\u00e7\u00e3o foi presidida pelo Papa, que contudo n\u00e3o conduziu a liturgia eucar\u00edstica devido ao problema no joelho.<\/p>\n<p>J\u00e1 em sua homilia, comentou as leituras que oferecem o testemunho dos dois grandes Ap\u00f3stolos, condensado em duas frases: \u201cErgue-te depressa\u201d (At 12, 7) no que diz respeito a Pedro; e \u201ccombati a boa batalha\u201d (2 Tm 4, 7) em refer\u00eancia a Paulo. Tendo diante dos olhos estes dois aspectos \u2013 convidou o Papa \u2013, perguntemo-nos que podem eles sugerir \u00e0 Comunidade Crist\u00e3 de hoje, empenhada no processo sinodal em curso.<\/p>\n<p><strong>Uma Igreja sem correntes nem muros, livre e humilde<\/strong><br \/>\nDespertar e erguer-se: \u00e9 uma imagem significativa para a Igreja, disse o Papa. Tamb\u00e9m n\u00f3s somos chamados a erguer-nos depressa para entrar no dinamismo da ressurrei\u00e7\u00e3o e deixar-nos conduzir pelo Senhor ao longo dos caminhos que Ele nos quiser indicar.\u201d<\/p>\n<p>Francisco alertou para a mediocridade espiritual, quando \u00e0s vezes a Igreja \u00e9 dominada pela pregui\u00e7a ao inv\u00e9s de se lan\u00e7ar para horizontes novos, citando algumas express\u00f5es do Padre Henri de Lubac, que falava de &#8220;cristianismo clerical&#8221;, &#8220;cristianismo formalista&#8221;, &#8220;cristianismo morti\u00e7o e endurecido&#8221;.<\/p>\n<p>A proposta do futuro S\u00ednodo \u00e9 exatamente o contr\u00e1rio, afirmou Francisco, que chama a ser uma Igreja que se ergue em p\u00e9, n\u00e3o dobrada sobre si mesma, mas capaz de olhar mais al\u00e9m, de sair das suas pris\u00f5es para ir ao encontro do mundo. Uma Igreja sem correntes nem muros, livre e humilde. Uma Igreja que se deixa animar pela paix\u00e3o do an\u00fancio do Evangelho e pelo desejo de chegar a todos, e a todos acolher. O Pont\u00edfice ressaltou este termo de Jesus: &#8220;todos&#8221;, pedindo que a Igreja esteja nas encruzilhadas do mundo, pronta a acolher a todos, pecadores ou n\u00e3o. As portas s\u00e3o para acolher e n\u00e3o para &#8220;dispensar&#8221; os fi\u00e9is. \u201cEsta palavra do Senhor deve ressoar, ressoar na mente e no cora\u00e7\u00e3o: todos! Na Igreja h\u00e1 lugar para todos. E muitas vezes n\u00f3s nos tornamos uma Igreja de portas abertas, mas para dispensar as pessoas, para conden\u00e1-las.\u201d<\/p>\n<p><img loading=\"lazy\" class=\"alignnone size-full wp-image-238733\" src=\"https:\/\/franciscanos.org.br\/noticias\/wp-content\/uploads\/2022\/06\/cq5dam.thumbnail.cropped.1500.844-3.jpeg\" alt=\"\" width=\"1500\" height=\"844\" srcset=\"https:\/\/franciscanos.org.br\/noticias\/wp-content\/uploads\/2022\/06\/cq5dam.thumbnail.cropped.1500.844-3.jpeg 1500w, https:\/\/franciscanos.org.br\/noticias\/wp-content\/uploads\/2022\/06\/cq5dam.thumbnail.cropped.1500.844-3-450x253.jpeg 450w, https:\/\/franciscanos.org.br\/noticias\/wp-content\/uploads\/2022\/06\/cq5dam.thumbnail.cropped.1500.844-3-1024x576.jpeg 1024w, https:\/\/franciscanos.org.br\/noticias\/wp-content\/uploads\/2022\/06\/cq5dam.thumbnail.cropped.1500.844-3-768x432.jpeg 768w, https:\/\/franciscanos.org.br\/noticias\/wp-content\/uploads\/2022\/06\/cq5dam.thumbnail.cropped.1500.844-3-150x84.jpeg 150w\" sizes=\"(max-width: 1500px) 100vw, 1500px\" \/><\/p>\n<p><strong>O Evangelho n\u00e3o nos deixa indiferentes, n\u00e3o \u00e9 neutro<\/strong><br \/>\nOutro desafio \u00e9 \u201ccombater a boa batalha\u201d, ainda em andamento, porque muitos n\u00e3o est\u00e3o dispostos a acolher Jesus, preferindo correr atr\u00e1s dos seus pr\u00f3prios interesses e de outros mestres &#8220;mais c\u00f4modos, f\u00e1ceis e de acordo com nossa vontade&#8221;.<\/p>\n<p>O Papa ent\u00e3o prop\u00f4s duas perguntas. A primeira: Que posso fazer eu pela Igreja? Isso requer n\u00e3o lamentar-se da Igreja, mas empenhar-se em prol da Igreja. \u201cIgreja sinodal significa isto: todos participam, mas ningu\u00e9m no lugar dos outros ou acima dos outros&#8221;: &#8220;N\u00e3o existem crist\u00e3os de primeira ou segunda classe&#8221;. Significa n\u00e3o permanecer neutro, n\u00e3o deixar as coisas como est\u00e3o, mas acender o fogo do Reino de Deus l\u00e1 onde reinam o mal, a viol\u00eancia, a corrup\u00e7\u00e3o, a injusti\u00e7a e a marginaliza\u00e7\u00e3o.<\/p>\n<p>A segunda pergunta \u00e9: Que podemos fazer juntos, como Igreja, para tornar o mundo em que vivemos mais humano, mais justo, mais solid\u00e1rio, mais aberto a Deus e \u00e0 fraternidade entre os homens? Certamente n\u00e3o se fechar em c\u00edrculos eclesiais nem se perder em discuss\u00f5es est\u00e9reis e no clericalismo, uma &#8220;pervers\u00e3o sobretudo se atinge os leigos&#8221;. Mas ser uma Igreja que promove a cultura do cuidado, a compaix\u00e3o pelos fr\u00e1geis e a luta contra toda a forma de degrada\u00e7\u00e3o, para resplandecer na vida de cada um a alegria do Evangelho: esta \u00e9 a nossa &#8220;boa batalha&#8221;. A batalha da tutela da cria\u00e7\u00e3o, da dignidade do trabalho, dos problemas das fam\u00edlias, da condi\u00e7\u00e3o dos idosos e de quantos se veem abandonados, rejeitados e desprezados. Para isso, n\u00e3o se pode ceder ao saudosismo de voltar para tr\u00e1s, muito em voga ultimamente.<\/p>\n<p>Por fim, o Papa saudou os novos arcebispos metropolitanos e a Delega\u00e7\u00e3o do Patriarcado Ecum\u00eanico. E concluiu pedindo a intercess\u00e3o dos santos ap\u00f3stolos: \u201cPedro e Paulo intercedam por n\u00f3s, pela cidade de Roma, pela Igreja e pelo mundo inteiro. Am\u00e9m\u201d.<\/p>\n<hr \/>\n<p><em>Fonte: Vatican News (texto de Bianca Fraccalvieri)<\/em><\/p>\n<p>&nbsp;<\/p>\n<h3>Angelus<br \/>\nPapa: o caminho da f\u00e9 passa por momentos de prova\u00e7\u00e3o<\/h3>\n<p>Nesta quarta-feira, 29 de junho, Solenidade dos Santos Pedro e Paulo Padroeiros de Roma, o Papa Francisco falou no <em>Angelus<\/em> sobre as palavras que Pedro dirige a Jesus na sua profiss\u00e3o de f\u00e9.<\/p>\n<p>&#8220;Tu \u00e9s o Cristo, o Filho do Deus vivo&#8221; (Mt 16,16). Francisco afirma que \u201c\u00e9 uma profiss\u00e3o de f\u00e9, que Pedro pronuncia n\u00e3o com base na sua compreens\u00e3o humana, mas porque Deus Pai a inspirou nele. E que para que estas palavras entrem profundamente na sua vida, h\u00e1 antes um per\u00edodo de \u201caprendizado\u201d da f\u00e9, que afetou os ap\u00f3stolos Pedro e Paulo, assim como acontece com cada um de n\u00f3s. Explicando: \u201cN\u00f3s tamb\u00e9m acreditamos que Jesus \u00e9 o Messias, o Filho do Deus vivo, mas \u00e9 preciso tempo, paci\u00eancia e muita humildade para que nossa maneira de pensar e agir adira plenamente ao Evangelho\u201d<\/p>\n<p><strong>Pedro repreende o Mestre<\/strong><br \/>\nO Papa afirma que Pedro logo sentiu isso porque ap\u00f3s Jesus ter anunciado que iria sofrer e ser condenado \u00e0 morte Pedro rejeita esta perspectiva, que considera incompat\u00edvel com o Messias. Ele at\u00e9 se sente obrigado a repreender o Mestre, que por sua vez o apostrofa: &#8220;Afasta-te de mim, Satan\u00e1s! Tu me serves de pedra de trope\u00e7o, porque n\u00e3o pensas as coisas de Deus, mas as dos homens!&#8221;. \u201cPensemos nisso: n\u00e3o nos acontece a mesma coisa? Repetimos o Credo, o rezamos com f\u00e9; mas diante das duras prova\u00e7\u00f5es da vida, tudo parece vacilar. Estamos inclinados a protestar contra o Senhor, dizendo-lhe que n\u00e3o est\u00e1 certo, que deve haver outros caminhos mais retos e menos cansativos\u201d<\/p>\n<p><strong>Paulo, caminho com incertezas e d\u00favidas<\/strong><br \/>\n\u201cO Ap\u00f3stolo Paulo \u2013 continuou Francisco &#8211; tamb\u00e9m passou por um lento amadurecimento da f\u00e9, experimentando momentos de incerteza e de d\u00favida. A apari\u00e7\u00e3o do Ressuscitado no caminho de Damasco, que o transformou de perseguidor em crist\u00e3o, deve ser vista como o in\u00edcio de um percurso durante o qual o Ap\u00f3stolo se reconciliou com as crises, fracassos e os constantes tormentos\u201d.<\/p>\n<p>\u201cO caminho da f\u00e9 n\u00e3o \u00e9 um passeio, nem para Pedro nem para Paulo, para nenhum crist\u00e3o. \u00c9 exigente, \u00e0s vezes \u00e1rduo: mesmo Paulo, tendo se tornado crist\u00e3o, teve que aprender pouco a pouco, especialmente atrav\u00e9s de momentos de prova\u00e7\u00e3o\u201d<\/p>\n<p>Concluindo o Papa pede que pensemos em nosso caminho da f\u00e9: \u201cquando eu professo a minha f\u00e9 em Jesus Cristo, o Filho de Deus, o fa\u00e7o com a consci\u00eancia de que sempre devo aprender, ou presumo que \u2018j\u00e1 entendi tudo\u2019?\u201d E concluiu com uma frase de Paulo a Tim\u00f3teo \u201cEle nos libertar\u00e1 de toda a obra maligna e nos levar\u00e1 a salvo para o seu Reino Celeste (cf. 2 Tim 4,18). Que a Virgem Maria, Rainha dos Ap\u00f3stolos, nos ensine a imit\u00e1-los, avan\u00e7ando todos os dias no caminho da f\u00e9\u201d.<\/p>\n<p><img loading=\"lazy\" class=\"wp-image-238735 size-full\" src=\"https:\/\/franciscanos.org.br\/noticias\/wp-content\/uploads\/2022\/06\/2022-06-29_angelus.png\" alt=\"\" width=\"1280\" height=\"720\" srcset=\"https:\/\/franciscanos.org.br\/noticias\/wp-content\/uploads\/2022\/06\/2022-06-29_angelus.png 1280w, https:\/\/franciscanos.org.br\/noticias\/wp-content\/uploads\/2022\/06\/2022-06-29_angelus-450x253.png 450w, https:\/\/franciscanos.org.br\/noticias\/wp-content\/uploads\/2022\/06\/2022-06-29_angelus-1024x576.png 1024w, https:\/\/franciscanos.org.br\/noticias\/wp-content\/uploads\/2022\/06\/2022-06-29_angelus-768x432.png 768w, https:\/\/franciscanos.org.br\/noticias\/wp-content\/uploads\/2022\/06\/2022-06-29_angelus-150x84.png 150w\" sizes=\"(max-width: 1280px) 100vw, 1280px\" \/><\/p>\n<hr \/>\n<p><em>Fonte: Vatican News (texto de Jane Nogara)<\/em><\/p>\n","protected":false},"excerpt":{"rendered":"<p>Solenidade de S\u00e3o Pedro e S\u00e3o Paulo e Angelus<\/p>\n","protected":false},"author":1,"featured_media":238736,"comment_status":"open","ping_status":"open","sticky":false,"template":"","format":"standard","meta":[],"categories":[1428],"tags":[403,1744],"acf":[],"yoast_head":"<!-- This site is optimized with the Yoast SEO plugin v19.2 - https:\/\/yoast.com\/wordpress\/plugins\/seo\/ -->\n<title>Papa: com Pedro e Paulo, ser uma Igreja aberta a todos, livre e humilde - Not\u00edcias - Franciscanos<\/title>\n<meta name=\"robots\" content=\"index, follow, max-snippet:-1, max-image-preview:large, max-video-preview:-1\" \/>\n<link rel=\"canonical\" href=\"https:\/\/franciscanos.org.br\/noticias\/papa-com-pedro-e-paulo-ser-uma-igreja-aberta-a-todos-livre-e-humilde.html\" \/>\n<meta property=\"og:locale\" content=\"pt_BR\" \/>\n<meta property=\"og:type\" content=\"article\" \/>\n<meta property=\"og:title\" content=\"Papa: com Pedro e Paulo, ser uma Igreja aberta a todos, livre e humilde - Not\u00edcias - Franciscanos\" \/>\n<meta property=\"og:description\" content=\"Solenidade de S\u00e3o Pedro e S\u00e3o Paulo e Angelus\" \/>\n<meta property=\"og:url\" content=\"https:\/\/franciscanos.org.br\/noticias\/papa-com-pedro-e-paulo-ser-uma-igreja-aberta-a-todos-livre-e-humilde.html\" \/>\n<meta property=\"og:site_name\" content=\"Not\u00edcias - Franciscanos\" \/>\n<meta property=\"article:published_time\" content=\"2022-06-29T14:06:16+00:00\" \/>\n<meta property=\"article:modified_time\" content=\"2022-06-29T14:30:16+00:00\" \/>\n<meta property=\"og:image\" content=\"https:\/\/franciscanos.org.br\/noticias\/wp-content\/uploads\/2022\/06\/2022-06_missapapad.png\" \/>\n\t<meta property=\"og:image:width\" content=\"800\" \/>\n\t<meta property=\"og:image:height\" content=\"550\" \/>\n\t<meta property=\"og:image:type\" content=\"image\/png\" \/>\n<meta name=\"author\" content=\"admin\" \/>\n<meta name=\"twitter:card\" content=\"summary_large_image\" \/>\n<meta name=\"twitter:label1\" content=\"Escrito por\" \/>\n\t<meta name=\"twitter:data1\" content=\"admin\" \/>\n\t<meta name=\"twitter:label2\" content=\"Est. tempo de leitura\" \/>\n\t<meta name=\"twitter:data2\" content=\"6 minutos\" \/>\n<script type=\"application\/ld+json\" class=\"yoast-schema-graph\">{\"@context\":\"https:\/\/schema.org\",\"@graph\":[{\"@type\":\"WebSite\",\"@id\":\"https:\/\/franciscanos.org.br\/noticias\/#website\",\"url\":\"https:\/\/franciscanos.org.br\/noticias\/\",\"name\":\"Not\u00edcias - Franciscanos\",\"description\":\"Prov\u00edncia Franciscana da Imaculada Concei\u00e7\u00e3o do Brasil - Ordem dos Frades Menores - OFM\",\"potentialAction\":[{\"@type\":\"SearchAction\",\"target\":{\"@type\":\"EntryPoint\",\"urlTemplate\":\"https:\/\/franciscanos.org.br\/noticias\/?s={search_term_string}\"},\"query-input\":\"required name=search_term_string\"}],\"inLanguage\":\"pt-BR\"},{\"@type\":\"ImageObject\",\"inLanguage\":\"pt-BR\",\"@id\":\"https:\/\/franciscanos.org.br\/noticias\/papa-com-pedro-e-paulo-ser-uma-igreja-aberta-a-todos-livre-e-humilde.html#primaryimage\",\"url\":\"https:\/\/franciscanos.org.br\/noticias\/wp-content\/uploads\/2022\/06\/2022-06_missapapad.png\",\"contentUrl\":\"https:\/\/franciscanos.org.br\/noticias\/wp-content\/uploads\/2022\/06\/2022-06_missapapad.png\",\"width\":800,\"height\":550},{\"@type\":\"WebPage\",\"@id\":\"https:\/\/franciscanos.org.br\/noticias\/papa-com-pedro-e-paulo-ser-uma-igreja-aberta-a-todos-livre-e-humilde.html#webpage\",\"url\":\"https:\/\/franciscanos.org.br\/noticias\/papa-com-pedro-e-paulo-ser-uma-igreja-aberta-a-todos-livre-e-humilde.html\",\"name\":\"Papa: com Pedro e Paulo, ser uma Igreja aberta a todos, livre e humilde - Not\u00edcias - Franciscanos\",\"isPartOf\":{\"@id\":\"https:\/\/franciscanos.org.br\/noticias\/#website\"},\"primaryImageOfPage\":{\"@id\":\"https:\/\/franciscanos.org.br\/noticias\/papa-com-pedro-e-paulo-ser-uma-igreja-aberta-a-todos-livre-e-humilde.html#primaryimage\"},\"datePublished\":\"2022-06-29T14:06:16+00:00\",\"dateModified\":\"2022-06-29T14:30:16+00:00\",\"author\":{\"@id\":\"https:\/\/franciscanos.org.br\/noticias\/#\/schema\/person\/b38fbf43118f02820bd932f2e4b14ad3\"},\"breadcrumb\":{\"@id\":\"https:\/\/franciscanos.org.br\/noticias\/papa-com-pedro-e-paulo-ser-uma-igreja-aberta-a-todos-livre-e-humilde.html#breadcrumb\"},\"inLanguage\":\"pt-BR\",\"potentialAction\":[{\"@type\":\"ReadAction\",\"target\":[\"https:\/\/franciscanos.org.br\/noticias\/papa-com-pedro-e-paulo-ser-uma-igreja-aberta-a-todos-livre-e-humilde.html\"]}]},{\"@type\":\"BreadcrumbList\",\"@id\":\"https:\/\/franciscanos.org.br\/noticias\/papa-com-pedro-e-paulo-ser-uma-igreja-aberta-a-todos-livre-e-humilde.html#breadcrumb\",\"itemListElement\":[{\"@type\":\"ListItem\",\"position\":1,\"name\":\"Home\",\"item\":\"https:\/\/franciscanos.org.br\/noticias\"},{\"@type\":\"ListItem\",\"position\":2,\"name\":\"Papa: com Pedro e Paulo, ser uma Igreja aberta a todos, livre e humilde\"}]},{\"@type\":\"Person\",\"@id\":\"https:\/\/franciscanos.org.br\/noticias\/#\/schema\/person\/b38fbf43118f02820bd932f2e4b14ad3\",\"name\":\"admin\",\"image\":{\"@type\":\"ImageObject\",\"inLanguage\":\"pt-BR\",\"@id\":\"https:\/\/franciscanos.org.br\/noticias\/#\/schema\/person\/image\/\",\"url\":\"https:\/\/secure.gravatar.com\/avatar\/e8495742d34d0ba6448ea1c628263b3e?s=96&d=mm&r=g\",\"contentUrl\":\"https:\/\/secure.gravatar.com\/avatar\/e8495742d34d0ba6448ea1c628263b3e?s=96&d=mm&r=g\",\"caption\":\"admin\"},\"url\":\"https:\/\/franciscanos.org.br\/noticias\/author\/admin\"}]}<\/script>\n<!-- \/ Yoast SEO plugin. -->","yoast_head_json":{"title":"Papa: com Pedro e Paulo, ser uma Igreja aberta a todos, livre e humilde - Not\u00edcias - Franciscanos","robots":{"index":"index","follow":"follow","max-snippet":"max-snippet:-1","max-image-preview":"max-image-preview:large","max-video-preview":"max-video-preview:-1"},"canonical":"https:\/\/franciscanos.org.br\/noticias\/papa-com-pedro-e-paulo-ser-uma-igreja-aberta-a-todos-livre-e-humilde.html","og_locale":"pt_BR","og_type":"article","og_title":"Papa: com Pedro e Paulo, ser uma Igreja aberta a todos, livre e humilde - Not\u00edcias - Franciscanos","og_description":"Solenidade de S\u00e3o Pedro e S\u00e3o Paulo e Angelus","og_url":"https:\/\/franciscanos.org.br\/noticias\/papa-com-pedro-e-paulo-ser-uma-igreja-aberta-a-todos-livre-e-humilde.html","og_site_name":"Not\u00edcias - Franciscanos","article_published_time":"2022-06-29T14:06:16+00:00","article_modified_time":"2022-06-29T14:30:16+00:00","og_image":[{"width":800,"height":550,"url":"https:\/\/franciscanos.org.br\/noticias\/wp-content\/uploads\/2022\/06\/2022-06_missapapad.png","type":"image\/png"}],"author":"admin","twitter_card":"summary_large_image","twitter_misc":{"Escrito por":"admin","Est. tempo de leitura":"6 minutos"},"schema":{"@context":"https:\/\/schema.org","@graph":[{"@type":"WebSite","@id":"https:\/\/franciscanos.org.br\/noticias\/#website","url":"https:\/\/franciscanos.org.br\/noticias\/","name":"Not\u00edcias - Franciscanos","description":"Prov\u00edncia Franciscana da Imaculada Concei\u00e7\u00e3o do Brasil - Ordem dos Frades Menores - OFM","potentialAction":[{"@type":"SearchAction","target":{"@type":"EntryPoint","urlTemplate":"https:\/\/franciscanos.org.br\/noticias\/?s={search_term_string}"},"query-input":"required name=search_term_string"}],"inLanguage":"pt-BR"},{"@type":"ImageObject","inLanguage":"pt-BR","@id":"https:\/\/franciscanos.org.br\/noticias\/papa-com-pedro-e-paulo-ser-uma-igreja-aberta-a-todos-livre-e-humilde.html#primaryimage","url":"https:\/\/franciscanos.org.br\/noticias\/wp-content\/uploads\/2022\/06\/2022-06_missapapad.png","contentUrl":"https:\/\/franciscanos.org.br\/noticias\/wp-content\/uploads\/2022\/06\/2022-06_missapapad.png","width":800,"height":550},{"@type":"WebPage","@id":"https:\/\/franciscanos.org.br\/noticias\/papa-com-pedro-e-paulo-ser-uma-igreja-aberta-a-todos-livre-e-humilde.html#webpage","url":"https:\/\/franciscanos.org.br\/noticias\/papa-com-pedro-e-paulo-ser-uma-igreja-aberta-a-todos-livre-e-humilde.html","name":"Papa: com Pedro e Paulo, ser uma Igreja aberta a todos, livre e humilde - Not\u00edcias - Franciscanos","isPartOf":{"@id":"https:\/\/franciscanos.org.br\/noticias\/#website"},"primaryImageOfPage":{"@id":"https:\/\/franciscanos.org.br\/noticias\/papa-com-pedro-e-paulo-ser-uma-igreja-aberta-a-todos-livre-e-humilde.html#primaryimage"},"datePublished":"2022-06-29T14:06:16+00:00","dateModified":"2022-06-29T14:30:16+00:00","author":{"@id":"https:\/\/franciscanos.org.br\/noticias\/#\/schema\/person\/b38fbf43118f02820bd932f2e4b14ad3"},"breadcrumb":{"@id":"https:\/\/franciscanos.org.br\/noticias\/papa-com-pedro-e-paulo-ser-uma-igreja-aberta-a-todos-livre-e-humilde.html#breadcrumb"},"inLanguage":"pt-BR","potentialAction":[{"@type":"ReadAction","target":["https:\/\/franciscanos.org.br\/noticias\/papa-com-pedro-e-paulo-ser-uma-igreja-aberta-a-todos-livre-e-humilde.html"]}]},{"@type":"BreadcrumbList","@id":"https:\/\/franciscanos.org.br\/noticias\/papa-com-pedro-e-paulo-ser-uma-igreja-aberta-a-todos-livre-e-humilde.html#breadcrumb","itemListElement":[{"@type":"ListItem","position":1,"name":"Home","item":"https:\/\/franciscanos.org.br\/noticias"},{"@type":"ListItem","position":2,"name":"Papa: com Pedro e Paulo, ser uma Igreja aberta a todos, livre e humilde"}]},{"@type":"Person","@id":"https:\/\/franciscanos.org.br\/noticias\/#\/schema\/person\/b38fbf43118f02820bd932f2e4b14ad3","name":"admin","image":{"@type":"ImageObject","inLanguage":"pt-BR","@id":"https:\/\/franciscanos.org.br\/noticias\/#\/schema\/person\/image\/","url":"https:\/\/secure.gravatar.com\/avatar\/e8495742d34d0ba6448ea1c628263b3e?s=96&d=mm&r=g","contentUrl":"https:\/\/secure.gravatar.com\/avatar\/e8495742d34d0ba6448ea1c628263b3e?s=96&d=mm&r=g","caption":"admin"},"url":"https:\/\/franciscanos.org.br\/noticias\/author\/admin"}]}},"_links":{"self":[{"href":"https:\/\/franciscanos.org.br\/noticias\/wp-json\/wp\/v2\/posts\/238729"}],"collection":[{"href":"https:\/\/franciscanos.org.br\/noticias\/wp-json\/wp\/v2\/posts"}],"about":[{"href":"https:\/\/franciscanos.org.br\/noticias\/wp-json\/wp\/v2\/types\/post"}],"author":[{"embeddable":true,"href":"https:\/\/franciscanos.org.br\/noticias\/wp-json\/wp\/v2\/users\/1"}],"replies":[{"embeddable":true,"href":"https:\/\/franciscanos.org.br\/noticias\/wp-json\/wp\/v2\/comments?post=238729"}],"version-history":[{"count":6,"href":"https:\/\/franciscanos.org.br\/noticias\/wp-json\/wp\/v2\/posts\/238729\/revisions"}],"predecessor-version":[{"id":238742,"href":"https:\/\/franciscanos.org.br\/noticias\/wp-json\/wp\/v2\/posts\/238729\/revisions\/238742"}],"wp:featuredmedia":[{"embeddable":true,"href":"https:\/\/franciscanos.org.br\/noticias\/wp-json\/wp\/v2\/media\/238736"}],"wp:attachment":[{"href":"https:\/\/franciscanos.org.br\/noticias\/wp-json\/wp\/v2\/media?parent=238729"}],"wp:term":[{"taxonomy":"category","embeddable":true,"href":"https:\/\/franciscanos.org.br\/noticias\/wp-json\/wp\/v2\/categories?post=238729"},{"taxonomy":"post_tag","embeddable":true,"href":"https:\/\/franciscanos.org.br\/noticias\/wp-json\/wp\/v2\/tags?post=238729"}],"curies":[{"name":"wp","href":"https:\/\/api.w.org\/{rel}","templated":true}]}}