{"id":238722,"date":"2022-06-28T14:26:46","date_gmt":"2022-06-28T17:26:46","guid":{"rendered":"https:\/\/franciscanos.org.br\/noticias\/?p=238722"},"modified":"2022-06-30T18:42:09","modified_gmt":"2022-06-30T21:42:09","slug":"festagaspar","status":"publish","type":"post","link":"https:\/\/franciscanos.org.br\/noticias\/festagaspar.html","title":{"rendered":"Em Gaspar, come\u00e7am nesta quarta os festejos em honra a S\u00e3o Pedro Ap\u00f3stolo"},"content":{"rendered":"<p><img loading=\"lazy\" class=\"alignnone size-full wp-image-238723\" src=\"https:\/\/franciscanos.org.br\/noticias\/wp-content\/uploads\/2022\/06\/gaspar_28-scaled.jpg\" alt=\"\" width=\"1920\" height=\"1151\" srcset=\"https:\/\/franciscanos.org.br\/noticias\/wp-content\/uploads\/2022\/06\/gaspar_28-scaled.jpg 1802w, https:\/\/franciscanos.org.br\/noticias\/wp-content\/uploads\/2022\/06\/gaspar_28-450x270.jpg 450w, https:\/\/franciscanos.org.br\/noticias\/wp-content\/uploads\/2022\/06\/gaspar_28-1024x614.jpg 1024w, https:\/\/franciscanos.org.br\/noticias\/wp-content\/uploads\/2022\/06\/gaspar_28-768x461.jpg 768w, https:\/\/franciscanos.org.br\/noticias\/wp-content\/uploads\/2022\/06\/gaspar_28-1536x921.jpg 1536w, https:\/\/franciscanos.org.br\/noticias\/wp-content\/uploads\/2022\/06\/gaspar_28-2048x1228.jpg 2048w, https:\/\/franciscanos.org.br\/noticias\/wp-content\/uploads\/2022\/06\/gaspar_28-150x90.jpg 150w\" sizes=\"(max-width: 1920px) 100vw, 1920px\" \/><\/p>\n<p>A festa religiosa mais antiga e popular do munic\u00edpio de Gaspar, em Santa Catarina, chega \u00e0 172\u00aa edi\u00e7\u00e3o, depois de passar os dois \u00faltimos anos em meio \u00e0 pandemia de Covid-19. Nesta quarta-feira, 29 de junho, dia que a Igreja celebra os ap\u00f3stolos S\u00e3o Pedro e S\u00e3o Paulo, a Par\u00f3quia S\u00e3o Pedro Ap\u00f3stolo inicia as celebra\u00e7\u00f5es em honra ao Padroeiro, com encerramento solene no pr\u00f3ximo domingo (3\/7).<\/p>\n<p>Neste ano, o tema escolhido para a Festa \u00e9: &#8220;Com S\u00e3o Pedro e S\u00e3o Francisco, somos instrumentos do amor e da paz&#8221;, mas diariamente se refletir\u00e1 sobre um subtema durante o Tr\u00edduo preparat\u00f3rio para a Festa. No primeiro dia do Tr\u00edduo, o tema ser\u00e1: &#8220;Pedro, a rocha que funda a Igreja Crist\u00e3. Francisco, a rocha que reconstr\u00f3i a Igreja de Cristo&#8221;, no segundo dia, &#8220;Pedro, o homem simples que torna-se a base da Igreja; Francisco, o homem humilde que acolhe aos pobres e sofredores&#8221;, e no terceiro dia: &#8220;Pedro, funda a igreja dos irm\u00e3os que partilhavam tudo entre si; Francisco deixa o legado da pobreza a todos os irm\u00e3os&#8221;.<\/p>\n<p><img loading=\"lazy\" class=\"alignnone size-full wp-image-238724\" src=\"https:\/\/franciscanos.org.br\/noticias\/wp-content\/uploads\/2022\/06\/programa_01.jpg\" alt=\"\" width=\"900\" height=\"1262\" srcset=\"https:\/\/franciscanos.org.br\/noticias\/wp-content\/uploads\/2022\/06\/programa_01.jpg 900w, https:\/\/franciscanos.org.br\/noticias\/wp-content\/uploads\/2022\/06\/programa_01-321x450.jpg 321w, https:\/\/franciscanos.org.br\/noticias\/wp-content\/uploads\/2022\/06\/programa_01-730x1024.jpg 730w, https:\/\/franciscanos.org.br\/noticias\/wp-content\/uploads\/2022\/06\/programa_01-768x1077.jpg 768w, https:\/\/franciscanos.org.br\/noticias\/wp-content\/uploads\/2022\/06\/programa_01-150x210.jpg 150w\" sizes=\"(max-width: 900px) 100vw, 900px\" \/><\/p>\n<p>&nbsp;<\/p>\n<p>&nbsp;<\/p>\n<p>Confira a programa\u00e7\u00e3o:<\/p>\n<p><strong><u>DIA 29\/06 \u2013 quarta-feira <\/u><\/strong><\/p>\n<p>Na Igreja Matriz \u00c0s <strong>19:00h<\/strong> Santa Missa celebrando o Dia de S\u00e3o Pedro<br \/>\nNo Cristo Rei a tradicional macarronada com in\u00edcio j\u00e1 \u00e0s <strong>18:00h<\/strong><\/p>\n<p><strong><u>DIA 30\/06 quinta-feira<\/u><\/strong><\/p>\n<p>Na Igreja Matriz \u00c0s <strong>17:00h<\/strong> Santa Missa da Sa\u00fade\/Enfermos \u2013 \u00c0s <strong>19:00h<\/strong> \u2013 Santa Missa \u2013 1\u00ba dia do Tr\u00edduo de S\u00e3o Pedro.<\/p>\n<p>No Cristo Rei \u00e0s 18:00h deliciosa Buffet de Sopas<\/p>\n<p><strong><u>DIA 01\/07 sexta-feira <\/u><\/strong><\/p>\n<p>Na Igreja Matriz<strong> \u00e0s 19:00h<\/strong> Santa Missa \u2013 2\u00ba dia do Tr\u00edduo.<\/p>\n<p>No Cristo Rei \u00e0s <strong>09:00h<\/strong> \u2013 Pastel, sonho, bolo, caf\u00e9 e \u00e0s <strong>17:00h<\/strong> \u2013 Completo servi\u00e7o de bar e cozinha, rodas, pescaria, pinh\u00e3o, bingo, churrasco<\/p>\n<p><strong><u>DIA 02\/07 s\u00e1bado <\/u><\/strong><\/p>\n<p>Na Igreja Matriz<strong> 16:00h<\/strong> \u2013 Santa Missa Celebra\u00e7\u00e3o com toda a Catequese Paroquial \u00c0s <strong>19:00h<\/strong> Santa Missa \u2013 3\u00ba dia do Tr\u00edduo.<\/p>\n<p>No Cristo Rei <strong>08:00h<\/strong> \u2013 Pastel, sonho, bolo, caf\u00e9 \/ &#8211; <strong>11:00h<\/strong> \u2013 Churrasco e bar \/ &#8211; <strong>17:00h<\/strong> &#8211; Completo servi\u00e7o de bar e cozinha, rodas, pescaria, pinh\u00e3o, bingo, churrasco e \u00e0s <strong>20:00h<\/strong> \u2013 Roda dos animais<\/p>\n<p><strong><u>DIA 03\/07 domingo <\/u><\/strong><\/p>\n<p>Na Igreja Matriz<strong>\u00a0 <\/strong><em>Solenidade de S\u00e3o Pedro e S\u00e3o Paulo \u00e0s<\/em> <strong>09:00h <\/strong>\u2013 Missa Solene com os Festeiros e \u00e0s <strong>19:00h<\/strong> \u2013 Santa Missa.<\/p>\n<p>No Cristo Rei \u00e0s <strong>08:00h<\/strong> \u2013 Pastel, sonho, bolo, caf\u00e9, \u00e0s <strong>09:00h<\/strong> Completo servi\u00e7o de bar e cozinha, rodas, pescaria, pinh\u00e3o, bingo, churrasco e \u00e0s <strong>11:00h<\/strong> o tradicional Leil\u00e3o do gado que ser\u00e1 transmitido online pela TV Gaspar.<\/p>\n","protected":false},"excerpt":{"rendered":"<p>Par\u00f3quia S\u00e3o Pedro Ap\u00f3stolo<\/p>\n","protected":false},"author":3,"featured_media":238723,"comment_status":"open","ping_status":"open","sticky":false,"template":"","format":"standard","meta":[],"categories":[1],"tags":[1980],"acf":[],"yoast_head":"<!-- This site is optimized with the Yoast SEO plugin v19.2 - https:\/\/yoast.com\/wordpress\/plugins\/seo\/ -->\n<title>Em Gaspar, come\u00e7am nesta quarta os festejos em honra a S\u00e3o Pedro Ap\u00f3stolo - Not\u00edcias - Franciscanos<\/title>\n<meta name=\"robots\" content=\"index, follow, max-snippet:-1, max-image-preview:large, max-video-preview:-1\" \/>\n<link rel=\"canonical\" href=\"https:\/\/franciscanos.org.br\/noticias\/festagaspar.html\" \/>\n<meta property=\"og:locale\" content=\"pt_BR\" \/>\n<meta property=\"og:type\" content=\"article\" \/>\n<meta property=\"og:title\" content=\"Em Gaspar, come\u00e7am nesta quarta os festejos em honra a S\u00e3o Pedro Ap\u00f3stolo - Not\u00edcias - Franciscanos\" \/>\n<meta property=\"og:description\" content=\"Par\u00f3quia S\u00e3o Pedro Ap\u00f3stolo\" \/>\n<meta property=\"og:url\" content=\"https:\/\/franciscanos.org.br\/noticias\/festagaspar.html\" \/>\n<meta property=\"og:site_name\" content=\"Not\u00edcias - Franciscanos\" \/>\n<meta property=\"article:published_time\" content=\"2022-06-28T17:26:46+00:00\" \/>\n<meta property=\"article:modified_time\" content=\"2022-06-30T21:42:09+00:00\" \/>\n<meta property=\"og:image\" content=\"https:\/\/franciscanos.org.br\/noticias\/wp-content\/uploads\/2022\/06\/gaspar_28-scaled.jpg\" \/>\n\t<meta property=\"og:image:width\" content=\"1802\" \/>\n\t<meta property=\"og:image:height\" content=\"1080\" \/>\n\t<meta property=\"og:image:type\" content=\"image\/jpeg\" \/>\n<meta name=\"author\" content=\"moacir\" \/>\n<meta name=\"twitter:card\" content=\"summary_large_image\" \/>\n<meta name=\"twitter:label1\" content=\"Escrito por\" \/>\n\t<meta name=\"twitter:data1\" content=\"moacir\" \/>\n\t<meta name=\"twitter:label2\" content=\"Est. tempo de leitura\" \/>\n\t<meta name=\"twitter:data2\" content=\"2 minutos\" \/>\n<script type=\"application\/ld+json\" class=\"yoast-schema-graph\">{\"@context\":\"https:\/\/schema.org\",\"@graph\":[{\"@type\":\"WebSite\",\"@id\":\"https:\/\/franciscanos.org.br\/noticias\/#website\",\"url\":\"https:\/\/franciscanos.org.br\/noticias\/\",\"name\":\"Not\u00edcias - Franciscanos\",\"description\":\"Prov\u00edncia Franciscana da Imaculada Concei\u00e7\u00e3o do Brasil - Ordem dos Frades Menores - OFM\",\"potentialAction\":[{\"@type\":\"SearchAction\",\"target\":{\"@type\":\"EntryPoint\",\"urlTemplate\":\"https:\/\/franciscanos.org.br\/noticias\/?s={search_term_string}\"},\"query-input\":\"required name=search_term_string\"}],\"inLanguage\":\"pt-BR\"},{\"@type\":\"ImageObject\",\"inLanguage\":\"pt-BR\",\"@id\":\"https:\/\/franciscanos.org.br\/noticias\/festagaspar.html#primaryimage\",\"url\":\"https:\/\/franciscanos.org.br\/noticias\/wp-content\/uploads\/2022\/06\/gaspar_28-scaled.jpg\",\"contentUrl\":\"https:\/\/franciscanos.org.br\/noticias\/wp-content\/uploads\/2022\/06\/gaspar_28-scaled.jpg\",\"width\":1802,\"height\":1080},{\"@type\":\"WebPage\",\"@id\":\"https:\/\/franciscanos.org.br\/noticias\/festagaspar.html#webpage\",\"url\":\"https:\/\/franciscanos.org.br\/noticias\/festagaspar.html\",\"name\":\"Em Gaspar, come\u00e7am nesta quarta os festejos em honra a S\u00e3o Pedro Ap\u00f3stolo - Not\u00edcias - Franciscanos\",\"isPartOf\":{\"@id\":\"https:\/\/franciscanos.org.br\/noticias\/#website\"},\"primaryImageOfPage\":{\"@id\":\"https:\/\/franciscanos.org.br\/noticias\/festagaspar.html#primaryimage\"},\"datePublished\":\"2022-06-28T17:26:46+00:00\",\"dateModified\":\"2022-06-30T21:42:09+00:00\",\"author\":{\"@id\":\"https:\/\/franciscanos.org.br\/noticias\/#\/schema\/person\/b5c8cba458c330ccff548b056e95a5d4\"},\"breadcrumb\":{\"@id\":\"https:\/\/franciscanos.org.br\/noticias\/festagaspar.html#breadcrumb\"},\"inLanguage\":\"pt-BR\",\"potentialAction\":[{\"@type\":\"ReadAction\",\"target\":[\"https:\/\/franciscanos.org.br\/noticias\/festagaspar.html\"]}]},{\"@type\":\"BreadcrumbList\",\"@id\":\"https:\/\/franciscanos.org.br\/noticias\/festagaspar.html#breadcrumb\",\"itemListElement\":[{\"@type\":\"ListItem\",\"position\":1,\"name\":\"Home\",\"item\":\"https:\/\/franciscanos.org.br\/noticias\"},{\"@type\":\"ListItem\",\"position\":2,\"name\":\"Em Gaspar, come\u00e7am nesta quarta os festejos em honra a S\u00e3o Pedro Ap\u00f3stolo\"}]},{\"@type\":\"Person\",\"@id\":\"https:\/\/franciscanos.org.br\/noticias\/#\/schema\/person\/b5c8cba458c330ccff548b056e95a5d4\",\"name\":\"moacir\",\"image\":{\"@type\":\"ImageObject\",\"inLanguage\":\"pt-BR\",\"@id\":\"https:\/\/franciscanos.org.br\/noticias\/#\/schema\/person\/image\/\",\"url\":\"https:\/\/secure.gravatar.com\/avatar\/d08aa2ce4c8dd416d4479aa8536fcf64?s=96&d=mm&r=g\",\"contentUrl\":\"https:\/\/secure.gravatar.com\/avatar\/d08aa2ce4c8dd416d4479aa8536fcf64?s=96&d=mm&r=g\",\"caption\":\"moacir\"},\"url\":\"https:\/\/franciscanos.org.br\/noticias\/author\/moacir\"}]}<\/script>\n<!-- \/ Yoast SEO plugin. -->","yoast_head_json":{"title":"Em Gaspar, come\u00e7am nesta quarta os festejos em honra a S\u00e3o Pedro Ap\u00f3stolo - Not\u00edcias - Franciscanos","robots":{"index":"index","follow":"follow","max-snippet":"max-snippet:-1","max-image-preview":"max-image-preview:large","max-video-preview":"max-video-preview:-1"},"canonical":"https:\/\/franciscanos.org.br\/noticias\/festagaspar.html","og_locale":"pt_BR","og_type":"article","og_title":"Em Gaspar, come\u00e7am nesta quarta os festejos em honra a S\u00e3o Pedro Ap\u00f3stolo - Not\u00edcias - Franciscanos","og_description":"Par\u00f3quia S\u00e3o Pedro Ap\u00f3stolo","og_url":"https:\/\/franciscanos.org.br\/noticias\/festagaspar.html","og_site_name":"Not\u00edcias - Franciscanos","article_published_time":"2022-06-28T17:26:46+00:00","article_modified_time":"2022-06-30T21:42:09+00:00","og_image":[{"width":1802,"height":1080,"url":"https:\/\/franciscanos.org.br\/noticias\/wp-content\/uploads\/2022\/06\/gaspar_28-scaled.jpg","type":"image\/jpeg"}],"author":"moacir","twitter_card":"summary_large_image","twitter_misc":{"Escrito por":"moacir","Est. tempo de leitura":"2 minutos"},"schema":{"@context":"https:\/\/schema.org","@graph":[{"@type":"WebSite","@id":"https:\/\/franciscanos.org.br\/noticias\/#website","url":"https:\/\/franciscanos.org.br\/noticias\/","name":"Not\u00edcias - Franciscanos","description":"Prov\u00edncia Franciscana da Imaculada Concei\u00e7\u00e3o do Brasil - Ordem dos Frades Menores - OFM","potentialAction":[{"@type":"SearchAction","target":{"@type":"EntryPoint","urlTemplate":"https:\/\/franciscanos.org.br\/noticias\/?s={search_term_string}"},"query-input":"required name=search_term_string"}],"inLanguage":"pt-BR"},{"@type":"ImageObject","inLanguage":"pt-BR","@id":"https:\/\/franciscanos.org.br\/noticias\/festagaspar.html#primaryimage","url":"https:\/\/franciscanos.org.br\/noticias\/wp-content\/uploads\/2022\/06\/gaspar_28-scaled.jpg","contentUrl":"https:\/\/franciscanos.org.br\/noticias\/wp-content\/uploads\/2022\/06\/gaspar_28-scaled.jpg","width":1802,"height":1080},{"@type":"WebPage","@id":"https:\/\/franciscanos.org.br\/noticias\/festagaspar.html#webpage","url":"https:\/\/franciscanos.org.br\/noticias\/festagaspar.html","name":"Em Gaspar, come\u00e7am nesta quarta os festejos em honra a S\u00e3o Pedro Ap\u00f3stolo - Not\u00edcias - Franciscanos","isPartOf":{"@id":"https:\/\/franciscanos.org.br\/noticias\/#website"},"primaryImageOfPage":{"@id":"https:\/\/franciscanos.org.br\/noticias\/festagaspar.html#primaryimage"},"datePublished":"2022-06-28T17:26:46+00:00","dateModified":"2022-06-30T21:42:09+00:00","author":{"@id":"https:\/\/franciscanos.org.br\/noticias\/#\/schema\/person\/b5c8cba458c330ccff548b056e95a5d4"},"breadcrumb":{"@id":"https:\/\/franciscanos.org.br\/noticias\/festagaspar.html#breadcrumb"},"inLanguage":"pt-BR","potentialAction":[{"@type":"ReadAction","target":["https:\/\/franciscanos.org.br\/noticias\/festagaspar.html"]}]},{"@type":"BreadcrumbList","@id":"https:\/\/franciscanos.org.br\/noticias\/festagaspar.html#breadcrumb","itemListElement":[{"@type":"ListItem","position":1,"name":"Home","item":"https:\/\/franciscanos.org.br\/noticias"},{"@type":"ListItem","position":2,"name":"Em Gaspar, come\u00e7am nesta quarta os festejos em honra a S\u00e3o Pedro Ap\u00f3stolo"}]},{"@type":"Person","@id":"https:\/\/franciscanos.org.br\/noticias\/#\/schema\/person\/b5c8cba458c330ccff548b056e95a5d4","name":"moacir","image":{"@type":"ImageObject","inLanguage":"pt-BR","@id":"https:\/\/franciscanos.org.br\/noticias\/#\/schema\/person\/image\/","url":"https:\/\/secure.gravatar.com\/avatar\/d08aa2ce4c8dd416d4479aa8536fcf64?s=96&d=mm&r=g","contentUrl":"https:\/\/secure.gravatar.com\/avatar\/d08aa2ce4c8dd416d4479aa8536fcf64?s=96&d=mm&r=g","caption":"moacir"},"url":"https:\/\/franciscanos.org.br\/noticias\/author\/moacir"}]}},"_links":{"self":[{"href":"https:\/\/franciscanos.org.br\/noticias\/wp-json\/wp\/v2\/posts\/238722"}],"collection":[{"href":"https:\/\/franciscanos.org.br\/noticias\/wp-json\/wp\/v2\/posts"}],"about":[{"href":"https:\/\/franciscanos.org.br\/noticias\/wp-json\/wp\/v2\/types\/post"}],"author":[{"embeddable":true,"href":"https:\/\/franciscanos.org.br\/noticias\/wp-json\/wp\/v2\/users\/3"}],"replies":[{"embeddable":true,"href":"https:\/\/franciscanos.org.br\/noticias\/wp-json\/wp\/v2\/comments?post=238722"}],"version-history":[{"count":3,"href":"https:\/\/franciscanos.org.br\/noticias\/wp-json\/wp\/v2\/posts\/238722\/revisions"}],"predecessor-version":[{"id":238778,"href":"https:\/\/franciscanos.org.br\/noticias\/wp-json\/wp\/v2\/posts\/238722\/revisions\/238778"}],"wp:featuredmedia":[{"embeddable":true,"href":"https:\/\/franciscanos.org.br\/noticias\/wp-json\/wp\/v2\/media\/238723"}],"wp:attachment":[{"href":"https:\/\/franciscanos.org.br\/noticias\/wp-json\/wp\/v2\/media?parent=238722"}],"wp:term":[{"taxonomy":"category","embeddable":true,"href":"https:\/\/franciscanos.org.br\/noticias\/wp-json\/wp\/v2\/categories?post=238722"},{"taxonomy":"post_tag","embeddable":true,"href":"https:\/\/franciscanos.org.br\/noticias\/wp-json\/wp\/v2\/tags?post=238722"}],"curies":[{"name":"wp","href":"https:\/\/api.w.org\/{rel}","templated":true}]}}