{"id":238715,"date":"2022-06-27T12:34:13","date_gmt":"2022-06-27T15:34:13","guid":{"rendered":"https:\/\/franciscanos.org.br\/noticias\/?p=238715"},"modified":"2022-07-12T16:53:22","modified_gmt":"2022-07-12T19:53:22","slug":"provincia-promove-encontros-vocacionais-regionais","status":"publish","type":"post","link":"https:\/\/franciscanos.org.br\/noticias\/provincia-promove-encontros-vocacionais-regionais.html","title":{"rendered":"Prov\u00edncia promove Encontros Vocacionais Regionais"},"content":{"rendered":"<p><img loading=\"lazy\" class=\"alignnone wp-image-238716 size-full\" src=\"https:\/\/franciscanos.org.br\/noticias\/wp-content\/uploads\/2022\/06\/encontro_2706.jpg\" alt=\"\" width=\"1184\" height=\"666\" srcset=\"https:\/\/franciscanos.org.br\/noticias\/wp-content\/uploads\/2022\/06\/encontro_2706.jpg 1184w, https:\/\/franciscanos.org.br\/noticias\/wp-content\/uploads\/2022\/06\/encontro_2706-450x253.jpg 450w, https:\/\/franciscanos.org.br\/noticias\/wp-content\/uploads\/2022\/06\/encontro_2706-1024x576.jpg 1024w, https:\/\/franciscanos.org.br\/noticias\/wp-content\/uploads\/2022\/06\/encontro_2706-768x432.jpg 768w, https:\/\/franciscanos.org.br\/noticias\/wp-content\/uploads\/2022\/06\/encontro_2706-150x84.jpg 150w\" sizes=\"(max-width: 1184px) 100vw, 1184px\" \/><br \/>\nTrabalhar, estudar para vestibular, namorar, fazer dancinhas para as redes sociais, tirar selfies e andar de bicicleta s\u00e3o algumas das atividades que envolvem o cotidiano dos jovens. Por\u00e9m, uma outra atividade envolve a juventude e \u201ctira o sono\u201d desta faixa et\u00e1ria: descobrir e realizar a\u00e7\u00f5es que lhe ajudem a discernir o seu lugar no mundo. E no caso dos batizados essa sondagem se coloca no discernimento a partir da grande pergunta: \u201cSenhor, que queres de mim?\u201d &#8211; assim como os primeiros disc\u00edpulos, assim como Francisco e cada um de n\u00f3s, \u00e9 preciso se deixar questionar por essa provoca\u00e7\u00e3o a fim de que se possa responder com assertividade ao anseio divino.<\/p>\n<p>E nessa disposi\u00e7\u00e3o 22 jovens acompanhados por nossos confrades realizaram a experi\u00eancia dos Encontros Vocacionais Regionais na nossa Prov\u00edncia, que aconteceram no m\u00eas de junho em Petr\u00f3polis\/RJ, Ituporanga\/SC e Guaratinguet\u00e1\/SP. Para cada regi\u00e3o foi oferecida uma experi\u00eancia de conviv\u00eancia e forma\u00e7\u00e3o a fim de ajudar no discernimento. E se eles quiseram saber o que lhes pede Jesus para suas vidas, escutaram como resposta do Mestre a proposta: \u201cVinde e vede!\u201d (Jo 1,39).<\/p>\n<div id=\"attachment_238717\" style=\"width: 1210px\" class=\"wp-caption alignnone\"><img aria-describedby=\"caption-attachment-238717\" loading=\"lazy\" class=\"wp-image-238717 size-full\" src=\"https:\/\/franciscanos.org.br\/noticias\/wp-content\/uploads\/2022\/06\/encontro_guara_2706.jpg\" alt=\"\" width=\"1200\" height=\"675\" srcset=\"https:\/\/franciscanos.org.br\/noticias\/wp-content\/uploads\/2022\/06\/encontro_guara_2706.jpg 1200w, https:\/\/franciscanos.org.br\/noticias\/wp-content\/uploads\/2022\/06\/encontro_guara_2706-450x253.jpg 450w, https:\/\/franciscanos.org.br\/noticias\/wp-content\/uploads\/2022\/06\/encontro_guara_2706-1024x576.jpg 1024w, https:\/\/franciscanos.org.br\/noticias\/wp-content\/uploads\/2022\/06\/encontro_guara_2706-768x432.jpg 768w, https:\/\/franciscanos.org.br\/noticias\/wp-content\/uploads\/2022\/06\/encontro_guara_2706-150x84.jpg 150w\" sizes=\"(max-width: 1200px) 100vw, 1200px\" \/><p id=\"caption-attachment-238717\" class=\"wp-caption-text\"><em>Encontro Voacional de Guaratinguet\u00e1 (SP)<\/em><\/p><\/div>\n<p>A programa\u00e7\u00e3o constou de participar um pouco do dia a dia de nossas Fraternidades, conhecer mais irm\u00e3os da Ordem e assimilar aspectos te\u00f3ricos e pr\u00e1ticos de nossa vida franciscana. Al\u00e9m disso, os temas apresentados foram: reflex\u00e3o sobre a voca\u00e7\u00e3o pessoal comparada ao caminho feito por Francisco de Assis; um \u201cgiro peripat\u00e9tico\u201d ou reflex\u00e3o mistag\u00f3gica dos espa\u00e7os da fraternidade, a fim de vislumbrar melhor o carisma franciscano a partir daquilo que comp\u00f5e uma casa franciscana (como o refeit\u00f3rio, a sala de conv\u00edvio, os espa\u00e7os de trabalho, ora\u00e7\u00e3o e miss\u00e3o, por exemplo); uma reflex\u00e3o sobre os valores pelos quais se pauta a vida franciscana e a Prov\u00edncia e, por fim, algumas orienta\u00e7\u00f5es b\u00e1sicas para o acompanhamento vocacional.<\/p>\n<p>Momento importante tamb\u00e9m dessa experi\u00eancia foi a conviv\u00eancia e partilha vocacional. Na medida do poss\u00edvel, um irm\u00e3o foi convidado a dar testemunho de sua hist\u00f3ria pessoal. Em Petr\u00f3polis a partilha aconteceu com os frades do SAV (Freis Gabriel e Je\u00e2). Em Ituporanga, Frei Tarc\u00edsio Theiss brindou os participantes com sua hist\u00f3ria vocacional a partir das voca\u00e7\u00f5es b\u00edblicas. Ao explicar a voca\u00e7\u00e3o do profeta, lembrou dos passos que se empenhou em palmilhar ao longo de sua vida para tamb\u00e9m levar as pessoas a um encontro com Deus que \u00e9 amor. J\u00e1 na Terra das Gar\u00e7as, no Vale do Para\u00edba, o depoimento do hist\u00f3rico vocacional ficou sob a responsabilidade de Frei Walter Hugo de Almeida, que finalizando com uma de suas poesias, incitou nos jovens o anseio de permanecerem obstinados ao dever da resposta diante do chamado de Deus, oferecendo a si mesmo para o Reino.<\/p>\n<div id=\"attachment_238718\" style=\"width: 910px\" class=\"wp-caption alignnone\"><img aria-describedby=\"caption-attachment-238718\" loading=\"lazy\" class=\"wp-image-238718 size-full\" src=\"https:\/\/franciscanos.org.br\/noticias\/wp-content\/uploads\/2022\/06\/encontro_ituporanga_2706.jpg\" alt=\"\" width=\"900\" height=\"506\" srcset=\"https:\/\/franciscanos.org.br\/noticias\/wp-content\/uploads\/2022\/06\/encontro_ituporanga_2706.jpg 900w, https:\/\/franciscanos.org.br\/noticias\/wp-content\/uploads\/2022\/06\/encontro_ituporanga_2706-450x253.jpg 450w, https:\/\/franciscanos.org.br\/noticias\/wp-content\/uploads\/2022\/06\/encontro_ituporanga_2706-768x432.jpg 768w, https:\/\/franciscanos.org.br\/noticias\/wp-content\/uploads\/2022\/06\/encontro_ituporanga_2706-150x84.jpg 150w\" sizes=\"(max-width: 900px) 100vw, 900px\" \/><p id=\"caption-attachment-238718\" class=\"wp-caption-text\"><em>Encontro Vocacional de Ituporanga (SC)<\/em><\/p><\/div>\n<p>O Servi\u00e7o de Anima\u00e7\u00e3o Vocacional (SAV) agradece a todos os irm\u00e3os que se empenharam na realiza\u00e7\u00e3o destes encontros: seja na prepara\u00e7\u00e3o, no envio de jovens, na acolhida e na forma\u00e7\u00e3o. Com generosidade, as Fraternidades ofereceram sua aten\u00e7\u00e3o, estima e calor (especialmente por causa do clima frio que perpassou os tr\u00eas encontros). Aos irm\u00e3os participantes dessa experi\u00eancia, pedimos ao Senhor que os ajude no discernimento para a felicidade concreta na oferta de si mesmo a Deus.<\/p>\n<hr \/>\n<p><em>Frei Gabriel Dellandrea<\/em><\/p>\n<p><img loading=\"lazy\" class=\"size-full wp-image-238719 aligncenter\" src=\"https:\/\/franciscanos.org.br\/noticias\/wp-content\/uploads\/2022\/06\/encontro_2706_petropolis.jpg\" alt=\"\" width=\"800\" height=\"1067\" srcset=\"https:\/\/franciscanos.org.br\/noticias\/wp-content\/uploads\/2022\/06\/encontro_2706_petropolis.jpg 800w, https:\/\/franciscanos.org.br\/noticias\/wp-content\/uploads\/2022\/06\/encontro_2706_petropolis-337x450.jpg 337w, https:\/\/franciscanos.org.br\/noticias\/wp-content\/uploads\/2022\/06\/encontro_2706_petropolis-768x1024.jpg 768w, https:\/\/franciscanos.org.br\/noticias\/wp-content\/uploads\/2022\/06\/encontro_2706_petropolis-150x200.jpg 150w\" sizes=\"(max-width: 800px) 100vw, 800px\" \/><\/p>\n<p><em>Encontro Vocacional de Petr\u00f3polis\u00a0<\/em><\/p>\n","protected":false},"excerpt":{"rendered":"<p>Servi\u00e7o de Anima\u00e7\u00e3o Vocacional<\/p>\n","protected":false},"author":3,"featured_media":238716,"comment_status":"open","ping_status":"open","sticky":false,"template":"","format":"standard","meta":[],"categories":[1],"tags":[1370,552],"acf":[],"yoast_head":"<!-- This site is optimized with the Yoast SEO plugin v19.2 - https:\/\/yoast.com\/wordpress\/plugins\/seo\/ -->\n<title>Prov\u00edncia promove Encontros Vocacionais Regionais - Not\u00edcias - Franciscanos<\/title>\n<meta name=\"robots\" content=\"index, follow, max-snippet:-1, max-image-preview:large, max-video-preview:-1\" \/>\n<link rel=\"canonical\" href=\"https:\/\/franciscanos.org.br\/noticias\/provincia-promove-encontros-vocacionais-regionais.html\" \/>\n<meta property=\"og:locale\" content=\"pt_BR\" \/>\n<meta property=\"og:type\" content=\"article\" \/>\n<meta property=\"og:title\" content=\"Prov\u00edncia promove Encontros Vocacionais Regionais - Not\u00edcias - Franciscanos\" \/>\n<meta property=\"og:description\" content=\"Servi\u00e7o de Anima\u00e7\u00e3o Vocacional\" \/>\n<meta property=\"og:url\" content=\"https:\/\/franciscanos.org.br\/noticias\/provincia-promove-encontros-vocacionais-regionais.html\" \/>\n<meta property=\"og:site_name\" content=\"Not\u00edcias - Franciscanos\" \/>\n<meta property=\"article:published_time\" content=\"2022-06-27T15:34:13+00:00\" \/>\n<meta property=\"article:modified_time\" content=\"2022-07-12T19:53:22+00:00\" \/>\n<meta property=\"og:image\" content=\"https:\/\/franciscanos.org.br\/noticias\/wp-content\/uploads\/2022\/06\/encontro_2706.jpg\" \/>\n\t<meta property=\"og:image:width\" content=\"1184\" \/>\n\t<meta property=\"og:image:height\" content=\"666\" \/>\n\t<meta property=\"og:image:type\" content=\"image\/jpeg\" \/>\n<meta name=\"author\" content=\"moacir\" \/>\n<meta name=\"twitter:card\" content=\"summary_large_image\" \/>\n<meta name=\"twitter:label1\" content=\"Escrito por\" \/>\n\t<meta name=\"twitter:data1\" content=\"moacir\" \/>\n\t<meta name=\"twitter:label2\" content=\"Est. tempo de leitura\" \/>\n\t<meta name=\"twitter:data2\" content=\"3 minutos\" \/>\n<script type=\"application\/ld+json\" class=\"yoast-schema-graph\">{\"@context\":\"https:\/\/schema.org\",\"@graph\":[{\"@type\":\"WebSite\",\"@id\":\"https:\/\/franciscanos.org.br\/noticias\/#website\",\"url\":\"https:\/\/franciscanos.org.br\/noticias\/\",\"name\":\"Not\u00edcias - Franciscanos\",\"description\":\"Prov\u00edncia Franciscana da Imaculada Concei\u00e7\u00e3o do Brasil - Ordem dos Frades Menores - OFM\",\"potentialAction\":[{\"@type\":\"SearchAction\",\"target\":{\"@type\":\"EntryPoint\",\"urlTemplate\":\"https:\/\/franciscanos.org.br\/noticias\/?s={search_term_string}\"},\"query-input\":\"required name=search_term_string\"}],\"inLanguage\":\"pt-BR\"},{\"@type\":\"ImageObject\",\"inLanguage\":\"pt-BR\",\"@id\":\"https:\/\/franciscanos.org.br\/noticias\/provincia-promove-encontros-vocacionais-regionais.html#primaryimage\",\"url\":\"https:\/\/franciscanos.org.br\/noticias\/wp-content\/uploads\/2022\/06\/encontro_2706.jpg\",\"contentUrl\":\"https:\/\/franciscanos.org.br\/noticias\/wp-content\/uploads\/2022\/06\/encontro_2706.jpg\",\"width\":1184,\"height\":666},{\"@type\":\"WebPage\",\"@id\":\"https:\/\/franciscanos.org.br\/noticias\/provincia-promove-encontros-vocacionais-regionais.html#webpage\",\"url\":\"https:\/\/franciscanos.org.br\/noticias\/provincia-promove-encontros-vocacionais-regionais.html\",\"name\":\"Prov\u00edncia promove Encontros Vocacionais Regionais - Not\u00edcias - Franciscanos\",\"isPartOf\":{\"@id\":\"https:\/\/franciscanos.org.br\/noticias\/#website\"},\"primaryImageOfPage\":{\"@id\":\"https:\/\/franciscanos.org.br\/noticias\/provincia-promove-encontros-vocacionais-regionais.html#primaryimage\"},\"datePublished\":\"2022-06-27T15:34:13+00:00\",\"dateModified\":\"2022-07-12T19:53:22+00:00\",\"author\":{\"@id\":\"https:\/\/franciscanos.org.br\/noticias\/#\/schema\/person\/b5c8cba458c330ccff548b056e95a5d4\"},\"breadcrumb\":{\"@id\":\"https:\/\/franciscanos.org.br\/noticias\/provincia-promove-encontros-vocacionais-regionais.html#breadcrumb\"},\"inLanguage\":\"pt-BR\",\"potentialAction\":[{\"@type\":\"ReadAction\",\"target\":[\"https:\/\/franciscanos.org.br\/noticias\/provincia-promove-encontros-vocacionais-regionais.html\"]}]},{\"@type\":\"BreadcrumbList\",\"@id\":\"https:\/\/franciscanos.org.br\/noticias\/provincia-promove-encontros-vocacionais-regionais.html#breadcrumb\",\"itemListElement\":[{\"@type\":\"ListItem\",\"position\":1,\"name\":\"Home\",\"item\":\"https:\/\/franciscanos.org.br\/noticias\"},{\"@type\":\"ListItem\",\"position\":2,\"name\":\"Prov\u00edncia promove Encontros Vocacionais Regionais\"}]},{\"@type\":\"Person\",\"@id\":\"https:\/\/franciscanos.org.br\/noticias\/#\/schema\/person\/b5c8cba458c330ccff548b056e95a5d4\",\"name\":\"moacir\",\"image\":{\"@type\":\"ImageObject\",\"inLanguage\":\"pt-BR\",\"@id\":\"https:\/\/franciscanos.org.br\/noticias\/#\/schema\/person\/image\/\",\"url\":\"https:\/\/secure.gravatar.com\/avatar\/d08aa2ce4c8dd416d4479aa8536fcf64?s=96&d=mm&r=g\",\"contentUrl\":\"https:\/\/secure.gravatar.com\/avatar\/d08aa2ce4c8dd416d4479aa8536fcf64?s=96&d=mm&r=g\",\"caption\":\"moacir\"},\"url\":\"https:\/\/franciscanos.org.br\/noticias\/author\/moacir\"}]}<\/script>\n<!-- \/ Yoast SEO plugin. -->","yoast_head_json":{"title":"Prov\u00edncia promove Encontros Vocacionais Regionais - Not\u00edcias - Franciscanos","robots":{"index":"index","follow":"follow","max-snippet":"max-snippet:-1","max-image-preview":"max-image-preview:large","max-video-preview":"max-video-preview:-1"},"canonical":"https:\/\/franciscanos.org.br\/noticias\/provincia-promove-encontros-vocacionais-regionais.html","og_locale":"pt_BR","og_type":"article","og_title":"Prov\u00edncia promove Encontros Vocacionais Regionais - Not\u00edcias - Franciscanos","og_description":"Servi\u00e7o de Anima\u00e7\u00e3o Vocacional","og_url":"https:\/\/franciscanos.org.br\/noticias\/provincia-promove-encontros-vocacionais-regionais.html","og_site_name":"Not\u00edcias - Franciscanos","article_published_time":"2022-06-27T15:34:13+00:00","article_modified_time":"2022-07-12T19:53:22+00:00","og_image":[{"width":1184,"height":666,"url":"https:\/\/franciscanos.org.br\/noticias\/wp-content\/uploads\/2022\/06\/encontro_2706.jpg","type":"image\/jpeg"}],"author":"moacir","twitter_card":"summary_large_image","twitter_misc":{"Escrito por":"moacir","Est. tempo de leitura":"3 minutos"},"schema":{"@context":"https:\/\/schema.org","@graph":[{"@type":"WebSite","@id":"https:\/\/franciscanos.org.br\/noticias\/#website","url":"https:\/\/franciscanos.org.br\/noticias\/","name":"Not\u00edcias - Franciscanos","description":"Prov\u00edncia Franciscana da Imaculada Concei\u00e7\u00e3o do Brasil - Ordem dos Frades Menores - OFM","potentialAction":[{"@type":"SearchAction","target":{"@type":"EntryPoint","urlTemplate":"https:\/\/franciscanos.org.br\/noticias\/?s={search_term_string}"},"query-input":"required name=search_term_string"}],"inLanguage":"pt-BR"},{"@type":"ImageObject","inLanguage":"pt-BR","@id":"https:\/\/franciscanos.org.br\/noticias\/provincia-promove-encontros-vocacionais-regionais.html#primaryimage","url":"https:\/\/franciscanos.org.br\/noticias\/wp-content\/uploads\/2022\/06\/encontro_2706.jpg","contentUrl":"https:\/\/franciscanos.org.br\/noticias\/wp-content\/uploads\/2022\/06\/encontro_2706.jpg","width":1184,"height":666},{"@type":"WebPage","@id":"https:\/\/franciscanos.org.br\/noticias\/provincia-promove-encontros-vocacionais-regionais.html#webpage","url":"https:\/\/franciscanos.org.br\/noticias\/provincia-promove-encontros-vocacionais-regionais.html","name":"Prov\u00edncia promove Encontros Vocacionais Regionais - Not\u00edcias - Franciscanos","isPartOf":{"@id":"https:\/\/franciscanos.org.br\/noticias\/#website"},"primaryImageOfPage":{"@id":"https:\/\/franciscanos.org.br\/noticias\/provincia-promove-encontros-vocacionais-regionais.html#primaryimage"},"datePublished":"2022-06-27T15:34:13+00:00","dateModified":"2022-07-12T19:53:22+00:00","author":{"@id":"https:\/\/franciscanos.org.br\/noticias\/#\/schema\/person\/b5c8cba458c330ccff548b056e95a5d4"},"breadcrumb":{"@id":"https:\/\/franciscanos.org.br\/noticias\/provincia-promove-encontros-vocacionais-regionais.html#breadcrumb"},"inLanguage":"pt-BR","potentialAction":[{"@type":"ReadAction","target":["https:\/\/franciscanos.org.br\/noticias\/provincia-promove-encontros-vocacionais-regionais.html"]}]},{"@type":"BreadcrumbList","@id":"https:\/\/franciscanos.org.br\/noticias\/provincia-promove-encontros-vocacionais-regionais.html#breadcrumb","itemListElement":[{"@type":"ListItem","position":1,"name":"Home","item":"https:\/\/franciscanos.org.br\/noticias"},{"@type":"ListItem","position":2,"name":"Prov\u00edncia promove Encontros Vocacionais Regionais"}]},{"@type":"Person","@id":"https:\/\/franciscanos.org.br\/noticias\/#\/schema\/person\/b5c8cba458c330ccff548b056e95a5d4","name":"moacir","image":{"@type":"ImageObject","inLanguage":"pt-BR","@id":"https:\/\/franciscanos.org.br\/noticias\/#\/schema\/person\/image\/","url":"https:\/\/secure.gravatar.com\/avatar\/d08aa2ce4c8dd416d4479aa8536fcf64?s=96&d=mm&r=g","contentUrl":"https:\/\/secure.gravatar.com\/avatar\/d08aa2ce4c8dd416d4479aa8536fcf64?s=96&d=mm&r=g","caption":"moacir"},"url":"https:\/\/franciscanos.org.br\/noticias\/author\/moacir"}]}},"_links":{"self":[{"href":"https:\/\/franciscanos.org.br\/noticias\/wp-json\/wp\/v2\/posts\/238715"}],"collection":[{"href":"https:\/\/franciscanos.org.br\/noticias\/wp-json\/wp\/v2\/posts"}],"about":[{"href":"https:\/\/franciscanos.org.br\/noticias\/wp-json\/wp\/v2\/types\/post"}],"author":[{"embeddable":true,"href":"https:\/\/franciscanos.org.br\/noticias\/wp-json\/wp\/v2\/users\/3"}],"replies":[{"embeddable":true,"href":"https:\/\/franciscanos.org.br\/noticias\/wp-json\/wp\/v2\/comments?post=238715"}],"version-history":[{"count":3,"href":"https:\/\/franciscanos.org.br\/noticias\/wp-json\/wp\/v2\/posts\/238715\/revisions"}],"predecessor-version":[{"id":238954,"href":"https:\/\/franciscanos.org.br\/noticias\/wp-json\/wp\/v2\/posts\/238715\/revisions\/238954"}],"wp:featuredmedia":[{"embeddable":true,"href":"https:\/\/franciscanos.org.br\/noticias\/wp-json\/wp\/v2\/media\/238716"}],"wp:attachment":[{"href":"https:\/\/franciscanos.org.br\/noticias\/wp-json\/wp\/v2\/media?parent=238715"}],"wp:term":[{"taxonomy":"category","embeddable":true,"href":"https:\/\/franciscanos.org.br\/noticias\/wp-json\/wp\/v2\/categories?post=238715"},{"taxonomy":"post_tag","embeddable":true,"href":"https:\/\/franciscanos.org.br\/noticias\/wp-json\/wp\/v2\/tags?post=238715"}],"curies":[{"name":"wp","href":"https:\/\/api.w.org\/{rel}","templated":true}]}}