{"id":238691,"date":"2022-06-26T19:26:10","date_gmt":"2022-06-26T22:26:10","guid":{"rendered":"https:\/\/franciscanos.org.br\/noticias\/?p=238691"},"modified":"2022-06-26T19:26:10","modified_gmt":"2022-06-26T22:26:10","slug":"festividades-em-petropolis-terminam-com-procissao-do-sagrado-coracao-de-jesus","status":"publish","type":"post","link":"https:\/\/franciscanos.org.br\/noticias\/festividades-em-petropolis-terminam-com-procissao-do-sagrado-coracao-de-jesus.html","title":{"rendered":"Festividades em Petr\u00f3polis terminam com prociss\u00e3o do Sagrado Cora\u00e7\u00e3o de Jesus"},"content":{"rendered":"<p><img loading=\"lazy\" class=\"alignnone wp-image-238697 size-full\" src=\"https:\/\/franciscanos.org.br\/noticias\/wp-content\/uploads\/2022\/06\/sagrado_260622_6.jpg\" alt=\"\" width=\"1280\" height=\"720\" srcset=\"https:\/\/franciscanos.org.br\/noticias\/wp-content\/uploads\/2022\/06\/sagrado_260622_6.jpg 1280w, https:\/\/franciscanos.org.br\/noticias\/wp-content\/uploads\/2022\/06\/sagrado_260622_6-450x253.jpg 450w, https:\/\/franciscanos.org.br\/noticias\/wp-content\/uploads\/2022\/06\/sagrado_260622_6-1024x576.jpg 1024w, https:\/\/franciscanos.org.br\/noticias\/wp-content\/uploads\/2022\/06\/sagrado_260622_6-768x432.jpg 768w, https:\/\/franciscanos.org.br\/noticias\/wp-content\/uploads\/2022\/06\/sagrado_260622_6-150x84.jpg 150w\" sizes=\"(max-width: 1280px) 100vw, 1280px\" \/><\/p>\n<p style=\"font-weight: 400;\"><strong>Petr\u00f3polis (RJ) \u2013<\/strong> Com uma prociss\u00e3o em honra ao Sagrado Cora\u00e7\u00e3o de Jesus, as festividades do titular da Fraternidade e Par\u00f3quia do Sagrado em Petr\u00f3polis (RJ) terminaram neste domingo, 26 de junho. Desde o \u00faltimo dia 15 de junho, os frades, fi\u00e9is e devotos viveram uma programa\u00e7\u00e3o intensa e diversificada. Solenidade, espiritualidade e simplicidade marcaram esses dias.<\/p>\n<p style=\"font-weight: 400;\">A prociss\u00e3o ocorreu pelas proximidades da Igreja do Sagrado Cora\u00e7\u00e3o de Jesus, n\u00facleo central do que hoje o povo costuma chamar de \u201cO Sagrado\u201d. Um andor com a imagem do Sagrado foi preparado e ornamentado com flores. J\u00e1 na torre da centen\u00e1ria igreja faixas vermelhas e brancas foram afixadas junto \u00e0s palmeiras imperais, dando um colorido nos dias nublados. Com cantos, ora\u00e7\u00f5es, reflex\u00f5es b\u00edblicas e muita f\u00e9, os fi\u00e9is percorreram as ruas da Cidade Imperial cantando e louvando o Senhor. Um carro de som com o andor ia \u00e0 frente dos fi\u00e9is.<\/p>\n<p style=\"font-weight: 400;\">Na chegada, muita emo\u00e7\u00e3o ao ver a imagem do Sagrado em frente da igreja, depois de dois anos com celebra\u00e7\u00f5es e festividades remotas. O p\u00e1roco, Frei Jorge Paulo Schiavini, presidiu a Celebra\u00e7\u00e3o Eucar\u00edstica das 18 horas e coroou as celebra\u00e7\u00f5es do Sagrado, encerrando as comemora\u00e7\u00f5es que retornam nos finais de semana de agosto. J\u00e1 \u00e0s 15h deste domingo, o Grupo de Ora\u00e7\u00e3o \u201cJesus Vive e \u00e9 o Senhor\u201d, da Renova\u00e7\u00e3o Carism\u00e1tica Cat\u00f3lica realizou uma Tarde de Louvor para o titular.<\/p>\n<p style=\"font-weight: 400;\"><strong>SOLENIDADE DO SAGRADO CORA\u00c7\u00c3O DE JESUS<\/strong><\/p>\n<p style=\"font-weight: 400;\">No dia 24 de junho, data em que a Igreja comemora a Solenidade do Sagrado Cora\u00e7\u00e3o de Jesus neste ano de 2022, as Celebra\u00e7\u00f5es Eucar\u00edsticas na Igreja do Sagrado aconteceram \u00e0s 7h, 15h e 18h. Mas antes, \u00e0s 6h20, os frades menores franciscanos rezaram a solene liturgia das horas. Os vig\u00e1rios paroquias, Frei Almir Ribeiro Guimar\u00e3es e Frei Ronaldo Lima Fi\u00faza, presidiram as missas das 7h e 15h, respectivamente. J\u00e1 na missa das 18 horas, o p\u00e1roco Frei Jorge Paulo Schiavini foi o celebrante. Frei Marcos Ant\u00f4nio de Andrade e Frei Gilberto da Silva concelebraram.<\/p>\n<p style=\"font-weight: 400;\"><img loading=\"lazy\" class=\"alignnone wp-image-238695 size-full\" src=\"https:\/\/franciscanos.org.br\/noticias\/wp-content\/uploads\/2022\/06\/sagrado_260622_4.jpg\" alt=\"\" width=\"1280\" height=\"720\" srcset=\"https:\/\/franciscanos.org.br\/noticias\/wp-content\/uploads\/2022\/06\/sagrado_260622_4.jpg 1280w, https:\/\/franciscanos.org.br\/noticias\/wp-content\/uploads\/2022\/06\/sagrado_260622_4-450x253.jpg 450w, https:\/\/franciscanos.org.br\/noticias\/wp-content\/uploads\/2022\/06\/sagrado_260622_4-1024x576.jpg 1024w, https:\/\/franciscanos.org.br\/noticias\/wp-content\/uploads\/2022\/06\/sagrado_260622_4-768x432.jpg 768w, https:\/\/franciscanos.org.br\/noticias\/wp-content\/uploads\/2022\/06\/sagrado_260622_4-150x84.jpg 150w\" sizes=\"(max-width: 1280px) 100vw, 1280px\" \/><\/p>\n\n\t\t<style type=\"text\/css\">\n\t\t\t#gallery-1 {\n\t\t\t\tmargin: auto;\n\t\t\t}\n\t\t\t#gallery-1 .gallery-item {\n\t\t\t\tfloat: left;\n\t\t\t\tmargin-top: 10px;\n\t\t\t\ttext-align: center;\n\t\t\t\twidth: 20%;\n\t\t\t}\n\t\t\t#gallery-1 img {\n\t\t\t\tborder: 2px solid #cfcfcf;\n\t\t\t}\n\t\t\t#gallery-1 .gallery-caption {\n\t\t\t\tmargin-left: 0;\n\t\t\t}\n\t\t\t\/* see gallery_shortcode() in wp-includes\/media.php *\/\n\t\t<\/style>\n\t\t<div id='gallery-1' class='gallery galleryid-238691 gallery-columns-5 gallery-size-thumbnail'><dl class='gallery-item'>\n\t\t\t<dt class='gallery-icon landscape'>\n\t\t\t\t<a href='https:\/\/franciscanos.org.br\/noticias\/wp-content\/uploads\/2022\/06\/sagrado_240622.jpeg'><img width=\"300\" height=\"300\" src=\"https:\/\/franciscanos.org.br\/noticias\/wp-content\/uploads\/2022\/06\/sagrado_240622-300x300.jpeg\" class=\"attachment-thumbnail size-thumbnail\" alt=\"\" loading=\"lazy\" srcset=\"https:\/\/franciscanos.org.br\/noticias\/wp-content\/uploads\/2022\/06\/sagrado_240622-300x300.jpeg 300w, https:\/\/franciscanos.org.br\/noticias\/wp-content\/uploads\/2022\/06\/sagrado_240622-100x100.jpeg 100w\" sizes=\"(max-width: 300px) 100vw, 300px\" \/><\/a>\n\t\t\t<\/dt><\/dl><dl class='gallery-item'>\n\t\t\t<dt class='gallery-icon landscape'>\n\t\t\t\t<a href='https:\/\/franciscanos.org.br\/noticias\/wp-content\/uploads\/2022\/06\/sagrado_240622_1.jpeg'><img width=\"300\" height=\"300\" src=\"https:\/\/franciscanos.org.br\/noticias\/wp-content\/uploads\/2022\/06\/sagrado_240622_1-300x300.jpeg\" class=\"attachment-thumbnail size-thumbnail\" alt=\"\" loading=\"lazy\" srcset=\"https:\/\/franciscanos.org.br\/noticias\/wp-content\/uploads\/2022\/06\/sagrado_240622_1-300x300.jpeg 300w, https:\/\/franciscanos.org.br\/noticias\/wp-content\/uploads\/2022\/06\/sagrado_240622_1-100x100.jpeg 100w\" sizes=\"(max-width: 300px) 100vw, 300px\" \/><\/a>\n\t\t\t<\/dt><\/dl><dl class='gallery-item'>\n\t\t\t<dt class='gallery-icon landscape'>\n\t\t\t\t<a href='https:\/\/franciscanos.org.br\/noticias\/wp-content\/uploads\/2022\/06\/sagrado_240622_2.jpeg'><img width=\"300\" height=\"300\" src=\"https:\/\/franciscanos.org.br\/noticias\/wp-content\/uploads\/2022\/06\/sagrado_240622_2-300x300.jpeg\" class=\"attachment-thumbnail size-thumbnail\" alt=\"\" loading=\"lazy\" srcset=\"https:\/\/franciscanos.org.br\/noticias\/wp-content\/uploads\/2022\/06\/sagrado_240622_2-300x300.jpeg 300w, https:\/\/franciscanos.org.br\/noticias\/wp-content\/uploads\/2022\/06\/sagrado_240622_2-100x100.jpeg 100w\" sizes=\"(max-width: 300px) 100vw, 300px\" \/><\/a>\n\t\t\t<\/dt><\/dl><dl class='gallery-item'>\n\t\t\t<dt class='gallery-icon landscape'>\n\t\t\t\t<a href='https:\/\/franciscanos.org.br\/noticias\/wp-content\/uploads\/2022\/06\/sagrado_240622_6.jpeg'><img width=\"300\" height=\"300\" src=\"https:\/\/franciscanos.org.br\/noticias\/wp-content\/uploads\/2022\/06\/sagrado_240622_6-300x300.jpeg\" class=\"attachment-thumbnail size-thumbnail\" alt=\"\" loading=\"lazy\" srcset=\"https:\/\/franciscanos.org.br\/noticias\/wp-content\/uploads\/2022\/06\/sagrado_240622_6-300x300.jpeg 300w, https:\/\/franciscanos.org.br\/noticias\/wp-content\/uploads\/2022\/06\/sagrado_240622_6-100x100.jpeg 100w\" sizes=\"(max-width: 300px) 100vw, 300px\" \/><\/a>\n\t\t\t<\/dt><\/dl><dl class='gallery-item'>\n\t\t\t<dt class='gallery-icon landscape'>\n\t\t\t\t<a href='https:\/\/franciscanos.org.br\/noticias\/wp-content\/uploads\/2022\/06\/sagrado_240622_7.jpeg'><img width=\"300\" height=\"300\" src=\"https:\/\/franciscanos.org.br\/noticias\/wp-content\/uploads\/2022\/06\/sagrado_240622_7-300x300.jpeg\" class=\"attachment-thumbnail size-thumbnail\" alt=\"\" loading=\"lazy\" srcset=\"https:\/\/franciscanos.org.br\/noticias\/wp-content\/uploads\/2022\/06\/sagrado_240622_7-300x300.jpeg 300w, https:\/\/franciscanos.org.br\/noticias\/wp-content\/uploads\/2022\/06\/sagrado_240622_7-100x100.jpeg 100w\" sizes=\"(max-width: 300px) 100vw, 300px\" \/><\/a>\n\t\t\t<\/dt><\/dl><br style=\"clear: both\" \/>\n\t\t<\/div>\n\n<p style=\"font-weight: 400;\">Na homilia, Frei Jorge refletiu sobre a realidade divina do amor de Deus manifestado a n\u00f3s por meio de Cristo, no Sagrado Cora\u00e7\u00e3o de Jesus. Segundo ele, a liturgia apresenta tr\u00eas dimens\u00f5es.<\/p>\n<p style=\"font-weight: 400;\">Na primeira dimens\u00e3o, \u201cJesus manifesta o amor de Deus em suas a\u00e7\u00f5es: ele faz refei\u00e7\u00e3o com os pecadores p\u00fablicos. Jesus tamb\u00e9m entregou a sua vida por n\u00f3s, como diz S\u00e3o Paulo, quando ainda \u00e9ramos pecadores. E no seu amor incondicional nos lembra do amor pelos seus amigos, amor que d\u00e1 a sua vida por seus advers\u00e1rios, amor que d\u00e1 sua vida por todos\u201d, disse.<\/p>\n<p style=\"font-weight: 400;\">\u201cPor causa de seu amor, Jesus nos deixa tamb\u00e9m uma proposta: em sua palavra, em suas par\u00e1bolas, em seus ensinamentos. Essa \u00e9 a segunda dimens\u00e3o\u201d, explicou o p\u00e1roco. \u201cA Palavra de Jesus, \u00e9 uma proposta s\u00f3lida, porque est\u00e1 ligada \u00e0 sua pr\u00e1tica. Jesus nos apresenta o amor de Deus que vai ao encontro da ovelha perdida, isto \u00e9, Deus que vai ao encontro dos pecadores. E vai com gestos de amor e de bondade, carrega nos ombros, e celebra o retorno da ovelha, com uma festa. Tudo isso para que quem se afastou seja encorajado a recome\u00e7ar e manter a comunh\u00e3o com o Bom Pastor. \u00c9 o mesmo que Deus faz por meio dos Profetas, Ele procura o seu povo que est\u00e1 afastado, maltratado pela explora\u00e7\u00e3o daqueles que governavam o povo de Israel. Por meio dos Profetas ele re\u00fane o rebanho, une o povo de Israel, e prov\u00ea aquilo que \u00e9 necess\u00e1rio para uma vida digna: prados verdejantes e pastagens f\u00e9rteis; ele d\u00e1 ao Povo de Israel a terra para trabalhar, a lei para o orientar e a sua presen\u00e7a constante para o sustentar\u201d, ensinou.<\/p>\n<p style=\"font-weight: 400;\">Para Frei Jorge, a terceira dimens\u00e3o \u00e9 a resposta livre do ser humano diante do amor de Deus, manifestado aos crist\u00e3os em Jesus Cristo. \u201cA Solenidade do Sagrado Cora\u00e7\u00e3o de Jesus nos desafia a deixarmo-nos envolver pelo amor de Deus, atrav\u00e9s da acolhida amorosa\u201d, disse.<\/p>\n<p style=\"font-weight: 400;\">\u201cOs santos se deixaram conduzir pelo amor de Deus. As ovelhas perdidas, a quem Deus vai ao encontro, somos n\u00f3s. Pela f\u00e9 em Jesus Cristo Ele nos re\u00fane na comunidade, que \u00e9 a Igreja. Transformados continuamente por seu amor, somos impulsionados a permanecer \u00e0 escuta da sua voz e andar por seus caminhos. E mais do que isso, somos deixados pelo pr\u00f3prio Jesus Cristo como sinais do bom Pastor para todos os que se sentem afastados, pecadores e exclu\u00eddos. Estamos dispostos a cultivar esses mesmos sentimentos do Bom Pastor, de Jesus que tem um Sagrado Cora\u00e7\u00e3o?\u201d, perguntou.<\/p>\n<p style=\"font-weight: 400;\"><img loading=\"lazy\" class=\"alignnone wp-image-238693 size-full\" src=\"https:\/\/franciscanos.org.br\/noticias\/wp-content\/uploads\/2022\/06\/sagrado_260622_2.jpg\" alt=\"\" width=\"1280\" height=\"800\" srcset=\"https:\/\/franciscanos.org.br\/noticias\/wp-content\/uploads\/2022\/06\/sagrado_260622_2.jpg 1280w, https:\/\/franciscanos.org.br\/noticias\/wp-content\/uploads\/2022\/06\/sagrado_260622_2-450x281.jpg 450w, https:\/\/franciscanos.org.br\/noticias\/wp-content\/uploads\/2022\/06\/sagrado_260622_2-1024x640.jpg 1024w, https:\/\/franciscanos.org.br\/noticias\/wp-content\/uploads\/2022\/06\/sagrado_260622_2-768x480.jpg 768w, https:\/\/franciscanos.org.br\/noticias\/wp-content\/uploads\/2022\/06\/sagrado_260622_2-150x94.jpg 150w\" sizes=\"(max-width: 1280px) 100vw, 1280px\" \/><\/p>\n<p style=\"font-weight: 400;\">\u201cCom a gra\u00e7a de Deus posso afirmar que cultivamos os sentimentos do Bom pastor na Par\u00f3quia do Sagrado Cora\u00e7\u00e3o de Jesus. Mesmo com nossas fragilidades, Jesus continua a sua a\u00e7\u00e3o na vida de nossa Igreja. Coloquemos no altar do Senhor a vida da Par\u00f3quia do Sagrado, e de tantas pessoas que encontram aqui o amor do Sagrado Cora\u00e7\u00e3o. Rendamos gra\u00e7as a Deus por tantas pessoas que aqui se doam a Deus e aos irm\u00e3os nas pastorais, movimentos, servi\u00e7os, na Ordem Franciscana Secular, rendamos gra\u00e7as a Deus pela vida e a miss\u00e3o das irm\u00e3s religiosas que fazem parte de nossa Par\u00f3quia.\u00a0 Coloquemos no altar do Senhor a Fraternidade Franciscana do Sagrado Cora\u00e7\u00e3o de Jesus e os freis que a comp\u00f5em e aqui buscam viver a fraternidade e anunciar o Evangelho, sob a inspira\u00e7\u00e3o do Sagrado Cora\u00e7\u00e3o de Jesus\u201d, encerrou.<\/p>\n<p style=\"font-weight: 400;\">O coral \u201cVozes do Sagrado\u201d abrilhantou a celebra\u00e7\u00e3o na condu\u00e7\u00e3o dos cantos de toda a solene liturgia. Este novo coro \u00e9 formado pelos m\u00fasicos das comunidades e Par\u00f3quia do Sagrado e conta com a reg\u00eancia da musicista e coordenadora de m\u00fasica, Patr\u00edcia Gomes.<\/p>\n<p style=\"font-weight: 400;\"><strong>O CORA\u00c7\u00c3O DE JESUS \u00c9 UM CORA\u00c7\u00c3O GENEROSO<\/strong><\/p>\n<p style=\"font-weight: 400;\">A Santa Missa das 15 horas contou com a presen\u00e7a em peso dos Apostolados da Ora\u00e7\u00e3o da Par\u00f3quia Nossa Senhora da Boa Viagem da Rocinha, Par\u00f3quia S\u00e3o Judas Tadeu da Mosela e Par\u00f3quia do Sagrado. Antes da missa, \u00e0s 14 horas, os membros do apostolado preparam uma Adora\u00e7\u00e3o ao Sant\u00edssimo Sacramento. Um rico momento de ora\u00e7\u00e3o e f\u00e9 diante de Jesus, exposto no altar.<\/p>\n<p style=\"font-weight: 400;\"><img loading=\"lazy\" class=\"alignnone wp-image-238692 size-full\" src=\"https:\/\/franciscanos.org.br\/noticias\/wp-content\/uploads\/2022\/06\/sagrado_260622_1.jpg\" alt=\"\" width=\"1280\" height=\"800\" srcset=\"https:\/\/franciscanos.org.br\/noticias\/wp-content\/uploads\/2022\/06\/sagrado_260622_1.jpg 1280w, https:\/\/franciscanos.org.br\/noticias\/wp-content\/uploads\/2022\/06\/sagrado_260622_1-450x281.jpg 450w, https:\/\/franciscanos.org.br\/noticias\/wp-content\/uploads\/2022\/06\/sagrado_260622_1-1024x640.jpg 1024w, https:\/\/franciscanos.org.br\/noticias\/wp-content\/uploads\/2022\/06\/sagrado_260622_1-768x480.jpg 768w, https:\/\/franciscanos.org.br\/noticias\/wp-content\/uploads\/2022\/06\/sagrado_260622_1-150x94.jpg 150w\" sizes=\"(max-width: 1280px) 100vw, 1280px\" \/><\/p>\n\n\t\t<style type=\"text\/css\">\n\t\t\t#gallery-2 {\n\t\t\t\tmargin: auto;\n\t\t\t}\n\t\t\t#gallery-2 .gallery-item {\n\t\t\t\tfloat: left;\n\t\t\t\tmargin-top: 10px;\n\t\t\t\ttext-align: center;\n\t\t\t\twidth: 20%;\n\t\t\t}\n\t\t\t#gallery-2 img {\n\t\t\t\tborder: 2px solid #cfcfcf;\n\t\t\t}\n\t\t\t#gallery-2 .gallery-caption {\n\t\t\t\tmargin-left: 0;\n\t\t\t}\n\t\t\t\/* see gallery_shortcode() in wp-includes\/media.php *\/\n\t\t<\/style>\n\t\t<div id='gallery-2' class='gallery galleryid-238691 gallery-columns-5 gallery-size-thumbnail'><dl class='gallery-item'>\n\t\t\t<dt class='gallery-icon landscape'>\n\t\t\t\t<a href='https:\/\/franciscanos.org.br\/noticias\/wp-content\/uploads\/2022\/06\/sagrado_240622_3.jpeg'><img width=\"300\" height=\"300\" src=\"https:\/\/franciscanos.org.br\/noticias\/wp-content\/uploads\/2022\/06\/sagrado_240622_3-300x300.jpeg\" class=\"attachment-thumbnail size-thumbnail\" alt=\"\" loading=\"lazy\" srcset=\"https:\/\/franciscanos.org.br\/noticias\/wp-content\/uploads\/2022\/06\/sagrado_240622_3-300x300.jpeg 300w, https:\/\/franciscanos.org.br\/noticias\/wp-content\/uploads\/2022\/06\/sagrado_240622_3-100x100.jpeg 100w\" sizes=\"(max-width: 300px) 100vw, 300px\" \/><\/a>\n\t\t\t<\/dt><\/dl><dl class='gallery-item'>\n\t\t\t<dt class='gallery-icon landscape'>\n\t\t\t\t<a href='https:\/\/franciscanos.org.br\/noticias\/wp-content\/uploads\/2022\/06\/sagrado_240622_5.jpeg'><img width=\"300\" height=\"300\" src=\"https:\/\/franciscanos.org.br\/noticias\/wp-content\/uploads\/2022\/06\/sagrado_240622_5-300x300.jpeg\" class=\"attachment-thumbnail size-thumbnail\" alt=\"\" loading=\"lazy\" srcset=\"https:\/\/franciscanos.org.br\/noticias\/wp-content\/uploads\/2022\/06\/sagrado_240622_5-300x300.jpeg 300w, https:\/\/franciscanos.org.br\/noticias\/wp-content\/uploads\/2022\/06\/sagrado_240622_5-100x100.jpeg 100w\" sizes=\"(max-width: 300px) 100vw, 300px\" \/><\/a>\n\t\t\t<\/dt><\/dl><dl class='gallery-item'>\n\t\t\t<dt class='gallery-icon landscape'>\n\t\t\t\t<a href='https:\/\/franciscanos.org.br\/noticias\/wp-content\/uploads\/2022\/06\/sagrado_240622_4.jpeg'><img width=\"300\" height=\"300\" src=\"https:\/\/franciscanos.org.br\/noticias\/wp-content\/uploads\/2022\/06\/sagrado_240622_4-300x300.jpeg\" class=\"attachment-thumbnail size-thumbnail\" alt=\"\" loading=\"lazy\" srcset=\"https:\/\/franciscanos.org.br\/noticias\/wp-content\/uploads\/2022\/06\/sagrado_240622_4-300x300.jpeg 300w, https:\/\/franciscanos.org.br\/noticias\/wp-content\/uploads\/2022\/06\/sagrado_240622_4-100x100.jpeg 100w\" sizes=\"(max-width: 300px) 100vw, 300px\" \/><\/a>\n\t\t\t<\/dt><\/dl><dl class='gallery-item'>\n\t\t\t<dt class='gallery-icon landscape'>\n\t\t\t\t<a href='https:\/\/franciscanos.org.br\/noticias\/wp-content\/uploads\/2022\/06\/sagrado_240622_8.jpeg'><img width=\"300\" height=\"300\" src=\"https:\/\/franciscanos.org.br\/noticias\/wp-content\/uploads\/2022\/06\/sagrado_240622_8-300x300.jpeg\" class=\"attachment-thumbnail size-thumbnail\" alt=\"\" loading=\"lazy\" srcset=\"https:\/\/franciscanos.org.br\/noticias\/wp-content\/uploads\/2022\/06\/sagrado_240622_8-300x300.jpeg 300w, https:\/\/franciscanos.org.br\/noticias\/wp-content\/uploads\/2022\/06\/sagrado_240622_8-100x100.jpeg 100w\" sizes=\"(max-width: 300px) 100vw, 300px\" \/><\/a>\n\t\t\t<\/dt><\/dl><dl class='gallery-item'>\n\t\t\t<dt class='gallery-icon landscape'>\n\t\t\t\t<a href='https:\/\/franciscanos.org.br\/noticias\/wp-content\/uploads\/2022\/06\/sagrado_240622_9.jpeg'><img width=\"300\" height=\"300\" src=\"https:\/\/franciscanos.org.br\/noticias\/wp-content\/uploads\/2022\/06\/sagrado_240622_9-300x300.jpeg\" class=\"attachment-thumbnail size-thumbnail\" alt=\"\" loading=\"lazy\" srcset=\"https:\/\/franciscanos.org.br\/noticias\/wp-content\/uploads\/2022\/06\/sagrado_240622_9-300x300.jpeg 300w, https:\/\/franciscanos.org.br\/noticias\/wp-content\/uploads\/2022\/06\/sagrado_240622_9-100x100.jpeg 100w\" sizes=\"(max-width: 300px) 100vw, 300px\" \/><\/a>\n\t\t\t<\/dt><\/dl><br style=\"clear: both\" \/>\n\t\t<\/div>\n\n<p style=\"font-weight: 400;\">J\u00e1 na homilia da Celebra\u00e7\u00e3o Eucar\u00edstica, Frei Ronaldo disse que para compreender a Solenidade do Sagrado Cora\u00e7\u00e3o de Jesus, a liturgia oferece a imagem do Bom Pastor. \u201cDo Pastor que nos conduz pelos vales tenebrosos e nos encaminha para as fontes repousantes, para os prados verdejantes, onde concede a suas ovelhas e a todas as pessoas a gra\u00e7a do repouso, da vida na intimidade com o Senhor\u201d, frisou.<\/p>\n<p style=\"font-weight: 400;\">Segundo Frei Ronaldo, a leitura do profeta Ezequiel apresenta como age o bom Pastor. \u201cEu mesmo vou apascentar as minhas ovelhas. \u00c9 o cora\u00e7\u00e3o de Cristo que se volta para cada fiel, para cada pessoa e as apascenta e as faz repousar. Diz Deus pelo Profeta Ezequiel: \u2018Vou procurar a ovelha perdida, reconduzir a extraviada, enfaixar a da perna quebrada, fortalecer a doente, vigiar a gorda e forte, vou apascent\u00e1-las conforme o direito\u201d, citou e acrescentou: \u201cDe fato, para cada pessoa, o cora\u00e7\u00e3o de Jesus se adequa, se adapta \u00e0s necessidades de cada um de n\u00f3s. Talvez sejamos ovelhas perdidas, talvez extraviadas, talvez a nossa perna esteja quebrada diante da dor, da ang\u00fastia, dos problemas de nosso dia a dia, mas Ele enfaixa, fortalece, acompanha, coloca-as em seus ombros. Esse \u00e9 o cora\u00e7\u00e3o de Cristo para cada um de n\u00f3s\u201d, ensinou.<\/p>\n<p><img loading=\"lazy\" class=\"alignnone wp-image-238694 size-full\" src=\"https:\/\/franciscanos.org.br\/noticias\/wp-content\/uploads\/2022\/06\/sagrado_260622_3.jpg\" alt=\"\" width=\"1280\" height=\"720\" srcset=\"https:\/\/franciscanos.org.br\/noticias\/wp-content\/uploads\/2022\/06\/sagrado_260622_3.jpg 1280w, https:\/\/franciscanos.org.br\/noticias\/wp-content\/uploads\/2022\/06\/sagrado_260622_3-450x253.jpg 450w, https:\/\/franciscanos.org.br\/noticias\/wp-content\/uploads\/2022\/06\/sagrado_260622_3-1024x576.jpg 1024w, https:\/\/franciscanos.org.br\/noticias\/wp-content\/uploads\/2022\/06\/sagrado_260622_3-768x432.jpg 768w, https:\/\/franciscanos.org.br\/noticias\/wp-content\/uploads\/2022\/06\/sagrado_260622_3-150x84.jpg 150w\" sizes=\"(max-width: 1280px) 100vw, 1280px\" \/><\/p>\n<p style=\"font-weight: 400;\">Segundo Frei Fi\u00faza, no Evangelho, Jesus conta a par\u00e1bola aos fariseus e escribas, personalidades importantes de seu tempo. \u201cEle mostra que Deus nos ama, n\u00e3o porque a gente \u00e9 bom, n\u00e3o porque a gente faz tudo direitinho, n\u00e3o! Ele vem at\u00e9 n\u00f3s porque somos pecadores. O Cora\u00e7\u00e3o de Jesus n\u00e3o \u00e9 insens\u00edvel \u00e0s nossas dores, n\u00e3o privilegia as noventa e nove que est\u00e3o no redil, em seguran\u00e7a, mas ele corre atr\u00e1s de n\u00f3s quando nos extraviamos, quando nos perdemos, quando nossas escolhas e decis\u00f5es acabam por nos distanciar do rebanho. Ele larga toda as suas atividades e vai atras de n\u00f3s com o cora\u00e7\u00e3o generoso para que n\u00f3s tenhamos vida e vida em abund\u00e2ncia\u201d, ressaltou.<\/p>\n<p style=\"font-weight: 400;\">Para o celebrante, \u00e9 preciso reconhecermos diante de Cristo Senhor que nem sempre somos as ovelhas mais saud\u00e1veis. \u201cNem sempre realizamos a vontade de Deus. Sentimos, ao contr\u00e1rio, muitas vezes, como essas ovelhas que precisam dos cuidados de Cristo. Que Ele venha at\u00e9 n\u00f3s, nos resgaste, nos salve, nos cure de tudo aquilo que nos afasta de nossa voca\u00e7\u00e3o crist\u00e3\u201d, encerrou.<\/p>\n<p style=\"font-weight: 400;\"><strong>FESTIVIDADES DO SAGRADO<\/strong><\/p>\n<p><img loading=\"lazy\" class=\"alignnone wp-image-238696 size-full\" src=\"https:\/\/franciscanos.org.br\/noticias\/wp-content\/uploads\/2022\/06\/sagrado_260622_5.jpg\" alt=\"\" width=\"1280\" height=\"720\" srcset=\"https:\/\/franciscanos.org.br\/noticias\/wp-content\/uploads\/2022\/06\/sagrado_260622_5.jpg 1280w, https:\/\/franciscanos.org.br\/noticias\/wp-content\/uploads\/2022\/06\/sagrado_260622_5-450x253.jpg 450w, https:\/\/franciscanos.org.br\/noticias\/wp-content\/uploads\/2022\/06\/sagrado_260622_5-1024x576.jpg 1024w, https:\/\/franciscanos.org.br\/noticias\/wp-content\/uploads\/2022\/06\/sagrado_260622_5-768x432.jpg 768w, https:\/\/franciscanos.org.br\/noticias\/wp-content\/uploads\/2022\/06\/sagrado_260622_5-150x84.jpg 150w\" sizes=\"(max-width: 1280px) 100vw, 1280px\" \/><\/p>\n<p style=\"font-weight: 400;\">A volta das festividades presencias contou tamb\u00e9m com uma extensa programa\u00e7\u00e3o gastron\u00f4mica, com quermesse, barracas com comidas t\u00edpicas, apresenta\u00e7\u00f5es e m\u00fasica ao vivo. Entre os dias 18 e 19 de junho aconteceu a \u201cFesta Junina\u201d. J\u00e1 no dia do Sagrado, sexta-feira (24\/06), durante todo o dia foi vendido o tradicional bolo do Padroeiro. Nos dias 25 e 26, s\u00e1bado e domingo, a festa aconteceu das 14h \u00e0s 22h. Destaca-se a presen\u00e7a e a apresenta\u00e7\u00e3o da \u201cBanda do Batalh\u00e3o\u201d no dia 25, \u00e0s 17h30. A Festa do Sagrado foi um sucesso, por isso, ter\u00e1 uma nova edi\u00e7\u00e3o nos finais de semana de agosto: 13 e 14, 20 e 21, 27 e 28.<\/p>\n<hr \/>\n<p style=\"font-weight: 400;\"><em>Frei Augusto Luiz Gabriel<\/em><\/p>\n","protected":false},"excerpt":{"rendered":"<p>Festividades do Sagrado Cora\u00e7\u00e3o de Jesus em Petr\u00f3polis<\/p>\n","protected":false},"author":3,"featured_media":238697,"comment_status":"open","ping_status":"open","sticky":false,"template":"","format":"standard","meta":[],"categories":[1],"tags":[1766,190,163],"acf":[],"yoast_head":"<!-- This site is optimized with the Yoast SEO plugin v19.2 - https:\/\/yoast.com\/wordpress\/plugins\/seo\/ -->\n<title>Festividades em Petr\u00f3polis terminam com prociss\u00e3o do Sagrado Cora\u00e7\u00e3o de Jesus - Not\u00edcias - Franciscanos<\/title>\n<meta name=\"robots\" content=\"index, follow, max-snippet:-1, max-image-preview:large, max-video-preview:-1\" \/>\n<link rel=\"canonical\" href=\"https:\/\/franciscanos.org.br\/noticias\/festividades-em-petropolis-terminam-com-procissao-do-sagrado-coracao-de-jesus.html\" \/>\n<meta property=\"og:locale\" content=\"pt_BR\" \/>\n<meta property=\"og:type\" content=\"article\" \/>\n<meta property=\"og:title\" content=\"Festividades em Petr\u00f3polis terminam com prociss\u00e3o do Sagrado Cora\u00e7\u00e3o de Jesus - Not\u00edcias - Franciscanos\" \/>\n<meta property=\"og:description\" content=\"Festividades do Sagrado Cora\u00e7\u00e3o de Jesus em Petr\u00f3polis\" \/>\n<meta property=\"og:url\" content=\"https:\/\/franciscanos.org.br\/noticias\/festividades-em-petropolis-terminam-com-procissao-do-sagrado-coracao-de-jesus.html\" \/>\n<meta property=\"og:site_name\" content=\"Not\u00edcias - Franciscanos\" \/>\n<meta property=\"article:published_time\" content=\"2022-06-26T22:26:10+00:00\" \/>\n<meta property=\"og:image\" content=\"https:\/\/franciscanos.org.br\/noticias\/wp-content\/uploads\/2022\/06\/sagrado_260622_6.jpg\" \/>\n\t<meta property=\"og:image:width\" content=\"1280\" \/>\n\t<meta property=\"og:image:height\" content=\"720\" \/>\n\t<meta property=\"og:image:type\" content=\"image\/jpeg\" \/>\n<meta name=\"author\" content=\"moacir\" \/>\n<meta name=\"twitter:card\" content=\"summary_large_image\" \/>\n<meta name=\"twitter:label1\" content=\"Escrito por\" \/>\n\t<meta name=\"twitter:data1\" content=\"moacir\" \/>\n\t<meta name=\"twitter:label2\" content=\"Est. tempo de leitura\" \/>\n\t<meta name=\"twitter:data2\" content=\"8 minutos\" \/>\n<script type=\"application\/ld+json\" class=\"yoast-schema-graph\">{\"@context\":\"https:\/\/schema.org\",\"@graph\":[{\"@type\":\"WebSite\",\"@id\":\"https:\/\/franciscanos.org.br\/noticias\/#website\",\"url\":\"https:\/\/franciscanos.org.br\/noticias\/\",\"name\":\"Not\u00edcias - Franciscanos\",\"description\":\"Prov\u00edncia Franciscana da Imaculada Concei\u00e7\u00e3o do Brasil - Ordem dos Frades Menores - OFM\",\"potentialAction\":[{\"@type\":\"SearchAction\",\"target\":{\"@type\":\"EntryPoint\",\"urlTemplate\":\"https:\/\/franciscanos.org.br\/noticias\/?s={search_term_string}\"},\"query-input\":\"required name=search_term_string\"}],\"inLanguage\":\"pt-BR\"},{\"@type\":\"ImageObject\",\"inLanguage\":\"pt-BR\",\"@id\":\"https:\/\/franciscanos.org.br\/noticias\/festividades-em-petropolis-terminam-com-procissao-do-sagrado-coracao-de-jesus.html#primaryimage\",\"url\":\"https:\/\/franciscanos.org.br\/noticias\/wp-content\/uploads\/2022\/06\/sagrado_260622_6.jpg\",\"contentUrl\":\"https:\/\/franciscanos.org.br\/noticias\/wp-content\/uploads\/2022\/06\/sagrado_260622_6.jpg\",\"width\":1280,\"height\":720},{\"@type\":\"WebPage\",\"@id\":\"https:\/\/franciscanos.org.br\/noticias\/festividades-em-petropolis-terminam-com-procissao-do-sagrado-coracao-de-jesus.html#webpage\",\"url\":\"https:\/\/franciscanos.org.br\/noticias\/festividades-em-petropolis-terminam-com-procissao-do-sagrado-coracao-de-jesus.html\",\"name\":\"Festividades em Petr\u00f3polis terminam com prociss\u00e3o do Sagrado Cora\u00e7\u00e3o de Jesus - Not\u00edcias - Franciscanos\",\"isPartOf\":{\"@id\":\"https:\/\/franciscanos.org.br\/noticias\/#website\"},\"primaryImageOfPage\":{\"@id\":\"https:\/\/franciscanos.org.br\/noticias\/festividades-em-petropolis-terminam-com-procissao-do-sagrado-coracao-de-jesus.html#primaryimage\"},\"datePublished\":\"2022-06-26T22:26:10+00:00\",\"dateModified\":\"2022-06-26T22:26:10+00:00\",\"author\":{\"@id\":\"https:\/\/franciscanos.org.br\/noticias\/#\/schema\/person\/b5c8cba458c330ccff548b056e95a5d4\"},\"breadcrumb\":{\"@id\":\"https:\/\/franciscanos.org.br\/noticias\/festividades-em-petropolis-terminam-com-procissao-do-sagrado-coracao-de-jesus.html#breadcrumb\"},\"inLanguage\":\"pt-BR\",\"potentialAction\":[{\"@type\":\"ReadAction\",\"target\":[\"https:\/\/franciscanos.org.br\/noticias\/festividades-em-petropolis-terminam-com-procissao-do-sagrado-coracao-de-jesus.html\"]}]},{\"@type\":\"BreadcrumbList\",\"@id\":\"https:\/\/franciscanos.org.br\/noticias\/festividades-em-petropolis-terminam-com-procissao-do-sagrado-coracao-de-jesus.html#breadcrumb\",\"itemListElement\":[{\"@type\":\"ListItem\",\"position\":1,\"name\":\"Home\",\"item\":\"https:\/\/franciscanos.org.br\/noticias\"},{\"@type\":\"ListItem\",\"position\":2,\"name\":\"Festividades em Petr\u00f3polis terminam com prociss\u00e3o do Sagrado Cora\u00e7\u00e3o de Jesus\"}]},{\"@type\":\"Person\",\"@id\":\"https:\/\/franciscanos.org.br\/noticias\/#\/schema\/person\/b5c8cba458c330ccff548b056e95a5d4\",\"name\":\"moacir\",\"image\":{\"@type\":\"ImageObject\",\"inLanguage\":\"pt-BR\",\"@id\":\"https:\/\/franciscanos.org.br\/noticias\/#\/schema\/person\/image\/\",\"url\":\"https:\/\/secure.gravatar.com\/avatar\/d08aa2ce4c8dd416d4479aa8536fcf64?s=96&d=mm&r=g\",\"contentUrl\":\"https:\/\/secure.gravatar.com\/avatar\/d08aa2ce4c8dd416d4479aa8536fcf64?s=96&d=mm&r=g\",\"caption\":\"moacir\"},\"url\":\"https:\/\/franciscanos.org.br\/noticias\/author\/moacir\"}]}<\/script>\n<!-- \/ Yoast SEO plugin. -->","yoast_head_json":{"title":"Festividades em Petr\u00f3polis terminam com prociss\u00e3o do Sagrado Cora\u00e7\u00e3o de Jesus - Not\u00edcias - Franciscanos","robots":{"index":"index","follow":"follow","max-snippet":"max-snippet:-1","max-image-preview":"max-image-preview:large","max-video-preview":"max-video-preview:-1"},"canonical":"https:\/\/franciscanos.org.br\/noticias\/festividades-em-petropolis-terminam-com-procissao-do-sagrado-coracao-de-jesus.html","og_locale":"pt_BR","og_type":"article","og_title":"Festividades em Petr\u00f3polis terminam com prociss\u00e3o do Sagrado Cora\u00e7\u00e3o de Jesus - Not\u00edcias - Franciscanos","og_description":"Festividades do Sagrado Cora\u00e7\u00e3o de Jesus em Petr\u00f3polis","og_url":"https:\/\/franciscanos.org.br\/noticias\/festividades-em-petropolis-terminam-com-procissao-do-sagrado-coracao-de-jesus.html","og_site_name":"Not\u00edcias - Franciscanos","article_published_time":"2022-06-26T22:26:10+00:00","og_image":[{"width":1280,"height":720,"url":"https:\/\/franciscanos.org.br\/noticias\/wp-content\/uploads\/2022\/06\/sagrado_260622_6.jpg","type":"image\/jpeg"}],"author":"moacir","twitter_card":"summary_large_image","twitter_misc":{"Escrito por":"moacir","Est. tempo de leitura":"8 minutos"},"schema":{"@context":"https:\/\/schema.org","@graph":[{"@type":"WebSite","@id":"https:\/\/franciscanos.org.br\/noticias\/#website","url":"https:\/\/franciscanos.org.br\/noticias\/","name":"Not\u00edcias - Franciscanos","description":"Prov\u00edncia Franciscana da Imaculada Concei\u00e7\u00e3o do Brasil - Ordem dos Frades Menores - OFM","potentialAction":[{"@type":"SearchAction","target":{"@type":"EntryPoint","urlTemplate":"https:\/\/franciscanos.org.br\/noticias\/?s={search_term_string}"},"query-input":"required name=search_term_string"}],"inLanguage":"pt-BR"},{"@type":"ImageObject","inLanguage":"pt-BR","@id":"https:\/\/franciscanos.org.br\/noticias\/festividades-em-petropolis-terminam-com-procissao-do-sagrado-coracao-de-jesus.html#primaryimage","url":"https:\/\/franciscanos.org.br\/noticias\/wp-content\/uploads\/2022\/06\/sagrado_260622_6.jpg","contentUrl":"https:\/\/franciscanos.org.br\/noticias\/wp-content\/uploads\/2022\/06\/sagrado_260622_6.jpg","width":1280,"height":720},{"@type":"WebPage","@id":"https:\/\/franciscanos.org.br\/noticias\/festividades-em-petropolis-terminam-com-procissao-do-sagrado-coracao-de-jesus.html#webpage","url":"https:\/\/franciscanos.org.br\/noticias\/festividades-em-petropolis-terminam-com-procissao-do-sagrado-coracao-de-jesus.html","name":"Festividades em Petr\u00f3polis terminam com prociss\u00e3o do Sagrado Cora\u00e7\u00e3o de Jesus - Not\u00edcias - Franciscanos","isPartOf":{"@id":"https:\/\/franciscanos.org.br\/noticias\/#website"},"primaryImageOfPage":{"@id":"https:\/\/franciscanos.org.br\/noticias\/festividades-em-petropolis-terminam-com-procissao-do-sagrado-coracao-de-jesus.html#primaryimage"},"datePublished":"2022-06-26T22:26:10+00:00","dateModified":"2022-06-26T22:26:10+00:00","author":{"@id":"https:\/\/franciscanos.org.br\/noticias\/#\/schema\/person\/b5c8cba458c330ccff548b056e95a5d4"},"breadcrumb":{"@id":"https:\/\/franciscanos.org.br\/noticias\/festividades-em-petropolis-terminam-com-procissao-do-sagrado-coracao-de-jesus.html#breadcrumb"},"inLanguage":"pt-BR","potentialAction":[{"@type":"ReadAction","target":["https:\/\/franciscanos.org.br\/noticias\/festividades-em-petropolis-terminam-com-procissao-do-sagrado-coracao-de-jesus.html"]}]},{"@type":"BreadcrumbList","@id":"https:\/\/franciscanos.org.br\/noticias\/festividades-em-petropolis-terminam-com-procissao-do-sagrado-coracao-de-jesus.html#breadcrumb","itemListElement":[{"@type":"ListItem","position":1,"name":"Home","item":"https:\/\/franciscanos.org.br\/noticias"},{"@type":"ListItem","position":2,"name":"Festividades em Petr\u00f3polis terminam com prociss\u00e3o do Sagrado Cora\u00e7\u00e3o de Jesus"}]},{"@type":"Person","@id":"https:\/\/franciscanos.org.br\/noticias\/#\/schema\/person\/b5c8cba458c330ccff548b056e95a5d4","name":"moacir","image":{"@type":"ImageObject","inLanguage":"pt-BR","@id":"https:\/\/franciscanos.org.br\/noticias\/#\/schema\/person\/image\/","url":"https:\/\/secure.gravatar.com\/avatar\/d08aa2ce4c8dd416d4479aa8536fcf64?s=96&d=mm&r=g","contentUrl":"https:\/\/secure.gravatar.com\/avatar\/d08aa2ce4c8dd416d4479aa8536fcf64?s=96&d=mm&r=g","caption":"moacir"},"url":"https:\/\/franciscanos.org.br\/noticias\/author\/moacir"}]}},"_links":{"self":[{"href":"https:\/\/franciscanos.org.br\/noticias\/wp-json\/wp\/v2\/posts\/238691"}],"collection":[{"href":"https:\/\/franciscanos.org.br\/noticias\/wp-json\/wp\/v2\/posts"}],"about":[{"href":"https:\/\/franciscanos.org.br\/noticias\/wp-json\/wp\/v2\/types\/post"}],"author":[{"embeddable":true,"href":"https:\/\/franciscanos.org.br\/noticias\/wp-json\/wp\/v2\/users\/3"}],"replies":[{"embeddable":true,"href":"https:\/\/franciscanos.org.br\/noticias\/wp-json\/wp\/v2\/comments?post=238691"}],"version-history":[{"count":7,"href":"https:\/\/franciscanos.org.br\/noticias\/wp-json\/wp\/v2\/posts\/238691\/revisions"}],"predecessor-version":[{"id":238714,"href":"https:\/\/franciscanos.org.br\/noticias\/wp-json\/wp\/v2\/posts\/238691\/revisions\/238714"}],"wp:featuredmedia":[{"embeddable":true,"href":"https:\/\/franciscanos.org.br\/noticias\/wp-json\/wp\/v2\/media\/238697"}],"wp:attachment":[{"href":"https:\/\/franciscanos.org.br\/noticias\/wp-json\/wp\/v2\/media?parent=238691"}],"wp:term":[{"taxonomy":"category","embeddable":true,"href":"https:\/\/franciscanos.org.br\/noticias\/wp-json\/wp\/v2\/categories?post=238691"},{"taxonomy":"post_tag","embeddable":true,"href":"https:\/\/franciscanos.org.br\/noticias\/wp-json\/wp\/v2\/tags?post=238691"}],"curies":[{"name":"wp","href":"https:\/\/api.w.org\/{rel}","templated":true}]}}