{"id":238667,"date":"2022-06-26T08:38:23","date_gmt":"2022-06-26T11:38:23","guid":{"rendered":"https:\/\/franciscanos.org.br\/noticias\/?p=238667"},"modified":"2023-01-03T13:40:22","modified_gmt":"2023-01-03T16:40:22","slug":"com-maria-e-frei-galvao-a-vida-esta-voltando-ao-normal","status":"publish","type":"post","link":"https:\/\/franciscanos.org.br\/noticias\/com-maria-e-frei-galvao-a-vida-esta-voltando-ao-normal.html","title":{"rendered":"Com Maria e Frei Galv\u00e3o, a vida est\u00e1 voltando ao normal"},"content":{"rendered":"<p><img loading=\"lazy\" class=\"alignnone wp-image-238668 size-full\" src=\"https:\/\/franciscanos.org.br\/noticias\/wp-content\/uploads\/2022\/06\/diacom_2606.jpg\" alt=\"\" width=\"1280\" height=\"720\" srcset=\"https:\/\/franciscanos.org.br\/noticias\/wp-content\/uploads\/2022\/06\/diacom_2606.jpg 1280w, https:\/\/franciscanos.org.br\/noticias\/wp-content\/uploads\/2022\/06\/diacom_2606-450x253.jpg 450w, https:\/\/franciscanos.org.br\/noticias\/wp-content\/uploads\/2022\/06\/diacom_2606-1024x576.jpg 1024w, https:\/\/franciscanos.org.br\/noticias\/wp-content\/uploads\/2022\/06\/diacom_2606-768x432.jpg 768w, https:\/\/franciscanos.org.br\/noticias\/wp-content\/uploads\/2022\/06\/diacom_2606-150x84.jpg 150w\" sizes=\"(max-width: 1280px) 100vw, 1280px\" \/><\/p>\n<p><strong>S\u00e3o Paulo (SP<\/strong>) &#8211; Depois de dois anos e meio de pandemia, aos poucos a vida volta ao normal. No Pr\u00f3-Voca\u00e7\u00f5es e Miss\u00f5es Franciscanas (PVF), este s\u00e1bado, 25 de junho, ficou marcado com a primeira atividade presencial voltada para os benfeitores e benfeitoras: o &#8220;Dia com Maria e Frei Galv\u00e3o&#8221;, uma peregrina\u00e7\u00e3o \u00e0 terra do primeiro Santo brasileiro, que neste ano celebra o bicenten\u00e1rio de vida eterna, e da M\u00e3e Aparecida, Padroeira do Brasil.<\/p>\n<p>O grupo de 44 pessoas partiu do Largo S\u00e3o Francisco, no centro de S\u00e3o Paulo, \u00e0s 6h50, em dire\u00e7\u00e3o ao Vale santo do Parna\u00edba, tendo como animadores o coordenador do PVF, Frei Robson Luiz Scudela, e Frei Lauro Formigoni, frade do Convento S\u00e3o Francisco, al\u00e9m dos colaboradores Edivando Rocha e Lucas Santos. Um dia de sol e temperatura agrad\u00e1vel garantiram tranquilidade \u00e0 viagem.<\/p>\n<p>Ansioso por esse momento, o grupo cantou e rezou at\u00e9 chegar ao primeiro destino, \u00e0s 9h20: o Santu\u00e1rio Frei Galv\u00e3o, em Guaratinguet\u00e1, que desde 11 de abril de 2021 passou a ser atendido pelos frades desta Prov\u00edncia da Imaculada Concei\u00e7\u00e3o. Ali, os benfeitores foram acolhidos pelo reitor da nova Fraternidade, Frei Diego Melo, e convidados para um refor\u00e7ado caf\u00e9 da manh\u00e3.<\/p>\n<p><img loading=\"lazy\" class=\"alignnone wp-image-238669 size-full\" src=\"https:\/\/franciscanos.org.br\/noticias\/wp-content\/uploads\/2022\/06\/diacom_2606_7.jpg\" alt=\"\" width=\"1280\" height=\"748\" srcset=\"https:\/\/franciscanos.org.br\/noticias\/wp-content\/uploads\/2022\/06\/diacom_2606_7.jpg 1280w, https:\/\/franciscanos.org.br\/noticias\/wp-content\/uploads\/2022\/06\/diacom_2606_7-450x263.jpg 450w, https:\/\/franciscanos.org.br\/noticias\/wp-content\/uploads\/2022\/06\/diacom_2606_7-1024x598.jpg 1024w, https:\/\/franciscanos.org.br\/noticias\/wp-content\/uploads\/2022\/06\/diacom_2606_7-768x449.jpg 768w, https:\/\/franciscanos.org.br\/noticias\/wp-content\/uploads\/2022\/06\/diacom_2606_7-150x88.jpg 150w\" sizes=\"(max-width: 1280px) 100vw, 1280px\" \/><\/p>\n\n\t\t<style type=\"text\/css\">\n\t\t\t#gallery-1 {\n\t\t\t\tmargin: auto;\n\t\t\t}\n\t\t\t#gallery-1 .gallery-item {\n\t\t\t\tfloat: left;\n\t\t\t\tmargin-top: 10px;\n\t\t\t\ttext-align: center;\n\t\t\t\twidth: 14%;\n\t\t\t}\n\t\t\t#gallery-1 img {\n\t\t\t\tborder: 2px solid #cfcfcf;\n\t\t\t}\n\t\t\t#gallery-1 .gallery-caption {\n\t\t\t\tmargin-left: 0;\n\t\t\t}\n\t\t\t\/* see gallery_shortcode() in wp-includes\/media.php *\/\n\t\t<\/style>\n\t\t<div id='gallery-1' class='gallery galleryid-238667 gallery-columns-7 gallery-size-thumbnail'><dl class='gallery-item'>\n\t\t\t<dt class='gallery-icon landscape'>\n\t\t\t\t<a href='https:\/\/franciscanos.org.br\/noticias\/wp-content\/uploads\/2022\/06\/dia_01.jpg'><img width=\"300\" height=\"300\" src=\"https:\/\/franciscanos.org.br\/noticias\/wp-content\/uploads\/2022\/06\/dia_01-300x300.jpg\" class=\"attachment-thumbnail size-thumbnail\" alt=\"\" loading=\"lazy\" srcset=\"https:\/\/franciscanos.org.br\/noticias\/wp-content\/uploads\/2022\/06\/dia_01-300x300.jpg 300w, https:\/\/franciscanos.org.br\/noticias\/wp-content\/uploads\/2022\/06\/dia_01-100x100.jpg 100w\" sizes=\"(max-width: 300px) 100vw, 300px\" \/><\/a>\n\t\t\t<\/dt><\/dl><dl class='gallery-item'>\n\t\t\t<dt class='gallery-icon landscape'>\n\t\t\t\t<a href='https:\/\/franciscanos.org.br\/noticias\/wp-content\/uploads\/2022\/06\/dia_03.jpg'><img width=\"300\" height=\"300\" src=\"https:\/\/franciscanos.org.br\/noticias\/wp-content\/uploads\/2022\/06\/dia_03-300x300.jpg\" class=\"attachment-thumbnail size-thumbnail\" alt=\"\" loading=\"lazy\" srcset=\"https:\/\/franciscanos.org.br\/noticias\/wp-content\/uploads\/2022\/06\/dia_03-300x300.jpg 300w, https:\/\/franciscanos.org.br\/noticias\/wp-content\/uploads\/2022\/06\/dia_03-100x100.jpg 100w\" sizes=\"(max-width: 300px) 100vw, 300px\" \/><\/a>\n\t\t\t<\/dt><\/dl><dl class='gallery-item'>\n\t\t\t<dt class='gallery-icon landscape'>\n\t\t\t\t<a href='https:\/\/franciscanos.org.br\/noticias\/wp-content\/uploads\/2022\/06\/dia_04.jpg'><img width=\"300\" height=\"300\" src=\"https:\/\/franciscanos.org.br\/noticias\/wp-content\/uploads\/2022\/06\/dia_04-300x300.jpg\" class=\"attachment-thumbnail size-thumbnail\" alt=\"\" loading=\"lazy\" srcset=\"https:\/\/franciscanos.org.br\/noticias\/wp-content\/uploads\/2022\/06\/dia_04-300x300.jpg 300w, https:\/\/franciscanos.org.br\/noticias\/wp-content\/uploads\/2022\/06\/dia_04-100x100.jpg 100w\" sizes=\"(max-width: 300px) 100vw, 300px\" \/><\/a>\n\t\t\t<\/dt><\/dl><dl class='gallery-item'>\n\t\t\t<dt class='gallery-icon landscape'>\n\t\t\t\t<a href='https:\/\/franciscanos.org.br\/noticias\/wp-content\/uploads\/2022\/06\/dia_06.jpg'><img width=\"300\" height=\"300\" src=\"https:\/\/franciscanos.org.br\/noticias\/wp-content\/uploads\/2022\/06\/dia_06-300x300.jpg\" class=\"attachment-thumbnail size-thumbnail\" alt=\"\" loading=\"lazy\" srcset=\"https:\/\/franciscanos.org.br\/noticias\/wp-content\/uploads\/2022\/06\/dia_06-300x300.jpg 300w, https:\/\/franciscanos.org.br\/noticias\/wp-content\/uploads\/2022\/06\/dia_06-100x100.jpg 100w\" sizes=\"(max-width: 300px) 100vw, 300px\" \/><\/a>\n\t\t\t<\/dt><\/dl><dl class='gallery-item'>\n\t\t\t<dt class='gallery-icon landscape'>\n\t\t\t\t<a href='https:\/\/franciscanos.org.br\/noticias\/wp-content\/uploads\/2022\/06\/dia_07a.jpg'><img width=\"300\" height=\"300\" src=\"https:\/\/franciscanos.org.br\/noticias\/wp-content\/uploads\/2022\/06\/dia_07a-300x300.jpg\" class=\"attachment-thumbnail size-thumbnail\" alt=\"\" loading=\"lazy\" srcset=\"https:\/\/franciscanos.org.br\/noticias\/wp-content\/uploads\/2022\/06\/dia_07a-300x300.jpg 300w, https:\/\/franciscanos.org.br\/noticias\/wp-content\/uploads\/2022\/06\/dia_07a-100x100.jpg 100w\" sizes=\"(max-width: 300px) 100vw, 300px\" \/><\/a>\n\t\t\t<\/dt><\/dl><dl class='gallery-item'>\n\t\t\t<dt class='gallery-icon landscape'>\n\t\t\t\t<a href='https:\/\/franciscanos.org.br\/noticias\/wp-content\/uploads\/2022\/06\/dia_07b.jpg'><img width=\"300\" height=\"300\" src=\"https:\/\/franciscanos.org.br\/noticias\/wp-content\/uploads\/2022\/06\/dia_07b-300x300.jpg\" class=\"attachment-thumbnail size-thumbnail\" alt=\"\" loading=\"lazy\" srcset=\"https:\/\/franciscanos.org.br\/noticias\/wp-content\/uploads\/2022\/06\/dia_07b-300x300.jpg 300w, https:\/\/franciscanos.org.br\/noticias\/wp-content\/uploads\/2022\/06\/dia_07b-100x100.jpg 100w\" sizes=\"(max-width: 300px) 100vw, 300px\" \/><\/a>\n\t\t\t<\/dt><\/dl><dl class='gallery-item'>\n\t\t\t<dt class='gallery-icon landscape'>\n\t\t\t\t<a href='https:\/\/franciscanos.org.br\/noticias\/wp-content\/uploads\/2022\/06\/dia_08.jpg'><img width=\"300\" height=\"300\" src=\"https:\/\/franciscanos.org.br\/noticias\/wp-content\/uploads\/2022\/06\/dia_08-300x300.jpg\" class=\"attachment-thumbnail size-thumbnail\" alt=\"\" loading=\"lazy\" srcset=\"https:\/\/franciscanos.org.br\/noticias\/wp-content\/uploads\/2022\/06\/dia_08-300x300.jpg 300w, https:\/\/franciscanos.org.br\/noticias\/wp-content\/uploads\/2022\/06\/dia_08-100x100.jpg 100w\" sizes=\"(max-width: 300px) 100vw, 300px\" \/><\/a>\n\t\t\t<\/dt><\/dl><br style=\"clear: both\" \/>\n\t\t<\/div>\n\n<p><em> \u00a0 \u00a0(toque nas imagens menores para ampli\u00e1-las)<\/em><\/p>\n<p>Na Celebra\u00e7\u00e3o Eucar\u00edstica, \u00e0s 10h30, Frei Diego deu as boas-vindas aos frades da Anima\u00e7\u00e3o Vocacional &#8211; Frei Je\u00e2 Paulo Andrade e Frei Gabriel Dellandrea &#8211; que fazem encontro vocacional no Semin\u00e1rio Frei Galv\u00e3o com os vocacionados, assim como o mestre do Postulantado, Frei Walter Junior, os postulantes e os benfeitores. &#8220;\u00c9 uma alegria muito grande encontr\u00e1-los novamente aqui no nosso Santu\u00e1rio. Sejam todos bem-vindos. A casa \u00e9 de voc\u00eas. Ela acolhe com simplicidade, mas com alegria no cora\u00e7\u00e3o&#8221;, saudou Frei Diego.<\/p>\n<p>Frei Robson presidiu a Santa Missa e lembrou que, neste ano, a festa do Imaculado Cora\u00e7\u00e3o de Maria (a data deve ser celebrada no s\u00e1bado seguinte ao segundo domingo de Pentecostes) ficou pr\u00f3xima da solenidade do Sagrado Cora\u00e7\u00e3o de Jesus, celebrada na sexta-feira. &#8220;Deus nos deu a gra\u00e7a de nesta manh\u00e3 nos reunirmos neste lugar onde recordamos tamb\u00e9m o nosso Frei Galv\u00e3o e, ao olharmos para ele, lembramos do amor que tinha por Maria&#8221;, disse o celebrante. &#8220;A proximidade entre o cora\u00e7\u00e3o de Jesus e o cora\u00e7\u00e3o de Maria tamb\u00e9m se celebra nos cora\u00e7\u00f5es dos fi\u00e9is. E n\u00f3s sabemos o quanto os cora\u00e7\u00f5es de Jesus e de Maria pulsaram juntos. Ela, com o cora\u00e7\u00e3o de seu Filho, aprendeu a ter um cora\u00e7\u00e3o sempre mais voltado para as coisas de Deus&#8221;, disse o celebrante.<\/p>\n<p><img loading=\"lazy\" class=\"alignnone wp-image-238677 size-full\" src=\"https:\/\/franciscanos.org.br\/noticias\/wp-content\/uploads\/2022\/06\/diacom_2606_5.jpg\" alt=\"\" width=\"1280\" height=\"860\" srcset=\"https:\/\/franciscanos.org.br\/noticias\/wp-content\/uploads\/2022\/06\/diacom_2606_5.jpg 1280w, https:\/\/franciscanos.org.br\/noticias\/wp-content\/uploads\/2022\/06\/diacom_2606_5-450x302.jpg 450w, https:\/\/franciscanos.org.br\/noticias\/wp-content\/uploads\/2022\/06\/diacom_2606_5-1024x688.jpg 1024w, https:\/\/franciscanos.org.br\/noticias\/wp-content\/uploads\/2022\/06\/diacom_2606_5-768x516.jpg 768w, https:\/\/franciscanos.org.br\/noticias\/wp-content\/uploads\/2022\/06\/diacom_2606_5-150x101.jpg 150w\" sizes=\"(max-width: 1280px) 100vw, 1280px\" \/><\/p>\n<p>&#8220;\u00c9 isso que hoje celebramos: o desejo de cada um tem de se encontrar com o Senhor. Os benfeitores que saem de suas casas, para encontrar com o Senhor. N\u00e3o \u00e9 um mero passeio, mas nesta caminhada h\u00e1 uma possibilidade de nos encontrarmos com Deus atrav\u00e9s dos irm\u00e3os e das irm\u00e3s. Os nossos postulantes est\u00e3o nesta caminhada e, no dia a dia, percebem o quanto o cora\u00e7\u00e3o de cada um deles precisa de Deus para ser feliz. E os nossos vocacionados tamb\u00e9m est\u00e3o aqui buscando isso porque alguma coisa os deixa inquietos, algo faz falta para eles. O cora\u00e7\u00e3o est\u00e1 angustiado \u00e0 procura do Senhor&#8221;, disse Frei Robson.<\/p>\n<p>O coordenador do Pr\u00f3-Voca\u00e7\u00f5es destacou que esse encontro re\u00fane pessoas especiais no carisma franciscano: os benfeitores, os postulantes e os vocacionados. &#8220;\u00c9 um encontro privilegiado daqueles que ajudam, os benfeitores, e daqueles que s\u00e3o ajudados, os nossos postulantes e vocacionados. E os ajudados ajudam os benfeitores com suas ora\u00e7\u00f5es. Certamente, todas as nossas casas de forma\u00e7\u00e3o marcam as suas ora\u00e7\u00f5es nas inten\u00e7\u00f5es dos benfeitores. Por isso, hoje, todos n\u00f3s, frades, postulantes, vocacionados e benfeitores, estamos em casa. E \u00e9 nesse esp\u00edrito de familiaridade que queremos celebrar, juntos, este momento de encontro com o Senhor e nossos irm\u00e3os&#8221;, convidou Frei Robson.<\/p>\n<p><img loading=\"lazy\" class=\"alignnone wp-image-238678 size-full\" src=\"https:\/\/franciscanos.org.br\/noticias\/wp-content\/uploads\/2022\/06\/diacom_2606_2.jpg\" alt=\"\" width=\"1843\" height=\"1214\" srcset=\"https:\/\/franciscanos.org.br\/noticias\/wp-content\/uploads\/2022\/06\/diacom_2606_2.jpg 1640w, https:\/\/franciscanos.org.br\/noticias\/wp-content\/uploads\/2022\/06\/diacom_2606_2-450x296.jpg 450w, https:\/\/franciscanos.org.br\/noticias\/wp-content\/uploads\/2022\/06\/diacom_2606_2-1024x675.jpg 1024w, https:\/\/franciscanos.org.br\/noticias\/wp-content\/uploads\/2022\/06\/diacom_2606_2-768x506.jpg 768w, https:\/\/franciscanos.org.br\/noticias\/wp-content\/uploads\/2022\/06\/diacom_2606_2-1536x1012.jpg 1536w, https:\/\/franciscanos.org.br\/noticias\/wp-content\/uploads\/2022\/06\/diacom_2606_2-150x99.jpg 150w\" sizes=\"(max-width: 1843px) 100vw, 1843px\" \/><\/p>\n<p>O \u00faltimo evento dos benfeitores com Maria e Frei Galv\u00e3o foi em setembro de 2019. &#8220;Queridos benfeitores, n\u00f3s agradecemos muito o esfor\u00e7o que cada um fez nesta manh\u00e3 ao sair de sua casa para juntos celebrarmos esse encontro. Certamente, est\u00e1vamos ansiosos por este dia, para estar juntos e reunidos num mesmo carisma. Este carisma que o Esp\u00edrito derramou de forma abundante em Francisco de Assis, o carisma franciscano, e que derramou tamb\u00e9m a sua medida necess\u00e1ria na vida de cada um de n\u00f3s. \u00c9 esse esp\u00edrito, \u00e9 esse dom, esse carisma, que n\u00f3s somos portadores nesta manh\u00e3. \u00c9 bom estarmos juntos reunidos por este mesmo esp\u00edrito&#8221;, agradeceu.<\/p>\n<p>&#8220;Que ao celebrarmos esta festa do Imaculado Cora\u00e7\u00e3o de Maria possamos tamb\u00e9m, sempre mais, dizer: Dai-me a gra\u00e7a de perceber o quanto estais pr\u00f3ximo de mim e, quando meu cora\u00e7\u00e3o tiver a tenta\u00e7\u00e3o de ser preenchido por tantas coisas que n\u00e3o d\u00e3o sentido \u00e0 vida, dai-me a gra\u00e7a de perceber que todas elas s\u00e3o passageiras e s\u00f3 v\u00f3s, Senhor Deus, basta para a minha vida&#8221;, pediu o frade.<\/p>\n<p><img loading=\"lazy\" class=\"alignnone wp-image-238679 size-full\" src=\"https:\/\/franciscanos.org.br\/noticias\/wp-content\/uploads\/2022\/06\/diacom_2606_8.jpg\" alt=\"\" width=\"1290\" height=\"860\" srcset=\"https:\/\/franciscanos.org.br\/noticias\/wp-content\/uploads\/2022\/06\/diacom_2606_8.jpg 1290w, https:\/\/franciscanos.org.br\/noticias\/wp-content\/uploads\/2022\/06\/diacom_2606_8-450x300.jpg 450w, https:\/\/franciscanos.org.br\/noticias\/wp-content\/uploads\/2022\/06\/diacom_2606_8-1024x683.jpg 1024w, https:\/\/franciscanos.org.br\/noticias\/wp-content\/uploads\/2022\/06\/diacom_2606_8-768x512.jpg 768w, https:\/\/franciscanos.org.br\/noticias\/wp-content\/uploads\/2022\/06\/diacom_2606_8-150x100.jpg 150w\" sizes=\"(max-width: 1290px) 100vw, 1290px\" \/><\/p>\n\n\t\t<style type=\"text\/css\">\n\t\t\t#gallery-2 {\n\t\t\t\tmargin: auto;\n\t\t\t}\n\t\t\t#gallery-2 .gallery-item {\n\t\t\t\tfloat: left;\n\t\t\t\tmargin-top: 10px;\n\t\t\t\ttext-align: center;\n\t\t\t\twidth: 14%;\n\t\t\t}\n\t\t\t#gallery-2 img {\n\t\t\t\tborder: 2px solid #cfcfcf;\n\t\t\t}\n\t\t\t#gallery-2 .gallery-caption {\n\t\t\t\tmargin-left: 0;\n\t\t\t}\n\t\t\t\/* see gallery_shortcode() in wp-includes\/media.php *\/\n\t\t<\/style>\n\t\t<div id='gallery-2' class='gallery galleryid-238667 gallery-columns-7 gallery-size-thumbnail'><dl class='gallery-item'>\n\t\t\t<dt class='gallery-icon landscape'>\n\t\t\t\t<a href='https:\/\/franciscanos.org.br\/noticias\/wp-content\/uploads\/2022\/06\/dia_10.jpg'><img width=\"300\" height=\"300\" src=\"https:\/\/franciscanos.org.br\/noticias\/wp-content\/uploads\/2022\/06\/dia_10-300x300.jpg\" class=\"attachment-thumbnail size-thumbnail\" alt=\"\" loading=\"lazy\" srcset=\"https:\/\/franciscanos.org.br\/noticias\/wp-content\/uploads\/2022\/06\/dia_10-300x300.jpg 300w, https:\/\/franciscanos.org.br\/noticias\/wp-content\/uploads\/2022\/06\/dia_10-100x100.jpg 100w\" sizes=\"(max-width: 300px) 100vw, 300px\" \/><\/a>\n\t\t\t<\/dt><\/dl><dl class='gallery-item'>\n\t\t\t<dt class='gallery-icon landscape'>\n\t\t\t\t<a href='https:\/\/franciscanos.org.br\/noticias\/wp-content\/uploads\/2022\/06\/dia_11.jpg'><img width=\"300\" height=\"300\" src=\"https:\/\/franciscanos.org.br\/noticias\/wp-content\/uploads\/2022\/06\/dia_11-300x300.jpg\" class=\"attachment-thumbnail size-thumbnail\" alt=\"\" loading=\"lazy\" srcset=\"https:\/\/franciscanos.org.br\/noticias\/wp-content\/uploads\/2022\/06\/dia_11-300x300.jpg 300w, https:\/\/franciscanos.org.br\/noticias\/wp-content\/uploads\/2022\/06\/dia_11-100x100.jpg 100w\" sizes=\"(max-width: 300px) 100vw, 300px\" \/><\/a>\n\t\t\t<\/dt><\/dl><dl class='gallery-item'>\n\t\t\t<dt class='gallery-icon landscape'>\n\t\t\t\t<a href='https:\/\/franciscanos.org.br\/noticias\/wp-content\/uploads\/2022\/06\/dia_12.jpg'><img width=\"300\" height=\"300\" src=\"https:\/\/franciscanos.org.br\/noticias\/wp-content\/uploads\/2022\/06\/dia_12-300x300.jpg\" class=\"attachment-thumbnail size-thumbnail\" alt=\"\" loading=\"lazy\" srcset=\"https:\/\/franciscanos.org.br\/noticias\/wp-content\/uploads\/2022\/06\/dia_12-300x300.jpg 300w, https:\/\/franciscanos.org.br\/noticias\/wp-content\/uploads\/2022\/06\/dia_12-100x100.jpg 100w\" sizes=\"(max-width: 300px) 100vw, 300px\" \/><\/a>\n\t\t\t<\/dt><\/dl><dl class='gallery-item'>\n\t\t\t<dt class='gallery-icon landscape'>\n\t\t\t\t<a href='https:\/\/franciscanos.org.br\/noticias\/wp-content\/uploads\/2022\/06\/dia_13.jpg'><img width=\"300\" height=\"300\" src=\"https:\/\/franciscanos.org.br\/noticias\/wp-content\/uploads\/2022\/06\/dia_13-300x300.jpg\" class=\"attachment-thumbnail size-thumbnail\" alt=\"\" loading=\"lazy\" srcset=\"https:\/\/franciscanos.org.br\/noticias\/wp-content\/uploads\/2022\/06\/dia_13-300x300.jpg 300w, https:\/\/franciscanos.org.br\/noticias\/wp-content\/uploads\/2022\/06\/dia_13-100x100.jpg 100w\" sizes=\"(max-width: 300px) 100vw, 300px\" \/><\/a>\n\t\t\t<\/dt><\/dl><dl class='gallery-item'>\n\t\t\t<dt class='gallery-icon landscape'>\n\t\t\t\t<a href='https:\/\/franciscanos.org.br\/noticias\/wp-content\/uploads\/2022\/06\/dia_14.jpg'><img width=\"300\" height=\"300\" src=\"https:\/\/franciscanos.org.br\/noticias\/wp-content\/uploads\/2022\/06\/dia_14-300x300.jpg\" class=\"attachment-thumbnail size-thumbnail\" alt=\"\" loading=\"lazy\" srcset=\"https:\/\/franciscanos.org.br\/noticias\/wp-content\/uploads\/2022\/06\/dia_14-300x300.jpg 300w, https:\/\/franciscanos.org.br\/noticias\/wp-content\/uploads\/2022\/06\/dia_14-100x100.jpg 100w\" sizes=\"(max-width: 300px) 100vw, 300px\" \/><\/a>\n\t\t\t<\/dt><\/dl><dl class='gallery-item'>\n\t\t\t<dt class='gallery-icon landscape'>\n\t\t\t\t<a href='https:\/\/franciscanos.org.br\/noticias\/wp-content\/uploads\/2022\/06\/dia_15.jpg'><img width=\"300\" height=\"300\" src=\"https:\/\/franciscanos.org.br\/noticias\/wp-content\/uploads\/2022\/06\/dia_15-300x300.jpg\" class=\"attachment-thumbnail size-thumbnail\" alt=\"\" loading=\"lazy\" srcset=\"https:\/\/franciscanos.org.br\/noticias\/wp-content\/uploads\/2022\/06\/dia_15-300x300.jpg 300w, https:\/\/franciscanos.org.br\/noticias\/wp-content\/uploads\/2022\/06\/dia_15-100x100.jpg 100w\" sizes=\"(max-width: 300px) 100vw, 300px\" \/><\/a>\n\t\t\t<\/dt><\/dl><dl class='gallery-item'>\n\t\t\t<dt class='gallery-icon landscape'>\n\t\t\t\t<a href='https:\/\/franciscanos.org.br\/noticias\/wp-content\/uploads\/2022\/06\/dia_16.jpg'><img width=\"300\" height=\"300\" src=\"https:\/\/franciscanos.org.br\/noticias\/wp-content\/uploads\/2022\/06\/dia_16-300x300.jpg\" class=\"attachment-thumbnail size-thumbnail\" alt=\"\" loading=\"lazy\" srcset=\"https:\/\/franciscanos.org.br\/noticias\/wp-content\/uploads\/2022\/06\/dia_16-300x300.jpg 300w, https:\/\/franciscanos.org.br\/noticias\/wp-content\/uploads\/2022\/06\/dia_16-100x100.jpg 100w\" sizes=\"(max-width: 300px) 100vw, 300px\" \/><\/a>\n\t\t\t<\/dt><\/dl><br style=\"clear: both\" \/>\n\t\t<\/div>\n\n<p>Do Santu\u00e1rio, os benfeitores seguiram para outra Fraternidade Franciscana, a mais antiga da Prov\u00edncia com o t\u00edtulo em homenagem ao santo brasileiro: o Semin\u00e1rio Frei Galv\u00e3o. Ali, foram acolhidos pela Fraternidade do Semin\u00e1rio, puderam saborear um delicioso almo\u00e7o e conheceram a etapa do Postulantado, onde nove jovens se preparam para ingressar no Noviciado no ano que vem.<\/p>\n<p>Nesta casa, al\u00e9m das atividades desta etapa formativa, como a ora\u00e7\u00e3o pessoal e comunit\u00e1ria, aulas, trabalhos, retiros, leitura orante da Palavra, os postulantes fazem atendimento aos romeiros de Frei Galv\u00e3o que v\u00eam de todo o Brasil.<\/p>\n<p>Neste s\u00e1bado, os benfeitores puderam conhecer um espa\u00e7o do Semin\u00e1rio com tr\u00eas exposi\u00e7\u00f5es: a Exposi\u00e7\u00e3o Internacional de Pres\u00e9pios (contendo pe\u00e7as de mais de 20 pa\u00edses); a Exposi\u00e7\u00e3o Franciscana (com dezenas de representa\u00e7\u00f5es de S\u00e3o Francisco de Assis); e a nova Exposi\u00e7\u00e3o Mariana, com 80 t\u00edtulos e imagens de Nossa Senhora. Tamb\u00e9m esta casa de forma\u00e7\u00e3o tem no seu entorno a Gruta de Nossa Senhora de Lourdes; a imagem de Nossa Senhora de F\u00e1tima (mais de 10m \u2013 3\u00aa maior do mundo); a Via-Sacra Franciscana; o Mausol\u00e9u Franciscano. No claustro, com canto gregoriano e banners que relatam a hist\u00f3ria de vida, canoniza\u00e7\u00e3o e alguns milagres de Frei Galv\u00e3o, os romeiros podem descansar, rezar, contemplar e conhecer o Bazar de Artigos Religiosos.<\/p>\n<p>Frei Alexandre Rohling explicou que a Exposi\u00e7\u00e3o Mariana \u00e9 composta por 80 imagens de Nossa Senhora que foram selecionadas de um total de 200.<\/p>\n<p><img loading=\"lazy\" class=\"alignnone wp-image-238681 size-full\" src=\"https:\/\/franciscanos.org.br\/noticias\/wp-content\/uploads\/2022\/06\/diacom_2606_4.jpg\" alt=\"\" width=\"1200\" height=\"1600\" srcset=\"https:\/\/franciscanos.org.br\/noticias\/wp-content\/uploads\/2022\/06\/diacom_2606_4.jpg 810w, https:\/\/franciscanos.org.br\/noticias\/wp-content\/uploads\/2022\/06\/diacom_2606_4-338x450.jpg 338w, https:\/\/franciscanos.org.br\/noticias\/wp-content\/uploads\/2022\/06\/diacom_2606_4-768x1024.jpg 768w, https:\/\/franciscanos.org.br\/noticias\/wp-content\/uploads\/2022\/06\/diacom_2606_4-1152x1536.jpg 1152w, https:\/\/franciscanos.org.br\/noticias\/wp-content\/uploads\/2022\/06\/diacom_2606_4-150x200.jpg 150w\" sizes=\"(max-width: 1200px) 100vw, 1200px\" \/><\/p>\n<p>O terceiro destino dos romeiros foi o encontro com a M\u00e3e Maria. Para isso, os romeiros benfeitores ficaram livres para fazer suas ora\u00e7\u00f5es e passeios pelo Santu\u00e1rio Nacional, especialmente diante da imagem de Nossa Senhora Aparecida, a mesma que foi retirada do Rio Para\u00edba em 1717 e repousa em um trono localizado na Nave Sul da Bas\u00edlica. Para esta devo\u00e7\u00e3o, os benfeitores subiram um aclive e, em pequenas filas, puderam chegar o mais perto poss\u00edvel da Padroeira do Brasil.<\/p>\n<p>Foi uma oportunidade tamb\u00e9m para conhecer a nova fachada do Santu\u00e1rio Nacional, feita em mosaico com cenas b\u00edblicas do livro do \u00caxodo. Esse \u00e9 o primeiro de quatro mosaicos e que come\u00e7ou a ser montado em 2019. A obra \u00e9 assinada pelo padre Marko Ivan Rupnik, da Eslov\u00eania, que tem mais de 200 obras em mosaico pelo mundo todo, entre elas as dos santu\u00e1rios marianos de F\u00e1tima e de Lourdes e da Igreja de S\u00e3o Pio de Pietrelcina, em San Giovanni Rotondo, na It\u00e1lia.<\/p>\n<p><img loading=\"lazy\" class=\"alignnone wp-image-238680 size-full\" src=\"https:\/\/franciscanos.org.br\/noticias\/wp-content\/uploads\/2022\/06\/diacom_2606_9.jpg\" alt=\"\" width=\"1200\" height=\"763\" srcset=\"https:\/\/franciscanos.org.br\/noticias\/wp-content\/uploads\/2022\/06\/diacom_2606_9.jpg 1200w, https:\/\/franciscanos.org.br\/noticias\/wp-content\/uploads\/2022\/06\/diacom_2606_9-450x286.jpg 450w, https:\/\/franciscanos.org.br\/noticias\/wp-content\/uploads\/2022\/06\/diacom_2606_9-1024x651.jpg 1024w, https:\/\/franciscanos.org.br\/noticias\/wp-content\/uploads\/2022\/06\/diacom_2606_9-768x488.jpg 768w, https:\/\/franciscanos.org.br\/noticias\/wp-content\/uploads\/2022\/06\/diacom_2606_9-150x95.jpg 150w\" sizes=\"(max-width: 1200px) 100vw, 1200px\" \/><\/p>\n<p>O dia terminou com as b\u00ean\u00e7\u00e3os e pedidos de intercess\u00e3o da M\u00e3e de Deus e Frei Galv\u00e3o. &#8220;O que colhemos deste dia \u00e9 a certeza de que o carisma franciscano, derramado abundantemente em todos os irm\u00e3os e irm\u00e3s, \u00e9 o que nos une nesta caminhada e nos ajuda a melhor cumprir a miss\u00e3o que nos foi confiada. Agradecemos a Deus por este momento, aos benfeitores por estarem juntos conosco, aos confrades de Santu\u00e1rio Frei Galv\u00e3o e do Postulantado por dedicarem um olhar atencioso e acolhedor neste dia para conosco. Que Deus nos d\u00ea a gra\u00e7a de, em breve, estarmos juntos novamente&#8221;, concluiu Frei Robson.<\/p>\n<p>Para saber mais sobre o <strong>Pr\u00f3-Voca\u00e7\u00f5es e Miss\u00f5es Franciscanas<\/strong>, <a href=\"https:\/\/franciscanos.org.br\/vocacional\/pvf\/#gsc.tab=0\">CLIQUE AQUI.<\/a><\/p>\n<hr \/>\n<p><em>Comunica\u00e7\u00e3o da Prov\u00edncia da Imaculada Concei\u00e7\u00e3o<\/em><\/p>\n","protected":false},"excerpt":{"rendered":"<p>&#8220;Dia com Maria e Frei Galv\u00e3o&#8221;<\/p>\n","protected":false},"author":3,"featured_media":238668,"comment_status":"open","ping_status":"open","sticky":false,"template":"","format":"standard","meta":[],"categories":[1],"tags":[2039],"acf":[],"yoast_head":"<!-- This site is optimized with the Yoast SEO plugin v19.2 - https:\/\/yoast.com\/wordpress\/plugins\/seo\/ -->\n<title>Com Maria e Frei Galv\u00e3o, a vida est\u00e1 voltando ao normal - Not\u00edcias - Franciscanos<\/title>\n<meta name=\"robots\" content=\"index, follow, max-snippet:-1, max-image-preview:large, max-video-preview:-1\" \/>\n<link rel=\"canonical\" href=\"https:\/\/franciscanos.org.br\/noticias\/com-maria-e-frei-galvao-a-vida-esta-voltando-ao-normal.html\" \/>\n<meta property=\"og:locale\" content=\"pt_BR\" \/>\n<meta property=\"og:type\" content=\"article\" \/>\n<meta property=\"og:title\" content=\"Com Maria e Frei Galv\u00e3o, a vida est\u00e1 voltando ao normal - Not\u00edcias - Franciscanos\" \/>\n<meta property=\"og:description\" content=\"&quot;Dia com Maria e Frei Galv\u00e3o&quot;\" \/>\n<meta property=\"og:url\" content=\"https:\/\/franciscanos.org.br\/noticias\/com-maria-e-frei-galvao-a-vida-esta-voltando-ao-normal.html\" \/>\n<meta property=\"og:site_name\" content=\"Not\u00edcias - Franciscanos\" \/>\n<meta property=\"article:published_time\" content=\"2022-06-26T11:38:23+00:00\" \/>\n<meta property=\"article:modified_time\" content=\"2023-01-03T16:40:22+00:00\" \/>\n<meta property=\"og:image\" content=\"https:\/\/franciscanos.org.br\/noticias\/wp-content\/uploads\/2022\/06\/diacom_2606.jpg\" \/>\n\t<meta property=\"og:image:width\" content=\"1280\" \/>\n\t<meta property=\"og:image:height\" content=\"720\" \/>\n\t<meta property=\"og:image:type\" content=\"image\/jpeg\" \/>\n<meta name=\"author\" content=\"moacir\" \/>\n<meta name=\"twitter:card\" content=\"summary_large_image\" \/>\n<meta name=\"twitter:label1\" content=\"Escrito por\" \/>\n\t<meta name=\"twitter:data1\" content=\"moacir\" \/>\n\t<meta name=\"twitter:label2\" content=\"Est. tempo de leitura\" \/>\n\t<meta name=\"twitter:data2\" content=\"7 minutos\" \/>\n<script type=\"application\/ld+json\" class=\"yoast-schema-graph\">{\"@context\":\"https:\/\/schema.org\",\"@graph\":[{\"@type\":\"WebSite\",\"@id\":\"https:\/\/franciscanos.org.br\/noticias\/#website\",\"url\":\"https:\/\/franciscanos.org.br\/noticias\/\",\"name\":\"Not\u00edcias - Franciscanos\",\"description\":\"Prov\u00edncia Franciscana da Imaculada Concei\u00e7\u00e3o do Brasil - Ordem dos Frades Menores - OFM\",\"potentialAction\":[{\"@type\":\"SearchAction\",\"target\":{\"@type\":\"EntryPoint\",\"urlTemplate\":\"https:\/\/franciscanos.org.br\/noticias\/?s={search_term_string}\"},\"query-input\":\"required name=search_term_string\"}],\"inLanguage\":\"pt-BR\"},{\"@type\":\"ImageObject\",\"inLanguage\":\"pt-BR\",\"@id\":\"https:\/\/franciscanos.org.br\/noticias\/com-maria-e-frei-galvao-a-vida-esta-voltando-ao-normal.html#primaryimage\",\"url\":\"https:\/\/franciscanos.org.br\/noticias\/wp-content\/uploads\/2022\/06\/diacom_2606.jpg\",\"contentUrl\":\"https:\/\/franciscanos.org.br\/noticias\/wp-content\/uploads\/2022\/06\/diacom_2606.jpg\",\"width\":1280,\"height\":720},{\"@type\":\"WebPage\",\"@id\":\"https:\/\/franciscanos.org.br\/noticias\/com-maria-e-frei-galvao-a-vida-esta-voltando-ao-normal.html#webpage\",\"url\":\"https:\/\/franciscanos.org.br\/noticias\/com-maria-e-frei-galvao-a-vida-esta-voltando-ao-normal.html\",\"name\":\"Com Maria e Frei Galv\u00e3o, a vida est\u00e1 voltando ao normal - Not\u00edcias - Franciscanos\",\"isPartOf\":{\"@id\":\"https:\/\/franciscanos.org.br\/noticias\/#website\"},\"primaryImageOfPage\":{\"@id\":\"https:\/\/franciscanos.org.br\/noticias\/com-maria-e-frei-galvao-a-vida-esta-voltando-ao-normal.html#primaryimage\"},\"datePublished\":\"2022-06-26T11:38:23+00:00\",\"dateModified\":\"2023-01-03T16:40:22+00:00\",\"author\":{\"@id\":\"https:\/\/franciscanos.org.br\/noticias\/#\/schema\/person\/b5c8cba458c330ccff548b056e95a5d4\"},\"breadcrumb\":{\"@id\":\"https:\/\/franciscanos.org.br\/noticias\/com-maria-e-frei-galvao-a-vida-esta-voltando-ao-normal.html#breadcrumb\"},\"inLanguage\":\"pt-BR\",\"potentialAction\":[{\"@type\":\"ReadAction\",\"target\":[\"https:\/\/franciscanos.org.br\/noticias\/com-maria-e-frei-galvao-a-vida-esta-voltando-ao-normal.html\"]}]},{\"@type\":\"BreadcrumbList\",\"@id\":\"https:\/\/franciscanos.org.br\/noticias\/com-maria-e-frei-galvao-a-vida-esta-voltando-ao-normal.html#breadcrumb\",\"itemListElement\":[{\"@type\":\"ListItem\",\"position\":1,\"name\":\"Home\",\"item\":\"https:\/\/franciscanos.org.br\/noticias\"},{\"@type\":\"ListItem\",\"position\":2,\"name\":\"Com Maria e Frei Galv\u00e3o, a vida est\u00e1 voltando ao normal\"}]},{\"@type\":\"Person\",\"@id\":\"https:\/\/franciscanos.org.br\/noticias\/#\/schema\/person\/b5c8cba458c330ccff548b056e95a5d4\",\"name\":\"moacir\",\"image\":{\"@type\":\"ImageObject\",\"inLanguage\":\"pt-BR\",\"@id\":\"https:\/\/franciscanos.org.br\/noticias\/#\/schema\/person\/image\/\",\"url\":\"https:\/\/secure.gravatar.com\/avatar\/d08aa2ce4c8dd416d4479aa8536fcf64?s=96&d=mm&r=g\",\"contentUrl\":\"https:\/\/secure.gravatar.com\/avatar\/d08aa2ce4c8dd416d4479aa8536fcf64?s=96&d=mm&r=g\",\"caption\":\"moacir\"},\"url\":\"https:\/\/franciscanos.org.br\/noticias\/author\/moacir\"}]}<\/script>\n<!-- \/ Yoast SEO plugin. -->","yoast_head_json":{"title":"Com Maria e Frei Galv\u00e3o, a vida est\u00e1 voltando ao normal - Not\u00edcias - Franciscanos","robots":{"index":"index","follow":"follow","max-snippet":"max-snippet:-1","max-image-preview":"max-image-preview:large","max-video-preview":"max-video-preview:-1"},"canonical":"https:\/\/franciscanos.org.br\/noticias\/com-maria-e-frei-galvao-a-vida-esta-voltando-ao-normal.html","og_locale":"pt_BR","og_type":"article","og_title":"Com Maria e Frei Galv\u00e3o, a vida est\u00e1 voltando ao normal - Not\u00edcias - Franciscanos","og_description":"\"Dia com Maria e Frei Galv\u00e3o\"","og_url":"https:\/\/franciscanos.org.br\/noticias\/com-maria-e-frei-galvao-a-vida-esta-voltando-ao-normal.html","og_site_name":"Not\u00edcias - Franciscanos","article_published_time":"2022-06-26T11:38:23+00:00","article_modified_time":"2023-01-03T16:40:22+00:00","og_image":[{"width":1280,"height":720,"url":"https:\/\/franciscanos.org.br\/noticias\/wp-content\/uploads\/2022\/06\/diacom_2606.jpg","type":"image\/jpeg"}],"author":"moacir","twitter_card":"summary_large_image","twitter_misc":{"Escrito por":"moacir","Est. tempo de leitura":"7 minutos"},"schema":{"@context":"https:\/\/schema.org","@graph":[{"@type":"WebSite","@id":"https:\/\/franciscanos.org.br\/noticias\/#website","url":"https:\/\/franciscanos.org.br\/noticias\/","name":"Not\u00edcias - Franciscanos","description":"Prov\u00edncia Franciscana da Imaculada Concei\u00e7\u00e3o do Brasil - Ordem dos Frades Menores - OFM","potentialAction":[{"@type":"SearchAction","target":{"@type":"EntryPoint","urlTemplate":"https:\/\/franciscanos.org.br\/noticias\/?s={search_term_string}"},"query-input":"required name=search_term_string"}],"inLanguage":"pt-BR"},{"@type":"ImageObject","inLanguage":"pt-BR","@id":"https:\/\/franciscanos.org.br\/noticias\/com-maria-e-frei-galvao-a-vida-esta-voltando-ao-normal.html#primaryimage","url":"https:\/\/franciscanos.org.br\/noticias\/wp-content\/uploads\/2022\/06\/diacom_2606.jpg","contentUrl":"https:\/\/franciscanos.org.br\/noticias\/wp-content\/uploads\/2022\/06\/diacom_2606.jpg","width":1280,"height":720},{"@type":"WebPage","@id":"https:\/\/franciscanos.org.br\/noticias\/com-maria-e-frei-galvao-a-vida-esta-voltando-ao-normal.html#webpage","url":"https:\/\/franciscanos.org.br\/noticias\/com-maria-e-frei-galvao-a-vida-esta-voltando-ao-normal.html","name":"Com Maria e Frei Galv\u00e3o, a vida est\u00e1 voltando ao normal - Not\u00edcias - Franciscanos","isPartOf":{"@id":"https:\/\/franciscanos.org.br\/noticias\/#website"},"primaryImageOfPage":{"@id":"https:\/\/franciscanos.org.br\/noticias\/com-maria-e-frei-galvao-a-vida-esta-voltando-ao-normal.html#primaryimage"},"datePublished":"2022-06-26T11:38:23+00:00","dateModified":"2023-01-03T16:40:22+00:00","author":{"@id":"https:\/\/franciscanos.org.br\/noticias\/#\/schema\/person\/b5c8cba458c330ccff548b056e95a5d4"},"breadcrumb":{"@id":"https:\/\/franciscanos.org.br\/noticias\/com-maria-e-frei-galvao-a-vida-esta-voltando-ao-normal.html#breadcrumb"},"inLanguage":"pt-BR","potentialAction":[{"@type":"ReadAction","target":["https:\/\/franciscanos.org.br\/noticias\/com-maria-e-frei-galvao-a-vida-esta-voltando-ao-normal.html"]}]},{"@type":"BreadcrumbList","@id":"https:\/\/franciscanos.org.br\/noticias\/com-maria-e-frei-galvao-a-vida-esta-voltando-ao-normal.html#breadcrumb","itemListElement":[{"@type":"ListItem","position":1,"name":"Home","item":"https:\/\/franciscanos.org.br\/noticias"},{"@type":"ListItem","position":2,"name":"Com Maria e Frei Galv\u00e3o, a vida est\u00e1 voltando ao normal"}]},{"@type":"Person","@id":"https:\/\/franciscanos.org.br\/noticias\/#\/schema\/person\/b5c8cba458c330ccff548b056e95a5d4","name":"moacir","image":{"@type":"ImageObject","inLanguage":"pt-BR","@id":"https:\/\/franciscanos.org.br\/noticias\/#\/schema\/person\/image\/","url":"https:\/\/secure.gravatar.com\/avatar\/d08aa2ce4c8dd416d4479aa8536fcf64?s=96&d=mm&r=g","contentUrl":"https:\/\/secure.gravatar.com\/avatar\/d08aa2ce4c8dd416d4479aa8536fcf64?s=96&d=mm&r=g","caption":"moacir"},"url":"https:\/\/franciscanos.org.br\/noticias\/author\/moacir"}]}},"_links":{"self":[{"href":"https:\/\/franciscanos.org.br\/noticias\/wp-json\/wp\/v2\/posts\/238667"}],"collection":[{"href":"https:\/\/franciscanos.org.br\/noticias\/wp-json\/wp\/v2\/posts"}],"about":[{"href":"https:\/\/franciscanos.org.br\/noticias\/wp-json\/wp\/v2\/types\/post"}],"author":[{"embeddable":true,"href":"https:\/\/franciscanos.org.br\/noticias\/wp-json\/wp\/v2\/users\/3"}],"replies":[{"embeddable":true,"href":"https:\/\/franciscanos.org.br\/noticias\/wp-json\/wp\/v2\/comments?post=238667"}],"version-history":[{"count":2,"href":"https:\/\/franciscanos.org.br\/noticias\/wp-json\/wp\/v2\/posts\/238667\/revisions"}],"predecessor-version":[{"id":241500,"href":"https:\/\/franciscanos.org.br\/noticias\/wp-json\/wp\/v2\/posts\/238667\/revisions\/241500"}],"wp:featuredmedia":[{"embeddable":true,"href":"https:\/\/franciscanos.org.br\/noticias\/wp-json\/wp\/v2\/media\/238668"}],"wp:attachment":[{"href":"https:\/\/franciscanos.org.br\/noticias\/wp-json\/wp\/v2\/media?parent=238667"}],"wp:term":[{"taxonomy":"category","embeddable":true,"href":"https:\/\/franciscanos.org.br\/noticias\/wp-json\/wp\/v2\/categories?post=238667"},{"taxonomy":"post_tag","embeddable":true,"href":"https:\/\/franciscanos.org.br\/noticias\/wp-json\/wp\/v2\/tags?post=238667"}],"curies":[{"name":"wp","href":"https:\/\/api.w.org\/{rel}","templated":true}]}}