{"id":238646,"date":"2022-06-25T22:16:01","date_gmt":"2022-06-26T01:16:01","guid":{"rendered":"https:\/\/franciscanos.org.br\/noticias\/?p=238646"},"modified":"2022-06-26T16:19:51","modified_gmt":"2022-06-26T19:19:51","slug":"coro-de-camara-canarinhos-de-petropolis-apresenta-concerto-no-instituto-de-cultura","status":"publish","type":"post","link":"https:\/\/franciscanos.org.br\/noticias\/coro-de-camara-canarinhos-de-petropolis-apresenta-concerto-no-instituto-de-cultura.html","title":{"rendered":"Coro de C\u00e2mara Canarinhos de Petr\u00f3polis apresenta Concerto no Instituto de Cultura"},"content":{"rendered":"<p><img loading=\"lazy\" class=\"alignnone wp-image-238648 size-full\" src=\"https:\/\/franciscanos.org.br\/noticias\/wp-content\/uploads\/2022\/06\/concerto_250622_2.jpg\" alt=\"\" width=\"1280\" height=\"750\" srcset=\"https:\/\/franciscanos.org.br\/noticias\/wp-content\/uploads\/2022\/06\/concerto_250622_2.jpg 1280w, https:\/\/franciscanos.org.br\/noticias\/wp-content\/uploads\/2022\/06\/concerto_250622_2-450x264.jpg 450w, https:\/\/franciscanos.org.br\/noticias\/wp-content\/uploads\/2022\/06\/concerto_250622_2-1024x600.jpg 1024w, https:\/\/franciscanos.org.br\/noticias\/wp-content\/uploads\/2022\/06\/concerto_250622_2-768x450.jpg 768w, https:\/\/franciscanos.org.br\/noticias\/wp-content\/uploads\/2022\/06\/concerto_250622_2-150x88.jpg 150w\" sizes=\"(max-width: 1280px) 100vw, 1280px\" \/><\/p>\n<p style=\"font-weight: 400;\"><strong>Petr\u00f3polis (RJ) \u2013<\/strong> A \u201cCasa de Petr\u00f3polis Instituto de Cultura\u201d foi anfitri\u00e3 do Concerto do Coro de C\u00e2mara Canarinhos de Petr\u00f3polis, neste s\u00e1bado (25\/06), \u00e0s 18 horas. O mais novo coral do Instituto dos Meninos Cantores tem em sua forma\u00e7\u00e3o jovens coralistas oriundos do Coral dos Canarinhos e Coral das Meninas dos Canarinhos e foi fundado em 2021, fruto da pandemia.<\/p>\n<p style=\"font-weight: 400;\">O programa do concerto contemplou obras da m\u00fasica popular brasileira e do pop internacional, al\u00e9m de can\u00e7\u00f5es cl\u00e1ssicas como \u201cConversa de botequim\u201d de Noel Rosa <span style=\"color: #000000;\"><strong>(<a style=\"color: #000000;\" href=\"https:\/\/youtu.be\/d_6j9I74b-E\" target=\"_blank\" rel=\"noopener\">CLIQUE E ASSISTA<\/a>)<\/strong><\/span> e \u201cCantiga de roda\/Nesta Rua\u201d com arranjo de Carlos A. P. Fonseca. Tamb\u00e9m deu destaque para m\u00fasicas modernas como a de Michael Jackson \u201cHeal the world\u201d (<a href=\"https:\/\/youtu.be\/tvLAPMMVIqU\" target=\"_blank\" rel=\"noopener\"><strong><span style=\"color: #000000;\">CLIQUE E ASSISTA<\/span><\/strong><\/a>) e \u201cYour Song\u201d de Elton John.<\/p>\n<p style=\"font-weight: 400;\">Na abertura do evento, a Diretora Executiva do Instituto de Cultura, Rachel Wider, acolheu a todos e falou da alegria em receber os jovens coralistas e o p\u00fablico que lotou a sala da Casa. \u201cA gente tem muito orgulho de receber o Coro de C\u00e2mara Canarinhos de Petr\u00f3polis\u201d, disse. Explicou que o im\u00f3vel que abriga a \u201cCasa de Petr\u00f3polis\u201d guarda um passado memor\u00e1vel desde o in\u00edcio de sua constru\u00e7\u00e3o em 1879. Segundo ela, seu propriet\u00e1rio, Jos\u00e9 Tavares Guerra, que havia passado seus anos de estudo na Europa, idealizou sua resid\u00eancia unindo a beleza dos estilos europeus com as modernidades que come\u00e7avam a surgir no final do s\u00e9culo XIX.<\/p>\n<p><img loading=\"lazy\" class=\"alignnone wp-image-238647 size-full\" src=\"https:\/\/franciscanos.org.br\/noticias\/wp-content\/uploads\/2022\/06\/concerto_250622.jpg\" alt=\"\" width=\"1280\" height=\"750\" srcset=\"https:\/\/franciscanos.org.br\/noticias\/wp-content\/uploads\/2022\/06\/concerto_250622.jpg 1280w, https:\/\/franciscanos.org.br\/noticias\/wp-content\/uploads\/2022\/06\/concerto_250622-450x264.jpg 450w, https:\/\/franciscanos.org.br\/noticias\/wp-content\/uploads\/2022\/06\/concerto_250622-1024x600.jpg 1024w, https:\/\/franciscanos.org.br\/noticias\/wp-content\/uploads\/2022\/06\/concerto_250622-768x450.jpg 768w, https:\/\/franciscanos.org.br\/noticias\/wp-content\/uploads\/2022\/06\/concerto_250622-150x88.jpg 150w\" sizes=\"(max-width: 1280px) 100vw, 1280px\" \/><\/p>\n<p style=\"font-weight: 400;\">\u201cA sensibilidade que permeia a casa vai al\u00e9m da beleza dos c\u00f4modos. A tradi\u00e7\u00e3o musical da fam\u00edlia remonta a Julia da Fonseca Guimar\u00e3es, casada com Jos\u00e9 Tavares Guerra. Durante a juventude ela e suas irm\u00e3s haviam estudado na Fran\u00e7a com o grande compositor e organista C\u00e9sar Franck. De volta ao Brasil, tornou o canto acompanhado de piano um h\u00e1bito de sua fam\u00edlia. A tradi\u00e7\u00e3o e a paix\u00e3o pela m\u00fasica continuaram atrav\u00e9s de sua neta J\u00falia Adriana, que era igualmente ex\u00edmia pianista. J\u00falia Adriana fez o curso de piano em tr\u00eas anos, graduando-se em primeiro lugar. Aperfei\u00e7oou-se com Margu\u00e9rite Long, com Francisco Mignone e com Heitor Villa-Lobos, de quem era amiga e int\u00e9rprete por excel\u00eancia. Foi tamb\u00e9m fundadora da Associa\u00e7\u00e3o de Canto Coral\u201d, destacou. \u201cA Casa de Petr\u00f3polis pretende honrar com suas atividades o pioneirismo, a beleza e a sensibilidade que fazem parte da hist\u00f3ria do im\u00f3vel e da fam\u00edlia que nele viveu\u201d, revelou Rachel.<\/p>\n<p style=\"font-weight: 400;\">Na sequ\u00eancia, convidou os coralistas e o maestro, Marco Aur\u00e9lio Lischt, para comporem o bel\u00edssimo cen\u00e1rio da Casa, um patrim\u00f4nio do povo petropolitano. Por sua vez, Lischt tamb\u00e9m manifestou a satisfa\u00e7\u00e3o de se fazer presente neste evento cultural. Explicou que o Coro de C\u00e2mara nasceu durante a pandemia com a necessidade de expandir o repert\u00f3rio e apresentar can\u00e7\u00f5es mais diferenciadas com o p\u00fablico juvenil, que atualmente \u00e9 formado por 16 vozes.<\/p>\n<p style=\"font-weight: 400;\"><img loading=\"lazy\" class=\"alignnone wp-image-238649 size-full\" src=\"https:\/\/franciscanos.org.br\/noticias\/wp-content\/uploads\/2022\/06\/concerto_250622_3.jpg\" alt=\"\" width=\"1280\" height=\"750\" srcset=\"https:\/\/franciscanos.org.br\/noticias\/wp-content\/uploads\/2022\/06\/concerto_250622_3.jpg 1280w, https:\/\/franciscanos.org.br\/noticias\/wp-content\/uploads\/2022\/06\/concerto_250622_3-450x264.jpg 450w, https:\/\/franciscanos.org.br\/noticias\/wp-content\/uploads\/2022\/06\/concerto_250622_3-1024x600.jpg 1024w, https:\/\/franciscanos.org.br\/noticias\/wp-content\/uploads\/2022\/06\/concerto_250622_3-768x450.jpg 768w, https:\/\/franciscanos.org.br\/noticias\/wp-content\/uploads\/2022\/06\/concerto_250622_3-150x88.jpg 150w\" sizes=\"(max-width: 1280px) 100vw, 1280px\" \/><\/p>\n\n\t\t<style type=\"text\/css\">\n\t\t\t#gallery-1 {\n\t\t\t\tmargin: auto;\n\t\t\t}\n\t\t\t#gallery-1 .gallery-item {\n\t\t\t\tfloat: left;\n\t\t\t\tmargin-top: 10px;\n\t\t\t\ttext-align: center;\n\t\t\t\twidth: 33%;\n\t\t\t}\n\t\t\t#gallery-1 img {\n\t\t\t\tborder: 2px solid #cfcfcf;\n\t\t\t}\n\t\t\t#gallery-1 .gallery-caption {\n\t\t\t\tmargin-left: 0;\n\t\t\t}\n\t\t\t\/* see gallery_shortcode() in wp-includes\/media.php *\/\n\t\t<\/style>\n\t\t<div id='gallery-1' class='gallery galleryid-238646 gallery-columns-3 gallery-size-thumbnail'><dl class='gallery-item'>\n\t\t\t<dt class='gallery-icon landscape'>\n\t\t\t\t<a href='https:\/\/franciscanos.org.br\/noticias\/wp-content\/uploads\/2022\/06\/concerto_250622_4.jpeg'><img width=\"300\" height=\"300\" src=\"https:\/\/franciscanos.org.br\/noticias\/wp-content\/uploads\/2022\/06\/concerto_250622_4-300x300.jpeg\" class=\"attachment-thumbnail size-thumbnail\" alt=\"\" loading=\"lazy\" aria-describedby=\"gallery-1-238651\" srcset=\"https:\/\/franciscanos.org.br\/noticias\/wp-content\/uploads\/2022\/06\/concerto_250622_4-300x300.jpeg 300w, https:\/\/franciscanos.org.br\/noticias\/wp-content\/uploads\/2022\/06\/concerto_250622_4-100x100.jpeg 100w\" sizes=\"(max-width: 300px) 100vw, 300px\" \/><\/a>\n\t\t\t<\/dt>\n\t\t\t\t<dd class='wp-caption-text gallery-caption' id='gallery-1-238651'>\n\t\t\t\tRachel Wider, Diretora Executiva\n\t\t\t\t<\/dd><\/dl><dl class='gallery-item'>\n\t\t\t<dt class='gallery-icon landscape'>\n\t\t\t\t<a href='https:\/\/franciscanos.org.br\/noticias\/wp-content\/uploads\/2022\/06\/concerto_250622_5.jpeg'><img width=\"300\" height=\"300\" src=\"https:\/\/franciscanos.org.br\/noticias\/wp-content\/uploads\/2022\/06\/concerto_250622_5-300x300.jpeg\" class=\"attachment-thumbnail size-thumbnail\" alt=\"\" loading=\"lazy\" aria-describedby=\"gallery-1-238652\" srcset=\"https:\/\/franciscanos.org.br\/noticias\/wp-content\/uploads\/2022\/06\/concerto_250622_5-300x300.jpeg 300w, https:\/\/franciscanos.org.br\/noticias\/wp-content\/uploads\/2022\/06\/concerto_250622_5-100x100.jpeg 100w\" sizes=\"(max-width: 300px) 100vw, 300px\" \/><\/a>\n\t\t\t<\/dt>\n\t\t\t\t<dd class='wp-caption-text gallery-caption' id='gallery-1-238652'>\n\t\t\t\tMarco Aur\u00e9lio Lischt, maestro\n\t\t\t\t<\/dd><\/dl><dl class='gallery-item'>\n\t\t\t<dt class='gallery-icon landscape'>\n\t\t\t\t<a href='https:\/\/franciscanos.org.br\/noticias\/wp-content\/uploads\/2022\/06\/concerto_250622_8.jpeg'><img width=\"300\" height=\"300\" src=\"https:\/\/franciscanos.org.br\/noticias\/wp-content\/uploads\/2022\/06\/concerto_250622_8-300x300.jpeg\" class=\"attachment-thumbnail size-thumbnail\" alt=\"\" loading=\"lazy\" aria-describedby=\"gallery-1-238658\" srcset=\"https:\/\/franciscanos.org.br\/noticias\/wp-content\/uploads\/2022\/06\/concerto_250622_8-300x300.jpeg 300w, https:\/\/franciscanos.org.br\/noticias\/wp-content\/uploads\/2022\/06\/concerto_250622_8-100x100.jpeg 100w\" sizes=\"(max-width: 300px) 100vw, 300px\" \/><\/a>\n\t\t\t<\/dt>\n\t\t\t\t<dd class='wp-caption-text gallery-caption' id='gallery-1-238658'>\n\t\t\t\tCoro de C\u00e2mara Canarinhos de Petr\u00f3polis\n\t\t\t\t<\/dd><\/dl><br style=\"clear: both\" \/>\n\t\t<\/div>\n\n<p style=\"font-weight: 400;\">A primeira m\u00fasica apresentada foi \u201cBeati quorum via\u201d de Charles Villiers Stanford, um compositor rom\u00e2ntico tardio. O texto da can\u00e7\u00e3o diz o seguinte: \u201cBem-aventurados os retos que andam no caminho do Senhor e obedecem \u00e0s suas leis\u201d. A segunda obra foi \u201cChi la Gagliarda\u201d de Baldassare Donati. \u201cAqueles que querem dan\u00e7ar a \u2018Glagliarda\u2019, venham at\u00e9 n\u00f3s, pois n\u00f3s somos finos mestres. Experimentai um pouco e vejam como s\u00e3o os dez passos da \u2018Glagliarda\u2019, diz o texto da m\u00fasica.<\/p>\n<p style=\"font-weight: 400;\">Na sequ\u00eancia vieram as m\u00fasicas \u201cCantiga de roda\/Nesta Rua\u201d com arranjo de Carlos A. P. Fonseca. S\u00e9rie Xavante \u2013 IV \u2013 \u201cCorrida dos Buritis\u201d de Cesar Guerra-Peixe &#8211; compositor brasileiro e petropolitano de m\u00fasica erudita, arranjador e estudioso da m\u00fasica brasileira-, \u201cAndan\u00e7as\u201d P. Tapaj\u00f3s, \u201cVira Virou\u201d de Kleiton e \u201cConversa de botequim\u201d de Noel Rosa, \u201cLullabye\u201d com arranjo de Kirby Shaw de Billi Joel, \u201cHeal the world\u201d de Michael Jackson, \u201cYour Song\u201d de Elton John e \u201cStand by me\u201d de Ben E. King <strong><a href=\"https:\/\/youtu.be\/RyaFcHNbuu4\" target=\"_blank\" rel=\"noopener\"><span style=\"color: #000000;\">(CLIQUE E ASSISTA)<\/span><\/a><\/strong>. No final, o p\u00fablico ovacionou de p\u00e9 os coralistas. Como bis entoaram ent\u00e3o duas m\u00fasicas: \u201cHey Jude\u201d de Jhon Lennon e \u201cAll You Need Is Love\u201d de Beatles.<\/p>\n<p style=\"font-weight: 400;\"><strong>SOBRE O CORO DE C\u00c2MARA<\/strong><\/p>\n<p><img loading=\"lazy\" class=\"alignnone wp-image-238650 size-full\" src=\"https:\/\/franciscanos.org.br\/noticias\/wp-content\/uploads\/2022\/06\/concerto_250622_4.jpg\" alt=\"\" width=\"1280\" height=\"750\" srcset=\"https:\/\/franciscanos.org.br\/noticias\/wp-content\/uploads\/2022\/06\/concerto_250622_4.jpg 1280w, https:\/\/franciscanos.org.br\/noticias\/wp-content\/uploads\/2022\/06\/concerto_250622_4-450x264.jpg 450w, https:\/\/franciscanos.org.br\/noticias\/wp-content\/uploads\/2022\/06\/concerto_250622_4-1024x600.jpg 1024w, https:\/\/franciscanos.org.br\/noticias\/wp-content\/uploads\/2022\/06\/concerto_250622_4-768x450.jpg 768w, https:\/\/franciscanos.org.br\/noticias\/wp-content\/uploads\/2022\/06\/concerto_250622_4-150x88.jpg 150w\" sizes=\"(max-width: 1280px) 100vw, 1280px\" \/><\/p>\n<p style=\"font-weight: 400;\">Fundado em 30 de setembro de 2021 por Frei Marcos Ant\u00f4nio de Andrade, Marco Aur\u00e9lio Lischt e Rose de Mello, o Coro de C\u00e2mara Canarinhos de Petr\u00f3polis tem em seu hist\u00f3rico apresenta\u00e7\u00f5es memor\u00e1veis com obras de alta qualidade e de grande relev\u00e2ncia. Com o prop\u00f3sito de ter um repert\u00f3rio diferenciado, o grupo vocal apresenta composi\u00e7\u00f5es de grande envergadura que abrange desde a m\u00fasica medieval at\u00e9 a m\u00fasica contempor\u00e2nea, com especial destaque para a m\u00fasica popular brasileira e o pop internacional.<\/p>\n<p style=\"font-weight: 400;\">O Coro de C\u00e2mara Canarinhos de Petr\u00f3polis j\u00e1 se apresentou em concertos de Natal, casamentos e em eventos tem\u00e1ticos ao longo deste primeiro ano de exist\u00eancia. Desde a sua funda\u00e7\u00e3o, o Coro de C\u00e2mara est\u00e1 sob a reg\u00eancia e dire\u00e7\u00e3o art\u00edstica do maestro Marco Aur\u00e9lio Lischt.<\/p>\n<hr \/>\n<p style=\"font-weight: 400;\"><em>Frei Augusto Luiz Gabriel<\/em><\/p>\n","protected":false},"excerpt":{"rendered":"<p>Coro de C\u00e2mara Canarinhos de Petr\u00f3polis<\/p>\n","protected":false},"author":3,"featured_media":238650,"comment_status":"open","ping_status":"open","sticky":false,"template":"","format":"standard","meta":[],"categories":[1],"tags":[1378,190],"acf":[],"yoast_head":"<!-- This site is optimized with the Yoast SEO plugin v19.2 - https:\/\/yoast.com\/wordpress\/plugins\/seo\/ -->\n<title>Coro de C\u00e2mara Canarinhos de Petr\u00f3polis apresenta Concerto no Instituto de Cultura - Not\u00edcias - Franciscanos<\/title>\n<meta name=\"robots\" content=\"index, follow, max-snippet:-1, max-image-preview:large, max-video-preview:-1\" \/>\n<link rel=\"canonical\" href=\"https:\/\/franciscanos.org.br\/noticias\/coro-de-camara-canarinhos-de-petropolis-apresenta-concerto-no-instituto-de-cultura.html\" \/>\n<meta property=\"og:locale\" content=\"pt_BR\" \/>\n<meta property=\"og:type\" content=\"article\" \/>\n<meta property=\"og:title\" content=\"Coro de C\u00e2mara Canarinhos de Petr\u00f3polis apresenta Concerto no Instituto de Cultura - Not\u00edcias - Franciscanos\" \/>\n<meta property=\"og:description\" content=\"Coro de C\u00e2mara Canarinhos de Petr\u00f3polis\" \/>\n<meta property=\"og:url\" content=\"https:\/\/franciscanos.org.br\/noticias\/coro-de-camara-canarinhos-de-petropolis-apresenta-concerto-no-instituto-de-cultura.html\" \/>\n<meta property=\"og:site_name\" content=\"Not\u00edcias - Franciscanos\" \/>\n<meta property=\"article:published_time\" content=\"2022-06-26T01:16:01+00:00\" \/>\n<meta property=\"article:modified_time\" content=\"2022-06-26T19:19:51+00:00\" \/>\n<meta property=\"og:image\" content=\"https:\/\/franciscanos.org.br\/noticias\/wp-content\/uploads\/2022\/06\/concerto_250622_4.jpg\" \/>\n\t<meta property=\"og:image:width\" content=\"1280\" \/>\n\t<meta property=\"og:image:height\" content=\"750\" \/>\n\t<meta property=\"og:image:type\" content=\"image\/jpeg\" \/>\n<meta name=\"author\" content=\"moacir\" \/>\n<meta name=\"twitter:card\" content=\"summary_large_image\" \/>\n<meta name=\"twitter:label1\" content=\"Escrito por\" \/>\n\t<meta name=\"twitter:data1\" content=\"moacir\" \/>\n\t<meta name=\"twitter:label2\" content=\"Est. tempo de leitura\" \/>\n\t<meta name=\"twitter:data2\" content=\"5 minutos\" \/>\n<script type=\"application\/ld+json\" class=\"yoast-schema-graph\">{\"@context\":\"https:\/\/schema.org\",\"@graph\":[{\"@type\":\"WebSite\",\"@id\":\"https:\/\/franciscanos.org.br\/noticias\/#website\",\"url\":\"https:\/\/franciscanos.org.br\/noticias\/\",\"name\":\"Not\u00edcias - Franciscanos\",\"description\":\"Prov\u00edncia Franciscana da Imaculada Concei\u00e7\u00e3o do Brasil - Ordem dos Frades Menores - OFM\",\"potentialAction\":[{\"@type\":\"SearchAction\",\"target\":{\"@type\":\"EntryPoint\",\"urlTemplate\":\"https:\/\/franciscanos.org.br\/noticias\/?s={search_term_string}\"},\"query-input\":\"required name=search_term_string\"}],\"inLanguage\":\"pt-BR\"},{\"@type\":\"ImageObject\",\"inLanguage\":\"pt-BR\",\"@id\":\"https:\/\/franciscanos.org.br\/noticias\/coro-de-camara-canarinhos-de-petropolis-apresenta-concerto-no-instituto-de-cultura.html#primaryimage\",\"url\":\"https:\/\/franciscanos.org.br\/noticias\/wp-content\/uploads\/2022\/06\/concerto_250622_4.jpg\",\"contentUrl\":\"https:\/\/franciscanos.org.br\/noticias\/wp-content\/uploads\/2022\/06\/concerto_250622_4.jpg\",\"width\":1280,\"height\":750},{\"@type\":\"WebPage\",\"@id\":\"https:\/\/franciscanos.org.br\/noticias\/coro-de-camara-canarinhos-de-petropolis-apresenta-concerto-no-instituto-de-cultura.html#webpage\",\"url\":\"https:\/\/franciscanos.org.br\/noticias\/coro-de-camara-canarinhos-de-petropolis-apresenta-concerto-no-instituto-de-cultura.html\",\"name\":\"Coro de C\u00e2mara Canarinhos de Petr\u00f3polis apresenta Concerto no Instituto de Cultura - Not\u00edcias - Franciscanos\",\"isPartOf\":{\"@id\":\"https:\/\/franciscanos.org.br\/noticias\/#website\"},\"primaryImageOfPage\":{\"@id\":\"https:\/\/franciscanos.org.br\/noticias\/coro-de-camara-canarinhos-de-petropolis-apresenta-concerto-no-instituto-de-cultura.html#primaryimage\"},\"datePublished\":\"2022-06-26T01:16:01+00:00\",\"dateModified\":\"2022-06-26T19:19:51+00:00\",\"author\":{\"@id\":\"https:\/\/franciscanos.org.br\/noticias\/#\/schema\/person\/b5c8cba458c330ccff548b056e95a5d4\"},\"breadcrumb\":{\"@id\":\"https:\/\/franciscanos.org.br\/noticias\/coro-de-camara-canarinhos-de-petropolis-apresenta-concerto-no-instituto-de-cultura.html#breadcrumb\"},\"inLanguage\":\"pt-BR\",\"potentialAction\":[{\"@type\":\"ReadAction\",\"target\":[\"https:\/\/franciscanos.org.br\/noticias\/coro-de-camara-canarinhos-de-petropolis-apresenta-concerto-no-instituto-de-cultura.html\"]}]},{\"@type\":\"BreadcrumbList\",\"@id\":\"https:\/\/franciscanos.org.br\/noticias\/coro-de-camara-canarinhos-de-petropolis-apresenta-concerto-no-instituto-de-cultura.html#breadcrumb\",\"itemListElement\":[{\"@type\":\"ListItem\",\"position\":1,\"name\":\"Home\",\"item\":\"https:\/\/franciscanos.org.br\/noticias\"},{\"@type\":\"ListItem\",\"position\":2,\"name\":\"Coro de C\u00e2mara Canarinhos de Petr\u00f3polis apresenta Concerto no Instituto de Cultura\"}]},{\"@type\":\"Person\",\"@id\":\"https:\/\/franciscanos.org.br\/noticias\/#\/schema\/person\/b5c8cba458c330ccff548b056e95a5d4\",\"name\":\"moacir\",\"image\":{\"@type\":\"ImageObject\",\"inLanguage\":\"pt-BR\",\"@id\":\"https:\/\/franciscanos.org.br\/noticias\/#\/schema\/person\/image\/\",\"url\":\"https:\/\/secure.gravatar.com\/avatar\/d08aa2ce4c8dd416d4479aa8536fcf64?s=96&d=mm&r=g\",\"contentUrl\":\"https:\/\/secure.gravatar.com\/avatar\/d08aa2ce4c8dd416d4479aa8536fcf64?s=96&d=mm&r=g\",\"caption\":\"moacir\"},\"url\":\"https:\/\/franciscanos.org.br\/noticias\/author\/moacir\"}]}<\/script>\n<!-- \/ Yoast SEO plugin. -->","yoast_head_json":{"title":"Coro de C\u00e2mara Canarinhos de Petr\u00f3polis apresenta Concerto no Instituto de Cultura - Not\u00edcias - Franciscanos","robots":{"index":"index","follow":"follow","max-snippet":"max-snippet:-1","max-image-preview":"max-image-preview:large","max-video-preview":"max-video-preview:-1"},"canonical":"https:\/\/franciscanos.org.br\/noticias\/coro-de-camara-canarinhos-de-petropolis-apresenta-concerto-no-instituto-de-cultura.html","og_locale":"pt_BR","og_type":"article","og_title":"Coro de C\u00e2mara Canarinhos de Petr\u00f3polis apresenta Concerto no Instituto de Cultura - Not\u00edcias - Franciscanos","og_description":"Coro de C\u00e2mara Canarinhos de Petr\u00f3polis","og_url":"https:\/\/franciscanos.org.br\/noticias\/coro-de-camara-canarinhos-de-petropolis-apresenta-concerto-no-instituto-de-cultura.html","og_site_name":"Not\u00edcias - Franciscanos","article_published_time":"2022-06-26T01:16:01+00:00","article_modified_time":"2022-06-26T19:19:51+00:00","og_image":[{"width":1280,"height":750,"url":"https:\/\/franciscanos.org.br\/noticias\/wp-content\/uploads\/2022\/06\/concerto_250622_4.jpg","type":"image\/jpeg"}],"author":"moacir","twitter_card":"summary_large_image","twitter_misc":{"Escrito por":"moacir","Est. tempo de leitura":"5 minutos"},"schema":{"@context":"https:\/\/schema.org","@graph":[{"@type":"WebSite","@id":"https:\/\/franciscanos.org.br\/noticias\/#website","url":"https:\/\/franciscanos.org.br\/noticias\/","name":"Not\u00edcias - Franciscanos","description":"Prov\u00edncia Franciscana da Imaculada Concei\u00e7\u00e3o do Brasil - Ordem dos Frades Menores - OFM","potentialAction":[{"@type":"SearchAction","target":{"@type":"EntryPoint","urlTemplate":"https:\/\/franciscanos.org.br\/noticias\/?s={search_term_string}"},"query-input":"required name=search_term_string"}],"inLanguage":"pt-BR"},{"@type":"ImageObject","inLanguage":"pt-BR","@id":"https:\/\/franciscanos.org.br\/noticias\/coro-de-camara-canarinhos-de-petropolis-apresenta-concerto-no-instituto-de-cultura.html#primaryimage","url":"https:\/\/franciscanos.org.br\/noticias\/wp-content\/uploads\/2022\/06\/concerto_250622_4.jpg","contentUrl":"https:\/\/franciscanos.org.br\/noticias\/wp-content\/uploads\/2022\/06\/concerto_250622_4.jpg","width":1280,"height":750},{"@type":"WebPage","@id":"https:\/\/franciscanos.org.br\/noticias\/coro-de-camara-canarinhos-de-petropolis-apresenta-concerto-no-instituto-de-cultura.html#webpage","url":"https:\/\/franciscanos.org.br\/noticias\/coro-de-camara-canarinhos-de-petropolis-apresenta-concerto-no-instituto-de-cultura.html","name":"Coro de C\u00e2mara Canarinhos de Petr\u00f3polis apresenta Concerto no Instituto de Cultura - Not\u00edcias - Franciscanos","isPartOf":{"@id":"https:\/\/franciscanos.org.br\/noticias\/#website"},"primaryImageOfPage":{"@id":"https:\/\/franciscanos.org.br\/noticias\/coro-de-camara-canarinhos-de-petropolis-apresenta-concerto-no-instituto-de-cultura.html#primaryimage"},"datePublished":"2022-06-26T01:16:01+00:00","dateModified":"2022-06-26T19:19:51+00:00","author":{"@id":"https:\/\/franciscanos.org.br\/noticias\/#\/schema\/person\/b5c8cba458c330ccff548b056e95a5d4"},"breadcrumb":{"@id":"https:\/\/franciscanos.org.br\/noticias\/coro-de-camara-canarinhos-de-petropolis-apresenta-concerto-no-instituto-de-cultura.html#breadcrumb"},"inLanguage":"pt-BR","potentialAction":[{"@type":"ReadAction","target":["https:\/\/franciscanos.org.br\/noticias\/coro-de-camara-canarinhos-de-petropolis-apresenta-concerto-no-instituto-de-cultura.html"]}]},{"@type":"BreadcrumbList","@id":"https:\/\/franciscanos.org.br\/noticias\/coro-de-camara-canarinhos-de-petropolis-apresenta-concerto-no-instituto-de-cultura.html#breadcrumb","itemListElement":[{"@type":"ListItem","position":1,"name":"Home","item":"https:\/\/franciscanos.org.br\/noticias"},{"@type":"ListItem","position":2,"name":"Coro de C\u00e2mara Canarinhos de Petr\u00f3polis apresenta Concerto no Instituto de Cultura"}]},{"@type":"Person","@id":"https:\/\/franciscanos.org.br\/noticias\/#\/schema\/person\/b5c8cba458c330ccff548b056e95a5d4","name":"moacir","image":{"@type":"ImageObject","inLanguage":"pt-BR","@id":"https:\/\/franciscanos.org.br\/noticias\/#\/schema\/person\/image\/","url":"https:\/\/secure.gravatar.com\/avatar\/d08aa2ce4c8dd416d4479aa8536fcf64?s=96&d=mm&r=g","contentUrl":"https:\/\/secure.gravatar.com\/avatar\/d08aa2ce4c8dd416d4479aa8536fcf64?s=96&d=mm&r=g","caption":"moacir"},"url":"https:\/\/franciscanos.org.br\/noticias\/author\/moacir"}]}},"_links":{"self":[{"href":"https:\/\/franciscanos.org.br\/noticias\/wp-json\/wp\/v2\/posts\/238646"}],"collection":[{"href":"https:\/\/franciscanos.org.br\/noticias\/wp-json\/wp\/v2\/posts"}],"about":[{"href":"https:\/\/franciscanos.org.br\/noticias\/wp-json\/wp\/v2\/types\/post"}],"author":[{"embeddable":true,"href":"https:\/\/franciscanos.org.br\/noticias\/wp-json\/wp\/v2\/users\/3"}],"replies":[{"embeddable":true,"href":"https:\/\/franciscanos.org.br\/noticias\/wp-json\/wp\/v2\/comments?post=238646"}],"version-history":[{"count":9,"href":"https:\/\/franciscanos.org.br\/noticias\/wp-json\/wp\/v2\/posts\/238646\/revisions"}],"predecessor-version":[{"id":238690,"href":"https:\/\/franciscanos.org.br\/noticias\/wp-json\/wp\/v2\/posts\/238646\/revisions\/238690"}],"wp:featuredmedia":[{"embeddable":true,"href":"https:\/\/franciscanos.org.br\/noticias\/wp-json\/wp\/v2\/media\/238650"}],"wp:attachment":[{"href":"https:\/\/franciscanos.org.br\/noticias\/wp-json\/wp\/v2\/media?parent=238646"}],"wp:term":[{"taxonomy":"category","embeddable":true,"href":"https:\/\/franciscanos.org.br\/noticias\/wp-json\/wp\/v2\/categories?post=238646"},{"taxonomy":"post_tag","embeddable":true,"href":"https:\/\/franciscanos.org.br\/noticias\/wp-json\/wp\/v2\/tags?post=238646"}],"curies":[{"name":"wp","href":"https:\/\/api.w.org\/{rel}","templated":true}]}}