{"id":238615,"date":"2022-06-23T07:01:51","date_gmt":"2022-06-23T10:01:51","guid":{"rendered":"https:\/\/franciscanos.org.br\/noticias\/?p=238615"},"modified":"2022-06-23T07:08:07","modified_gmt":"2022-06-23T10:08:07","slug":"papa-as-familias-vivam-com-os-olhos-voltados-para-o-ceu","status":"publish","type":"post","link":"https:\/\/franciscanos.org.br\/noticias\/papa-as-familias-vivam-com-os-olhos-voltados-para-o-ceu.html","title":{"rendered":"Papa \u00e0s fam\u00edlias: vivam com os olhos voltados para o C\u00e9u"},"content":{"rendered":"<div id=\"attachment_238616\" style=\"width: 1010px\" class=\"wp-caption alignnone\"><img aria-describedby=\"caption-attachment-238616\" loading=\"lazy\" class=\"wp-image-238616 size-full\" src=\"https:\/\/franciscanos.org.br\/noticias\/wp-content\/uploads\/2022\/06\/familia_01.jpeg\" alt=\"\" width=\"1000\" height=\"563\" srcset=\"https:\/\/franciscanos.org.br\/noticias\/wp-content\/uploads\/2022\/06\/familia_01.jpeg 1000w, https:\/\/franciscanos.org.br\/noticias\/wp-content\/uploads\/2022\/06\/familia_01-450x253.jpeg 450w, https:\/\/franciscanos.org.br\/noticias\/wp-content\/uploads\/2022\/06\/familia_01-768x432.jpeg 768w, https:\/\/franciscanos.org.br\/noticias\/wp-content\/uploads\/2022\/06\/familia_01-150x84.jpeg 150w\" sizes=\"(max-width: 1000px) 100vw, 1000px\" \/><p id=\"caption-attachment-238616\" class=\"wp-caption-text\"><em>\u00a0 \u00a0 \u00a0 \u00a0 \u00a0 \u00a0 \u00a0 \u00a0 \u00a0 \u00a0 \u00a0 \u00a0 \u00a0 \u00a0 \u00a0 \u00a0 \u00a0 \u00a0 \u00a0 \u00a0 \u00a0 \u00a0 \u00a0 \u00a0 \u00a0 \u00a0 \u00a0 \u00a0 \u00a0 \u00a0 \u00a0 \u00a0 \u00a0 \u00a0 \u00a0 \u00a0 \u00a0 \u00a0 \u00a0 \u00a0 \u00a0 \u00a0 \u00a0 \u00a0 \u00a0 \u00a0 \u00a0 \u00a0 \u00a0 \u00a0 \u00a0 \u00a0 \u00a0 \u00a0 \u00a0 \u00a0 \u00a0 \u00a0 \u00a0 \u00a0 \u00a0 \u00a0 \u00a0 \u00a0 \u00a0 \u00a0 \u00a0 \u00a0 \u00a0 \u00a0 Imagem: Vatican Media<\/em><\/p><\/div>\n<p>Teve in\u00edcio nesta, quarta-feira (22\/06), em Roma, o 10\u00b0 Encontro Mundial das Fam\u00edlias.<\/p>\n<p>O evento foi aberto com o Festival das Fam\u00edlias, na Sala Paulo VI, no Vaticano, com a presen\u00e7a do Papa Francisco. O Pont\u00edfice iniciou o seu discurso, recordando os &#8220;acontecimentos que transtornaram as nossas vidas nos \u00faltimos tempos: primeiro, a pandemia e, agora, a guerra na Europa, que se juntou \u00e0s outras guerras que afligem a fam\u00edlia humana&#8221;. O Papa agradeceu ao cardeal Farrell, ao cardeal Donatis e a todos os colaboradores tanto do Dicast\u00e9rio para os Leigos, a Fam\u00edlia e a Vida quanto da Diocese de Roma, cuja dedica\u00e7\u00e3o tornou poss\u00edvel este encontro.<\/p>\n<p>A seguir, Francisco agradeceu a todas as fam\u00edlias presentes que vieram de v\u00e1rias partes do mundo, de modo particular as fam\u00edlias que deram o seu testemunho: &#8220;Obrigado, de cora\u00e7\u00e3o! N\u00e3o \u00e9 f\u00e1cil falar a um p\u00fablico t\u00e3o amplo acerca da pr\u00f3pria vida, das dificuldades ou dos dons maravilhosos, mas \u00edntimos e pessoais, que voc\u00eas receberam do Senhor. Os seus testemunhos serviram de \u00abamplificadores\u00bb: voc\u00eas deram voz \u00e0 experi\u00eancia de muitas outras fam\u00edlias no mundo que, como voc\u00eas, vivem as mesmas alegrias, inquieta\u00e7\u00f5es, tribula\u00e7\u00f5es e esperan\u00e7as.&#8221;<\/p>\n<p><strong>A Igreja deve ser como o Bom Samaritano para as fam\u00edlias<\/strong><br \/>\nDepois, o Papa se dirigiu \u00e0s fam\u00edlias presentes na Sala Paulo VI e aos casais e fam\u00edlias do mundo, fazendo-lhes sentir sua proximidade onde quer que se encontram e em sua condi\u00e7\u00e3o concreta de vida. Convidou os participantes a tentarem caminhar juntos, &#8220;juntos como esposos, juntos na sua fam\u00edlia, juntos com as outras fam\u00edlias, juntos com a Igreja&#8221;. Francisco recordou a &#8220;Par\u00e1bola do Bom Samaritano que encontra pela estrada um homem ferido: aproxima-se dele, toma-o ao seu cuidado e ajuda-o a retomar o caminho&#8221;. &#8220;Queria que a Igreja fosse isso para voc\u00eas: um bom samaritano que se aproxima de voc\u00eas e os ajuda a continuar seu caminho, os ajuda a dar \u00abum passo a mais\u00bb, nem que seja pequeno&#8221;, disse o Papa, enfatizando cinco pontos, retomando os testemunhos que foram ouvidos.<\/p>\n<p><strong>Temos de nos converter e caminhar como Igreja<\/strong><br \/>\nO primeiro, \u00abUm passo a mais\u00bb rumo ao matrim\u00f4nio. Aqui, o Papa referiu-se ao testemunho de Luigi e Serena que n\u00e3o conseguiram encontrar uma comunidade que, de bra\u00e7os abertos, os apoiasse assim como s\u00e3o.<\/p>\n<p>&#8220;Isso deve nos fazer refletir. Temos de nos converter e caminhar como Igreja, para que as nossas dioceses e par\u00f3quias se tornem cada vez mais \u00abcomunidades que, de bra\u00e7os abertos, apoiem a todos\u00bb&#8221;, frisou o Pont\u00edfice. Segundo Francisco, &#8220;quando um homem e uma mulher se apaixonam, Deus oferece-lhes um presente: o matrim\u00f4nio. O matrim\u00f4nio n\u00e3o \u00e9 uma formalidade a ser cumprida&#8221;. As pessoas &#8220;se casam porque querem fundar o matrim\u00f4nio no amor de Cristo. A vida familiar n\u00e3o \u00e9 uma miss\u00e3o imposs\u00edvel. Com a gra\u00e7a do sacramento, Deus a torna uma viagem maravilhosa feita junto com Ele; nunca sozinhos. A fam\u00edlia n\u00e3o \u00e9 um ideal, belo, mas na realidade inating\u00edvel. Deus garante a sua presen\u00e7a no matrim\u00f4nio e na fam\u00edlia, n\u00e3o s\u00f3 no dia do casamento, mas ao longo da vida inteira, apoia-os todos os dias no seu caminho&#8221;. Os Sacramentos do Batismo e do Matrim\u00f4nio &#8220;s\u00e3o a ajuda concreta que Deus nos d\u00e1 para n\u00e3o nos deixar sozinhos&#8221;.<\/p>\n<p><strong>Abra\u00e7ar a dura cruz da doen\u00e7a e da morte<\/strong><br \/>\nO segundo ponto, \u00abUm passo a mais\u00bb para abra\u00e7ar a cruz, &#8220;a dura cruz da doen\u00e7a e da morte de Chiara&#8221; carregada por Roberto e Maria Anselma que contaram a hist\u00f3ria comovente de sua fam\u00edlia. A morte de Chiara n\u00e3o destruiu a fam\u00edlia nem eliminou a serenidade e a paz de seus cora\u00e7\u00f5es. Roberto e Maria Anselma n\u00e3o se tornaram prisioneiros da tribula\u00e7\u00e3o, mas se abriram para algo maior: &#8220;Os des\u00edgnios misteriosos de Deus, a eternidade, o C\u00e9u&#8221;. &#8220;Que o Senhor sustente e torne fecundas as variadas cruzes que as fam\u00edlias carregam&#8221;, disse o Papa.<\/p>\n<p><strong>O perd\u00e3o cura todas as feridas<\/strong><br \/>\nO terceiro ponto \u00e9 \u00abUm passo a mais\u00bb rumo ao perd\u00e3o. A prop\u00f3sito de perd\u00e3o, Francisco agradeceu ao casal Paul e Germaine por terem falado com coragem sobre a crise que viveram em seu matrim\u00f4nio com &#8220;a falta de sinceridade, a infidelidade, o mau uso do dinheiro, os \u00eddolos do poder e da carreira, o rancor crescente e o endurecimento do cora\u00e7\u00e3o&#8221;.<\/p>\n<p>&#8220;Acho que, enquanto voc\u00eas falavam, todos revivemos a dolorosa experi\u00eancia sentida perante situa\u00e7\u00f5es semelhantes de fam\u00edlias divididas. Ver a fam\u00edlia desagregar-se \u00e9 um drama que n\u00e3o pode deixar ningu\u00e9m indiferente. O sorriso dos esposos desaparece, os filhos sentem-se perdidos, de todos desaparece a serenidade. E, na maioria dos casos, n\u00e3o se sabe o que fazer&#8221;, sublinhou o Papa. &#8220;O perd\u00e3o cura todas as feridas; \u00e9 um dom que brota da gra\u00e7a com a qual Cristo inunda o casal e a fam\u00edlia inteira, quando se deixa Ele agir, quando se volta para Ele&#8221;, reiterou.<\/p>\n<p><strong>As fam\u00edlias s\u00e3o lugares de acolhimento<\/strong><br \/>\nNo quarto ponto, \u00abUm passo a mais\u00bb rumo ao acolhimento, o Papa agradeceu a Iryna e Sofia, pelo seu testemunho, pois deram &#8220;voz a muitas pessoas, cuja vida foi transtornada pela guerra na Ucr\u00e2nia&#8221;.<\/p>\n<p>Em voc\u00eas, vemos os rostos e as hist\u00f3rias de tantos homens e mulheres que tiveram de fugir de sua terra. Obrigado por n\u00e3o terem perdido a f\u00e9 na Provid\u00eancia, vendo como Deus atua a seu favor inclusivamente atrav\u00e9s das pessoas concretas que as fez encontrar: fam\u00edlias hospitaleiras, m\u00e9dicos que as ajudaram e tantas outras pessoas de bom cora\u00e7\u00e3o. A guerra as colocou diante do cinismo e da brutalidade humana, mas voc\u00eas encontraram tamb\u00e9m pessoas de grande humanidade. O pior e o melhor do ser humano! \u00c9 importante, para todos, n\u00e3o permanecer fixados no pior, mas valorizar o melhor, o bem imenso de que \u00e9 capaz todo ser humano e, a partir da\u00ed, recome\u00e7ar.<\/p>\n<p>O Papa agradeceu tamb\u00e9m a Pietro e Erika, por terem narrado sua hist\u00f3ria e pela generosidade com que acolheram Iryna e Sofia em sua numerosa fam\u00edlia. &#8220;O acolhimento \u00e9 um \u00abcarisma\u00bb das fam\u00edlias, sobretudo das numerosas! Esta \u00e9, no fim de contas, a din\u00e2mica pr\u00f3pria da fam\u00edlia. Enquanto, nos contextos an\u00f4nimos, quem \u00e9 mais fr\u00e1gil acaba frequentemente rejeitado, j\u00e1 nas fam\u00edlias \u00e9 natural acolh\u00ea-lo: um filho portador duma defici\u00eancia, uma pessoa idosa necessitada de cuidados, um parente em dificuldade que n\u00e3o tem ningu\u00e9m&#8230; Isto d\u00e1 esperan\u00e7a. As fam\u00edlias s\u00e3o lugares de acolhimento. Sem fam\u00edlias acolhedoras, a sociedade se tornaria fria e inabit\u00e1vel&#8221;, disse ainda Francisco.<\/p>\n<p><strong>A beleza do amor humano<\/strong><br \/>\nO \u00faltimo ponto, \u00abUm passo mais\u00bb rumo \u00e0 fraternidade. O Papa agradeceu a Zakia, por ter contado sua hist\u00f3ria. &#8220;\u00c9 maravilhoso e consolador ver que continua vivo aquilo que constru\u00edram juntos, voc\u00ea e Luca. A hist\u00f3ria de voc\u00eas nasceu e assentou na partilha de ideais muito altos, que voc\u00eas assim descreveram: \u00abBaseamos a nossa fam\u00edlia no amor aut\u00eantico, com respeito, solidariedade e di\u00e1logo entre as nossas culturas\u00bb. E nada disto se perdeu, nem mesmo depois da tr\u00e1gica morte de Luca. De fato, n\u00e3o s\u00f3 permanecem vivos e interpelam a consci\u00eancia de muitos o exemplo e a heran\u00e7a espiritual de Luca, mas a pr\u00f3pria organiza\u00e7\u00e3o que Zakia fundou de certo modo continua a sua miss\u00e3o. Podemos dizer que a miss\u00e3o diplom\u00e1tica de Luca agora tornou-se uma \u00abmiss\u00e3o de paz\u00bb de toda a fam\u00edlia. V\u00ea-se bem, na sua hist\u00f3ria, como se podem entrela\u00e7ar aquilo que \u00e9 humano e aquilo que \u00e9 religi\u00e3o, dando \u00f3timos frutos. Em Zakia e Luca, encontramos a beleza do amor humano, a paix\u00e3o pela vida, o altru\u00edsmo e tamb\u00e9m a fidelidade ao pr\u00f3prio credo e \u00e0 pr\u00f3pria tradi\u00e7\u00e3o religiosa, fonte de inspira\u00e7\u00e3o e de for\u00e7a interior&#8221;.<\/p>\n<p>&#8220;Queridos amigos, cada uma dee suas fam\u00edlias t\u00eam uma miss\u00e3o a cumprir no mundo, um testemunho a dar. De modo particular n\u00f3s, os batizados, somos chamados a ser \u00abuma mensagem que o Esp\u00edrito Santo extrai da riqueza de Jesus Cristo e d\u00e1 ao seu povo\u00bb. Deixem-se transformar por Ele, para que tamb\u00e9m voc\u00eas possam transformar o mundo e torn\u00e1-lo \u00abcasa\u00bb para quem tem necessidade de ser acolhido, para quem precisa encontrar Cristo e sentir-se amado. Devemos viver com os olhos voltados para o C\u00e9u; como diziam os Beatos Maria e Luigi Beltrame Quattrocchi aos seus filhos, ao enfrentar as canseiras e as alegrias da vida, \u00abolhemos sempre do telhado para cima\u00bb&#8221;, finalizou o Papa.<\/p>\n<hr \/>\n<h3>\u00cdNTEGRA<\/h3>\n<div class=\"abstract text parbase vaticanrichtext\">\n<h3><span class=\"color-text\">X ENCONTRO MUNDIAL DAS FAM\u00cdLIAS<\/span><\/h3>\n<p><b><i><span class=\"title-1-color\">DISCURSO DO PAPA FRANCISCO NO FESTIVAL DAS FAM\u00cdLIAS<\/span><\/i><\/b><\/p>\n<p><i><span class=\"color-text\">Sala Paulo VI<br \/>\nQuarta-feira, 22 de junho de 2022<\/span><\/i><\/p>\n<div class=\"clearfix\">Queridas fam\u00edlias!<\/div>\n<\/div>\n<div class=\"text parbase vaticanrichtext\">\n<p>Sinto-me feliz por estar aqui convosco, depois dos acontecimentos que transtornaram as nossas vidas nos \u00faltimos tempos: primeiro, a pandemia e, agora, a guerra na Europa, que veio juntar-se \u00e0s outras guerras que afligem a fam\u00edlia humana.<\/p>\n<p>Agrade\u00e7o ao Cardeal Farrell, ao Cardeal Donatis e a todos os colaboradores tanto do Dicast\u00e9rio para os Leigos, a Fam\u00edlia e a Vida como da Diocese de Roma, cuja dedica\u00e7\u00e3o tornou poss\u00edvel este encontro.<\/p>\n<p>Depois quero agradecer \u00e0s fam\u00edlias presentes, vindas de diversas partes do mundo, e de modo particular \u00e0quelas que nos deram o seu testemunho: Obrigado, de cora\u00e7\u00e3o! N\u00e3o \u00e9 f\u00e1cil falar a um p\u00fablico t\u00e3o amplo acerca da pr\u00f3pria vida, das dificuldades ou dos dons, maravilhosos mas \u00edntimos e pessoais, que recebestes do Senhor. Os vossos testemunhos serviram de \u00abamplificadores\u00bb: destes voz \u00e0 experi\u00eancia de tantas fam\u00edlias no mundo que, como v\u00f3s, vivem as mesmas alegrias e inquieta\u00e7\u00f5es, as mesmas tribula\u00e7\u00f5es e esperan\u00e7as.<\/p>\n<p>Por isso me dirijo, agora, quer a v\u00f3s aqui presentes quer aos esposos e fam\u00edlias que nos escutam em todo o mundo. Desejo fazer-vos sentir a minha proximidade justamente onde vos encontrais, na vossa condi\u00e7\u00e3o concreta de vida. E este \u00e9 precisamente o meu primeiro encorajamento: come\u00e7ai da vossa situa\u00e7\u00e3o real e, a partir desta, tentai caminhar juntos; juntos como esposos, juntos na vossa fam\u00edlia, juntos com as outras fam\u00edlias, juntos com a Igreja. Penso na par\u00e1bola do bom samaritano que encontra pela estrada um homem ferido:\u00a0<i>aproxima-se dele<\/i>, toma-o ao seu cuidado e ajuda-o a retomar o caminho. Queria que a Igreja fosse precisamente isto para v\u00f3s: um bom samaritano que se faz pr\u00f3ximo, se aproxima de v\u00f3s e vos ajuda a continuar o vosso caminho, vos ajuda a\u00a0<i>dar \u00abum passo mais\u00bb<\/i>, nem que seja pequeno. E n\u00e3o esque\u00e7ais que a proximidade \u00e9 o estilo de Deus: proximidade, compaix\u00e3o, ternura. Este \u00e9 o estilo de Deus. E o tal \u00abpasso mais\u00bb a dar juntos pode tomar v\u00e1rias dire\u00e7\u00f5es, que tento agora indicar-vos retomando os testemunhos que ouvimos.<\/p>\n<p>1.<i>\u00a0\u00abUm passo mais\u00bb rumo ao matrim\u00f3nio<\/i><\/p>\n<p>Agrade\u00e7o-vos, Luigi e Serena, por terdes contado com grande honestidade a vossa experi\u00eancia, com as suas dificuldades e aspira\u00e7\u00f5es. Penso que \u00e9 doloroso para todos aquilo que contastes: \u00abN\u00e3o conseguimos encontrar uma comunidade que, de bra\u00e7os abertos, nos apoiasse assim como somos\u00bb. Isto \u00e9 penoso; deve fazer-nos refletir. Temos de nos converter e caminhar como Igreja acolhedora, para que as nossas dioceses e par\u00f3quias se tornem cada vez mais \u00abcomunidades que, de bra\u00e7os abertos, apoiem a todos\u00bb. H\u00e1 tanta necessidade disso, nesta cultura da indiferen\u00e7a! Providencialmente, v\u00f3s encontrastes apoio noutras fam\u00edlias, que, na realidade, s\u00e3o Igrejas em miniatura.<\/p>\n<p>Entretanto veio-me consolar a explica\u00e7\u00e3o do motivo que vos levou a batizar os vossos filhos. Dissestes uma frase muito linda: \u00abAinda que empreg\u00e1ssemos os mais nobres esfor\u00e7os humanos, n\u00e3o nos bastar\u00edamos a n\u00f3s mesmos\u00bb. \u00c9 verdade! Podemos ter os mais belos sonhos, os mais elevados ideais, mas no fim embatemos tamb\u00e9m nos nossos limites \u2013 revela sabedoria conhecer os pr\u00f3prios limites \u2013, limites que n\u00e3o superamos sozinhos, mas abrindo-nos ao Pai, ao seu amor, \u00e0 sua gra\u00e7a. Este \u00e9 o significado dos sacramentos do Batismo e do Matrim\u00f3nio: s\u00e3o a ajuda concreta que Deus nos d\u00e1 para n\u00e3o nos deixar sozinhos, porque \u00abn\u00e3o nos bastar\u00edamos a n\u00f3s mesmos\u00bb. Fez-me muito bem ouvir esta frase: \u00abn\u00e3o nos bastar\u00edamos a n\u00f3s mesmos\u00bb.<\/p>\n<p>Podemos dizer que, quando um homem e uma mulher se apaixonam, Deus oferece-lhes um presente: o matrim\u00f3nio. Um dom maravilhoso, que cont\u00e9m em si a for\u00e7a do amor divino: forte, duradouro, fiel, capaz de se restabelecer depois de qualquer fracasso ou fragilidade. O matrim\u00f3nio n\u00e3o \u00e9 uma formalidade a ser cumprida. N\u00e3o vos casais para ser cat\u00f3licos \u00abcom a etiqueta\u00bb, para obedecer a uma regra ou porque a Igreja assim o diz ou ent\u00e3o para fazer uma festa. N\u00e3o! Casais-vos,\u00a0<i>porque quereis fundar o matrim\u00f3nio no amor de Cristo<\/i>, que \u00e9 firme como uma rocha. No matrim\u00f3nio, Cristo d\u00e1-Se a v\u00f3s para terdes a for\u00e7a de vos dar um ao outro. Por isso, coragem! A vida familiar n\u00e3o \u00e9 uma miss\u00e3o imposs\u00edvel. Com a gra\u00e7a do sacramento, Deus torna-a uma viagem maravilhosa que se h\u00e1 de fazer juntamente com Ele; nunca sozinhos. A fam\u00edlia n\u00e3o \u00e9 um ideal, belo mas na realidade inating\u00edvel. Deus garante a sua presen\u00e7a no matrim\u00f3nio e na fam\u00edlia, n\u00e3o s\u00f3 no dia do casamento, mas ao longo da vida inteira. Apoia-vos todos os dias no vosso caminho.<\/p>\n<p>2.\u00a0<i>\u00abUm passo mais\u00bb para abra\u00e7ar a cruz.<\/i><\/p>\n<p>Agrade\u00e7o-vos, Roberto e Maria Anselma, por nos terdes contado a hist\u00f3ria comovente da vossa fam\u00edlia, particularmente de Chiara. Falastes-nos da cruz, que faz parte da vida de cada pessoa e de cada fam\u00edlia. E destes testemunho de que a dura cruz da doen\u00e7a e da morte de Chiara n\u00e3o destruiu a fam\u00edlia nem eliminou a serenidade e a paz dos vossos cora\u00e7\u00f5es. Isto mesmo \u00e9 vis\u00edvel tamb\u00e9m nos vossos olhos. N\u00e3o sois pessoas abatidas, desesperadas e zangadas com a vida. Pelo contr\u00e1rio! De v\u00f3s transparece uma grande serenidade e uma grande f\u00e9. Dissestes: \u00abA serenidade de Chiara abriu-nos uma janela para a eternidade\u00bb. Ver como ela viveu a prova da doen\u00e7a ajudou-vos a levantar o olhar, n\u00e3o ficando prisioneiros da tribula\u00e7\u00e3o, mas abrindo-vos para algo maior: os des\u00edgnios misteriosos de Deus, a eternidade, o C\u00e9u. Obrigado por este testemunho de f\u00e9! Citastes tamb\u00e9m esta frase que Chiara dizia: \u00abDeus coloca a verdade em cada um de n\u00f3s, n\u00e3o \u00e9 poss\u00edvel retorc\u00ea-la\u00bb. No cora\u00e7\u00e3o de Chiara, Deus colocou a verdade duma vida santa e, por isso, quis salvar a vida do seu filho \u00e0 custa da pr\u00f3pria vida. E como esposa, ao lado do marido, percorreu o caminho do Evangelho da fam\u00edlia de forma simples e espont\u00e2nea. No cora\u00e7\u00e3o de Chiara, entrou tamb\u00e9m a verdade da cruz como dom de si mesma: uma vida doada \u00e0 sua fam\u00edlia, \u00e0 Igreja, ao mundo inteiro. Precisamos sempre de ter diante dos olhos grandes exemplos: sirva-nos Chiara de inspira\u00e7\u00e3o no nosso caminho de santidade, e que o Senhor sustente e torne fecundas as variadas cruzes que as fam\u00edlias carregam.<\/p>\n<p>3.\u00a0<i>\u00abUm passo mais\u00bb rumo ao perd\u00e3o<\/i><\/p>\n<p>Paul e Germaine, tivestes a coragem de contar a crise que vivestes no vosso matrim\u00f3nio. Agrade\u00e7o-vos por isso. Com efeito, h\u00e1 crises em todo o casamento: h\u00e1 que o reconhecer, devemos faz\u00ea-lo saber e procurar o caminho para as resolver. E n\u00e3o procurastes suavizar a realidade; mas chamastes pelo nome a todas as causas da crise: a falta de sinceridade, a infidelidade, o mau uso do dinheiro, os \u00eddolos do poder e da carreira, o rancor crescente e o endurecimento do cora\u00e7\u00e3o. Acho que, enquanto fal\u00e1veis, todos revivemos a dolorosa experi\u00eancia sentida perante situa\u00e7\u00f5es semelhantes de fam\u00edlias divididas. Ver a fam\u00edlia desagregar-se \u00e9 um drama que n\u00e3o nos pode deixar indiferentes. O sorriso dos esposos desaparece, os filhos sentem-se perdidos, de todos desaparece a serenidade. E, na maioria dos casos, n\u00e3o se sabe o que fazer.<\/p>\n<p>Por isso, a vossa hist\u00f3ria transmite esperan\u00e7a. Paul disse que, justamente no momento mais escuro da crise, o Senhor respondeu ao desejo mais profundo do seu cora\u00e7\u00e3o e salvou o seu casamento. \u00c9 mesmo assim. O desejo que existe no fundo do cora\u00e7\u00e3o de cada um \u00e9 que o amor n\u00e3o acabe, que a hist\u00f3ria constru\u00edda juntamente com a pessoa amada n\u00e3o se interrompa, que os frutos nela gerados n\u00e3o se percam. Todos t\u00eam este desejo. Ningu\u00e9m quer um amor de \u00abcurto prazo\u00bb ou com \u00abprazo estabelecido\u00bb. E por isso sofre-se tanto, quando as falhas, as neglig\u00eancias e os pecados humanos fazem naufragar um casamento. Entretanto, mesmo no meio da tempestade, Deus v\u00ea o que se passa no cora\u00e7\u00e3o. Providencialmente, v\u00f3s encontrastes um grupo de leigos que se dedica precisamente \u00e0s fam\u00edlias. A\u00ed come\u00e7ou um caminho de reaproxima\u00e7\u00e3o e cura da vossa rela\u00e7\u00e3o. Voltastes a falar entre v\u00f3s, a abrir-vos com sinceridade, a reconhecer as culpas, a rezar juntamente com outros casais, e tudo isso levou \u00e0 reconcilia\u00e7\u00e3o e ao perd\u00e3o.<\/p>\n<p>O perd\u00e3o, irm\u00e3os e irm\u00e3s, o perd\u00e3o cura todas as feridas; o perd\u00e3o \u00e9 um dom que brota da gra\u00e7a com a qual Cristo inunda o casal e a fam\u00edlia inteira, quando se deixa Ele agir, quando se volta para Ele. Foi muito bom terdes celebrado a vossa \u00abfesta do perd\u00e3o\u00bb, com os vossos filhos, renovando as promessas matrimoniais na Celebra\u00e7\u00e3o Eucar\u00edstica. Isto traz-me ao pensamento a festa que o pai organiza para o filho pr\u00f3digo na par\u00e1bola de Jesus (cf.\u00a0<i>Lc<\/i>\u00a015, 20-24). S\u00f3 que desta vez foram os pais que se extraviaram, n\u00e3o o filho! Os \u00abpais pr\u00f3digos\u00bb. Mas tamb\u00e9m isto \u00e9 bom, revelando-se um grande testemunho para os filhos. Com efeito eles, ultrapassada a inf\u00e2ncia, apercebem-se de que os pais n\u00e3o s\u00e3o \u00absuper-her\u00f3is\u00bb, n\u00e3o s\u00e3o omnipotentes e sobretudo n\u00e3o s\u00e3o perfeitos. Os vossos filhos viram em v\u00f3s algo muito mais importante: viram a humildade de pedir mutuamente perd\u00e3o e a for\u00e7a que recebestes do Senhor para vos levantar da queda. E os filhos t\u00eam verdadeiramente necessidade disto! De facto, tamb\u00e9m eles cometer\u00e3o erros na vida e descobrir\u00e3o que n\u00e3o s\u00e3o perfeitos; ent\u00e3o lembrar-se-\u00e3o que o Senhor nos levanta, que todos somos pecadores perdoados, que devemos pedir perd\u00e3o aos outros e por nossa vez deveremos tamb\u00e9m n\u00f3s perdoar. Esta li\u00e7\u00e3o que de v\u00f3s receberam permanecer\u00e1 no seu cora\u00e7\u00e3o para sempre. E, a n\u00f3s, tamb\u00e9m nos fez bem ouvir-vos: obrigado por este testemunho de perd\u00e3o! Muito obrigado!<\/p>\n<p>4.\u00a0<i>\u00abUm passo mais\u00bb rumo ao acolhimento<\/i><\/p>\n<p>Agrade\u00e7o-vos, Iryna e Sofia, pelo vosso testemunho. Destes voz a muitas pessoas, cuja vida foi transtornada pela guerra na Ucr\u00e2nia. Em v\u00f3s, vemos os rostos e as hist\u00f3rias de tantos homens e mulheres que tiveram de fugir da sua terra. Obrigado por n\u00e3o terdes perdido a f\u00e9 na Provid\u00eancia, vendo como Deus atua em vosso favor inclusivamente atrav\u00e9s das pessoas concretas que vos fez encontrar: fam\u00edlias hospitaleiras, m\u00e9dicos que vos ajudaram e tantas pessoas de bom cora\u00e7\u00e3o. A guerra confrontou-vos com o cinismo e a brutalidade humana, mas encontrastes tamb\u00e9m pessoas de grande humanidade.\u00a0<i>O pior e o melhor do ser humano!<\/i>\u00a0\u00c9 importante, para todos, n\u00e3o permanecer fixados no pior, mas valorizar o melhor, o bem imenso de que \u00e9 capaz todo ser humano e, a partir da\u00ed, recome\u00e7ar&#8230;<\/p>\n<p>Agrade\u00e7o tamb\u00e9m a v\u00f3s, Pietro e Erika, por terdes narrado a vossa hist\u00f3ria e pela generosidade com que acolhestes Iryna e Sofia no seio da vossa j\u00e1 numerosa fam\u00edlia. Confidenciastes-nos t\u00ea-lo feito por gratid\u00e3o a Deus e com esp\u00edrito de f\u00e9, como um apelo do Senhor. Erika disse que o acolhimento foi uma \u00abb\u00ean\u00e7\u00e3o do C\u00e9u\u00bb. De facto, o acolhimento \u00e9 precisamente um \u00abcarisma\u00bb das fam\u00edlias, sobretudo das numerosas! Pensa-se que, numa casa onde j\u00e1 est\u00e3o muitos, seja mais dif\u00edcil acolher outros; mas na realidade n\u00e3o \u00e9 assim, porque as fam\u00edlias com muitos filhos est\u00e3o treinadas para dar espa\u00e7o aos outros. Conseguem sempre encontrar espa\u00e7o para os outros.<\/p>\n<p>E esta, no fim de contas, \u00e9 a din\u00e2mica pr\u00f3pria da fam\u00edlia. Na fam\u00edlia, vive-se uma din\u00e2mica de acolhimento, porque antes de mais nada os esposos acolheram-se mutuamente, como disseram um ao outro no dia do casamento: \u00abEu \u2026 recebo-te a ti \u2026\u00bb. E depois, ao trazer os filhos ao mundo, acolheram a vida de novas criaturas. E enquanto, nos contextos an\u00f3nimos, quem \u00e9 mais fr\u00e1gil acaba frequentemente rejeitado, j\u00e1 nas fam\u00edlias \u00e9 natural acolh\u00ea-lo: um filho portador duma defici\u00eancia, uma pessoa idosa necessitada de cuidados, um parente em dificuldade que n\u00e3o tem ningu\u00e9m&#8230; E isto d\u00e1 esperan\u00e7a. As fam\u00edlias s\u00e3o lugares de acolhimento, e ai de n\u00f3s se deixassem de existir! Ai de n\u00f3s! Sem fam\u00edlias acolhedoras, a sociedade tornar-se-ia fria e inabit\u00e1vel. Estas fam\u00edlias acolhedoras e generosas s\u00e3o de certo modo o calor da sociedade.<\/p>\n<p>5.\u00a0<i>\u00abUm passo mais\u00bb rumo \u00e0 fraternidade<\/i><\/p>\n<p>Agrade\u00e7o-te, Zakia, por nos teres contado a tua hist\u00f3ria. \u00c9 maravilhoso e consolador ver que continua vivo aquilo que constru\u00edstes juntos, tu e Luca. A vossa hist\u00f3ria nasceu e assentou na partilha de ideais muito altos, que tu assim descreveste: \u00abBaseamos a nossa fam\u00edlia no amor aut\u00eantico, com respeito, solidariedade e di\u00e1logo entre as nossas culturas\u00bb. E nada disto se perdeu, nem mesmo depois da tr\u00e1gica morte de Luca. De facto, n\u00e3o s\u00f3 permanecem vivos e interpelam a consci\u00eancia de muitos o exemplo e a heran\u00e7a espiritual de Luca, mas a pr\u00f3pria organiza\u00e7\u00e3o que Zakia fundou de certo modo continua a sua miss\u00e3o. Mais, podemos dizer que a miss\u00e3o diplom\u00e1tica de Luca agora tornou-se uma \u00abmiss\u00e3o de paz\u00bb de toda a fam\u00edlia. V\u00ea-se bem, na vossa hist\u00f3ria, como se podem entrela\u00e7ar aquilo que \u00e9 humano e aquilo que \u00e9 religi\u00e3o, dando \u00f3timos frutos. Em Zakia e Luca, encontramos a beleza do amor humano, a paix\u00e3o pela vida, o altru\u00edsmo e tamb\u00e9m a fidelidade ao pr\u00f3prio credo e \u00e0 pr\u00f3pria tradi\u00e7\u00e3o religiosa, fonte de inspira\u00e7\u00e3o e de for\u00e7a interior.<\/p>\n<p>Na vossa fam\u00edlia, expressa-se o ideal da fraternidade. Al\u00e9m de serdes marido e mulher, vivestes como irm\u00e3os na humanidade, como irm\u00e3os nas v\u00e1rias experi\u00eancias religiosas, como irm\u00e3os no compromisso social. Tamb\u00e9m esta \u00e9 uma escola que se aprende em fam\u00edlia. Vivendo juntos com quem \u00e9 diverso de mim, na fam\u00edlia aprende-se a ser irm\u00e3os e irm\u00e3s. Aprende-se a superar divis\u00f5es, preconceitos, fechamentos e a construir juntos algo grande e belo a partir daquilo que temos em comum. Exemplos vivos de fraternidade, como o de Luca e Zakia, d\u00e3o-nos esperan\u00e7a e fazem-nos olhar com mais confian\u00e7a para o nosso mundo dilacerado por divis\u00f5es e inimizades. Obrigado por este exemplo de fraternidade! E n\u00e3o quero terminar esta lembran\u00e7a de ambos, tu e Luca, sem mencionar a tua m\u00e3e. A tua m\u00e3e que est\u00e1 aqui e sempre te acompanhou no teu percurso: aqui vemos o bem que as sogras fazem numa fam\u00edlia: as boas sogras, as boas m\u00e3es! Agrade\u00e7o-lhe por ter vindo hoje contigo.<\/p>\n<p>Queridos amigos, cada uma das vossas fam\u00edlias tem uma miss\u00e3o a cumprir no mundo, um testemunho a dar. De modo particular n\u00f3s, os batizados, somos chamados a ser \u00abuma mensagem que o Esp\u00edrito Santo extrai da riqueza de Jesus Cristo e d\u00e1 ao seu povo\u00bb (Francisco, Exort. ap.\u00a0<i><a href=\"https:\/\/www.vatican.va\/content\/francesco\/pt\/apost_exhortations\/documents\/papa-francesco_esortazione-ap_20180319_gaudete-et-exsultate.html#A_tua_miss%C3%A3o_em_Cristo\">Gaudete et exsultate<\/a><\/i>, 21). Por isso proponho-vos que ponhais a v\u00f3s mesmos esta pergunta: Qual \u00e9 a palavra que o Senhor quer dizer, com a nossa vida, \u00e0s pessoas que encontramos? Qual \u00abpasso mais\u00bb pede hoje \u00e0 nossa fam\u00edlia? Melhor: \u00e0 minha fam\u00edlia, pois cada um se deve interrogar sobre isto. Colocai-vos \u00e0 escuta. Deixai-vos transformar por Ele, para que tamb\u00e9m v\u00f3s possais transformar o mundo e torn\u00e1-lo \u00abcasa\u00bb para quem tem necessidade de ser acolhido, para quem precisa de encontrar Cristo e sentir-se amado. Devemos viver com os olhos voltados para o C\u00e9u; como diziam os Beatos Maria e Luigi Beltrame Quattrocchi aos seus filhos, ao enfrentar as canseiras e as alegrias da vida, \u00abolhemos sempre do telhado para cima\u00bb.<\/p>\n<p>Obrigado por terdes vindo aqui. Agrade\u00e7o-vos pelo empenho com que levais por diante as vossas fam\u00edlias. Avante! Com coragem, com alegria\u2026 E, por favor, n\u00e3o vos esque\u00e7ais de rezar por mim.<\/p>\n<\/div>\n<hr \/>\n<p><em>Fonte: Vatican News<\/em><\/p>\n","protected":false},"excerpt":{"rendered":"<p>10\u00b0 Encontro Mundial das Fam\u00edlias.<\/p>\n","protected":false},"author":3,"featured_media":238616,"comment_status":"open","ping_status":"open","sticky":false,"template":"","format":"standard","meta":[],"categories":[1428],"tags":[838],"acf":[],"yoast_head":"<!-- This site is optimized with the Yoast SEO plugin v19.2 - https:\/\/yoast.com\/wordpress\/plugins\/seo\/ -->\n<title>Papa \u00e0s fam\u00edlias: vivam com os olhos voltados para o C\u00e9u - Not\u00edcias - Franciscanos<\/title>\n<meta name=\"robots\" content=\"index, follow, max-snippet:-1, max-image-preview:large, max-video-preview:-1\" \/>\n<link rel=\"canonical\" href=\"https:\/\/franciscanos.org.br\/noticias\/papa-as-familias-vivam-com-os-olhos-voltados-para-o-ceu.html\" \/>\n<meta property=\"og:locale\" content=\"pt_BR\" \/>\n<meta property=\"og:type\" content=\"article\" \/>\n<meta property=\"og:title\" content=\"Papa \u00e0s fam\u00edlias: vivam com os olhos voltados para o C\u00e9u - Not\u00edcias - Franciscanos\" \/>\n<meta property=\"og:description\" content=\"10\u00b0 Encontro Mundial das Fam\u00edlias.\" \/>\n<meta property=\"og:url\" content=\"https:\/\/franciscanos.org.br\/noticias\/papa-as-familias-vivam-com-os-olhos-voltados-para-o-ceu.html\" \/>\n<meta property=\"og:site_name\" content=\"Not\u00edcias - Franciscanos\" \/>\n<meta property=\"article:published_time\" content=\"2022-06-23T10:01:51+00:00\" \/>\n<meta property=\"article:modified_time\" content=\"2022-06-23T10:08:07+00:00\" \/>\n<meta property=\"og:image\" content=\"https:\/\/franciscanos.org.br\/noticias\/wp-content\/uploads\/2022\/06\/familia_01.jpeg\" \/>\n\t<meta property=\"og:image:width\" content=\"1000\" \/>\n\t<meta property=\"og:image:height\" content=\"563\" \/>\n\t<meta property=\"og:image:type\" content=\"image\/jpeg\" \/>\n<meta name=\"author\" content=\"moacir\" \/>\n<meta name=\"twitter:card\" content=\"summary_large_image\" \/>\n<meta name=\"twitter:label1\" content=\"Escrito por\" \/>\n\t<meta name=\"twitter:data1\" content=\"moacir\" \/>\n\t<meta name=\"twitter:label2\" content=\"Est. tempo de leitura\" \/>\n\t<meta name=\"twitter:data2\" content=\"22 minutos\" \/>\n<script type=\"application\/ld+json\" class=\"yoast-schema-graph\">{\"@context\":\"https:\/\/schema.org\",\"@graph\":[{\"@type\":\"WebSite\",\"@id\":\"https:\/\/franciscanos.org.br\/noticias\/#website\",\"url\":\"https:\/\/franciscanos.org.br\/noticias\/\",\"name\":\"Not\u00edcias - Franciscanos\",\"description\":\"Prov\u00edncia Franciscana da Imaculada Concei\u00e7\u00e3o do Brasil - Ordem dos Frades Menores - OFM\",\"potentialAction\":[{\"@type\":\"SearchAction\",\"target\":{\"@type\":\"EntryPoint\",\"urlTemplate\":\"https:\/\/franciscanos.org.br\/noticias\/?s={search_term_string}\"},\"query-input\":\"required name=search_term_string\"}],\"inLanguage\":\"pt-BR\"},{\"@type\":\"ImageObject\",\"inLanguage\":\"pt-BR\",\"@id\":\"https:\/\/franciscanos.org.br\/noticias\/papa-as-familias-vivam-com-os-olhos-voltados-para-o-ceu.html#primaryimage\",\"url\":\"https:\/\/franciscanos.org.br\/noticias\/wp-content\/uploads\/2022\/06\/familia_01.jpeg\",\"contentUrl\":\"https:\/\/franciscanos.org.br\/noticias\/wp-content\/uploads\/2022\/06\/familia_01.jpeg\",\"width\":1000,\"height\":563},{\"@type\":\"WebPage\",\"@id\":\"https:\/\/franciscanos.org.br\/noticias\/papa-as-familias-vivam-com-os-olhos-voltados-para-o-ceu.html#webpage\",\"url\":\"https:\/\/franciscanos.org.br\/noticias\/papa-as-familias-vivam-com-os-olhos-voltados-para-o-ceu.html\",\"name\":\"Papa \u00e0s fam\u00edlias: vivam com os olhos voltados para o C\u00e9u - Not\u00edcias - Franciscanos\",\"isPartOf\":{\"@id\":\"https:\/\/franciscanos.org.br\/noticias\/#website\"},\"primaryImageOfPage\":{\"@id\":\"https:\/\/franciscanos.org.br\/noticias\/papa-as-familias-vivam-com-os-olhos-voltados-para-o-ceu.html#primaryimage\"},\"datePublished\":\"2022-06-23T10:01:51+00:00\",\"dateModified\":\"2022-06-23T10:08:07+00:00\",\"author\":{\"@id\":\"https:\/\/franciscanos.org.br\/noticias\/#\/schema\/person\/b5c8cba458c330ccff548b056e95a5d4\"},\"breadcrumb\":{\"@id\":\"https:\/\/franciscanos.org.br\/noticias\/papa-as-familias-vivam-com-os-olhos-voltados-para-o-ceu.html#breadcrumb\"},\"inLanguage\":\"pt-BR\",\"potentialAction\":[{\"@type\":\"ReadAction\",\"target\":[\"https:\/\/franciscanos.org.br\/noticias\/papa-as-familias-vivam-com-os-olhos-voltados-para-o-ceu.html\"]}]},{\"@type\":\"BreadcrumbList\",\"@id\":\"https:\/\/franciscanos.org.br\/noticias\/papa-as-familias-vivam-com-os-olhos-voltados-para-o-ceu.html#breadcrumb\",\"itemListElement\":[{\"@type\":\"ListItem\",\"position\":1,\"name\":\"Home\",\"item\":\"https:\/\/franciscanos.org.br\/noticias\"},{\"@type\":\"ListItem\",\"position\":2,\"name\":\"Papa \u00e0s fam\u00edlias: vivam com os olhos voltados para o C\u00e9u\"}]},{\"@type\":\"Person\",\"@id\":\"https:\/\/franciscanos.org.br\/noticias\/#\/schema\/person\/b5c8cba458c330ccff548b056e95a5d4\",\"name\":\"moacir\",\"image\":{\"@type\":\"ImageObject\",\"inLanguage\":\"pt-BR\",\"@id\":\"https:\/\/franciscanos.org.br\/noticias\/#\/schema\/person\/image\/\",\"url\":\"https:\/\/secure.gravatar.com\/avatar\/d08aa2ce4c8dd416d4479aa8536fcf64?s=96&d=mm&r=g\",\"contentUrl\":\"https:\/\/secure.gravatar.com\/avatar\/d08aa2ce4c8dd416d4479aa8536fcf64?s=96&d=mm&r=g\",\"caption\":\"moacir\"},\"url\":\"https:\/\/franciscanos.org.br\/noticias\/author\/moacir\"}]}<\/script>\n<!-- \/ Yoast SEO plugin. -->","yoast_head_json":{"title":"Papa \u00e0s fam\u00edlias: vivam com os olhos voltados para o C\u00e9u - Not\u00edcias - Franciscanos","robots":{"index":"index","follow":"follow","max-snippet":"max-snippet:-1","max-image-preview":"max-image-preview:large","max-video-preview":"max-video-preview:-1"},"canonical":"https:\/\/franciscanos.org.br\/noticias\/papa-as-familias-vivam-com-os-olhos-voltados-para-o-ceu.html","og_locale":"pt_BR","og_type":"article","og_title":"Papa \u00e0s fam\u00edlias: vivam com os olhos voltados para o C\u00e9u - Not\u00edcias - Franciscanos","og_description":"10\u00b0 Encontro Mundial das Fam\u00edlias.","og_url":"https:\/\/franciscanos.org.br\/noticias\/papa-as-familias-vivam-com-os-olhos-voltados-para-o-ceu.html","og_site_name":"Not\u00edcias - Franciscanos","article_published_time":"2022-06-23T10:01:51+00:00","article_modified_time":"2022-06-23T10:08:07+00:00","og_image":[{"width":1000,"height":563,"url":"https:\/\/franciscanos.org.br\/noticias\/wp-content\/uploads\/2022\/06\/familia_01.jpeg","type":"image\/jpeg"}],"author":"moacir","twitter_card":"summary_large_image","twitter_misc":{"Escrito por":"moacir","Est. tempo de leitura":"22 minutos"},"schema":{"@context":"https:\/\/schema.org","@graph":[{"@type":"WebSite","@id":"https:\/\/franciscanos.org.br\/noticias\/#website","url":"https:\/\/franciscanos.org.br\/noticias\/","name":"Not\u00edcias - Franciscanos","description":"Prov\u00edncia Franciscana da Imaculada Concei\u00e7\u00e3o do Brasil - Ordem dos Frades Menores - OFM","potentialAction":[{"@type":"SearchAction","target":{"@type":"EntryPoint","urlTemplate":"https:\/\/franciscanos.org.br\/noticias\/?s={search_term_string}"},"query-input":"required name=search_term_string"}],"inLanguage":"pt-BR"},{"@type":"ImageObject","inLanguage":"pt-BR","@id":"https:\/\/franciscanos.org.br\/noticias\/papa-as-familias-vivam-com-os-olhos-voltados-para-o-ceu.html#primaryimage","url":"https:\/\/franciscanos.org.br\/noticias\/wp-content\/uploads\/2022\/06\/familia_01.jpeg","contentUrl":"https:\/\/franciscanos.org.br\/noticias\/wp-content\/uploads\/2022\/06\/familia_01.jpeg","width":1000,"height":563},{"@type":"WebPage","@id":"https:\/\/franciscanos.org.br\/noticias\/papa-as-familias-vivam-com-os-olhos-voltados-para-o-ceu.html#webpage","url":"https:\/\/franciscanos.org.br\/noticias\/papa-as-familias-vivam-com-os-olhos-voltados-para-o-ceu.html","name":"Papa \u00e0s fam\u00edlias: vivam com os olhos voltados para o C\u00e9u - Not\u00edcias - Franciscanos","isPartOf":{"@id":"https:\/\/franciscanos.org.br\/noticias\/#website"},"primaryImageOfPage":{"@id":"https:\/\/franciscanos.org.br\/noticias\/papa-as-familias-vivam-com-os-olhos-voltados-para-o-ceu.html#primaryimage"},"datePublished":"2022-06-23T10:01:51+00:00","dateModified":"2022-06-23T10:08:07+00:00","author":{"@id":"https:\/\/franciscanos.org.br\/noticias\/#\/schema\/person\/b5c8cba458c330ccff548b056e95a5d4"},"breadcrumb":{"@id":"https:\/\/franciscanos.org.br\/noticias\/papa-as-familias-vivam-com-os-olhos-voltados-para-o-ceu.html#breadcrumb"},"inLanguage":"pt-BR","potentialAction":[{"@type":"ReadAction","target":["https:\/\/franciscanos.org.br\/noticias\/papa-as-familias-vivam-com-os-olhos-voltados-para-o-ceu.html"]}]},{"@type":"BreadcrumbList","@id":"https:\/\/franciscanos.org.br\/noticias\/papa-as-familias-vivam-com-os-olhos-voltados-para-o-ceu.html#breadcrumb","itemListElement":[{"@type":"ListItem","position":1,"name":"Home","item":"https:\/\/franciscanos.org.br\/noticias"},{"@type":"ListItem","position":2,"name":"Papa \u00e0s fam\u00edlias: vivam com os olhos voltados para o C\u00e9u"}]},{"@type":"Person","@id":"https:\/\/franciscanos.org.br\/noticias\/#\/schema\/person\/b5c8cba458c330ccff548b056e95a5d4","name":"moacir","image":{"@type":"ImageObject","inLanguage":"pt-BR","@id":"https:\/\/franciscanos.org.br\/noticias\/#\/schema\/person\/image\/","url":"https:\/\/secure.gravatar.com\/avatar\/d08aa2ce4c8dd416d4479aa8536fcf64?s=96&d=mm&r=g","contentUrl":"https:\/\/secure.gravatar.com\/avatar\/d08aa2ce4c8dd416d4479aa8536fcf64?s=96&d=mm&r=g","caption":"moacir"},"url":"https:\/\/franciscanos.org.br\/noticias\/author\/moacir"}]}},"_links":{"self":[{"href":"https:\/\/franciscanos.org.br\/noticias\/wp-json\/wp\/v2\/posts\/238615"}],"collection":[{"href":"https:\/\/franciscanos.org.br\/noticias\/wp-json\/wp\/v2\/posts"}],"about":[{"href":"https:\/\/franciscanos.org.br\/noticias\/wp-json\/wp\/v2\/types\/post"}],"author":[{"embeddable":true,"href":"https:\/\/franciscanos.org.br\/noticias\/wp-json\/wp\/v2\/users\/3"}],"replies":[{"embeddable":true,"href":"https:\/\/franciscanos.org.br\/noticias\/wp-json\/wp\/v2\/comments?post=238615"}],"version-history":[{"count":3,"href":"https:\/\/franciscanos.org.br\/noticias\/wp-json\/wp\/v2\/posts\/238615\/revisions"}],"predecessor-version":[{"id":238619,"href":"https:\/\/franciscanos.org.br\/noticias\/wp-json\/wp\/v2\/posts\/238615\/revisions\/238619"}],"wp:featuredmedia":[{"embeddable":true,"href":"https:\/\/franciscanos.org.br\/noticias\/wp-json\/wp\/v2\/media\/238616"}],"wp:attachment":[{"href":"https:\/\/franciscanos.org.br\/noticias\/wp-json\/wp\/v2\/media?parent=238615"}],"wp:term":[{"taxonomy":"category","embeddable":true,"href":"https:\/\/franciscanos.org.br\/noticias\/wp-json\/wp\/v2\/categories?post=238615"},{"taxonomy":"post_tag","embeddable":true,"href":"https:\/\/franciscanos.org.br\/noticias\/wp-json\/wp\/v2\/tags?post=238615"}],"curies":[{"name":"wp","href":"https:\/\/api.w.org\/{rel}","templated":true}]}}