{"id":238608,"date":"2022-06-22T13:39:22","date_gmt":"2022-06-22T16:39:22","guid":{"rendered":"https:\/\/franciscanos.org.br\/noticias\/?p=238608"},"modified":"2022-06-22T13:40:19","modified_gmt":"2022-06-22T16:40:19","slug":"dom-covili-foca-sua-mensagem-nos-mais-pobres-e-migrantes-em-sua-ordenacao-episcopal","status":"publish","type":"post","link":"https:\/\/franciscanos.org.br\/noticias\/dom-covili-foca-sua-mensagem-nos-mais-pobres-e-migrantes-em-sua-ordenacao-episcopal.html","title":{"rendered":"Dom Covili foca sua mensagem nos mais pobres e migrantes em sua ordena\u00e7\u00e3o episcopal"},"content":{"rendered":"<p><img loading=\"lazy\" class=\"alignnone size-full wp-image-238609\" src=\"https:\/\/franciscanos.org.br\/noticias\/wp-content\/uploads\/2022\/06\/iquique_01.jpeg\" alt=\"\" width=\"1000\" height=\"563\" srcset=\"https:\/\/franciscanos.org.br\/noticias\/wp-content\/uploads\/2022\/06\/iquique_01.jpeg 1000w, https:\/\/franciscanos.org.br\/noticias\/wp-content\/uploads\/2022\/06\/iquique_01-450x253.jpeg 450w, https:\/\/franciscanos.org.br\/noticias\/wp-content\/uploads\/2022\/06\/iquique_01-768x432.jpeg 768w, https:\/\/franciscanos.org.br\/noticias\/wp-content\/uploads\/2022\/06\/iquique_01-150x84.jpeg 150w\" sizes=\"(max-width: 1000px) 100vw, 1000px\" \/><\/p>\n<p><strong>Iquique (Chile<\/strong>) &#8211; A cidade de Iquique e o povo de Deus peregrino da regi\u00e3o receberam seu novo bispo Isauro Covili Linfati, OFM, no \u00faltimo dia 18 de junho. Com uma celebra\u00e7\u00e3o na Pra\u00e7a Prat, os cidad\u00e3os puderam conhec\u00ea-lo e depois de uma prociss\u00e3o pelo centro da cidade, realizou-se a sua ordena\u00e7\u00e3o episcopal, numa concorrida festa realizada na Catedral. Ali foi ordenado pelo Cardeal Celestino A\u00f3s, juntamente com o N\u00fancio Alberto Ortega e Dom Jorge Concha, que foram acompanhados por v\u00e1rios representantes do episcopado nacional, do clero, do diaconato, da vida religiosa, dos leigos e das dan\u00e7as religiosas.<\/p>\n<p>Presentes na celebra\u00e7\u00e3o, o Ministro Geral da Ordem dos Frades Menores, Frei Massimo Fusarelli, e o Definidor Geral para a Am\u00e9rica Latina, o brasileiro Frei C\u00e9sar K\u00fclkamp. Desde a chegada, no dia 15, o Ministro Geral tem tido uma agenda cheia, quando fez uma visita fraterna \u00e0 Prov\u00edncia da Sant\u00edssima Trindade do Chile e tamb\u00e9m se encontrou com os Frades Capuchinhos e Conventuais.<\/p>\n<p>Dom Isauro disse que chegou \u201ca esta regi\u00e3o e Diocese de Iquique disposto a ouvir, aprender, conhecer, dialogar e colaborar no cuidado da vida e na preserva\u00e7\u00e3o da qualidade da conviv\u00eancia humana. O Papa Francisco me escolheu Bispo para a Igreja que peregrina no norte com rosto mariano. O povo de Deus, com cara de religiosidade popular, com sua tradi\u00e7\u00e3o e vis\u00e3o de mundo do homem e de Deus. Povo de Deus com rosto de interculturalidade e internacionalidade, que se abra\u00e7am na sua diversidade com as dificuldades que ela provoca e que infelizmente t\u00eam sofrido nos \u00faltimos tempos. Estou sendo enviado por uma Igreja que soube estar perto dos pobres, dos migrantes, dos necessitados. Continuaremos com eles porque s\u00e3o os favoritos de Deus. O Deus do Reino e sua justi\u00e7a proclamados e vividos por Jesus de Nazar\u00e9, Senhor do tempo e da eternidade\u201d. No final, recordou que Maria \u00e9 a M\u00e3e e Rainha de toda a cria\u00e7\u00e3o, pedindo que \u201cnos ajude a olhar o presente na amizade social, com compreens\u00e3o, com sabedoria, em fraternidade e amor digno&#8221;.<\/p>\n<p><img loading=\"lazy\" class=\"alignnone size-full wp-image-238611\" src=\"https:\/\/franciscanos.org.br\/noticias\/wp-content\/uploads\/2022\/06\/Gale62ae2681ccb45_18062022_324pm.jpeg\" alt=\"\" width=\"1000\" height=\"563\" srcset=\"https:\/\/franciscanos.org.br\/noticias\/wp-content\/uploads\/2022\/06\/Gale62ae2681ccb45_18062022_324pm.jpeg 1000w, https:\/\/franciscanos.org.br\/noticias\/wp-content\/uploads\/2022\/06\/Gale62ae2681ccb45_18062022_324pm-450x253.jpeg 450w, https:\/\/franciscanos.org.br\/noticias\/wp-content\/uploads\/2022\/06\/Gale62ae2681ccb45_18062022_324pm-768x432.jpeg 768w, https:\/\/franciscanos.org.br\/noticias\/wp-content\/uploads\/2022\/06\/Gale62ae2681ccb45_18062022_324pm-150x84.jpeg 150w\" sizes=\"(max-width: 1000px) 100vw, 1000px\" \/><\/p>\n<p>&nbsp;<\/p>\n<p><strong>Compromisso pela paz para banir a viol\u00eancia<\/strong><\/p>\n<p>Antes da b\u00ean\u00e7\u00e3o solene, Dom Isauro tamb\u00e9m transmitiu uma sincera mensagem de agradecimento \u00e0 sua fam\u00edlia e \u00e0 comunidade religiosa franciscana, \u00e0 vida religiosa em geral, aos leigos e a todos os que participaram da celebra\u00e7\u00e3o presencial ou remotamente. Ele tamb\u00e9m expressou sua gratid\u00e3o ao Papa Francisco, n\u00e3o apenas por escolh\u00ea-lo como bispo, mas tamb\u00e9m por seus esfor\u00e7os para renovar a Igreja. Reiterou o seu apelo a trabalhar juntos pelo Reino de Deus e pela sua justi\u00e7a, que escolheu como lema episcopal.<\/p>\n<p>\u201cNossa regi\u00e3o sofre a dor e os gritos dos povos vizinhos, de uma humanidade ferida por problemas pol\u00edticos, sociais e econ\u00f4micos de outras na\u00e7\u00f5es irm\u00e3s\u201d, disse o bispo, reiterando diante da complexidade do problema migrat\u00f3rio, que ningu\u00e9m se salva sozinho. \u201cVenho \u00e0 diocese com um \u00fanico desejo: que todos sejamos disc\u00edpulos de Jesus, em comunh\u00e3o com a Igreja Universal e Chilena, pr\u00f3ximos do invis\u00edvel\u201d, enfatizou. Ele tamb\u00e9m chamou a cultivar uma profunda vida de ora\u00e7\u00e3o, a olhar a realidade com olhos compassivos, \u201cse n\u00e3o, nossa a\u00e7\u00e3o pastoral corre o risco de cair na ideologia, na busca de interesses individualistas\u201d, disse ele.<\/p>\n<p>&nbsp;<\/p>\n<p>Ele tamb\u00e9m nos convidou a continuar construindo a vida comunit\u00e1ria com aud\u00e1cia evang\u00e9lica e pastoral &#8220;para que possamos colocar o vinho novo em odres novos&#8221;, enfatizando que a sinodalidade, o caminhar juntos, &#8220;nos permitir\u00e1 olhar e rever nossas estruturas pastorais e descobrir novas locais de miss\u00e3o junto com outros credos religiosos e organiza\u00e7\u00f5es populares\u201d. Al\u00e9m disso, o p\u00e1roco pediu para renovar \u201cnossa op\u00e7\u00e3o preferencial pelos pobres, colocando-nos na melhor tradi\u00e7\u00e3o da Igreja latino-americana e caribenha\u201d, levando em conta o que foi indicado pelos bispos da Confer\u00eancia de Medell\u00edn em diante.<\/p>\n<div id=\"attachment_238610\" style=\"width: 1034px\" class=\"wp-caption alignnone\"><img aria-describedby=\"caption-attachment-238610\" loading=\"lazy\" class=\"wp-image-238610 size-full\" src=\"https:\/\/franciscanos.org.br\/noticias\/wp-content\/uploads\/2022\/06\/Isauro-Obispo.jpeg\" alt=\"\" width=\"1024\" height=\"768\" srcset=\"https:\/\/franciscanos.org.br\/noticias\/wp-content\/uploads\/2022\/06\/Isauro-Obispo.jpeg 1024w, https:\/\/franciscanos.org.br\/noticias\/wp-content\/uploads\/2022\/06\/Isauro-Obispo-450x338.jpeg 450w, https:\/\/franciscanos.org.br\/noticias\/wp-content\/uploads\/2022\/06\/Isauro-Obispo-768x576.jpeg 768w, https:\/\/franciscanos.org.br\/noticias\/wp-content\/uploads\/2022\/06\/Isauro-Obispo-150x113.jpeg 150w, https:\/\/franciscanos.org.br\/noticias\/wp-content\/uploads\/2022\/06\/Isauro-Obispo-600x450.jpeg 600w\" sizes=\"(max-width: 1024px) 100vw, 1024px\" \/><p id=\"caption-attachment-238610\" class=\"wp-caption-text\"><em>Dom Covili com o Ministro Geral Frei Massimo<\/em><\/p><\/div>\n<p>Isauro Covili tamb\u00e9m destacou como prioridade o desenvolvimento de \u201cambientes saud\u00e1veis \u200b\u200be seguros para que nunca ocorram situa\u00e7\u00f5es de abuso no Chile e no mundo. Como pastor, pe\u00e7o perd\u00e3o em nome da diocese que presido a partir de hoje, a todos aqueles que sofreram algum tipo de abuso\u201d.<\/p>\n<p>Diante dos sinais de maior viol\u00eancia e conflito que se experimentam atualmente, o bispo convidou um compromisso pela paz, que assume e confronta a exist\u00eancia de um sistema que produz grandes desigualdades.<\/p>\n<p>Por fim, o p\u00e1roco rec\u00e9m-ordenado pediu que continuem a cham\u00e1-lo de &#8220;irm\u00e3o Isauro&#8221; ou &#8220;irm\u00e3o bispo&#8221;, instando a aprofundar o compromisso crist\u00e3o &#8220;por causa da paz, da justi\u00e7a, da repara\u00e7\u00e3o e do cuidado da cria\u00e7\u00e3o, para que cooperemos de um modo humano evang\u00e9lico, e se me permitem franciscano, ideias da Doutrina Social da Igreja que brotam do Evangelho para formar comunidades humanas e crist\u00e3s, onde homens e mulheres sejam mais e melhores pessoas fraternas e solid\u00e1rias\u201d.<\/p>\n<div id=\"attachment_238612\" style=\"width: 1034px\" class=\"wp-caption alignnone\"><img aria-describedby=\"caption-attachment-238612\" loading=\"lazy\" class=\"wp-image-238612 size-full\" src=\"https:\/\/franciscanos.org.br\/noticias\/wp-content\/uploads\/2022\/06\/Familia-Franciscana-1024x841-1.jpg\" alt=\"\" width=\"1024\" height=\"841\" srcset=\"https:\/\/franciscanos.org.br\/noticias\/wp-content\/uploads\/2022\/06\/Familia-Franciscana-1024x841-1.jpg 1024w, https:\/\/franciscanos.org.br\/noticias\/wp-content\/uploads\/2022\/06\/Familia-Franciscana-1024x841-1-450x370.jpg 450w, https:\/\/franciscanos.org.br\/noticias\/wp-content\/uploads\/2022\/06\/Familia-Franciscana-1024x841-1-768x631.jpg 768w, https:\/\/franciscanos.org.br\/noticias\/wp-content\/uploads\/2022\/06\/Familia-Franciscana-1024x841-1-150x123.jpg 150w\" sizes=\"(max-width: 1024px) 100vw, 1024px\" \/><p id=\"caption-attachment-238612\" class=\"wp-caption-text\"><em>Frei Massimo e Frei C\u00e9sar se encontram com os Frades Conventuais e Capuchinhos<\/em><\/p><\/div>\n<hr \/>\n<p><em>Fonte: Comunicac\u00f5es CECh &#8211; Iquique<\/em><\/p>\n<p><em>Imagem: Diocese de Iquique<\/em><\/p>\n","protected":false},"excerpt":{"rendered":"<p>Ordena\u00e7\u00e3o Episcopal de Dom Isauro Covili Linfati<\/p>\n","protected":false},"author":3,"featured_media":238609,"comment_status":"open","ping_status":"open","sticky":false,"template":"","format":"standard","meta":[],"categories":[1],"tags":[2037],"acf":[],"yoast_head":"<!-- This site is optimized with the Yoast SEO plugin v19.2 - https:\/\/yoast.com\/wordpress\/plugins\/seo\/ -->\n<title>Dom Covili foca sua mensagem nos mais pobres e migrantes em sua ordena\u00e7\u00e3o episcopal - Not\u00edcias - Franciscanos<\/title>\n<meta name=\"robots\" content=\"index, follow, max-snippet:-1, max-image-preview:large, max-video-preview:-1\" \/>\n<link rel=\"canonical\" href=\"https:\/\/franciscanos.org.br\/noticias\/dom-covili-foca-sua-mensagem-nos-mais-pobres-e-migrantes-em-sua-ordenacao-episcopal.html\" \/>\n<meta property=\"og:locale\" content=\"pt_BR\" \/>\n<meta property=\"og:type\" content=\"article\" \/>\n<meta property=\"og:title\" content=\"Dom Covili foca sua mensagem nos mais pobres e migrantes em sua ordena\u00e7\u00e3o episcopal - Not\u00edcias - Franciscanos\" \/>\n<meta property=\"og:description\" content=\"Ordena\u00e7\u00e3o Episcopal de Dom Isauro Covili Linfati\" \/>\n<meta property=\"og:url\" content=\"https:\/\/franciscanos.org.br\/noticias\/dom-covili-foca-sua-mensagem-nos-mais-pobres-e-migrantes-em-sua-ordenacao-episcopal.html\" \/>\n<meta property=\"og:site_name\" content=\"Not\u00edcias - Franciscanos\" \/>\n<meta property=\"article:published_time\" content=\"2022-06-22T16:39:22+00:00\" \/>\n<meta property=\"article:modified_time\" content=\"2022-06-22T16:40:19+00:00\" \/>\n<meta property=\"og:image\" content=\"https:\/\/franciscanos.org.br\/noticias\/wp-content\/uploads\/2022\/06\/iquique_01.jpeg\" \/>\n\t<meta property=\"og:image:width\" content=\"1000\" \/>\n\t<meta property=\"og:image:height\" content=\"563\" \/>\n\t<meta property=\"og:image:type\" content=\"image\/jpeg\" \/>\n<meta name=\"author\" content=\"moacir\" \/>\n<meta name=\"twitter:card\" content=\"summary_large_image\" \/>\n<meta name=\"twitter:label1\" content=\"Escrito por\" \/>\n\t<meta name=\"twitter:data1\" content=\"moacir\" \/>\n\t<meta name=\"twitter:label2\" content=\"Est. tempo de leitura\" \/>\n\t<meta name=\"twitter:data2\" content=\"5 minutos\" \/>\n<script type=\"application\/ld+json\" class=\"yoast-schema-graph\">{\"@context\":\"https:\/\/schema.org\",\"@graph\":[{\"@type\":\"WebSite\",\"@id\":\"https:\/\/franciscanos.org.br\/noticias\/#website\",\"url\":\"https:\/\/franciscanos.org.br\/noticias\/\",\"name\":\"Not\u00edcias - Franciscanos\",\"description\":\"Prov\u00edncia Franciscana da Imaculada Concei\u00e7\u00e3o do Brasil - Ordem dos Frades Menores - OFM\",\"potentialAction\":[{\"@type\":\"SearchAction\",\"target\":{\"@type\":\"EntryPoint\",\"urlTemplate\":\"https:\/\/franciscanos.org.br\/noticias\/?s={search_term_string}\"},\"query-input\":\"required name=search_term_string\"}],\"inLanguage\":\"pt-BR\"},{\"@type\":\"ImageObject\",\"inLanguage\":\"pt-BR\",\"@id\":\"https:\/\/franciscanos.org.br\/noticias\/dom-covili-foca-sua-mensagem-nos-mais-pobres-e-migrantes-em-sua-ordenacao-episcopal.html#primaryimage\",\"url\":\"https:\/\/franciscanos.org.br\/noticias\/wp-content\/uploads\/2022\/06\/iquique_01.jpeg\",\"contentUrl\":\"https:\/\/franciscanos.org.br\/noticias\/wp-content\/uploads\/2022\/06\/iquique_01.jpeg\",\"width\":1000,\"height\":563},{\"@type\":\"WebPage\",\"@id\":\"https:\/\/franciscanos.org.br\/noticias\/dom-covili-foca-sua-mensagem-nos-mais-pobres-e-migrantes-em-sua-ordenacao-episcopal.html#webpage\",\"url\":\"https:\/\/franciscanos.org.br\/noticias\/dom-covili-foca-sua-mensagem-nos-mais-pobres-e-migrantes-em-sua-ordenacao-episcopal.html\",\"name\":\"Dom Covili foca sua mensagem nos mais pobres e migrantes em sua ordena\u00e7\u00e3o episcopal - Not\u00edcias - Franciscanos\",\"isPartOf\":{\"@id\":\"https:\/\/franciscanos.org.br\/noticias\/#website\"},\"primaryImageOfPage\":{\"@id\":\"https:\/\/franciscanos.org.br\/noticias\/dom-covili-foca-sua-mensagem-nos-mais-pobres-e-migrantes-em-sua-ordenacao-episcopal.html#primaryimage\"},\"datePublished\":\"2022-06-22T16:39:22+00:00\",\"dateModified\":\"2022-06-22T16:40:19+00:00\",\"author\":{\"@id\":\"https:\/\/franciscanos.org.br\/noticias\/#\/schema\/person\/b5c8cba458c330ccff548b056e95a5d4\"},\"breadcrumb\":{\"@id\":\"https:\/\/franciscanos.org.br\/noticias\/dom-covili-foca-sua-mensagem-nos-mais-pobres-e-migrantes-em-sua-ordenacao-episcopal.html#breadcrumb\"},\"inLanguage\":\"pt-BR\",\"potentialAction\":[{\"@type\":\"ReadAction\",\"target\":[\"https:\/\/franciscanos.org.br\/noticias\/dom-covili-foca-sua-mensagem-nos-mais-pobres-e-migrantes-em-sua-ordenacao-episcopal.html\"]}]},{\"@type\":\"BreadcrumbList\",\"@id\":\"https:\/\/franciscanos.org.br\/noticias\/dom-covili-foca-sua-mensagem-nos-mais-pobres-e-migrantes-em-sua-ordenacao-episcopal.html#breadcrumb\",\"itemListElement\":[{\"@type\":\"ListItem\",\"position\":1,\"name\":\"Home\",\"item\":\"https:\/\/franciscanos.org.br\/noticias\"},{\"@type\":\"ListItem\",\"position\":2,\"name\":\"Dom Covili foca sua mensagem nos mais pobres e migrantes em sua ordena\u00e7\u00e3o episcopal\"}]},{\"@type\":\"Person\",\"@id\":\"https:\/\/franciscanos.org.br\/noticias\/#\/schema\/person\/b5c8cba458c330ccff548b056e95a5d4\",\"name\":\"moacir\",\"image\":{\"@type\":\"ImageObject\",\"inLanguage\":\"pt-BR\",\"@id\":\"https:\/\/franciscanos.org.br\/noticias\/#\/schema\/person\/image\/\",\"url\":\"https:\/\/secure.gravatar.com\/avatar\/d08aa2ce4c8dd416d4479aa8536fcf64?s=96&d=mm&r=g\",\"contentUrl\":\"https:\/\/secure.gravatar.com\/avatar\/d08aa2ce4c8dd416d4479aa8536fcf64?s=96&d=mm&r=g\",\"caption\":\"moacir\"},\"url\":\"https:\/\/franciscanos.org.br\/noticias\/author\/moacir\"}]}<\/script>\n<!-- \/ Yoast SEO plugin. -->","yoast_head_json":{"title":"Dom Covili foca sua mensagem nos mais pobres e migrantes em sua ordena\u00e7\u00e3o episcopal - Not\u00edcias - Franciscanos","robots":{"index":"index","follow":"follow","max-snippet":"max-snippet:-1","max-image-preview":"max-image-preview:large","max-video-preview":"max-video-preview:-1"},"canonical":"https:\/\/franciscanos.org.br\/noticias\/dom-covili-foca-sua-mensagem-nos-mais-pobres-e-migrantes-em-sua-ordenacao-episcopal.html","og_locale":"pt_BR","og_type":"article","og_title":"Dom Covili foca sua mensagem nos mais pobres e migrantes em sua ordena\u00e7\u00e3o episcopal - Not\u00edcias - Franciscanos","og_description":"Ordena\u00e7\u00e3o Episcopal de Dom Isauro Covili Linfati","og_url":"https:\/\/franciscanos.org.br\/noticias\/dom-covili-foca-sua-mensagem-nos-mais-pobres-e-migrantes-em-sua-ordenacao-episcopal.html","og_site_name":"Not\u00edcias - Franciscanos","article_published_time":"2022-06-22T16:39:22+00:00","article_modified_time":"2022-06-22T16:40:19+00:00","og_image":[{"width":1000,"height":563,"url":"https:\/\/franciscanos.org.br\/noticias\/wp-content\/uploads\/2022\/06\/iquique_01.jpeg","type":"image\/jpeg"}],"author":"moacir","twitter_card":"summary_large_image","twitter_misc":{"Escrito por":"moacir","Est. tempo de leitura":"5 minutos"},"schema":{"@context":"https:\/\/schema.org","@graph":[{"@type":"WebSite","@id":"https:\/\/franciscanos.org.br\/noticias\/#website","url":"https:\/\/franciscanos.org.br\/noticias\/","name":"Not\u00edcias - Franciscanos","description":"Prov\u00edncia Franciscana da Imaculada Concei\u00e7\u00e3o do Brasil - Ordem dos Frades Menores - OFM","potentialAction":[{"@type":"SearchAction","target":{"@type":"EntryPoint","urlTemplate":"https:\/\/franciscanos.org.br\/noticias\/?s={search_term_string}"},"query-input":"required name=search_term_string"}],"inLanguage":"pt-BR"},{"@type":"ImageObject","inLanguage":"pt-BR","@id":"https:\/\/franciscanos.org.br\/noticias\/dom-covili-foca-sua-mensagem-nos-mais-pobres-e-migrantes-em-sua-ordenacao-episcopal.html#primaryimage","url":"https:\/\/franciscanos.org.br\/noticias\/wp-content\/uploads\/2022\/06\/iquique_01.jpeg","contentUrl":"https:\/\/franciscanos.org.br\/noticias\/wp-content\/uploads\/2022\/06\/iquique_01.jpeg","width":1000,"height":563},{"@type":"WebPage","@id":"https:\/\/franciscanos.org.br\/noticias\/dom-covili-foca-sua-mensagem-nos-mais-pobres-e-migrantes-em-sua-ordenacao-episcopal.html#webpage","url":"https:\/\/franciscanos.org.br\/noticias\/dom-covili-foca-sua-mensagem-nos-mais-pobres-e-migrantes-em-sua-ordenacao-episcopal.html","name":"Dom Covili foca sua mensagem nos mais pobres e migrantes em sua ordena\u00e7\u00e3o episcopal - Not\u00edcias - Franciscanos","isPartOf":{"@id":"https:\/\/franciscanos.org.br\/noticias\/#website"},"primaryImageOfPage":{"@id":"https:\/\/franciscanos.org.br\/noticias\/dom-covili-foca-sua-mensagem-nos-mais-pobres-e-migrantes-em-sua-ordenacao-episcopal.html#primaryimage"},"datePublished":"2022-06-22T16:39:22+00:00","dateModified":"2022-06-22T16:40:19+00:00","author":{"@id":"https:\/\/franciscanos.org.br\/noticias\/#\/schema\/person\/b5c8cba458c330ccff548b056e95a5d4"},"breadcrumb":{"@id":"https:\/\/franciscanos.org.br\/noticias\/dom-covili-foca-sua-mensagem-nos-mais-pobres-e-migrantes-em-sua-ordenacao-episcopal.html#breadcrumb"},"inLanguage":"pt-BR","potentialAction":[{"@type":"ReadAction","target":["https:\/\/franciscanos.org.br\/noticias\/dom-covili-foca-sua-mensagem-nos-mais-pobres-e-migrantes-em-sua-ordenacao-episcopal.html"]}]},{"@type":"BreadcrumbList","@id":"https:\/\/franciscanos.org.br\/noticias\/dom-covili-foca-sua-mensagem-nos-mais-pobres-e-migrantes-em-sua-ordenacao-episcopal.html#breadcrumb","itemListElement":[{"@type":"ListItem","position":1,"name":"Home","item":"https:\/\/franciscanos.org.br\/noticias"},{"@type":"ListItem","position":2,"name":"Dom Covili foca sua mensagem nos mais pobres e migrantes em sua ordena\u00e7\u00e3o episcopal"}]},{"@type":"Person","@id":"https:\/\/franciscanos.org.br\/noticias\/#\/schema\/person\/b5c8cba458c330ccff548b056e95a5d4","name":"moacir","image":{"@type":"ImageObject","inLanguage":"pt-BR","@id":"https:\/\/franciscanos.org.br\/noticias\/#\/schema\/person\/image\/","url":"https:\/\/secure.gravatar.com\/avatar\/d08aa2ce4c8dd416d4479aa8536fcf64?s=96&d=mm&r=g","contentUrl":"https:\/\/secure.gravatar.com\/avatar\/d08aa2ce4c8dd416d4479aa8536fcf64?s=96&d=mm&r=g","caption":"moacir"},"url":"https:\/\/franciscanos.org.br\/noticias\/author\/moacir"}]}},"_links":{"self":[{"href":"https:\/\/franciscanos.org.br\/noticias\/wp-json\/wp\/v2\/posts\/238608"}],"collection":[{"href":"https:\/\/franciscanos.org.br\/noticias\/wp-json\/wp\/v2\/posts"}],"about":[{"href":"https:\/\/franciscanos.org.br\/noticias\/wp-json\/wp\/v2\/types\/post"}],"author":[{"embeddable":true,"href":"https:\/\/franciscanos.org.br\/noticias\/wp-json\/wp\/v2\/users\/3"}],"replies":[{"embeddable":true,"href":"https:\/\/franciscanos.org.br\/noticias\/wp-json\/wp\/v2\/comments?post=238608"}],"version-history":[{"count":2,"href":"https:\/\/franciscanos.org.br\/noticias\/wp-json\/wp\/v2\/posts\/238608\/revisions"}],"predecessor-version":[{"id":238614,"href":"https:\/\/franciscanos.org.br\/noticias\/wp-json\/wp\/v2\/posts\/238608\/revisions\/238614"}],"wp:featuredmedia":[{"embeddable":true,"href":"https:\/\/franciscanos.org.br\/noticias\/wp-json\/wp\/v2\/media\/238609"}],"wp:attachment":[{"href":"https:\/\/franciscanos.org.br\/noticias\/wp-json\/wp\/v2\/media?parent=238608"}],"wp:term":[{"taxonomy":"category","embeddable":true,"href":"https:\/\/franciscanos.org.br\/noticias\/wp-json\/wp\/v2\/categories?post=238608"},{"taxonomy":"post_tag","embeddable":true,"href":"https:\/\/franciscanos.org.br\/noticias\/wp-json\/wp\/v2\/tags?post=238608"}],"curies":[{"name":"wp","href":"https:\/\/api.w.org\/{rel}","templated":true}]}}