{"id":238595,"date":"2022-06-22T11:22:49","date_gmt":"2022-06-22T14:22:49","guid":{"rendered":"https:\/\/franciscanos.org.br\/noticias\/?p=238595"},"modified":"2022-06-22T11:22:49","modified_gmt":"2022-06-22T14:22:49","slug":"paroquia-sao-luiz-gonzaga-celebra-o-padroeiro-de-xaxim","status":"publish","type":"post","link":"https:\/\/franciscanos.org.br\/noticias\/paroquia-sao-luiz-gonzaga-celebra-o-padroeiro-de-xaxim.html","title":{"rendered":"Par\u00f3quia S\u00e3o Luiz Gonzaga celebra o Padroeiro de Xaxim"},"content":{"rendered":"<p><img loading=\"lazy\" class=\"alignnone wp-image-238596 size-full\" src=\"https:\/\/franciscanos.org.br\/noticias\/wp-content\/uploads\/2022\/06\/xaxim_2206.jpg\" alt=\"\" width=\"1280\" height=\"720\" srcset=\"https:\/\/franciscanos.org.br\/noticias\/wp-content\/uploads\/2022\/06\/xaxim_2206.jpg 1280w, https:\/\/franciscanos.org.br\/noticias\/wp-content\/uploads\/2022\/06\/xaxim_2206-450x253.jpg 450w, https:\/\/franciscanos.org.br\/noticias\/wp-content\/uploads\/2022\/06\/xaxim_2206-1024x576.jpg 1024w, https:\/\/franciscanos.org.br\/noticias\/wp-content\/uploads\/2022\/06\/xaxim_2206-768x432.jpg 768w, https:\/\/franciscanos.org.br\/noticias\/wp-content\/uploads\/2022\/06\/xaxim_2206-150x84.jpg 150w\" sizes=\"(max-width: 1280px) 100vw, 1280px\" \/><\/p>\n<p>A Par\u00f3quia S\u00e3o Luiz Gonzaga celebrou nesta ter\u00e7a-feira (21\/06), seu Padroeiro. A Santa Missa em honra a S\u00e3o Luiz Gonzaga foi presidida por Frei Alan Maia e teve in\u00edcio \u00e0s 18h30.<\/p>\n<p>A festividades em honra a S\u00e3o Luiz Gonzaga tiveram in\u00edcio na quinta-feira (16\/06), com a missa e prociss\u00e3o de Corpus Christi. Neste ano, os fi\u00e9is puderam se reunir para confeccionar os tapetes e participar da prociss\u00e3o com os frades. Ap\u00f3s a prociss\u00e3o pelas ruas em torno da igreja, no Sal\u00e3o paroquial aconteceu a venda de past\u00e9is.<\/p>\n<p>Na sexta-feira (17\/06), ocorreu o 1\u00ba Arrai\u00e1 de S\u00e3o Luiz Gonzaga. Pastorais e comunidades se reuniram para preparar o evento que contou com comidas e bebidas t\u00edpicas de S\u00e3o Jo\u00e3o. Pastel, bolo, pipoca, quest\u00e3o, rapadura, p\u00e9-de-moleque foram comercializados. As apresenta\u00e7\u00f5es art\u00edsticas ficaram por conta de algumas bandas da cidade e tamb\u00e9m pelo grupo de idosos com a dan\u00e7a caipira e a Pastoral da Juventude com o casamento caipira.<\/p>\n<p>\u00c0s 10h, no domingo (19\/06), teve in\u00edcio a Santa Missa da Festa de S\u00e3o Luiz Gonzaga. A celebra\u00e7\u00e3o foi presidida pelo p\u00e1roco Frei Gilson Kammer e animada pela equipe de jovens. No in\u00edcio da celebra\u00e7\u00e3o, a comentarista recordou de forma breve a hist\u00f3ria de S\u00e3o Luiz Gonzaga, Padroeiro da juventude, estudantes e seminaristas.<\/p>\n<p><img loading=\"lazy\" class=\"alignnone wp-image-238597 size-full\" src=\"https:\/\/franciscanos.org.br\/noticias\/wp-content\/uploads\/2022\/06\/xaxim_2206_1.jpg\" alt=\"\" width=\"1280\" height=\"915\" srcset=\"https:\/\/franciscanos.org.br\/noticias\/wp-content\/uploads\/2022\/06\/xaxim_2206_1.jpg 1280w, https:\/\/franciscanos.org.br\/noticias\/wp-content\/uploads\/2022\/06\/xaxim_2206_1-450x322.jpg 450w, https:\/\/franciscanos.org.br\/noticias\/wp-content\/uploads\/2022\/06\/xaxim_2206_1-1024x732.jpg 1024w, https:\/\/franciscanos.org.br\/noticias\/wp-content\/uploads\/2022\/06\/xaxim_2206_1-768x549.jpg 768w, https:\/\/franciscanos.org.br\/noticias\/wp-content\/uploads\/2022\/06\/xaxim_2206_1-150x107.jpg 150w\" sizes=\"(max-width: 1280px) 100vw, 1280px\" \/><\/p>\n<p>Luiz nasceu no dia 9 de mar\u00e7o de 1568, na It\u00e1lia. Foi o primeiro dos sete filhos de Ferrante Gonzaga, marqu\u00eas de Castiglione delle Stiviere e sobrinho do duque de M\u00e2ntua. Com doze anos, recebeu a primeira comunh\u00e3o diretamente das m\u00e3os de Carlos Borromeu, hoje santo da Igreja. Luiz tinha quatorze anos quando venceu as resist\u00eancias do pai, renunciou ao t\u00edtulo a que tinha direito por descend\u00eancia e \u00e0 heran\u00e7a da fam\u00edlia e entrou para o noviciado romano dos jesu\u00edtas. L\u00e1 escolheu para si as incumb\u00eancias mais humildes e o atendimento aos doentes, principalmente durante as epidemias que atingiram Roma, em 1590, esquecendo totalmente suas origens aristocr\u00e1ticas. Luiz Gonzaga morreu com apenas vinte e tr\u00eas anos, em 21 de junho de 1591. O papa Bento XIII, em 1726, canonizou Luiz Gonzaga e proclamou-o Padroeiro da Juventude.<\/p>\n<p>Em sua reflex\u00e3o, Frei Gilson disse que S\u00e3o Luiz Gonzaga se dedicou ao amor que tinha por Deus. \u201cDevemos amar a Deus com todo o cora\u00e7\u00e3o. Com toda a nossa alma. O nosso amor \u00e9 seguir a Deus, assim como S\u00e3o Luiz Gonzaga. No breve hist\u00f3rico lido no in\u00edcio da missa, ouvimos que S\u00e3o Luiz se dedicou ao povo, aos doentes. S\u00e3o Luiz tinha uma inoc\u00eancia, e na liturgia de hoje ouvimos isso\u201d, disse Frei Gilson.<\/p>\n<p><img loading=\"lazy\" class=\"alignnone wp-image-238598 size-full\" src=\"https:\/\/franciscanos.org.br\/noticias\/wp-content\/uploads\/2022\/06\/xaxim_2206_2.jpg\" alt=\"\" width=\"1280\" height=\"849\" srcset=\"https:\/\/franciscanos.org.br\/noticias\/wp-content\/uploads\/2022\/06\/xaxim_2206_2.jpg 1280w, https:\/\/franciscanos.org.br\/noticias\/wp-content\/uploads\/2022\/06\/xaxim_2206_2-450x298.jpg 450w, https:\/\/franciscanos.org.br\/noticias\/wp-content\/uploads\/2022\/06\/xaxim_2206_2-1024x679.jpg 1024w, https:\/\/franciscanos.org.br\/noticias\/wp-content\/uploads\/2022\/06\/xaxim_2206_2-768x509.jpg 768w, https:\/\/franciscanos.org.br\/noticias\/wp-content\/uploads\/2022\/06\/xaxim_2206_2-150x99.jpg 150w\" sizes=\"(max-width: 1280px) 100vw, 1280px\" \/><\/p>\n<p>O p\u00e1roco lembrou aos fi\u00e9is presentes e que acompanhavam pelas redes sociais que S\u00e3o Luiz Gonzaga \u00e9 o Padroeiro da Juventude. \u201cLembro que S\u00e3o Luiz Gonzaga \u00e9 o padroeiro da juventude, que hoje est\u00e1 aqui presente na liturgia, que est\u00e1 presente nas celebra\u00e7\u00f5es e na Igreja. Lembro tamb\u00e9m dos estudantes, todos somos estudantes, estamos sempre aprendendo na vida. E aos seminaristas, hoje aqui representados pelo Victor Flemeng do Vale Almeida e Daniel Santos do Nascimento que est\u00e3o juntos de n\u00f3s cumprindo sua miss\u00e3o com Deus\u201d. E encerrou sua reflex\u00e3o pedindo: \u201cQue S\u00e3o Luiz Gonzaga nos aben\u00e7oe hoje e sempre. Que Deus nos aben\u00e7oe\u201d.<\/p>\n<p>No final da celebra\u00e7\u00e3o, Frei Gilson agradeceu a todos que trabalharam, organizaram, ajudaram e participaram dos momentos festivos da Festa de S\u00e3o Luiz Gonzaga na Par\u00f3quia.<\/p>\n<h3>\u00a0 \u00a0 \u00a0 \u00a0 \u00a0 \u00a0 \u00a0 \u00a0 \u00a0 \u00a0 \u00a0 \u00a0 \u00a0 \u00a0 \u00a0 \u00a0 \u00a0 \u00a0 \u00a0 \u00a0 \u00a0 \u00a0 \u00a0 \u00a0 \u00a0 \u00a0 \u00a0 \u00a0 \u00a0 \u00a0 \u00a0 \u00a0 \u00a0 \u00a0 \u00a0 \u00a0 \u00a0 \u00a0 \u00a0 \u00a0 \u00a0 \u00a0 \u00a0 \u00a0 \u00a0 \u00a0 \u00a0 \u00a0 \u00a0 \u00a0 \u00a0 \u00a0 \u00a0 <em>\u00a0 \u00a0 \u00a0 \u00a0 \u00a0 \u00a0 \u00a0 \u00a0 \u00a0 \u00a0 \u00a0 ARRAI\u00c1 S\u00c3O LUIZ GONZAGA<\/em><\/h3>\n\n\t\t<style type=\"text\/css\">\n\t\t\t#gallery-1 {\n\t\t\t\tmargin: auto;\n\t\t\t}\n\t\t\t#gallery-1 .gallery-item {\n\t\t\t\tfloat: left;\n\t\t\t\tmargin-top: 10px;\n\t\t\t\ttext-align: center;\n\t\t\t\twidth: 12%;\n\t\t\t}\n\t\t\t#gallery-1 img {\n\t\t\t\tborder: 2px solid #cfcfcf;\n\t\t\t}\n\t\t\t#gallery-1 .gallery-caption {\n\t\t\t\tmargin-left: 0;\n\t\t\t}\n\t\t\t\/* see gallery_shortcode() in wp-includes\/media.php *\/\n\t\t<\/style>\n\t\t<div id='gallery-1' class='gallery galleryid-238595 gallery-columns-8 gallery-size-thumbnail'><dl class='gallery-item'>\n\t\t\t<dt class='gallery-icon landscape'>\n\t\t\t\t<a href='https:\/\/franciscanos.org.br\/noticias\/wp-content\/uploads\/2022\/06\/xaxim_01-1.jpg'><img width=\"300\" height=\"300\" src=\"https:\/\/franciscanos.org.br\/noticias\/wp-content\/uploads\/2022\/06\/xaxim_01-1-300x300.jpg\" class=\"attachment-thumbnail size-thumbnail\" alt=\"\" loading=\"lazy\" srcset=\"https:\/\/franciscanos.org.br\/noticias\/wp-content\/uploads\/2022\/06\/xaxim_01-1-300x300.jpg 300w, https:\/\/franciscanos.org.br\/noticias\/wp-content\/uploads\/2022\/06\/xaxim_01-1-100x100.jpg 100w\" sizes=\"(max-width: 300px) 100vw, 300px\" \/><\/a>\n\t\t\t<\/dt><\/dl><dl class='gallery-item'>\n\t\t\t<dt class='gallery-icon landscape'>\n\t\t\t\t<a href='https:\/\/franciscanos.org.br\/noticias\/wp-content\/uploads\/2022\/06\/xaxim_02-1.jpg'><img width=\"300\" height=\"300\" src=\"https:\/\/franciscanos.org.br\/noticias\/wp-content\/uploads\/2022\/06\/xaxim_02-1-300x300.jpg\" class=\"attachment-thumbnail size-thumbnail\" alt=\"\" loading=\"lazy\" srcset=\"https:\/\/franciscanos.org.br\/noticias\/wp-content\/uploads\/2022\/06\/xaxim_02-1-300x300.jpg 300w, https:\/\/franciscanos.org.br\/noticias\/wp-content\/uploads\/2022\/06\/xaxim_02-1-100x100.jpg 100w\" sizes=\"(max-width: 300px) 100vw, 300px\" \/><\/a>\n\t\t\t<\/dt><\/dl><dl class='gallery-item'>\n\t\t\t<dt class='gallery-icon landscape'>\n\t\t\t\t<a href='https:\/\/franciscanos.org.br\/noticias\/wp-content\/uploads\/2022\/06\/xaxim_03-1.jpg'><img width=\"300\" height=\"300\" src=\"https:\/\/franciscanos.org.br\/noticias\/wp-content\/uploads\/2022\/06\/xaxim_03-1-300x300.jpg\" class=\"attachment-thumbnail size-thumbnail\" alt=\"\" loading=\"lazy\" srcset=\"https:\/\/franciscanos.org.br\/noticias\/wp-content\/uploads\/2022\/06\/xaxim_03-1-300x300.jpg 300w, https:\/\/franciscanos.org.br\/noticias\/wp-content\/uploads\/2022\/06\/xaxim_03-1-100x100.jpg 100w\" sizes=\"(max-width: 300px) 100vw, 300px\" \/><\/a>\n\t\t\t<\/dt><\/dl><dl class='gallery-item'>\n\t\t\t<dt class='gallery-icon landscape'>\n\t\t\t\t<a href='https:\/\/franciscanos.org.br\/noticias\/wp-content\/uploads\/2022\/06\/xaxim_04.jpg'><img width=\"300\" height=\"300\" src=\"https:\/\/franciscanos.org.br\/noticias\/wp-content\/uploads\/2022\/06\/xaxim_04-300x300.jpg\" class=\"attachment-thumbnail size-thumbnail\" alt=\"\" loading=\"lazy\" srcset=\"https:\/\/franciscanos.org.br\/noticias\/wp-content\/uploads\/2022\/06\/xaxim_04-300x300.jpg 300w, https:\/\/franciscanos.org.br\/noticias\/wp-content\/uploads\/2022\/06\/xaxim_04-100x100.jpg 100w\" sizes=\"(max-width: 300px) 100vw, 300px\" \/><\/a>\n\t\t\t<\/dt><\/dl><dl class='gallery-item'>\n\t\t\t<dt class='gallery-icon landscape'>\n\t\t\t\t<a href='https:\/\/franciscanos.org.br\/noticias\/wp-content\/uploads\/2022\/06\/xaxim_05.jpg'><img width=\"300\" height=\"300\" src=\"https:\/\/franciscanos.org.br\/noticias\/wp-content\/uploads\/2022\/06\/xaxim_05-300x300.jpg\" class=\"attachment-thumbnail size-thumbnail\" alt=\"\" loading=\"lazy\" srcset=\"https:\/\/franciscanos.org.br\/noticias\/wp-content\/uploads\/2022\/06\/xaxim_05-300x300.jpg 300w, https:\/\/franciscanos.org.br\/noticias\/wp-content\/uploads\/2022\/06\/xaxim_05-100x100.jpg 100w\" sizes=\"(max-width: 300px) 100vw, 300px\" \/><\/a>\n\t\t\t<\/dt><\/dl><dl class='gallery-item'>\n\t\t\t<dt class='gallery-icon landscape'>\n\t\t\t\t<a href='https:\/\/franciscanos.org.br\/noticias\/wp-content\/uploads\/2022\/06\/xaxim_06.jpg'><img width=\"300\" height=\"300\" src=\"https:\/\/franciscanos.org.br\/noticias\/wp-content\/uploads\/2022\/06\/xaxim_06-300x300.jpg\" class=\"attachment-thumbnail size-thumbnail\" alt=\"\" loading=\"lazy\" srcset=\"https:\/\/franciscanos.org.br\/noticias\/wp-content\/uploads\/2022\/06\/xaxim_06-300x300.jpg 300w, https:\/\/franciscanos.org.br\/noticias\/wp-content\/uploads\/2022\/06\/xaxim_06-100x100.jpg 100w\" sizes=\"(max-width: 300px) 100vw, 300px\" \/><\/a>\n\t\t\t<\/dt><\/dl><dl class='gallery-item'>\n\t\t\t<dt class='gallery-icon landscape'>\n\t\t\t\t<a href='https:\/\/franciscanos.org.br\/noticias\/wp-content\/uploads\/2022\/06\/xaxim_07.jpg'><img width=\"300\" height=\"300\" src=\"https:\/\/franciscanos.org.br\/noticias\/wp-content\/uploads\/2022\/06\/xaxim_07-300x300.jpg\" class=\"attachment-thumbnail size-thumbnail\" alt=\"\" loading=\"lazy\" srcset=\"https:\/\/franciscanos.org.br\/noticias\/wp-content\/uploads\/2022\/06\/xaxim_07-300x300.jpg 300w, https:\/\/franciscanos.org.br\/noticias\/wp-content\/uploads\/2022\/06\/xaxim_07-100x100.jpg 100w\" sizes=\"(max-width: 300px) 100vw, 300px\" \/><\/a>\n\t\t\t<\/dt><\/dl><dl class='gallery-item'>\n\t\t\t<dt class='gallery-icon landscape'>\n\t\t\t\t<a href='https:\/\/franciscanos.org.br\/noticias\/wp-content\/uploads\/2022\/06\/xaxim_08.jpg'><img width=\"300\" height=\"300\" src=\"https:\/\/franciscanos.org.br\/noticias\/wp-content\/uploads\/2022\/06\/xaxim_08-300x300.jpg\" class=\"attachment-thumbnail size-thumbnail\" alt=\"\" loading=\"lazy\" srcset=\"https:\/\/franciscanos.org.br\/noticias\/wp-content\/uploads\/2022\/06\/xaxim_08-300x300.jpg 300w, https:\/\/franciscanos.org.br\/noticias\/wp-content\/uploads\/2022\/06\/xaxim_08-100x100.jpg 100w\" sizes=\"(max-width: 300px) 100vw, 300px\" \/><\/a>\n\t\t\t<\/dt><\/dl><br style=\"clear: both\" \/>\n\t\t<\/div>\n\n<p><em>\u00a0 \u00a0 \u00a0 \u00a0 \u00a0 \u00a0 \u00a0 \u00a0 \u00a0 \u00a0(Toque nas imagens para ampli\u00e1-las)<\/em><\/p>\n<p>Nesta ter\u00e7a-feira, dia do Padroeiro, a celebra\u00e7\u00e3o aconteceu na igreja Matriz, \u00e0s 18h30, e foi presidida por Frei Alan Maia. Em sua homilia o sacerdote destacou que: \u201cS\u00e3o Luiz Gonzaga nunca se deixou influenciar pelo luxo e pelo poder. Sempre seguiu o amor de Deus\u201d. Frei Alan relembrou a vida de S\u00e3o Luiz e de que o santo sempre estar\u00e1 ao nosso lado, protegendo a Par\u00f3quia. \u201cQue S\u00e3o Luiz interceda por n\u00f3s, por nossa Par\u00f3quia em Entre Rios, Marema, Lajeado Grande e aqui em Xaxim. Que possamos viver a nossa f\u00e9 no nosso dia, assim como S\u00e3o Luiz\u201d.<\/p>\n<hr \/>\n<p><em>Camila Mendo, pela Pascom da Par\u00f3quia S\u00e3o Luiz Gonzaga<\/em><\/p>\n","protected":false},"excerpt":{"rendered":"<p>Festividades do Padroeiro de Xaxim<\/p>\n","protected":false},"author":3,"featured_media":238596,"comment_status":"open","ping_status":"open","sticky":false,"template":"","format":"standard","meta":[],"categories":[1],"tags":[1591],"acf":[],"yoast_head":"<!-- This site is optimized with the Yoast SEO plugin v19.2 - https:\/\/yoast.com\/wordpress\/plugins\/seo\/ -->\n<title>Par\u00f3quia S\u00e3o Luiz Gonzaga celebra o Padroeiro de Xaxim - Not\u00edcias - Franciscanos<\/title>\n<meta name=\"robots\" content=\"index, follow, max-snippet:-1, max-image-preview:large, max-video-preview:-1\" \/>\n<link rel=\"canonical\" href=\"https:\/\/franciscanos.org.br\/noticias\/paroquia-sao-luiz-gonzaga-celebra-o-padroeiro-de-xaxim.html\" \/>\n<meta property=\"og:locale\" content=\"pt_BR\" \/>\n<meta property=\"og:type\" content=\"article\" \/>\n<meta property=\"og:title\" content=\"Par\u00f3quia S\u00e3o Luiz Gonzaga celebra o Padroeiro de Xaxim - Not\u00edcias - Franciscanos\" \/>\n<meta property=\"og:description\" content=\"Festividades do Padroeiro de Xaxim\" \/>\n<meta property=\"og:url\" content=\"https:\/\/franciscanos.org.br\/noticias\/paroquia-sao-luiz-gonzaga-celebra-o-padroeiro-de-xaxim.html\" \/>\n<meta property=\"og:site_name\" content=\"Not\u00edcias - Franciscanos\" \/>\n<meta property=\"article:published_time\" content=\"2022-06-22T14:22:49+00:00\" \/>\n<meta property=\"og:image\" content=\"https:\/\/franciscanos.org.br\/noticias\/wp-content\/uploads\/2022\/06\/xaxim_2206.jpg\" \/>\n\t<meta property=\"og:image:width\" content=\"1280\" \/>\n\t<meta property=\"og:image:height\" content=\"720\" \/>\n\t<meta property=\"og:image:type\" content=\"image\/jpeg\" \/>\n<meta name=\"author\" content=\"moacir\" \/>\n<meta name=\"twitter:card\" content=\"summary_large_image\" \/>\n<meta name=\"twitter:label1\" content=\"Escrito por\" \/>\n\t<meta name=\"twitter:data1\" content=\"moacir\" \/>\n\t<meta name=\"twitter:label2\" content=\"Est. tempo de leitura\" \/>\n\t<meta name=\"twitter:data2\" content=\"4 minutos\" \/>\n<script type=\"application\/ld+json\" class=\"yoast-schema-graph\">{\"@context\":\"https:\/\/schema.org\",\"@graph\":[{\"@type\":\"WebSite\",\"@id\":\"https:\/\/franciscanos.org.br\/noticias\/#website\",\"url\":\"https:\/\/franciscanos.org.br\/noticias\/\",\"name\":\"Not\u00edcias - Franciscanos\",\"description\":\"Prov\u00edncia Franciscana da Imaculada Concei\u00e7\u00e3o do Brasil - Ordem dos Frades Menores - OFM\",\"potentialAction\":[{\"@type\":\"SearchAction\",\"target\":{\"@type\":\"EntryPoint\",\"urlTemplate\":\"https:\/\/franciscanos.org.br\/noticias\/?s={search_term_string}\"},\"query-input\":\"required name=search_term_string\"}],\"inLanguage\":\"pt-BR\"},{\"@type\":\"ImageObject\",\"inLanguage\":\"pt-BR\",\"@id\":\"https:\/\/franciscanos.org.br\/noticias\/paroquia-sao-luiz-gonzaga-celebra-o-padroeiro-de-xaxim.html#primaryimage\",\"url\":\"https:\/\/franciscanos.org.br\/noticias\/wp-content\/uploads\/2022\/06\/xaxim_2206.jpg\",\"contentUrl\":\"https:\/\/franciscanos.org.br\/noticias\/wp-content\/uploads\/2022\/06\/xaxim_2206.jpg\",\"width\":1280,\"height\":720},{\"@type\":\"WebPage\",\"@id\":\"https:\/\/franciscanos.org.br\/noticias\/paroquia-sao-luiz-gonzaga-celebra-o-padroeiro-de-xaxim.html#webpage\",\"url\":\"https:\/\/franciscanos.org.br\/noticias\/paroquia-sao-luiz-gonzaga-celebra-o-padroeiro-de-xaxim.html\",\"name\":\"Par\u00f3quia S\u00e3o Luiz Gonzaga celebra o Padroeiro de Xaxim - Not\u00edcias - Franciscanos\",\"isPartOf\":{\"@id\":\"https:\/\/franciscanos.org.br\/noticias\/#website\"},\"primaryImageOfPage\":{\"@id\":\"https:\/\/franciscanos.org.br\/noticias\/paroquia-sao-luiz-gonzaga-celebra-o-padroeiro-de-xaxim.html#primaryimage\"},\"datePublished\":\"2022-06-22T14:22:49+00:00\",\"dateModified\":\"2022-06-22T14:22:49+00:00\",\"author\":{\"@id\":\"https:\/\/franciscanos.org.br\/noticias\/#\/schema\/person\/b5c8cba458c330ccff548b056e95a5d4\"},\"breadcrumb\":{\"@id\":\"https:\/\/franciscanos.org.br\/noticias\/paroquia-sao-luiz-gonzaga-celebra-o-padroeiro-de-xaxim.html#breadcrumb\"},\"inLanguage\":\"pt-BR\",\"potentialAction\":[{\"@type\":\"ReadAction\",\"target\":[\"https:\/\/franciscanos.org.br\/noticias\/paroquia-sao-luiz-gonzaga-celebra-o-padroeiro-de-xaxim.html\"]}]},{\"@type\":\"BreadcrumbList\",\"@id\":\"https:\/\/franciscanos.org.br\/noticias\/paroquia-sao-luiz-gonzaga-celebra-o-padroeiro-de-xaxim.html#breadcrumb\",\"itemListElement\":[{\"@type\":\"ListItem\",\"position\":1,\"name\":\"Home\",\"item\":\"https:\/\/franciscanos.org.br\/noticias\"},{\"@type\":\"ListItem\",\"position\":2,\"name\":\"Par\u00f3quia S\u00e3o Luiz Gonzaga celebra o Padroeiro de Xaxim\"}]},{\"@type\":\"Person\",\"@id\":\"https:\/\/franciscanos.org.br\/noticias\/#\/schema\/person\/b5c8cba458c330ccff548b056e95a5d4\",\"name\":\"moacir\",\"image\":{\"@type\":\"ImageObject\",\"inLanguage\":\"pt-BR\",\"@id\":\"https:\/\/franciscanos.org.br\/noticias\/#\/schema\/person\/image\/\",\"url\":\"https:\/\/secure.gravatar.com\/avatar\/d08aa2ce4c8dd416d4479aa8536fcf64?s=96&d=mm&r=g\",\"contentUrl\":\"https:\/\/secure.gravatar.com\/avatar\/d08aa2ce4c8dd416d4479aa8536fcf64?s=96&d=mm&r=g\",\"caption\":\"moacir\"},\"url\":\"https:\/\/franciscanos.org.br\/noticias\/author\/moacir\"}]}<\/script>\n<!-- \/ Yoast SEO plugin. -->","yoast_head_json":{"title":"Par\u00f3quia S\u00e3o Luiz Gonzaga celebra o Padroeiro de Xaxim - Not\u00edcias - Franciscanos","robots":{"index":"index","follow":"follow","max-snippet":"max-snippet:-1","max-image-preview":"max-image-preview:large","max-video-preview":"max-video-preview:-1"},"canonical":"https:\/\/franciscanos.org.br\/noticias\/paroquia-sao-luiz-gonzaga-celebra-o-padroeiro-de-xaxim.html","og_locale":"pt_BR","og_type":"article","og_title":"Par\u00f3quia S\u00e3o Luiz Gonzaga celebra o Padroeiro de Xaxim - Not\u00edcias - Franciscanos","og_description":"Festividades do Padroeiro de Xaxim","og_url":"https:\/\/franciscanos.org.br\/noticias\/paroquia-sao-luiz-gonzaga-celebra-o-padroeiro-de-xaxim.html","og_site_name":"Not\u00edcias - Franciscanos","article_published_time":"2022-06-22T14:22:49+00:00","og_image":[{"width":1280,"height":720,"url":"https:\/\/franciscanos.org.br\/noticias\/wp-content\/uploads\/2022\/06\/xaxim_2206.jpg","type":"image\/jpeg"}],"author":"moacir","twitter_card":"summary_large_image","twitter_misc":{"Escrito por":"moacir","Est. tempo de leitura":"4 minutos"},"schema":{"@context":"https:\/\/schema.org","@graph":[{"@type":"WebSite","@id":"https:\/\/franciscanos.org.br\/noticias\/#website","url":"https:\/\/franciscanos.org.br\/noticias\/","name":"Not\u00edcias - Franciscanos","description":"Prov\u00edncia Franciscana da Imaculada Concei\u00e7\u00e3o do Brasil - Ordem dos Frades Menores - OFM","potentialAction":[{"@type":"SearchAction","target":{"@type":"EntryPoint","urlTemplate":"https:\/\/franciscanos.org.br\/noticias\/?s={search_term_string}"},"query-input":"required name=search_term_string"}],"inLanguage":"pt-BR"},{"@type":"ImageObject","inLanguage":"pt-BR","@id":"https:\/\/franciscanos.org.br\/noticias\/paroquia-sao-luiz-gonzaga-celebra-o-padroeiro-de-xaxim.html#primaryimage","url":"https:\/\/franciscanos.org.br\/noticias\/wp-content\/uploads\/2022\/06\/xaxim_2206.jpg","contentUrl":"https:\/\/franciscanos.org.br\/noticias\/wp-content\/uploads\/2022\/06\/xaxim_2206.jpg","width":1280,"height":720},{"@type":"WebPage","@id":"https:\/\/franciscanos.org.br\/noticias\/paroquia-sao-luiz-gonzaga-celebra-o-padroeiro-de-xaxim.html#webpage","url":"https:\/\/franciscanos.org.br\/noticias\/paroquia-sao-luiz-gonzaga-celebra-o-padroeiro-de-xaxim.html","name":"Par\u00f3quia S\u00e3o Luiz Gonzaga celebra o Padroeiro de Xaxim - Not\u00edcias - Franciscanos","isPartOf":{"@id":"https:\/\/franciscanos.org.br\/noticias\/#website"},"primaryImageOfPage":{"@id":"https:\/\/franciscanos.org.br\/noticias\/paroquia-sao-luiz-gonzaga-celebra-o-padroeiro-de-xaxim.html#primaryimage"},"datePublished":"2022-06-22T14:22:49+00:00","dateModified":"2022-06-22T14:22:49+00:00","author":{"@id":"https:\/\/franciscanos.org.br\/noticias\/#\/schema\/person\/b5c8cba458c330ccff548b056e95a5d4"},"breadcrumb":{"@id":"https:\/\/franciscanos.org.br\/noticias\/paroquia-sao-luiz-gonzaga-celebra-o-padroeiro-de-xaxim.html#breadcrumb"},"inLanguage":"pt-BR","potentialAction":[{"@type":"ReadAction","target":["https:\/\/franciscanos.org.br\/noticias\/paroquia-sao-luiz-gonzaga-celebra-o-padroeiro-de-xaxim.html"]}]},{"@type":"BreadcrumbList","@id":"https:\/\/franciscanos.org.br\/noticias\/paroquia-sao-luiz-gonzaga-celebra-o-padroeiro-de-xaxim.html#breadcrumb","itemListElement":[{"@type":"ListItem","position":1,"name":"Home","item":"https:\/\/franciscanos.org.br\/noticias"},{"@type":"ListItem","position":2,"name":"Par\u00f3quia S\u00e3o Luiz Gonzaga celebra o Padroeiro de Xaxim"}]},{"@type":"Person","@id":"https:\/\/franciscanos.org.br\/noticias\/#\/schema\/person\/b5c8cba458c330ccff548b056e95a5d4","name":"moacir","image":{"@type":"ImageObject","inLanguage":"pt-BR","@id":"https:\/\/franciscanos.org.br\/noticias\/#\/schema\/person\/image\/","url":"https:\/\/secure.gravatar.com\/avatar\/d08aa2ce4c8dd416d4479aa8536fcf64?s=96&d=mm&r=g","contentUrl":"https:\/\/secure.gravatar.com\/avatar\/d08aa2ce4c8dd416d4479aa8536fcf64?s=96&d=mm&r=g","caption":"moacir"},"url":"https:\/\/franciscanos.org.br\/noticias\/author\/moacir"}]}},"_links":{"self":[{"href":"https:\/\/franciscanos.org.br\/noticias\/wp-json\/wp\/v2\/posts\/238595"}],"collection":[{"href":"https:\/\/franciscanos.org.br\/noticias\/wp-json\/wp\/v2\/posts"}],"about":[{"href":"https:\/\/franciscanos.org.br\/noticias\/wp-json\/wp\/v2\/types\/post"}],"author":[{"embeddable":true,"href":"https:\/\/franciscanos.org.br\/noticias\/wp-json\/wp\/v2\/users\/3"}],"replies":[{"embeddable":true,"href":"https:\/\/franciscanos.org.br\/noticias\/wp-json\/wp\/v2\/comments?post=238595"}],"version-history":[{"count":1,"href":"https:\/\/franciscanos.org.br\/noticias\/wp-json\/wp\/v2\/posts\/238595\/revisions"}],"predecessor-version":[{"id":238607,"href":"https:\/\/franciscanos.org.br\/noticias\/wp-json\/wp\/v2\/posts\/238595\/revisions\/238607"}],"wp:featuredmedia":[{"embeddable":true,"href":"https:\/\/franciscanos.org.br\/noticias\/wp-json\/wp\/v2\/media\/238596"}],"wp:attachment":[{"href":"https:\/\/franciscanos.org.br\/noticias\/wp-json\/wp\/v2\/media?parent=238595"}],"wp:term":[{"taxonomy":"category","embeddable":true,"href":"https:\/\/franciscanos.org.br\/noticias\/wp-json\/wp\/v2\/categories?post=238595"},{"taxonomy":"post_tag","embeddable":true,"href":"https:\/\/franciscanos.org.br\/noticias\/wp-json\/wp\/v2\/tags?post=238595"}],"curies":[{"name":"wp","href":"https:\/\/api.w.org\/{rel}","templated":true}]}}