{"id":238590,"date":"2022-06-22T08:13:00","date_gmt":"2022-06-22T11:13:00","guid":{"rendered":"https:\/\/franciscanos.org.br\/noticias\/?p=238590"},"modified":"2022-06-22T08:14:18","modified_gmt":"2022-06-22T11:14:18","slug":"papa-testemunhar-cristo-ate-mesmo-na-fragilidade-da-velhice","status":"publish","type":"post","link":"https:\/\/franciscanos.org.br\/noticias\/papa-testemunhar-cristo-ate-mesmo-na-fragilidade-da-velhice.html","title":{"rendered":"Papa: testemunhar Cristo at\u00e9 mesmo na fragilidade da velhice"},"content":{"rendered":"<div id=\"attachment_238591\" style=\"width: 1290px\" class=\"wp-caption alignnone\"><img aria-describedby=\"caption-attachment-238591\" loading=\"lazy\" class=\"wp-image-238591 size-full\" src=\"https:\/\/franciscanos.org.br\/noticias\/wp-content\/uploads\/2022\/06\/2022-06-22_1280x720.png\" alt=\"\" width=\"1280\" height=\"720\" srcset=\"https:\/\/franciscanos.org.br\/noticias\/wp-content\/uploads\/2022\/06\/2022-06-22_1280x720.png 1280w, https:\/\/franciscanos.org.br\/noticias\/wp-content\/uploads\/2022\/06\/2022-06-22_1280x720-450x253.png 450w, https:\/\/franciscanos.org.br\/noticias\/wp-content\/uploads\/2022\/06\/2022-06-22_1280x720-1024x576.png 1024w, https:\/\/franciscanos.org.br\/noticias\/wp-content\/uploads\/2022\/06\/2022-06-22_1280x720-768x432.png 768w, https:\/\/franciscanos.org.br\/noticias\/wp-content\/uploads\/2022\/06\/2022-06-22_1280x720-150x84.png 150w\" sizes=\"(max-width: 1280px) 100vw, 1280px\" \/><p id=\"caption-attachment-238591\" class=\"wp-caption-text\"><em>\u00a0 \u00a0 \u00a0 \u00a0 \u00a0 \u00a0 \u00a0 \u00a0 \u00a0 \u00a0 \u00a0 \u00a0 \u00a0 \u00a0 \u00a0 \u00a0 \u00a0 \u00a0 \u00a0 \u00a0 \u00a0 \u00a0 \u00a0 \u00a0 \u00a0 \u00a0 \u00a0 \u00a0 \u00a0 \u00a0 \u00a0 \u00a0 \u00a0 \u00a0 \u00a0 \u00a0 \u00a0 \u00a0 \u00a0 \u00a0 \u00a0 \u00a0 \u00a0 \u00a0 \u00a0 \u00a0 \u00a0 \u00a0 \u00a0 \u00a0 \u00a0 \u00a0 \u00a0 \u00a0 \u00a0 \u00a0 \u00a0 \u00a0 \u00a0 \u00a0 \u00a0 \u00a0 \u00a0 \u00a0 \u00a0 \u00a0 \u00a0 \u00a0 \u00a0 \u00a0 \u00a0 \u00a0 \u00a0 \u00a0 \u00a0 \u00a0 \u00a0 \u00a0 \u00a0 \u00a0 \u00a0 \u00a0 \u00a0 \u00a0 \u00a0 \u00a0 \u00a0 Imagem: Vatican Media<\/em><\/p><\/div>\n<p>Na catequese sobre a velhice, na Audi\u00eancia Geral desta quarta-feira (22\/06), realizada na Pra\u00e7a S\u00e3o Pedro, o Papa Francisco meditou sobre o di\u00e1logo entre Jesus ressuscitado e Pedro, na conclus\u00e3o do Evangelho de Jo\u00e3o. &#8220;\u00c9 um di\u00e1logo comovente, do qual transparece todo o amor de Jesus pelos seus disc\u00edpulos e tamb\u00e9m a sublime humanidade da sua rela\u00e7\u00e3o com eles, em particular com Pedro: uma rela\u00e7\u00e3o terna, mas n\u00e3o ins\u00edpida, direta, forte, livre e aberta. Uma rela\u00e7\u00e3o de homens na verdade.&#8221;<\/p>\n<p>&#8220;Durante o debate de Jesus com Pedro, encontramos duas passagens que tratam da velhice e da dura\u00e7\u00e3o do tempo: o tempo do testemunho e o tempo da vida.&#8221; Jesus adverte a Pedro: quando voc\u00ea era jovem, voc\u00ea era autossuficiente, quando voc\u00ea ficar velho j\u00e1 n\u00e3o ser\u00e1 t\u00e3o senhor de si mesmo e da tua vida&#8221;, disse o Papa, sublinhando que agora est\u00e1 andando de &#8220;cadeira de rodas&#8221;! &#8220;Mas \u00e9 assim, a vida \u00e9 assim: com a velhice chegam todas essas doen\u00e7as e n\u00f3s temos que aceit\u00e1-las como elas v\u00eam, certo? N\u00e3o temos a for\u00e7a dos jovens! E at\u00e9 o seu testemunho, diz Jesus, ser\u00e1 acompanhado por esta debilidade.<\/p>\n<p><strong>Testemunhar Jesus mesmo na fraqueza<\/strong><br \/>\nVoc\u00ea deve ser testemunha de Jesus mesmo na fraqueza, na doen\u00e7a e na morte. H\u00e1 uma bela passagem de Santo In\u00e1cio de Loyola que diz: &#8220;Assim como na vida, tamb\u00e9m na morte devemos dar testemunho de disc\u00edpulos de Jesus.&#8221; O fim da vida deve ser o fim da vida de disc\u00edpulos: de disc\u00edpulos de Jesus que nos fala sempre de acordo com a idade que temos.<\/p>\n<p>O Evangelista acrescenta o seu coment\u00e1rio, explicando que Jesus aludia ao testemunho extremo, do mart\u00edrio e da morte. &#8220;Mas, podemos compreender de modo mais gen\u00e9rico o sentido desta advert\u00eancia: o seu seguimento dever\u00e1 aprender a deixar-se instruir e plasmar pela sua fragilidade, pela sua impot\u00eancia, pela sua depend\u00eancia dos outros, at\u00e9 para se vestir, para caminhar.&#8221; Mas, diz Jesus: \u00absegue-me\u00bb.<\/p>\n<p>&#8220;O seguimento de Jesus sempre vai adiante, com boa sa\u00fade, sem boa sa\u00fade, com autossufici\u00eancia, sem autossufici\u00eancia f\u00edsica. Por\u00e9m, o seguimento de Jesus \u00e9 importante: seguir Jesus sempre, a p\u00e9, correndo, lentamente, na cadeira de rodas, mas sempre segui-lo&#8221;.<\/p>\n<p>O Papa ressaltou que &#8220;gosta de falar com os idosos olhando-os nos olhos: eles t\u00eam aqueles olhos brilhantes, aqueles olhos que falam mais do que as palavras, o testemunho de uma vida. E isso \u00e9 bonito, temos de conserv\u00e1-lo at\u00e9 o fim. Seguir Jesus assim, cheios de vida&#8221;.<\/p>\n<p>Segundo Francisco, &#8220;com a doen\u00e7a, com a velhice, a depend\u00eancia aumenta e n\u00e3o somos mais autossuficientes como antes; isso aumenta e tamb\u00e9m a f\u00e9 amadurece ali. Jesus tamb\u00e9m est\u00e1 ali conosco, tamb\u00e9m ali jorra aquela riqueza da f\u00e9 bem vivida durante a estrada da vida&#8221;.<\/p>\n<p>&#8220;Mas devemos nos perguntar: dispomos de uma espiritualidade realmente capaz de interpretar a esta\u00e7\u00e3o \u2013 j\u00e1 longa e generalizada &#8211; deste tempo da nossa fraqueza confiada a outros, mais do que ao poder da nossa autonomia? Como permanecer fi\u00e9is ao seguimento vivido, ao amor prometido, \u00e0 justi\u00e7a procurada no tempo da nossa capacidade de iniciativa, no tempo da fragilidade da depend\u00eancia, da despedida, no tempo do abandono do protagonismo da nossa vida? N\u00e3o \u00e9 f\u00e1cil afastar-se do ser protagonista: n\u00e3o \u00e9 f\u00e1cil&#8221;, sublinhou ainda Francisco.<\/p>\n<p><strong>A vida do idoso \u00e9 lenta, \u00e9 uma despedida alegre<\/strong><br \/>\nSegundo o Pont\u00edfice, &#8220;a vida do idoso \u00e9 lenta, lenta, mas \u00e9 uma despedida alegre: vivi a vida, conservei a minha f\u00e9. \u00c9 bonito quando um idoso pode dizer: &#8220;Eu vivi a vida, esta \u00e9 a minha fam\u00edlia. Eu vivi a vida, fui um pecador, mas tamb\u00e9m fiz o bem&#8221;. E essa paz que vem, esta \u00e9 a despedida do idoso&#8221;.<\/p>\n<p>O Papa convidou a olhar e ouvir os idosos, e &#8220;ajud\u00e1-los para que possam viver e expressar sua sabedoria de vida, que possam nos dar o que eles t\u00eam de bonito e bom&#8221;. Francisco disse aos idosos para olhar os jovens sempre com um sorriso: &#8220;Eles seguir\u00e3o o caminho, continuar\u00e3o o que n\u00f3s semeamos, e at\u00e9 mesmo o que n\u00e3o semeamos porque n\u00e3o tivemos coragem ou oportunidade.&#8221; Manter &#8220;sempre essa rela\u00e7\u00e3o. Um idoso n\u00e3o pode ser feliz sem olhar para os jovens, e os jovens n\u00e3o podem seguir em frente na vida sem olhar para os idosos&#8221;, concluiu.<\/p>\n<hr \/>\n<p style=\"text-align: left;\"><em>Fonte: Vatican News (texto de Mariangela Jaguraba)<\/em><\/p>\n","protected":false},"excerpt":{"rendered":"<p>Audi\u00eancia Geral<\/p>\n","protected":false},"author":1,"featured_media":238592,"comment_status":"open","ping_status":"open","sticky":false,"template":"","format":"standard","meta":[],"categories":[1428],"tags":[487],"acf":[],"yoast_head":"<!-- This site is optimized with the Yoast SEO plugin v19.2 - https:\/\/yoast.com\/wordpress\/plugins\/seo\/ -->\n<title>Papa: testemunhar Cristo at\u00e9 mesmo na fragilidade da velhice - Not\u00edcias - Franciscanos<\/title>\n<meta name=\"robots\" content=\"index, follow, max-snippet:-1, max-image-preview:large, max-video-preview:-1\" \/>\n<link rel=\"canonical\" href=\"https:\/\/franciscanos.org.br\/noticias\/papa-testemunhar-cristo-ate-mesmo-na-fragilidade-da-velhice.html\" \/>\n<meta property=\"og:locale\" content=\"pt_BR\" \/>\n<meta property=\"og:type\" content=\"article\" \/>\n<meta property=\"og:title\" content=\"Papa: testemunhar Cristo at\u00e9 mesmo na fragilidade da velhice - Not\u00edcias - Franciscanos\" \/>\n<meta property=\"og:description\" content=\"Audi\u00eancia Geral\" \/>\n<meta property=\"og:url\" content=\"https:\/\/franciscanos.org.br\/noticias\/papa-testemunhar-cristo-ate-mesmo-na-fragilidade-da-velhice.html\" \/>\n<meta property=\"og:site_name\" content=\"Not\u00edcias - Franciscanos\" \/>\n<meta property=\"article:published_time\" content=\"2022-06-22T11:13:00+00:00\" \/>\n<meta property=\"article:modified_time\" content=\"2022-06-22T11:14:18+00:00\" \/>\n<meta property=\"og:image\" content=\"https:\/\/franciscanos.org.br\/noticias\/wp-content\/uploads\/2022\/06\/2022-06-22_800x550.png\" \/>\n\t<meta property=\"og:image:width\" content=\"800\" \/>\n\t<meta property=\"og:image:height\" content=\"550\" \/>\n\t<meta property=\"og:image:type\" content=\"image\/png\" \/>\n<meta name=\"author\" content=\"admin\" \/>\n<meta name=\"twitter:card\" content=\"summary_large_image\" \/>\n<meta name=\"twitter:label1\" content=\"Escrito por\" \/>\n\t<meta name=\"twitter:data1\" content=\"admin\" \/>\n\t<meta name=\"twitter:label2\" content=\"Est. tempo de leitura\" \/>\n\t<meta name=\"twitter:data2\" content=\"4 minutos\" \/>\n<script type=\"application\/ld+json\" class=\"yoast-schema-graph\">{\"@context\":\"https:\/\/schema.org\",\"@graph\":[{\"@type\":\"WebSite\",\"@id\":\"https:\/\/franciscanos.org.br\/noticias\/#website\",\"url\":\"https:\/\/franciscanos.org.br\/noticias\/\",\"name\":\"Not\u00edcias - Franciscanos\",\"description\":\"Prov\u00edncia Franciscana da Imaculada Concei\u00e7\u00e3o do Brasil - Ordem dos Frades Menores - OFM\",\"potentialAction\":[{\"@type\":\"SearchAction\",\"target\":{\"@type\":\"EntryPoint\",\"urlTemplate\":\"https:\/\/franciscanos.org.br\/noticias\/?s={search_term_string}\"},\"query-input\":\"required name=search_term_string\"}],\"inLanguage\":\"pt-BR\"},{\"@type\":\"ImageObject\",\"inLanguage\":\"pt-BR\",\"@id\":\"https:\/\/franciscanos.org.br\/noticias\/papa-testemunhar-cristo-ate-mesmo-na-fragilidade-da-velhice.html#primaryimage\",\"url\":\"https:\/\/franciscanos.org.br\/noticias\/wp-content\/uploads\/2022\/06\/2022-06-22_800x550.png\",\"contentUrl\":\"https:\/\/franciscanos.org.br\/noticias\/wp-content\/uploads\/2022\/06\/2022-06-22_800x550.png\",\"width\":800,\"height\":550},{\"@type\":\"WebPage\",\"@id\":\"https:\/\/franciscanos.org.br\/noticias\/papa-testemunhar-cristo-ate-mesmo-na-fragilidade-da-velhice.html#webpage\",\"url\":\"https:\/\/franciscanos.org.br\/noticias\/papa-testemunhar-cristo-ate-mesmo-na-fragilidade-da-velhice.html\",\"name\":\"Papa: testemunhar Cristo at\u00e9 mesmo na fragilidade da velhice - Not\u00edcias - Franciscanos\",\"isPartOf\":{\"@id\":\"https:\/\/franciscanos.org.br\/noticias\/#website\"},\"primaryImageOfPage\":{\"@id\":\"https:\/\/franciscanos.org.br\/noticias\/papa-testemunhar-cristo-ate-mesmo-na-fragilidade-da-velhice.html#primaryimage\"},\"datePublished\":\"2022-06-22T11:13:00+00:00\",\"dateModified\":\"2022-06-22T11:14:18+00:00\",\"author\":{\"@id\":\"https:\/\/franciscanos.org.br\/noticias\/#\/schema\/person\/b38fbf43118f02820bd932f2e4b14ad3\"},\"breadcrumb\":{\"@id\":\"https:\/\/franciscanos.org.br\/noticias\/papa-testemunhar-cristo-ate-mesmo-na-fragilidade-da-velhice.html#breadcrumb\"},\"inLanguage\":\"pt-BR\",\"potentialAction\":[{\"@type\":\"ReadAction\",\"target\":[\"https:\/\/franciscanos.org.br\/noticias\/papa-testemunhar-cristo-ate-mesmo-na-fragilidade-da-velhice.html\"]}]},{\"@type\":\"BreadcrumbList\",\"@id\":\"https:\/\/franciscanos.org.br\/noticias\/papa-testemunhar-cristo-ate-mesmo-na-fragilidade-da-velhice.html#breadcrumb\",\"itemListElement\":[{\"@type\":\"ListItem\",\"position\":1,\"name\":\"Home\",\"item\":\"https:\/\/franciscanos.org.br\/noticias\"},{\"@type\":\"ListItem\",\"position\":2,\"name\":\"Papa: testemunhar Cristo at\u00e9 mesmo na fragilidade da velhice\"}]},{\"@type\":\"Person\",\"@id\":\"https:\/\/franciscanos.org.br\/noticias\/#\/schema\/person\/b38fbf43118f02820bd932f2e4b14ad3\",\"name\":\"admin\",\"image\":{\"@type\":\"ImageObject\",\"inLanguage\":\"pt-BR\",\"@id\":\"https:\/\/franciscanos.org.br\/noticias\/#\/schema\/person\/image\/\",\"url\":\"https:\/\/secure.gravatar.com\/avatar\/e8495742d34d0ba6448ea1c628263b3e?s=96&d=mm&r=g\",\"contentUrl\":\"https:\/\/secure.gravatar.com\/avatar\/e8495742d34d0ba6448ea1c628263b3e?s=96&d=mm&r=g\",\"caption\":\"admin\"},\"url\":\"https:\/\/franciscanos.org.br\/noticias\/author\/admin\"}]}<\/script>\n<!-- \/ Yoast SEO plugin. -->","yoast_head_json":{"title":"Papa: testemunhar Cristo at\u00e9 mesmo na fragilidade da velhice - Not\u00edcias - Franciscanos","robots":{"index":"index","follow":"follow","max-snippet":"max-snippet:-1","max-image-preview":"max-image-preview:large","max-video-preview":"max-video-preview:-1"},"canonical":"https:\/\/franciscanos.org.br\/noticias\/papa-testemunhar-cristo-ate-mesmo-na-fragilidade-da-velhice.html","og_locale":"pt_BR","og_type":"article","og_title":"Papa: testemunhar Cristo at\u00e9 mesmo na fragilidade da velhice - Not\u00edcias - Franciscanos","og_description":"Audi\u00eancia Geral","og_url":"https:\/\/franciscanos.org.br\/noticias\/papa-testemunhar-cristo-ate-mesmo-na-fragilidade-da-velhice.html","og_site_name":"Not\u00edcias - Franciscanos","article_published_time":"2022-06-22T11:13:00+00:00","article_modified_time":"2022-06-22T11:14:18+00:00","og_image":[{"width":800,"height":550,"url":"https:\/\/franciscanos.org.br\/noticias\/wp-content\/uploads\/2022\/06\/2022-06-22_800x550.png","type":"image\/png"}],"author":"admin","twitter_card":"summary_large_image","twitter_misc":{"Escrito por":"admin","Est. tempo de leitura":"4 minutos"},"schema":{"@context":"https:\/\/schema.org","@graph":[{"@type":"WebSite","@id":"https:\/\/franciscanos.org.br\/noticias\/#website","url":"https:\/\/franciscanos.org.br\/noticias\/","name":"Not\u00edcias - Franciscanos","description":"Prov\u00edncia Franciscana da Imaculada Concei\u00e7\u00e3o do Brasil - Ordem dos Frades Menores - OFM","potentialAction":[{"@type":"SearchAction","target":{"@type":"EntryPoint","urlTemplate":"https:\/\/franciscanos.org.br\/noticias\/?s={search_term_string}"},"query-input":"required name=search_term_string"}],"inLanguage":"pt-BR"},{"@type":"ImageObject","inLanguage":"pt-BR","@id":"https:\/\/franciscanos.org.br\/noticias\/papa-testemunhar-cristo-ate-mesmo-na-fragilidade-da-velhice.html#primaryimage","url":"https:\/\/franciscanos.org.br\/noticias\/wp-content\/uploads\/2022\/06\/2022-06-22_800x550.png","contentUrl":"https:\/\/franciscanos.org.br\/noticias\/wp-content\/uploads\/2022\/06\/2022-06-22_800x550.png","width":800,"height":550},{"@type":"WebPage","@id":"https:\/\/franciscanos.org.br\/noticias\/papa-testemunhar-cristo-ate-mesmo-na-fragilidade-da-velhice.html#webpage","url":"https:\/\/franciscanos.org.br\/noticias\/papa-testemunhar-cristo-ate-mesmo-na-fragilidade-da-velhice.html","name":"Papa: testemunhar Cristo at\u00e9 mesmo na fragilidade da velhice - Not\u00edcias - Franciscanos","isPartOf":{"@id":"https:\/\/franciscanos.org.br\/noticias\/#website"},"primaryImageOfPage":{"@id":"https:\/\/franciscanos.org.br\/noticias\/papa-testemunhar-cristo-ate-mesmo-na-fragilidade-da-velhice.html#primaryimage"},"datePublished":"2022-06-22T11:13:00+00:00","dateModified":"2022-06-22T11:14:18+00:00","author":{"@id":"https:\/\/franciscanos.org.br\/noticias\/#\/schema\/person\/b38fbf43118f02820bd932f2e4b14ad3"},"breadcrumb":{"@id":"https:\/\/franciscanos.org.br\/noticias\/papa-testemunhar-cristo-ate-mesmo-na-fragilidade-da-velhice.html#breadcrumb"},"inLanguage":"pt-BR","potentialAction":[{"@type":"ReadAction","target":["https:\/\/franciscanos.org.br\/noticias\/papa-testemunhar-cristo-ate-mesmo-na-fragilidade-da-velhice.html"]}]},{"@type":"BreadcrumbList","@id":"https:\/\/franciscanos.org.br\/noticias\/papa-testemunhar-cristo-ate-mesmo-na-fragilidade-da-velhice.html#breadcrumb","itemListElement":[{"@type":"ListItem","position":1,"name":"Home","item":"https:\/\/franciscanos.org.br\/noticias"},{"@type":"ListItem","position":2,"name":"Papa: testemunhar Cristo at\u00e9 mesmo na fragilidade da velhice"}]},{"@type":"Person","@id":"https:\/\/franciscanos.org.br\/noticias\/#\/schema\/person\/b38fbf43118f02820bd932f2e4b14ad3","name":"admin","image":{"@type":"ImageObject","inLanguage":"pt-BR","@id":"https:\/\/franciscanos.org.br\/noticias\/#\/schema\/person\/image\/","url":"https:\/\/secure.gravatar.com\/avatar\/e8495742d34d0ba6448ea1c628263b3e?s=96&d=mm&r=g","contentUrl":"https:\/\/secure.gravatar.com\/avatar\/e8495742d34d0ba6448ea1c628263b3e?s=96&d=mm&r=g","caption":"admin"},"url":"https:\/\/franciscanos.org.br\/noticias\/author\/admin"}]}},"_links":{"self":[{"href":"https:\/\/franciscanos.org.br\/noticias\/wp-json\/wp\/v2\/posts\/238590"}],"collection":[{"href":"https:\/\/franciscanos.org.br\/noticias\/wp-json\/wp\/v2\/posts"}],"about":[{"href":"https:\/\/franciscanos.org.br\/noticias\/wp-json\/wp\/v2\/types\/post"}],"author":[{"embeddable":true,"href":"https:\/\/franciscanos.org.br\/noticias\/wp-json\/wp\/v2\/users\/1"}],"replies":[{"embeddable":true,"href":"https:\/\/franciscanos.org.br\/noticias\/wp-json\/wp\/v2\/comments?post=238590"}],"version-history":[{"count":2,"href":"https:\/\/franciscanos.org.br\/noticias\/wp-json\/wp\/v2\/posts\/238590\/revisions"}],"predecessor-version":[{"id":238594,"href":"https:\/\/franciscanos.org.br\/noticias\/wp-json\/wp\/v2\/posts\/238590\/revisions\/238594"}],"wp:featuredmedia":[{"embeddable":true,"href":"https:\/\/franciscanos.org.br\/noticias\/wp-json\/wp\/v2\/media\/238592"}],"wp:attachment":[{"href":"https:\/\/franciscanos.org.br\/noticias\/wp-json\/wp\/v2\/media?parent=238590"}],"wp:term":[{"taxonomy":"category","embeddable":true,"href":"https:\/\/franciscanos.org.br\/noticias\/wp-json\/wp\/v2\/categories?post=238590"},{"taxonomy":"post_tag","embeddable":true,"href":"https:\/\/franciscanos.org.br\/noticias\/wp-json\/wp\/v2\/tags?post=238590"}],"curies":[{"name":"wp","href":"https:\/\/api.w.org\/{rel}","templated":true}]}}