{"id":238569,"date":"2022-06-19T14:05:52","date_gmt":"2022-06-19T17:05:52","guid":{"rendered":"https:\/\/franciscanos.org.br\/noticias\/?p=238569"},"modified":"2022-06-19T15:26:36","modified_gmt":"2022-06-19T18:26:36","slug":"um-dia-solene-e-festivo-para-a-ordem-franciscana-secular-de-petropolis","status":"publish","type":"post","link":"https:\/\/franciscanos.org.br\/noticias\/um-dia-solene-e-festivo-para-a-ordem-franciscana-secular-de-petropolis.html","title":{"rendered":"Um dia solene e festivo para a Ordem Franciscana Secular de Petr\u00f3polis"},"content":{"rendered":"<p><img loading=\"lazy\" class=\"alignnone wp-image-238570 size-full\" src=\"https:\/\/franciscanos.org.br\/noticias\/wp-content\/uploads\/2022\/06\/ofs_190622.jpg\" alt=\"\" width=\"1280\" height=\"720\" srcset=\"https:\/\/franciscanos.org.br\/noticias\/wp-content\/uploads\/2022\/06\/ofs_190622.jpg 1280w, https:\/\/franciscanos.org.br\/noticias\/wp-content\/uploads\/2022\/06\/ofs_190622-450x253.jpg 450w, https:\/\/franciscanos.org.br\/noticias\/wp-content\/uploads\/2022\/06\/ofs_190622-1024x576.jpg 1024w, https:\/\/franciscanos.org.br\/noticias\/wp-content\/uploads\/2022\/06\/ofs_190622-768x432.jpg 768w, https:\/\/franciscanos.org.br\/noticias\/wp-content\/uploads\/2022\/06\/ofs_190622-150x84.jpg 150w\" sizes=\"(max-width: 1280px) 100vw, 1280px\" \/><\/p>\n<p style=\"font-weight: 400;\"><strong>Petr\u00f3polis (RJ) \u2013<\/strong> Nem mesmo as baixas temperaturas da serra fluminense espantaram os fi\u00e9is e franciscanos que neste domingo (19\/06) vieram at\u00e9 a Igreja do Sagrado com um motivo especial para celebrar. Afinal, neste dia, comemorou-se os 125 anos de cria\u00e7\u00e3o da Fraternidade da Ordem Franciscana Secular (OFS), a primeira de Petr\u00f3polis. Presidida por Frei Fernando de Ara\u00fajo Lima, Assistente Espiritual da Fraternidade do Sagrado Cora\u00e7\u00e3o de Jesus, a Santa Missa das 8h30 contou com a presen\u00e7a em peso dos religiosos seculares e do ilustre Coral dos Frades do Tempo da Teologia, sob reg\u00eancia do mestre e Definidor Provincial, Frei Marcos Ant\u00f4nio de Andrade, na condu\u00e7\u00e3o dos cantos em gregoriano da Missa XI, Orbis Factor.<\/p>\n<p style=\"font-weight: 400;\">A OFS foi fundada no dia 30 de maio de 1897, um ano ap\u00f3s da chegada dos franciscanos na Cidade Imperial, oriundos da Prov\u00edncia Franciscana da Sax\u00f4nia, na Alemanha. O ent\u00e3o fundador do Convento do Sagrado, Frei Cir\u00edaco Hielscher, OFM, foi tamb\u00e9m o criador da Fraternidade da Ordem Terceira, hoje Ordem Franciscana Secular. A Fraternidade tem sua sede pr\u00f3pria ao lado da Igreja, na rua que atravessa o Convento do Sagrado e que leva o nome do saudoso Frei Luiz Reinke. Ao longo do tempo acolheu ricas personalidades, como <strong><a href=\"https:\/\/franciscanos.org.br\/noticias\/paulo-machado-um-seculo-dedicado-ao-carisma-franciscano.html#gsc.tab=0\" target=\"_blank\" rel=\"noopener\">Paulo Machado da Costa e Silva<\/a><\/strong>, ex-Ministro Nacional e uma das figuras mais importantes e emblem\u00e1ticas da OFS, falecido em 2019.<\/p>\n<p style=\"font-weight: 400;\">No coment\u00e1rio inicial, a secret\u00e1ria da OFS, Elizabeth Rigoni, manifestou a alegria e gratid\u00e3o pelo dia celebrativo. \u201cNo in\u00edcio de nossa fraternidade \u00e9ramos mais de 800 irm\u00e3os, hoje somos em bem menos, mas o ideal de viv\u00eancia do Evangelho ao modo de Francisco de Assis continua sendo o mesmo. Nossa caminhada continua e nossas portas est\u00e3o abertas para receb\u00ea-los. Venha conhecer nossa espiritualidade franciscana e colocar a vida no Evangelho e o Evangelho na vida\u201d, disse.<\/p>\n<p style=\"font-weight: 400;\"><strong>SEGUIR O MANDAMENTO DO AMOR<\/strong><\/p>\n<p><img loading=\"lazy\" class=\"alignnone wp-image-238571 size-full\" src=\"https:\/\/franciscanos.org.br\/noticias\/wp-content\/uploads\/2022\/06\/ofs_190622_2.jpg\" alt=\"\" width=\"1280\" height=\"720\" srcset=\"https:\/\/franciscanos.org.br\/noticias\/wp-content\/uploads\/2022\/06\/ofs_190622_2.jpg 1280w, https:\/\/franciscanos.org.br\/noticias\/wp-content\/uploads\/2022\/06\/ofs_190622_2-450x253.jpg 450w, https:\/\/franciscanos.org.br\/noticias\/wp-content\/uploads\/2022\/06\/ofs_190622_2-1024x576.jpg 1024w, https:\/\/franciscanos.org.br\/noticias\/wp-content\/uploads\/2022\/06\/ofs_190622_2-768x432.jpg 768w, https:\/\/franciscanos.org.br\/noticias\/wp-content\/uploads\/2022\/06\/ofs_190622_2-150x84.jpg 150w\" sizes=\"(max-width: 1280px) 100vw, 1280px\" \/><\/p>\n<p style=\"font-weight: 400;\">Ap\u00f3s a leitura do Evangelho do 12\u00ba Domingo do Tempo Comum (Lc 9, 18-24), que apresenta Jesus como o Messias, Frei Fernando iniciou sua reflex\u00e3o afirmando que Jesus desafia a todos ao apresentar ideias que contrariam a pr\u00f3pria natureza humana. Citou o vers\u00edculo do Evangelho que diz: \u2018Se algu\u00e9m quer me seguir, renuncie a si mesmo, tome cada dia a sua cruz, e me siga\u2019, e disse: \u201cTodos n\u00f3s evitamos o sofrimento. Ningu\u00e9m vai buscar o sofrimento como objetivo de vida, isso contraria a nossa pr\u00f3pria natureza. No entanto, Deus n\u00e3o nos recomenda que busquemos o sofrimento como objetivo de vida e nem como meta de nossa exist\u00eancia, pois Ele mesmo pediu ao Pai que afastasse esse sofrimento Dele, mas, foi livre ao fazer a vontade do Pai\u201d, explicou.<\/p>\n<p style=\"font-weight: 400;\">Segundo o religioso, Jesus n\u00e3o buscou e n\u00e3o desejou o sofrimento, mas o aceitou como parte da sua miss\u00e3o. \u201cO abra\u00e7ou livremente como parte da sua meta de exist\u00eancia. Ent\u00e3o, o sofrimento n\u00e3o \u00e9 para ser buscado, amado em si mesmo. Por\u00e9m, quando esse sofrimento \u00e9 consequ\u00eancia do amor, a\u00ed sim, podemos abra\u00e7\u00e1-lo como Jesus abra\u00e7ou e acolh\u00ea-lo como parte de um movimento redentor, como Ele acolheu. Sofrer por amor, isso sim tem sentido\u201d, revelou.<\/p>\n<p style=\"font-weight: 400;\">Na sequ\u00eancia Frei Fernando falou sobre o amor verdadeiro e gratuito das m\u00e3es para com os filhos. \u201cUma verdadeira m\u00e3e deseja sempre o bem de seus filhos, mesmo quando eles erram. \u00c9 semelhante ao amor de Deus, que odeia o pecado, mas ama o pecador\u201d, frisou.<\/p>\n<p style=\"font-weight: 400;\">Jesus recomenda, quem quiser salvar a sua vida, deve entregar-se por uma causa nobre, a causa no Evangelho. Quem quiser salvar a sua vida, ofere\u00e7a-a para os outros, n\u00e3o viva para si mesmo, viva para os necessitados, para a sua fam\u00edlia, viva para os outros. Esse \u00e9 o segredo da realiza\u00e7\u00e3o plena e completa do nosso ser. N\u00e3o nascemos para n\u00f3s mesmos, nascemos para o mundo, vivemos para o mundo\u201d, ensinou.<\/p>\n<p><img loading=\"lazy\" class=\"alignnone wp-image-238574 size-full\" src=\"https:\/\/franciscanos.org.br\/noticias\/wp-content\/uploads\/2022\/06\/ofs_190622_5.jpg\" alt=\"\" width=\"1280\" height=\"720\" srcset=\"https:\/\/franciscanos.org.br\/noticias\/wp-content\/uploads\/2022\/06\/ofs_190622_5.jpg 1280w, https:\/\/franciscanos.org.br\/noticias\/wp-content\/uploads\/2022\/06\/ofs_190622_5-450x253.jpg 450w, https:\/\/franciscanos.org.br\/noticias\/wp-content\/uploads\/2022\/06\/ofs_190622_5-1024x576.jpg 1024w, https:\/\/franciscanos.org.br\/noticias\/wp-content\/uploads\/2022\/06\/ofs_190622_5-768x432.jpg 768w, https:\/\/franciscanos.org.br\/noticias\/wp-content\/uploads\/2022\/06\/ofs_190622_5-150x84.jpg 150w\" sizes=\"(max-width: 1280px) 100vw, 1280px\" \/><\/p>\n<p style=\"font-weight: 400;\">Para Frei Fernando, \u00e9 necess\u00e1rio abra\u00e7ar a causa do Evangelho. \u201cCausas que est\u00e3o em defesa da vida humana, dos animais, das \u00e1rvores da natureza em geral. Amar a vida e viver por ela e para ela. Ter uma vida que v\u00e1 al\u00e9m de mim mesmo, al\u00e9m de voc\u00ea mesmo. N\u00e3o \u00e9 um \u00f3timo modo de ser feliz?\u201d, perguntou.<\/p>\n<p style=\"font-weight: 400;\">Citando S\u00e3o Francisco de Assis, na ora\u00e7\u00e3o a ele atribu\u00edda, Frei Fernando disse: \u201c\u00c9 dando que se recebe, \u00e9 perdoando que se h\u00e1 de perdoar e \u00e9 morrendo que se vive para a vida eterna. Essa ora\u00e7\u00e3o faz ecoar a mensagem essencial de Jesus. N\u00e3o vivemos para n\u00f3s mesmos, mas para causas nobres. E a mais nobre das causas \u00e9 a causa do Evangelho, \u00e9 o estabelecimento do Reino de Deus entre n\u00f3s\u201d, evidenciou.<\/p>\n<p style=\"font-weight: 400;\">\u201cJesus apresenta paradoxos e contraria regras. Mas nestes paradoxos apresenta a ess\u00eancia da condi\u00e7\u00e3o humana que busca a comunh\u00e3o com Deus, com outras pessoas, com a vida, com a exist\u00eancia, com a cria\u00e7\u00e3o. Essa comunh\u00e3o tem como caminho mais eficaz o servi\u00e7o, o amor, o doar-se. Jesus nos ensinou o caminho, entendemos por que Jesus \u00e9 muito simples, basta ent\u00e3o trilharmos este caminho\u201d, encerrou.<\/p>\n<p style=\"font-weight: 400;\">A missa teve continuidade com a ora\u00e7\u00e3o do Creio, preces e liturgia eucar\u00edstica. Ap\u00f3s a comunh\u00e3o, o Coral dos Frades entoou a m\u00fasica \u201cUbi Caritas\u201d, uma ant\u00edfona do s\u00e9culo VIII, frequentemente cantada na Quinta-feira Santa durante o lava-p\u00e9s e um cl\u00e1ssico da m\u00fasica sacra (VEJA ABAIXO).<br \/>\n<iframe loading=\"lazy\" title=\"YouTube video player\" src=\"https:\/\/www.youtube.com\/embed\/vVHZ0bjGQpo\" width=\"100%\" height=\"480\" frameborder=\"0\" allowfullscreen=\"allowfullscreen\"><span data-mce-type=\"bookmark\" style=\"display: inline-block; width: 0px; overflow: hidden; line-height: 0;\" class=\"mce_SELRES_start\">\ufeff<\/span><\/iframe><br \/>\n<strong>125 ANOS DE CARISMA FRANCISCANO EM PETR\u00d3POLIS<\/strong><\/p>\n<p style=\"font-weight: 400;\">No final da celebra\u00e7\u00e3o Frei Fernando parabenizou a Ordem Franciscana Secular pelos 125 anos de cria\u00e7\u00e3o e agradeceu a presen\u00e7a de todos. \u201cUma ordem, uma institui\u00e7\u00e3o ou organiza\u00e7\u00e3o, s\u00f3 dar\u00e1 certo se seguir o Evangelho e o mandamento do amor. Por isso, \u00e9 muito importante a presen\u00e7a de voc\u00eas em nossas missas dominicais e o aux\u00edlio prestado na liturgia. Essa tamb\u00e9m \u00e9 uma forma de viver o Evangelho e o amor\u2019, disse. A b\u00ean\u00e7\u00e3o final encerrou a celebra\u00e7\u00e3o. O Coral dos Frades entoou ent\u00e3o o conhecido canto \u201cSalve Mestre\u201d de Frei Bas\u00edlio R\u00f6wer (<strong><a href=\"https:\/\/youtu.be\/G3jBsukd9Sc\" target=\"_blank\" rel=\"noopener\">CLIQUE E ASSISTA<\/a><\/strong>).<\/p>\n<p><img loading=\"lazy\" class=\"alignnone wp-image-238575 size-full\" src=\"https:\/\/franciscanos.org.br\/noticias\/wp-content\/uploads\/2022\/06\/ofs_190622_6.jpg\" alt=\"\" width=\"1280\" height=\"720\" srcset=\"https:\/\/franciscanos.org.br\/noticias\/wp-content\/uploads\/2022\/06\/ofs_190622_6.jpg 1280w, https:\/\/franciscanos.org.br\/noticias\/wp-content\/uploads\/2022\/06\/ofs_190622_6-450x253.jpg 450w, https:\/\/franciscanos.org.br\/noticias\/wp-content\/uploads\/2022\/06\/ofs_190622_6-1024x576.jpg 1024w, https:\/\/franciscanos.org.br\/noticias\/wp-content\/uploads\/2022\/06\/ofs_190622_6-768x432.jpg 768w, https:\/\/franciscanos.org.br\/noticias\/wp-content\/uploads\/2022\/06\/ofs_190622_6-150x84.jpg 150w\" sizes=\"(max-width: 1280px) 100vw, 1280px\" \/><\/p>\n<p style=\"text-align: center;\"><em>Ministro da OFS, Luiz Alberto Vianna<\/em><\/p>\n<p style=\"font-weight: 400;\">Ap\u00f3s a celebra\u00e7\u00e3o, um caf\u00e9 foi servido na sede da institui\u00e7\u00e3o. Na ocasi\u00e3o, o ministro da OFS, Luiz Alberto Vianna, acolheu a todos e manifestou sua alegria com a celebra\u00e7\u00e3o. \u201cEste v\u00ednculo fraterno e can\u00f4nico entre n\u00f3s, s\u00f3 existe se tiver a presen\u00e7a dos Frades Menores e dos nossos membros da OFS. A presen\u00e7a de voc\u00eas aqui nos alegra e nos anima porque n\u00f3s sentimos que voc\u00eas est\u00e3o do nosso lado como Francisco de Assis pediu. A presen\u00e7a de todos voc\u00eas \u00e9 o que anima a nossa comemora\u00e7\u00e3o de hoje\u201d, disse. \u201cAs ora\u00e7\u00f5es de todos voc\u00eas s\u00e3o o nosso sustento\u201d, acrescentou.<\/p>\n<p style=\"font-weight: 400;\">Teresinha Valone Joaquim tem 80 anos e participa da OFS h\u00e1 mais de 50. Para ela, uma experi\u00eancia que marcou sua vida neste meio s\u00e9culo foi a f\u00e9 em Jesus Cristo, atrav\u00e9s de Francisco e Clara de Assis. \u201cFez eu superar todos os problemas que passei em minha vida e eu sou muito feliz por isso. Aqui eu encontro for\u00e7a, paz e alegria\u201d, revelou emocionada. \u201cCelebrar 125 anos de cria\u00e7\u00e3o \u00e9 muito importante para todos n\u00f3s da OFS. S\u00e3o Francisco e Santa Clara renovam sempre minhas for\u00e7as para seguir em frente\u201d, acrescentou.<\/p>\n<p><img loading=\"lazy\" class=\"alignnone wp-image-238576 size-full\" src=\"https:\/\/franciscanos.org.br\/noticias\/wp-content\/uploads\/2022\/06\/ofs_190622_7.jpg\" alt=\"\" width=\"1280\" height=\"720\" srcset=\"https:\/\/franciscanos.org.br\/noticias\/wp-content\/uploads\/2022\/06\/ofs_190622_7.jpg 1280w, https:\/\/franciscanos.org.br\/noticias\/wp-content\/uploads\/2022\/06\/ofs_190622_7-450x253.jpg 450w, https:\/\/franciscanos.org.br\/noticias\/wp-content\/uploads\/2022\/06\/ofs_190622_7-1024x576.jpg 1024w, https:\/\/franciscanos.org.br\/noticias\/wp-content\/uploads\/2022\/06\/ofs_190622_7-768x432.jpg 768w, https:\/\/franciscanos.org.br\/noticias\/wp-content\/uploads\/2022\/06\/ofs_190622_7-150x84.jpg 150w\" sizes=\"(max-width: 1280px) 100vw, 1280px\" \/><\/p>\n<p style=\"font-weight: 400;\">Maria da Gl\u00f3ria Gomes Alvarenga \u00e9 franciscana secular h\u00e1 30 anos. Para ela, celebrar o anivers\u00e1rio da Ordem Franciscana Secular \u00e9 uma forma de aprender mais sobre o carisma e tamb\u00e9m divulgar a miss\u00e3o dos irm\u00e3os franciscanos. \u201cAqui aprendemos muito. \u00c9 tudo muito bom. J\u00e1 fizemos passeios e visitas em outras fraternidades e isso enriquece nossa voca\u00e7\u00e3o\u201d, disse.<\/p>\n<hr \/>\n<p style=\"font-weight: 400;\"><em>Frei Augusto Luiz Gabriel<\/em><\/p>\n","protected":false},"excerpt":{"rendered":"<p>OFS de Petr\u00f3polis<\/p>\n","protected":false},"author":3,"featured_media":238570,"comment_status":"open","ping_status":"open","sticky":false,"template":"","format":"standard","meta":[],"categories":[1],"tags":[60,190],"acf":[],"yoast_head":"<!-- This site is optimized with the Yoast SEO plugin v19.2 - https:\/\/yoast.com\/wordpress\/plugins\/seo\/ -->\n<title>Um dia solene e festivo para a Ordem Franciscana Secular de Petr\u00f3polis - Not\u00edcias - Franciscanos<\/title>\n<meta name=\"robots\" content=\"index, follow, max-snippet:-1, max-image-preview:large, max-video-preview:-1\" \/>\n<link rel=\"canonical\" href=\"https:\/\/franciscanos.org.br\/noticias\/um-dia-solene-e-festivo-para-a-ordem-franciscana-secular-de-petropolis.html\" \/>\n<meta property=\"og:locale\" content=\"pt_BR\" \/>\n<meta property=\"og:type\" content=\"article\" \/>\n<meta property=\"og:title\" content=\"Um dia solene e festivo para a Ordem Franciscana Secular de Petr\u00f3polis - Not\u00edcias - Franciscanos\" \/>\n<meta property=\"og:description\" content=\"OFS de Petr\u00f3polis\" \/>\n<meta property=\"og:url\" content=\"https:\/\/franciscanos.org.br\/noticias\/um-dia-solene-e-festivo-para-a-ordem-franciscana-secular-de-petropolis.html\" \/>\n<meta property=\"og:site_name\" content=\"Not\u00edcias - Franciscanos\" \/>\n<meta property=\"article:published_time\" content=\"2022-06-19T17:05:52+00:00\" \/>\n<meta property=\"article:modified_time\" content=\"2022-06-19T18:26:36+00:00\" \/>\n<meta property=\"og:image\" content=\"https:\/\/franciscanos.org.br\/noticias\/wp-content\/uploads\/2022\/06\/ofs_190622.jpg\" \/>\n\t<meta property=\"og:image:width\" content=\"1280\" \/>\n\t<meta property=\"og:image:height\" content=\"720\" \/>\n\t<meta property=\"og:image:type\" content=\"image\/jpeg\" \/>\n<meta name=\"author\" content=\"moacir\" \/>\n<meta name=\"twitter:card\" content=\"summary_large_image\" \/>\n<meta name=\"twitter:label1\" content=\"Escrito por\" \/>\n\t<meta name=\"twitter:data1\" content=\"moacir\" \/>\n\t<meta name=\"twitter:label2\" content=\"Est. tempo de leitura\" \/>\n\t<meta name=\"twitter:data2\" content=\"7 minutos\" \/>\n<script type=\"application\/ld+json\" class=\"yoast-schema-graph\">{\"@context\":\"https:\/\/schema.org\",\"@graph\":[{\"@type\":\"WebSite\",\"@id\":\"https:\/\/franciscanos.org.br\/noticias\/#website\",\"url\":\"https:\/\/franciscanos.org.br\/noticias\/\",\"name\":\"Not\u00edcias - Franciscanos\",\"description\":\"Prov\u00edncia Franciscana da Imaculada Concei\u00e7\u00e3o do Brasil - Ordem dos Frades Menores - OFM\",\"potentialAction\":[{\"@type\":\"SearchAction\",\"target\":{\"@type\":\"EntryPoint\",\"urlTemplate\":\"https:\/\/franciscanos.org.br\/noticias\/?s={search_term_string}\"},\"query-input\":\"required name=search_term_string\"}],\"inLanguage\":\"pt-BR\"},{\"@type\":\"ImageObject\",\"inLanguage\":\"pt-BR\",\"@id\":\"https:\/\/franciscanos.org.br\/noticias\/um-dia-solene-e-festivo-para-a-ordem-franciscana-secular-de-petropolis.html#primaryimage\",\"url\":\"https:\/\/franciscanos.org.br\/noticias\/wp-content\/uploads\/2022\/06\/ofs_190622.jpg\",\"contentUrl\":\"https:\/\/franciscanos.org.br\/noticias\/wp-content\/uploads\/2022\/06\/ofs_190622.jpg\",\"width\":1280,\"height\":720},{\"@type\":\"WebPage\",\"@id\":\"https:\/\/franciscanos.org.br\/noticias\/um-dia-solene-e-festivo-para-a-ordem-franciscana-secular-de-petropolis.html#webpage\",\"url\":\"https:\/\/franciscanos.org.br\/noticias\/um-dia-solene-e-festivo-para-a-ordem-franciscana-secular-de-petropolis.html\",\"name\":\"Um dia solene e festivo para a Ordem Franciscana Secular de Petr\u00f3polis - Not\u00edcias - Franciscanos\",\"isPartOf\":{\"@id\":\"https:\/\/franciscanos.org.br\/noticias\/#website\"},\"primaryImageOfPage\":{\"@id\":\"https:\/\/franciscanos.org.br\/noticias\/um-dia-solene-e-festivo-para-a-ordem-franciscana-secular-de-petropolis.html#primaryimage\"},\"datePublished\":\"2022-06-19T17:05:52+00:00\",\"dateModified\":\"2022-06-19T18:26:36+00:00\",\"author\":{\"@id\":\"https:\/\/franciscanos.org.br\/noticias\/#\/schema\/person\/b5c8cba458c330ccff548b056e95a5d4\"},\"breadcrumb\":{\"@id\":\"https:\/\/franciscanos.org.br\/noticias\/um-dia-solene-e-festivo-para-a-ordem-franciscana-secular-de-petropolis.html#breadcrumb\"},\"inLanguage\":\"pt-BR\",\"potentialAction\":[{\"@type\":\"ReadAction\",\"target\":[\"https:\/\/franciscanos.org.br\/noticias\/um-dia-solene-e-festivo-para-a-ordem-franciscana-secular-de-petropolis.html\"]}]},{\"@type\":\"BreadcrumbList\",\"@id\":\"https:\/\/franciscanos.org.br\/noticias\/um-dia-solene-e-festivo-para-a-ordem-franciscana-secular-de-petropolis.html#breadcrumb\",\"itemListElement\":[{\"@type\":\"ListItem\",\"position\":1,\"name\":\"Home\",\"item\":\"https:\/\/franciscanos.org.br\/noticias\"},{\"@type\":\"ListItem\",\"position\":2,\"name\":\"Um dia solene e festivo para a Ordem Franciscana Secular de Petr\u00f3polis\"}]},{\"@type\":\"Person\",\"@id\":\"https:\/\/franciscanos.org.br\/noticias\/#\/schema\/person\/b5c8cba458c330ccff548b056e95a5d4\",\"name\":\"moacir\",\"image\":{\"@type\":\"ImageObject\",\"inLanguage\":\"pt-BR\",\"@id\":\"https:\/\/franciscanos.org.br\/noticias\/#\/schema\/person\/image\/\",\"url\":\"https:\/\/secure.gravatar.com\/avatar\/d08aa2ce4c8dd416d4479aa8536fcf64?s=96&d=mm&r=g\",\"contentUrl\":\"https:\/\/secure.gravatar.com\/avatar\/d08aa2ce4c8dd416d4479aa8536fcf64?s=96&d=mm&r=g\",\"caption\":\"moacir\"},\"url\":\"https:\/\/franciscanos.org.br\/noticias\/author\/moacir\"}]}<\/script>\n<!-- \/ Yoast SEO plugin. -->","yoast_head_json":{"title":"Um dia solene e festivo para a Ordem Franciscana Secular de Petr\u00f3polis - Not\u00edcias - Franciscanos","robots":{"index":"index","follow":"follow","max-snippet":"max-snippet:-1","max-image-preview":"max-image-preview:large","max-video-preview":"max-video-preview:-1"},"canonical":"https:\/\/franciscanos.org.br\/noticias\/um-dia-solene-e-festivo-para-a-ordem-franciscana-secular-de-petropolis.html","og_locale":"pt_BR","og_type":"article","og_title":"Um dia solene e festivo para a Ordem Franciscana Secular de Petr\u00f3polis - Not\u00edcias - Franciscanos","og_description":"OFS de Petr\u00f3polis","og_url":"https:\/\/franciscanos.org.br\/noticias\/um-dia-solene-e-festivo-para-a-ordem-franciscana-secular-de-petropolis.html","og_site_name":"Not\u00edcias - Franciscanos","article_published_time":"2022-06-19T17:05:52+00:00","article_modified_time":"2022-06-19T18:26:36+00:00","og_image":[{"width":1280,"height":720,"url":"https:\/\/franciscanos.org.br\/noticias\/wp-content\/uploads\/2022\/06\/ofs_190622.jpg","type":"image\/jpeg"}],"author":"moacir","twitter_card":"summary_large_image","twitter_misc":{"Escrito por":"moacir","Est. tempo de leitura":"7 minutos"},"schema":{"@context":"https:\/\/schema.org","@graph":[{"@type":"WebSite","@id":"https:\/\/franciscanos.org.br\/noticias\/#website","url":"https:\/\/franciscanos.org.br\/noticias\/","name":"Not\u00edcias - Franciscanos","description":"Prov\u00edncia Franciscana da Imaculada Concei\u00e7\u00e3o do Brasil - Ordem dos Frades Menores - OFM","potentialAction":[{"@type":"SearchAction","target":{"@type":"EntryPoint","urlTemplate":"https:\/\/franciscanos.org.br\/noticias\/?s={search_term_string}"},"query-input":"required name=search_term_string"}],"inLanguage":"pt-BR"},{"@type":"ImageObject","inLanguage":"pt-BR","@id":"https:\/\/franciscanos.org.br\/noticias\/um-dia-solene-e-festivo-para-a-ordem-franciscana-secular-de-petropolis.html#primaryimage","url":"https:\/\/franciscanos.org.br\/noticias\/wp-content\/uploads\/2022\/06\/ofs_190622.jpg","contentUrl":"https:\/\/franciscanos.org.br\/noticias\/wp-content\/uploads\/2022\/06\/ofs_190622.jpg","width":1280,"height":720},{"@type":"WebPage","@id":"https:\/\/franciscanos.org.br\/noticias\/um-dia-solene-e-festivo-para-a-ordem-franciscana-secular-de-petropolis.html#webpage","url":"https:\/\/franciscanos.org.br\/noticias\/um-dia-solene-e-festivo-para-a-ordem-franciscana-secular-de-petropolis.html","name":"Um dia solene e festivo para a Ordem Franciscana Secular de Petr\u00f3polis - Not\u00edcias - Franciscanos","isPartOf":{"@id":"https:\/\/franciscanos.org.br\/noticias\/#website"},"primaryImageOfPage":{"@id":"https:\/\/franciscanos.org.br\/noticias\/um-dia-solene-e-festivo-para-a-ordem-franciscana-secular-de-petropolis.html#primaryimage"},"datePublished":"2022-06-19T17:05:52+00:00","dateModified":"2022-06-19T18:26:36+00:00","author":{"@id":"https:\/\/franciscanos.org.br\/noticias\/#\/schema\/person\/b5c8cba458c330ccff548b056e95a5d4"},"breadcrumb":{"@id":"https:\/\/franciscanos.org.br\/noticias\/um-dia-solene-e-festivo-para-a-ordem-franciscana-secular-de-petropolis.html#breadcrumb"},"inLanguage":"pt-BR","potentialAction":[{"@type":"ReadAction","target":["https:\/\/franciscanos.org.br\/noticias\/um-dia-solene-e-festivo-para-a-ordem-franciscana-secular-de-petropolis.html"]}]},{"@type":"BreadcrumbList","@id":"https:\/\/franciscanos.org.br\/noticias\/um-dia-solene-e-festivo-para-a-ordem-franciscana-secular-de-petropolis.html#breadcrumb","itemListElement":[{"@type":"ListItem","position":1,"name":"Home","item":"https:\/\/franciscanos.org.br\/noticias"},{"@type":"ListItem","position":2,"name":"Um dia solene e festivo para a Ordem Franciscana Secular de Petr\u00f3polis"}]},{"@type":"Person","@id":"https:\/\/franciscanos.org.br\/noticias\/#\/schema\/person\/b5c8cba458c330ccff548b056e95a5d4","name":"moacir","image":{"@type":"ImageObject","inLanguage":"pt-BR","@id":"https:\/\/franciscanos.org.br\/noticias\/#\/schema\/person\/image\/","url":"https:\/\/secure.gravatar.com\/avatar\/d08aa2ce4c8dd416d4479aa8536fcf64?s=96&d=mm&r=g","contentUrl":"https:\/\/secure.gravatar.com\/avatar\/d08aa2ce4c8dd416d4479aa8536fcf64?s=96&d=mm&r=g","caption":"moacir"},"url":"https:\/\/franciscanos.org.br\/noticias\/author\/moacir"}]}},"_links":{"self":[{"href":"https:\/\/franciscanos.org.br\/noticias\/wp-json\/wp\/v2\/posts\/238569"}],"collection":[{"href":"https:\/\/franciscanos.org.br\/noticias\/wp-json\/wp\/v2\/posts"}],"about":[{"href":"https:\/\/franciscanos.org.br\/noticias\/wp-json\/wp\/v2\/types\/post"}],"author":[{"embeddable":true,"href":"https:\/\/franciscanos.org.br\/noticias\/wp-json\/wp\/v2\/users\/3"}],"replies":[{"embeddable":true,"href":"https:\/\/franciscanos.org.br\/noticias\/wp-json\/wp\/v2\/comments?post=238569"}],"version-history":[{"count":6,"href":"https:\/\/franciscanos.org.br\/noticias\/wp-json\/wp\/v2\/posts\/238569\/revisions"}],"predecessor-version":[{"id":238583,"href":"https:\/\/franciscanos.org.br\/noticias\/wp-json\/wp\/v2\/posts\/238569\/revisions\/238583"}],"wp:featuredmedia":[{"embeddable":true,"href":"https:\/\/franciscanos.org.br\/noticias\/wp-json\/wp\/v2\/media\/238570"}],"wp:attachment":[{"href":"https:\/\/franciscanos.org.br\/noticias\/wp-json\/wp\/v2\/media?parent=238569"}],"wp:term":[{"taxonomy":"category","embeddable":true,"href":"https:\/\/franciscanos.org.br\/noticias\/wp-json\/wp\/v2\/categories?post=238569"},{"taxonomy":"post_tag","embeddable":true,"href":"https:\/\/franciscanos.org.br\/noticias\/wp-json\/wp\/v2\/tags?post=238569"}],"curies":[{"name":"wp","href":"https:\/\/api.w.org\/{rel}","templated":true}]}}