{"id":238560,"date":"2022-06-17T15:04:12","date_gmt":"2022-06-17T18:04:12","guid":{"rendered":"https:\/\/franciscanos.org.br\/noticias\/?p=238560"},"modified":"2022-06-23T10:53:18","modified_gmt":"2022-06-23T13:53:18","slug":"paroquia-sao-luiz-gonzaga-celebra-a-solenidade-de-corpus-christi","status":"publish","type":"post","link":"https:\/\/franciscanos.org.br\/noticias\/paroquia-sao-luiz-gonzaga-celebra-a-solenidade-de-corpus-christi.html","title":{"rendered":"Par\u00f3quia S\u00e3o Luiz Gonzaga celebra a solenidade de Corpus Christi"},"content":{"rendered":"<p><img loading=\"lazy\" class=\"alignnone wp-image-238561 size-full\" src=\"https:\/\/franciscanos.org.br\/noticias\/wp-content\/uploads\/2022\/06\/xaxim_01.jpg\" alt=\"\" width=\"1280\" height=\"775\" srcset=\"https:\/\/franciscanos.org.br\/noticias\/wp-content\/uploads\/2022\/06\/xaxim_01.jpg 1280w, https:\/\/franciscanos.org.br\/noticias\/wp-content\/uploads\/2022\/06\/xaxim_01-450x272.jpg 450w, https:\/\/franciscanos.org.br\/noticias\/wp-content\/uploads\/2022\/06\/xaxim_01-1024x620.jpg 1024w, https:\/\/franciscanos.org.br\/noticias\/wp-content\/uploads\/2022\/06\/xaxim_01-768x465.jpg 768w, https:\/\/franciscanos.org.br\/noticias\/wp-content\/uploads\/2022\/06\/xaxim_01-150x91.jpg 150w\" sizes=\"(max-width: 1280px) 100vw, 1280px\" \/><\/p>\n<p>A Par\u00f3quia S\u00e3o Luiz Gonzaga celebrou na quinta-feira (16\/06), a Solenidade de Corpus Christi, marcando o retorno dos fi\u00e9is na confec\u00e7\u00e3o dos tradicionais tapetes e prociss\u00e3o pelas ruas da cidade.<\/p>\n<p>As celebra\u00e7\u00f5es aconteceram em Marema e Lajeado Grande, \u00e0s 9h. Em Xaxim, durante a manh\u00e3, o povo de Deus se reuniu para a confec\u00e7\u00e3o dos tapetes. Pastorais, movimentos se organizaram para a produ\u00e7\u00e3o dos tapetes iniciando em frente \u00e0 Igreja Matriz.<\/p>\n<p>Com transmiss\u00e3o pelas redes sociais da Par\u00f3quia, Facebook e YouTube, a Santa Missa teve in\u00edcio \u00e0s 15h. A solenidade foi presidida por Frei Gilson Kammer e concelebrada por Frei Jacir Zolet.<\/p>\n<p>A celebra\u00e7\u00e3o de Corpus Christi ou Corpo de Cristo est\u00e1 no calend\u00e1rio da igreja cat\u00f3lica desde 1264, quando foi oficialmente definida a data, pelo ent\u00e3o Papa Urbano IV, Corpus Christi tem por um dos mais importantes princ\u00edpios do catolicismo, o sacramento da Eucaristia, que relembra a morte e ressurei\u00e7\u00e3o de Jesus Cristo.<\/p>\n<p>Eucaristia \u00e9 uma refer\u00eancia \u00e0 \u00daltima Ceia, realizada durante a Semana Santa. Na data tradicionalmente os fi\u00e9is se re\u00fanem para confeccionar tapetes pelas ruas e acompanham a prociss\u00e3o que segue o Sant\u00edssimo Sacramento, carregado pelo sacerdote sobre os tapetes.<\/p>\n<p>Frei Gilson, em sua homilia saudou a todos que acompanhavam pelas redes sociais e aos que estavam presentes na igreja. \u201cAgrade\u00e7o a todos que est\u00e3o presentes e aos que nos acompanham pelas redes sociais da Par\u00f3quia. A solenidade de hoje nos liga \u00e0 quinta-feira Santa. A esse grande mist\u00e9rio pascal que durante 60 dias estamos celebrando. E a liturgia da Palavra de hoje nos coloca, sobretudo, \u00e0 maneira como as pessoas desde o Antigo Testamento se p\u00f5em diante de Deus\u201d.<\/p>\n<p><img loading=\"lazy\" class=\"alignnone size-full wp-image-238562\" src=\"https:\/\/franciscanos.org.br\/noticias\/wp-content\/uploads\/2022\/06\/xaxim_03.jpg\" alt=\"\" width=\"1280\" height=\"853\" srcset=\"https:\/\/franciscanos.org.br\/noticias\/wp-content\/uploads\/2022\/06\/xaxim_03.jpg 1280w, https:\/\/franciscanos.org.br\/noticias\/wp-content\/uploads\/2022\/06\/xaxim_03-450x300.jpg 450w, https:\/\/franciscanos.org.br\/noticias\/wp-content\/uploads\/2022\/06\/xaxim_03-1024x682.jpg 1024w, https:\/\/franciscanos.org.br\/noticias\/wp-content\/uploads\/2022\/06\/xaxim_03-768x512.jpg 768w, https:\/\/franciscanos.org.br\/noticias\/wp-content\/uploads\/2022\/06\/xaxim_03-150x100.jpg 150w\" sizes=\"(max-width: 1280px) 100vw, 1280px\" \/><\/p>\n<p>Conforme o frade, apresentamos frutos a Deus. Frutos de trabalho, de f\u00e9, de dignidade. \u201cApresentamos a Deus os frutos do nosso trabalho. S\u00e3o os frutos e a dignidade desse trabalho que hoje, aqui, juntos, louvamos e agradecemos a Deus. \u00c9 o trabalho, o suor de todos n\u00f3s que nos traz a dignidade de seres humanos, filhos e filhas de Deus. Mas tamb\u00e9m precisamos rezar pelos tantos que n\u00e3o tem trabalho, um emprego, que se dedicam e correm atr\u00e1s dos seus frutos\u201d, disse Frei Gilson.<\/p>\n<p>Para o sacerdote, a solenidade de Corpus Christi \u00e9 uma das formas de apresentarmos esse fruto, agradecimento e o trabalho, a uni\u00e3o, a f\u00e9, ora\u00e7\u00e3o e b\u00ean\u00e7\u00e3o. O trabalho se representa na confec\u00e7\u00e3o dos tapetes durante a manh\u00e3, e no agradecimento a Deus. \u201cA eucaristia est\u00e1 presente no nosso cora\u00e7\u00e3o agradecido. Ela se mostra especialmente depois na nossa prociss\u00e3o. Os tapetes que as crian\u00e7as, jovens, idosos, que todos n\u00f3s fizemos na parte da manh\u00e3, representam nosso agradecimento. No evangelho de hoje, Cristo multiplicou cinco p\u00e3es e dois peixes para alimentar uma multid\u00e3o, e essa simplicidade que devemos ter em nossas vidas\u201d.<\/p>\n<p><img loading=\"lazy\" class=\"alignnone size-full wp-image-238563\" src=\"https:\/\/franciscanos.org.br\/noticias\/wp-content\/uploads\/2022\/06\/xaxim_02.jpg\" alt=\"\" width=\"1280\" height=\"853\" srcset=\"https:\/\/franciscanos.org.br\/noticias\/wp-content\/uploads\/2022\/06\/xaxim_02.jpg 1280w, https:\/\/franciscanos.org.br\/noticias\/wp-content\/uploads\/2022\/06\/xaxim_02-450x300.jpg 450w, https:\/\/franciscanos.org.br\/noticias\/wp-content\/uploads\/2022\/06\/xaxim_02-1024x682.jpg 1024w, https:\/\/franciscanos.org.br\/noticias\/wp-content\/uploads\/2022\/06\/xaxim_02-768x512.jpg 768w, https:\/\/franciscanos.org.br\/noticias\/wp-content\/uploads\/2022\/06\/xaxim_02-150x100.jpg 150w\" sizes=\"(max-width: 1280px) 100vw, 1280px\" \/><\/p>\n<p>O p\u00e1roco, lembrou dos escritos deixados por S\u00e3o Francisco de Assis, em qual deixa um pedido para os frades sacerdotes. \u201cS\u00e3o Francisco de Assis nos deixou alguns inscritos, e um deles \u00e9 dedicado aos frades sacerdotes para que pudessem todos juntos celebrar uma \u00fanica Missa. Todos aqueles que moravam na mesma casa tinham o costume de cada um celebrar sua missa, mas S\u00e3o Francisco pediu para que celebrassem uma \u00fanica, para mostrar que dessa maneira a eucaristia acontece na nossa comunidade, ela acontece na nossa fraternidade. Por isso, hoje, seguindo o pedido que ele nos deixa, n\u00f3s queremos como comunidade celebrar a eucaristia, porque \u00e9 ela que nos congrega como irm\u00e3os e irm\u00e3s\u201d, afirma o Frei.<\/p>\n<p>No corredor centrar da igreja iniciou a prociss\u00e3o com o Sant\u00edssimo Sacramento. A prociss\u00e3o seguiu pelas ruas principais da cidade em torno da igreja, onde os tapetes foram confeccionados. O povo de Deus pode acompanhar o trajeto junto com os Freis e ministros que se encerrou em frente \u00e0 Matriz com ora\u00e7\u00e3o e adora\u00e7\u00e3o ao Sant\u00edssimo.<\/p>\n<hr \/>\n<p><em>Pascom da Par\u00f3quia S\u00e3o Luiz Gonzaga de Xaxim<\/em><\/p>\n","protected":false},"excerpt":{"rendered":"<p>Par\u00f3quia S\u00e3o Luiz Gonzaga<\/p>\n","protected":false},"author":3,"featured_media":238561,"comment_status":"open","ping_status":"open","sticky":false,"template":"","format":"standard","meta":[],"categories":[1],"tags":[1591],"acf":[],"yoast_head":"<!-- This site is optimized with the Yoast SEO plugin v19.2 - https:\/\/yoast.com\/wordpress\/plugins\/seo\/ -->\n<title>Par\u00f3quia S\u00e3o Luiz Gonzaga celebra a solenidade de Corpus Christi - Not\u00edcias - Franciscanos<\/title>\n<meta name=\"robots\" content=\"index, follow, max-snippet:-1, max-image-preview:large, max-video-preview:-1\" \/>\n<link rel=\"canonical\" href=\"https:\/\/franciscanos.org.br\/noticias\/paroquia-sao-luiz-gonzaga-celebra-a-solenidade-de-corpus-christi.html\" \/>\n<meta property=\"og:locale\" content=\"pt_BR\" \/>\n<meta property=\"og:type\" content=\"article\" \/>\n<meta property=\"og:title\" content=\"Par\u00f3quia S\u00e3o Luiz Gonzaga celebra a solenidade de Corpus Christi - Not\u00edcias - Franciscanos\" \/>\n<meta property=\"og:description\" content=\"Par\u00f3quia S\u00e3o Luiz Gonzaga\" \/>\n<meta property=\"og:url\" content=\"https:\/\/franciscanos.org.br\/noticias\/paroquia-sao-luiz-gonzaga-celebra-a-solenidade-de-corpus-christi.html\" \/>\n<meta property=\"og:site_name\" content=\"Not\u00edcias - Franciscanos\" \/>\n<meta property=\"article:published_time\" content=\"2022-06-17T18:04:12+00:00\" \/>\n<meta property=\"article:modified_time\" content=\"2022-06-23T13:53:18+00:00\" \/>\n<meta property=\"og:image\" content=\"https:\/\/franciscanos.org.br\/noticias\/wp-content\/uploads\/2022\/06\/xaxim_01.jpg\" \/>\n\t<meta property=\"og:image:width\" content=\"1280\" \/>\n\t<meta property=\"og:image:height\" content=\"775\" \/>\n\t<meta property=\"og:image:type\" content=\"image\/jpeg\" \/>\n<meta name=\"author\" content=\"moacir\" \/>\n<meta name=\"twitter:card\" content=\"summary_large_image\" \/>\n<meta name=\"twitter:label1\" content=\"Escrito por\" \/>\n\t<meta name=\"twitter:data1\" content=\"moacir\" \/>\n\t<meta name=\"twitter:label2\" content=\"Est. tempo de leitura\" \/>\n\t<meta name=\"twitter:data2\" content=\"3 minutos\" \/>\n<script type=\"application\/ld+json\" class=\"yoast-schema-graph\">{\"@context\":\"https:\/\/schema.org\",\"@graph\":[{\"@type\":\"WebSite\",\"@id\":\"https:\/\/franciscanos.org.br\/noticias\/#website\",\"url\":\"https:\/\/franciscanos.org.br\/noticias\/\",\"name\":\"Not\u00edcias - Franciscanos\",\"description\":\"Prov\u00edncia Franciscana da Imaculada Concei\u00e7\u00e3o do Brasil - Ordem dos Frades Menores - OFM\",\"potentialAction\":[{\"@type\":\"SearchAction\",\"target\":{\"@type\":\"EntryPoint\",\"urlTemplate\":\"https:\/\/franciscanos.org.br\/noticias\/?s={search_term_string}\"},\"query-input\":\"required name=search_term_string\"}],\"inLanguage\":\"pt-BR\"},{\"@type\":\"ImageObject\",\"inLanguage\":\"pt-BR\",\"@id\":\"https:\/\/franciscanos.org.br\/noticias\/paroquia-sao-luiz-gonzaga-celebra-a-solenidade-de-corpus-christi.html#primaryimage\",\"url\":\"https:\/\/franciscanos.org.br\/noticias\/wp-content\/uploads\/2022\/06\/xaxim_01.jpg\",\"contentUrl\":\"https:\/\/franciscanos.org.br\/noticias\/wp-content\/uploads\/2022\/06\/xaxim_01.jpg\",\"width\":1280,\"height\":775},{\"@type\":\"WebPage\",\"@id\":\"https:\/\/franciscanos.org.br\/noticias\/paroquia-sao-luiz-gonzaga-celebra-a-solenidade-de-corpus-christi.html#webpage\",\"url\":\"https:\/\/franciscanos.org.br\/noticias\/paroquia-sao-luiz-gonzaga-celebra-a-solenidade-de-corpus-christi.html\",\"name\":\"Par\u00f3quia S\u00e3o Luiz Gonzaga celebra a solenidade de Corpus Christi - Not\u00edcias - Franciscanos\",\"isPartOf\":{\"@id\":\"https:\/\/franciscanos.org.br\/noticias\/#website\"},\"primaryImageOfPage\":{\"@id\":\"https:\/\/franciscanos.org.br\/noticias\/paroquia-sao-luiz-gonzaga-celebra-a-solenidade-de-corpus-christi.html#primaryimage\"},\"datePublished\":\"2022-06-17T18:04:12+00:00\",\"dateModified\":\"2022-06-23T13:53:18+00:00\",\"author\":{\"@id\":\"https:\/\/franciscanos.org.br\/noticias\/#\/schema\/person\/b5c8cba458c330ccff548b056e95a5d4\"},\"breadcrumb\":{\"@id\":\"https:\/\/franciscanos.org.br\/noticias\/paroquia-sao-luiz-gonzaga-celebra-a-solenidade-de-corpus-christi.html#breadcrumb\"},\"inLanguage\":\"pt-BR\",\"potentialAction\":[{\"@type\":\"ReadAction\",\"target\":[\"https:\/\/franciscanos.org.br\/noticias\/paroquia-sao-luiz-gonzaga-celebra-a-solenidade-de-corpus-christi.html\"]}]},{\"@type\":\"BreadcrumbList\",\"@id\":\"https:\/\/franciscanos.org.br\/noticias\/paroquia-sao-luiz-gonzaga-celebra-a-solenidade-de-corpus-christi.html#breadcrumb\",\"itemListElement\":[{\"@type\":\"ListItem\",\"position\":1,\"name\":\"Home\",\"item\":\"https:\/\/franciscanos.org.br\/noticias\"},{\"@type\":\"ListItem\",\"position\":2,\"name\":\"Par\u00f3quia S\u00e3o Luiz Gonzaga celebra a solenidade de Corpus Christi\"}]},{\"@type\":\"Person\",\"@id\":\"https:\/\/franciscanos.org.br\/noticias\/#\/schema\/person\/b5c8cba458c330ccff548b056e95a5d4\",\"name\":\"moacir\",\"image\":{\"@type\":\"ImageObject\",\"inLanguage\":\"pt-BR\",\"@id\":\"https:\/\/franciscanos.org.br\/noticias\/#\/schema\/person\/image\/\",\"url\":\"https:\/\/secure.gravatar.com\/avatar\/d08aa2ce4c8dd416d4479aa8536fcf64?s=96&d=mm&r=g\",\"contentUrl\":\"https:\/\/secure.gravatar.com\/avatar\/d08aa2ce4c8dd416d4479aa8536fcf64?s=96&d=mm&r=g\",\"caption\":\"moacir\"},\"url\":\"https:\/\/franciscanos.org.br\/noticias\/author\/moacir\"}]}<\/script>\n<!-- \/ Yoast SEO plugin. -->","yoast_head_json":{"title":"Par\u00f3quia S\u00e3o Luiz Gonzaga celebra a solenidade de Corpus Christi - Not\u00edcias - Franciscanos","robots":{"index":"index","follow":"follow","max-snippet":"max-snippet:-1","max-image-preview":"max-image-preview:large","max-video-preview":"max-video-preview:-1"},"canonical":"https:\/\/franciscanos.org.br\/noticias\/paroquia-sao-luiz-gonzaga-celebra-a-solenidade-de-corpus-christi.html","og_locale":"pt_BR","og_type":"article","og_title":"Par\u00f3quia S\u00e3o Luiz Gonzaga celebra a solenidade de Corpus Christi - Not\u00edcias - Franciscanos","og_description":"Par\u00f3quia S\u00e3o Luiz Gonzaga","og_url":"https:\/\/franciscanos.org.br\/noticias\/paroquia-sao-luiz-gonzaga-celebra-a-solenidade-de-corpus-christi.html","og_site_name":"Not\u00edcias - Franciscanos","article_published_time":"2022-06-17T18:04:12+00:00","article_modified_time":"2022-06-23T13:53:18+00:00","og_image":[{"width":1280,"height":775,"url":"https:\/\/franciscanos.org.br\/noticias\/wp-content\/uploads\/2022\/06\/xaxim_01.jpg","type":"image\/jpeg"}],"author":"moacir","twitter_card":"summary_large_image","twitter_misc":{"Escrito por":"moacir","Est. tempo de leitura":"3 minutos"},"schema":{"@context":"https:\/\/schema.org","@graph":[{"@type":"WebSite","@id":"https:\/\/franciscanos.org.br\/noticias\/#website","url":"https:\/\/franciscanos.org.br\/noticias\/","name":"Not\u00edcias - Franciscanos","description":"Prov\u00edncia Franciscana da Imaculada Concei\u00e7\u00e3o do Brasil - Ordem dos Frades Menores - OFM","potentialAction":[{"@type":"SearchAction","target":{"@type":"EntryPoint","urlTemplate":"https:\/\/franciscanos.org.br\/noticias\/?s={search_term_string}"},"query-input":"required name=search_term_string"}],"inLanguage":"pt-BR"},{"@type":"ImageObject","inLanguage":"pt-BR","@id":"https:\/\/franciscanos.org.br\/noticias\/paroquia-sao-luiz-gonzaga-celebra-a-solenidade-de-corpus-christi.html#primaryimage","url":"https:\/\/franciscanos.org.br\/noticias\/wp-content\/uploads\/2022\/06\/xaxim_01.jpg","contentUrl":"https:\/\/franciscanos.org.br\/noticias\/wp-content\/uploads\/2022\/06\/xaxim_01.jpg","width":1280,"height":775},{"@type":"WebPage","@id":"https:\/\/franciscanos.org.br\/noticias\/paroquia-sao-luiz-gonzaga-celebra-a-solenidade-de-corpus-christi.html#webpage","url":"https:\/\/franciscanos.org.br\/noticias\/paroquia-sao-luiz-gonzaga-celebra-a-solenidade-de-corpus-christi.html","name":"Par\u00f3quia S\u00e3o Luiz Gonzaga celebra a solenidade de Corpus Christi - Not\u00edcias - Franciscanos","isPartOf":{"@id":"https:\/\/franciscanos.org.br\/noticias\/#website"},"primaryImageOfPage":{"@id":"https:\/\/franciscanos.org.br\/noticias\/paroquia-sao-luiz-gonzaga-celebra-a-solenidade-de-corpus-christi.html#primaryimage"},"datePublished":"2022-06-17T18:04:12+00:00","dateModified":"2022-06-23T13:53:18+00:00","author":{"@id":"https:\/\/franciscanos.org.br\/noticias\/#\/schema\/person\/b5c8cba458c330ccff548b056e95a5d4"},"breadcrumb":{"@id":"https:\/\/franciscanos.org.br\/noticias\/paroquia-sao-luiz-gonzaga-celebra-a-solenidade-de-corpus-christi.html#breadcrumb"},"inLanguage":"pt-BR","potentialAction":[{"@type":"ReadAction","target":["https:\/\/franciscanos.org.br\/noticias\/paroquia-sao-luiz-gonzaga-celebra-a-solenidade-de-corpus-christi.html"]}]},{"@type":"BreadcrumbList","@id":"https:\/\/franciscanos.org.br\/noticias\/paroquia-sao-luiz-gonzaga-celebra-a-solenidade-de-corpus-christi.html#breadcrumb","itemListElement":[{"@type":"ListItem","position":1,"name":"Home","item":"https:\/\/franciscanos.org.br\/noticias"},{"@type":"ListItem","position":2,"name":"Par\u00f3quia S\u00e3o Luiz Gonzaga celebra a solenidade de Corpus Christi"}]},{"@type":"Person","@id":"https:\/\/franciscanos.org.br\/noticias\/#\/schema\/person\/b5c8cba458c330ccff548b056e95a5d4","name":"moacir","image":{"@type":"ImageObject","inLanguage":"pt-BR","@id":"https:\/\/franciscanos.org.br\/noticias\/#\/schema\/person\/image\/","url":"https:\/\/secure.gravatar.com\/avatar\/d08aa2ce4c8dd416d4479aa8536fcf64?s=96&d=mm&r=g","contentUrl":"https:\/\/secure.gravatar.com\/avatar\/d08aa2ce4c8dd416d4479aa8536fcf64?s=96&d=mm&r=g","caption":"moacir"},"url":"https:\/\/franciscanos.org.br\/noticias\/author\/moacir"}]}},"_links":{"self":[{"href":"https:\/\/franciscanos.org.br\/noticias\/wp-json\/wp\/v2\/posts\/238560"}],"collection":[{"href":"https:\/\/franciscanos.org.br\/noticias\/wp-json\/wp\/v2\/posts"}],"about":[{"href":"https:\/\/franciscanos.org.br\/noticias\/wp-json\/wp\/v2\/types\/post"}],"author":[{"embeddable":true,"href":"https:\/\/franciscanos.org.br\/noticias\/wp-json\/wp\/v2\/users\/3"}],"replies":[{"embeddable":true,"href":"https:\/\/franciscanos.org.br\/noticias\/wp-json\/wp\/v2\/comments?post=238560"}],"version-history":[{"count":6,"href":"https:\/\/franciscanos.org.br\/noticias\/wp-json\/wp\/v2\/posts\/238560\/revisions"}],"predecessor-version":[{"id":238623,"href":"https:\/\/franciscanos.org.br\/noticias\/wp-json\/wp\/v2\/posts\/238560\/revisions\/238623"}],"wp:featuredmedia":[{"embeddable":true,"href":"https:\/\/franciscanos.org.br\/noticias\/wp-json\/wp\/v2\/media\/238561"}],"wp:attachment":[{"href":"https:\/\/franciscanos.org.br\/noticias\/wp-json\/wp\/v2\/media?parent=238560"}],"wp:term":[{"taxonomy":"category","embeddable":true,"href":"https:\/\/franciscanos.org.br\/noticias\/wp-json\/wp\/v2\/categories?post=238560"},{"taxonomy":"post_tag","embeddable":true,"href":"https:\/\/franciscanos.org.br\/noticias\/wp-json\/wp\/v2\/tags?post=238560"}],"curies":[{"name":"wp","href":"https:\/\/api.w.org\/{rel}","templated":true}]}}