{"id":238556,"date":"2022-06-17T10:14:54","date_gmt":"2022-06-17T13:14:54","guid":{"rendered":"https:\/\/franciscanos.org.br\/noticias\/?p=238556"},"modified":"2023-01-09T11:01:46","modified_gmt":"2023-01-09T14:01:46","slug":"paroquias-de-agudos-celebram-corpus-christi","status":"publish","type":"post","link":"https:\/\/franciscanos.org.br\/noticias\/paroquias-de-agudos-celebram-corpus-christi.html","title":{"rendered":"Par\u00f3quias de Agudos celebram Corpus Christi"},"content":{"rendered":"<p><img loading=\"lazy\" class=\"alignnone wp-image-238557 size-full\" src=\"https:\/\/franciscanos.org.br\/noticias\/wp-content\/uploads\/2022\/06\/agudos_1706.jpg\" alt=\"\" width=\"1280\" height=\"990\" srcset=\"https:\/\/franciscanos.org.br\/noticias\/wp-content\/uploads\/2022\/06\/agudos_1706.jpg 1280w, https:\/\/franciscanos.org.br\/noticias\/wp-content\/uploads\/2022\/06\/agudos_1706-450x348.jpg 450w, https:\/\/franciscanos.org.br\/noticias\/wp-content\/uploads\/2022\/06\/agudos_1706-1024x792.jpg 1024w, https:\/\/franciscanos.org.br\/noticias\/wp-content\/uploads\/2022\/06\/agudos_1706-768x594.jpg 768w, https:\/\/franciscanos.org.br\/noticias\/wp-content\/uploads\/2022\/06\/agudos_1706-150x116.jpg 150w\" sizes=\"(max-width: 1280px) 100vw, 1280px\" \/><\/p>\n<p>Ap\u00f3s dois anos sem sair \u00e0s ruas para os tradicionais enfeites, Missa e prociss\u00e3o, nesta quinta-feira (16) as Par\u00f3quias agudenses S\u00e3o Paulo Ap\u00f3stolo, Nossa Senhora Aparecida e Santo Ant\u00f4nio reuniram-se para a Solenidade de Corpus Christi (Corpo de Cristo). A data marca a \u00fanica vez no ano que Jesus Cristo, por meio da sagrada Eucaristia, sai \u00e0s ruas para aben\u00e7oar fi\u00e9is e toda a cidade.<\/p>\n<p><img loading=\"lazy\" class=\"size-medium wp-image-238558 alignright\" src=\"https:\/\/franciscanos.org.br\/noticias\/wp-content\/uploads\/2022\/06\/agudos_1706_1-337x450.jpg\" alt=\"\" width=\"337\" height=\"450\" srcset=\"https:\/\/franciscanos.org.br\/noticias\/wp-content\/uploads\/2022\/06\/agudos_1706_1-337x450.jpg 337w, https:\/\/franciscanos.org.br\/noticias\/wp-content\/uploads\/2022\/06\/agudos_1706_1-768x1024.jpg 768w, https:\/\/franciscanos.org.br\/noticias\/wp-content\/uploads\/2022\/06\/agudos_1706_1-1152x1536.jpg 1152w, https:\/\/franciscanos.org.br\/noticias\/wp-content\/uploads\/2022\/06\/agudos_1706_1-150x200.jpg 150w, https:\/\/franciscanos.org.br\/noticias\/wp-content\/uploads\/2022\/06\/agudos_1706_1.jpg 810w\" sizes=\"(max-width: 337px) 100vw, 337px\" \/>Como de costume, os paroquianos iniciaram logo cedo as atividades, com a confec\u00e7\u00e3o dos tapetes por onde Jesus Eucar\u00edstico passou. N\u00e3o faltou criatividade nos enfeites, onde cada comunidade, grupo e movimento pode deixar a sua marca.<\/p>\n<p>J\u00e1 no per\u00edodo da tarde foi celebrada a Missa em frente \u00e0 Par\u00f3quia S\u00e3o Paulo Ap\u00f3stolo. A celebra\u00e7\u00e3o foi presidida pelo Padre Paulo Tavares de Brito, p\u00e1roco das Par\u00f3quias Santo Ant\u00f4nio e Nossa Senhora Aparecida e concelebrada pelos Freis Silvio Trindade Werlingue, p\u00e1roco da Par\u00f3quia S\u00e3o Paulo Ap\u00f3stolo e Carlos Branco, vig\u00e1rio da mesma par\u00f3quia. Tamb\u00e9m estavam presentes os di\u00e1conos Marcos Alberto Arantes e Felipe.<\/p>\n<p>Em sua homilia, o di\u00e1cono Felipe destacou a f\u00e9 como elemento principal, mostrando que por meio dela n\u00e3o apenas adoramos um \u201cpeda\u00e7o de p\u00e3o\u201d (referindo-se \u00e0 Eucaristia), mas entendemos a imensid\u00e3o do amor de Deus. \u201cSignifica que estamos celebrando a uni\u00e3o do sublime ao simples. A prociss\u00e3o de hoje \u00e9 nossa peregrina\u00e7\u00e3o ao banquete eterno do Salvador\u201d, frisou.<\/p>\n<p>A solenidade terminou com prociss\u00e3o pelas ruas de Agudos e b\u00ean\u00e7\u00e3o a todos os presentes na Par\u00f3quia Santo Ant\u00f4nio.<\/p>\n<hr \/>\n<p><em>PasCom Par\u00f3quia S\u00e3o Paulo Ap\u00f3stolo de Agudos<\/em><\/p>\n","protected":false},"excerpt":{"rendered":"<p>Celebra\u00e7\u00e3o de Corpus Christi em Agudos<\/p>\n","protected":false},"author":3,"featured_media":238557,"comment_status":"open","ping_status":"open","sticky":false,"template":"","format":"standard","meta":[],"categories":[1],"tags":[1385],"acf":[],"yoast_head":"<!-- This site is optimized with the Yoast SEO plugin v19.2 - https:\/\/yoast.com\/wordpress\/plugins\/seo\/ -->\n<title>Par\u00f3quias de Agudos celebram Corpus Christi - Not\u00edcias - Franciscanos<\/title>\n<meta name=\"robots\" content=\"index, follow, max-snippet:-1, max-image-preview:large, max-video-preview:-1\" \/>\n<link rel=\"canonical\" href=\"https:\/\/franciscanos.org.br\/noticias\/paroquias-de-agudos-celebram-corpus-christi.html\" \/>\n<meta property=\"og:locale\" content=\"pt_BR\" \/>\n<meta property=\"og:type\" content=\"article\" \/>\n<meta property=\"og:title\" content=\"Par\u00f3quias de Agudos celebram Corpus Christi - Not\u00edcias - Franciscanos\" \/>\n<meta property=\"og:description\" content=\"Celebra\u00e7\u00e3o de Corpus Christi em Agudos\" \/>\n<meta property=\"og:url\" content=\"https:\/\/franciscanos.org.br\/noticias\/paroquias-de-agudos-celebram-corpus-christi.html\" \/>\n<meta property=\"og:site_name\" content=\"Not\u00edcias - Franciscanos\" \/>\n<meta property=\"article:published_time\" content=\"2022-06-17T13:14:54+00:00\" \/>\n<meta property=\"article:modified_time\" content=\"2023-01-09T14:01:46+00:00\" \/>\n<meta property=\"og:image\" content=\"https:\/\/franciscanos.org.br\/noticias\/wp-content\/uploads\/2022\/06\/agudos_1706.jpg\" \/>\n\t<meta property=\"og:image:width\" content=\"1280\" \/>\n\t<meta property=\"og:image:height\" content=\"990\" \/>\n\t<meta property=\"og:image:type\" content=\"image\/jpeg\" \/>\n<meta name=\"author\" content=\"moacir\" \/>\n<meta name=\"twitter:card\" content=\"summary_large_image\" \/>\n<meta name=\"twitter:label1\" content=\"Escrito por\" \/>\n\t<meta name=\"twitter:data1\" content=\"moacir\" \/>\n\t<meta name=\"twitter:label2\" content=\"Est. tempo de leitura\" \/>\n\t<meta name=\"twitter:data2\" content=\"1 minuto\" \/>\n<script type=\"application\/ld+json\" class=\"yoast-schema-graph\">{\"@context\":\"https:\/\/schema.org\",\"@graph\":[{\"@type\":\"WebSite\",\"@id\":\"https:\/\/franciscanos.org.br\/noticias\/#website\",\"url\":\"https:\/\/franciscanos.org.br\/noticias\/\",\"name\":\"Not\u00edcias - Franciscanos\",\"description\":\"Prov\u00edncia Franciscana da Imaculada Concei\u00e7\u00e3o do Brasil - Ordem dos Frades Menores - OFM\",\"potentialAction\":[{\"@type\":\"SearchAction\",\"target\":{\"@type\":\"EntryPoint\",\"urlTemplate\":\"https:\/\/franciscanos.org.br\/noticias\/?s={search_term_string}\"},\"query-input\":\"required name=search_term_string\"}],\"inLanguage\":\"pt-BR\"},{\"@type\":\"ImageObject\",\"inLanguage\":\"pt-BR\",\"@id\":\"https:\/\/franciscanos.org.br\/noticias\/paroquias-de-agudos-celebram-corpus-christi.html#primaryimage\",\"url\":\"https:\/\/franciscanos.org.br\/noticias\/wp-content\/uploads\/2022\/06\/agudos_1706.jpg\",\"contentUrl\":\"https:\/\/franciscanos.org.br\/noticias\/wp-content\/uploads\/2022\/06\/agudos_1706.jpg\",\"width\":1280,\"height\":990},{\"@type\":\"WebPage\",\"@id\":\"https:\/\/franciscanos.org.br\/noticias\/paroquias-de-agudos-celebram-corpus-christi.html#webpage\",\"url\":\"https:\/\/franciscanos.org.br\/noticias\/paroquias-de-agudos-celebram-corpus-christi.html\",\"name\":\"Par\u00f3quias de Agudos celebram Corpus Christi - Not\u00edcias - Franciscanos\",\"isPartOf\":{\"@id\":\"https:\/\/franciscanos.org.br\/noticias\/#website\"},\"primaryImageOfPage\":{\"@id\":\"https:\/\/franciscanos.org.br\/noticias\/paroquias-de-agudos-celebram-corpus-christi.html#primaryimage\"},\"datePublished\":\"2022-06-17T13:14:54+00:00\",\"dateModified\":\"2023-01-09T14:01:46+00:00\",\"author\":{\"@id\":\"https:\/\/franciscanos.org.br\/noticias\/#\/schema\/person\/b5c8cba458c330ccff548b056e95a5d4\"},\"breadcrumb\":{\"@id\":\"https:\/\/franciscanos.org.br\/noticias\/paroquias-de-agudos-celebram-corpus-christi.html#breadcrumb\"},\"inLanguage\":\"pt-BR\",\"potentialAction\":[{\"@type\":\"ReadAction\",\"target\":[\"https:\/\/franciscanos.org.br\/noticias\/paroquias-de-agudos-celebram-corpus-christi.html\"]}]},{\"@type\":\"BreadcrumbList\",\"@id\":\"https:\/\/franciscanos.org.br\/noticias\/paroquias-de-agudos-celebram-corpus-christi.html#breadcrumb\",\"itemListElement\":[{\"@type\":\"ListItem\",\"position\":1,\"name\":\"Home\",\"item\":\"https:\/\/franciscanos.org.br\/noticias\"},{\"@type\":\"ListItem\",\"position\":2,\"name\":\"Par\u00f3quias de Agudos celebram Corpus Christi\"}]},{\"@type\":\"Person\",\"@id\":\"https:\/\/franciscanos.org.br\/noticias\/#\/schema\/person\/b5c8cba458c330ccff548b056e95a5d4\",\"name\":\"moacir\",\"image\":{\"@type\":\"ImageObject\",\"inLanguage\":\"pt-BR\",\"@id\":\"https:\/\/franciscanos.org.br\/noticias\/#\/schema\/person\/image\/\",\"url\":\"https:\/\/secure.gravatar.com\/avatar\/d08aa2ce4c8dd416d4479aa8536fcf64?s=96&d=mm&r=g\",\"contentUrl\":\"https:\/\/secure.gravatar.com\/avatar\/d08aa2ce4c8dd416d4479aa8536fcf64?s=96&d=mm&r=g\",\"caption\":\"moacir\"},\"url\":\"https:\/\/franciscanos.org.br\/noticias\/author\/moacir\"}]}<\/script>\n<!-- \/ Yoast SEO plugin. -->","yoast_head_json":{"title":"Par\u00f3quias de Agudos celebram Corpus Christi - Not\u00edcias - Franciscanos","robots":{"index":"index","follow":"follow","max-snippet":"max-snippet:-1","max-image-preview":"max-image-preview:large","max-video-preview":"max-video-preview:-1"},"canonical":"https:\/\/franciscanos.org.br\/noticias\/paroquias-de-agudos-celebram-corpus-christi.html","og_locale":"pt_BR","og_type":"article","og_title":"Par\u00f3quias de Agudos celebram Corpus Christi - Not\u00edcias - Franciscanos","og_description":"Celebra\u00e7\u00e3o de Corpus Christi em Agudos","og_url":"https:\/\/franciscanos.org.br\/noticias\/paroquias-de-agudos-celebram-corpus-christi.html","og_site_name":"Not\u00edcias - Franciscanos","article_published_time":"2022-06-17T13:14:54+00:00","article_modified_time":"2023-01-09T14:01:46+00:00","og_image":[{"width":1280,"height":990,"url":"https:\/\/franciscanos.org.br\/noticias\/wp-content\/uploads\/2022\/06\/agudos_1706.jpg","type":"image\/jpeg"}],"author":"moacir","twitter_card":"summary_large_image","twitter_misc":{"Escrito por":"moacir","Est. tempo de leitura":"1 minuto"},"schema":{"@context":"https:\/\/schema.org","@graph":[{"@type":"WebSite","@id":"https:\/\/franciscanos.org.br\/noticias\/#website","url":"https:\/\/franciscanos.org.br\/noticias\/","name":"Not\u00edcias - Franciscanos","description":"Prov\u00edncia Franciscana da Imaculada Concei\u00e7\u00e3o do Brasil - Ordem dos Frades Menores - OFM","potentialAction":[{"@type":"SearchAction","target":{"@type":"EntryPoint","urlTemplate":"https:\/\/franciscanos.org.br\/noticias\/?s={search_term_string}"},"query-input":"required name=search_term_string"}],"inLanguage":"pt-BR"},{"@type":"ImageObject","inLanguage":"pt-BR","@id":"https:\/\/franciscanos.org.br\/noticias\/paroquias-de-agudos-celebram-corpus-christi.html#primaryimage","url":"https:\/\/franciscanos.org.br\/noticias\/wp-content\/uploads\/2022\/06\/agudos_1706.jpg","contentUrl":"https:\/\/franciscanos.org.br\/noticias\/wp-content\/uploads\/2022\/06\/agudos_1706.jpg","width":1280,"height":990},{"@type":"WebPage","@id":"https:\/\/franciscanos.org.br\/noticias\/paroquias-de-agudos-celebram-corpus-christi.html#webpage","url":"https:\/\/franciscanos.org.br\/noticias\/paroquias-de-agudos-celebram-corpus-christi.html","name":"Par\u00f3quias de Agudos celebram Corpus Christi - Not\u00edcias - Franciscanos","isPartOf":{"@id":"https:\/\/franciscanos.org.br\/noticias\/#website"},"primaryImageOfPage":{"@id":"https:\/\/franciscanos.org.br\/noticias\/paroquias-de-agudos-celebram-corpus-christi.html#primaryimage"},"datePublished":"2022-06-17T13:14:54+00:00","dateModified":"2023-01-09T14:01:46+00:00","author":{"@id":"https:\/\/franciscanos.org.br\/noticias\/#\/schema\/person\/b5c8cba458c330ccff548b056e95a5d4"},"breadcrumb":{"@id":"https:\/\/franciscanos.org.br\/noticias\/paroquias-de-agudos-celebram-corpus-christi.html#breadcrumb"},"inLanguage":"pt-BR","potentialAction":[{"@type":"ReadAction","target":["https:\/\/franciscanos.org.br\/noticias\/paroquias-de-agudos-celebram-corpus-christi.html"]}]},{"@type":"BreadcrumbList","@id":"https:\/\/franciscanos.org.br\/noticias\/paroquias-de-agudos-celebram-corpus-christi.html#breadcrumb","itemListElement":[{"@type":"ListItem","position":1,"name":"Home","item":"https:\/\/franciscanos.org.br\/noticias"},{"@type":"ListItem","position":2,"name":"Par\u00f3quias de Agudos celebram Corpus Christi"}]},{"@type":"Person","@id":"https:\/\/franciscanos.org.br\/noticias\/#\/schema\/person\/b5c8cba458c330ccff548b056e95a5d4","name":"moacir","image":{"@type":"ImageObject","inLanguage":"pt-BR","@id":"https:\/\/franciscanos.org.br\/noticias\/#\/schema\/person\/image\/","url":"https:\/\/secure.gravatar.com\/avatar\/d08aa2ce4c8dd416d4479aa8536fcf64?s=96&d=mm&r=g","contentUrl":"https:\/\/secure.gravatar.com\/avatar\/d08aa2ce4c8dd416d4479aa8536fcf64?s=96&d=mm&r=g","caption":"moacir"},"url":"https:\/\/franciscanos.org.br\/noticias\/author\/moacir"}]}},"_links":{"self":[{"href":"https:\/\/franciscanos.org.br\/noticias\/wp-json\/wp\/v2\/posts\/238556"}],"collection":[{"href":"https:\/\/franciscanos.org.br\/noticias\/wp-json\/wp\/v2\/posts"}],"about":[{"href":"https:\/\/franciscanos.org.br\/noticias\/wp-json\/wp\/v2\/types\/post"}],"author":[{"embeddable":true,"href":"https:\/\/franciscanos.org.br\/noticias\/wp-json\/wp\/v2\/users\/3"}],"replies":[{"embeddable":true,"href":"https:\/\/franciscanos.org.br\/noticias\/wp-json\/wp\/v2\/comments?post=238556"}],"version-history":[{"count":1,"href":"https:\/\/franciscanos.org.br\/noticias\/wp-json\/wp\/v2\/posts\/238556\/revisions"}],"predecessor-version":[{"id":238559,"href":"https:\/\/franciscanos.org.br\/noticias\/wp-json\/wp\/v2\/posts\/238556\/revisions\/238559"}],"wp:featuredmedia":[{"embeddable":true,"href":"https:\/\/franciscanos.org.br\/noticias\/wp-json\/wp\/v2\/media\/238557"}],"wp:attachment":[{"href":"https:\/\/franciscanos.org.br\/noticias\/wp-json\/wp\/v2\/media?parent=238556"}],"wp:term":[{"taxonomy":"category","embeddable":true,"href":"https:\/\/franciscanos.org.br\/noticias\/wp-json\/wp\/v2\/categories?post=238556"},{"taxonomy":"post_tag","embeddable":true,"href":"https:\/\/franciscanos.org.br\/noticias\/wp-json\/wp\/v2\/tags?post=238556"}],"curies":[{"name":"wp","href":"https:\/\/api.w.org\/{rel}","templated":true}]}}