{"id":238553,"date":"2022-06-17T09:36:07","date_gmt":"2022-06-17T12:36:07","guid":{"rendered":"https:\/\/franciscanos.org.br\/noticias\/?p=238553"},"modified":"2022-12-31T12:55:09","modified_gmt":"2022-12-31T15:55:09","slug":"papa-buda-e-jesus-entenderam-a-necessidade-de-superar-o-egoismo-que-gera-conflito-e-violencia","status":"publish","type":"post","link":"https:\/\/franciscanos.org.br\/noticias\/papa-buda-e-jesus-entenderam-a-necessidade-de-superar-o-egoismo-que-gera-conflito-e-violencia.html","title":{"rendered":"Papa: Buda e Jesus entenderam a necessidade de superar o ego\u00edsmo que gera conflito e viol\u00eancia"},"content":{"rendered":"<div id=\"attachment_238554\" style=\"width: 1510px\" class=\"wp-caption alignnone\"><img aria-describedby=\"caption-attachment-238554\" loading=\"lazy\" class=\"wp-image-238554 size-full\" src=\"https:\/\/franciscanos.org.br\/noticias\/wp-content\/uploads\/2022\/06\/vaticano_17.jpeg\" alt=\"\" width=\"1500\" height=\"844\" srcset=\"https:\/\/franciscanos.org.br\/noticias\/wp-content\/uploads\/2022\/06\/vaticano_17.jpeg 1500w, https:\/\/franciscanos.org.br\/noticias\/wp-content\/uploads\/2022\/06\/vaticano_17-450x253.jpeg 450w, https:\/\/franciscanos.org.br\/noticias\/wp-content\/uploads\/2022\/06\/vaticano_17-1024x576.jpeg 1024w, https:\/\/franciscanos.org.br\/noticias\/wp-content\/uploads\/2022\/06\/vaticano_17-768x432.jpeg 768w, https:\/\/franciscanos.org.br\/noticias\/wp-content\/uploads\/2022\/06\/vaticano_17-150x84.jpeg 150w\" sizes=\"(max-width: 1500px) 100vw, 1500px\" \/><p id=\"caption-attachment-238554\" class=\"wp-caption-text\">\u00a0 \u00a0 \u00a0 \u00a0 \u00a0 \u00a0 \u00a0 \u00a0 \u00a0 \u00a0 \u00a0 \u00a0 \u00a0 \u00a0 \u00a0 \u00a0 \u00a0 \u00a0 \u00a0 \u00a0 \u00a0 \u00a0 \u00a0 \u00a0 \u00a0 \u00a0 \u00a0 \u00a0 \u00a0 \u00a0 \u00a0 \u00a0 \u00a0 \u00a0 \u00a0 \u00a0 \u00a0 \u00a0 \u00a0 \u00a0 \u00a0 \u00a0 \u00a0 \u00a0 \u00a0 \u00a0 \u00a0 \u00a0 \u00a0 \u00a0 \u00a0 \u00a0 \u00a0 \u00a0 \u00a0 \u00a0 \u00a0 \u00a0 \u00a0 \u00a0 \u00a0 \u00a0 \u00a0 \u00a0 \u00a0 \u00a0 \u00a0 \u00a0 \u00a0 \u00a0 \u00a0 \u00a0 \u00a0 \u00a0 \u00a0 \u00a0 \u00a0 \u00a0 \u00a0 \u00a0 \u00a0 \u00a0 \u00a0 \u00a0 \u00a0 \u00a0 \u00a0 \u00a0 \u00a0 \u00a0 \u00a0 \u00a0 \u00a0 \u00a0 \u00a0 \u00a0 \u00a0 \u00a0<em> \u00a0 \u00a0 \u00a0 \u00a0Imagem: Vatican Media<\/em><\/p><\/div>\n<p>O Papa Francisco recebeu em audi\u00eancia, nesta sexta-feira (17\/06), no Vaticano, a Delega\u00e7\u00e3o Budista da Tail\u00e2ndia, composta por trinta e tr\u00eas eminentes monges budistas das escolas Theravada e Mahayana, junto com sessenta budistas leigos e v\u00e1rios representantes da Igreja cat\u00f3lica tailandesa.<\/p>\n<p>O objetivo da visita \u00e9 comemorar o quinquag\u00e9simo anivers\u00e1rio do encontro hist\u00f3rico do vener\u00e1vel Somdej Phra Wannarat, &#8220;d\u00e9cimo s\u00e9timo Patriarca Budista Supremo da Tail\u00e2ndia, com o Papa S\u00e3o Paulo VI em 5 de junho de 1972&#8221;. &#8220;Expresso minha profunda gratid\u00e3o ao Patriarca Supremo Somdej Phra Sri Ariyavongsagatanana IX e ao Chefe da Sangha Suprema da Tail\u00e2ndia por enviar Somdej Phra MahaTheerajarn e a delega\u00e7\u00e3o tailandesa ao Vaticano para renovar nossos la\u00e7os de amizade e colabora\u00e7\u00e3o rec\u00edproca&#8221;, sublinhou Francisco.<\/p>\n<p><strong>Amizade e di\u00e1logo fraterno<\/strong><br \/>\nO Pont\u00edfice aproveitou a ocasi\u00e3o, para &#8220;renovar os sentimentos expressos pelo Papa Paulo VI quando se encontrou com a Delega\u00e7\u00e3o Tailandesa 50 anos atr\u00e1s: \u00abTemos uma profunda considera\u00e7\u00e3o pelos tesouros espirituais, morais e socioculturais que lhe foram doados atrav\u00e9s de suas preciosas tradi\u00e7\u00f5es. Reconhecemos os valores dos quais voc\u00eas s\u00e3o guardi\u00f5es e compartilhamos o desejo de que sejam preservados e promovidos. Desejamos um di\u00e1logo cada vez mais amig\u00e1vel e uma estreita colabora\u00e7\u00e3o entre as tradi\u00e7\u00f5es que voc\u00eas representam e a Igreja Cat\u00f3lica\u00bb.&#8221;<\/p>\n<p>Ao longo desses cinquenta anos, vimos um crescimento gradual e constante do &#8220;di\u00e1logo amig\u00e1vel e da estreita colabora\u00e7\u00e3o&#8221; entre nossas duas tradi\u00e7\u00f5es religiosas. Lembro-me da visita da delega\u00e7\u00e3o tailandesa em 16 de maio de 2018, com a tradu\u00e7\u00e3o de um antigo manuscrito budista na l\u00edngua pali, conservado na Biblioteca Vaticana. Tenho uma lembran\u00e7a alegre da minha visita ao seu amado pa\u00eds, de 20 a 23 de novembro de 2019, e da hospitalidade e do acolhimento maravilhosos que recebi. Agrade\u00e7o tamb\u00e9m sua amizade e di\u00e1logo fraterno com os membros do Dicast\u00e9rio para o Di\u00e1logo Interreligioso e com a comunidade cat\u00f3lica na Tail\u00e2ndia.<\/p>\n<p><strong>Superar o ego\u00edsmo que gera conflito e viol\u00eancia<\/strong><br \/>\nSegundo Francisco, &#8220;num momento em que a fam\u00edlia humana e o planeta est\u00e3o enfrentando m\u00faltiplas amea\u00e7as, o di\u00e1logo amig\u00e1vel e a estreita colabora\u00e7\u00e3o s\u00e3o ainda mais necess\u00e1rios&#8221;.<\/p>\n<p>Infelizmente, de todos os lados ouvimos o grito de uma humanidade ferida e de uma Terra dilacerada. Buda e Jesus entenderam a necessidade de superar o ego\u00edsmo que gera conflito e viol\u00eancia. O Dhammapada resume os ensinamentos de Buda da seguinte forma: \u00abEvitar o mal, cultivar o bem e purificar a mente. Este \u00e9 o ensinamento de Buda\u00bb. Jesus disse aos seus disc\u00edpulos: \u00abDou-vos um novo mandamento: Amai-vos uns aos outros. Como eu vos amei, assim tamb\u00e9m v\u00f3s deveis amar-vos uns aos outros\u00bb. \u00c9 nossa tarefa hoje guiar nossos respectivos fi\u00e9is a um sentido mais vivo da verdade de que somos todos irm\u00e3os e irm\u00e3s. E isso significa que devemos trabalhar juntos para cultivar compaix\u00e3o e hospitalidade para todos os seres humanos, especialmente os pobres e marginalizados.<\/p>\n<p>&#8220;Nesse esp\u00edrito, encorajo seus esfor\u00e7os para aprofundar e ampliar o di\u00e1logo e a colabora\u00e7\u00e3o com a Igreja cat\u00f3lica&#8221;, disse ainda Francisco, agradecendo novamente o gesto cort\u00eas da Delega\u00e7\u00e3o Budista da Tail\u00e2ndia de vir ao Vaticano, comemorar o encontro memor\u00e1vel entre seus vener\u00e1veis predecessores. Por fim, o Papa recordou a Confer\u00eancia que se realiza na tarde desta sexta-feira, na Pontif\u00edcia Universidade Urbaniana, intitulada Amizade entre budistas e crist\u00e3os para uma cultura do encontro, e fez votos de uma boa estada da Delega\u00e7\u00e3o Budista da Tail\u00e2ndia, em Roma.<\/p>\n<hr \/>\n<p><em>Fonte: Vatican News (texto de Mariangela Jaguraba)<\/em><\/p>\n","protected":false},"excerpt":{"rendered":"<p>Audi\u00eancia no Vaticano<\/p>\n","protected":false},"author":3,"featured_media":238554,"comment_status":"open","ping_status":"open","sticky":false,"template":"","format":"standard","meta":[],"categories":[1428],"tags":[487],"acf":[],"yoast_head":"<!-- This site is optimized with the Yoast SEO plugin v19.2 - https:\/\/yoast.com\/wordpress\/plugins\/seo\/ -->\n<title>Papa: Buda e Jesus entenderam a necessidade de superar o ego\u00edsmo que gera conflito e viol\u00eancia - Not\u00edcias - Franciscanos<\/title>\n<meta name=\"robots\" content=\"index, follow, max-snippet:-1, max-image-preview:large, max-video-preview:-1\" \/>\n<link rel=\"canonical\" href=\"https:\/\/franciscanos.org.br\/noticias\/papa-buda-e-jesus-entenderam-a-necessidade-de-superar-o-egoismo-que-gera-conflito-e-violencia.html\" \/>\n<meta property=\"og:locale\" content=\"pt_BR\" \/>\n<meta property=\"og:type\" content=\"article\" \/>\n<meta property=\"og:title\" content=\"Papa: Buda e Jesus entenderam a necessidade de superar o ego\u00edsmo que gera conflito e viol\u00eancia - Not\u00edcias - Franciscanos\" \/>\n<meta property=\"og:description\" content=\"Audi\u00eancia no Vaticano\" \/>\n<meta property=\"og:url\" content=\"https:\/\/franciscanos.org.br\/noticias\/papa-buda-e-jesus-entenderam-a-necessidade-de-superar-o-egoismo-que-gera-conflito-e-violencia.html\" \/>\n<meta property=\"og:site_name\" content=\"Not\u00edcias - Franciscanos\" \/>\n<meta property=\"article:published_time\" content=\"2022-06-17T12:36:07+00:00\" \/>\n<meta property=\"article:modified_time\" content=\"2022-12-31T15:55:09+00:00\" \/>\n<meta property=\"og:image\" content=\"https:\/\/franciscanos.org.br\/noticias\/wp-content\/uploads\/2022\/06\/vaticano_17.jpeg\" \/>\n\t<meta property=\"og:image:width\" content=\"1500\" \/>\n\t<meta property=\"og:image:height\" content=\"844\" \/>\n\t<meta property=\"og:image:type\" content=\"image\/jpeg\" \/>\n<meta name=\"author\" content=\"moacir\" \/>\n<meta name=\"twitter:card\" content=\"summary_large_image\" \/>\n<meta name=\"twitter:label1\" content=\"Escrito por\" \/>\n\t<meta name=\"twitter:data1\" content=\"moacir\" \/>\n\t<meta name=\"twitter:label2\" content=\"Est. tempo de leitura\" \/>\n\t<meta name=\"twitter:data2\" content=\"3 minutos\" \/>\n<script type=\"application\/ld+json\" class=\"yoast-schema-graph\">{\"@context\":\"https:\/\/schema.org\",\"@graph\":[{\"@type\":\"WebSite\",\"@id\":\"https:\/\/franciscanos.org.br\/noticias\/#website\",\"url\":\"https:\/\/franciscanos.org.br\/noticias\/\",\"name\":\"Not\u00edcias - Franciscanos\",\"description\":\"Prov\u00edncia Franciscana da Imaculada Concei\u00e7\u00e3o do Brasil - Ordem dos Frades Menores - OFM\",\"potentialAction\":[{\"@type\":\"SearchAction\",\"target\":{\"@type\":\"EntryPoint\",\"urlTemplate\":\"https:\/\/franciscanos.org.br\/noticias\/?s={search_term_string}\"},\"query-input\":\"required name=search_term_string\"}],\"inLanguage\":\"pt-BR\"},{\"@type\":\"ImageObject\",\"inLanguage\":\"pt-BR\",\"@id\":\"https:\/\/franciscanos.org.br\/noticias\/papa-buda-e-jesus-entenderam-a-necessidade-de-superar-o-egoismo-que-gera-conflito-e-violencia.html#primaryimage\",\"url\":\"https:\/\/franciscanos.org.br\/noticias\/wp-content\/uploads\/2022\/06\/vaticano_17.jpeg\",\"contentUrl\":\"https:\/\/franciscanos.org.br\/noticias\/wp-content\/uploads\/2022\/06\/vaticano_17.jpeg\",\"width\":1500,\"height\":844},{\"@type\":\"WebPage\",\"@id\":\"https:\/\/franciscanos.org.br\/noticias\/papa-buda-e-jesus-entenderam-a-necessidade-de-superar-o-egoismo-que-gera-conflito-e-violencia.html#webpage\",\"url\":\"https:\/\/franciscanos.org.br\/noticias\/papa-buda-e-jesus-entenderam-a-necessidade-de-superar-o-egoismo-que-gera-conflito-e-violencia.html\",\"name\":\"Papa: Buda e Jesus entenderam a necessidade de superar o ego\u00edsmo que gera conflito e viol\u00eancia - Not\u00edcias - Franciscanos\",\"isPartOf\":{\"@id\":\"https:\/\/franciscanos.org.br\/noticias\/#website\"},\"primaryImageOfPage\":{\"@id\":\"https:\/\/franciscanos.org.br\/noticias\/papa-buda-e-jesus-entenderam-a-necessidade-de-superar-o-egoismo-que-gera-conflito-e-violencia.html#primaryimage\"},\"datePublished\":\"2022-06-17T12:36:07+00:00\",\"dateModified\":\"2022-12-31T15:55:09+00:00\",\"author\":{\"@id\":\"https:\/\/franciscanos.org.br\/noticias\/#\/schema\/person\/b5c8cba458c330ccff548b056e95a5d4\"},\"breadcrumb\":{\"@id\":\"https:\/\/franciscanos.org.br\/noticias\/papa-buda-e-jesus-entenderam-a-necessidade-de-superar-o-egoismo-que-gera-conflito-e-violencia.html#breadcrumb\"},\"inLanguage\":\"pt-BR\",\"potentialAction\":[{\"@type\":\"ReadAction\",\"target\":[\"https:\/\/franciscanos.org.br\/noticias\/papa-buda-e-jesus-entenderam-a-necessidade-de-superar-o-egoismo-que-gera-conflito-e-violencia.html\"]}]},{\"@type\":\"BreadcrumbList\",\"@id\":\"https:\/\/franciscanos.org.br\/noticias\/papa-buda-e-jesus-entenderam-a-necessidade-de-superar-o-egoismo-que-gera-conflito-e-violencia.html#breadcrumb\",\"itemListElement\":[{\"@type\":\"ListItem\",\"position\":1,\"name\":\"Home\",\"item\":\"https:\/\/franciscanos.org.br\/noticias\"},{\"@type\":\"ListItem\",\"position\":2,\"name\":\"Papa: Buda e Jesus entenderam a necessidade de superar o ego\u00edsmo que gera conflito e viol\u00eancia\"}]},{\"@type\":\"Person\",\"@id\":\"https:\/\/franciscanos.org.br\/noticias\/#\/schema\/person\/b5c8cba458c330ccff548b056e95a5d4\",\"name\":\"moacir\",\"image\":{\"@type\":\"ImageObject\",\"inLanguage\":\"pt-BR\",\"@id\":\"https:\/\/franciscanos.org.br\/noticias\/#\/schema\/person\/image\/\",\"url\":\"https:\/\/secure.gravatar.com\/avatar\/d08aa2ce4c8dd416d4479aa8536fcf64?s=96&d=mm&r=g\",\"contentUrl\":\"https:\/\/secure.gravatar.com\/avatar\/d08aa2ce4c8dd416d4479aa8536fcf64?s=96&d=mm&r=g\",\"caption\":\"moacir\"},\"url\":\"https:\/\/franciscanos.org.br\/noticias\/author\/moacir\"}]}<\/script>\n<!-- \/ Yoast SEO plugin. -->","yoast_head_json":{"title":"Papa: Buda e Jesus entenderam a necessidade de superar o ego\u00edsmo que gera conflito e viol\u00eancia - Not\u00edcias - Franciscanos","robots":{"index":"index","follow":"follow","max-snippet":"max-snippet:-1","max-image-preview":"max-image-preview:large","max-video-preview":"max-video-preview:-1"},"canonical":"https:\/\/franciscanos.org.br\/noticias\/papa-buda-e-jesus-entenderam-a-necessidade-de-superar-o-egoismo-que-gera-conflito-e-violencia.html","og_locale":"pt_BR","og_type":"article","og_title":"Papa: Buda e Jesus entenderam a necessidade de superar o ego\u00edsmo que gera conflito e viol\u00eancia - Not\u00edcias - Franciscanos","og_description":"Audi\u00eancia no Vaticano","og_url":"https:\/\/franciscanos.org.br\/noticias\/papa-buda-e-jesus-entenderam-a-necessidade-de-superar-o-egoismo-que-gera-conflito-e-violencia.html","og_site_name":"Not\u00edcias - Franciscanos","article_published_time":"2022-06-17T12:36:07+00:00","article_modified_time":"2022-12-31T15:55:09+00:00","og_image":[{"width":1500,"height":844,"url":"https:\/\/franciscanos.org.br\/noticias\/wp-content\/uploads\/2022\/06\/vaticano_17.jpeg","type":"image\/jpeg"}],"author":"moacir","twitter_card":"summary_large_image","twitter_misc":{"Escrito por":"moacir","Est. tempo de leitura":"3 minutos"},"schema":{"@context":"https:\/\/schema.org","@graph":[{"@type":"WebSite","@id":"https:\/\/franciscanos.org.br\/noticias\/#website","url":"https:\/\/franciscanos.org.br\/noticias\/","name":"Not\u00edcias - Franciscanos","description":"Prov\u00edncia Franciscana da Imaculada Concei\u00e7\u00e3o do Brasil - Ordem dos Frades Menores - OFM","potentialAction":[{"@type":"SearchAction","target":{"@type":"EntryPoint","urlTemplate":"https:\/\/franciscanos.org.br\/noticias\/?s={search_term_string}"},"query-input":"required name=search_term_string"}],"inLanguage":"pt-BR"},{"@type":"ImageObject","inLanguage":"pt-BR","@id":"https:\/\/franciscanos.org.br\/noticias\/papa-buda-e-jesus-entenderam-a-necessidade-de-superar-o-egoismo-que-gera-conflito-e-violencia.html#primaryimage","url":"https:\/\/franciscanos.org.br\/noticias\/wp-content\/uploads\/2022\/06\/vaticano_17.jpeg","contentUrl":"https:\/\/franciscanos.org.br\/noticias\/wp-content\/uploads\/2022\/06\/vaticano_17.jpeg","width":1500,"height":844},{"@type":"WebPage","@id":"https:\/\/franciscanos.org.br\/noticias\/papa-buda-e-jesus-entenderam-a-necessidade-de-superar-o-egoismo-que-gera-conflito-e-violencia.html#webpage","url":"https:\/\/franciscanos.org.br\/noticias\/papa-buda-e-jesus-entenderam-a-necessidade-de-superar-o-egoismo-que-gera-conflito-e-violencia.html","name":"Papa: Buda e Jesus entenderam a necessidade de superar o ego\u00edsmo que gera conflito e viol\u00eancia - Not\u00edcias - Franciscanos","isPartOf":{"@id":"https:\/\/franciscanos.org.br\/noticias\/#website"},"primaryImageOfPage":{"@id":"https:\/\/franciscanos.org.br\/noticias\/papa-buda-e-jesus-entenderam-a-necessidade-de-superar-o-egoismo-que-gera-conflito-e-violencia.html#primaryimage"},"datePublished":"2022-06-17T12:36:07+00:00","dateModified":"2022-12-31T15:55:09+00:00","author":{"@id":"https:\/\/franciscanos.org.br\/noticias\/#\/schema\/person\/b5c8cba458c330ccff548b056e95a5d4"},"breadcrumb":{"@id":"https:\/\/franciscanos.org.br\/noticias\/papa-buda-e-jesus-entenderam-a-necessidade-de-superar-o-egoismo-que-gera-conflito-e-violencia.html#breadcrumb"},"inLanguage":"pt-BR","potentialAction":[{"@type":"ReadAction","target":["https:\/\/franciscanos.org.br\/noticias\/papa-buda-e-jesus-entenderam-a-necessidade-de-superar-o-egoismo-que-gera-conflito-e-violencia.html"]}]},{"@type":"BreadcrumbList","@id":"https:\/\/franciscanos.org.br\/noticias\/papa-buda-e-jesus-entenderam-a-necessidade-de-superar-o-egoismo-que-gera-conflito-e-violencia.html#breadcrumb","itemListElement":[{"@type":"ListItem","position":1,"name":"Home","item":"https:\/\/franciscanos.org.br\/noticias"},{"@type":"ListItem","position":2,"name":"Papa: Buda e Jesus entenderam a necessidade de superar o ego\u00edsmo que gera conflito e viol\u00eancia"}]},{"@type":"Person","@id":"https:\/\/franciscanos.org.br\/noticias\/#\/schema\/person\/b5c8cba458c330ccff548b056e95a5d4","name":"moacir","image":{"@type":"ImageObject","inLanguage":"pt-BR","@id":"https:\/\/franciscanos.org.br\/noticias\/#\/schema\/person\/image\/","url":"https:\/\/secure.gravatar.com\/avatar\/d08aa2ce4c8dd416d4479aa8536fcf64?s=96&d=mm&r=g","contentUrl":"https:\/\/secure.gravatar.com\/avatar\/d08aa2ce4c8dd416d4479aa8536fcf64?s=96&d=mm&r=g","caption":"moacir"},"url":"https:\/\/franciscanos.org.br\/noticias\/author\/moacir"}]}},"_links":{"self":[{"href":"https:\/\/franciscanos.org.br\/noticias\/wp-json\/wp\/v2\/posts\/238553"}],"collection":[{"href":"https:\/\/franciscanos.org.br\/noticias\/wp-json\/wp\/v2\/posts"}],"about":[{"href":"https:\/\/franciscanos.org.br\/noticias\/wp-json\/wp\/v2\/types\/post"}],"author":[{"embeddable":true,"href":"https:\/\/franciscanos.org.br\/noticias\/wp-json\/wp\/v2\/users\/3"}],"replies":[{"embeddable":true,"href":"https:\/\/franciscanos.org.br\/noticias\/wp-json\/wp\/v2\/comments?post=238553"}],"version-history":[{"count":1,"href":"https:\/\/franciscanos.org.br\/noticias\/wp-json\/wp\/v2\/posts\/238553\/revisions"}],"predecessor-version":[{"id":238555,"href":"https:\/\/franciscanos.org.br\/noticias\/wp-json\/wp\/v2\/posts\/238553\/revisions\/238555"}],"wp:featuredmedia":[{"embeddable":true,"href":"https:\/\/franciscanos.org.br\/noticias\/wp-json\/wp\/v2\/media\/238554"}],"wp:attachment":[{"href":"https:\/\/franciscanos.org.br\/noticias\/wp-json\/wp\/v2\/media?parent=238553"}],"wp:term":[{"taxonomy":"category","embeddable":true,"href":"https:\/\/franciscanos.org.br\/noticias\/wp-json\/wp\/v2\/categories?post=238553"},{"taxonomy":"post_tag","embeddable":true,"href":"https:\/\/franciscanos.org.br\/noticias\/wp-json\/wp\/v2\/tags?post=238553"}],"curies":[{"name":"wp","href":"https:\/\/api.w.org\/{rel}","templated":true}]}}