{"id":238549,"date":"2022-06-17T07:39:58","date_gmt":"2022-06-17T10:39:58","guid":{"rendered":"https:\/\/franciscanos.org.br\/noticias\/?p=238549"},"modified":"2022-06-17T07:39:58","modified_gmt":"2022-06-17T10:39:58","slug":"paroquia-santo-antonio-celebra-corpus-christi-e-20-novos-ministros-da-eucaristia","status":"publish","type":"post","link":"https:\/\/franciscanos.org.br\/noticias\/paroquia-santo-antonio-celebra-corpus-christi-e-20-novos-ministros-da-eucaristia.html","title":{"rendered":"Par\u00f3quia Santo Ant\u00f4nio celebra Corpus Christi e 20 novos Ministros da Eucaristia"},"content":{"rendered":"<p><img loading=\"lazy\" class=\"alignnone wp-image-238550 size-full\" src=\"https:\/\/franciscanos.org.br\/noticias\/wp-content\/uploads\/2022\/06\/sorocaba_1706.jpg\" alt=\"\" width=\"1280\" height=\"775\" srcset=\"https:\/\/franciscanos.org.br\/noticias\/wp-content\/uploads\/2022\/06\/sorocaba_1706.jpg 1280w, https:\/\/franciscanos.org.br\/noticias\/wp-content\/uploads\/2022\/06\/sorocaba_1706-450x272.jpg 450w, https:\/\/franciscanos.org.br\/noticias\/wp-content\/uploads\/2022\/06\/sorocaba_1706-1024x620.jpg 1024w, https:\/\/franciscanos.org.br\/noticias\/wp-content\/uploads\/2022\/06\/sorocaba_1706-768x465.jpg 768w, https:\/\/franciscanos.org.br\/noticias\/wp-content\/uploads\/2022\/06\/sorocaba_1706-150x91.jpg 150w\" sizes=\"(max-width: 1280px) 100vw, 1280px\" \/><\/p>\n<p>&#8220;A solenidade de Corpus Christi foi celebrada na Par\u00f3quia Santo Ant\u00f4nio, em Sorocaba (SP), tendo in\u00edcio no Centro Pastoral e seguiu em prociss\u00e3o at\u00e9 a Matriz Bom Jesus dos Aflitos. O p\u00e1roco Frei Gilberto Piscitelli presidu a celebra\u00e7\u00e3o, tendo como concelebrante o vig\u00e1rio Frei Roz\u00e2ntimo e o di\u00e1cono Toninho.<\/p>\n<p>Em sua homilia, Frei Gilberto disse que a solenidade de Corpus Christi \u00e9 a maior das festas, pois \u00e9 a festa do Deus que nos alimenta. \u00c9 o maior mist\u00e9rio da nossa vida crist\u00e3. Lembrou tamb\u00e9m a Quinta-feira Santa, que tem um &#8220;fio&#8221; de semelhan\u00e7a com a Quinta-feira de Corpus Christi, mas n\u00e3o s\u00e3o exatamente iguais, pois na Quinta-feira Santa Jesus foi tra\u00eddo, existia a press\u00e3o da pris\u00e3o de Jesus precedente \u00e0 caminhada do Calv\u00e1rio. J\u00e1 na Quinta-feira de Corpus Christi as ruas se enfeitam para receber Jesus glorioso, vitorioso, vencedor da morte e do pecado, Aquele que foi libertado pelo Espirito Santo de Deus.<\/p>\n<p><img loading=\"lazy\" class=\"alignnone wp-image-238551 size-full\" src=\"https:\/\/franciscanos.org.br\/noticias\/wp-content\/uploads\/2022\/06\/sorocaba_0222.jpg\" alt=\"\" width=\"1280\" height=\"720\" srcset=\"https:\/\/franciscanos.org.br\/noticias\/wp-content\/uploads\/2022\/06\/sorocaba_0222.jpg 1280w, https:\/\/franciscanos.org.br\/noticias\/wp-content\/uploads\/2022\/06\/sorocaba_0222-450x253.jpg 450w, https:\/\/franciscanos.org.br\/noticias\/wp-content\/uploads\/2022\/06\/sorocaba_0222-1024x576.jpg 1024w, https:\/\/franciscanos.org.br\/noticias\/wp-content\/uploads\/2022\/06\/sorocaba_0222-768x432.jpg 768w, https:\/\/franciscanos.org.br\/noticias\/wp-content\/uploads\/2022\/06\/sorocaba_0222-150x84.jpg 150w\" sizes=\"(max-width: 1280px) 100vw, 1280px\" \/><\/p>\n<p>Frei Gilberto tamb\u00e9m refor\u00e7ou sobre o acolhimento e a partilha, n\u00e3o somente a partilha do p\u00e3o e da h\u00f3stia, mas principalmente a partilha da vida, sobretudo a partilha feita pelos Ministros Extraordin\u00e1rios da Eucaristia.<br \/>\nTamb\u00e9m, durante a celebra\u00e7\u00e3o, aconteceu a posse de 20 novos Ministros Extraordin\u00e1rios da Eucaristia e tamb\u00e9m a renova\u00e7\u00e3o dos demais, totalizando, assim, 78 Ministros na Par\u00f3quia.<\/p>\n<hr \/>\n<p><em>Pascom Par\u00f3quia Santo Ant\u00f4nio em Sorocaba<\/em><\/p>\n","protected":false},"excerpt":{"rendered":"<p>&#8220;A solenidade de Corpus Christi foi celebrada na Par\u00f3quia Santo Ant\u00f4nio, em Sorocaba (SP), tendo in\u00edcio no Centro Pastoral e seguiu em prociss\u00e3o at\u00e9 a Matriz Bom Jesus dos Aflitos. O p\u00e1roco Frei Gilberto Piscitelli presidu a celebra\u00e7\u00e3o, tendo como concelebrante o vig\u00e1rio Frei Roz\u00e2ntimo e o di\u00e1cono Toninho. Em sua homilia, Frei Gilberto disse [&hellip;]<\/p>\n","protected":false},"author":3,"featured_media":238550,"comment_status":"open","ping_status":"open","sticky":false,"template":"","format":"standard","meta":[],"categories":[1],"tags":[2034],"acf":[],"yoast_head":"<!-- This site is optimized with the Yoast SEO plugin v19.2 - https:\/\/yoast.com\/wordpress\/plugins\/seo\/ -->\n<title>Par\u00f3quia Santo Ant\u00f4nio celebra Corpus Christi e 20 novos Ministros da Eucaristia - Not\u00edcias - Franciscanos<\/title>\n<meta name=\"robots\" content=\"index, follow, max-snippet:-1, max-image-preview:large, max-video-preview:-1\" \/>\n<link rel=\"canonical\" href=\"https:\/\/franciscanos.org.br\/noticias\/paroquia-santo-antonio-celebra-corpus-christi-e-20-novos-ministros-da-eucaristia.html\" \/>\n<meta property=\"og:locale\" content=\"pt_BR\" \/>\n<meta property=\"og:type\" content=\"article\" \/>\n<meta property=\"og:title\" content=\"Par\u00f3quia Santo Ant\u00f4nio celebra Corpus Christi e 20 novos Ministros da Eucaristia - Not\u00edcias - Franciscanos\" \/>\n<meta property=\"og:description\" content=\"&#8220;A solenidade de Corpus Christi foi celebrada na Par\u00f3quia Santo Ant\u00f4nio, em Sorocaba (SP), tendo in\u00edcio no Centro Pastoral e seguiu em prociss\u00e3o at\u00e9 a Matriz Bom Jesus dos Aflitos. O p\u00e1roco Frei Gilberto Piscitelli presidu a celebra\u00e7\u00e3o, tendo como concelebrante o vig\u00e1rio Frei Roz\u00e2ntimo e o di\u00e1cono Toninho. Em sua homilia, Frei Gilberto disse [&hellip;]\" \/>\n<meta property=\"og:url\" content=\"https:\/\/franciscanos.org.br\/noticias\/paroquia-santo-antonio-celebra-corpus-christi-e-20-novos-ministros-da-eucaristia.html\" \/>\n<meta property=\"og:site_name\" content=\"Not\u00edcias - Franciscanos\" \/>\n<meta property=\"article:published_time\" content=\"2022-06-17T10:39:58+00:00\" \/>\n<meta property=\"og:image\" content=\"https:\/\/franciscanos.org.br\/noticias\/wp-content\/uploads\/2022\/06\/sorocaba_1706.jpg\" \/>\n\t<meta property=\"og:image:width\" content=\"1280\" \/>\n\t<meta property=\"og:image:height\" content=\"775\" \/>\n\t<meta property=\"og:image:type\" content=\"image\/jpeg\" \/>\n<meta name=\"author\" content=\"moacir\" \/>\n<meta name=\"twitter:card\" content=\"summary_large_image\" \/>\n<meta name=\"twitter:label1\" content=\"Escrito por\" \/>\n\t<meta name=\"twitter:data1\" content=\"moacir\" \/>\n\t<meta name=\"twitter:label2\" content=\"Est. tempo de leitura\" \/>\n\t<meta name=\"twitter:data2\" content=\"1 minuto\" \/>\n<script type=\"application\/ld+json\" class=\"yoast-schema-graph\">{\"@context\":\"https:\/\/schema.org\",\"@graph\":[{\"@type\":\"WebSite\",\"@id\":\"https:\/\/franciscanos.org.br\/noticias\/#website\",\"url\":\"https:\/\/franciscanos.org.br\/noticias\/\",\"name\":\"Not\u00edcias - Franciscanos\",\"description\":\"Prov\u00edncia Franciscana da Imaculada Concei\u00e7\u00e3o do Brasil - Ordem dos Frades Menores - OFM\",\"potentialAction\":[{\"@type\":\"SearchAction\",\"target\":{\"@type\":\"EntryPoint\",\"urlTemplate\":\"https:\/\/franciscanos.org.br\/noticias\/?s={search_term_string}\"},\"query-input\":\"required name=search_term_string\"}],\"inLanguage\":\"pt-BR\"},{\"@type\":\"ImageObject\",\"inLanguage\":\"pt-BR\",\"@id\":\"https:\/\/franciscanos.org.br\/noticias\/paroquia-santo-antonio-celebra-corpus-christi-e-20-novos-ministros-da-eucaristia.html#primaryimage\",\"url\":\"https:\/\/franciscanos.org.br\/noticias\/wp-content\/uploads\/2022\/06\/sorocaba_1706.jpg\",\"contentUrl\":\"https:\/\/franciscanos.org.br\/noticias\/wp-content\/uploads\/2022\/06\/sorocaba_1706.jpg\",\"width\":1280,\"height\":775},{\"@type\":\"WebPage\",\"@id\":\"https:\/\/franciscanos.org.br\/noticias\/paroquia-santo-antonio-celebra-corpus-christi-e-20-novos-ministros-da-eucaristia.html#webpage\",\"url\":\"https:\/\/franciscanos.org.br\/noticias\/paroquia-santo-antonio-celebra-corpus-christi-e-20-novos-ministros-da-eucaristia.html\",\"name\":\"Par\u00f3quia Santo Ant\u00f4nio celebra Corpus Christi e 20 novos Ministros da Eucaristia - Not\u00edcias - Franciscanos\",\"isPartOf\":{\"@id\":\"https:\/\/franciscanos.org.br\/noticias\/#website\"},\"primaryImageOfPage\":{\"@id\":\"https:\/\/franciscanos.org.br\/noticias\/paroquia-santo-antonio-celebra-corpus-christi-e-20-novos-ministros-da-eucaristia.html#primaryimage\"},\"datePublished\":\"2022-06-17T10:39:58+00:00\",\"dateModified\":\"2022-06-17T10:39:58+00:00\",\"author\":{\"@id\":\"https:\/\/franciscanos.org.br\/noticias\/#\/schema\/person\/b5c8cba458c330ccff548b056e95a5d4\"},\"breadcrumb\":{\"@id\":\"https:\/\/franciscanos.org.br\/noticias\/paroquia-santo-antonio-celebra-corpus-christi-e-20-novos-ministros-da-eucaristia.html#breadcrumb\"},\"inLanguage\":\"pt-BR\",\"potentialAction\":[{\"@type\":\"ReadAction\",\"target\":[\"https:\/\/franciscanos.org.br\/noticias\/paroquia-santo-antonio-celebra-corpus-christi-e-20-novos-ministros-da-eucaristia.html\"]}]},{\"@type\":\"BreadcrumbList\",\"@id\":\"https:\/\/franciscanos.org.br\/noticias\/paroquia-santo-antonio-celebra-corpus-christi-e-20-novos-ministros-da-eucaristia.html#breadcrumb\",\"itemListElement\":[{\"@type\":\"ListItem\",\"position\":1,\"name\":\"Home\",\"item\":\"https:\/\/franciscanos.org.br\/noticias\"},{\"@type\":\"ListItem\",\"position\":2,\"name\":\"Par\u00f3quia Santo Ant\u00f4nio celebra Corpus Christi e 20 novos Ministros da Eucaristia\"}]},{\"@type\":\"Person\",\"@id\":\"https:\/\/franciscanos.org.br\/noticias\/#\/schema\/person\/b5c8cba458c330ccff548b056e95a5d4\",\"name\":\"moacir\",\"image\":{\"@type\":\"ImageObject\",\"inLanguage\":\"pt-BR\",\"@id\":\"https:\/\/franciscanos.org.br\/noticias\/#\/schema\/person\/image\/\",\"url\":\"https:\/\/secure.gravatar.com\/avatar\/d08aa2ce4c8dd416d4479aa8536fcf64?s=96&d=mm&r=g\",\"contentUrl\":\"https:\/\/secure.gravatar.com\/avatar\/d08aa2ce4c8dd416d4479aa8536fcf64?s=96&d=mm&r=g\",\"caption\":\"moacir\"},\"url\":\"https:\/\/franciscanos.org.br\/noticias\/author\/moacir\"}]}<\/script>\n<!-- \/ Yoast SEO plugin. -->","yoast_head_json":{"title":"Par\u00f3quia Santo Ant\u00f4nio celebra Corpus Christi e 20 novos Ministros da Eucaristia - Not\u00edcias - Franciscanos","robots":{"index":"index","follow":"follow","max-snippet":"max-snippet:-1","max-image-preview":"max-image-preview:large","max-video-preview":"max-video-preview:-1"},"canonical":"https:\/\/franciscanos.org.br\/noticias\/paroquia-santo-antonio-celebra-corpus-christi-e-20-novos-ministros-da-eucaristia.html","og_locale":"pt_BR","og_type":"article","og_title":"Par\u00f3quia Santo Ant\u00f4nio celebra Corpus Christi e 20 novos Ministros da Eucaristia - Not\u00edcias - Franciscanos","og_description":"&#8220;A solenidade de Corpus Christi foi celebrada na Par\u00f3quia Santo Ant\u00f4nio, em Sorocaba (SP), tendo in\u00edcio no Centro Pastoral e seguiu em prociss\u00e3o at\u00e9 a Matriz Bom Jesus dos Aflitos. O p\u00e1roco Frei Gilberto Piscitelli presidu a celebra\u00e7\u00e3o, tendo como concelebrante o vig\u00e1rio Frei Roz\u00e2ntimo e o di\u00e1cono Toninho. Em sua homilia, Frei Gilberto disse [&hellip;]","og_url":"https:\/\/franciscanos.org.br\/noticias\/paroquia-santo-antonio-celebra-corpus-christi-e-20-novos-ministros-da-eucaristia.html","og_site_name":"Not\u00edcias - Franciscanos","article_published_time":"2022-06-17T10:39:58+00:00","og_image":[{"width":1280,"height":775,"url":"https:\/\/franciscanos.org.br\/noticias\/wp-content\/uploads\/2022\/06\/sorocaba_1706.jpg","type":"image\/jpeg"}],"author":"moacir","twitter_card":"summary_large_image","twitter_misc":{"Escrito por":"moacir","Est. tempo de leitura":"1 minuto"},"schema":{"@context":"https:\/\/schema.org","@graph":[{"@type":"WebSite","@id":"https:\/\/franciscanos.org.br\/noticias\/#website","url":"https:\/\/franciscanos.org.br\/noticias\/","name":"Not\u00edcias - Franciscanos","description":"Prov\u00edncia Franciscana da Imaculada Concei\u00e7\u00e3o do Brasil - Ordem dos Frades Menores - OFM","potentialAction":[{"@type":"SearchAction","target":{"@type":"EntryPoint","urlTemplate":"https:\/\/franciscanos.org.br\/noticias\/?s={search_term_string}"},"query-input":"required name=search_term_string"}],"inLanguage":"pt-BR"},{"@type":"ImageObject","inLanguage":"pt-BR","@id":"https:\/\/franciscanos.org.br\/noticias\/paroquia-santo-antonio-celebra-corpus-christi-e-20-novos-ministros-da-eucaristia.html#primaryimage","url":"https:\/\/franciscanos.org.br\/noticias\/wp-content\/uploads\/2022\/06\/sorocaba_1706.jpg","contentUrl":"https:\/\/franciscanos.org.br\/noticias\/wp-content\/uploads\/2022\/06\/sorocaba_1706.jpg","width":1280,"height":775},{"@type":"WebPage","@id":"https:\/\/franciscanos.org.br\/noticias\/paroquia-santo-antonio-celebra-corpus-christi-e-20-novos-ministros-da-eucaristia.html#webpage","url":"https:\/\/franciscanos.org.br\/noticias\/paroquia-santo-antonio-celebra-corpus-christi-e-20-novos-ministros-da-eucaristia.html","name":"Par\u00f3quia Santo Ant\u00f4nio celebra Corpus Christi e 20 novos Ministros da Eucaristia - Not\u00edcias - Franciscanos","isPartOf":{"@id":"https:\/\/franciscanos.org.br\/noticias\/#website"},"primaryImageOfPage":{"@id":"https:\/\/franciscanos.org.br\/noticias\/paroquia-santo-antonio-celebra-corpus-christi-e-20-novos-ministros-da-eucaristia.html#primaryimage"},"datePublished":"2022-06-17T10:39:58+00:00","dateModified":"2022-06-17T10:39:58+00:00","author":{"@id":"https:\/\/franciscanos.org.br\/noticias\/#\/schema\/person\/b5c8cba458c330ccff548b056e95a5d4"},"breadcrumb":{"@id":"https:\/\/franciscanos.org.br\/noticias\/paroquia-santo-antonio-celebra-corpus-christi-e-20-novos-ministros-da-eucaristia.html#breadcrumb"},"inLanguage":"pt-BR","potentialAction":[{"@type":"ReadAction","target":["https:\/\/franciscanos.org.br\/noticias\/paroquia-santo-antonio-celebra-corpus-christi-e-20-novos-ministros-da-eucaristia.html"]}]},{"@type":"BreadcrumbList","@id":"https:\/\/franciscanos.org.br\/noticias\/paroquia-santo-antonio-celebra-corpus-christi-e-20-novos-ministros-da-eucaristia.html#breadcrumb","itemListElement":[{"@type":"ListItem","position":1,"name":"Home","item":"https:\/\/franciscanos.org.br\/noticias"},{"@type":"ListItem","position":2,"name":"Par\u00f3quia Santo Ant\u00f4nio celebra Corpus Christi e 20 novos Ministros da Eucaristia"}]},{"@type":"Person","@id":"https:\/\/franciscanos.org.br\/noticias\/#\/schema\/person\/b5c8cba458c330ccff548b056e95a5d4","name":"moacir","image":{"@type":"ImageObject","inLanguage":"pt-BR","@id":"https:\/\/franciscanos.org.br\/noticias\/#\/schema\/person\/image\/","url":"https:\/\/secure.gravatar.com\/avatar\/d08aa2ce4c8dd416d4479aa8536fcf64?s=96&d=mm&r=g","contentUrl":"https:\/\/secure.gravatar.com\/avatar\/d08aa2ce4c8dd416d4479aa8536fcf64?s=96&d=mm&r=g","caption":"moacir"},"url":"https:\/\/franciscanos.org.br\/noticias\/author\/moacir"}]}},"_links":{"self":[{"href":"https:\/\/franciscanos.org.br\/noticias\/wp-json\/wp\/v2\/posts\/238549"}],"collection":[{"href":"https:\/\/franciscanos.org.br\/noticias\/wp-json\/wp\/v2\/posts"}],"about":[{"href":"https:\/\/franciscanos.org.br\/noticias\/wp-json\/wp\/v2\/types\/post"}],"author":[{"embeddable":true,"href":"https:\/\/franciscanos.org.br\/noticias\/wp-json\/wp\/v2\/users\/3"}],"replies":[{"embeddable":true,"href":"https:\/\/franciscanos.org.br\/noticias\/wp-json\/wp\/v2\/comments?post=238549"}],"version-history":[{"count":1,"href":"https:\/\/franciscanos.org.br\/noticias\/wp-json\/wp\/v2\/posts\/238549\/revisions"}],"predecessor-version":[{"id":238552,"href":"https:\/\/franciscanos.org.br\/noticias\/wp-json\/wp\/v2\/posts\/238549\/revisions\/238552"}],"wp:featuredmedia":[{"embeddable":true,"href":"https:\/\/franciscanos.org.br\/noticias\/wp-json\/wp\/v2\/media\/238550"}],"wp:attachment":[{"href":"https:\/\/franciscanos.org.br\/noticias\/wp-json\/wp\/v2\/media?parent=238549"}],"wp:term":[{"taxonomy":"category","embeddable":true,"href":"https:\/\/franciscanos.org.br\/noticias\/wp-json\/wp\/v2\/categories?post=238549"},{"taxonomy":"post_tag","embeddable":true,"href":"https:\/\/franciscanos.org.br\/noticias\/wp-json\/wp\/v2\/tags?post=238549"}],"curies":[{"name":"wp","href":"https:\/\/api.w.org\/{rel}","templated":true}]}}