{"id":238543,"date":"2022-06-17T06:59:36","date_gmt":"2022-06-17T09:59:36","guid":{"rendered":"https:\/\/franciscanos.org.br\/noticias\/?p=238543"},"modified":"2022-06-17T07:01:29","modified_gmt":"2022-06-17T10:01:29","slug":"nota-da-repam-brasil-nao-as-mortes-e-a-degradacao-na-amazonia","status":"publish","type":"post","link":"https:\/\/franciscanos.org.br\/noticias\/nota-da-repam-brasil-nao-as-mortes-e-a-degradacao-na-amazonia.html","title":{"rendered":"Nota da REPAM-Brasil: N\u00e3o \u00e0s mortes e \u00e0 degrada\u00e7\u00e3o na Amaz\u00f4nia"},"content":{"rendered":"<div id=\"attachment_238544\" style=\"width: 966px\" class=\"wp-caption alignnone\"><img aria-describedby=\"caption-attachment-238544\" loading=\"lazy\" class=\"wp-image-238544\" src=\"https:\/\/franciscanos.org.br\/noticias\/wp-content\/uploads\/2022\/06\/repam.jpeg\" alt=\"\" width=\"956\" height=\"538\" srcset=\"https:\/\/franciscanos.org.br\/noticias\/wp-content\/uploads\/2022\/06\/repam.jpeg 750w, https:\/\/franciscanos.org.br\/noticias\/wp-content\/uploads\/2022\/06\/repam-450x253.jpeg 450w, https:\/\/franciscanos.org.br\/noticias\/wp-content\/uploads\/2022\/06\/repam-150x84.jpeg 150w\" sizes=\"(max-width: 956px) 100vw, 956px\" \/><p id=\"caption-attachment-238544\" class=\"wp-caption-text\"><em>\u00a0 \u00a0 \u00a0 \u00a0 \u00a0 \u00a0 \u00a0 \u00a0 \u00a0 \u00a0 \u00a0 \u00a0 \u00a0 \u00a0 \u00a0 \u00a0 \u00a0 \u00a0 \u00a0 \u00a0 \u00a0 \u00a0 \u00a0 \u00a0 \u00a0 \u00a0 \u00a0 \u00a0 \u00a0 \u00a0 \u00a0 \u00a0 \u00a0 \u00a0 \u00a0 \u00a0 \u00a0 \u00a0 \u00a0 \u00a0 \u00a0 \u00a0 \u00a0 \u00a0 \u00a0 \u00a0 \u00a0 \u00a0 \u00a0Imagem: REPAM<\/em><\/p><\/div>\n<div class=\"article__text \">\n<p>A Rede Eclesial Pan-Amaz\u00f4nica (REPAM-Brasil), por meio da sua presid\u00eancia, composta pelo bispo da Prelazia de Maraj\u00f3 (PA), Dom Evaristo Pascoal Spengler, OFM, (presidente), o arcebispo de Palmas (TO), Dom Pedro Brito Guimar\u00e3es (vice-presidente) e o bispo da Prelazia de Itacoatiara (AM), Dom Jos\u00e9 Ionilton Lisboa de Oliveira, sdv, (secret\u00e1rio), divulgou na tarde desta quarta-feira uma\u00a0<a href=\"http:\/\/repam.org.br\/wp-content\/uploads\/2022\/06\/Nota-da-Presidencia.pdf\" target=\"_blank\" rel=\"external nofollow noopener\">nota<\/a>\u00a0na qual exige provid\u00eancias urgentes do governo frente \u00e0s mortes e degrada\u00e7\u00e3o no territ\u00f3rio amaz\u00f4nico. \u201c\u00c9 indispens\u00e1vel o desenvolvimento de a\u00e7\u00f5es r\u00e1pidas do Estado brasileiro, por meio do Governo Federal, Congresso Nacional e Minist\u00e9rio P\u00fablico, para conter o avan\u00e7o destruidor sobre a Amaz\u00f4nia. \u00c9 necess\u00e1rio n\u00e3o s\u00f3 prestar esclarecimentos sobre o desaparecimento de Bruno e Dominic, mas agilidade nas apura\u00e7\u00f5es, e puni\u00e7\u00e3o dos respons\u00e1veis por tantas mortes e tanta dor que pesam sobre a Amaz\u00f4nia, seus povos e seus defensores\u201d, diz trecho da\u00a0<a href=\"http:\/\/repam.org.br\/wp-content\/uploads\/2022\/06\/Nota-da-Presidencia.pdf\" target=\"_blank\" rel=\"external nofollow noopener\">nota<\/a>.<\/p>\n<p>A Rede manifesta solidariedade \u00e0s fam\u00edlias das v\u00edtimas e agradece aos povos ind\u00edgenas do Vale do Javari \u201cpela solidariedade, sensibilidade humana e reconhecimento por aqueles que apoiam as suas lutas\u201d. Menciona e agradece o comprometimento do jornalismo \u201ccom os Direitos Humanos e as causas da Amaz\u00f4nia\u201d.<\/p>\n<p>Expressa, tamb\u00e9m, indigna\u00e7\u00e3o com as mortes constantes de lideran\u00e7as ind\u00edgenas, ribeirinhas e quilombolas e com a viola\u00e7\u00e3o dos Direitos Humanos e pede celeridade na apura\u00e7\u00e3o e puni\u00e7\u00e3o dos respons\u00e1veis. \u201cA REPAM-Brasil, comprometida com a defesa da vida humana e da Natureza, solicita com veem\u00eancia, a atua\u00e7\u00e3o en\u00e9rgica das autoridades para estancar a ilegalidade e a explora\u00e7\u00e3o da Natureza na Amaz\u00f4nia, o que tem provocado mortes constantes. Reivindicamos que todos os que ocupam cargos de responsabilidade e poder de interven\u00e7\u00e3o, seja em \u00e2mbito pol\u00edtico, social e econ\u00f4mico, local, nacional e internacional, se tornem guardi\u00f5es da Cria\u00e7\u00e3o, do des\u00edgnio de Deus inscrito na Natureza, guardi\u00f5es do outro e do Meio Ambiente\u201d.<\/p>\n<h3>Leia a\u00a0<strong><a href=\"http:\/\/repam.org.br\/wp-content\/uploads\/2022\/06\/Nota-da-Presidencia.pdf\" target=\"_blank\" rel=\"external nofollow noopener\">\u00edntegra<\/a>:<\/strong><\/h3>\n<hr \/>\n<p><b>Ir. Rosa M. Martins &#8211; REPAM<\/b><\/p>\n<\/div>\n","protected":false},"excerpt":{"rendered":"<p>Rede Eclesial Pan-Amaz\u00f4nica<\/p>\n","protected":false},"author":3,"featured_media":238544,"comment_status":"open","ping_status":"open","sticky":false,"template":"","format":"standard","meta":[],"categories":[1],"tags":[833],"acf":[],"yoast_head":"<!-- This site is optimized with the Yoast SEO plugin v19.2 - https:\/\/yoast.com\/wordpress\/plugins\/seo\/ -->\n<title>Nota da REPAM-Brasil: N\u00e3o \u00e0s mortes e \u00e0 degrada\u00e7\u00e3o na Amaz\u00f4nia - Not\u00edcias - Franciscanos<\/title>\n<meta name=\"robots\" content=\"index, follow, max-snippet:-1, max-image-preview:large, max-video-preview:-1\" \/>\n<link rel=\"canonical\" href=\"https:\/\/franciscanos.org.br\/noticias\/nota-da-repam-brasil-nao-as-mortes-e-a-degradacao-na-amazonia.html\" \/>\n<meta property=\"og:locale\" content=\"pt_BR\" \/>\n<meta property=\"og:type\" content=\"article\" \/>\n<meta property=\"og:title\" content=\"Nota da REPAM-Brasil: N\u00e3o \u00e0s mortes e \u00e0 degrada\u00e7\u00e3o na Amaz\u00f4nia - Not\u00edcias - Franciscanos\" \/>\n<meta property=\"og:description\" content=\"Rede Eclesial Pan-Amaz\u00f4nica\" \/>\n<meta property=\"og:url\" content=\"https:\/\/franciscanos.org.br\/noticias\/nota-da-repam-brasil-nao-as-mortes-e-a-degradacao-na-amazonia.html\" \/>\n<meta property=\"og:site_name\" content=\"Not\u00edcias - Franciscanos\" \/>\n<meta property=\"article:published_time\" content=\"2022-06-17T09:59:36+00:00\" \/>\n<meta property=\"article:modified_time\" content=\"2022-06-17T10:01:29+00:00\" \/>\n<meta property=\"og:image\" content=\"https:\/\/franciscanos.org.br\/noticias\/wp-content\/uploads\/2022\/06\/repam.jpeg\" \/>\n\t<meta property=\"og:image:width\" content=\"750\" \/>\n\t<meta property=\"og:image:height\" content=\"422\" \/>\n\t<meta property=\"og:image:type\" content=\"image\/jpeg\" \/>\n<meta name=\"author\" content=\"moacir\" \/>\n<meta name=\"twitter:card\" content=\"summary_large_image\" \/>\n<meta name=\"twitter:label1\" content=\"Escrito por\" \/>\n\t<meta name=\"twitter:data1\" content=\"moacir\" \/>\n\t<meta name=\"twitter:label2\" content=\"Est. tempo de leitura\" \/>\n\t<meta name=\"twitter:data2\" content=\"2 minutos\" \/>\n<script type=\"application\/ld+json\" class=\"yoast-schema-graph\">{\"@context\":\"https:\/\/schema.org\",\"@graph\":[{\"@type\":\"WebSite\",\"@id\":\"https:\/\/franciscanos.org.br\/noticias\/#website\",\"url\":\"https:\/\/franciscanos.org.br\/noticias\/\",\"name\":\"Not\u00edcias - Franciscanos\",\"description\":\"Prov\u00edncia Franciscana da Imaculada Concei\u00e7\u00e3o do Brasil - Ordem dos Frades Menores - OFM\",\"potentialAction\":[{\"@type\":\"SearchAction\",\"target\":{\"@type\":\"EntryPoint\",\"urlTemplate\":\"https:\/\/franciscanos.org.br\/noticias\/?s={search_term_string}\"},\"query-input\":\"required name=search_term_string\"}],\"inLanguage\":\"pt-BR\"},{\"@type\":\"ImageObject\",\"inLanguage\":\"pt-BR\",\"@id\":\"https:\/\/franciscanos.org.br\/noticias\/nota-da-repam-brasil-nao-as-mortes-e-a-degradacao-na-amazonia.html#primaryimage\",\"url\":\"https:\/\/franciscanos.org.br\/noticias\/wp-content\/uploads\/2022\/06\/repam.jpeg\",\"contentUrl\":\"https:\/\/franciscanos.org.br\/noticias\/wp-content\/uploads\/2022\/06\/repam.jpeg\",\"width\":750,\"height\":422},{\"@type\":\"WebPage\",\"@id\":\"https:\/\/franciscanos.org.br\/noticias\/nota-da-repam-brasil-nao-as-mortes-e-a-degradacao-na-amazonia.html#webpage\",\"url\":\"https:\/\/franciscanos.org.br\/noticias\/nota-da-repam-brasil-nao-as-mortes-e-a-degradacao-na-amazonia.html\",\"name\":\"Nota da REPAM-Brasil: N\u00e3o \u00e0s mortes e \u00e0 degrada\u00e7\u00e3o na Amaz\u00f4nia - Not\u00edcias - Franciscanos\",\"isPartOf\":{\"@id\":\"https:\/\/franciscanos.org.br\/noticias\/#website\"},\"primaryImageOfPage\":{\"@id\":\"https:\/\/franciscanos.org.br\/noticias\/nota-da-repam-brasil-nao-as-mortes-e-a-degradacao-na-amazonia.html#primaryimage\"},\"datePublished\":\"2022-06-17T09:59:36+00:00\",\"dateModified\":\"2022-06-17T10:01:29+00:00\",\"author\":{\"@id\":\"https:\/\/franciscanos.org.br\/noticias\/#\/schema\/person\/b5c8cba458c330ccff548b056e95a5d4\"},\"breadcrumb\":{\"@id\":\"https:\/\/franciscanos.org.br\/noticias\/nota-da-repam-brasil-nao-as-mortes-e-a-degradacao-na-amazonia.html#breadcrumb\"},\"inLanguage\":\"pt-BR\",\"potentialAction\":[{\"@type\":\"ReadAction\",\"target\":[\"https:\/\/franciscanos.org.br\/noticias\/nota-da-repam-brasil-nao-as-mortes-e-a-degradacao-na-amazonia.html\"]}]},{\"@type\":\"BreadcrumbList\",\"@id\":\"https:\/\/franciscanos.org.br\/noticias\/nota-da-repam-brasil-nao-as-mortes-e-a-degradacao-na-amazonia.html#breadcrumb\",\"itemListElement\":[{\"@type\":\"ListItem\",\"position\":1,\"name\":\"Home\",\"item\":\"https:\/\/franciscanos.org.br\/noticias\"},{\"@type\":\"ListItem\",\"position\":2,\"name\":\"Nota da REPAM-Brasil: N\u00e3o \u00e0s mortes e \u00e0 degrada\u00e7\u00e3o na Amaz\u00f4nia\"}]},{\"@type\":\"Person\",\"@id\":\"https:\/\/franciscanos.org.br\/noticias\/#\/schema\/person\/b5c8cba458c330ccff548b056e95a5d4\",\"name\":\"moacir\",\"image\":{\"@type\":\"ImageObject\",\"inLanguage\":\"pt-BR\",\"@id\":\"https:\/\/franciscanos.org.br\/noticias\/#\/schema\/person\/image\/\",\"url\":\"https:\/\/secure.gravatar.com\/avatar\/d08aa2ce4c8dd416d4479aa8536fcf64?s=96&d=mm&r=g\",\"contentUrl\":\"https:\/\/secure.gravatar.com\/avatar\/d08aa2ce4c8dd416d4479aa8536fcf64?s=96&d=mm&r=g\",\"caption\":\"moacir\"},\"url\":\"https:\/\/franciscanos.org.br\/noticias\/author\/moacir\"}]}<\/script>\n<!-- \/ Yoast SEO plugin. -->","yoast_head_json":{"title":"Nota da REPAM-Brasil: N\u00e3o \u00e0s mortes e \u00e0 degrada\u00e7\u00e3o na Amaz\u00f4nia - Not\u00edcias - Franciscanos","robots":{"index":"index","follow":"follow","max-snippet":"max-snippet:-1","max-image-preview":"max-image-preview:large","max-video-preview":"max-video-preview:-1"},"canonical":"https:\/\/franciscanos.org.br\/noticias\/nota-da-repam-brasil-nao-as-mortes-e-a-degradacao-na-amazonia.html","og_locale":"pt_BR","og_type":"article","og_title":"Nota da REPAM-Brasil: N\u00e3o \u00e0s mortes e \u00e0 degrada\u00e7\u00e3o na Amaz\u00f4nia - Not\u00edcias - Franciscanos","og_description":"Rede Eclesial Pan-Amaz\u00f4nica","og_url":"https:\/\/franciscanos.org.br\/noticias\/nota-da-repam-brasil-nao-as-mortes-e-a-degradacao-na-amazonia.html","og_site_name":"Not\u00edcias - Franciscanos","article_published_time":"2022-06-17T09:59:36+00:00","article_modified_time":"2022-06-17T10:01:29+00:00","og_image":[{"width":750,"height":422,"url":"https:\/\/franciscanos.org.br\/noticias\/wp-content\/uploads\/2022\/06\/repam.jpeg","type":"image\/jpeg"}],"author":"moacir","twitter_card":"summary_large_image","twitter_misc":{"Escrito por":"moacir","Est. tempo de leitura":"2 minutos"},"schema":{"@context":"https:\/\/schema.org","@graph":[{"@type":"WebSite","@id":"https:\/\/franciscanos.org.br\/noticias\/#website","url":"https:\/\/franciscanos.org.br\/noticias\/","name":"Not\u00edcias - Franciscanos","description":"Prov\u00edncia Franciscana da Imaculada Concei\u00e7\u00e3o do Brasil - Ordem dos Frades Menores - OFM","potentialAction":[{"@type":"SearchAction","target":{"@type":"EntryPoint","urlTemplate":"https:\/\/franciscanos.org.br\/noticias\/?s={search_term_string}"},"query-input":"required name=search_term_string"}],"inLanguage":"pt-BR"},{"@type":"ImageObject","inLanguage":"pt-BR","@id":"https:\/\/franciscanos.org.br\/noticias\/nota-da-repam-brasil-nao-as-mortes-e-a-degradacao-na-amazonia.html#primaryimage","url":"https:\/\/franciscanos.org.br\/noticias\/wp-content\/uploads\/2022\/06\/repam.jpeg","contentUrl":"https:\/\/franciscanos.org.br\/noticias\/wp-content\/uploads\/2022\/06\/repam.jpeg","width":750,"height":422},{"@type":"WebPage","@id":"https:\/\/franciscanos.org.br\/noticias\/nota-da-repam-brasil-nao-as-mortes-e-a-degradacao-na-amazonia.html#webpage","url":"https:\/\/franciscanos.org.br\/noticias\/nota-da-repam-brasil-nao-as-mortes-e-a-degradacao-na-amazonia.html","name":"Nota da REPAM-Brasil: N\u00e3o \u00e0s mortes e \u00e0 degrada\u00e7\u00e3o na Amaz\u00f4nia - Not\u00edcias - Franciscanos","isPartOf":{"@id":"https:\/\/franciscanos.org.br\/noticias\/#website"},"primaryImageOfPage":{"@id":"https:\/\/franciscanos.org.br\/noticias\/nota-da-repam-brasil-nao-as-mortes-e-a-degradacao-na-amazonia.html#primaryimage"},"datePublished":"2022-06-17T09:59:36+00:00","dateModified":"2022-06-17T10:01:29+00:00","author":{"@id":"https:\/\/franciscanos.org.br\/noticias\/#\/schema\/person\/b5c8cba458c330ccff548b056e95a5d4"},"breadcrumb":{"@id":"https:\/\/franciscanos.org.br\/noticias\/nota-da-repam-brasil-nao-as-mortes-e-a-degradacao-na-amazonia.html#breadcrumb"},"inLanguage":"pt-BR","potentialAction":[{"@type":"ReadAction","target":["https:\/\/franciscanos.org.br\/noticias\/nota-da-repam-brasil-nao-as-mortes-e-a-degradacao-na-amazonia.html"]}]},{"@type":"BreadcrumbList","@id":"https:\/\/franciscanos.org.br\/noticias\/nota-da-repam-brasil-nao-as-mortes-e-a-degradacao-na-amazonia.html#breadcrumb","itemListElement":[{"@type":"ListItem","position":1,"name":"Home","item":"https:\/\/franciscanos.org.br\/noticias"},{"@type":"ListItem","position":2,"name":"Nota da REPAM-Brasil: N\u00e3o \u00e0s mortes e \u00e0 degrada\u00e7\u00e3o na Amaz\u00f4nia"}]},{"@type":"Person","@id":"https:\/\/franciscanos.org.br\/noticias\/#\/schema\/person\/b5c8cba458c330ccff548b056e95a5d4","name":"moacir","image":{"@type":"ImageObject","inLanguage":"pt-BR","@id":"https:\/\/franciscanos.org.br\/noticias\/#\/schema\/person\/image\/","url":"https:\/\/secure.gravatar.com\/avatar\/d08aa2ce4c8dd416d4479aa8536fcf64?s=96&d=mm&r=g","contentUrl":"https:\/\/secure.gravatar.com\/avatar\/d08aa2ce4c8dd416d4479aa8536fcf64?s=96&d=mm&r=g","caption":"moacir"},"url":"https:\/\/franciscanos.org.br\/noticias\/author\/moacir"}]}},"_links":{"self":[{"href":"https:\/\/franciscanos.org.br\/noticias\/wp-json\/wp\/v2\/posts\/238543"}],"collection":[{"href":"https:\/\/franciscanos.org.br\/noticias\/wp-json\/wp\/v2\/posts"}],"about":[{"href":"https:\/\/franciscanos.org.br\/noticias\/wp-json\/wp\/v2\/types\/post"}],"author":[{"embeddable":true,"href":"https:\/\/franciscanos.org.br\/noticias\/wp-json\/wp\/v2\/users\/3"}],"replies":[{"embeddable":true,"href":"https:\/\/franciscanos.org.br\/noticias\/wp-json\/wp\/v2\/comments?post=238543"}],"version-history":[{"count":4,"href":"https:\/\/franciscanos.org.br\/noticias\/wp-json\/wp\/v2\/posts\/238543\/revisions"}],"predecessor-version":[{"id":238548,"href":"https:\/\/franciscanos.org.br\/noticias\/wp-json\/wp\/v2\/posts\/238543\/revisions\/238548"}],"wp:featuredmedia":[{"embeddable":true,"href":"https:\/\/franciscanos.org.br\/noticias\/wp-json\/wp\/v2\/media\/238544"}],"wp:attachment":[{"href":"https:\/\/franciscanos.org.br\/noticias\/wp-json\/wp\/v2\/media?parent=238543"}],"wp:term":[{"taxonomy":"category","embeddable":true,"href":"https:\/\/franciscanos.org.br\/noticias\/wp-json\/wp\/v2\/categories?post=238543"},{"taxonomy":"post_tag","embeddable":true,"href":"https:\/\/franciscanos.org.br\/noticias\/wp-json\/wp\/v2\/tags?post=238543"}],"curies":[{"name":"wp","href":"https:\/\/api.w.org\/{rel}","templated":true}]}}