{"id":238535,"date":"2022-06-14T16:20:12","date_gmt":"2022-06-14T19:20:12","guid":{"rendered":"https:\/\/franciscanos.org.br\/noticias\/?p=238535"},"modified":"2022-06-16T07:26:38","modified_gmt":"2022-06-16T10:26:38","slug":"concordia-celebra-santo-antonio-com-muita-gratidao","status":"publish","type":"post","link":"https:\/\/franciscanos.org.br\/noticias\/concordia-celebra-santo-antonio-com-muita-gratidao.html","title":{"rendered":"Conc\u00f3rdia celebra Santo Ant\u00f4nio com muita gratid\u00e3o"},"content":{"rendered":"<p><img loading=\"lazy\" class=\"alignnone wp-image-238536 size-full\" src=\"https:\/\/franciscanos.org.br\/noticias\/wp-content\/uploads\/2022\/06\/concordia_1606.jpg\" alt=\"\" width=\"1280\" height=\"720\" srcset=\"https:\/\/franciscanos.org.br\/noticias\/wp-content\/uploads\/2022\/06\/concordia_1606.jpg 1280w, https:\/\/franciscanos.org.br\/noticias\/wp-content\/uploads\/2022\/06\/concordia_1606-450x253.jpg 450w, https:\/\/franciscanos.org.br\/noticias\/wp-content\/uploads\/2022\/06\/concordia_1606-1024x576.jpg 1024w, https:\/\/franciscanos.org.br\/noticias\/wp-content\/uploads\/2022\/06\/concordia_1606-768x432.jpg 768w, https:\/\/franciscanos.org.br\/noticias\/wp-content\/uploads\/2022\/06\/concordia_1606-150x84.jpg 150w\" sizes=\"(max-width: 1280px) 100vw, 1280px\" \/><\/p>\n<p>&nbsp;<\/p>\n<p style=\"padding-left: 40px;\"><em>\u201cEla nasceu pequenina e cresceu <\/em><\/p>\n<p style=\"padding-left: 40px;\"><em>Cheia de belezas mil <\/em><\/p>\n<p style=\"padding-left: 40px;\"><em>Grande ser\u00e1, pois seu nome j\u00e1 est\u00e1 <\/em><\/p>\n<p style=\"padding-left: 40px;\"><em>Na geografia do Brasil <\/em><\/p>\n<p style=\"padding-left: 40px;\"><em>Deus a proteja <\/em><\/p>\n<p style=\"padding-left: 40px;\"><em>Sempre que esteja em perigo <\/em><\/p>\n<p style=\"padding-left: 40px;\"><em>A fartura de p\u00e3o<\/em><\/p>\n<p style=\"padding-left: 40px;\"><em>Mesmo a crian\u00e7a que brinca no ch\u00e3o <\/em><\/p>\n<p style=\"padding-left: 40px;\"><em>Sabe de cor a can\u00e7\u00e3o <\/em><\/p>\n<p style=\"padding-left: 40px;\"><em>S\u00f3 em Conc\u00f3rdia se canta e se diz <\/em><\/p>\n<p style=\"padding-left: 40px;\"><em>Nossa gente \u00e9 contente \u00e9 feliz\u201d<\/em><\/p>\n<p>Assim diz um trecho da j\u00e1 tradicional e querida <em>Valsa Conc\u00f3rdia<a href=\"#_ftn1\" name=\"_ftnref1\"><strong>[1]<\/strong><\/a><\/em>, praticamente um hino popular da cidade. Santo Ant\u00f4nio \u00e9 celebrado com honras de padroeiro, inclusive, antes da missa da festa, \u00e9 costume o prefeito e primeira-dama entrarem com a bandeira da cidade ao som da m\u00fasica. Em seguida, iniciando a missa, os padroeiros das comunidades v\u00eam em prociss\u00e3o.<\/p>\n<p>Mas a festa de Santo Ant\u00f4nio come\u00e7a bem antes. Muitos meses antes de 13 de junho os preparativos j\u00e1 come\u00e7am. Equipes de volunt\u00e1rios come\u00e7am a se mobilizar. Escalas, log\u00edstica, compras&#8230; tudo em quantidades surpreendentes. Principalmente a satisfa\u00e7\u00e3o de nesse ano podermos voltar com for\u00e7a total, ap\u00f3s dois anos restritos pela pandemia de Covid19.<\/p>\n<p><img loading=\"lazy\" class=\"alignnone wp-image-238537 size-full\" src=\"https:\/\/franciscanos.org.br\/noticias\/wp-content\/uploads\/2022\/06\/concordia_160622.jpg\" alt=\"\" width=\"1280\" height=\"757\" srcset=\"https:\/\/franciscanos.org.br\/noticias\/wp-content\/uploads\/2022\/06\/concordia_160622.jpg 1280w, https:\/\/franciscanos.org.br\/noticias\/wp-content\/uploads\/2022\/06\/concordia_160622-450x266.jpg 450w, https:\/\/franciscanos.org.br\/noticias\/wp-content\/uploads\/2022\/06\/concordia_160622-1024x606.jpg 1024w, https:\/\/franciscanos.org.br\/noticias\/wp-content\/uploads\/2022\/06\/concordia_160622-768x454.jpg 768w, https:\/\/franciscanos.org.br\/noticias\/wp-content\/uploads\/2022\/06\/concordia_160622-150x89.jpg 150w\" sizes=\"(max-width: 1280px) 100vw, 1280px\" \/><\/p>\n<p>A Trezena come\u00e7ou dia 31, e convidou a refletir sobre o Mist\u00e9rio da Encarna\u00e7\u00e3o, da voca\u00e7\u00e3o crist\u00e3, mission\u00e1ria, pedindo ben\u00e7\u00e3o para as crian\u00e7as, para os av\u00f3s, para as pastorais&#8230; e, claro, encerrando com o compromisso que vem da f\u00e9 e a celebra\u00e7\u00e3o do amor trinit\u00e1rio de Deus, com a tradicional e esperada b\u00ean\u00e7\u00e3o para os casais e namorados.<\/p>\n<p>Teve bolo de Santo Ant\u00f4nio? Claro que teve! Como n\u00e3o teria&#8230; mas teve muito mais! S\u00f3 em bolachas, foram cerca de 5 mil quilos! Fora os mais de 3 mil rocamboles, as cucas, p\u00e3es e o tradicional mondongo! Tudo temperado com muita dedica\u00e7\u00e3o, doa\u00e7\u00e3o e alegria das dezenas de volunt\u00e1rios, sen\u00e3o centenas&#8230;<\/p>\n<p>No final de cada dia, al\u00e9m do cansa\u00e7o, a satisfa\u00e7\u00e3o estampava o rosto de cada um. A vida est\u00e1 voltando&#8230; n\u00e3o ao normal&#8230; mas sim ao extraordin\u00e1rio que \u00e9 cada dia!<\/p>\n<p style=\"padding-left: 40px;\">De fato, at\u00e9 a crian\u00e7a sabe a can\u00e7\u00e3o:<\/p>\n<p style=\"padding-left: 40px;\"><em>\u201cS\u00f3 em Conc\u00f3rdia se canta e se diz <\/em><\/p>\n<p style=\"padding-left: 40px;\"><em>Nossa gente \u00e9 contente \u00e9 feliz<\/em><\/p>\n<p style=\"padding-left: 40px;\"><em>L\u00e1 l\u00e1 l\u00e1 <\/em><\/p>\n<p style=\"padding-left: 40px;\"><em>l\u00e1 l\u00e1 r\u00e1<\/em><\/p>\n<p style=\"padding-left: 40px;\"><em>Gente t\u00e3o boa jamais nascer\u00e1<\/em><\/p>\n<p style=\"padding-left: 40px;\"><em>O filhinho, a mam\u00e3e e o papai<\/em><\/p>\n<p style=\"padding-left: 40px;\"><em>Quanta felicidade\u201d<\/em><\/p>\n<p><a href=\"#_ftnref1\" name=\"_ftn1\">[1]<\/a> M\u00fasica de: IRM\u00c3OS CASAGRANDE (Adelmo Casagrande e Wilson Cancian) de 2008. Cf.: <a href=\"https:\/\/youtu.be\/YNRWn6Vk_AI\">https:\/\/youtu.be\/YNRWn6Vk_AI<\/a>.<\/p>\n<hr \/>\n<p>[1] M\u00fasica de: IRM\u00c3OS CASAGRANDE (Adelmo Casagrande e Wilson Cancian) de 2008. Cf.: <a href=\"https:\/\/youtu.be\/YNRWn6Vk_AI\">https:\/\/youtu.be\/YNRWn6Vk_AI<\/a>.<\/p>\n<hr \/>\n<p><em>Frei Clauzemir Makximovitz<\/em><\/p>\n","protected":false},"excerpt":{"rendered":"<p>Par\u00f3quia Nossa Senhora do Ros\u00e1rio<\/p>\n","protected":false},"author":3,"featured_media":238536,"comment_status":"open","ping_status":"open","sticky":false,"template":"","format":"standard","meta":[],"categories":[1],"tags":[585],"acf":[],"yoast_head":"<!-- This site is optimized with the Yoast SEO plugin v19.2 - https:\/\/yoast.com\/wordpress\/plugins\/seo\/ -->\n<title>Conc\u00f3rdia celebra Santo Ant\u00f4nio com muita gratid\u00e3o - Not\u00edcias - Franciscanos<\/title>\n<meta name=\"robots\" content=\"index, follow, max-snippet:-1, max-image-preview:large, max-video-preview:-1\" \/>\n<link rel=\"canonical\" href=\"https:\/\/franciscanos.org.br\/noticias\/concordia-celebra-santo-antonio-com-muita-gratidao.html\" \/>\n<meta property=\"og:locale\" content=\"pt_BR\" \/>\n<meta property=\"og:type\" content=\"article\" \/>\n<meta property=\"og:title\" content=\"Conc\u00f3rdia celebra Santo Ant\u00f4nio com muita gratid\u00e3o - Not\u00edcias - Franciscanos\" \/>\n<meta property=\"og:description\" content=\"Par\u00f3quia Nossa Senhora do Ros\u00e1rio\" \/>\n<meta property=\"og:url\" content=\"https:\/\/franciscanos.org.br\/noticias\/concordia-celebra-santo-antonio-com-muita-gratidao.html\" \/>\n<meta property=\"og:site_name\" content=\"Not\u00edcias - Franciscanos\" \/>\n<meta property=\"article:published_time\" content=\"2022-06-14T19:20:12+00:00\" \/>\n<meta property=\"article:modified_time\" content=\"2022-06-16T10:26:38+00:00\" \/>\n<meta property=\"og:image\" content=\"https:\/\/franciscanos.org.br\/noticias\/wp-content\/uploads\/2022\/06\/concordia_1606.jpg\" \/>\n\t<meta property=\"og:image:width\" content=\"1280\" \/>\n\t<meta property=\"og:image:height\" content=\"720\" \/>\n\t<meta property=\"og:image:type\" content=\"image\/jpeg\" \/>\n<meta name=\"author\" content=\"moacir\" \/>\n<meta name=\"twitter:card\" content=\"summary_large_image\" \/>\n<meta name=\"twitter:label1\" content=\"Escrito por\" \/>\n\t<meta name=\"twitter:data1\" content=\"moacir\" \/>\n\t<meta name=\"twitter:label2\" content=\"Est. tempo de leitura\" \/>\n\t<meta name=\"twitter:data2\" content=\"3 minutos\" \/>\n<script type=\"application\/ld+json\" class=\"yoast-schema-graph\">{\"@context\":\"https:\/\/schema.org\",\"@graph\":[{\"@type\":\"WebSite\",\"@id\":\"https:\/\/franciscanos.org.br\/noticias\/#website\",\"url\":\"https:\/\/franciscanos.org.br\/noticias\/\",\"name\":\"Not\u00edcias - Franciscanos\",\"description\":\"Prov\u00edncia Franciscana da Imaculada Concei\u00e7\u00e3o do Brasil - Ordem dos Frades Menores - OFM\",\"potentialAction\":[{\"@type\":\"SearchAction\",\"target\":{\"@type\":\"EntryPoint\",\"urlTemplate\":\"https:\/\/franciscanos.org.br\/noticias\/?s={search_term_string}\"},\"query-input\":\"required name=search_term_string\"}],\"inLanguage\":\"pt-BR\"},{\"@type\":\"ImageObject\",\"inLanguage\":\"pt-BR\",\"@id\":\"https:\/\/franciscanos.org.br\/noticias\/concordia-celebra-santo-antonio-com-muita-gratidao.html#primaryimage\",\"url\":\"https:\/\/franciscanos.org.br\/noticias\/wp-content\/uploads\/2022\/06\/concordia_1606.jpg\",\"contentUrl\":\"https:\/\/franciscanos.org.br\/noticias\/wp-content\/uploads\/2022\/06\/concordia_1606.jpg\",\"width\":1280,\"height\":720},{\"@type\":\"WebPage\",\"@id\":\"https:\/\/franciscanos.org.br\/noticias\/concordia-celebra-santo-antonio-com-muita-gratidao.html#webpage\",\"url\":\"https:\/\/franciscanos.org.br\/noticias\/concordia-celebra-santo-antonio-com-muita-gratidao.html\",\"name\":\"Conc\u00f3rdia celebra Santo Ant\u00f4nio com muita gratid\u00e3o - Not\u00edcias - Franciscanos\",\"isPartOf\":{\"@id\":\"https:\/\/franciscanos.org.br\/noticias\/#website\"},\"primaryImageOfPage\":{\"@id\":\"https:\/\/franciscanos.org.br\/noticias\/concordia-celebra-santo-antonio-com-muita-gratidao.html#primaryimage\"},\"datePublished\":\"2022-06-14T19:20:12+00:00\",\"dateModified\":\"2022-06-16T10:26:38+00:00\",\"author\":{\"@id\":\"https:\/\/franciscanos.org.br\/noticias\/#\/schema\/person\/b5c8cba458c330ccff548b056e95a5d4\"},\"breadcrumb\":{\"@id\":\"https:\/\/franciscanos.org.br\/noticias\/concordia-celebra-santo-antonio-com-muita-gratidao.html#breadcrumb\"},\"inLanguage\":\"pt-BR\",\"potentialAction\":[{\"@type\":\"ReadAction\",\"target\":[\"https:\/\/franciscanos.org.br\/noticias\/concordia-celebra-santo-antonio-com-muita-gratidao.html\"]}]},{\"@type\":\"BreadcrumbList\",\"@id\":\"https:\/\/franciscanos.org.br\/noticias\/concordia-celebra-santo-antonio-com-muita-gratidao.html#breadcrumb\",\"itemListElement\":[{\"@type\":\"ListItem\",\"position\":1,\"name\":\"Home\",\"item\":\"https:\/\/franciscanos.org.br\/noticias\"},{\"@type\":\"ListItem\",\"position\":2,\"name\":\"Conc\u00f3rdia celebra Santo Ant\u00f4nio com muita gratid\u00e3o\"}]},{\"@type\":\"Person\",\"@id\":\"https:\/\/franciscanos.org.br\/noticias\/#\/schema\/person\/b5c8cba458c330ccff548b056e95a5d4\",\"name\":\"moacir\",\"image\":{\"@type\":\"ImageObject\",\"inLanguage\":\"pt-BR\",\"@id\":\"https:\/\/franciscanos.org.br\/noticias\/#\/schema\/person\/image\/\",\"url\":\"https:\/\/secure.gravatar.com\/avatar\/d08aa2ce4c8dd416d4479aa8536fcf64?s=96&d=mm&r=g\",\"contentUrl\":\"https:\/\/secure.gravatar.com\/avatar\/d08aa2ce4c8dd416d4479aa8536fcf64?s=96&d=mm&r=g\",\"caption\":\"moacir\"},\"url\":\"https:\/\/franciscanos.org.br\/noticias\/author\/moacir\"}]}<\/script>\n<!-- \/ Yoast SEO plugin. -->","yoast_head_json":{"title":"Conc\u00f3rdia celebra Santo Ant\u00f4nio com muita gratid\u00e3o - Not\u00edcias - Franciscanos","robots":{"index":"index","follow":"follow","max-snippet":"max-snippet:-1","max-image-preview":"max-image-preview:large","max-video-preview":"max-video-preview:-1"},"canonical":"https:\/\/franciscanos.org.br\/noticias\/concordia-celebra-santo-antonio-com-muita-gratidao.html","og_locale":"pt_BR","og_type":"article","og_title":"Conc\u00f3rdia celebra Santo Ant\u00f4nio com muita gratid\u00e3o - Not\u00edcias - Franciscanos","og_description":"Par\u00f3quia Nossa Senhora do Ros\u00e1rio","og_url":"https:\/\/franciscanos.org.br\/noticias\/concordia-celebra-santo-antonio-com-muita-gratidao.html","og_site_name":"Not\u00edcias - Franciscanos","article_published_time":"2022-06-14T19:20:12+00:00","article_modified_time":"2022-06-16T10:26:38+00:00","og_image":[{"width":1280,"height":720,"url":"https:\/\/franciscanos.org.br\/noticias\/wp-content\/uploads\/2022\/06\/concordia_1606.jpg","type":"image\/jpeg"}],"author":"moacir","twitter_card":"summary_large_image","twitter_misc":{"Escrito por":"moacir","Est. tempo de leitura":"3 minutos"},"schema":{"@context":"https:\/\/schema.org","@graph":[{"@type":"WebSite","@id":"https:\/\/franciscanos.org.br\/noticias\/#website","url":"https:\/\/franciscanos.org.br\/noticias\/","name":"Not\u00edcias - Franciscanos","description":"Prov\u00edncia Franciscana da Imaculada Concei\u00e7\u00e3o do Brasil - Ordem dos Frades Menores - OFM","potentialAction":[{"@type":"SearchAction","target":{"@type":"EntryPoint","urlTemplate":"https:\/\/franciscanos.org.br\/noticias\/?s={search_term_string}"},"query-input":"required name=search_term_string"}],"inLanguage":"pt-BR"},{"@type":"ImageObject","inLanguage":"pt-BR","@id":"https:\/\/franciscanos.org.br\/noticias\/concordia-celebra-santo-antonio-com-muita-gratidao.html#primaryimage","url":"https:\/\/franciscanos.org.br\/noticias\/wp-content\/uploads\/2022\/06\/concordia_1606.jpg","contentUrl":"https:\/\/franciscanos.org.br\/noticias\/wp-content\/uploads\/2022\/06\/concordia_1606.jpg","width":1280,"height":720},{"@type":"WebPage","@id":"https:\/\/franciscanos.org.br\/noticias\/concordia-celebra-santo-antonio-com-muita-gratidao.html#webpage","url":"https:\/\/franciscanos.org.br\/noticias\/concordia-celebra-santo-antonio-com-muita-gratidao.html","name":"Conc\u00f3rdia celebra Santo Ant\u00f4nio com muita gratid\u00e3o - Not\u00edcias - Franciscanos","isPartOf":{"@id":"https:\/\/franciscanos.org.br\/noticias\/#website"},"primaryImageOfPage":{"@id":"https:\/\/franciscanos.org.br\/noticias\/concordia-celebra-santo-antonio-com-muita-gratidao.html#primaryimage"},"datePublished":"2022-06-14T19:20:12+00:00","dateModified":"2022-06-16T10:26:38+00:00","author":{"@id":"https:\/\/franciscanos.org.br\/noticias\/#\/schema\/person\/b5c8cba458c330ccff548b056e95a5d4"},"breadcrumb":{"@id":"https:\/\/franciscanos.org.br\/noticias\/concordia-celebra-santo-antonio-com-muita-gratidao.html#breadcrumb"},"inLanguage":"pt-BR","potentialAction":[{"@type":"ReadAction","target":["https:\/\/franciscanos.org.br\/noticias\/concordia-celebra-santo-antonio-com-muita-gratidao.html"]}]},{"@type":"BreadcrumbList","@id":"https:\/\/franciscanos.org.br\/noticias\/concordia-celebra-santo-antonio-com-muita-gratidao.html#breadcrumb","itemListElement":[{"@type":"ListItem","position":1,"name":"Home","item":"https:\/\/franciscanos.org.br\/noticias"},{"@type":"ListItem","position":2,"name":"Conc\u00f3rdia celebra Santo Ant\u00f4nio com muita gratid\u00e3o"}]},{"@type":"Person","@id":"https:\/\/franciscanos.org.br\/noticias\/#\/schema\/person\/b5c8cba458c330ccff548b056e95a5d4","name":"moacir","image":{"@type":"ImageObject","inLanguage":"pt-BR","@id":"https:\/\/franciscanos.org.br\/noticias\/#\/schema\/person\/image\/","url":"https:\/\/secure.gravatar.com\/avatar\/d08aa2ce4c8dd416d4479aa8536fcf64?s=96&d=mm&r=g","contentUrl":"https:\/\/secure.gravatar.com\/avatar\/d08aa2ce4c8dd416d4479aa8536fcf64?s=96&d=mm&r=g","caption":"moacir"},"url":"https:\/\/franciscanos.org.br\/noticias\/author\/moacir"}]}},"_links":{"self":[{"href":"https:\/\/franciscanos.org.br\/noticias\/wp-json\/wp\/v2\/posts\/238535"}],"collection":[{"href":"https:\/\/franciscanos.org.br\/noticias\/wp-json\/wp\/v2\/posts"}],"about":[{"href":"https:\/\/franciscanos.org.br\/noticias\/wp-json\/wp\/v2\/types\/post"}],"author":[{"embeddable":true,"href":"https:\/\/franciscanos.org.br\/noticias\/wp-json\/wp\/v2\/users\/3"}],"replies":[{"embeddable":true,"href":"https:\/\/franciscanos.org.br\/noticias\/wp-json\/wp\/v2\/comments?post=238535"}],"version-history":[{"count":3,"href":"https:\/\/franciscanos.org.br\/noticias\/wp-json\/wp\/v2\/posts\/238535\/revisions"}],"predecessor-version":[{"id":238540,"href":"https:\/\/franciscanos.org.br\/noticias\/wp-json\/wp\/v2\/posts\/238535\/revisions\/238540"}],"wp:featuredmedia":[{"embeddable":true,"href":"https:\/\/franciscanos.org.br\/noticias\/wp-json\/wp\/v2\/media\/238536"}],"wp:attachment":[{"href":"https:\/\/franciscanos.org.br\/noticias\/wp-json\/wp\/v2\/media?parent=238535"}],"wp:term":[{"taxonomy":"category","embeddable":true,"href":"https:\/\/franciscanos.org.br\/noticias\/wp-json\/wp\/v2\/categories?post=238535"},{"taxonomy":"post_tag","embeddable":true,"href":"https:\/\/franciscanos.org.br\/noticias\/wp-json\/wp\/v2\/tags?post=238535"}],"curies":[{"name":"wp","href":"https:\/\/api.w.org\/{rel}","templated":true}]}}