{"id":238529,"date":"2022-06-17T00:41:53","date_gmt":"2022-06-17T03:41:53","guid":{"rendered":"https:\/\/franciscanos.org.br\/noticias\/?p=238529"},"modified":"2022-06-17T06:50:05","modified_gmt":"2022-06-17T09:50:05","slug":"ordem-franciscana-secular-de-petropolis-celebra-125-anos","status":"publish","type":"post","link":"https:\/\/franciscanos.org.br\/noticias\/ordem-franciscana-secular-de-petropolis-celebra-125-anos.html","title":{"rendered":"Ordem Franciscana Secular de Petr\u00f3polis celebra 125 anos"},"content":{"rendered":"<p><img loading=\"lazy\" class=\"alignnone wp-image-238530 size-full\" src=\"https:\/\/franciscanos.org.br\/noticias\/wp-content\/uploads\/2022\/06\/ofs_150622.jpg\" alt=\"\" width=\"1280\" height=\"720\" srcset=\"https:\/\/franciscanos.org.br\/noticias\/wp-content\/uploads\/2022\/06\/ofs_150622.jpg 1280w, https:\/\/franciscanos.org.br\/noticias\/wp-content\/uploads\/2022\/06\/ofs_150622-450x253.jpg 450w, https:\/\/franciscanos.org.br\/noticias\/wp-content\/uploads\/2022\/06\/ofs_150622-1024x576.jpg 1024w, https:\/\/franciscanos.org.br\/noticias\/wp-content\/uploads\/2022\/06\/ofs_150622-768x432.jpg 768w, https:\/\/franciscanos.org.br\/noticias\/wp-content\/uploads\/2022\/06\/ofs_150622-150x84.jpg 150w\" sizes=\"(max-width: 1280px) 100vw, 1280px\" \/><\/p>\n<p><strong>Petr\u00f3polis (RJ) &#8211;<\/strong> A Fraternidade Sagrado Cora\u00e7\u00e3o de Jesus da Ordem Franciscana Secular de Petr\u00f3polis (RJ) celebra 125 anos de cria\u00e7\u00e3o no pr\u00f3ximo dia 19 de junho. Uma Celebra\u00e7\u00e3o Eucar\u00edstica, \u00e0s 8h30, na Igreja do Sagrado marcar\u00e1 o evento comemorativo e centen\u00e1rio.<\/p>\n<p>A Ordem Franciscana Secular (OFS) foi fundada no dia 30 de maio de 1897, um ano ap\u00f3s da chegada dos franciscanos em Petr\u00f3polis, oriundos da Prov\u00edncia Franciscana da Sax\u00f4nia, na Alemanha. O fundador do convento, Frei Cir\u00edaco Hielscher, OFM, foi tamb\u00e9m o fundador da Fraternidade Ordem Terceira, hoje Ordem Franciscana Secular. A Fraternidade tem sua sede pr\u00f3pria ao lado da Igreja, na rua Frei Luiz.<\/p>\n<p><img loading=\"lazy\" class=\"size-medium wp-image-238531 alignright\" src=\"https:\/\/franciscanos.org.br\/noticias\/wp-content\/uploads\/2022\/06\/ofs_150622_1-370x450.jpg\" alt=\"\" width=\"370\" height=\"450\" srcset=\"https:\/\/franciscanos.org.br\/noticias\/wp-content\/uploads\/2022\/06\/ofs_150622_1-370x450.jpg 370w, https:\/\/franciscanos.org.br\/noticias\/wp-content\/uploads\/2022\/06\/ofs_150622_1-150x182.jpg 150w, https:\/\/franciscanos.org.br\/noticias\/wp-content\/uploads\/2022\/06\/ofs_150622_1.jpg 450w\" sizes=\"(max-width: 370px) 100vw, 370px\" \/>Segundo Luiz Alberto Vianna, Ministro da Fraternidade, a rela\u00e7\u00e3o com a Par\u00f3quia foi sempre cordial, fraterna e respeitosa. \u201cO interc\u00e2mbio fraterno franciscano foi sempre de acordo com as Regras e as Constitui\u00e7\u00f5es das duas entidades, nos mais variados momentos, todos repletos de um prop\u00f3sito firme e bem vivido de coopera\u00e7\u00e3o m\u00fatua. Esta casa Franciscana Secular foi sempre apoiada pelos frades do convento, guardi\u00e3es e pelos p\u00e1rocos que se sucederam ao longo de v\u00e1rias d\u00e9cadas. Sempre esteve e est\u00e1 aberta a todos os movimentos, pastorais, encontros diversos, reuni\u00f5es com v\u00e1rias finalidades\u201d, explicou.<\/p>\n<p>Para Luiz, a import\u00e2ncia de celebrar 125 anos desde a cria\u00e7\u00e3o da OFS, \u00e9 dar prosseguimento \u00e0 implanta\u00e7\u00e3o da espiritualidade franciscana entre os seculares. \u201cTal como no in\u00edcio da funda\u00e7\u00e3o da Ordem inculcando o esp\u00edrito da penit\u00eancia como meio de evangeliza\u00e7\u00e3o\u201d, ressaltou.<\/p>\n<p>O hist\u00f3rico da Fraternidade \u00e9 caracterizado pelo acolhimento de todos. \u201cOs novos tempos trouxeram mudan\u00e7as sens\u00edveis \u00e0 vida da Fraternidade. O n\u00famero de voca\u00e7\u00f5es tem diminu\u00eddo ano a ano. Muitos irm\u00e3os e irm\u00e3s envelheceram e outros voltaram ao Pai. Nossas atividades sociais e pastorais est\u00e3o reduzidas a poucos e heroicos esfor\u00e7os. Cada irm\u00e3o na sua comunidade exerce, na justa medida o seu apostolado com a v\u00eania dos respectivos p\u00e1rocos\u201d, frisou o ministro.<\/p>\n<p>Atualmente, a OFS do Sagrado Cora\u00e7\u00e3o de Jesus exerce suas atividades no \u00e2mbito social. \u201cNossas atividades se resumem hoje, na contribui\u00e7\u00e3o dada a assist\u00eancia a crian\u00e7as e rec\u00e9m-nascidos carentes por meio da confec\u00e7\u00e3o de enxovais, manufaturados por nossas irm\u00e3s volunt\u00e1rias contribuindo, tamb\u00e9m de certo modo, para a Pastoral da Crian\u00e7a da Par\u00f3quia do Sagrado\u201d, observou. \u201cNo \u00e2mbito pastoral, cada irm\u00e3o e irm\u00e3, no meio da sua comunidade Paroquial deve desenvolver este esp\u00edrito secular de franciscanismo. Como j\u00e1 foi definido por v\u00e1rios Papas, a Ordem deve ser sempre uma escola de perfei\u00e7\u00e3o crist\u00e3 no mundo, em todo e qualquer ambiente\u201d, acrescentou.<\/p>\n<p>Se voc\u00ea deseja ingressar na Ordem, primeiramente procure por uma fraternidade mais pr\u00f3xima e busque conversar com um irm\u00e3o (a) secular, ou com seu respectivo respons\u00e1vel. O tempo de forma\u00e7\u00e3o \u00e9 de tr\u00eas anos e culmina com a profiss\u00e3o definitiva e solene, como determinam as leis can\u00f4nicas e a Regra da Ordem. Se voc\u00ea \u00e9 de Petr\u00f3polis ou regi\u00e3o, poder\u00e1 entrar em contato tamb\u00e9m pelo e-mail: <a href=\"mailto:ofssagradopetropolis@gmail.com\">ofssagradopetropolis@gmail.com<\/a>.<\/p>\n<hr \/>\n<p><strong><em>Frei Augusto Luiz Gabriel<\/em><\/strong><\/p>\n","protected":false},"excerpt":{"rendered":"<p>OFS<\/p>\n","protected":false},"author":3,"featured_media":238530,"comment_status":"open","ping_status":"open","sticky":false,"template":"","format":"standard","meta":[],"categories":[1],"tags":[60],"acf":[],"yoast_head":"<!-- This site is optimized with the Yoast SEO plugin v19.2 - https:\/\/yoast.com\/wordpress\/plugins\/seo\/ -->\n<title>Ordem Franciscana Secular de Petr\u00f3polis celebra 125 anos - Not\u00edcias - Franciscanos<\/title>\n<meta name=\"robots\" content=\"index, follow, max-snippet:-1, max-image-preview:large, max-video-preview:-1\" \/>\n<link rel=\"canonical\" href=\"https:\/\/franciscanos.org.br\/noticias\/ordem-franciscana-secular-de-petropolis-celebra-125-anos.html\" \/>\n<meta property=\"og:locale\" content=\"pt_BR\" \/>\n<meta property=\"og:type\" content=\"article\" \/>\n<meta property=\"og:title\" content=\"Ordem Franciscana Secular de Petr\u00f3polis celebra 125 anos - Not\u00edcias - Franciscanos\" \/>\n<meta property=\"og:description\" content=\"OFS\" \/>\n<meta property=\"og:url\" content=\"https:\/\/franciscanos.org.br\/noticias\/ordem-franciscana-secular-de-petropolis-celebra-125-anos.html\" \/>\n<meta property=\"og:site_name\" content=\"Not\u00edcias - Franciscanos\" \/>\n<meta property=\"article:published_time\" content=\"2022-06-17T03:41:53+00:00\" \/>\n<meta property=\"article:modified_time\" content=\"2022-06-17T09:50:05+00:00\" \/>\n<meta property=\"og:image\" content=\"https:\/\/franciscanos.org.br\/noticias\/wp-content\/uploads\/2022\/06\/ofs_150622.jpg\" \/>\n\t<meta property=\"og:image:width\" content=\"1280\" \/>\n\t<meta property=\"og:image:height\" content=\"720\" \/>\n\t<meta property=\"og:image:type\" content=\"image\/jpeg\" \/>\n<meta name=\"author\" content=\"moacir\" \/>\n<meta name=\"twitter:card\" content=\"summary_large_image\" \/>\n<meta name=\"twitter:label1\" content=\"Escrito por\" \/>\n\t<meta name=\"twitter:data1\" content=\"moacir\" \/>\n\t<meta name=\"twitter:label2\" content=\"Est. tempo de leitura\" \/>\n\t<meta name=\"twitter:data2\" content=\"3 minutos\" \/>\n<script type=\"application\/ld+json\" class=\"yoast-schema-graph\">{\"@context\":\"https:\/\/schema.org\",\"@graph\":[{\"@type\":\"WebSite\",\"@id\":\"https:\/\/franciscanos.org.br\/noticias\/#website\",\"url\":\"https:\/\/franciscanos.org.br\/noticias\/\",\"name\":\"Not\u00edcias - Franciscanos\",\"description\":\"Prov\u00edncia Franciscana da Imaculada Concei\u00e7\u00e3o do Brasil - Ordem dos Frades Menores - OFM\",\"potentialAction\":[{\"@type\":\"SearchAction\",\"target\":{\"@type\":\"EntryPoint\",\"urlTemplate\":\"https:\/\/franciscanos.org.br\/noticias\/?s={search_term_string}\"},\"query-input\":\"required name=search_term_string\"}],\"inLanguage\":\"pt-BR\"},{\"@type\":\"ImageObject\",\"inLanguage\":\"pt-BR\",\"@id\":\"https:\/\/franciscanos.org.br\/noticias\/ordem-franciscana-secular-de-petropolis-celebra-125-anos.html#primaryimage\",\"url\":\"https:\/\/franciscanos.org.br\/noticias\/wp-content\/uploads\/2022\/06\/ofs_150622.jpg\",\"contentUrl\":\"https:\/\/franciscanos.org.br\/noticias\/wp-content\/uploads\/2022\/06\/ofs_150622.jpg\",\"width\":1280,\"height\":720},{\"@type\":\"WebPage\",\"@id\":\"https:\/\/franciscanos.org.br\/noticias\/ordem-franciscana-secular-de-petropolis-celebra-125-anos.html#webpage\",\"url\":\"https:\/\/franciscanos.org.br\/noticias\/ordem-franciscana-secular-de-petropolis-celebra-125-anos.html\",\"name\":\"Ordem Franciscana Secular de Petr\u00f3polis celebra 125 anos - Not\u00edcias - Franciscanos\",\"isPartOf\":{\"@id\":\"https:\/\/franciscanos.org.br\/noticias\/#website\"},\"primaryImageOfPage\":{\"@id\":\"https:\/\/franciscanos.org.br\/noticias\/ordem-franciscana-secular-de-petropolis-celebra-125-anos.html#primaryimage\"},\"datePublished\":\"2022-06-17T03:41:53+00:00\",\"dateModified\":\"2022-06-17T09:50:05+00:00\",\"author\":{\"@id\":\"https:\/\/franciscanos.org.br\/noticias\/#\/schema\/person\/b5c8cba458c330ccff548b056e95a5d4\"},\"breadcrumb\":{\"@id\":\"https:\/\/franciscanos.org.br\/noticias\/ordem-franciscana-secular-de-petropolis-celebra-125-anos.html#breadcrumb\"},\"inLanguage\":\"pt-BR\",\"potentialAction\":[{\"@type\":\"ReadAction\",\"target\":[\"https:\/\/franciscanos.org.br\/noticias\/ordem-franciscana-secular-de-petropolis-celebra-125-anos.html\"]}]},{\"@type\":\"BreadcrumbList\",\"@id\":\"https:\/\/franciscanos.org.br\/noticias\/ordem-franciscana-secular-de-petropolis-celebra-125-anos.html#breadcrumb\",\"itemListElement\":[{\"@type\":\"ListItem\",\"position\":1,\"name\":\"Home\",\"item\":\"https:\/\/franciscanos.org.br\/noticias\"},{\"@type\":\"ListItem\",\"position\":2,\"name\":\"Ordem Franciscana Secular de Petr\u00f3polis celebra 125 anos\"}]},{\"@type\":\"Person\",\"@id\":\"https:\/\/franciscanos.org.br\/noticias\/#\/schema\/person\/b5c8cba458c330ccff548b056e95a5d4\",\"name\":\"moacir\",\"image\":{\"@type\":\"ImageObject\",\"inLanguage\":\"pt-BR\",\"@id\":\"https:\/\/franciscanos.org.br\/noticias\/#\/schema\/person\/image\/\",\"url\":\"https:\/\/secure.gravatar.com\/avatar\/d08aa2ce4c8dd416d4479aa8536fcf64?s=96&d=mm&r=g\",\"contentUrl\":\"https:\/\/secure.gravatar.com\/avatar\/d08aa2ce4c8dd416d4479aa8536fcf64?s=96&d=mm&r=g\",\"caption\":\"moacir\"},\"url\":\"https:\/\/franciscanos.org.br\/noticias\/author\/moacir\"}]}<\/script>\n<!-- \/ Yoast SEO plugin. -->","yoast_head_json":{"title":"Ordem Franciscana Secular de Petr\u00f3polis celebra 125 anos - Not\u00edcias - Franciscanos","robots":{"index":"index","follow":"follow","max-snippet":"max-snippet:-1","max-image-preview":"max-image-preview:large","max-video-preview":"max-video-preview:-1"},"canonical":"https:\/\/franciscanos.org.br\/noticias\/ordem-franciscana-secular-de-petropolis-celebra-125-anos.html","og_locale":"pt_BR","og_type":"article","og_title":"Ordem Franciscana Secular de Petr\u00f3polis celebra 125 anos - Not\u00edcias - Franciscanos","og_description":"OFS","og_url":"https:\/\/franciscanos.org.br\/noticias\/ordem-franciscana-secular-de-petropolis-celebra-125-anos.html","og_site_name":"Not\u00edcias - Franciscanos","article_published_time":"2022-06-17T03:41:53+00:00","article_modified_time":"2022-06-17T09:50:05+00:00","og_image":[{"width":1280,"height":720,"url":"https:\/\/franciscanos.org.br\/noticias\/wp-content\/uploads\/2022\/06\/ofs_150622.jpg","type":"image\/jpeg"}],"author":"moacir","twitter_card":"summary_large_image","twitter_misc":{"Escrito por":"moacir","Est. tempo de leitura":"3 minutos"},"schema":{"@context":"https:\/\/schema.org","@graph":[{"@type":"WebSite","@id":"https:\/\/franciscanos.org.br\/noticias\/#website","url":"https:\/\/franciscanos.org.br\/noticias\/","name":"Not\u00edcias - Franciscanos","description":"Prov\u00edncia Franciscana da Imaculada Concei\u00e7\u00e3o do Brasil - Ordem dos Frades Menores - OFM","potentialAction":[{"@type":"SearchAction","target":{"@type":"EntryPoint","urlTemplate":"https:\/\/franciscanos.org.br\/noticias\/?s={search_term_string}"},"query-input":"required name=search_term_string"}],"inLanguage":"pt-BR"},{"@type":"ImageObject","inLanguage":"pt-BR","@id":"https:\/\/franciscanos.org.br\/noticias\/ordem-franciscana-secular-de-petropolis-celebra-125-anos.html#primaryimage","url":"https:\/\/franciscanos.org.br\/noticias\/wp-content\/uploads\/2022\/06\/ofs_150622.jpg","contentUrl":"https:\/\/franciscanos.org.br\/noticias\/wp-content\/uploads\/2022\/06\/ofs_150622.jpg","width":1280,"height":720},{"@type":"WebPage","@id":"https:\/\/franciscanos.org.br\/noticias\/ordem-franciscana-secular-de-petropolis-celebra-125-anos.html#webpage","url":"https:\/\/franciscanos.org.br\/noticias\/ordem-franciscana-secular-de-petropolis-celebra-125-anos.html","name":"Ordem Franciscana Secular de Petr\u00f3polis celebra 125 anos - Not\u00edcias - Franciscanos","isPartOf":{"@id":"https:\/\/franciscanos.org.br\/noticias\/#website"},"primaryImageOfPage":{"@id":"https:\/\/franciscanos.org.br\/noticias\/ordem-franciscana-secular-de-petropolis-celebra-125-anos.html#primaryimage"},"datePublished":"2022-06-17T03:41:53+00:00","dateModified":"2022-06-17T09:50:05+00:00","author":{"@id":"https:\/\/franciscanos.org.br\/noticias\/#\/schema\/person\/b5c8cba458c330ccff548b056e95a5d4"},"breadcrumb":{"@id":"https:\/\/franciscanos.org.br\/noticias\/ordem-franciscana-secular-de-petropolis-celebra-125-anos.html#breadcrumb"},"inLanguage":"pt-BR","potentialAction":[{"@type":"ReadAction","target":["https:\/\/franciscanos.org.br\/noticias\/ordem-franciscana-secular-de-petropolis-celebra-125-anos.html"]}]},{"@type":"BreadcrumbList","@id":"https:\/\/franciscanos.org.br\/noticias\/ordem-franciscana-secular-de-petropolis-celebra-125-anos.html#breadcrumb","itemListElement":[{"@type":"ListItem","position":1,"name":"Home","item":"https:\/\/franciscanos.org.br\/noticias"},{"@type":"ListItem","position":2,"name":"Ordem Franciscana Secular de Petr\u00f3polis celebra 125 anos"}]},{"@type":"Person","@id":"https:\/\/franciscanos.org.br\/noticias\/#\/schema\/person\/b5c8cba458c330ccff548b056e95a5d4","name":"moacir","image":{"@type":"ImageObject","inLanguage":"pt-BR","@id":"https:\/\/franciscanos.org.br\/noticias\/#\/schema\/person\/image\/","url":"https:\/\/secure.gravatar.com\/avatar\/d08aa2ce4c8dd416d4479aa8536fcf64?s=96&d=mm&r=g","contentUrl":"https:\/\/secure.gravatar.com\/avatar\/d08aa2ce4c8dd416d4479aa8536fcf64?s=96&d=mm&r=g","caption":"moacir"},"url":"https:\/\/franciscanos.org.br\/noticias\/author\/moacir"}]}},"_links":{"self":[{"href":"https:\/\/franciscanos.org.br\/noticias\/wp-json\/wp\/v2\/posts\/238529"}],"collection":[{"href":"https:\/\/franciscanos.org.br\/noticias\/wp-json\/wp\/v2\/posts"}],"about":[{"href":"https:\/\/franciscanos.org.br\/noticias\/wp-json\/wp\/v2\/types\/post"}],"author":[{"embeddable":true,"href":"https:\/\/franciscanos.org.br\/noticias\/wp-json\/wp\/v2\/users\/3"}],"replies":[{"embeddable":true,"href":"https:\/\/franciscanos.org.br\/noticias\/wp-json\/wp\/v2\/comments?post=238529"}],"version-history":[{"count":1,"href":"https:\/\/franciscanos.org.br\/noticias\/wp-json\/wp\/v2\/posts\/238529\/revisions"}],"predecessor-version":[{"id":238532,"href":"https:\/\/franciscanos.org.br\/noticias\/wp-json\/wp\/v2\/posts\/238529\/revisions\/238532"}],"wp:featuredmedia":[{"embeddable":true,"href":"https:\/\/franciscanos.org.br\/noticias\/wp-json\/wp\/v2\/media\/238530"}],"wp:attachment":[{"href":"https:\/\/franciscanos.org.br\/noticias\/wp-json\/wp\/v2\/media?parent=238529"}],"wp:term":[{"taxonomy":"category","embeddable":true,"href":"https:\/\/franciscanos.org.br\/noticias\/wp-json\/wp\/v2\/categories?post=238529"},{"taxonomy":"post_tag","embeddable":true,"href":"https:\/\/franciscanos.org.br\/noticias\/wp-json\/wp\/v2\/tags?post=238529"}],"curies":[{"name":"wp","href":"https:\/\/api.w.org\/{rel}","templated":true}]}}