{"id":238525,"date":"2022-06-15T07:56:29","date_gmt":"2022-06-15T10:56:29","guid":{"rendered":"https:\/\/franciscanos.org.br\/noticias\/?p=238525"},"modified":"2022-06-15T07:56:29","modified_gmt":"2022-06-15T10:56:29","slug":"frei-ignacio-ceja-faz-juramento-como-novo-vigario-geral-da-ordem","status":"publish","type":"post","link":"https:\/\/franciscanos.org.br\/noticias\/frei-ignacio-ceja-faz-juramento-como-novo-vigario-geral-da-ordem.html","title":{"rendered":"Frei Ignacio Ceja faz juramento como novo Vig\u00e1rio Geral da Ordem"},"content":{"rendered":"<div id=\"attachment_238526\" style=\"width: 1290px\" class=\"wp-caption alignnone\"><img aria-describedby=\"caption-attachment-238526\" loading=\"lazy\" class=\"wp-image-238526 size-full\" src=\"https:\/\/franciscanos.org.br\/noticias\/wp-content\/uploads\/2022\/06\/ceja_15.jpg\" alt=\"\" width=\"1280\" height=\"816\" srcset=\"https:\/\/franciscanos.org.br\/noticias\/wp-content\/uploads\/2022\/06\/ceja_15.jpg 1280w, https:\/\/franciscanos.org.br\/noticias\/wp-content\/uploads\/2022\/06\/ceja_15-450x287.jpg 450w, https:\/\/franciscanos.org.br\/noticias\/wp-content\/uploads\/2022\/06\/ceja_15-1024x653.jpg 1024w, https:\/\/franciscanos.org.br\/noticias\/wp-content\/uploads\/2022\/06\/ceja_15-768x490.jpg 768w, https:\/\/franciscanos.org.br\/noticias\/wp-content\/uploads\/2022\/06\/ceja_15-150x96.jpg 150w\" sizes=\"(max-width: 1280px) 100vw, 1280px\" \/><p id=\"caption-attachment-238526\" class=\"wp-caption-text\">\u00a0 \u00a0 \u00a0 \u00a0 \u00a0 \u00a0 \u00a0 \u00a0 \u00a0 \u00a0 \u00a0 \u00a0 \u00a0 \u00a0 \u00a0 \u00a0 \u00a0 \u00a0 \u00a0 \u00a0 \u00a0 \u00a0 \u00a0 \u00a0 \u00a0 \u00a0 \u00a0 \u00a0 \u00a0 \u00a0 \u00a0 \u00a0 \u00a0 \u00a0 \u00a0 \u00a0 \u00a0 \u00a0 \u00a0 \u00a0 \u00a0 \u00a0 \u00a0 \u00a0 \u00a0 \u00a0 \u00a0 \u00a0 \u00a0 \u00a0 \u00a0 \u00a0 \u00a0 \u00a0 \u00a0 \u00a0 \u00a0 \u00a0 \u00a0 \u00a0 \u00a0 \u00a0 \u00a0 \u00a0 \u00a0 \u00a0 \u00a0 \u00a0 \u00a0 \u00a0 \u00a0 \u00a0 \u00a0 \u00a0 \u00a0 \u00a0 \u00a0 \u00a0 \u00a0 \u00a0 \u00a0 \u00a0 \u00a0 \u00a0 \u00a0 \u00a0 \u00a0 \u00a0<em> \u00a0 \u00a0Imagem: C\u00faria Geral<\/em><\/p><\/div>\n<p>\u201cEu, Frei Ignacio Ceja Jim\u00e9nez, ao assumir o cargo de Vig\u00e1rio Geral, prometo estar sempre em comunh\u00e3o com a Igreja Cat\u00f3lica, tanto no que expresso em palavras como no meu modo de agir\u201d, com estas palavras Frei Ignacio fez o juramento de Vig\u00e1rio Geral da Ordem diante do Ministro Geral, Frei Massimo Fusarelli, o Definit\u00f3rio e os frades da Comunidade da C\u00faria Geral.<\/p>\n<p>O juramento foi feito durante a celebra\u00e7\u00e3o das Primeiras V\u00e9speras da Solenidade da Sant\u00edssima Trindade, na Igreja da C\u00faria Geral de Roma, em 12 de junho de 2022. Antes do juramento ao of\u00edcio, Frei Massimo Fusarelli, Ministro Geral, dirigiu-se estas palavras ao novo Vig\u00e1rio: \u201cCaro Frei Ignacio, chamado a servir a Ordem como Vig\u00e1rio Geral, voc\u00ea disse mais uma vez &#8216;aqui estou&#8217;. O pronunciou desde o in\u00edcio de sua vida franciscana e o repetiu v\u00e1rias vezes ao longo de seu caminho, e hoje \u00e9 pedido a voc\u00ea um novo &#8216;aqui estou&#8217;, delineando tamb\u00e9m o papel do Vig\u00e1rio: &#8216;Sua presen\u00e7a, discreta e fraterna, ser\u00e1 uma ajuda para viver o nosso servi\u00e7o no Definit\u00f3rio; ser\u00e1 uma ajuda para esta Casa, onde o Vig\u00e1rio costuma estar mais presente do que o Ministro, e ser\u00e1 uma ajuda para lidar com a prud\u00eancia e tamb\u00e9m, com vistas ao futuro, as diversas quest\u00f5es que somos chamados a afrontar em nosso servi\u00e7o de anima\u00e7\u00e3o e governo em toda a Ordem&#8221;.<\/p>\n<p>Frei Ignacio Ceja Jim\u00e9nez foi eleito Vig\u00e1rio Geral no dia 13 de maio, ap\u00f3s a nomea\u00e7\u00e3o de Frei Isauro Covili Linfati (eleito vig\u00e1rio no Cap\u00edtulo Geral), como Bispo de Iquique, no Chile.<\/p>\n<p><img loading=\"lazy\" class=\"alignnone wp-image-238527 size-full\" src=\"https:\/\/franciscanos.org.br\/noticias\/wp-content\/uploads\/2022\/06\/ceja_150622.jpg\" alt=\"\" width=\"1024\" height=\"683\" srcset=\"https:\/\/franciscanos.org.br\/noticias\/wp-content\/uploads\/2022\/06\/ceja_150622.jpg 1024w, https:\/\/franciscanos.org.br\/noticias\/wp-content\/uploads\/2022\/06\/ceja_150622-450x300.jpg 450w, https:\/\/franciscanos.org.br\/noticias\/wp-content\/uploads\/2022\/06\/ceja_150622-768x512.jpg 768w, https:\/\/franciscanos.org.br\/noticias\/wp-content\/uploads\/2022\/06\/ceja_150622-150x100.jpg 150w\" sizes=\"(max-width: 1024px) 100vw, 1024px\" \/><\/p>\n<hr \/>\n<p><em>Fonte: www.ofm.org<\/em><\/p>\n","protected":false},"excerpt":{"rendered":"<p>Ordem dos Frades Menores<\/p>\n","protected":false},"author":3,"featured_media":238526,"comment_status":"open","ping_status":"open","sticky":false,"template":"","format":"standard","meta":[],"categories":[1],"tags":[397],"acf":[],"yoast_head":"<!-- This site is optimized with the Yoast SEO plugin v19.2 - https:\/\/yoast.com\/wordpress\/plugins\/seo\/ -->\n<title>Frei Ignacio Ceja faz juramento como novo Vig\u00e1rio Geral da Ordem - Not\u00edcias - Franciscanos<\/title>\n<meta name=\"robots\" content=\"index, follow, max-snippet:-1, max-image-preview:large, max-video-preview:-1\" \/>\n<link rel=\"canonical\" href=\"https:\/\/franciscanos.org.br\/noticias\/frei-ignacio-ceja-faz-juramento-como-novo-vigario-geral-da-ordem.html\" \/>\n<meta property=\"og:locale\" content=\"pt_BR\" \/>\n<meta property=\"og:type\" content=\"article\" \/>\n<meta property=\"og:title\" content=\"Frei Ignacio Ceja faz juramento como novo Vig\u00e1rio Geral da Ordem - Not\u00edcias - Franciscanos\" \/>\n<meta property=\"og:description\" content=\"Ordem dos Frades Menores\" \/>\n<meta property=\"og:url\" content=\"https:\/\/franciscanos.org.br\/noticias\/frei-ignacio-ceja-faz-juramento-como-novo-vigario-geral-da-ordem.html\" \/>\n<meta property=\"og:site_name\" content=\"Not\u00edcias - Franciscanos\" \/>\n<meta property=\"article:published_time\" content=\"2022-06-15T10:56:29+00:00\" \/>\n<meta property=\"og:image\" content=\"https:\/\/franciscanos.org.br\/noticias\/wp-content\/uploads\/2022\/06\/ceja_15.jpg\" \/>\n\t<meta property=\"og:image:width\" content=\"1280\" \/>\n\t<meta property=\"og:image:height\" content=\"816\" \/>\n\t<meta property=\"og:image:type\" content=\"image\/jpeg\" \/>\n<meta name=\"author\" content=\"moacir\" \/>\n<meta name=\"twitter:card\" content=\"summary_large_image\" \/>\n<meta name=\"twitter:label1\" content=\"Escrito por\" \/>\n\t<meta name=\"twitter:data1\" content=\"moacir\" \/>\n\t<meta name=\"twitter:label2\" content=\"Est. tempo de leitura\" \/>\n\t<meta name=\"twitter:data2\" content=\"2 minutos\" \/>\n<script type=\"application\/ld+json\" class=\"yoast-schema-graph\">{\"@context\":\"https:\/\/schema.org\",\"@graph\":[{\"@type\":\"WebSite\",\"@id\":\"https:\/\/franciscanos.org.br\/noticias\/#website\",\"url\":\"https:\/\/franciscanos.org.br\/noticias\/\",\"name\":\"Not\u00edcias - Franciscanos\",\"description\":\"Prov\u00edncia Franciscana da Imaculada Concei\u00e7\u00e3o do Brasil - Ordem dos Frades Menores - OFM\",\"potentialAction\":[{\"@type\":\"SearchAction\",\"target\":{\"@type\":\"EntryPoint\",\"urlTemplate\":\"https:\/\/franciscanos.org.br\/noticias\/?s={search_term_string}\"},\"query-input\":\"required name=search_term_string\"}],\"inLanguage\":\"pt-BR\"},{\"@type\":\"ImageObject\",\"inLanguage\":\"pt-BR\",\"@id\":\"https:\/\/franciscanos.org.br\/noticias\/frei-ignacio-ceja-faz-juramento-como-novo-vigario-geral-da-ordem.html#primaryimage\",\"url\":\"https:\/\/franciscanos.org.br\/noticias\/wp-content\/uploads\/2022\/06\/ceja_15.jpg\",\"contentUrl\":\"https:\/\/franciscanos.org.br\/noticias\/wp-content\/uploads\/2022\/06\/ceja_15.jpg\",\"width\":1280,\"height\":816},{\"@type\":\"WebPage\",\"@id\":\"https:\/\/franciscanos.org.br\/noticias\/frei-ignacio-ceja-faz-juramento-como-novo-vigario-geral-da-ordem.html#webpage\",\"url\":\"https:\/\/franciscanos.org.br\/noticias\/frei-ignacio-ceja-faz-juramento-como-novo-vigario-geral-da-ordem.html\",\"name\":\"Frei Ignacio Ceja faz juramento como novo Vig\u00e1rio Geral da Ordem - Not\u00edcias - Franciscanos\",\"isPartOf\":{\"@id\":\"https:\/\/franciscanos.org.br\/noticias\/#website\"},\"primaryImageOfPage\":{\"@id\":\"https:\/\/franciscanos.org.br\/noticias\/frei-ignacio-ceja-faz-juramento-como-novo-vigario-geral-da-ordem.html#primaryimage\"},\"datePublished\":\"2022-06-15T10:56:29+00:00\",\"dateModified\":\"2022-06-15T10:56:29+00:00\",\"author\":{\"@id\":\"https:\/\/franciscanos.org.br\/noticias\/#\/schema\/person\/b5c8cba458c330ccff548b056e95a5d4\"},\"breadcrumb\":{\"@id\":\"https:\/\/franciscanos.org.br\/noticias\/frei-ignacio-ceja-faz-juramento-como-novo-vigario-geral-da-ordem.html#breadcrumb\"},\"inLanguage\":\"pt-BR\",\"potentialAction\":[{\"@type\":\"ReadAction\",\"target\":[\"https:\/\/franciscanos.org.br\/noticias\/frei-ignacio-ceja-faz-juramento-como-novo-vigario-geral-da-ordem.html\"]}]},{\"@type\":\"BreadcrumbList\",\"@id\":\"https:\/\/franciscanos.org.br\/noticias\/frei-ignacio-ceja-faz-juramento-como-novo-vigario-geral-da-ordem.html#breadcrumb\",\"itemListElement\":[{\"@type\":\"ListItem\",\"position\":1,\"name\":\"Home\",\"item\":\"https:\/\/franciscanos.org.br\/noticias\"},{\"@type\":\"ListItem\",\"position\":2,\"name\":\"Frei Ignacio Ceja faz juramento como novo Vig\u00e1rio Geral da Ordem\"}]},{\"@type\":\"Person\",\"@id\":\"https:\/\/franciscanos.org.br\/noticias\/#\/schema\/person\/b5c8cba458c330ccff548b056e95a5d4\",\"name\":\"moacir\",\"image\":{\"@type\":\"ImageObject\",\"inLanguage\":\"pt-BR\",\"@id\":\"https:\/\/franciscanos.org.br\/noticias\/#\/schema\/person\/image\/\",\"url\":\"https:\/\/secure.gravatar.com\/avatar\/d08aa2ce4c8dd416d4479aa8536fcf64?s=96&d=mm&r=g\",\"contentUrl\":\"https:\/\/secure.gravatar.com\/avatar\/d08aa2ce4c8dd416d4479aa8536fcf64?s=96&d=mm&r=g\",\"caption\":\"moacir\"},\"url\":\"https:\/\/franciscanos.org.br\/noticias\/author\/moacir\"}]}<\/script>\n<!-- \/ Yoast SEO plugin. -->","yoast_head_json":{"title":"Frei Ignacio Ceja faz juramento como novo Vig\u00e1rio Geral da Ordem - Not\u00edcias - Franciscanos","robots":{"index":"index","follow":"follow","max-snippet":"max-snippet:-1","max-image-preview":"max-image-preview:large","max-video-preview":"max-video-preview:-1"},"canonical":"https:\/\/franciscanos.org.br\/noticias\/frei-ignacio-ceja-faz-juramento-como-novo-vigario-geral-da-ordem.html","og_locale":"pt_BR","og_type":"article","og_title":"Frei Ignacio Ceja faz juramento como novo Vig\u00e1rio Geral da Ordem - Not\u00edcias - Franciscanos","og_description":"Ordem dos Frades Menores","og_url":"https:\/\/franciscanos.org.br\/noticias\/frei-ignacio-ceja-faz-juramento-como-novo-vigario-geral-da-ordem.html","og_site_name":"Not\u00edcias - Franciscanos","article_published_time":"2022-06-15T10:56:29+00:00","og_image":[{"width":1280,"height":816,"url":"https:\/\/franciscanos.org.br\/noticias\/wp-content\/uploads\/2022\/06\/ceja_15.jpg","type":"image\/jpeg"}],"author":"moacir","twitter_card":"summary_large_image","twitter_misc":{"Escrito por":"moacir","Est. tempo de leitura":"2 minutos"},"schema":{"@context":"https:\/\/schema.org","@graph":[{"@type":"WebSite","@id":"https:\/\/franciscanos.org.br\/noticias\/#website","url":"https:\/\/franciscanos.org.br\/noticias\/","name":"Not\u00edcias - Franciscanos","description":"Prov\u00edncia Franciscana da Imaculada Concei\u00e7\u00e3o do Brasil - Ordem dos Frades Menores - OFM","potentialAction":[{"@type":"SearchAction","target":{"@type":"EntryPoint","urlTemplate":"https:\/\/franciscanos.org.br\/noticias\/?s={search_term_string}"},"query-input":"required name=search_term_string"}],"inLanguage":"pt-BR"},{"@type":"ImageObject","inLanguage":"pt-BR","@id":"https:\/\/franciscanos.org.br\/noticias\/frei-ignacio-ceja-faz-juramento-como-novo-vigario-geral-da-ordem.html#primaryimage","url":"https:\/\/franciscanos.org.br\/noticias\/wp-content\/uploads\/2022\/06\/ceja_15.jpg","contentUrl":"https:\/\/franciscanos.org.br\/noticias\/wp-content\/uploads\/2022\/06\/ceja_15.jpg","width":1280,"height":816},{"@type":"WebPage","@id":"https:\/\/franciscanos.org.br\/noticias\/frei-ignacio-ceja-faz-juramento-como-novo-vigario-geral-da-ordem.html#webpage","url":"https:\/\/franciscanos.org.br\/noticias\/frei-ignacio-ceja-faz-juramento-como-novo-vigario-geral-da-ordem.html","name":"Frei Ignacio Ceja faz juramento como novo Vig\u00e1rio Geral da Ordem - Not\u00edcias - Franciscanos","isPartOf":{"@id":"https:\/\/franciscanos.org.br\/noticias\/#website"},"primaryImageOfPage":{"@id":"https:\/\/franciscanos.org.br\/noticias\/frei-ignacio-ceja-faz-juramento-como-novo-vigario-geral-da-ordem.html#primaryimage"},"datePublished":"2022-06-15T10:56:29+00:00","dateModified":"2022-06-15T10:56:29+00:00","author":{"@id":"https:\/\/franciscanos.org.br\/noticias\/#\/schema\/person\/b5c8cba458c330ccff548b056e95a5d4"},"breadcrumb":{"@id":"https:\/\/franciscanos.org.br\/noticias\/frei-ignacio-ceja-faz-juramento-como-novo-vigario-geral-da-ordem.html#breadcrumb"},"inLanguage":"pt-BR","potentialAction":[{"@type":"ReadAction","target":["https:\/\/franciscanos.org.br\/noticias\/frei-ignacio-ceja-faz-juramento-como-novo-vigario-geral-da-ordem.html"]}]},{"@type":"BreadcrumbList","@id":"https:\/\/franciscanos.org.br\/noticias\/frei-ignacio-ceja-faz-juramento-como-novo-vigario-geral-da-ordem.html#breadcrumb","itemListElement":[{"@type":"ListItem","position":1,"name":"Home","item":"https:\/\/franciscanos.org.br\/noticias"},{"@type":"ListItem","position":2,"name":"Frei Ignacio Ceja faz juramento como novo Vig\u00e1rio Geral da Ordem"}]},{"@type":"Person","@id":"https:\/\/franciscanos.org.br\/noticias\/#\/schema\/person\/b5c8cba458c330ccff548b056e95a5d4","name":"moacir","image":{"@type":"ImageObject","inLanguage":"pt-BR","@id":"https:\/\/franciscanos.org.br\/noticias\/#\/schema\/person\/image\/","url":"https:\/\/secure.gravatar.com\/avatar\/d08aa2ce4c8dd416d4479aa8536fcf64?s=96&d=mm&r=g","contentUrl":"https:\/\/secure.gravatar.com\/avatar\/d08aa2ce4c8dd416d4479aa8536fcf64?s=96&d=mm&r=g","caption":"moacir"},"url":"https:\/\/franciscanos.org.br\/noticias\/author\/moacir"}]}},"_links":{"self":[{"href":"https:\/\/franciscanos.org.br\/noticias\/wp-json\/wp\/v2\/posts\/238525"}],"collection":[{"href":"https:\/\/franciscanos.org.br\/noticias\/wp-json\/wp\/v2\/posts"}],"about":[{"href":"https:\/\/franciscanos.org.br\/noticias\/wp-json\/wp\/v2\/types\/post"}],"author":[{"embeddable":true,"href":"https:\/\/franciscanos.org.br\/noticias\/wp-json\/wp\/v2\/users\/3"}],"replies":[{"embeddable":true,"href":"https:\/\/franciscanos.org.br\/noticias\/wp-json\/wp\/v2\/comments?post=238525"}],"version-history":[{"count":1,"href":"https:\/\/franciscanos.org.br\/noticias\/wp-json\/wp\/v2\/posts\/238525\/revisions"}],"predecessor-version":[{"id":238528,"href":"https:\/\/franciscanos.org.br\/noticias\/wp-json\/wp\/v2\/posts\/238525\/revisions\/238528"}],"wp:featuredmedia":[{"embeddable":true,"href":"https:\/\/franciscanos.org.br\/noticias\/wp-json\/wp\/v2\/media\/238526"}],"wp:attachment":[{"href":"https:\/\/franciscanos.org.br\/noticias\/wp-json\/wp\/v2\/media?parent=238525"}],"wp:term":[{"taxonomy":"category","embeddable":true,"href":"https:\/\/franciscanos.org.br\/noticias\/wp-json\/wp\/v2\/categories?post=238525"},{"taxonomy":"post_tag","embeddable":true,"href":"https:\/\/franciscanos.org.br\/noticias\/wp-json\/wp\/v2\/tags?post=238525"}],"curies":[{"name":"wp","href":"https:\/\/api.w.org\/{rel}","templated":true}]}}