{"id":238521,"date":"2022-06-15T07:17:03","date_gmt":"2022-06-15T10:17:03","guid":{"rendered":"https:\/\/franciscanos.org.br\/noticias\/?p=238521"},"modified":"2022-06-15T07:17:27","modified_gmt":"2022-06-15T10:17:27","slug":"papa-os-idosos-tem-a-sabedoria-da-vida","status":"publish","type":"post","link":"https:\/\/franciscanos.org.br\/noticias\/papa-os-idosos-tem-a-sabedoria-da-vida.html","title":{"rendered":"Papa: os idosos t\u00eam a sabedoria da vida"},"content":{"rendered":"<div id=\"attachment_238522\" style=\"width: 1510px\" class=\"wp-caption alignnone\"><img aria-describedby=\"caption-attachment-238522\" loading=\"lazy\" class=\"wp-image-238522 size-full\" src=\"https:\/\/franciscanos.org.br\/noticias\/wp-content\/uploads\/2022\/06\/audiencia_15.jpeg\" alt=\"\" width=\"1500\" height=\"844\" srcset=\"https:\/\/franciscanos.org.br\/noticias\/wp-content\/uploads\/2022\/06\/audiencia_15.jpeg 1500w, https:\/\/franciscanos.org.br\/noticias\/wp-content\/uploads\/2022\/06\/audiencia_15-450x253.jpeg 450w, https:\/\/franciscanos.org.br\/noticias\/wp-content\/uploads\/2022\/06\/audiencia_15-1024x576.jpeg 1024w, https:\/\/franciscanos.org.br\/noticias\/wp-content\/uploads\/2022\/06\/audiencia_15-768x432.jpeg 768w, https:\/\/franciscanos.org.br\/noticias\/wp-content\/uploads\/2022\/06\/audiencia_15-150x84.jpeg 150w\" sizes=\"(max-width: 1500px) 100vw, 1500px\" \/><p id=\"caption-attachment-238522\" class=\"wp-caption-text\"><em>\u00a0 \u00a0 \u00a0 \u00a0 \u00a0 \u00a0 \u00a0 \u00a0 \u00a0 \u00a0 \u00a0 \u00a0 \u00a0 \u00a0 \u00a0 \u00a0 \u00a0 \u00a0 \u00a0 \u00a0 \u00a0 \u00a0 \u00a0 \u00a0 \u00a0 \u00a0 \u00a0 \u00a0 \u00a0 \u00a0 \u00a0 \u00a0 \u00a0 \u00a0 \u00a0 \u00a0 \u00a0 \u00a0 \u00a0 \u00a0 \u00a0 \u00a0 \u00a0 \u00a0 \u00a0 \u00a0 \u00a0 \u00a0 \u00a0 \u00a0 \u00a0 \u00a0 \u00a0 \u00a0 \u00a0 \u00a0 \u00a0 \u00a0 \u00a0 \u00a0 \u00a0 \u00a0 \u00a0 \u00a0 \u00a0 \u00a0 \u00a0 \u00a0 \u00a0 \u00a0 \u00a0 \u00a0 \u00a0Imagem: Vatican Media<\/em><\/p><\/div>\n<p>&#8220;O servi\u00e7o alegre da f\u00e9 que se aprende com gratid\u00e3o&#8221; foi o tema da catequese do Papa Francisco na Audi\u00eancia Geral, desta quarta-feira (15\/06), realizada na Pra\u00e7a S\u00e3o Pedro.<\/p>\n<p>Dando continuidade ao tema da velhice, Francisco recordou o epis\u00f3dio da cura da sogra de Sim\u00e3o, que ainda n\u00e3o \u00e9 chamado Pedro, na vers\u00e3o do Evangelho de Marcos. &#8220;A sogra de Sim\u00e3o estava na cama com febre&#8221;, escreve Marcos. &#8220;N\u00e3o sabemos se foi uma doen\u00e7a leve, mas na velhice at\u00e9 mesmo uma simples febre pode ser perigosa. Quando se \u00e9 velho, n\u00e3o se controla mais o corpo. \u00c9 preciso aprender a escolher o que fazer e o que n\u00e3o fazer. O vigor do corpo falha e nos abandona, ainda que nosso cora\u00e7\u00e3o n\u00e3o pare de desejar. \u00c9 preciso ent\u00e3o aprender a purificar o desejo: ser paciente, escolher o que pedir ao corpo, \u00e0 vida.&#8221;<\/p>\n<p>Quando envelhecemos n\u00e3o podemos fazer o mesmo que faz\u00edamos quando \u00e9ramos jovens: o corpo tem outro ritmo, e devemos ouvir o corpo e aceitar os limites. Todos n\u00f3s temos, n\u00e3o \u00e9? Eu tamb\u00e9m tenho que caminhar com uma bengala agora, certo? A doen\u00e7a pesa sobre os idosos de uma maneira diferente e nova em rela\u00e7\u00e3o a quando se \u00e9 jovem ou adulto. \u00c9 como um golpe duro que atinge num momento j\u00e1 dif\u00edcil.<\/p>\n<p>Segundo Francisco, &#8220;a comunidade crist\u00e3 deve tomar conta dos idosos: parentes e amigos, mas a comunidade. A visita aos idosos deve ser feita por muitos, juntos e com frequ\u00eancia. Nunca devemos esquecer estas tr\u00eas linhas do Evangelho. Especialmente hoje em dia, o n\u00famero de idosos cresceu consideravelmente, tamb\u00e9m em propor\u00e7\u00e3o aos jovens, porque este inverno demogr\u00e1fico n\u00e3o faz filhos. E h\u00e1 muito mais idosos e poucos jovens. Devemos sentir a responsabilidade de visitar os idosos que muitas vezes est\u00e3o sozinhos e apresent\u00e1-los ao Senhor com nossas ora\u00e7\u00f5es. A vida \u00e9 preciosa&#8221;.<\/p>\n<p>A seguir, o Papa retomou um tema repetido nas catequeses: &#8220;A cultura do desperd\u00edcio parece cancelar os idosos. Sim, n\u00e3o os mata, mas os apaga socialmente, como se fossem um fardo a ser carregado: \u00e9 melhor escond\u00ea-los.&#8221;<\/p>\n<p>Isso \u00e9 uma trai\u00e7\u00e3o da pr\u00f3pria humanidade, isso \u00e9 a pior coisa, isso \u00e9 selecionar a vida de acordo com a utilidade, de acordo com a juventude e n\u00e3o com a vida como ela \u00e9, com a sabedoria do idoso, com os limites dos idosos. Os idosos t\u00eam muito para nos dar: t\u00eam a sabedoria da vida. Tanto para nos ensinar: por isso, devemos ensinar \u00e0s crian\u00e7as para que cuidem deles, para que v\u00e3o aos seus av\u00f3s. O di\u00e1logo entre jovens, crian\u00e7as e av\u00f3s \u00e9 fundamental, \u00e9 fundamental para a sociedade, \u00e9 fundamental para a Igreja, \u00e9 fundamental para a sa\u00fade da vida. Onde n\u00e3o h\u00e1 di\u00e1logo entre jovens e idosos, falta alguma coisa e cresce uma gera\u00e7\u00e3o sem passado, ou seja, sem ra\u00edzes.<\/p>\n<p>A sogra de Pedro, antes que os Ap\u00f3stolos entendessem, ao longo do caminho a sequela de Jesus, mostrou o caminho tamb\u00e9m a eles. E a especial delicadeza de Jesus, que lhe &#8220;tocou a m\u00e3o&#8221; e &#8220;inclinou-se delicadamente&#8221; sobre ela, deixou claro, desde o in\u00edcio, sua especial sensibilidade para com os fr\u00e1geis e os doentes, que o Filho de Deus certamente tinha aprendido com sua M\u00e3e.<\/p>\n<p>Por favor, deixemos que os idosos, que os av\u00f3s estejam pr\u00f3ximos \u00e0s crian\u00e7as, aos jovens para transmitir-lhes a mem\u00f3ria da vida, para transmitir-lhes a experi\u00eancia de vida, a sabedoria da vida. Na medida em que fazemos com que jovens e idosos se encontram, nessa medida haver\u00e1 mais esperan\u00e7a para o futuro de nossa sociedade.<\/p>\n<hr \/>\n<p><em>Fonte: Vatican News (texto de Mariangela Jaguraba)<\/em><\/p>\n","protected":false},"excerpt":{"rendered":"<p>Audi\u00eancia Geral <\/p>\n","protected":false},"author":3,"featured_media":238522,"comment_status":"open","ping_status":"open","sticky":false,"template":"","format":"standard","meta":[],"categories":[1428],"tags":[487],"acf":[],"yoast_head":"<!-- This site is optimized with the Yoast SEO plugin v19.2 - https:\/\/yoast.com\/wordpress\/plugins\/seo\/ -->\n<title>Papa: os idosos t\u00eam a sabedoria da vida - Not\u00edcias - Franciscanos<\/title>\n<meta name=\"robots\" content=\"index, follow, max-snippet:-1, max-image-preview:large, max-video-preview:-1\" \/>\n<link rel=\"canonical\" href=\"https:\/\/franciscanos.org.br\/noticias\/papa-os-idosos-tem-a-sabedoria-da-vida.html\" \/>\n<meta property=\"og:locale\" content=\"pt_BR\" \/>\n<meta property=\"og:type\" content=\"article\" \/>\n<meta property=\"og:title\" content=\"Papa: os idosos t\u00eam a sabedoria da vida - Not\u00edcias - Franciscanos\" \/>\n<meta property=\"og:description\" content=\"Audi\u00eancia Geral\" \/>\n<meta property=\"og:url\" content=\"https:\/\/franciscanos.org.br\/noticias\/papa-os-idosos-tem-a-sabedoria-da-vida.html\" \/>\n<meta property=\"og:site_name\" content=\"Not\u00edcias - Franciscanos\" \/>\n<meta property=\"article:published_time\" content=\"2022-06-15T10:17:03+00:00\" \/>\n<meta property=\"article:modified_time\" content=\"2022-06-15T10:17:27+00:00\" \/>\n<meta property=\"og:image\" content=\"https:\/\/franciscanos.org.br\/noticias\/wp-content\/uploads\/2022\/06\/audiencia_15.jpeg\" \/>\n\t<meta property=\"og:image:width\" content=\"1500\" \/>\n\t<meta property=\"og:image:height\" content=\"844\" \/>\n\t<meta property=\"og:image:type\" content=\"image\/jpeg\" \/>\n<meta name=\"author\" content=\"moacir\" \/>\n<meta name=\"twitter:card\" content=\"summary_large_image\" \/>\n<meta name=\"twitter:label1\" content=\"Escrito por\" \/>\n\t<meta name=\"twitter:data1\" content=\"moacir\" \/>\n\t<meta name=\"twitter:label2\" content=\"Est. tempo de leitura\" \/>\n\t<meta name=\"twitter:data2\" content=\"3 minutos\" \/>\n<script type=\"application\/ld+json\" class=\"yoast-schema-graph\">{\"@context\":\"https:\/\/schema.org\",\"@graph\":[{\"@type\":\"WebSite\",\"@id\":\"https:\/\/franciscanos.org.br\/noticias\/#website\",\"url\":\"https:\/\/franciscanos.org.br\/noticias\/\",\"name\":\"Not\u00edcias - Franciscanos\",\"description\":\"Prov\u00edncia Franciscana da Imaculada Concei\u00e7\u00e3o do Brasil - Ordem dos Frades Menores - OFM\",\"potentialAction\":[{\"@type\":\"SearchAction\",\"target\":{\"@type\":\"EntryPoint\",\"urlTemplate\":\"https:\/\/franciscanos.org.br\/noticias\/?s={search_term_string}\"},\"query-input\":\"required name=search_term_string\"}],\"inLanguage\":\"pt-BR\"},{\"@type\":\"ImageObject\",\"inLanguage\":\"pt-BR\",\"@id\":\"https:\/\/franciscanos.org.br\/noticias\/papa-os-idosos-tem-a-sabedoria-da-vida.html#primaryimage\",\"url\":\"https:\/\/franciscanos.org.br\/noticias\/wp-content\/uploads\/2022\/06\/audiencia_15.jpeg\",\"contentUrl\":\"https:\/\/franciscanos.org.br\/noticias\/wp-content\/uploads\/2022\/06\/audiencia_15.jpeg\",\"width\":1500,\"height\":844},{\"@type\":\"WebPage\",\"@id\":\"https:\/\/franciscanos.org.br\/noticias\/papa-os-idosos-tem-a-sabedoria-da-vida.html#webpage\",\"url\":\"https:\/\/franciscanos.org.br\/noticias\/papa-os-idosos-tem-a-sabedoria-da-vida.html\",\"name\":\"Papa: os idosos t\u00eam a sabedoria da vida - Not\u00edcias - Franciscanos\",\"isPartOf\":{\"@id\":\"https:\/\/franciscanos.org.br\/noticias\/#website\"},\"primaryImageOfPage\":{\"@id\":\"https:\/\/franciscanos.org.br\/noticias\/papa-os-idosos-tem-a-sabedoria-da-vida.html#primaryimage\"},\"datePublished\":\"2022-06-15T10:17:03+00:00\",\"dateModified\":\"2022-06-15T10:17:27+00:00\",\"author\":{\"@id\":\"https:\/\/franciscanos.org.br\/noticias\/#\/schema\/person\/b5c8cba458c330ccff548b056e95a5d4\"},\"breadcrumb\":{\"@id\":\"https:\/\/franciscanos.org.br\/noticias\/papa-os-idosos-tem-a-sabedoria-da-vida.html#breadcrumb\"},\"inLanguage\":\"pt-BR\",\"potentialAction\":[{\"@type\":\"ReadAction\",\"target\":[\"https:\/\/franciscanos.org.br\/noticias\/papa-os-idosos-tem-a-sabedoria-da-vida.html\"]}]},{\"@type\":\"BreadcrumbList\",\"@id\":\"https:\/\/franciscanos.org.br\/noticias\/papa-os-idosos-tem-a-sabedoria-da-vida.html#breadcrumb\",\"itemListElement\":[{\"@type\":\"ListItem\",\"position\":1,\"name\":\"Home\",\"item\":\"https:\/\/franciscanos.org.br\/noticias\"},{\"@type\":\"ListItem\",\"position\":2,\"name\":\"Papa: os idosos t\u00eam a sabedoria da vida\"}]},{\"@type\":\"Person\",\"@id\":\"https:\/\/franciscanos.org.br\/noticias\/#\/schema\/person\/b5c8cba458c330ccff548b056e95a5d4\",\"name\":\"moacir\",\"image\":{\"@type\":\"ImageObject\",\"inLanguage\":\"pt-BR\",\"@id\":\"https:\/\/franciscanos.org.br\/noticias\/#\/schema\/person\/image\/\",\"url\":\"https:\/\/secure.gravatar.com\/avatar\/d08aa2ce4c8dd416d4479aa8536fcf64?s=96&d=mm&r=g\",\"contentUrl\":\"https:\/\/secure.gravatar.com\/avatar\/d08aa2ce4c8dd416d4479aa8536fcf64?s=96&d=mm&r=g\",\"caption\":\"moacir\"},\"url\":\"https:\/\/franciscanos.org.br\/noticias\/author\/moacir\"}]}<\/script>\n<!-- \/ Yoast SEO plugin. -->","yoast_head_json":{"title":"Papa: os idosos t\u00eam a sabedoria da vida - Not\u00edcias - Franciscanos","robots":{"index":"index","follow":"follow","max-snippet":"max-snippet:-1","max-image-preview":"max-image-preview:large","max-video-preview":"max-video-preview:-1"},"canonical":"https:\/\/franciscanos.org.br\/noticias\/papa-os-idosos-tem-a-sabedoria-da-vida.html","og_locale":"pt_BR","og_type":"article","og_title":"Papa: os idosos t\u00eam a sabedoria da vida - Not\u00edcias - Franciscanos","og_description":"Audi\u00eancia Geral","og_url":"https:\/\/franciscanos.org.br\/noticias\/papa-os-idosos-tem-a-sabedoria-da-vida.html","og_site_name":"Not\u00edcias - Franciscanos","article_published_time":"2022-06-15T10:17:03+00:00","article_modified_time":"2022-06-15T10:17:27+00:00","og_image":[{"width":1500,"height":844,"url":"https:\/\/franciscanos.org.br\/noticias\/wp-content\/uploads\/2022\/06\/audiencia_15.jpeg","type":"image\/jpeg"}],"author":"moacir","twitter_card":"summary_large_image","twitter_misc":{"Escrito por":"moacir","Est. tempo de leitura":"3 minutos"},"schema":{"@context":"https:\/\/schema.org","@graph":[{"@type":"WebSite","@id":"https:\/\/franciscanos.org.br\/noticias\/#website","url":"https:\/\/franciscanos.org.br\/noticias\/","name":"Not\u00edcias - Franciscanos","description":"Prov\u00edncia Franciscana da Imaculada Concei\u00e7\u00e3o do Brasil - Ordem dos Frades Menores - OFM","potentialAction":[{"@type":"SearchAction","target":{"@type":"EntryPoint","urlTemplate":"https:\/\/franciscanos.org.br\/noticias\/?s={search_term_string}"},"query-input":"required name=search_term_string"}],"inLanguage":"pt-BR"},{"@type":"ImageObject","inLanguage":"pt-BR","@id":"https:\/\/franciscanos.org.br\/noticias\/papa-os-idosos-tem-a-sabedoria-da-vida.html#primaryimage","url":"https:\/\/franciscanos.org.br\/noticias\/wp-content\/uploads\/2022\/06\/audiencia_15.jpeg","contentUrl":"https:\/\/franciscanos.org.br\/noticias\/wp-content\/uploads\/2022\/06\/audiencia_15.jpeg","width":1500,"height":844},{"@type":"WebPage","@id":"https:\/\/franciscanos.org.br\/noticias\/papa-os-idosos-tem-a-sabedoria-da-vida.html#webpage","url":"https:\/\/franciscanos.org.br\/noticias\/papa-os-idosos-tem-a-sabedoria-da-vida.html","name":"Papa: os idosos t\u00eam a sabedoria da vida - Not\u00edcias - Franciscanos","isPartOf":{"@id":"https:\/\/franciscanos.org.br\/noticias\/#website"},"primaryImageOfPage":{"@id":"https:\/\/franciscanos.org.br\/noticias\/papa-os-idosos-tem-a-sabedoria-da-vida.html#primaryimage"},"datePublished":"2022-06-15T10:17:03+00:00","dateModified":"2022-06-15T10:17:27+00:00","author":{"@id":"https:\/\/franciscanos.org.br\/noticias\/#\/schema\/person\/b5c8cba458c330ccff548b056e95a5d4"},"breadcrumb":{"@id":"https:\/\/franciscanos.org.br\/noticias\/papa-os-idosos-tem-a-sabedoria-da-vida.html#breadcrumb"},"inLanguage":"pt-BR","potentialAction":[{"@type":"ReadAction","target":["https:\/\/franciscanos.org.br\/noticias\/papa-os-idosos-tem-a-sabedoria-da-vida.html"]}]},{"@type":"BreadcrumbList","@id":"https:\/\/franciscanos.org.br\/noticias\/papa-os-idosos-tem-a-sabedoria-da-vida.html#breadcrumb","itemListElement":[{"@type":"ListItem","position":1,"name":"Home","item":"https:\/\/franciscanos.org.br\/noticias"},{"@type":"ListItem","position":2,"name":"Papa: os idosos t\u00eam a sabedoria da vida"}]},{"@type":"Person","@id":"https:\/\/franciscanos.org.br\/noticias\/#\/schema\/person\/b5c8cba458c330ccff548b056e95a5d4","name":"moacir","image":{"@type":"ImageObject","inLanguage":"pt-BR","@id":"https:\/\/franciscanos.org.br\/noticias\/#\/schema\/person\/image\/","url":"https:\/\/secure.gravatar.com\/avatar\/d08aa2ce4c8dd416d4479aa8536fcf64?s=96&d=mm&r=g","contentUrl":"https:\/\/secure.gravatar.com\/avatar\/d08aa2ce4c8dd416d4479aa8536fcf64?s=96&d=mm&r=g","caption":"moacir"},"url":"https:\/\/franciscanos.org.br\/noticias\/author\/moacir"}]}},"_links":{"self":[{"href":"https:\/\/franciscanos.org.br\/noticias\/wp-json\/wp\/v2\/posts\/238521"}],"collection":[{"href":"https:\/\/franciscanos.org.br\/noticias\/wp-json\/wp\/v2\/posts"}],"about":[{"href":"https:\/\/franciscanos.org.br\/noticias\/wp-json\/wp\/v2\/types\/post"}],"author":[{"embeddable":true,"href":"https:\/\/franciscanos.org.br\/noticias\/wp-json\/wp\/v2\/users\/3"}],"replies":[{"embeddable":true,"href":"https:\/\/franciscanos.org.br\/noticias\/wp-json\/wp\/v2\/comments?post=238521"}],"version-history":[{"count":2,"href":"https:\/\/franciscanos.org.br\/noticias\/wp-json\/wp\/v2\/posts\/238521\/revisions"}],"predecessor-version":[{"id":238524,"href":"https:\/\/franciscanos.org.br\/noticias\/wp-json\/wp\/v2\/posts\/238521\/revisions\/238524"}],"wp:featuredmedia":[{"embeddable":true,"href":"https:\/\/franciscanos.org.br\/noticias\/wp-json\/wp\/v2\/media\/238522"}],"wp:attachment":[{"href":"https:\/\/franciscanos.org.br\/noticias\/wp-json\/wp\/v2\/media?parent=238521"}],"wp:term":[{"taxonomy":"category","embeddable":true,"href":"https:\/\/franciscanos.org.br\/noticias\/wp-json\/wp\/v2\/categories?post=238521"},{"taxonomy":"post_tag","embeddable":true,"href":"https:\/\/franciscanos.org.br\/noticias\/wp-json\/wp\/v2\/tags?post=238521"}],"curies":[{"name":"wp","href":"https:\/\/api.w.org\/{rel}","templated":true}]}}