{"id":238509,"date":"2022-06-14T15:38:39","date_gmt":"2022-06-14T18:38:39","guid":{"rendered":"https:\/\/franciscanos.org.br\/noticias\/?p=238509"},"modified":"2022-06-16T07:25:30","modified_gmt":"2022-06-16T10:25:30","slug":"sorocaba-santo-antonio-arauto-do-amor-de-deus-sabio-nas-palavras-humilde-na-essencia-e-autentico-em-obras","status":"publish","type":"post","link":"https:\/\/franciscanos.org.br\/noticias\/sorocaba-santo-antonio-arauto-do-amor-de-deus-sabio-nas-palavras-humilde-na-essencia-e-autentico-em-obras.html","title":{"rendered":"Sorocaba: &#8220;Santo Ant\u00f4nio: Arauto do amor de Deus, s\u00e1bio nas palavras, humilde na ess\u00eancia e aut\u00eantico em obras&#8221;"},"content":{"rendered":"<p><img loading=\"lazy\" class=\"alignnone size-full wp-image-238510\" src=\"https:\/\/franciscanos.org.br\/noticias\/wp-content\/uploads\/2022\/06\/sorocaba_01.jpg\" alt=\"\" width=\"1280\" height=\"720\" srcset=\"https:\/\/franciscanos.org.br\/noticias\/wp-content\/uploads\/2022\/06\/sorocaba_01.jpg 1280w, https:\/\/franciscanos.org.br\/noticias\/wp-content\/uploads\/2022\/06\/sorocaba_01-450x253.jpg 450w, https:\/\/franciscanos.org.br\/noticias\/wp-content\/uploads\/2022\/06\/sorocaba_01-1024x576.jpg 1024w, https:\/\/franciscanos.org.br\/noticias\/wp-content\/uploads\/2022\/06\/sorocaba_01-768x432.jpg 768w, https:\/\/franciscanos.org.br\/noticias\/wp-content\/uploads\/2022\/06\/sorocaba_01-150x84.jpg 150w\" sizes=\"(max-width: 1280px) 100vw, 1280px\" \/><br \/>\nAs festividades na Par\u00f3quia Santo Ant\u00f4nio, em Sorocaba (SP), se iniciaram no dia 14 de maio com a tradicional quermesse, que acontecia aos finais de semana em nosso Centro Pastoral. Contamos com a venda de churrasquinho, pizza, pastel, lanches de pernil e calabresa, doces t\u00edpicos, refrigerante, suco, \u00e1gua, cerveja, vinho quente, quent\u00e3o e chocolate quente. Para a divers\u00e3o t\u00ednhamos tamb\u00e9m o famoso &#8220;avi\u00e3ozinho&#8221; e pesca. Aproximadamente 2 mil pessoas passaram por l\u00e1 nos 5 finais de semana de quermesse.<\/p>\n<p>No dia 31 de maio demos in\u00edcio \u00e0 Trezena em Honra e Louvor a Santo Ant\u00f4nio. As missas aconteciam \u00e0s 7h, 15h e 19h em nossa matriz. As celebra\u00e7\u00f5es foram marcadas pelas presen\u00e7as de Frei Gilberto Marcos S. Piscitelli (P\u00e1roco), Frei Roz\u00e2ntimo A. Costa (Vig\u00e1rio), Di\u00e1cono Ant\u00f4nio Jo\u00e3o Tamiozzo, Frei Benedito G. G Gon\u00e7alves (Par\u00f3quia Bom Jesus dos Aflitos &#8211; Sorocaba), Frei Jos\u00e9 Raimundo de Souza (Par\u00f3quia Bom Jesus dos Aflitos &#8211; Sorocaba), Frei Vanilton Aparecido Leme (Par\u00f3quia Santo Ant\u00f4nio &#8211; Bauru), Frei Vit\u00f3rio Mazzuco Filho (Universidade S\u00e3o Francisco), Frei Paulo Pereira (Ministro Provincial &#8211; Prov\u00edncia Franciscana da Imaculada Concei\u00e7\u00e3o do Brasil), Frei Rodrigo da S. Santos (Prov\u00edncia Franciscana da Imaculada Concei\u00e7\u00e3o do Brasil) e Padre Arari dos S. Amorim (Par\u00f3quia Nossa Senhora do Povo &#8211; Sorocaba).<\/p>\n<p><img loading=\"lazy\" class=\"alignnone wp-image-238511 size-full\" src=\"https:\/\/franciscanos.org.br\/noticias\/wp-content\/uploads\/2022\/06\/sorocaba_05.jpg\" alt=\"\" width=\"1280\" height=\"961\" srcset=\"https:\/\/franciscanos.org.br\/noticias\/wp-content\/uploads\/2022\/06\/sorocaba_05.jpg 1280w, https:\/\/franciscanos.org.br\/noticias\/wp-content\/uploads\/2022\/06\/sorocaba_05-450x338.jpg 450w, https:\/\/franciscanos.org.br\/noticias\/wp-content\/uploads\/2022\/06\/sorocaba_05-1024x769.jpg 1024w, https:\/\/franciscanos.org.br\/noticias\/wp-content\/uploads\/2022\/06\/sorocaba_05-768x577.jpg 768w, https:\/\/franciscanos.org.br\/noticias\/wp-content\/uploads\/2022\/06\/sorocaba_05-150x113.jpg 150w, https:\/\/franciscanos.org.br\/noticias\/wp-content\/uploads\/2022\/06\/sorocaba_05-600x450.jpg 600w\" sizes=\"(max-width: 1280px) 100vw, 1280px\" \/><\/p>\n<p>Durante a Trezena, ap\u00f3s as missas das 19h, aconteceu o Festival de Sopas, onde as pessoas puderam saborear as deliciosas sopas de cebola, legumes, mandioquinha com frango, mandioca com carne e a canja de frango. Tamb\u00e9m tivemos a Noite do MC Santo Ant\u00f4nio e a Noite da Fogazza.<\/p>\n<p>No dia 12 de junho, iniciamos a confec\u00e7\u00e3o de 4 toneladas do tradicional Bolo de Santo Ant\u00f4nio. Aproximadamente 30 volunt\u00e1rios trabalharam para montar 85 t\u00e1buas de bolos.<\/p>\n\n\t\t<style type=\"text\/css\">\n\t\t\t#gallery-1 {\n\t\t\t\tmargin: auto;\n\t\t\t}\n\t\t\t#gallery-1 .gallery-item {\n\t\t\t\tfloat: left;\n\t\t\t\tmargin-top: 10px;\n\t\t\t\ttext-align: center;\n\t\t\t\twidth: 50%;\n\t\t\t}\n\t\t\t#gallery-1 img {\n\t\t\t\tborder: 2px solid #cfcfcf;\n\t\t\t}\n\t\t\t#gallery-1 .gallery-caption {\n\t\t\t\tmargin-left: 0;\n\t\t\t}\n\t\t\t\/* see gallery_shortcode() in wp-includes\/media.php *\/\n\t\t<\/style>\n\t\t<div id='gallery-1' class='gallery galleryid-238509 gallery-columns-2 gallery-size-thumbnail'><dl class='gallery-item'>\n\t\t\t<dt class='gallery-icon landscape'>\n\t\t\t\t<a href='https:\/\/franciscanos.org.br\/noticias\/wp-content\/uploads\/2022\/06\/sorocaba_02.jpg'><img width=\"300\" height=\"300\" src=\"https:\/\/franciscanos.org.br\/noticias\/wp-content\/uploads\/2022\/06\/sorocaba_02-300x300.jpg\" class=\"attachment-thumbnail size-thumbnail\" alt=\"\" loading=\"lazy\" srcset=\"https:\/\/franciscanos.org.br\/noticias\/wp-content\/uploads\/2022\/06\/sorocaba_02-300x300.jpg 300w, https:\/\/franciscanos.org.br\/noticias\/wp-content\/uploads\/2022\/06\/sorocaba_02-100x100.jpg 100w\" sizes=\"(max-width: 300px) 100vw, 300px\" \/><\/a>\n\t\t\t<\/dt><\/dl><dl class='gallery-item'>\n\t\t\t<dt class='gallery-icon landscape'>\n\t\t\t\t<a href='https:\/\/franciscanos.org.br\/noticias\/wp-content\/uploads\/2022\/06\/sorocaba_03.jpg'><img width=\"300\" height=\"300\" src=\"https:\/\/franciscanos.org.br\/noticias\/wp-content\/uploads\/2022\/06\/sorocaba_03-300x300.jpg\" class=\"attachment-thumbnail size-thumbnail\" alt=\"\" loading=\"lazy\" srcset=\"https:\/\/franciscanos.org.br\/noticias\/wp-content\/uploads\/2022\/06\/sorocaba_03-300x300.jpg 300w, https:\/\/franciscanos.org.br\/noticias\/wp-content\/uploads\/2022\/06\/sorocaba_03-100x100.jpg 100w\" sizes=\"(max-width: 300px) 100vw, 300px\" \/><\/a>\n\t\t\t<\/dt><\/dl><br style=\"clear: both\" \/>\n\t\t<\/div>\n\n<p>J\u00e1 no dia 13 de junho, tivemos a venda dos peda\u00e7os do Bolo de Santo Ant\u00f4nio. Foram vendidos 15 mil peda\u00e7os de bolo com 5 mil medalhinhas de Santo Ant\u00f4nio distribu\u00eddas entre eles. Os fi\u00e9is acreditam que, segundo a tradi\u00e7\u00e3o, ao comer o bolo e encontrar a medalhinha ter\u00e3o um sonho realizado. A renda do bolo e de toda a quermesse \u00e9 revertida aos projetos sociais realizados pela par\u00f3quia e tamb\u00e9m \u00e0s melhorias.<\/p>\n\n\t\t<style type=\"text\/css\">\n\t\t\t#gallery-2 {\n\t\t\t\tmargin: auto;\n\t\t\t}\n\t\t\t#gallery-2 .gallery-item {\n\t\t\t\tfloat: left;\n\t\t\t\tmargin-top: 10px;\n\t\t\t\ttext-align: center;\n\t\t\t\twidth: 25%;\n\t\t\t}\n\t\t\t#gallery-2 img {\n\t\t\t\tborder: 2px solid #cfcfcf;\n\t\t\t}\n\t\t\t#gallery-2 .gallery-caption {\n\t\t\t\tmargin-left: 0;\n\t\t\t}\n\t\t\t\/* see gallery_shortcode() in wp-includes\/media.php *\/\n\t\t<\/style>\n\t\t<div id='gallery-2' class='gallery galleryid-238509 gallery-columns-4 gallery-size-thumbnail'><dl class='gallery-item'>\n\t\t\t<dt class='gallery-icon landscape'>\n\t\t\t\t<a href='https:\/\/franciscanos.org.br\/noticias\/wp-content\/uploads\/2022\/06\/sorocaba_04.jpg'><img width=\"300\" height=\"300\" src=\"https:\/\/franciscanos.org.br\/noticias\/wp-content\/uploads\/2022\/06\/sorocaba_04-300x300.jpg\" class=\"attachment-thumbnail size-thumbnail\" alt=\"\" loading=\"lazy\" srcset=\"https:\/\/franciscanos.org.br\/noticias\/wp-content\/uploads\/2022\/06\/sorocaba_04-300x300.jpg 300w, https:\/\/franciscanos.org.br\/noticias\/wp-content\/uploads\/2022\/06\/sorocaba_04-100x100.jpg 100w\" sizes=\"(max-width: 300px) 100vw, 300px\" \/><\/a>\n\t\t\t<\/dt><\/dl><dl class='gallery-item'>\n\t\t\t<dt class='gallery-icon landscape'>\n\t\t\t\t<a href='https:\/\/franciscanos.org.br\/noticias\/wp-content\/uploads\/2022\/06\/sorocaba_06.jpg'><img width=\"300\" height=\"300\" src=\"https:\/\/franciscanos.org.br\/noticias\/wp-content\/uploads\/2022\/06\/sorocaba_06-300x300.jpg\" class=\"attachment-thumbnail size-thumbnail\" alt=\"\" loading=\"lazy\" srcset=\"https:\/\/franciscanos.org.br\/noticias\/wp-content\/uploads\/2022\/06\/sorocaba_06-300x300.jpg 300w, https:\/\/franciscanos.org.br\/noticias\/wp-content\/uploads\/2022\/06\/sorocaba_06-100x100.jpg 100w\" sizes=\"(max-width: 300px) 100vw, 300px\" \/><\/a>\n\t\t\t<\/dt><\/dl><dl class='gallery-item'>\n\t\t\t<dt class='gallery-icon landscape'>\n\t\t\t\t<a href='https:\/\/franciscanos.org.br\/noticias\/wp-content\/uploads\/2022\/06\/sorocaba_07.jpg'><img width=\"300\" height=\"300\" src=\"https:\/\/franciscanos.org.br\/noticias\/wp-content\/uploads\/2022\/06\/sorocaba_07-300x300.jpg\" class=\"attachment-thumbnail size-thumbnail\" alt=\"\" loading=\"lazy\" srcset=\"https:\/\/franciscanos.org.br\/noticias\/wp-content\/uploads\/2022\/06\/sorocaba_07-300x300.jpg 300w, https:\/\/franciscanos.org.br\/noticias\/wp-content\/uploads\/2022\/06\/sorocaba_07-100x100.jpg 100w\" sizes=\"(max-width: 300px) 100vw, 300px\" \/><\/a>\n\t\t\t<\/dt><\/dl><dl class='gallery-item'>\n\t\t\t<dt class='gallery-icon landscape'>\n\t\t\t\t<a href='https:\/\/franciscanos.org.br\/noticias\/wp-content\/uploads\/2022\/06\/sorocaba_08.jpg'><img width=\"300\" height=\"300\" src=\"https:\/\/franciscanos.org.br\/noticias\/wp-content\/uploads\/2022\/06\/sorocaba_08-300x300.jpg\" class=\"attachment-thumbnail size-thumbnail\" alt=\"\" loading=\"lazy\" srcset=\"https:\/\/franciscanos.org.br\/noticias\/wp-content\/uploads\/2022\/06\/sorocaba_08-300x300.jpg 300w, https:\/\/franciscanos.org.br\/noticias\/wp-content\/uploads\/2022\/06\/sorocaba_08-100x100.jpg 100w\" sizes=\"(max-width: 300px) 100vw, 300px\" \/><\/a>\n\t\t\t<\/dt><\/dl><br style=\"clear: both\" \/>\n\t\t<\/div>\n\n<p><em> \u00a0 \u00a0 \u00a0 (toque nas imagens para ampli\u00e1-las)<\/em><\/p>\n<p>Tamb\u00e9m no dia 13 de junho, dia de Santo Ant\u00f4nio, aconteceram 5 missas em nossa matriz \u00e0s 07h, 10h, 12h, 15h e 19h. As celebra\u00e7\u00f5es tiveram os respectivos celebrantes Frei Jos\u00e9 Raimundo de Souza (Par\u00f3quia Bom Jesus dos Aflitos &#8211; Sorocaba), Frei Benedito G. G Gon\u00e7alves (Par\u00f3quia Bom Jesus dos Aflitos &#8211; Sorocaba), Frei Roz\u00e2ntimo A. Costa (Vig\u00e1rio) e Frei Gilberto Marcos S. Piscitelli (P\u00e1roco). J\u00e1 a missa de encerramento que aconteceu \u00e0s 19h, foi presidida pelo Arcebispo Dom Julio Endi Akamine que nos trouxe uma reflex\u00e3o profunda sobre a vida de Santo Ant\u00f4nio.&#8221;<\/p>\n<hr \/>\n<p><em>Texto e Fotos: Pascom Par\u00f3quia Santo Ant\u00f4nio em Sorocaba<\/em><\/p>\n","protected":false},"excerpt":{"rendered":"<p>Par\u00f3quia Santo Ant\u00f4nio de Sorocaba<\/p>\n","protected":false},"author":3,"featured_media":238510,"comment_status":"open","ping_status":"open","sticky":false,"template":"","format":"standard","meta":[],"categories":[1],"tags":[2034],"acf":[],"yoast_head":"<!-- This site is optimized with the Yoast SEO plugin v19.2 - https:\/\/yoast.com\/wordpress\/plugins\/seo\/ -->\n<title>Sorocaba: &quot;Santo Ant\u00f4nio: Arauto do amor de Deus, s\u00e1bio nas palavras, humilde na ess\u00eancia e aut\u00eantico em obras&quot; - Not\u00edcias - Franciscanos<\/title>\n<meta name=\"robots\" content=\"index, follow, max-snippet:-1, max-image-preview:large, max-video-preview:-1\" \/>\n<link rel=\"canonical\" href=\"https:\/\/franciscanos.org.br\/noticias\/sorocaba-santo-antonio-arauto-do-amor-de-deus-sabio-nas-palavras-humilde-na-essencia-e-autentico-em-obras.html\" \/>\n<meta property=\"og:locale\" content=\"pt_BR\" \/>\n<meta property=\"og:type\" content=\"article\" \/>\n<meta property=\"og:title\" content=\"Sorocaba: &quot;Santo Ant\u00f4nio: Arauto do amor de Deus, s\u00e1bio nas palavras, humilde na ess\u00eancia e aut\u00eantico em obras&quot; - Not\u00edcias - Franciscanos\" \/>\n<meta property=\"og:description\" content=\"Par\u00f3quia Santo Ant\u00f4nio de Sorocaba\" \/>\n<meta property=\"og:url\" content=\"https:\/\/franciscanos.org.br\/noticias\/sorocaba-santo-antonio-arauto-do-amor-de-deus-sabio-nas-palavras-humilde-na-essencia-e-autentico-em-obras.html\" \/>\n<meta property=\"og:site_name\" content=\"Not\u00edcias - Franciscanos\" \/>\n<meta property=\"article:published_time\" content=\"2022-06-14T18:38:39+00:00\" \/>\n<meta property=\"article:modified_time\" content=\"2022-06-16T10:25:30+00:00\" \/>\n<meta property=\"og:image\" content=\"https:\/\/franciscanos.org.br\/noticias\/wp-content\/uploads\/2022\/06\/sorocaba_01.jpg\" \/>\n\t<meta property=\"og:image:width\" content=\"1280\" \/>\n\t<meta property=\"og:image:height\" content=\"720\" \/>\n\t<meta property=\"og:image:type\" content=\"image\/jpeg\" \/>\n<meta name=\"author\" content=\"moacir\" \/>\n<meta name=\"twitter:card\" content=\"summary_large_image\" \/>\n<meta name=\"twitter:label1\" content=\"Escrito por\" \/>\n\t<meta name=\"twitter:data1\" content=\"moacir\" \/>\n\t<meta name=\"twitter:label2\" content=\"Est. tempo de leitura\" \/>\n\t<meta name=\"twitter:data2\" content=\"3 minutos\" \/>\n<script type=\"application\/ld+json\" class=\"yoast-schema-graph\">{\"@context\":\"https:\/\/schema.org\",\"@graph\":[{\"@type\":\"WebSite\",\"@id\":\"https:\/\/franciscanos.org.br\/noticias\/#website\",\"url\":\"https:\/\/franciscanos.org.br\/noticias\/\",\"name\":\"Not\u00edcias - Franciscanos\",\"description\":\"Prov\u00edncia Franciscana da Imaculada Concei\u00e7\u00e3o do Brasil - Ordem dos Frades Menores - OFM\",\"potentialAction\":[{\"@type\":\"SearchAction\",\"target\":{\"@type\":\"EntryPoint\",\"urlTemplate\":\"https:\/\/franciscanos.org.br\/noticias\/?s={search_term_string}\"},\"query-input\":\"required name=search_term_string\"}],\"inLanguage\":\"pt-BR\"},{\"@type\":\"ImageObject\",\"inLanguage\":\"pt-BR\",\"@id\":\"https:\/\/franciscanos.org.br\/noticias\/sorocaba-santo-antonio-arauto-do-amor-de-deus-sabio-nas-palavras-humilde-na-essencia-e-autentico-em-obras.html#primaryimage\",\"url\":\"https:\/\/franciscanos.org.br\/noticias\/wp-content\/uploads\/2022\/06\/sorocaba_01.jpg\",\"contentUrl\":\"https:\/\/franciscanos.org.br\/noticias\/wp-content\/uploads\/2022\/06\/sorocaba_01.jpg\",\"width\":1280,\"height\":720},{\"@type\":\"WebPage\",\"@id\":\"https:\/\/franciscanos.org.br\/noticias\/sorocaba-santo-antonio-arauto-do-amor-de-deus-sabio-nas-palavras-humilde-na-essencia-e-autentico-em-obras.html#webpage\",\"url\":\"https:\/\/franciscanos.org.br\/noticias\/sorocaba-santo-antonio-arauto-do-amor-de-deus-sabio-nas-palavras-humilde-na-essencia-e-autentico-em-obras.html\",\"name\":\"Sorocaba: \\\"Santo Ant\u00f4nio: Arauto do amor de Deus, s\u00e1bio nas palavras, humilde na ess\u00eancia e aut\u00eantico em obras\\\" - Not\u00edcias - Franciscanos\",\"isPartOf\":{\"@id\":\"https:\/\/franciscanos.org.br\/noticias\/#website\"},\"primaryImageOfPage\":{\"@id\":\"https:\/\/franciscanos.org.br\/noticias\/sorocaba-santo-antonio-arauto-do-amor-de-deus-sabio-nas-palavras-humilde-na-essencia-e-autentico-em-obras.html#primaryimage\"},\"datePublished\":\"2022-06-14T18:38:39+00:00\",\"dateModified\":\"2022-06-16T10:25:30+00:00\",\"author\":{\"@id\":\"https:\/\/franciscanos.org.br\/noticias\/#\/schema\/person\/b5c8cba458c330ccff548b056e95a5d4\"},\"breadcrumb\":{\"@id\":\"https:\/\/franciscanos.org.br\/noticias\/sorocaba-santo-antonio-arauto-do-amor-de-deus-sabio-nas-palavras-humilde-na-essencia-e-autentico-em-obras.html#breadcrumb\"},\"inLanguage\":\"pt-BR\",\"potentialAction\":[{\"@type\":\"ReadAction\",\"target\":[\"https:\/\/franciscanos.org.br\/noticias\/sorocaba-santo-antonio-arauto-do-amor-de-deus-sabio-nas-palavras-humilde-na-essencia-e-autentico-em-obras.html\"]}]},{\"@type\":\"BreadcrumbList\",\"@id\":\"https:\/\/franciscanos.org.br\/noticias\/sorocaba-santo-antonio-arauto-do-amor-de-deus-sabio-nas-palavras-humilde-na-essencia-e-autentico-em-obras.html#breadcrumb\",\"itemListElement\":[{\"@type\":\"ListItem\",\"position\":1,\"name\":\"Home\",\"item\":\"https:\/\/franciscanos.org.br\/noticias\"},{\"@type\":\"ListItem\",\"position\":2,\"name\":\"Sorocaba: &#8220;Santo Ant\u00f4nio: Arauto do amor de Deus, s\u00e1bio nas palavras, humilde na ess\u00eancia e aut\u00eantico em obras&#8221;\"}]},{\"@type\":\"Person\",\"@id\":\"https:\/\/franciscanos.org.br\/noticias\/#\/schema\/person\/b5c8cba458c330ccff548b056e95a5d4\",\"name\":\"moacir\",\"image\":{\"@type\":\"ImageObject\",\"inLanguage\":\"pt-BR\",\"@id\":\"https:\/\/franciscanos.org.br\/noticias\/#\/schema\/person\/image\/\",\"url\":\"https:\/\/secure.gravatar.com\/avatar\/d08aa2ce4c8dd416d4479aa8536fcf64?s=96&d=mm&r=g\",\"contentUrl\":\"https:\/\/secure.gravatar.com\/avatar\/d08aa2ce4c8dd416d4479aa8536fcf64?s=96&d=mm&r=g\",\"caption\":\"moacir\"},\"url\":\"https:\/\/franciscanos.org.br\/noticias\/author\/moacir\"}]}<\/script>\n<!-- \/ Yoast SEO plugin. -->","yoast_head_json":{"title":"Sorocaba: \"Santo Ant\u00f4nio: Arauto do amor de Deus, s\u00e1bio nas palavras, humilde na ess\u00eancia e aut\u00eantico em obras\" - Not\u00edcias - Franciscanos","robots":{"index":"index","follow":"follow","max-snippet":"max-snippet:-1","max-image-preview":"max-image-preview:large","max-video-preview":"max-video-preview:-1"},"canonical":"https:\/\/franciscanos.org.br\/noticias\/sorocaba-santo-antonio-arauto-do-amor-de-deus-sabio-nas-palavras-humilde-na-essencia-e-autentico-em-obras.html","og_locale":"pt_BR","og_type":"article","og_title":"Sorocaba: \"Santo Ant\u00f4nio: Arauto do amor de Deus, s\u00e1bio nas palavras, humilde na ess\u00eancia e aut\u00eantico em obras\" - Not\u00edcias - Franciscanos","og_description":"Par\u00f3quia Santo Ant\u00f4nio de Sorocaba","og_url":"https:\/\/franciscanos.org.br\/noticias\/sorocaba-santo-antonio-arauto-do-amor-de-deus-sabio-nas-palavras-humilde-na-essencia-e-autentico-em-obras.html","og_site_name":"Not\u00edcias - Franciscanos","article_published_time":"2022-06-14T18:38:39+00:00","article_modified_time":"2022-06-16T10:25:30+00:00","og_image":[{"width":1280,"height":720,"url":"https:\/\/franciscanos.org.br\/noticias\/wp-content\/uploads\/2022\/06\/sorocaba_01.jpg","type":"image\/jpeg"}],"author":"moacir","twitter_card":"summary_large_image","twitter_misc":{"Escrito por":"moacir","Est. tempo de leitura":"3 minutos"},"schema":{"@context":"https:\/\/schema.org","@graph":[{"@type":"WebSite","@id":"https:\/\/franciscanos.org.br\/noticias\/#website","url":"https:\/\/franciscanos.org.br\/noticias\/","name":"Not\u00edcias - Franciscanos","description":"Prov\u00edncia Franciscana da Imaculada Concei\u00e7\u00e3o do Brasil - Ordem dos Frades Menores - OFM","potentialAction":[{"@type":"SearchAction","target":{"@type":"EntryPoint","urlTemplate":"https:\/\/franciscanos.org.br\/noticias\/?s={search_term_string}"},"query-input":"required name=search_term_string"}],"inLanguage":"pt-BR"},{"@type":"ImageObject","inLanguage":"pt-BR","@id":"https:\/\/franciscanos.org.br\/noticias\/sorocaba-santo-antonio-arauto-do-amor-de-deus-sabio-nas-palavras-humilde-na-essencia-e-autentico-em-obras.html#primaryimage","url":"https:\/\/franciscanos.org.br\/noticias\/wp-content\/uploads\/2022\/06\/sorocaba_01.jpg","contentUrl":"https:\/\/franciscanos.org.br\/noticias\/wp-content\/uploads\/2022\/06\/sorocaba_01.jpg","width":1280,"height":720},{"@type":"WebPage","@id":"https:\/\/franciscanos.org.br\/noticias\/sorocaba-santo-antonio-arauto-do-amor-de-deus-sabio-nas-palavras-humilde-na-essencia-e-autentico-em-obras.html#webpage","url":"https:\/\/franciscanos.org.br\/noticias\/sorocaba-santo-antonio-arauto-do-amor-de-deus-sabio-nas-palavras-humilde-na-essencia-e-autentico-em-obras.html","name":"Sorocaba: \"Santo Ant\u00f4nio: Arauto do amor de Deus, s\u00e1bio nas palavras, humilde na ess\u00eancia e aut\u00eantico em obras\" - Not\u00edcias - Franciscanos","isPartOf":{"@id":"https:\/\/franciscanos.org.br\/noticias\/#website"},"primaryImageOfPage":{"@id":"https:\/\/franciscanos.org.br\/noticias\/sorocaba-santo-antonio-arauto-do-amor-de-deus-sabio-nas-palavras-humilde-na-essencia-e-autentico-em-obras.html#primaryimage"},"datePublished":"2022-06-14T18:38:39+00:00","dateModified":"2022-06-16T10:25:30+00:00","author":{"@id":"https:\/\/franciscanos.org.br\/noticias\/#\/schema\/person\/b5c8cba458c330ccff548b056e95a5d4"},"breadcrumb":{"@id":"https:\/\/franciscanos.org.br\/noticias\/sorocaba-santo-antonio-arauto-do-amor-de-deus-sabio-nas-palavras-humilde-na-essencia-e-autentico-em-obras.html#breadcrumb"},"inLanguage":"pt-BR","potentialAction":[{"@type":"ReadAction","target":["https:\/\/franciscanos.org.br\/noticias\/sorocaba-santo-antonio-arauto-do-amor-de-deus-sabio-nas-palavras-humilde-na-essencia-e-autentico-em-obras.html"]}]},{"@type":"BreadcrumbList","@id":"https:\/\/franciscanos.org.br\/noticias\/sorocaba-santo-antonio-arauto-do-amor-de-deus-sabio-nas-palavras-humilde-na-essencia-e-autentico-em-obras.html#breadcrumb","itemListElement":[{"@type":"ListItem","position":1,"name":"Home","item":"https:\/\/franciscanos.org.br\/noticias"},{"@type":"ListItem","position":2,"name":"Sorocaba: &#8220;Santo Ant\u00f4nio: Arauto do amor de Deus, s\u00e1bio nas palavras, humilde na ess\u00eancia e aut\u00eantico em obras&#8221;"}]},{"@type":"Person","@id":"https:\/\/franciscanos.org.br\/noticias\/#\/schema\/person\/b5c8cba458c330ccff548b056e95a5d4","name":"moacir","image":{"@type":"ImageObject","inLanguage":"pt-BR","@id":"https:\/\/franciscanos.org.br\/noticias\/#\/schema\/person\/image\/","url":"https:\/\/secure.gravatar.com\/avatar\/d08aa2ce4c8dd416d4479aa8536fcf64?s=96&d=mm&r=g","contentUrl":"https:\/\/secure.gravatar.com\/avatar\/d08aa2ce4c8dd416d4479aa8536fcf64?s=96&d=mm&r=g","caption":"moacir"},"url":"https:\/\/franciscanos.org.br\/noticias\/author\/moacir"}]}},"_links":{"self":[{"href":"https:\/\/franciscanos.org.br\/noticias\/wp-json\/wp\/v2\/posts\/238509"}],"collection":[{"href":"https:\/\/franciscanos.org.br\/noticias\/wp-json\/wp\/v2\/posts"}],"about":[{"href":"https:\/\/franciscanos.org.br\/noticias\/wp-json\/wp\/v2\/types\/post"}],"author":[{"embeddable":true,"href":"https:\/\/franciscanos.org.br\/noticias\/wp-json\/wp\/v2\/users\/3"}],"replies":[{"embeddable":true,"href":"https:\/\/franciscanos.org.br\/noticias\/wp-json\/wp\/v2\/comments?post=238509"}],"version-history":[{"count":1,"href":"https:\/\/franciscanos.org.br\/noticias\/wp-json\/wp\/v2\/posts\/238509\/revisions"}],"predecessor-version":[{"id":238518,"href":"https:\/\/franciscanos.org.br\/noticias\/wp-json\/wp\/v2\/posts\/238509\/revisions\/238518"}],"wp:featuredmedia":[{"embeddable":true,"href":"https:\/\/franciscanos.org.br\/noticias\/wp-json\/wp\/v2\/media\/238510"}],"wp:attachment":[{"href":"https:\/\/franciscanos.org.br\/noticias\/wp-json\/wp\/v2\/media?parent=238509"}],"wp:term":[{"taxonomy":"category","embeddable":true,"href":"https:\/\/franciscanos.org.br\/noticias\/wp-json\/wp\/v2\/categories?post=238509"},{"taxonomy":"post_tag","embeddable":true,"href":"https:\/\/franciscanos.org.br\/noticias\/wp-json\/wp\/v2\/tags?post=238509"}],"curies":[{"name":"wp","href":"https:\/\/api.w.org\/{rel}","templated":true}]}}