{"id":238451,"date":"2022-06-13T19:19:28","date_gmt":"2022-06-13T22:19:28","guid":{"rendered":"https:\/\/franciscanos.org.br\/noticias\/?p=238451"},"modified":"2022-06-13T19:20:26","modified_gmt":"2022-06-13T22:20:26","slug":"e-hora-de-falarmos-a-linguagem-do-amor-pede-frei-gilberto-na-festa-de-santo-antonio","status":"publish","type":"post","link":"https:\/\/franciscanos.org.br\/noticias\/e-hora-de-falarmos-a-linguagem-do-amor-pede-frei-gilberto-na-festa-de-santo-antonio.html","title":{"rendered":"\u201c\u00c9 hora de falarmos a linguagem do amor\u201d, pede Frei Gilberto na Festa de Santo Ant\u00f4nio"},"content":{"rendered":"<p style=\"font-weight: 400;\"><strong> <img loading=\"lazy\" class=\"alignnone wp-image-238458 size-full\" src=\"https:\/\/franciscanos.org.br\/noticias\/wp-content\/uploads\/2022\/06\/petropolis_130622.jpg\" alt=\"\" width=\"1280\" height=\"720\" srcset=\"https:\/\/franciscanos.org.br\/noticias\/wp-content\/uploads\/2022\/06\/petropolis_130622.jpg 1280w, https:\/\/franciscanos.org.br\/noticias\/wp-content\/uploads\/2022\/06\/petropolis_130622-450x253.jpg 450w, https:\/\/franciscanos.org.br\/noticias\/wp-content\/uploads\/2022\/06\/petropolis_130622-1024x576.jpg 1024w, https:\/\/franciscanos.org.br\/noticias\/wp-content\/uploads\/2022\/06\/petropolis_130622-768x432.jpg 768w, https:\/\/franciscanos.org.br\/noticias\/wp-content\/uploads\/2022\/06\/petropolis_130622-150x84.jpg 150w\" sizes=\"(max-width: 1280px) 100vw, 1280px\" \/><\/strong><\/p>\n<p style=\"font-weight: 400;\"><strong>Petr\u00f3polis (RJ) &#8211;<\/strong> No Convento dos frades franciscanos de Petr\u00f3polis (RJ), a Igreja \u00e9 do Sagrado, mas neste dia 13 de junho a Festa foi de Santo Ant\u00f4nio. Durante todo o dia, os frades ministraram b\u00ean\u00e7\u00e3os, celebraram a Eucaristia e distribu\u00edram o famoso P\u00e3o do Santo Franciscano. O dia come\u00e7ou com a solene ora\u00e7\u00e3o da Liturgia das Horas, \u00e0s 6h20, e terminou com a Celebra\u00e7\u00e3o Eucar\u00edstica das 18 horas.<\/p>\n<p style=\"font-weight: 400;\">O vice-mestre dos Frades do Tempo da Teologia e Vig\u00e1rio Paroquial, Frei Gilberto da Silva, presidiu a missa das 15 horas. Desde o tempo da pandemia n\u00e3o se via uma igreja t\u00e3o lotada, o que alegrou a todos. Com simplicidade e simpatia, pediu logo no in\u00edcio da Santa Missa uma salva de palmas para Santo Ant\u00f4nio.<\/p>\n<p style=\"font-weight: 400;\">Frei Gilberto come\u00e7ou sua reflex\u00e3o afirmando que o Evangelho apresenta o mandato de Jesus de ir por todo o mundo e anunciar a Palavra de Deus a toda criatura.\u00a0 Segundo ele, Santo Ant\u00f4nio, um vocacionado de Deus, religiosos agostiniano e por \u00faltimo franciscano, ouviu atentamente este chamado do Senhor.<\/p>\n<p style=\"font-weight: 400;\">Para o frade, Frei Ant\u00f4nio foi um verdadeiro pregador da Palavra de Deus. \u201cO que Ant\u00f4nio vivia ele pregava\u201d, disse, ressaltando que ao anunciar a Palavra de Deus, Santo Ant\u00f4nio pedia ao povo a convers\u00e3o do cora\u00e7\u00e3o.<\/p>\n<p style=\"font-weight: 400;\"><img loading=\"lazy\" class=\"alignnone wp-image-238454 size-full\" src=\"https:\/\/franciscanos.org.br\/noticias\/wp-content\/uploads\/2022\/06\/petropolis_130622_3.jpg\" alt=\"\" width=\"1280\" height=\"720\" srcset=\"https:\/\/franciscanos.org.br\/noticias\/wp-content\/uploads\/2022\/06\/petropolis_130622_3.jpg 1280w, https:\/\/franciscanos.org.br\/noticias\/wp-content\/uploads\/2022\/06\/petropolis_130622_3-450x253.jpg 450w, https:\/\/franciscanos.org.br\/noticias\/wp-content\/uploads\/2022\/06\/petropolis_130622_3-1024x576.jpg 1024w, https:\/\/franciscanos.org.br\/noticias\/wp-content\/uploads\/2022\/06\/petropolis_130622_3-768x432.jpg 768w, https:\/\/franciscanos.org.br\/noticias\/wp-content\/uploads\/2022\/06\/petropolis_130622_3-150x84.jpg 150w\" sizes=\"(max-width: 1280px) 100vw, 1280px\" \/><\/p>\n<p style=\"font-weight: 400;\">\u201cSanto Ant\u00f4nio cheio da Palavra de Deus anuncia um novo tempo, aquele inaugurado por Jesus. O frei portugu\u00eas, com sua vida, deixou para os crist\u00e3os muitos sinais\u201d, frisou. \u201cO maior sinal de Santo Ant\u00f4nio n\u00e3o foi anunciar a si mesmo, mas a Jesus e o Reino de Deus\u201d, acrescentou.<\/p>\n<p style=\"font-weight: 400;\">Para Frei Gilberto, neste tempo de p\u00f3s-pandemia, se faz necess\u00e1rio menos palavras e mais afeto, mais gestos concretos. \u201c\u00c9 hora de falarmos a linguagem do amor, com mais for\u00e7a, mais intensidade, com mais cora\u00e7\u00e3o\u201d, ensinou.<\/p>\n<p style=\"font-weight: 400;\">O celebrante tamb\u00e9m discorreu sobre a realidade atual em que o pa\u00eds se encontra. Segundo ele, o santo franciscano \u00e9 conhecido e reconhecido pelo h\u00e1bito franciscano, pelo l\u00edrio da pobreza e tamb\u00e9m pelo p\u00e3o. \u201cNo s\u00e9culo XXI, com muitas tecnologias, n\u00e3o arrumamos um meio, ou um novo sistema de justi\u00e7a e solidariedade?\u201d, perguntou. \u201cO n\u00famero de pessoas que passa fome aumentou, s\u00e3o 33,1 milh\u00f5es de brasileiros\u201d, evidenciou. \u201cA renova\u00e7\u00e3o das consci\u00eancias e do cora\u00e7\u00e3o tem que come\u00e7ar em mim, em n\u00f3s devotos deste santo franciscano\u201d, destacou.<\/p>\n<p style=\"font-weight: 400;\">\u201cOlhando para o exemplo de Santo Ant\u00f4nio, que propagou o bem, nenhum de n\u00f3s podemos voltar para nossas casas assumindo a velha vila. A caridade \u00e9 nossa linguagem, nosso modo. Que Santo Ant\u00f4nio proteja nossas fam\u00edlias, nossas crian\u00e7as, nossos jovens, idosos e todos que sofrem as doen\u00e7as do corpo e do esp\u00edrito\u201d, concluiu.<\/p>\n<p style=\"font-weight: 400;\">No final, a tradicional b\u00ean\u00e7\u00e3o de Santo Ant\u00f4nio encerrou a celebra\u00e7\u00e3o.<\/p>\n<p style=\"font-weight: 400;\"><img loading=\"lazy\" class=\"alignnone wp-image-238453 size-full\" src=\"https:\/\/franciscanos.org.br\/noticias\/wp-content\/uploads\/2022\/06\/petropolis_130622_2.jpg\" alt=\"\" width=\"1280\" height=\"720\" srcset=\"https:\/\/franciscanos.org.br\/noticias\/wp-content\/uploads\/2022\/06\/petropolis_130622_2.jpg 1280w, https:\/\/franciscanos.org.br\/noticias\/wp-content\/uploads\/2022\/06\/petropolis_130622_2-450x253.jpg 450w, https:\/\/franciscanos.org.br\/noticias\/wp-content\/uploads\/2022\/06\/petropolis_130622_2-1024x576.jpg 1024w, https:\/\/franciscanos.org.br\/noticias\/wp-content\/uploads\/2022\/06\/petropolis_130622_2-768x432.jpg 768w, https:\/\/franciscanos.org.br\/noticias\/wp-content\/uploads\/2022\/06\/petropolis_130622_2-150x84.jpg 150w\" sizes=\"(max-width: 1280px) 100vw, 1280px\" \/><\/p>\n<p style=\"font-weight: 400;\"><strong>SANTO ANT\u00d4NIO: ARCA DO TESTAMENTO E JOIA DA SAGRADA ESCRITURA<\/strong><\/p>\n<p style=\"font-weight: 400;\">Presidida pelo vig\u00e1rio paroquial, Frei Almir Ribeiro Guimar\u00e3es, a solene missa das 18h come\u00e7ou com a prociss\u00e3o de entrada e de s\u00edmbolos caracter\u00edsticos da vida e miss\u00e3o do santo franciscano. O Coral dos Frades do Tempo da Teologia, sob reg\u00eancia do mestre, Frei Marcos Antonio de Andrade, animou toda a solene celebra\u00e7\u00e3o.<\/p>\n<p style=\"font-weight: 400;\">Na sua reflex\u00e3o, Frei Almir come\u00e7ou citando o pref\u00e1cio de uma biografia de Santo Ant\u00f4nio, de Pe. Fernando F\u00e9lix Lopes que se refere a Santo Ant\u00f4nio como a Trombeta do Evangelho: \u201cDesde que h\u00e1 oito s\u00e9culos apareceu no mundo, logo conquistou o cora\u00e7\u00e3o de pequenos e grandes, de s\u00e1bios e ignorantes, de pobres e ricos\u201d, disse.<\/p>\n<p style=\"font-weight: 400;\">Depois, apresentou alguns tra\u00e7os da biografia do santo. Segundo Frei Almir, por ocasi\u00e3o de sua ordena\u00e7\u00e3o sacerdotal, tendo sido solicitado para pregar revelou eloqu\u00eancia e tesouro de s\u00f3lida doutrina. \u201cA partir de ent\u00e3o foi designado para a vida ativa e apost\u00f3lica. Esta teve v\u00e1rios desdobramentos: prega\u00e7\u00e3o, ensino, governo dos confrades como Ministro Provincial, composi\u00e7\u00e3o de seus in\u00fameros serm\u00f5es e escritos\u201d, disse e lembrou que documentos e tradi\u00e7\u00f5es multiplicam seus grandes feitos e milagres.<\/p>\n<p style=\"font-weight: 400;\"><img loading=\"lazy\" class=\"alignnone wp-image-238457 size-full\" src=\"https:\/\/franciscanos.org.br\/noticias\/wp-content\/uploads\/2022\/06\/petropolis_130622_6.jpg\" alt=\"\" width=\"1280\" height=\"720\" srcset=\"https:\/\/franciscanos.org.br\/noticias\/wp-content\/uploads\/2022\/06\/petropolis_130622_6.jpg 1280w, https:\/\/franciscanos.org.br\/noticias\/wp-content\/uploads\/2022\/06\/petropolis_130622_6-450x253.jpg 450w, https:\/\/franciscanos.org.br\/noticias\/wp-content\/uploads\/2022\/06\/petropolis_130622_6-1024x576.jpg 1024w, https:\/\/franciscanos.org.br\/noticias\/wp-content\/uploads\/2022\/06\/petropolis_130622_6-768x432.jpg 768w, https:\/\/franciscanos.org.br\/noticias\/wp-content\/uploads\/2022\/06\/petropolis_130622_6-150x84.jpg 150w\" sizes=\"(max-width: 1280px) 100vw, 1280px\" \/><\/p>\n<p style=\"font-weight: 400;\">\u00a0No dia 13 de junho do mesmo ano morre ali santamente. Onze meses depois \u00e9 canonizado por Greg\u00f3rio IX em Espoleto\u201d, ressaltou. \u201cPio XII em 1946 o proclamou oficialmente doutor da Igreja, t\u00edtulo este a ele atribu\u00eddo logo depois de sua morte\u201d, encerrou.<\/p>\n<p style=\"font-weight: 400;\">A missa das 7h foi presidida pelo Definidor Provincial e Mestre dos Frades do Tempo da Teologia, Frei Marcos. O p\u00e1roco e guardi\u00e3o, Frei Jorge Paulo Schiavini celebrou \u00e0s 8h. Durante todo o dia o tradicional bolo de Santo Ant\u00f4nio foi vendido e esgotou antes mesmo da \u00faltima celebra\u00e7\u00e3o.<\/p>\n\n\t\t<style type=\"text\/css\">\n\t\t\t#gallery-1 {\n\t\t\t\tmargin: auto;\n\t\t\t}\n\t\t\t#gallery-1 .gallery-item {\n\t\t\t\tfloat: left;\n\t\t\t\tmargin-top: 10px;\n\t\t\t\ttext-align: center;\n\t\t\t\twidth: 33%;\n\t\t\t}\n\t\t\t#gallery-1 img {\n\t\t\t\tborder: 2px solid #cfcfcf;\n\t\t\t}\n\t\t\t#gallery-1 .gallery-caption {\n\t\t\t\tmargin-left: 0;\n\t\t\t}\n\t\t\t\/* see gallery_shortcode() in wp-includes\/media.php *\/\n\t\t<\/style>\n\t\t<div id='gallery-1' class='gallery galleryid-238451 gallery-columns-3 gallery-size-thumbnail'><dl class='gallery-item'>\n\t\t\t<dt class='gallery-icon landscape'>\n\t\t\t\t<a href='https:\/\/franciscanos.org.br\/noticias\/wp-content\/uploads\/2022\/06\/petropolis_130622_7.jpg'><img width=\"300\" height=\"300\" src=\"https:\/\/franciscanos.org.br\/noticias\/wp-content\/uploads\/2022\/06\/petropolis_130622_7-300x300.jpg\" class=\"attachment-thumbnail size-thumbnail\" alt=\"\" loading=\"lazy\" srcset=\"https:\/\/franciscanos.org.br\/noticias\/wp-content\/uploads\/2022\/06\/petropolis_130622_7-300x300.jpg 300w, https:\/\/franciscanos.org.br\/noticias\/wp-content\/uploads\/2022\/06\/petropolis_130622_7-100x100.jpg 100w\" sizes=\"(max-width: 300px) 100vw, 300px\" \/><\/a>\n\t\t\t<\/dt><\/dl><dl class='gallery-item'>\n\t\t\t<dt class='gallery-icon landscape'>\n\t\t\t\t<a href='https:\/\/franciscanos.org.br\/noticias\/wp-content\/uploads\/2022\/06\/petropolis_130622_5.jpg'><img width=\"300\" height=\"300\" src=\"https:\/\/franciscanos.org.br\/noticias\/wp-content\/uploads\/2022\/06\/petropolis_130622_5-300x300.jpg\" class=\"attachment-thumbnail size-thumbnail\" alt=\"\" loading=\"lazy\" srcset=\"https:\/\/franciscanos.org.br\/noticias\/wp-content\/uploads\/2022\/06\/petropolis_130622_5-300x300.jpg 300w, https:\/\/franciscanos.org.br\/noticias\/wp-content\/uploads\/2022\/06\/petropolis_130622_5-100x100.jpg 100w\" sizes=\"(max-width: 300px) 100vw, 300px\" \/><\/a>\n\t\t\t<\/dt><\/dl><dl class='gallery-item'>\n\t\t\t<dt class='gallery-icon landscape'>\n\t\t\t\t<a href='https:\/\/franciscanos.org.br\/noticias\/wp-content\/uploads\/2022\/06\/petropolis_130622_8.jpg'><img width=\"300\" height=\"300\" src=\"https:\/\/franciscanos.org.br\/noticias\/wp-content\/uploads\/2022\/06\/petropolis_130622_8-300x300.jpg\" class=\"attachment-thumbnail size-thumbnail\" alt=\"\" loading=\"lazy\" srcset=\"https:\/\/franciscanos.org.br\/noticias\/wp-content\/uploads\/2022\/06\/petropolis_130622_8-300x300.jpg 300w, https:\/\/franciscanos.org.br\/noticias\/wp-content\/uploads\/2022\/06\/petropolis_130622_8-100x100.jpg 100w\" sizes=\"(max-width: 300px) 100vw, 300px\" \/><\/a>\n\t\t\t<\/dt><\/dl><br style=\"clear: both\" \/>\n\t\t<\/div>\n\n<p style=\"font-weight: 400;\"><strong>SANTO ANT\u00d4NIO: P\u00c3O EM TODAS AS MESAS<\/strong><\/p>\n<p style=\"font-weight: 400;\">Na Par\u00f3quia do Sagrado Cora\u00e7\u00e3o, h\u00e1 mais de 20 anos o Grupo de Ora\u00e7\u00e3o Jesus Vive e \u00e9 o Senhor da Renova\u00e7\u00e3o Carism\u00e1tica Cat\u00f3lica (RCC), aceitou o convite e o desafio do ent\u00e3o p\u00e1roco da \u00e9poca, Frei Vitalino Piaia, para organizar e distribuir os p\u00e3es ofertados pelos devotos de Santo Ant\u00f4nio aos mais carentes e necessitados.<\/p>\n<p style=\"font-weight: 400;\">Maria Isabel Pereira participa fielmente h\u00e1 16 anos desta miss\u00e3o, com raras exce\u00e7\u00f5es, e n\u00e3o esconde a alegria em fazer parte da Pastoral do P\u00e3o de Santo Ant\u00f4nio. Dona Isabel, como \u00e9 conhecida, partilha que o trabalho da pastoral consiste em distribuir o p\u00e3o e principalmente acolher e conversar com todos os atendidos.<\/p>\n<p style=\"font-weight: 400;\">Nesta segunda-feira mais de 80 pessoas receberam o p\u00e3o de Santo Ant\u00f4nio. \u201cEssa a\u00e7\u00e3o \u00e9 desenvolvida toda ter\u00e7a-feira, mas hoje, por ser o Dia de Santo Ant\u00f4nio, nossos atendidos receberam al\u00e9m dos p\u00e3es um lanche com cachorro-quente e suco\u201d, explicou. \u201cTodo dia de Santo Ant\u00f4nio uma benfeitora doa 1000 p\u00e3es, um metro de bolo e refrigerantes para esta a\u00e7\u00e3o\u201d, acrescentou.<\/p>\n<p style=\"font-weight: 400;\"><img loading=\"lazy\" class=\"alignnone wp-image-238452 size-full\" src=\"https:\/\/franciscanos.org.br\/noticias\/wp-content\/uploads\/2022\/06\/petropolis_130622_1.jpg\" alt=\"\" width=\"1280\" height=\"720\" srcset=\"https:\/\/franciscanos.org.br\/noticias\/wp-content\/uploads\/2022\/06\/petropolis_130622_1.jpg 1280w, https:\/\/franciscanos.org.br\/noticias\/wp-content\/uploads\/2022\/06\/petropolis_130622_1-450x253.jpg 450w, https:\/\/franciscanos.org.br\/noticias\/wp-content\/uploads\/2022\/06\/petropolis_130622_1-1024x576.jpg 1024w, https:\/\/franciscanos.org.br\/noticias\/wp-content\/uploads\/2022\/06\/petropolis_130622_1-768x432.jpg 768w, https:\/\/franciscanos.org.br\/noticias\/wp-content\/uploads\/2022\/06\/petropolis_130622_1-150x84.jpg 150w\" sizes=\"(max-width: 1280px) 100vw, 1280px\" \/><\/p>\n<p style=\"font-weight: 400;\">\u201cA gente faz um trabalho de acolhida. Muitas pessoas t\u00eam problemas psicol\u00f3gicos, est\u00e3o desorientadas e n\u00f3s conversamos com elas. Tem pessoas que ontem foram acolhidas e que hoje s\u00e3o volunt\u00e1rias neste servi\u00e7o ou que at\u00e9 mesmo se tornam benfeitoras do P\u00e3o de Santo Ant\u00f4nio\u201d, destacou.<\/p>\n<p style=\"font-weight: 400;\">Ao ser perguntada sobre a import\u00e2ncia deste servi\u00e7o em sua vida, foi enf\u00e1tica ao afirmar que tem uma gratid\u00e3o muito grande a Jesus. \u201cSou uma apaixonada por Jesus, ent\u00e3o pra mim dar um pouquinho do que posso \u00e9 muito gratificante\u201d, revelou. \u201cA intercess\u00e3o de Santo Ant\u00f4nio \u00e9 incr\u00edvel. Chegou um dia em que o p\u00e3o acabou. Ent\u00e3o decidimos fazer uma vaquinha para comprar os p\u00e3es que faltavam. Quando \u00edamos descendo a escada, parou uma Kombi cheinha de p\u00e3es e era exatamente aquilo que n\u00f3s precis\u00e1vamos\u201d, contou. \u201cEu amo muito essa pastoral pois a gente consegue ver concretamente as coisas acontecerem\u201d, disse emocionada.<\/p>\n<hr \/>\n<p style=\"font-weight: 400;\"><em>Frei Augusto Luiz Gabriel<\/em><\/p>\n","protected":false},"excerpt":{"rendered":"<p>Festa de Santo Ant\u00f4nio na Fraternidade de Petr\u00f3polis<\/p>\n","protected":false},"author":3,"featured_media":238458,"comment_status":"open","ping_status":"open","sticky":false,"template":"","format":"standard","meta":[],"categories":[1],"tags":[585,1459,190],"acf":[],"yoast_head":"<!-- This site is optimized with the Yoast SEO plugin v19.2 - https:\/\/yoast.com\/wordpress\/plugins\/seo\/ -->\n<title>\u201c\u00c9 hora de falarmos a linguagem do amor\u201d, pede Frei Gilberto na Festa de Santo Ant\u00f4nio - Not\u00edcias - Franciscanos<\/title>\n<meta name=\"robots\" content=\"index, follow, max-snippet:-1, max-image-preview:large, max-video-preview:-1\" \/>\n<link rel=\"canonical\" href=\"https:\/\/franciscanos.org.br\/noticias\/e-hora-de-falarmos-a-linguagem-do-amor-pede-frei-gilberto-na-festa-de-santo-antonio.html\" \/>\n<meta property=\"og:locale\" content=\"pt_BR\" \/>\n<meta property=\"og:type\" content=\"article\" \/>\n<meta property=\"og:title\" content=\"\u201c\u00c9 hora de falarmos a linguagem do amor\u201d, pede Frei Gilberto na Festa de Santo Ant\u00f4nio - Not\u00edcias - Franciscanos\" \/>\n<meta property=\"og:description\" content=\"Festa de Santo Ant\u00f4nio na Fraternidade de Petr\u00f3polis\" \/>\n<meta property=\"og:url\" content=\"https:\/\/franciscanos.org.br\/noticias\/e-hora-de-falarmos-a-linguagem-do-amor-pede-frei-gilberto-na-festa-de-santo-antonio.html\" \/>\n<meta property=\"og:site_name\" content=\"Not\u00edcias - Franciscanos\" \/>\n<meta property=\"article:published_time\" content=\"2022-06-13T22:19:28+00:00\" \/>\n<meta property=\"article:modified_time\" content=\"2022-06-13T22:20:26+00:00\" \/>\n<meta property=\"og:image\" content=\"https:\/\/franciscanos.org.br\/noticias\/wp-content\/uploads\/2022\/06\/petropolis_130622.jpg\" \/>\n\t<meta property=\"og:image:width\" content=\"1280\" \/>\n\t<meta property=\"og:image:height\" content=\"720\" \/>\n\t<meta property=\"og:image:type\" content=\"image\/jpeg\" \/>\n<meta name=\"author\" content=\"moacir\" \/>\n<meta name=\"twitter:card\" content=\"summary_large_image\" \/>\n<meta name=\"twitter:label1\" content=\"Escrito por\" \/>\n\t<meta name=\"twitter:data1\" content=\"moacir\" \/>\n\t<meta name=\"twitter:label2\" content=\"Est. tempo de leitura\" \/>\n\t<meta name=\"twitter:data2\" content=\"6 minutos\" \/>\n<script type=\"application\/ld+json\" class=\"yoast-schema-graph\">{\"@context\":\"https:\/\/schema.org\",\"@graph\":[{\"@type\":\"WebSite\",\"@id\":\"https:\/\/franciscanos.org.br\/noticias\/#website\",\"url\":\"https:\/\/franciscanos.org.br\/noticias\/\",\"name\":\"Not\u00edcias - Franciscanos\",\"description\":\"Prov\u00edncia Franciscana da Imaculada Concei\u00e7\u00e3o do Brasil - Ordem dos Frades Menores - OFM\",\"potentialAction\":[{\"@type\":\"SearchAction\",\"target\":{\"@type\":\"EntryPoint\",\"urlTemplate\":\"https:\/\/franciscanos.org.br\/noticias\/?s={search_term_string}\"},\"query-input\":\"required name=search_term_string\"}],\"inLanguage\":\"pt-BR\"},{\"@type\":\"ImageObject\",\"inLanguage\":\"pt-BR\",\"@id\":\"https:\/\/franciscanos.org.br\/noticias\/e-hora-de-falarmos-a-linguagem-do-amor-pede-frei-gilberto-na-festa-de-santo-antonio.html#primaryimage\",\"url\":\"https:\/\/franciscanos.org.br\/noticias\/wp-content\/uploads\/2022\/06\/petropolis_130622.jpg\",\"contentUrl\":\"https:\/\/franciscanos.org.br\/noticias\/wp-content\/uploads\/2022\/06\/petropolis_130622.jpg\",\"width\":1280,\"height\":720},{\"@type\":\"WebPage\",\"@id\":\"https:\/\/franciscanos.org.br\/noticias\/e-hora-de-falarmos-a-linguagem-do-amor-pede-frei-gilberto-na-festa-de-santo-antonio.html#webpage\",\"url\":\"https:\/\/franciscanos.org.br\/noticias\/e-hora-de-falarmos-a-linguagem-do-amor-pede-frei-gilberto-na-festa-de-santo-antonio.html\",\"name\":\"\u201c\u00c9 hora de falarmos a linguagem do amor\u201d, pede Frei Gilberto na Festa de Santo Ant\u00f4nio - Not\u00edcias - Franciscanos\",\"isPartOf\":{\"@id\":\"https:\/\/franciscanos.org.br\/noticias\/#website\"},\"primaryImageOfPage\":{\"@id\":\"https:\/\/franciscanos.org.br\/noticias\/e-hora-de-falarmos-a-linguagem-do-amor-pede-frei-gilberto-na-festa-de-santo-antonio.html#primaryimage\"},\"datePublished\":\"2022-06-13T22:19:28+00:00\",\"dateModified\":\"2022-06-13T22:20:26+00:00\",\"author\":{\"@id\":\"https:\/\/franciscanos.org.br\/noticias\/#\/schema\/person\/b5c8cba458c330ccff548b056e95a5d4\"},\"breadcrumb\":{\"@id\":\"https:\/\/franciscanos.org.br\/noticias\/e-hora-de-falarmos-a-linguagem-do-amor-pede-frei-gilberto-na-festa-de-santo-antonio.html#breadcrumb\"},\"inLanguage\":\"pt-BR\",\"potentialAction\":[{\"@type\":\"ReadAction\",\"target\":[\"https:\/\/franciscanos.org.br\/noticias\/e-hora-de-falarmos-a-linguagem-do-amor-pede-frei-gilberto-na-festa-de-santo-antonio.html\"]}]},{\"@type\":\"BreadcrumbList\",\"@id\":\"https:\/\/franciscanos.org.br\/noticias\/e-hora-de-falarmos-a-linguagem-do-amor-pede-frei-gilberto-na-festa-de-santo-antonio.html#breadcrumb\",\"itemListElement\":[{\"@type\":\"ListItem\",\"position\":1,\"name\":\"Home\",\"item\":\"https:\/\/franciscanos.org.br\/noticias\"},{\"@type\":\"ListItem\",\"position\":2,\"name\":\"\u201c\u00c9 hora de falarmos a linguagem do amor\u201d, pede Frei Gilberto na Festa de Santo Ant\u00f4nio\"}]},{\"@type\":\"Person\",\"@id\":\"https:\/\/franciscanos.org.br\/noticias\/#\/schema\/person\/b5c8cba458c330ccff548b056e95a5d4\",\"name\":\"moacir\",\"image\":{\"@type\":\"ImageObject\",\"inLanguage\":\"pt-BR\",\"@id\":\"https:\/\/franciscanos.org.br\/noticias\/#\/schema\/person\/image\/\",\"url\":\"https:\/\/secure.gravatar.com\/avatar\/d08aa2ce4c8dd416d4479aa8536fcf64?s=96&d=mm&r=g\",\"contentUrl\":\"https:\/\/secure.gravatar.com\/avatar\/d08aa2ce4c8dd416d4479aa8536fcf64?s=96&d=mm&r=g\",\"caption\":\"moacir\"},\"url\":\"https:\/\/franciscanos.org.br\/noticias\/author\/moacir\"}]}<\/script>\n<!-- \/ Yoast SEO plugin. -->","yoast_head_json":{"title":"\u201c\u00c9 hora de falarmos a linguagem do amor\u201d, pede Frei Gilberto na Festa de Santo Ant\u00f4nio - Not\u00edcias - Franciscanos","robots":{"index":"index","follow":"follow","max-snippet":"max-snippet:-1","max-image-preview":"max-image-preview:large","max-video-preview":"max-video-preview:-1"},"canonical":"https:\/\/franciscanos.org.br\/noticias\/e-hora-de-falarmos-a-linguagem-do-amor-pede-frei-gilberto-na-festa-de-santo-antonio.html","og_locale":"pt_BR","og_type":"article","og_title":"\u201c\u00c9 hora de falarmos a linguagem do amor\u201d, pede Frei Gilberto na Festa de Santo Ant\u00f4nio - Not\u00edcias - Franciscanos","og_description":"Festa de Santo Ant\u00f4nio na Fraternidade de Petr\u00f3polis","og_url":"https:\/\/franciscanos.org.br\/noticias\/e-hora-de-falarmos-a-linguagem-do-amor-pede-frei-gilberto-na-festa-de-santo-antonio.html","og_site_name":"Not\u00edcias - Franciscanos","article_published_time":"2022-06-13T22:19:28+00:00","article_modified_time":"2022-06-13T22:20:26+00:00","og_image":[{"width":1280,"height":720,"url":"https:\/\/franciscanos.org.br\/noticias\/wp-content\/uploads\/2022\/06\/petropolis_130622.jpg","type":"image\/jpeg"}],"author":"moacir","twitter_card":"summary_large_image","twitter_misc":{"Escrito por":"moacir","Est. tempo de leitura":"6 minutos"},"schema":{"@context":"https:\/\/schema.org","@graph":[{"@type":"WebSite","@id":"https:\/\/franciscanos.org.br\/noticias\/#website","url":"https:\/\/franciscanos.org.br\/noticias\/","name":"Not\u00edcias - Franciscanos","description":"Prov\u00edncia Franciscana da Imaculada Concei\u00e7\u00e3o do Brasil - Ordem dos Frades Menores - OFM","potentialAction":[{"@type":"SearchAction","target":{"@type":"EntryPoint","urlTemplate":"https:\/\/franciscanos.org.br\/noticias\/?s={search_term_string}"},"query-input":"required name=search_term_string"}],"inLanguage":"pt-BR"},{"@type":"ImageObject","inLanguage":"pt-BR","@id":"https:\/\/franciscanos.org.br\/noticias\/e-hora-de-falarmos-a-linguagem-do-amor-pede-frei-gilberto-na-festa-de-santo-antonio.html#primaryimage","url":"https:\/\/franciscanos.org.br\/noticias\/wp-content\/uploads\/2022\/06\/petropolis_130622.jpg","contentUrl":"https:\/\/franciscanos.org.br\/noticias\/wp-content\/uploads\/2022\/06\/petropolis_130622.jpg","width":1280,"height":720},{"@type":"WebPage","@id":"https:\/\/franciscanos.org.br\/noticias\/e-hora-de-falarmos-a-linguagem-do-amor-pede-frei-gilberto-na-festa-de-santo-antonio.html#webpage","url":"https:\/\/franciscanos.org.br\/noticias\/e-hora-de-falarmos-a-linguagem-do-amor-pede-frei-gilberto-na-festa-de-santo-antonio.html","name":"\u201c\u00c9 hora de falarmos a linguagem do amor\u201d, pede Frei Gilberto na Festa de Santo Ant\u00f4nio - Not\u00edcias - Franciscanos","isPartOf":{"@id":"https:\/\/franciscanos.org.br\/noticias\/#website"},"primaryImageOfPage":{"@id":"https:\/\/franciscanos.org.br\/noticias\/e-hora-de-falarmos-a-linguagem-do-amor-pede-frei-gilberto-na-festa-de-santo-antonio.html#primaryimage"},"datePublished":"2022-06-13T22:19:28+00:00","dateModified":"2022-06-13T22:20:26+00:00","author":{"@id":"https:\/\/franciscanos.org.br\/noticias\/#\/schema\/person\/b5c8cba458c330ccff548b056e95a5d4"},"breadcrumb":{"@id":"https:\/\/franciscanos.org.br\/noticias\/e-hora-de-falarmos-a-linguagem-do-amor-pede-frei-gilberto-na-festa-de-santo-antonio.html#breadcrumb"},"inLanguage":"pt-BR","potentialAction":[{"@type":"ReadAction","target":["https:\/\/franciscanos.org.br\/noticias\/e-hora-de-falarmos-a-linguagem-do-amor-pede-frei-gilberto-na-festa-de-santo-antonio.html"]}]},{"@type":"BreadcrumbList","@id":"https:\/\/franciscanos.org.br\/noticias\/e-hora-de-falarmos-a-linguagem-do-amor-pede-frei-gilberto-na-festa-de-santo-antonio.html#breadcrumb","itemListElement":[{"@type":"ListItem","position":1,"name":"Home","item":"https:\/\/franciscanos.org.br\/noticias"},{"@type":"ListItem","position":2,"name":"\u201c\u00c9 hora de falarmos a linguagem do amor\u201d, pede Frei Gilberto na Festa de Santo Ant\u00f4nio"}]},{"@type":"Person","@id":"https:\/\/franciscanos.org.br\/noticias\/#\/schema\/person\/b5c8cba458c330ccff548b056e95a5d4","name":"moacir","image":{"@type":"ImageObject","inLanguage":"pt-BR","@id":"https:\/\/franciscanos.org.br\/noticias\/#\/schema\/person\/image\/","url":"https:\/\/secure.gravatar.com\/avatar\/d08aa2ce4c8dd416d4479aa8536fcf64?s=96&d=mm&r=g","contentUrl":"https:\/\/secure.gravatar.com\/avatar\/d08aa2ce4c8dd416d4479aa8536fcf64?s=96&d=mm&r=g","caption":"moacir"},"url":"https:\/\/franciscanos.org.br\/noticias\/author\/moacir"}]}},"_links":{"self":[{"href":"https:\/\/franciscanos.org.br\/noticias\/wp-json\/wp\/v2\/posts\/238451"}],"collection":[{"href":"https:\/\/franciscanos.org.br\/noticias\/wp-json\/wp\/v2\/posts"}],"about":[{"href":"https:\/\/franciscanos.org.br\/noticias\/wp-json\/wp\/v2\/types\/post"}],"author":[{"embeddable":true,"href":"https:\/\/franciscanos.org.br\/noticias\/wp-json\/wp\/v2\/users\/3"}],"replies":[{"embeddable":true,"href":"https:\/\/franciscanos.org.br\/noticias\/wp-json\/wp\/v2\/comments?post=238451"}],"version-history":[{"count":5,"href":"https:\/\/franciscanos.org.br\/noticias\/wp-json\/wp\/v2\/posts\/238451\/revisions"}],"predecessor-version":[{"id":238465,"href":"https:\/\/franciscanos.org.br\/noticias\/wp-json\/wp\/v2\/posts\/238451\/revisions\/238465"}],"wp:featuredmedia":[{"embeddable":true,"href":"https:\/\/franciscanos.org.br\/noticias\/wp-json\/wp\/v2\/media\/238458"}],"wp:attachment":[{"href":"https:\/\/franciscanos.org.br\/noticias\/wp-json\/wp\/v2\/media?parent=238451"}],"wp:term":[{"taxonomy":"category","embeddable":true,"href":"https:\/\/franciscanos.org.br\/noticias\/wp-json\/wp\/v2\/categories?post=238451"},{"taxonomy":"post_tag","embeddable":true,"href":"https:\/\/franciscanos.org.br\/noticias\/wp-json\/wp\/v2\/tags?post=238451"}],"curies":[{"name":"wp","href":"https:\/\/api.w.org\/{rel}","templated":true}]}}