{"id":238439,"date":"2022-06-13T18:18:16","date_gmt":"2022-06-13T21:18:16","guid":{"rendered":"https:\/\/franciscanos.org.br\/noticias\/?p=238439"},"modified":"2023-01-03T13:44:00","modified_gmt":"2023-01-03T16:44:00","slug":"esse-jovem-santo-continua-nos-encantando-diz-dom-carlos","status":"publish","type":"post","link":"https:\/\/franciscanos.org.br\/noticias\/esse-jovem-santo-continua-nos-encantando-diz-dom-carlos.html","title":{"rendered":"&#8220;Esse jovem santo continua nos encantando&#8221;, diz Dom Carlos"},"content":{"rendered":"<p><img loading=\"lazy\" class=\"alignnone size-full wp-image-238443\" src=\"https:\/\/franciscanos.org.br\/noticias\/wp-content\/uploads\/2022\/06\/carlos_01.jpg\" alt=\"\" width=\"1280\" height=\"720\" srcset=\"https:\/\/franciscanos.org.br\/noticias\/wp-content\/uploads\/2022\/06\/carlos_01.jpg 1280w, https:\/\/franciscanos.org.br\/noticias\/wp-content\/uploads\/2022\/06\/carlos_01-450x253.jpg 450w, https:\/\/franciscanos.org.br\/noticias\/wp-content\/uploads\/2022\/06\/carlos_01-1024x576.jpg 1024w, https:\/\/franciscanos.org.br\/noticias\/wp-content\/uploads\/2022\/06\/carlos_01-768x432.jpg 768w, https:\/\/franciscanos.org.br\/noticias\/wp-content\/uploads\/2022\/06\/carlos_01-150x84.jpg 150w\" sizes=\"(max-width: 1280px) 100vw, 1280px\" \/><\/p>\n<p><strong>S\u00e3o Paulo (SP)<\/strong> &#8211; &#8220;\u00c9 ele que diz que a Palavra \u00e9 viva quando s\u00e3o as obras que falam. Vivemos num mundo de muito palavreado. Precisamos de mais a\u00e7\u00f5es que promovam a vida, a justi\u00e7a, a Paz e Bem que vem de Deus&#8221;. O pedido partiu de Dom Carlos Silva, OFMCap, Bispo Auxiliar da Arquidiocese da Regi\u00e3o Brasil\u00e2ndia, que presidiu a Missa das 15h00 na Igreja Santo Ant\u00f4nio do Pari, nesta segunda-feira, 13 de junho, Dia de Santo Ant\u00f4nio.<\/p>\n<p>Na sua homilia, o povo, que lotou a bela igreja do Pari, ouviu de Dom Carlos uma mensagem de esperan\u00e7a para um mundo t\u00e3o conturbado a partir dos ensinamentos do santo franciscano.<\/p>\n<p>&#8220;&#8216;Preguem sempre, quando for preciso use as palavras&#8217;. Essa \u00e9 uma frase de S\u00e3o Francisco de Assis, a quem o jovem Ant\u00f4nio conheceu e se encantou pelo seu jeito de viver: \u00e9 por aqui que eu quero seguir. Deixou uma vida c\u00f4moda dentro de um convento quando viu os ossos dos frades que voltaram do Marrocos e que foram martirizados pelos infi\u00e9is. Ele, ent\u00e3o, toma uma decis\u00e3o: deixa sua fam\u00edlia nobre, deixa o seu pa\u00eds e Fernando se torna Ant\u00f4nio&#8221;, recordou o bispo capuchinho.<\/p>\n<p><img loading=\"lazy\" class=\" wp-image-238441 alignnone\" src=\"https:\/\/franciscanos.org.br\/noticias\/wp-content\/uploads\/2022\/06\/carlos_1306_1.jpg\" alt=\"\" width=\"877\" height=\"1152\" srcset=\"https:\/\/franciscanos.org.br\/noticias\/wp-content\/uploads\/2022\/06\/carlos_1306_1.jpg 822w, https:\/\/franciscanos.org.br\/noticias\/wp-content\/uploads\/2022\/06\/carlos_1306_1-342x450.jpg 342w, https:\/\/franciscanos.org.br\/noticias\/wp-content\/uploads\/2022\/06\/carlos_1306_1-779x1024.jpg 779w, https:\/\/franciscanos.org.br\/noticias\/wp-content\/uploads\/2022\/06\/carlos_1306_1-768x1010.jpg 768w, https:\/\/franciscanos.org.br\/noticias\/wp-content\/uploads\/2022\/06\/carlos_1306_1-1168x1536.jpg 1168w, https:\/\/franciscanos.org.br\/noticias\/wp-content\/uploads\/2022\/06\/carlos_1306_1-150x197.jpg 150w\" sizes=\"(max-width: 877px) 100vw, 877px\" \/><\/p>\n<p>&#8220;\u00c9 dele a frase depois de ouvir isso de S\u00e3o Francisco: &#8216;Cessem as palavras, falem as obras&#8217;. Ele que falou tanto, ele que \u00e9 a Trombeta do evangelho, que pregou tanto. Se os homens n\u00e3o queriam escutar, ele pregava aos peixes. Esse \u00e9 Santo Ant\u00f4nio, esse jovem que viveu s\u00f3 onze anos a vida franciscana, que com 36 anos foi levado ao c\u00e9u. S\u00f3 com 36 anos. J\u00e1 se passaram mais de 800 anos e ele continua nos encantando. Continua nos encantando porque ouviu essa Palavra que acabamos de ouvir. Ele ouviu essa Palavra na sabedoria. Ele preferiu a sabedoria de Deus do que o ouro e a prata. Ele ouviu esse salmo e disse: eu irei proclamar!&#8221;, recordou.<\/p>\n<p>&#8220;E ele ouviu essa Palavra de Cristo: &#8216;Ide por todo o mundo e anunciai&#8217;. N\u00f3s vivemos no mundo cheio de not\u00edcias falsas, de <em>fake news,<\/em> de tanta tristeza. Hoje mesmo o Brasil ouviu que encontraram assassinados aqueles dois homens que lutavam pela bio, pela Amaz\u00f4nia, pelos \u00edndios e pela vida. Quantas not\u00edcias tristes, quantas not\u00edcias n\u00e3o muito boas que chegam ao nosso cora\u00e7\u00e3o. Ant\u00f4nio nos traz uma not\u00edcia, n\u00e3o qualquer not\u00edcia: a boa not\u00edcia no Senhor Nosso Deus. \u00c9 ele que nos fala. Quem ama n\u00e3o conhece nada que seja dif\u00edcil, porque ele viveu naquela fonte de amor: &#8216;Prova de amor n\u00e3o h\u00e1 do que doar a vida pelo irm\u00e3o'&#8221;, disse.<\/p>\n<p><img loading=\"lazy\" class=\"alignnone size-full wp-image-238442\" src=\"https:\/\/franciscanos.org.br\/noticias\/wp-content\/uploads\/2022\/06\/carlos_1306_3.jpg\" alt=\"\" width=\"1280\" height=\"960\" srcset=\"https:\/\/franciscanos.org.br\/noticias\/wp-content\/uploads\/2022\/06\/carlos_1306_3.jpg 1280w, https:\/\/franciscanos.org.br\/noticias\/wp-content\/uploads\/2022\/06\/carlos_1306_3-450x338.jpg 450w, https:\/\/franciscanos.org.br\/noticias\/wp-content\/uploads\/2022\/06\/carlos_1306_3-1024x768.jpg 1024w, https:\/\/franciscanos.org.br\/noticias\/wp-content\/uploads\/2022\/06\/carlos_1306_3-768x576.jpg 768w, https:\/\/franciscanos.org.br\/noticias\/wp-content\/uploads\/2022\/06\/carlos_1306_3-150x113.jpg 150w, https:\/\/franciscanos.org.br\/noticias\/wp-content\/uploads\/2022\/06\/carlos_1306_3-600x450.jpg 600w\" sizes=\"(max-width: 1280px) 100vw, 1280px\" \/><\/p>\n<p>Para ele, precisamos amar mais. &#8220;Existe tanto \u00f3dio no nosso meio, tantas armas, tanta tristeza, tanta morte. E ele diz: &#8216;quem ama n\u00e3o conhece nada dif\u00edcil&#8217;. Parece que precisamos voltar a essa fonte de amor, essa fonte que nos apaixona, essa fonte que Santo Ant\u00f4nio traz na m\u00e3o: esse Menino que nos trouxe o amor, que \u00e9 o caminho, a verdade e a vida. Precisamos voltar a essa fonte que Santo Ant\u00f4nio traz na m\u00e3o, que \u00e9 a Palavra de Deus. Essa Palavra que nos d\u00e1 sabedoria que tanto necessitamos. Mas se ele fala do amor, ele fala de tantas outras coisas bonitas. Ele diz que a paci\u00eancia \u00e9 a melhor maneira de vencer. N\u00e3o a paci\u00eancia passiva, mas a paci\u00eancia que constr\u00f3i pelo bem. Algu\u00e9m deu um bofet\u00e3o na face, oferece a outra. Te tirou a t\u00fanica, ofere\u00e7a o manto. Ele nos prop\u00f5e a proposta do Cristo: a da n\u00e3o-viol\u00eancia. Chega de viol\u00eancia! Mas precisamos de paz!&#8221;, pediu.<\/p>\n<p>&#8220;\u00c9 ele que diz que a Palavra \u00e9 viva quando s\u00e3o as obras que falam. Vivemos num mundo de muito palavreado. Precisamos de mais a\u00e7\u00f5es que promovam a vida, a justi\u00e7a, a paz e bem que vem de Deus. No Evangelho, Jesus diz: &#8216;Ide&#8217;. N\u00f3s vivemos num mundo que cada vez mais parece que somos convidados a ficar parados, inertes, sozinhos. E ontem n\u00f3s celebramos a Festa da Sant\u00edssima Trindade, em que Deus n\u00e3o \u00e9 solid\u00e3o, mas comunidade. Por isso, precisamos levar uma not\u00edcia boa, uma not\u00edcia de salva\u00e7\u00e3o&#8221;, exortou.<\/p>\n<p><img loading=\"lazy\" class=\"alignnone size-full wp-image-238444\" src=\"https:\/\/franciscanos.org.br\/noticias\/wp-content\/uploads\/2022\/06\/carlos_1306_4.jpg\" alt=\"\" width=\"1502\" height=\"1382\" srcset=\"https:\/\/franciscanos.org.br\/noticias\/wp-content\/uploads\/2022\/06\/carlos_1306_4.jpg 1502w, https:\/\/franciscanos.org.br\/noticias\/wp-content\/uploads\/2022\/06\/carlos_1306_4-450x414.jpg 450w, https:\/\/franciscanos.org.br\/noticias\/wp-content\/uploads\/2022\/06\/carlos_1306_4-1024x942.jpg 1024w, https:\/\/franciscanos.org.br\/noticias\/wp-content\/uploads\/2022\/06\/carlos_1306_4-768x707.jpg 768w, https:\/\/franciscanos.org.br\/noticias\/wp-content\/uploads\/2022\/06\/carlos_1306_4-150x138.jpg 150w\" sizes=\"(max-width: 1502px) 100vw, 1502px\" \/><\/p>\n<p>&#8220;Meus irm\u00e3os e minhas irm\u00e3s, passaram-se oitocentos anos e ele continua nos encantando. Olha os sinais que traz esse jovem santo: o seu h\u00e1bito franciscano, a simplicidade; olha o que ele traz na m\u00e3o, o pr\u00f3prio Cristo no seu cora\u00e7\u00e3o; quantos p\u00e3es ele traz na sua m\u00e3o. Que esse p\u00e3o que nos alimenta o corpo nos fa\u00e7a viver como o P\u00e3o do c\u00e9u que ele traz nos seus bra\u00e7os. Ele traz ainda um livro num mundo t\u00e3o contaminado, e ele nos prop\u00f5e a pureza, por isso traz esse l\u00edrio t\u00e3o bonito. Mas a Fonte das Fontes \u00e9 aquela onde o Menino est\u00e1 em cima: \u00c9 a Palavra de Deus. Essa Palavra que transforma. N\u00e3o deixe de se encontrar a cada dia com a Palavra de Deus. O Papa Francisco diz que cada encontro com Cristo muda a nossa vida. N\u00e3o deixe de participar com sua comunidade, de comungar, e deixar que a Palavra te conduza por caminhos de salva\u00e7\u00e3o, por caminhos de amor, por caminhos de paz&#8221;, pediu.<\/p>\n<p>&#8220;Que Santo Ant\u00f4nio, junto de Deus, interceda por cada um de n\u00f3s. Que sejamos tamb\u00e9m n\u00f3s, b\u00ean\u00e7\u00e3o, uma boa palavra, um bom an\u00fancio para aqueles que est\u00e3o do nosso lado, para aqueles que Deus coloca a cada dia no nosso caminho! Que Deus nos ajude e Santo Ant\u00f4nio nos inspire e interceda por n\u00f3s!&#8221;, completou.<\/p>\n<hr \/>\n<p><em>Comunica\u00e7\u00e3o da Prov\u00edncia da Imaculada Concei\u00e7\u00e3o<\/em><\/p>\n","protected":false},"excerpt":{"rendered":"<p>Par\u00f3quia Santo Ant\u00f4nio do Pari<\/p>\n","protected":false},"author":3,"featured_media":238443,"comment_status":"open","ping_status":"open","sticky":false,"template":"","format":"standard","meta":[],"categories":[1],"tags":[287],"acf":[],"yoast_head":"<!-- This site is optimized with the Yoast SEO plugin v19.2 - https:\/\/yoast.com\/wordpress\/plugins\/seo\/ -->\n<title>&quot;Esse jovem santo continua nos encantando&quot;, diz Dom Carlos - Not\u00edcias - Franciscanos<\/title>\n<meta name=\"robots\" content=\"index, follow, max-snippet:-1, max-image-preview:large, max-video-preview:-1\" \/>\n<link rel=\"canonical\" href=\"https:\/\/franciscanos.org.br\/noticias\/esse-jovem-santo-continua-nos-encantando-diz-dom-carlos.html\" \/>\n<meta property=\"og:locale\" content=\"pt_BR\" \/>\n<meta property=\"og:type\" content=\"article\" \/>\n<meta property=\"og:title\" content=\"&quot;Esse jovem santo continua nos encantando&quot;, diz Dom Carlos - Not\u00edcias - Franciscanos\" \/>\n<meta property=\"og:description\" content=\"Par\u00f3quia Santo Ant\u00f4nio do Pari\" \/>\n<meta property=\"og:url\" content=\"https:\/\/franciscanos.org.br\/noticias\/esse-jovem-santo-continua-nos-encantando-diz-dom-carlos.html\" \/>\n<meta property=\"og:site_name\" content=\"Not\u00edcias - Franciscanos\" \/>\n<meta property=\"article:published_time\" content=\"2022-06-13T21:18:16+00:00\" \/>\n<meta property=\"article:modified_time\" content=\"2023-01-03T16:44:00+00:00\" \/>\n<meta property=\"og:image\" content=\"https:\/\/franciscanos.org.br\/noticias\/wp-content\/uploads\/2022\/06\/carlos_01.jpg\" \/>\n\t<meta property=\"og:image:width\" content=\"1280\" \/>\n\t<meta property=\"og:image:height\" content=\"720\" \/>\n\t<meta property=\"og:image:type\" content=\"image\/jpeg\" \/>\n<meta name=\"author\" content=\"moacir\" \/>\n<meta name=\"twitter:card\" content=\"summary_large_image\" \/>\n<meta name=\"twitter:label1\" content=\"Escrito por\" \/>\n\t<meta name=\"twitter:data1\" content=\"moacir\" \/>\n\t<meta name=\"twitter:label2\" content=\"Est. tempo de leitura\" \/>\n\t<meta name=\"twitter:data2\" content=\"5 minutos\" \/>\n<script type=\"application\/ld+json\" class=\"yoast-schema-graph\">{\"@context\":\"https:\/\/schema.org\",\"@graph\":[{\"@type\":\"WebSite\",\"@id\":\"https:\/\/franciscanos.org.br\/noticias\/#website\",\"url\":\"https:\/\/franciscanos.org.br\/noticias\/\",\"name\":\"Not\u00edcias - Franciscanos\",\"description\":\"Prov\u00edncia Franciscana da Imaculada Concei\u00e7\u00e3o do Brasil - Ordem dos Frades Menores - OFM\",\"potentialAction\":[{\"@type\":\"SearchAction\",\"target\":{\"@type\":\"EntryPoint\",\"urlTemplate\":\"https:\/\/franciscanos.org.br\/noticias\/?s={search_term_string}\"},\"query-input\":\"required name=search_term_string\"}],\"inLanguage\":\"pt-BR\"},{\"@type\":\"ImageObject\",\"inLanguage\":\"pt-BR\",\"@id\":\"https:\/\/franciscanos.org.br\/noticias\/esse-jovem-santo-continua-nos-encantando-diz-dom-carlos.html#primaryimage\",\"url\":\"https:\/\/franciscanos.org.br\/noticias\/wp-content\/uploads\/2022\/06\/carlos_01.jpg\",\"contentUrl\":\"https:\/\/franciscanos.org.br\/noticias\/wp-content\/uploads\/2022\/06\/carlos_01.jpg\",\"width\":1280,\"height\":720},{\"@type\":\"WebPage\",\"@id\":\"https:\/\/franciscanos.org.br\/noticias\/esse-jovem-santo-continua-nos-encantando-diz-dom-carlos.html#webpage\",\"url\":\"https:\/\/franciscanos.org.br\/noticias\/esse-jovem-santo-continua-nos-encantando-diz-dom-carlos.html\",\"name\":\"\\\"Esse jovem santo continua nos encantando\\\", diz Dom Carlos - Not\u00edcias - Franciscanos\",\"isPartOf\":{\"@id\":\"https:\/\/franciscanos.org.br\/noticias\/#website\"},\"primaryImageOfPage\":{\"@id\":\"https:\/\/franciscanos.org.br\/noticias\/esse-jovem-santo-continua-nos-encantando-diz-dom-carlos.html#primaryimage\"},\"datePublished\":\"2022-06-13T21:18:16+00:00\",\"dateModified\":\"2023-01-03T16:44:00+00:00\",\"author\":{\"@id\":\"https:\/\/franciscanos.org.br\/noticias\/#\/schema\/person\/b5c8cba458c330ccff548b056e95a5d4\"},\"breadcrumb\":{\"@id\":\"https:\/\/franciscanos.org.br\/noticias\/esse-jovem-santo-continua-nos-encantando-diz-dom-carlos.html#breadcrumb\"},\"inLanguage\":\"pt-BR\",\"potentialAction\":[{\"@type\":\"ReadAction\",\"target\":[\"https:\/\/franciscanos.org.br\/noticias\/esse-jovem-santo-continua-nos-encantando-diz-dom-carlos.html\"]}]},{\"@type\":\"BreadcrumbList\",\"@id\":\"https:\/\/franciscanos.org.br\/noticias\/esse-jovem-santo-continua-nos-encantando-diz-dom-carlos.html#breadcrumb\",\"itemListElement\":[{\"@type\":\"ListItem\",\"position\":1,\"name\":\"Home\",\"item\":\"https:\/\/franciscanos.org.br\/noticias\"},{\"@type\":\"ListItem\",\"position\":2,\"name\":\"&#8220;Esse jovem santo continua nos encantando&#8221;, diz Dom Carlos\"}]},{\"@type\":\"Person\",\"@id\":\"https:\/\/franciscanos.org.br\/noticias\/#\/schema\/person\/b5c8cba458c330ccff548b056e95a5d4\",\"name\":\"moacir\",\"image\":{\"@type\":\"ImageObject\",\"inLanguage\":\"pt-BR\",\"@id\":\"https:\/\/franciscanos.org.br\/noticias\/#\/schema\/person\/image\/\",\"url\":\"https:\/\/secure.gravatar.com\/avatar\/d08aa2ce4c8dd416d4479aa8536fcf64?s=96&d=mm&r=g\",\"contentUrl\":\"https:\/\/secure.gravatar.com\/avatar\/d08aa2ce4c8dd416d4479aa8536fcf64?s=96&d=mm&r=g\",\"caption\":\"moacir\"},\"url\":\"https:\/\/franciscanos.org.br\/noticias\/author\/moacir\"}]}<\/script>\n<!-- \/ Yoast SEO plugin. -->","yoast_head_json":{"title":"\"Esse jovem santo continua nos encantando\", diz Dom Carlos - Not\u00edcias - Franciscanos","robots":{"index":"index","follow":"follow","max-snippet":"max-snippet:-1","max-image-preview":"max-image-preview:large","max-video-preview":"max-video-preview:-1"},"canonical":"https:\/\/franciscanos.org.br\/noticias\/esse-jovem-santo-continua-nos-encantando-diz-dom-carlos.html","og_locale":"pt_BR","og_type":"article","og_title":"\"Esse jovem santo continua nos encantando\", diz Dom Carlos - Not\u00edcias - Franciscanos","og_description":"Par\u00f3quia Santo Ant\u00f4nio do Pari","og_url":"https:\/\/franciscanos.org.br\/noticias\/esse-jovem-santo-continua-nos-encantando-diz-dom-carlos.html","og_site_name":"Not\u00edcias - Franciscanos","article_published_time":"2022-06-13T21:18:16+00:00","article_modified_time":"2023-01-03T16:44:00+00:00","og_image":[{"width":1280,"height":720,"url":"https:\/\/franciscanos.org.br\/noticias\/wp-content\/uploads\/2022\/06\/carlos_01.jpg","type":"image\/jpeg"}],"author":"moacir","twitter_card":"summary_large_image","twitter_misc":{"Escrito por":"moacir","Est. tempo de leitura":"5 minutos"},"schema":{"@context":"https:\/\/schema.org","@graph":[{"@type":"WebSite","@id":"https:\/\/franciscanos.org.br\/noticias\/#website","url":"https:\/\/franciscanos.org.br\/noticias\/","name":"Not\u00edcias - Franciscanos","description":"Prov\u00edncia Franciscana da Imaculada Concei\u00e7\u00e3o do Brasil - Ordem dos Frades Menores - OFM","potentialAction":[{"@type":"SearchAction","target":{"@type":"EntryPoint","urlTemplate":"https:\/\/franciscanos.org.br\/noticias\/?s={search_term_string}"},"query-input":"required name=search_term_string"}],"inLanguage":"pt-BR"},{"@type":"ImageObject","inLanguage":"pt-BR","@id":"https:\/\/franciscanos.org.br\/noticias\/esse-jovem-santo-continua-nos-encantando-diz-dom-carlos.html#primaryimage","url":"https:\/\/franciscanos.org.br\/noticias\/wp-content\/uploads\/2022\/06\/carlos_01.jpg","contentUrl":"https:\/\/franciscanos.org.br\/noticias\/wp-content\/uploads\/2022\/06\/carlos_01.jpg","width":1280,"height":720},{"@type":"WebPage","@id":"https:\/\/franciscanos.org.br\/noticias\/esse-jovem-santo-continua-nos-encantando-diz-dom-carlos.html#webpage","url":"https:\/\/franciscanos.org.br\/noticias\/esse-jovem-santo-continua-nos-encantando-diz-dom-carlos.html","name":"\"Esse jovem santo continua nos encantando\", diz Dom Carlos - Not\u00edcias - Franciscanos","isPartOf":{"@id":"https:\/\/franciscanos.org.br\/noticias\/#website"},"primaryImageOfPage":{"@id":"https:\/\/franciscanos.org.br\/noticias\/esse-jovem-santo-continua-nos-encantando-diz-dom-carlos.html#primaryimage"},"datePublished":"2022-06-13T21:18:16+00:00","dateModified":"2023-01-03T16:44:00+00:00","author":{"@id":"https:\/\/franciscanos.org.br\/noticias\/#\/schema\/person\/b5c8cba458c330ccff548b056e95a5d4"},"breadcrumb":{"@id":"https:\/\/franciscanos.org.br\/noticias\/esse-jovem-santo-continua-nos-encantando-diz-dom-carlos.html#breadcrumb"},"inLanguage":"pt-BR","potentialAction":[{"@type":"ReadAction","target":["https:\/\/franciscanos.org.br\/noticias\/esse-jovem-santo-continua-nos-encantando-diz-dom-carlos.html"]}]},{"@type":"BreadcrumbList","@id":"https:\/\/franciscanos.org.br\/noticias\/esse-jovem-santo-continua-nos-encantando-diz-dom-carlos.html#breadcrumb","itemListElement":[{"@type":"ListItem","position":1,"name":"Home","item":"https:\/\/franciscanos.org.br\/noticias"},{"@type":"ListItem","position":2,"name":"&#8220;Esse jovem santo continua nos encantando&#8221;, diz Dom Carlos"}]},{"@type":"Person","@id":"https:\/\/franciscanos.org.br\/noticias\/#\/schema\/person\/b5c8cba458c330ccff548b056e95a5d4","name":"moacir","image":{"@type":"ImageObject","inLanguage":"pt-BR","@id":"https:\/\/franciscanos.org.br\/noticias\/#\/schema\/person\/image\/","url":"https:\/\/secure.gravatar.com\/avatar\/d08aa2ce4c8dd416d4479aa8536fcf64?s=96&d=mm&r=g","contentUrl":"https:\/\/secure.gravatar.com\/avatar\/d08aa2ce4c8dd416d4479aa8536fcf64?s=96&d=mm&r=g","caption":"moacir"},"url":"https:\/\/franciscanos.org.br\/noticias\/author\/moacir"}]}},"_links":{"self":[{"href":"https:\/\/franciscanos.org.br\/noticias\/wp-json\/wp\/v2\/posts\/238439"}],"collection":[{"href":"https:\/\/franciscanos.org.br\/noticias\/wp-json\/wp\/v2\/posts"}],"about":[{"href":"https:\/\/franciscanos.org.br\/noticias\/wp-json\/wp\/v2\/types\/post"}],"author":[{"embeddable":true,"href":"https:\/\/franciscanos.org.br\/noticias\/wp-json\/wp\/v2\/users\/3"}],"replies":[{"embeddable":true,"href":"https:\/\/franciscanos.org.br\/noticias\/wp-json\/wp\/v2\/comments?post=238439"}],"version-history":[{"count":7,"href":"https:\/\/franciscanos.org.br\/noticias\/wp-json\/wp\/v2\/posts\/238439\/revisions"}],"predecessor-version":[{"id":241503,"href":"https:\/\/franciscanos.org.br\/noticias\/wp-json\/wp\/v2\/posts\/238439\/revisions\/241503"}],"wp:featuredmedia":[{"embeddable":true,"href":"https:\/\/franciscanos.org.br\/noticias\/wp-json\/wp\/v2\/media\/238443"}],"wp:attachment":[{"href":"https:\/\/franciscanos.org.br\/noticias\/wp-json\/wp\/v2\/media?parent=238439"}],"wp:term":[{"taxonomy":"category","embeddable":true,"href":"https:\/\/franciscanos.org.br\/noticias\/wp-json\/wp\/v2\/categories?post=238439"},{"taxonomy":"post_tag","embeddable":true,"href":"https:\/\/franciscanos.org.br\/noticias\/wp-json\/wp\/v2\/tags?post=238439"}],"curies":[{"name":"wp","href":"https:\/\/api.w.org\/{rel}","templated":true}]}}