{"id":238426,"date":"2022-06-13T16:36:42","date_gmt":"2022-06-13T19:36:42","guid":{"rendered":"https:\/\/franciscanos.org.br\/noticias\/?p=238426"},"modified":"2023-01-03T13:44:49","modified_gmt":"2023-01-03T16:44:49","slug":"como-santo-antonio-ficaria-entristecido-com-33-milhoes-de-brasileiros-passando-fome-lamenta-frei-valdecir","status":"publish","type":"post","link":"https:\/\/franciscanos.org.br\/noticias\/como-santo-antonio-ficaria-entristecido-com-33-milhoes-de-brasileiros-passando-fome-lamenta-frei-valdecir.html","title":{"rendered":"&#8220;Como Santo Ant\u00f4nio ficaria entristecido com 33 milh\u00f5es de brasileiros passando fome&#8221;, lamenta Frei Valdecir"},"content":{"rendered":"<p><img loading=\"lazy\" class=\"alignnone size-full wp-image-238427\" src=\"https:\/\/franciscanos.org.br\/noticias\/wp-content\/uploads\/2022\/06\/vila_1306_6.jpg\" alt=\"\" width=\"1280\" height=\"853\" srcset=\"https:\/\/franciscanos.org.br\/noticias\/wp-content\/uploads\/2022\/06\/vila_1306_6.jpg 1280w, https:\/\/franciscanos.org.br\/noticias\/wp-content\/uploads\/2022\/06\/vila_1306_6-450x300.jpg 450w, https:\/\/franciscanos.org.br\/noticias\/wp-content\/uploads\/2022\/06\/vila_1306_6-1024x682.jpg 1024w, https:\/\/franciscanos.org.br\/noticias\/wp-content\/uploads\/2022\/06\/vila_1306_6-768x512.jpg 768w, https:\/\/franciscanos.org.br\/noticias\/wp-content\/uploads\/2022\/06\/vila_1306_6-150x100.jpg 150w\" sizes=\"(max-width: 1280px) 100vw, 1280px\" \/><\/p>\n<p><strong>S\u00e3o Paulo (SP)<\/strong> &#8211; Um bonito dia de sol, ainda que frio, marcou os festejos do querido e popular Santo Ant\u00f4nio, nesta segunda-feira, 13 de junho, na Par\u00f3quia S\u00e3o Francisco de Assis, da Vila Clementino (SP).<\/p>\n<p>No tr\u00edduo preparat\u00f3rio para o dia do santo, as Celebra\u00e7\u00f5es Eucar\u00edsticas tiveram como tema \u201cSanto Ant\u00f4nio e o amor que nos p\u00f5e em miss\u00e3o\u201d e, do lado de fora da igreja, j\u00e1 havia o tradicional bolo de Santo Ant\u00f4nio, com as medalhinhas aben\u00e7oadas. No dia 13 de junho, centenas de devotos passaram pela festa e puderam participar de uma das oito missas celebradas ao longo do dia, conhecer a tenda com artigos religiosos e lembran\u00e7as, provar p\u00e3es de mel recheados, o bolo de Santo Ant\u00f4nio e past\u00e9is, feitos com cuidado e carinho pelos volunt\u00e1rios. Os frades se revezaram para permanecerem durante todo o dia em frente \u00e0 igreja para dar a b\u00ean\u00e7\u00e3o a todos que quisessem e aben\u00e7oar os p\u00e3ezinhos, que eram distribu\u00eddos aos devotos e paroquianos.<\/p>\n<p>&nbsp;<\/p>\n<p><img loading=\"lazy\" class=\"alignnone wp-image-238429 size-full\" src=\"https:\/\/franciscanos.org.br\/noticias\/wp-content\/uploads\/2022\/06\/vila_1306_2.jpg\" alt=\"\" width=\"1200\" height=\"1509\" srcset=\"https:\/\/franciscanos.org.br\/noticias\/wp-content\/uploads\/2022\/06\/vila_1306_2.jpg 859w, https:\/\/franciscanos.org.br\/noticias\/wp-content\/uploads\/2022\/06\/vila_1306_2-358x450.jpg 358w, https:\/\/franciscanos.org.br\/noticias\/wp-content\/uploads\/2022\/06\/vila_1306_2-814x1024.jpg 814w, https:\/\/franciscanos.org.br\/noticias\/wp-content\/uploads\/2022\/06\/vila_1306_2-768x966.jpg 768w, https:\/\/franciscanos.org.br\/noticias\/wp-content\/uploads\/2022\/06\/vila_1306_2-150x189.jpg 150w\" sizes=\"(max-width: 1200px) 100vw, 1200px\" \/><\/p>\n<p>O p\u00e1roco, Frei Valdecir Schwambach, presidiu a Celebra\u00e7\u00e3o Eucar\u00edstica ao meio-dia e, em sua homilia, ressaltou &#8220;que estamos aqui para celebrar est\u00e1 mem\u00f3ria, esta festa, do querido Santo Ant\u00f4nio&#8221;.<\/p>\n<p>Segundo ele, sempre que se celebra um santo, n\u00e3o se celebra para no santo. &#8220;N\u00f3s n\u00e3o celebramos o santo pelo santo. N\u00f3s celebramos o que eles nos apontam, o que eles nos indicam, o que eles mostram, que \u00e9 maior do que a pessoa do santo: eles mostram, apontam para o pr\u00f3prio Jesus. Nas ora\u00e7\u00f5es da Missa, na Ora\u00e7\u00e3o Eucar\u00edstica de modo especial, n\u00f3s rezamos, inclusive, que &#8220;unidos a eles, a todos os santos, possamos um dia chegar \u00e0 gl\u00f3ria da eternidade&#8221;, lembrou.<\/p>\n<p>&#8220;Essa \u00e9 a f\u00e9 que a Igreja vai nos ensinando. Quando n\u00f3s nos inspiramos olhando para a vida o santo temos a oportunidade de aproximar, de sincronizar a nossa vida. Por isso que hoje olhamos com carinho para avida Santo Ant\u00f4nio, percebemos que esse Santo t\u00e3o extraordin\u00e1rio, t\u00e3o pr\u00f3ximo de cada um de n\u00f3s, nos mostrando que o seguimento a Jesus \u00e9 poss\u00edvel a cada um de n\u00f3s&#8221;, ensinou o frade.<\/p>\n<p><img loading=\"lazy\" class=\"alignnone wp-image-238430 size-full\" src=\"https:\/\/franciscanos.org.br\/noticias\/wp-content\/uploads\/2022\/06\/vila_1306.jpg\" alt=\"\" width=\"1280\" height=\"763\" srcset=\"https:\/\/franciscanos.org.br\/noticias\/wp-content\/uploads\/2022\/06\/vila_1306.jpg 1280w, https:\/\/franciscanos.org.br\/noticias\/wp-content\/uploads\/2022\/06\/vila_1306-450x268.jpg 450w, https:\/\/franciscanos.org.br\/noticias\/wp-content\/uploads\/2022\/06\/vila_1306-1024x610.jpg 1024w, https:\/\/franciscanos.org.br\/noticias\/wp-content\/uploads\/2022\/06\/vila_1306-768x458.jpg 768w, https:\/\/franciscanos.org.br\/noticias\/wp-content\/uploads\/2022\/06\/vila_1306-150x89.jpg 150w\" sizes=\"(max-width: 1280px) 100vw, 1280px\" \/><\/p>\n<p>Frei Valdecir detalhou que na imagem de Santo Ant\u00f4nio, ele segura sempre o Menino Jesus nos bra\u00e7os, al\u00e9m da Sagrada Escritura e tamb\u00e9m em algumas imagens Santo Ant\u00f4nio est\u00e1 oferecendo o p\u00e3o: &#8220;E nossa b\u00ean\u00e7\u00e3o de Santo Ant\u00f4nio quantas vezes est\u00e1 associada ao P\u00e3o de Santo Ant\u00f4nio?&#8221;<\/p>\n<p>&#8220;A catequese desta imagem quer nos dizer que Santo Ant\u00f4nio est\u00e1 nos dando algu\u00e9m que \u00e9 maior do que sua pr\u00f3pria pessoa. Se ele nos d\u00e1 o p\u00e3o, est\u00e1 nos lembrando Jesus no deserto saciando a fome da multid\u00e3o. Nos relatos evang\u00e9licos aparecem muitas vezes Jesus diante da multid\u00e3o que est\u00e1 com fome, sede, triste e\u00a0 desamparada. E Jesus aben\u00e7oa os p\u00e3es, reparte e entrega aos necessitados.<\/p>\n\n\t\t<style type=\"text\/css\">\n\t\t\t#gallery-1 {\n\t\t\t\tmargin: auto;\n\t\t\t}\n\t\t\t#gallery-1 .gallery-item {\n\t\t\t\tfloat: left;\n\t\t\t\tmargin-top: 10px;\n\t\t\t\ttext-align: center;\n\t\t\t\twidth: 33%;\n\t\t\t}\n\t\t\t#gallery-1 img {\n\t\t\t\tborder: 2px solid #cfcfcf;\n\t\t\t}\n\t\t\t#gallery-1 .gallery-caption {\n\t\t\t\tmargin-left: 0;\n\t\t\t}\n\t\t\t\/* see gallery_shortcode() in wp-includes\/media.php *\/\n\t\t<\/style>\n\t\t<div id='gallery-1' class='gallery galleryid-238426 gallery-columns-3 gallery-size-thumbnail'><dl class='gallery-item'>\n\t\t\t<dt class='gallery-icon landscape'>\n\t\t\t\t<a href='https:\/\/franciscanos.org.br\/noticias\/wp-content\/uploads\/2022\/06\/vila_1306_4.jpg'><img width=\"300\" height=\"300\" src=\"https:\/\/franciscanos.org.br\/noticias\/wp-content\/uploads\/2022\/06\/vila_1306_4-300x300.jpg\" class=\"attachment-thumbnail size-thumbnail\" alt=\"\" loading=\"lazy\" srcset=\"https:\/\/franciscanos.org.br\/noticias\/wp-content\/uploads\/2022\/06\/vila_1306_4-300x300.jpg 300w, https:\/\/franciscanos.org.br\/noticias\/wp-content\/uploads\/2022\/06\/vila_1306_4-100x100.jpg 100w\" sizes=\"(max-width: 300px) 100vw, 300px\" \/><\/a>\n\t\t\t<\/dt><\/dl><dl class='gallery-item'>\n\t\t\t<dt class='gallery-icon landscape'>\n\t\t\t\t<a href='https:\/\/franciscanos.org.br\/noticias\/wp-content\/uploads\/2022\/06\/vila_1306_5.jpg'><img width=\"300\" height=\"300\" src=\"https:\/\/franciscanos.org.br\/noticias\/wp-content\/uploads\/2022\/06\/vila_1306_5-300x300.jpg\" class=\"attachment-thumbnail size-thumbnail\" alt=\"\" loading=\"lazy\" srcset=\"https:\/\/franciscanos.org.br\/noticias\/wp-content\/uploads\/2022\/06\/vila_1306_5-300x300.jpg 300w, https:\/\/franciscanos.org.br\/noticias\/wp-content\/uploads\/2022\/06\/vila_1306_5-100x100.jpg 100w\" sizes=\"(max-width: 300px) 100vw, 300px\" \/><\/a>\n\t\t\t<\/dt><\/dl><dl class='gallery-item'>\n\t\t\t<dt class='gallery-icon landscape'>\n\t\t\t\t<a href='https:\/\/franciscanos.org.br\/noticias\/wp-content\/uploads\/2022\/06\/vila_1306_7.jpg'><img width=\"300\" height=\"300\" src=\"https:\/\/franciscanos.org.br\/noticias\/wp-content\/uploads\/2022\/06\/vila_1306_7-300x300.jpg\" class=\"attachment-thumbnail size-thumbnail\" alt=\"\" loading=\"lazy\" srcset=\"https:\/\/franciscanos.org.br\/noticias\/wp-content\/uploads\/2022\/06\/vila_1306_7-300x300.jpg 300w, https:\/\/franciscanos.org.br\/noticias\/wp-content\/uploads\/2022\/06\/vila_1306_7-100x100.jpg 100w\" sizes=\"(max-width: 300px) 100vw, 300px\" \/><\/a>\n\t\t\t<\/dt><\/dl><br style=\"clear: both\" \/>\n\t\t<\/div>\n\n<p><em>\u00a0 \u00a0 \u00a0 \u00a0 \u00a0 \u00a0 \u00a0 \u00a0 \u00a0 \u00a0 \u00a0 \u00a0 \u00a0 \u00a0 \u00a0 \u00a0 \u00a0 \u00a0 \u00a0 \u00a0 \u00a0 \u00a0 \u00a0 \u00a0 \u00a0 \u00a0 \u00a0 \u00a0 \u00a0 \u00a0 \u00a0 \u00a0 \u00a0 \u00a0 (toque nas imagens para ampli\u00e1-las)<\/em><\/p>\n<p>Frei Valdecir lembrou que dados recentes mostrando que mais de 33 milh\u00f5es de pessoas passam fome no nosso Brasil. &#8220;Como Santo Ant\u00f4nio ficaria entristecido de ver essa realidade no Brasil, na qual todos n\u00f3s estamos inseridos!&#8221;, lamentou.<\/p>\n<p>&#8220;Nesta celebra\u00e7\u00e3o, n\u00f3s queremos pedir para que Santo Ant\u00f4nio, t\u00e3o pr\u00f3ximo de cada um de n\u00f3s, nos d\u00ea a m\u00e3o, carinho e aten\u00e7\u00e3o. Se voc\u00ea faz esse gesto de doar, \u00e9 sinal que voc\u00ea tem amor no cora\u00e7\u00e3o.\u00a0 Quem tem capacidade de doar o p\u00e3o, est\u00e1 doando o seu cora\u00e7\u00e3o&#8221;, completou o frade.<\/p>\n<hr \/>\n<p><em>Comunica\u00e7\u00e3o da Prov\u00edncia da Imaculada Concei\u00e7\u00e3o<\/em><\/p>\n","protected":false},"excerpt":{"rendered":"<p>Par\u00f3quia S\u00e3o Francisco de Assis da Vila Clementino<\/p>\n","protected":false},"author":3,"featured_media":238427,"comment_status":"open","ping_status":"open","sticky":false,"template":"","format":"standard","meta":[],"categories":[1],"tags":[2030],"acf":[],"yoast_head":"<!-- This site is optimized with the Yoast SEO plugin v19.2 - https:\/\/yoast.com\/wordpress\/plugins\/seo\/ -->\n<title>&quot;Como Santo Ant\u00f4nio ficaria entristecido com 33 milh\u00f5es de brasileiros passando fome&quot;, lamenta Frei Valdecir - Not\u00edcias - Franciscanos<\/title>\n<meta name=\"robots\" content=\"index, follow, max-snippet:-1, max-image-preview:large, max-video-preview:-1\" \/>\n<link rel=\"canonical\" href=\"https:\/\/franciscanos.org.br\/noticias\/como-santo-antonio-ficaria-entristecido-com-33-milhoes-de-brasileiros-passando-fome-lamenta-frei-valdecir.html\" \/>\n<meta property=\"og:locale\" content=\"pt_BR\" \/>\n<meta property=\"og:type\" content=\"article\" \/>\n<meta property=\"og:title\" content=\"&quot;Como Santo Ant\u00f4nio ficaria entristecido com 33 milh\u00f5es de brasileiros passando fome&quot;, lamenta Frei Valdecir - Not\u00edcias - Franciscanos\" \/>\n<meta property=\"og:description\" content=\"Par\u00f3quia S\u00e3o Francisco de Assis da Vila Clementino\" \/>\n<meta property=\"og:url\" content=\"https:\/\/franciscanos.org.br\/noticias\/como-santo-antonio-ficaria-entristecido-com-33-milhoes-de-brasileiros-passando-fome-lamenta-frei-valdecir.html\" \/>\n<meta property=\"og:site_name\" content=\"Not\u00edcias - Franciscanos\" \/>\n<meta property=\"article:published_time\" content=\"2022-06-13T19:36:42+00:00\" \/>\n<meta property=\"article:modified_time\" content=\"2023-01-03T16:44:49+00:00\" \/>\n<meta property=\"og:image\" content=\"https:\/\/franciscanos.org.br\/noticias\/wp-content\/uploads\/2022\/06\/vila_1306_6.jpg\" \/>\n\t<meta property=\"og:image:width\" content=\"1280\" \/>\n\t<meta property=\"og:image:height\" content=\"853\" \/>\n\t<meta property=\"og:image:type\" content=\"image\/jpeg\" \/>\n<meta name=\"author\" content=\"moacir\" \/>\n<meta name=\"twitter:card\" content=\"summary_large_image\" \/>\n<meta name=\"twitter:label1\" content=\"Escrito por\" \/>\n\t<meta name=\"twitter:data1\" content=\"moacir\" \/>\n\t<meta name=\"twitter:label2\" content=\"Est. tempo de leitura\" \/>\n\t<meta name=\"twitter:data2\" content=\"4 minutos\" \/>\n<script type=\"application\/ld+json\" class=\"yoast-schema-graph\">{\"@context\":\"https:\/\/schema.org\",\"@graph\":[{\"@type\":\"WebSite\",\"@id\":\"https:\/\/franciscanos.org.br\/noticias\/#website\",\"url\":\"https:\/\/franciscanos.org.br\/noticias\/\",\"name\":\"Not\u00edcias - Franciscanos\",\"description\":\"Prov\u00edncia Franciscana da Imaculada Concei\u00e7\u00e3o do Brasil - Ordem dos Frades Menores - OFM\",\"potentialAction\":[{\"@type\":\"SearchAction\",\"target\":{\"@type\":\"EntryPoint\",\"urlTemplate\":\"https:\/\/franciscanos.org.br\/noticias\/?s={search_term_string}\"},\"query-input\":\"required name=search_term_string\"}],\"inLanguage\":\"pt-BR\"},{\"@type\":\"ImageObject\",\"inLanguage\":\"pt-BR\",\"@id\":\"https:\/\/franciscanos.org.br\/noticias\/como-santo-antonio-ficaria-entristecido-com-33-milhoes-de-brasileiros-passando-fome-lamenta-frei-valdecir.html#primaryimage\",\"url\":\"https:\/\/franciscanos.org.br\/noticias\/wp-content\/uploads\/2022\/06\/vila_1306_6.jpg\",\"contentUrl\":\"https:\/\/franciscanos.org.br\/noticias\/wp-content\/uploads\/2022\/06\/vila_1306_6.jpg\",\"width\":1280,\"height\":853},{\"@type\":\"WebPage\",\"@id\":\"https:\/\/franciscanos.org.br\/noticias\/como-santo-antonio-ficaria-entristecido-com-33-milhoes-de-brasileiros-passando-fome-lamenta-frei-valdecir.html#webpage\",\"url\":\"https:\/\/franciscanos.org.br\/noticias\/como-santo-antonio-ficaria-entristecido-com-33-milhoes-de-brasileiros-passando-fome-lamenta-frei-valdecir.html\",\"name\":\"\\\"Como Santo Ant\u00f4nio ficaria entristecido com 33 milh\u00f5es de brasileiros passando fome\\\", lamenta Frei Valdecir - Not\u00edcias - Franciscanos\",\"isPartOf\":{\"@id\":\"https:\/\/franciscanos.org.br\/noticias\/#website\"},\"primaryImageOfPage\":{\"@id\":\"https:\/\/franciscanos.org.br\/noticias\/como-santo-antonio-ficaria-entristecido-com-33-milhoes-de-brasileiros-passando-fome-lamenta-frei-valdecir.html#primaryimage\"},\"datePublished\":\"2022-06-13T19:36:42+00:00\",\"dateModified\":\"2023-01-03T16:44:49+00:00\",\"author\":{\"@id\":\"https:\/\/franciscanos.org.br\/noticias\/#\/schema\/person\/b5c8cba458c330ccff548b056e95a5d4\"},\"breadcrumb\":{\"@id\":\"https:\/\/franciscanos.org.br\/noticias\/como-santo-antonio-ficaria-entristecido-com-33-milhoes-de-brasileiros-passando-fome-lamenta-frei-valdecir.html#breadcrumb\"},\"inLanguage\":\"pt-BR\",\"potentialAction\":[{\"@type\":\"ReadAction\",\"target\":[\"https:\/\/franciscanos.org.br\/noticias\/como-santo-antonio-ficaria-entristecido-com-33-milhoes-de-brasileiros-passando-fome-lamenta-frei-valdecir.html\"]}]},{\"@type\":\"BreadcrumbList\",\"@id\":\"https:\/\/franciscanos.org.br\/noticias\/como-santo-antonio-ficaria-entristecido-com-33-milhoes-de-brasileiros-passando-fome-lamenta-frei-valdecir.html#breadcrumb\",\"itemListElement\":[{\"@type\":\"ListItem\",\"position\":1,\"name\":\"Home\",\"item\":\"https:\/\/franciscanos.org.br\/noticias\"},{\"@type\":\"ListItem\",\"position\":2,\"name\":\"&#8220;Como Santo Ant\u00f4nio ficaria entristecido com 33 milh\u00f5es de brasileiros passando fome&#8221;, lamenta Frei Valdecir\"}]},{\"@type\":\"Person\",\"@id\":\"https:\/\/franciscanos.org.br\/noticias\/#\/schema\/person\/b5c8cba458c330ccff548b056e95a5d4\",\"name\":\"moacir\",\"image\":{\"@type\":\"ImageObject\",\"inLanguage\":\"pt-BR\",\"@id\":\"https:\/\/franciscanos.org.br\/noticias\/#\/schema\/person\/image\/\",\"url\":\"https:\/\/secure.gravatar.com\/avatar\/d08aa2ce4c8dd416d4479aa8536fcf64?s=96&d=mm&r=g\",\"contentUrl\":\"https:\/\/secure.gravatar.com\/avatar\/d08aa2ce4c8dd416d4479aa8536fcf64?s=96&d=mm&r=g\",\"caption\":\"moacir\"},\"url\":\"https:\/\/franciscanos.org.br\/noticias\/author\/moacir\"}]}<\/script>\n<!-- \/ Yoast SEO plugin. -->","yoast_head_json":{"title":"\"Como Santo Ant\u00f4nio ficaria entristecido com 33 milh\u00f5es de brasileiros passando fome\", lamenta Frei Valdecir - Not\u00edcias - Franciscanos","robots":{"index":"index","follow":"follow","max-snippet":"max-snippet:-1","max-image-preview":"max-image-preview:large","max-video-preview":"max-video-preview:-1"},"canonical":"https:\/\/franciscanos.org.br\/noticias\/como-santo-antonio-ficaria-entristecido-com-33-milhoes-de-brasileiros-passando-fome-lamenta-frei-valdecir.html","og_locale":"pt_BR","og_type":"article","og_title":"\"Como Santo Ant\u00f4nio ficaria entristecido com 33 milh\u00f5es de brasileiros passando fome\", lamenta Frei Valdecir - Not\u00edcias - Franciscanos","og_description":"Par\u00f3quia S\u00e3o Francisco de Assis da Vila Clementino","og_url":"https:\/\/franciscanos.org.br\/noticias\/como-santo-antonio-ficaria-entristecido-com-33-milhoes-de-brasileiros-passando-fome-lamenta-frei-valdecir.html","og_site_name":"Not\u00edcias - Franciscanos","article_published_time":"2022-06-13T19:36:42+00:00","article_modified_time":"2023-01-03T16:44:49+00:00","og_image":[{"width":1280,"height":853,"url":"https:\/\/franciscanos.org.br\/noticias\/wp-content\/uploads\/2022\/06\/vila_1306_6.jpg","type":"image\/jpeg"}],"author":"moacir","twitter_card":"summary_large_image","twitter_misc":{"Escrito por":"moacir","Est. tempo de leitura":"4 minutos"},"schema":{"@context":"https:\/\/schema.org","@graph":[{"@type":"WebSite","@id":"https:\/\/franciscanos.org.br\/noticias\/#website","url":"https:\/\/franciscanos.org.br\/noticias\/","name":"Not\u00edcias - Franciscanos","description":"Prov\u00edncia Franciscana da Imaculada Concei\u00e7\u00e3o do Brasil - Ordem dos Frades Menores - OFM","potentialAction":[{"@type":"SearchAction","target":{"@type":"EntryPoint","urlTemplate":"https:\/\/franciscanos.org.br\/noticias\/?s={search_term_string}"},"query-input":"required name=search_term_string"}],"inLanguage":"pt-BR"},{"@type":"ImageObject","inLanguage":"pt-BR","@id":"https:\/\/franciscanos.org.br\/noticias\/como-santo-antonio-ficaria-entristecido-com-33-milhoes-de-brasileiros-passando-fome-lamenta-frei-valdecir.html#primaryimage","url":"https:\/\/franciscanos.org.br\/noticias\/wp-content\/uploads\/2022\/06\/vila_1306_6.jpg","contentUrl":"https:\/\/franciscanos.org.br\/noticias\/wp-content\/uploads\/2022\/06\/vila_1306_6.jpg","width":1280,"height":853},{"@type":"WebPage","@id":"https:\/\/franciscanos.org.br\/noticias\/como-santo-antonio-ficaria-entristecido-com-33-milhoes-de-brasileiros-passando-fome-lamenta-frei-valdecir.html#webpage","url":"https:\/\/franciscanos.org.br\/noticias\/como-santo-antonio-ficaria-entristecido-com-33-milhoes-de-brasileiros-passando-fome-lamenta-frei-valdecir.html","name":"\"Como Santo Ant\u00f4nio ficaria entristecido com 33 milh\u00f5es de brasileiros passando fome\", lamenta Frei Valdecir - Not\u00edcias - Franciscanos","isPartOf":{"@id":"https:\/\/franciscanos.org.br\/noticias\/#website"},"primaryImageOfPage":{"@id":"https:\/\/franciscanos.org.br\/noticias\/como-santo-antonio-ficaria-entristecido-com-33-milhoes-de-brasileiros-passando-fome-lamenta-frei-valdecir.html#primaryimage"},"datePublished":"2022-06-13T19:36:42+00:00","dateModified":"2023-01-03T16:44:49+00:00","author":{"@id":"https:\/\/franciscanos.org.br\/noticias\/#\/schema\/person\/b5c8cba458c330ccff548b056e95a5d4"},"breadcrumb":{"@id":"https:\/\/franciscanos.org.br\/noticias\/como-santo-antonio-ficaria-entristecido-com-33-milhoes-de-brasileiros-passando-fome-lamenta-frei-valdecir.html#breadcrumb"},"inLanguage":"pt-BR","potentialAction":[{"@type":"ReadAction","target":["https:\/\/franciscanos.org.br\/noticias\/como-santo-antonio-ficaria-entristecido-com-33-milhoes-de-brasileiros-passando-fome-lamenta-frei-valdecir.html"]}]},{"@type":"BreadcrumbList","@id":"https:\/\/franciscanos.org.br\/noticias\/como-santo-antonio-ficaria-entristecido-com-33-milhoes-de-brasileiros-passando-fome-lamenta-frei-valdecir.html#breadcrumb","itemListElement":[{"@type":"ListItem","position":1,"name":"Home","item":"https:\/\/franciscanos.org.br\/noticias"},{"@type":"ListItem","position":2,"name":"&#8220;Como Santo Ant\u00f4nio ficaria entristecido com 33 milh\u00f5es de brasileiros passando fome&#8221;, lamenta Frei Valdecir"}]},{"@type":"Person","@id":"https:\/\/franciscanos.org.br\/noticias\/#\/schema\/person\/b5c8cba458c330ccff548b056e95a5d4","name":"moacir","image":{"@type":"ImageObject","inLanguage":"pt-BR","@id":"https:\/\/franciscanos.org.br\/noticias\/#\/schema\/person\/image\/","url":"https:\/\/secure.gravatar.com\/avatar\/d08aa2ce4c8dd416d4479aa8536fcf64?s=96&d=mm&r=g","contentUrl":"https:\/\/secure.gravatar.com\/avatar\/d08aa2ce4c8dd416d4479aa8536fcf64?s=96&d=mm&r=g","caption":"moacir"},"url":"https:\/\/franciscanos.org.br\/noticias\/author\/moacir"}]}},"_links":{"self":[{"href":"https:\/\/franciscanos.org.br\/noticias\/wp-json\/wp\/v2\/posts\/238426"}],"collection":[{"href":"https:\/\/franciscanos.org.br\/noticias\/wp-json\/wp\/v2\/posts"}],"about":[{"href":"https:\/\/franciscanos.org.br\/noticias\/wp-json\/wp\/v2\/types\/post"}],"author":[{"embeddable":true,"href":"https:\/\/franciscanos.org.br\/noticias\/wp-json\/wp\/v2\/users\/3"}],"replies":[{"embeddable":true,"href":"https:\/\/franciscanos.org.br\/noticias\/wp-json\/wp\/v2\/comments?post=238426"}],"version-history":[{"count":2,"href":"https:\/\/franciscanos.org.br\/noticias\/wp-json\/wp\/v2\/posts\/238426\/revisions"}],"predecessor-version":[{"id":241504,"href":"https:\/\/franciscanos.org.br\/noticias\/wp-json\/wp\/v2\/posts\/238426\/revisions\/241504"}],"wp:featuredmedia":[{"embeddable":true,"href":"https:\/\/franciscanos.org.br\/noticias\/wp-json\/wp\/v2\/media\/238427"}],"wp:attachment":[{"href":"https:\/\/franciscanos.org.br\/noticias\/wp-json\/wp\/v2\/media?parent=238426"}],"wp:term":[{"taxonomy":"category","embeddable":true,"href":"https:\/\/franciscanos.org.br\/noticias\/wp-json\/wp\/v2\/categories?post=238426"},{"taxonomy":"post_tag","embeddable":true,"href":"https:\/\/franciscanos.org.br\/noticias\/wp-json\/wp\/v2\/tags?post=238426"}],"curies":[{"name":"wp","href":"https:\/\/api.w.org\/{rel}","templated":true}]}}