{"id":238415,"date":"2022-06-13T14:03:52","date_gmt":"2022-06-13T17:03:52","guid":{"rendered":"https:\/\/franciscanos.org.br\/noticias\/?p=238415"},"modified":"2023-01-03T13:47:50","modified_gmt":"2023-01-03T16:47:50","slug":"que-esta-festa-de-hoje-tambem-nos-ajude-a-fazermos-do-evangelho-a-nossa-forma-de-vida-pede-frei-mario","status":"publish","type":"post","link":"https:\/\/franciscanos.org.br\/noticias\/que-esta-festa-de-hoje-tambem-nos-ajude-a-fazermos-do-evangelho-a-nossa-forma-de-vida-pede-frei-mario.html","title":{"rendered":"&#8220;Que esta Festa de hoje tamb\u00e9m nos ajude a fazermos do Evangelho a nossa forma de vida&#8221;, pede Frei M\u00e1rio"},"content":{"rendered":"<p><img loading=\"lazy\" class=\"alignnone size-full wp-image-238416\" src=\"https:\/\/franciscanos.org.br\/noticias\/wp-content\/uploads\/2022\/06\/sf_1306.jpg\" alt=\"\" width=\"1280\" height=\"720\" srcset=\"https:\/\/franciscanos.org.br\/noticias\/wp-content\/uploads\/2022\/06\/sf_1306.jpg 1280w, https:\/\/franciscanos.org.br\/noticias\/wp-content\/uploads\/2022\/06\/sf_1306-450x253.jpg 450w, https:\/\/franciscanos.org.br\/noticias\/wp-content\/uploads\/2022\/06\/sf_1306-1024x576.jpg 1024w, https:\/\/franciscanos.org.br\/noticias\/wp-content\/uploads\/2022\/06\/sf_1306-768x432.jpg 768w, https:\/\/franciscanos.org.br\/noticias\/wp-content\/uploads\/2022\/06\/sf_1306-150x84.jpg 150w\" sizes=\"(max-width: 1280px) 100vw, 1280px\" \/><\/p>\n<p><strong>S\u00e3o Paulo (SP) &#8211;<\/strong> No Convento e Santu\u00e1rio S\u00e3o Francisco, no centro de S\u00e3o Paulo (SP), a Festa de Santo Ant\u00f4nio chega a &#8220;rivalizar&#8221; com a do Padroeiro. Os dois santos queridos da Ordem Franciscana recebem todo o carinho do povo nesta regi\u00e3o central de S\u00e3o Paulo. Todo ano, nem bem o dia amanhece e os devotos e fi\u00e9is do santo franciscano j\u00e1 batem \u00e0 porta da hist\u00f3rica Igreja do Convento. As missas come\u00e7aram bem cedo, \u00e0s 7h. Foi dia de b\u00ean\u00e7\u00e3o, distribui\u00e7\u00e3o do p\u00e3o, venda do bolo e do l\u00edrio, al\u00e9m de barracas com comidas t\u00edpicas e itens religiosos. As duas barracas mais procuradas, do p\u00e3o e do bolo, tinham filas enormes.<\/p>\n<p>Frei M\u00e1rio Tagliari, guardi\u00e3o da Fraternidade e Reitor do Santu\u00e1rio, presidiu a Missa das 10 horas e falou do momento de gra\u00e7a que vive o Convento do largo S\u00e3o Francisco. &#8220;Estamos num ano de gra\u00e7a neste Santu\u00e1rio. Exatamente no dia 17 de setembro, dia das Chagas de S\u00e3o Francisco, n\u00f3s celebraremos 375 anos da constru\u00e7\u00e3o deste Convento S\u00e3o Francisco. Tamb\u00e9m estamos celebrando 200 anos da morte de Frei Galv\u00e3o, querido frade desta Prov\u00edncia da Imaculada Concei\u00e7\u00e3o do Brasil. E aqui, neste convento, nesta igreja, que ele viveu por 60 anos. Toda a sua vida viveu aqui. Ele sa\u00eda para pregar, construir, evangelizar, mas voltava aqui&#8221;, explicou o celebrante, que teve como concelebrante Frei Leandro Costa, do Santu\u00e1rio Frei Galv\u00e3o de Guaratinguet\u00e1.<\/p>\n<p><img loading=\"lazy\" class=\"alignnone size-full wp-image-238417\" src=\"https:\/\/franciscanos.org.br\/noticias\/wp-content\/uploads\/2022\/06\/sf_1306_1.jpg\" alt=\"\" width=\"1280\" height=\"853\" srcset=\"https:\/\/franciscanos.org.br\/noticias\/wp-content\/uploads\/2022\/06\/sf_1306_1.jpg 1280w, https:\/\/franciscanos.org.br\/noticias\/wp-content\/uploads\/2022\/06\/sf_1306_1-450x300.jpg 450w, https:\/\/franciscanos.org.br\/noticias\/wp-content\/uploads\/2022\/06\/sf_1306_1-1024x682.jpg 1024w, https:\/\/franciscanos.org.br\/noticias\/wp-content\/uploads\/2022\/06\/sf_1306_1-768x512.jpg 768w, https:\/\/franciscanos.org.br\/noticias\/wp-content\/uploads\/2022\/06\/sf_1306_1-150x100.jpg 150w\" sizes=\"(max-width: 1280px) 100vw, 1280px\" \/><\/p>\n<p>&#8220;Foi ele que construiu o Convento da Luz. Por que digo isso na Festa de Santo Ant\u00f4nio?&#8221;, perguntou o frade. &#8220;Para tentarmos entender o que \u00e9 esse movimento franciscano que tocou de perto o c\u00f4nego agostiniano Fernando Martins de Bulh\u00f5es, portugu\u00eas, professor em Coimbra&#8221;, explicou. Segundo Frei M\u00e1rio, Fernando foi tocado pelo exemplo dos cinco frades que passaram em Portugal com destino para o Marrocos, para pregar o Evangelho, anunciar a Cristo aos mu\u00e7ulmanos. &#8220;Mas l\u00e1 foram martirizados. Seus corpos passaram novamente pelo convento agostiniano e tocou ainda mais Fernando, que tomou a decis\u00e3o de ser frade e anunciar o Evangelho, mesmo correndo o risco do mart\u00edrio&#8221;, disse.<\/p>\n<p>Contudo, os planos de Deus para Ant\u00f4nio foram diferentes e ele foi parar no Sul da It\u00e1lia, onde ele teve alegria de conhecer S\u00e3o Francisco de Assis, num dos Cap\u00edtulo das Esteiras com 5 mil frades. &#8220;Ali, Frei Ant\u00f4nio conhece S\u00e3o Francisco e \u00e9 enviado com os frades para o Norte da It\u00e1lia, onde inicia a sua vida de prega\u00e7\u00e3o. Ali, ele sente o desafio de alimentar as pessoas pobres, que n\u00e3o tinham o que comer. E assim Santo Ant\u00f4nio foi se tornando conhecido pela prega\u00e7\u00e3o do Evangelho, mas feita na forma de atos concretos de vida. Quantos milagres ele operou com sua intercess\u00e3o, devolvendo a f\u00e9, a vida e a esperan\u00e7a!&#8221;, recordou Frei M\u00e1rio.<\/p>\n<p><img loading=\"lazy\" class=\"alignnone size-full wp-image-238418\" src=\"https:\/\/franciscanos.org.br\/noticias\/wp-content\/uploads\/2022\/06\/sf_1306_55.jpg\" alt=\"\" width=\"1280\" height=\"853\" srcset=\"https:\/\/franciscanos.org.br\/noticias\/wp-content\/uploads\/2022\/06\/sf_1306_55.jpg 1280w, https:\/\/franciscanos.org.br\/noticias\/wp-content\/uploads\/2022\/06\/sf_1306_55-450x300.jpg 450w, https:\/\/franciscanos.org.br\/noticias\/wp-content\/uploads\/2022\/06\/sf_1306_55-1024x682.jpg 1024w, https:\/\/franciscanos.org.br\/noticias\/wp-content\/uploads\/2022\/06\/sf_1306_55-768x512.jpg 768w, https:\/\/franciscanos.org.br\/noticias\/wp-content\/uploads\/2022\/06\/sf_1306_55-150x100.jpg 150w\" sizes=\"(max-width: 1280px) 100vw, 1280px\" \/><\/p>\n<p>&#8220;Essa \u00e9 a m\u00edstica que Santo Ant\u00f4nio busca em S\u00e3o Francisco, que n\u00e3o \u00e9 nada mais que a m\u00edstica do Evangelho&#8221;, observa o frade, referindo ao Evangelho de hoje, quando Jesus envia os disc\u00edpulos. \u201cS\u00e3o Francisco fica tocado com este envio mission\u00e1rio e toma uma decis\u00e3o que muda o rumo de sua vida: &#8216;\u00c9 isso que eu quero, \u00e9 isso que eu desejo&#8217;. E passa reconstruir a vida das pessoas. \u00c9 esse Evangelho que toca a vida de Santo Ant\u00f4nio&#8221;, ressalta Frei M\u00e1rio.<\/p>\n<p>&#8220;Que esse movimento franciscano, que \u00e9 viver o Evangelho como forma de vida, tamb\u00e9m toque o nosso cora\u00e7\u00e3o, nos ajude, nos incentive a termos coragem de romper com tantas situa\u00e7\u00f5es que nos distanciam uns dos outros, que nos levam a querer fazer o mal para o outro. Diante de tanta fome, de tanta injusti\u00e7a, que n\u00f3s tenhamos a coragem de sermos Trombeta do Evangelho&#8221;, disse, referindo ao aumento de pessoas em situa\u00e7\u00e3o de rua na cidade de S\u00e3o Paulo, como comprovou o censo da Secretaria de Assist\u00eancia Social, que calcula mais de 31 mil pessoas morando na rua. Falou do trabalho do Servi\u00e7o Franciscano de Solidariedade que ajuda amenizar esse drama, mas essa &#8220;ajuda pode se multiplicar&#8221;, acredita o frade.<\/p>\n\n\t\t<style type=\"text\/css\">\n\t\t\t#gallery-1 {\n\t\t\t\tmargin: auto;\n\t\t\t}\n\t\t\t#gallery-1 .gallery-item {\n\t\t\t\tfloat: left;\n\t\t\t\tmargin-top: 10px;\n\t\t\t\ttext-align: center;\n\t\t\t\twidth: 20%;\n\t\t\t}\n\t\t\t#gallery-1 img {\n\t\t\t\tborder: 2px solid #cfcfcf;\n\t\t\t}\n\t\t\t#gallery-1 .gallery-caption {\n\t\t\t\tmargin-left: 0;\n\t\t\t}\n\t\t\t\/* see gallery_shortcode() in wp-includes\/media.php *\/\n\t\t<\/style>\n\t\t<div id='gallery-1' class='gallery galleryid-238415 gallery-columns-5 gallery-size-thumbnail'><dl class='gallery-item'>\n\t\t\t<dt class='gallery-icon landscape'>\n\t\t\t\t<a href='https:\/\/franciscanos.org.br\/noticias\/wp-content\/uploads\/2022\/06\/sf_011.jpg'><img width=\"300\" height=\"300\" src=\"https:\/\/franciscanos.org.br\/noticias\/wp-content\/uploads\/2022\/06\/sf_011-300x300.jpg\" class=\"attachment-thumbnail size-thumbnail\" alt=\"\" loading=\"lazy\" srcset=\"https:\/\/franciscanos.org.br\/noticias\/wp-content\/uploads\/2022\/06\/sf_011-300x300.jpg 300w, https:\/\/franciscanos.org.br\/noticias\/wp-content\/uploads\/2022\/06\/sf_011-100x100.jpg 100w\" sizes=\"(max-width: 300px) 100vw, 300px\" \/><\/a>\n\t\t\t<\/dt><\/dl><dl class='gallery-item'>\n\t\t\t<dt class='gallery-icon landscape'>\n\t\t\t\t<a href='https:\/\/franciscanos.org.br\/noticias\/wp-content\/uploads\/2022\/06\/sf_022.jpg'><img width=\"300\" height=\"300\" src=\"https:\/\/franciscanos.org.br\/noticias\/wp-content\/uploads\/2022\/06\/sf_022-300x300.jpg\" class=\"attachment-thumbnail size-thumbnail\" alt=\"\" loading=\"lazy\" srcset=\"https:\/\/franciscanos.org.br\/noticias\/wp-content\/uploads\/2022\/06\/sf_022-300x300.jpg 300w, https:\/\/franciscanos.org.br\/noticias\/wp-content\/uploads\/2022\/06\/sf_022-100x100.jpg 100w\" sizes=\"(max-width: 300px) 100vw, 300px\" \/><\/a>\n\t\t\t<\/dt><\/dl><dl class='gallery-item'>\n\t\t\t<dt class='gallery-icon landscape'>\n\t\t\t\t<a href='https:\/\/franciscanos.org.br\/noticias\/wp-content\/uploads\/2022\/06\/sf_044.jpg'><img width=\"300\" height=\"300\" src=\"https:\/\/franciscanos.org.br\/noticias\/wp-content\/uploads\/2022\/06\/sf_044-300x300.jpg\" class=\"attachment-thumbnail size-thumbnail\" alt=\"\" loading=\"lazy\" srcset=\"https:\/\/franciscanos.org.br\/noticias\/wp-content\/uploads\/2022\/06\/sf_044-300x300.jpg 300w, https:\/\/franciscanos.org.br\/noticias\/wp-content\/uploads\/2022\/06\/sf_044-100x100.jpg 100w\" sizes=\"(max-width: 300px) 100vw, 300px\" \/><\/a>\n\t\t\t<\/dt><\/dl><dl class='gallery-item'>\n\t\t\t<dt class='gallery-icon landscape'>\n\t\t\t\t<a href='https:\/\/franciscanos.org.br\/noticias\/wp-content\/uploads\/2022\/06\/sf_055.jpg'><img width=\"300\" height=\"300\" src=\"https:\/\/franciscanos.org.br\/noticias\/wp-content\/uploads\/2022\/06\/sf_055-300x300.jpg\" class=\"attachment-thumbnail size-thumbnail\" alt=\"\" loading=\"lazy\" srcset=\"https:\/\/franciscanos.org.br\/noticias\/wp-content\/uploads\/2022\/06\/sf_055-300x300.jpg 300w, https:\/\/franciscanos.org.br\/noticias\/wp-content\/uploads\/2022\/06\/sf_055-100x100.jpg 100w\" sizes=\"(max-width: 300px) 100vw, 300px\" \/><\/a>\n\t\t\t<\/dt><\/dl><dl class='gallery-item'>\n\t\t\t<dt class='gallery-icon landscape'>\n\t\t\t\t<a href='https:\/\/franciscanos.org.br\/noticias\/wp-content\/uploads\/2022\/06\/sf_1306_22.jpg'><img width=\"300\" height=\"300\" src=\"https:\/\/franciscanos.org.br\/noticias\/wp-content\/uploads\/2022\/06\/sf_1306_22-300x300.jpg\" class=\"attachment-thumbnail size-thumbnail\" alt=\"\" loading=\"lazy\" srcset=\"https:\/\/franciscanos.org.br\/noticias\/wp-content\/uploads\/2022\/06\/sf_1306_22-300x300.jpg 300w, https:\/\/franciscanos.org.br\/noticias\/wp-content\/uploads\/2022\/06\/sf_1306_22-100x100.jpg 100w\" sizes=\"(max-width: 300px) 100vw, 300px\" \/><\/a>\n\t\t\t<\/dt><\/dl><br style=\"clear: both\" \/>\n\t\t<\/div>\n\n<p><em>\u00a0 \u00a0 \u00a0 \u00a0 \u00a0 \u00a0 \u00a0 \u00a0 \u00a0 \u00a0 \u00a0 \u00a0 \u00a0 \u00a0 \u00a0 \u00a0 \u00a0 \u00a0 \u00a0 \u00a0 \u00a0 \u00a0 \u00a0 \u00a0 \u00a0 \u00a0 \u00a0 \u00a0 \u00a0 \u00a0 (toque nas imagens para ampli\u00e1-las)<\/em><\/p>\n<p>&#8220;Que esta Festa de hoje tamb\u00e9m nos ajude a fazermos do Evangelho a nossa forma de vida&#8221;, completou.<\/p>\n<p>As atividades deste dia 13 contaram com b\u00ean\u00e7\u00e3os dos freis durante todo o dia.<\/p>\n<hr \/>\n<p><em>Comunica\u00e7\u00e3o da Prov\u00edncia da Imaculada Concei\u00e7\u00e3o<\/em><\/p>\n","protected":false},"excerpt":{"rendered":"<p>Convento S\u00e3o Francisco<\/p>\n","protected":false},"author":3,"featured_media":238416,"comment_status":"open","ping_status":"open","sticky":false,"template":"","format":"standard","meta":[],"categories":[1],"tags":[312],"acf":[],"yoast_head":"<!-- This site is optimized with the Yoast SEO plugin v19.2 - https:\/\/yoast.com\/wordpress\/plugins\/seo\/ -->\n<title>&quot;Que esta Festa de hoje tamb\u00e9m nos ajude a fazermos do Evangelho a nossa forma de vida&quot;, pede Frei M\u00e1rio - Not\u00edcias - Franciscanos<\/title>\n<meta name=\"robots\" content=\"index, follow, max-snippet:-1, max-image-preview:large, max-video-preview:-1\" \/>\n<link rel=\"canonical\" href=\"https:\/\/franciscanos.org.br\/noticias\/que-esta-festa-de-hoje-tambem-nos-ajude-a-fazermos-do-evangelho-a-nossa-forma-de-vida-pede-frei-mario.html\" \/>\n<meta property=\"og:locale\" content=\"pt_BR\" \/>\n<meta property=\"og:type\" content=\"article\" \/>\n<meta property=\"og:title\" content=\"&quot;Que esta Festa de hoje tamb\u00e9m nos ajude a fazermos do Evangelho a nossa forma de vida&quot;, pede Frei M\u00e1rio - Not\u00edcias - Franciscanos\" \/>\n<meta property=\"og:description\" content=\"Convento S\u00e3o Francisco\" \/>\n<meta property=\"og:url\" content=\"https:\/\/franciscanos.org.br\/noticias\/que-esta-festa-de-hoje-tambem-nos-ajude-a-fazermos-do-evangelho-a-nossa-forma-de-vida-pede-frei-mario.html\" \/>\n<meta property=\"og:site_name\" content=\"Not\u00edcias - Franciscanos\" \/>\n<meta property=\"article:published_time\" content=\"2022-06-13T17:03:52+00:00\" \/>\n<meta property=\"article:modified_time\" content=\"2023-01-03T16:47:50+00:00\" \/>\n<meta property=\"og:image\" content=\"https:\/\/franciscanos.org.br\/noticias\/wp-content\/uploads\/2022\/06\/sf_1306.jpg\" \/>\n\t<meta property=\"og:image:width\" content=\"1280\" \/>\n\t<meta property=\"og:image:height\" content=\"720\" \/>\n\t<meta property=\"og:image:type\" content=\"image\/jpeg\" \/>\n<meta name=\"author\" content=\"moacir\" \/>\n<meta name=\"twitter:card\" content=\"summary_large_image\" \/>\n<meta name=\"twitter:label1\" content=\"Escrito por\" \/>\n\t<meta name=\"twitter:data1\" content=\"moacir\" \/>\n\t<meta name=\"twitter:label2\" content=\"Est. tempo de leitura\" \/>\n\t<meta name=\"twitter:data2\" content=\"4 minutos\" \/>\n<script type=\"application\/ld+json\" class=\"yoast-schema-graph\">{\"@context\":\"https:\/\/schema.org\",\"@graph\":[{\"@type\":\"WebSite\",\"@id\":\"https:\/\/franciscanos.org.br\/noticias\/#website\",\"url\":\"https:\/\/franciscanos.org.br\/noticias\/\",\"name\":\"Not\u00edcias - Franciscanos\",\"description\":\"Prov\u00edncia Franciscana da Imaculada Concei\u00e7\u00e3o do Brasil - Ordem dos Frades Menores - OFM\",\"potentialAction\":[{\"@type\":\"SearchAction\",\"target\":{\"@type\":\"EntryPoint\",\"urlTemplate\":\"https:\/\/franciscanos.org.br\/noticias\/?s={search_term_string}\"},\"query-input\":\"required name=search_term_string\"}],\"inLanguage\":\"pt-BR\"},{\"@type\":\"ImageObject\",\"inLanguage\":\"pt-BR\",\"@id\":\"https:\/\/franciscanos.org.br\/noticias\/que-esta-festa-de-hoje-tambem-nos-ajude-a-fazermos-do-evangelho-a-nossa-forma-de-vida-pede-frei-mario.html#primaryimage\",\"url\":\"https:\/\/franciscanos.org.br\/noticias\/wp-content\/uploads\/2022\/06\/sf_1306.jpg\",\"contentUrl\":\"https:\/\/franciscanos.org.br\/noticias\/wp-content\/uploads\/2022\/06\/sf_1306.jpg\",\"width\":1280,\"height\":720},{\"@type\":\"WebPage\",\"@id\":\"https:\/\/franciscanos.org.br\/noticias\/que-esta-festa-de-hoje-tambem-nos-ajude-a-fazermos-do-evangelho-a-nossa-forma-de-vida-pede-frei-mario.html#webpage\",\"url\":\"https:\/\/franciscanos.org.br\/noticias\/que-esta-festa-de-hoje-tambem-nos-ajude-a-fazermos-do-evangelho-a-nossa-forma-de-vida-pede-frei-mario.html\",\"name\":\"\\\"Que esta Festa de hoje tamb\u00e9m nos ajude a fazermos do Evangelho a nossa forma de vida\\\", pede Frei M\u00e1rio - Not\u00edcias - Franciscanos\",\"isPartOf\":{\"@id\":\"https:\/\/franciscanos.org.br\/noticias\/#website\"},\"primaryImageOfPage\":{\"@id\":\"https:\/\/franciscanos.org.br\/noticias\/que-esta-festa-de-hoje-tambem-nos-ajude-a-fazermos-do-evangelho-a-nossa-forma-de-vida-pede-frei-mario.html#primaryimage\"},\"datePublished\":\"2022-06-13T17:03:52+00:00\",\"dateModified\":\"2023-01-03T16:47:50+00:00\",\"author\":{\"@id\":\"https:\/\/franciscanos.org.br\/noticias\/#\/schema\/person\/b5c8cba458c330ccff548b056e95a5d4\"},\"breadcrumb\":{\"@id\":\"https:\/\/franciscanos.org.br\/noticias\/que-esta-festa-de-hoje-tambem-nos-ajude-a-fazermos-do-evangelho-a-nossa-forma-de-vida-pede-frei-mario.html#breadcrumb\"},\"inLanguage\":\"pt-BR\",\"potentialAction\":[{\"@type\":\"ReadAction\",\"target\":[\"https:\/\/franciscanos.org.br\/noticias\/que-esta-festa-de-hoje-tambem-nos-ajude-a-fazermos-do-evangelho-a-nossa-forma-de-vida-pede-frei-mario.html\"]}]},{\"@type\":\"BreadcrumbList\",\"@id\":\"https:\/\/franciscanos.org.br\/noticias\/que-esta-festa-de-hoje-tambem-nos-ajude-a-fazermos-do-evangelho-a-nossa-forma-de-vida-pede-frei-mario.html#breadcrumb\",\"itemListElement\":[{\"@type\":\"ListItem\",\"position\":1,\"name\":\"Home\",\"item\":\"https:\/\/franciscanos.org.br\/noticias\"},{\"@type\":\"ListItem\",\"position\":2,\"name\":\"&#8220;Que esta Festa de hoje tamb\u00e9m nos ajude a fazermos do Evangelho a nossa forma de vida&#8221;, pede Frei M\u00e1rio\"}]},{\"@type\":\"Person\",\"@id\":\"https:\/\/franciscanos.org.br\/noticias\/#\/schema\/person\/b5c8cba458c330ccff548b056e95a5d4\",\"name\":\"moacir\",\"image\":{\"@type\":\"ImageObject\",\"inLanguage\":\"pt-BR\",\"@id\":\"https:\/\/franciscanos.org.br\/noticias\/#\/schema\/person\/image\/\",\"url\":\"https:\/\/secure.gravatar.com\/avatar\/d08aa2ce4c8dd416d4479aa8536fcf64?s=96&d=mm&r=g\",\"contentUrl\":\"https:\/\/secure.gravatar.com\/avatar\/d08aa2ce4c8dd416d4479aa8536fcf64?s=96&d=mm&r=g\",\"caption\":\"moacir\"},\"url\":\"https:\/\/franciscanos.org.br\/noticias\/author\/moacir\"}]}<\/script>\n<!-- \/ Yoast SEO plugin. -->","yoast_head_json":{"title":"\"Que esta Festa de hoje tamb\u00e9m nos ajude a fazermos do Evangelho a nossa forma de vida\", pede Frei M\u00e1rio - Not\u00edcias - Franciscanos","robots":{"index":"index","follow":"follow","max-snippet":"max-snippet:-1","max-image-preview":"max-image-preview:large","max-video-preview":"max-video-preview:-1"},"canonical":"https:\/\/franciscanos.org.br\/noticias\/que-esta-festa-de-hoje-tambem-nos-ajude-a-fazermos-do-evangelho-a-nossa-forma-de-vida-pede-frei-mario.html","og_locale":"pt_BR","og_type":"article","og_title":"\"Que esta Festa de hoje tamb\u00e9m nos ajude a fazermos do Evangelho a nossa forma de vida\", pede Frei M\u00e1rio - Not\u00edcias - Franciscanos","og_description":"Convento S\u00e3o Francisco","og_url":"https:\/\/franciscanos.org.br\/noticias\/que-esta-festa-de-hoje-tambem-nos-ajude-a-fazermos-do-evangelho-a-nossa-forma-de-vida-pede-frei-mario.html","og_site_name":"Not\u00edcias - Franciscanos","article_published_time":"2022-06-13T17:03:52+00:00","article_modified_time":"2023-01-03T16:47:50+00:00","og_image":[{"width":1280,"height":720,"url":"https:\/\/franciscanos.org.br\/noticias\/wp-content\/uploads\/2022\/06\/sf_1306.jpg","type":"image\/jpeg"}],"author":"moacir","twitter_card":"summary_large_image","twitter_misc":{"Escrito por":"moacir","Est. tempo de leitura":"4 minutos"},"schema":{"@context":"https:\/\/schema.org","@graph":[{"@type":"WebSite","@id":"https:\/\/franciscanos.org.br\/noticias\/#website","url":"https:\/\/franciscanos.org.br\/noticias\/","name":"Not\u00edcias - Franciscanos","description":"Prov\u00edncia Franciscana da Imaculada Concei\u00e7\u00e3o do Brasil - Ordem dos Frades Menores - OFM","potentialAction":[{"@type":"SearchAction","target":{"@type":"EntryPoint","urlTemplate":"https:\/\/franciscanos.org.br\/noticias\/?s={search_term_string}"},"query-input":"required name=search_term_string"}],"inLanguage":"pt-BR"},{"@type":"ImageObject","inLanguage":"pt-BR","@id":"https:\/\/franciscanos.org.br\/noticias\/que-esta-festa-de-hoje-tambem-nos-ajude-a-fazermos-do-evangelho-a-nossa-forma-de-vida-pede-frei-mario.html#primaryimage","url":"https:\/\/franciscanos.org.br\/noticias\/wp-content\/uploads\/2022\/06\/sf_1306.jpg","contentUrl":"https:\/\/franciscanos.org.br\/noticias\/wp-content\/uploads\/2022\/06\/sf_1306.jpg","width":1280,"height":720},{"@type":"WebPage","@id":"https:\/\/franciscanos.org.br\/noticias\/que-esta-festa-de-hoje-tambem-nos-ajude-a-fazermos-do-evangelho-a-nossa-forma-de-vida-pede-frei-mario.html#webpage","url":"https:\/\/franciscanos.org.br\/noticias\/que-esta-festa-de-hoje-tambem-nos-ajude-a-fazermos-do-evangelho-a-nossa-forma-de-vida-pede-frei-mario.html","name":"\"Que esta Festa de hoje tamb\u00e9m nos ajude a fazermos do Evangelho a nossa forma de vida\", pede Frei M\u00e1rio - Not\u00edcias - Franciscanos","isPartOf":{"@id":"https:\/\/franciscanos.org.br\/noticias\/#website"},"primaryImageOfPage":{"@id":"https:\/\/franciscanos.org.br\/noticias\/que-esta-festa-de-hoje-tambem-nos-ajude-a-fazermos-do-evangelho-a-nossa-forma-de-vida-pede-frei-mario.html#primaryimage"},"datePublished":"2022-06-13T17:03:52+00:00","dateModified":"2023-01-03T16:47:50+00:00","author":{"@id":"https:\/\/franciscanos.org.br\/noticias\/#\/schema\/person\/b5c8cba458c330ccff548b056e95a5d4"},"breadcrumb":{"@id":"https:\/\/franciscanos.org.br\/noticias\/que-esta-festa-de-hoje-tambem-nos-ajude-a-fazermos-do-evangelho-a-nossa-forma-de-vida-pede-frei-mario.html#breadcrumb"},"inLanguage":"pt-BR","potentialAction":[{"@type":"ReadAction","target":["https:\/\/franciscanos.org.br\/noticias\/que-esta-festa-de-hoje-tambem-nos-ajude-a-fazermos-do-evangelho-a-nossa-forma-de-vida-pede-frei-mario.html"]}]},{"@type":"BreadcrumbList","@id":"https:\/\/franciscanos.org.br\/noticias\/que-esta-festa-de-hoje-tambem-nos-ajude-a-fazermos-do-evangelho-a-nossa-forma-de-vida-pede-frei-mario.html#breadcrumb","itemListElement":[{"@type":"ListItem","position":1,"name":"Home","item":"https:\/\/franciscanos.org.br\/noticias"},{"@type":"ListItem","position":2,"name":"&#8220;Que esta Festa de hoje tamb\u00e9m nos ajude a fazermos do Evangelho a nossa forma de vida&#8221;, pede Frei M\u00e1rio"}]},{"@type":"Person","@id":"https:\/\/franciscanos.org.br\/noticias\/#\/schema\/person\/b5c8cba458c330ccff548b056e95a5d4","name":"moacir","image":{"@type":"ImageObject","inLanguage":"pt-BR","@id":"https:\/\/franciscanos.org.br\/noticias\/#\/schema\/person\/image\/","url":"https:\/\/secure.gravatar.com\/avatar\/d08aa2ce4c8dd416d4479aa8536fcf64?s=96&d=mm&r=g","contentUrl":"https:\/\/secure.gravatar.com\/avatar\/d08aa2ce4c8dd416d4479aa8536fcf64?s=96&d=mm&r=g","caption":"moacir"},"url":"https:\/\/franciscanos.org.br\/noticias\/author\/moacir"}]}},"_links":{"self":[{"href":"https:\/\/franciscanos.org.br\/noticias\/wp-json\/wp\/v2\/posts\/238415"}],"collection":[{"href":"https:\/\/franciscanos.org.br\/noticias\/wp-json\/wp\/v2\/posts"}],"about":[{"href":"https:\/\/franciscanos.org.br\/noticias\/wp-json\/wp\/v2\/types\/post"}],"author":[{"embeddable":true,"href":"https:\/\/franciscanos.org.br\/noticias\/wp-json\/wp\/v2\/users\/3"}],"replies":[{"embeddable":true,"href":"https:\/\/franciscanos.org.br\/noticias\/wp-json\/wp\/v2\/comments?post=238415"}],"version-history":[{"count":4,"href":"https:\/\/franciscanos.org.br\/noticias\/wp-json\/wp\/v2\/posts\/238415\/revisions"}],"predecessor-version":[{"id":241506,"href":"https:\/\/franciscanos.org.br\/noticias\/wp-json\/wp\/v2\/posts\/238415\/revisions\/241506"}],"wp:featuredmedia":[{"embeddable":true,"href":"https:\/\/franciscanos.org.br\/noticias\/wp-json\/wp\/v2\/media\/238416"}],"wp:attachment":[{"href":"https:\/\/franciscanos.org.br\/noticias\/wp-json\/wp\/v2\/media?parent=238415"}],"wp:term":[{"taxonomy":"category","embeddable":true,"href":"https:\/\/franciscanos.org.br\/noticias\/wp-json\/wp\/v2\/categories?post=238415"},{"taxonomy":"post_tag","embeddable":true,"href":"https:\/\/franciscanos.org.br\/noticias\/wp-json\/wp\/v2\/tags?post=238415"}],"curies":[{"name":"wp","href":"https:\/\/api.w.org\/{rel}","templated":true}]}}