{"id":238406,"date":"2022-06-13T09:54:52","date_gmt":"2022-06-13T12:54:52","guid":{"rendered":"https:\/\/franciscanos.org.br\/noticias\/?p=238406"},"modified":"2022-06-13T09:54:52","modified_gmt":"2022-06-13T12:54:52","slug":"frei-edrian-apresenta-o-almanaque-santo-antonio-2023","status":"publish","type":"post","link":"https:\/\/franciscanos.org.br\/noticias\/frei-edrian-apresenta-o-almanaque-santo-antonio-2023.html","title":{"rendered":"Frei Edrian apresenta o Almanaque Santo Ant\u00f4nio 2023"},"content":{"rendered":"<p><img loading=\"lazy\" class=\"alignleft size-full wp-image-238407\" src=\"https:\/\/franciscanos.org.br\/noticias\/wp-content\/uploads\/2022\/06\/folhinha_1306.jpg\" alt=\"\" width=\"1280\" height=\"898\" srcset=\"https:\/\/franciscanos.org.br\/noticias\/wp-content\/uploads\/2022\/06\/folhinha_1306.jpg 1280w, https:\/\/franciscanos.org.br\/noticias\/wp-content\/uploads\/2022\/06\/folhinha_1306-450x316.jpg 450w, https:\/\/franciscanos.org.br\/noticias\/wp-content\/uploads\/2022\/06\/folhinha_1306-1024x718.jpg 1024w, https:\/\/franciscanos.org.br\/noticias\/wp-content\/uploads\/2022\/06\/folhinha_1306-768x539.jpg 768w, https:\/\/franciscanos.org.br\/noticias\/wp-content\/uploads\/2022\/06\/folhinha_1306-150x105.jpg 150w, https:\/\/franciscanos.org.br\/noticias\/wp-content\/uploads\/2022\/06\/folhinha_1306-474x332.jpg 474w\" sizes=\"(max-width: 1280px) 100vw, 1280px\" \/><\/p>\n<p>Frei Edrian Pasini, editor da tradicional Folhinha do Sagrado Cora\u00e7\u00e3o de Jesus, da Editora Vozes de Petr\u00f3polis (RJ), est\u00e1 lan\u00e7ando na Festa do Padroeiro do Pari o Almanaque de Santo Ant\u00f4nio do pr\u00f3ximo ano, que est\u00e1 na 46\u00aa edi\u00e7\u00e3o.<\/p>\n<p><img loading=\"lazy\" class=\"alignright size-full wp-image-238408\" src=\"https:\/\/franciscanos.org.br\/noticias\/wp-content\/uploads\/2022\/06\/folhinha_1306_1.jpg\" alt=\"\" width=\"600\" height=\"729\" srcset=\"https:\/\/franciscanos.org.br\/noticias\/wp-content\/uploads\/2022\/06\/folhinha_1306_1.jpg 600w, https:\/\/franciscanos.org.br\/noticias\/wp-content\/uploads\/2022\/06\/folhinha_1306_1-370x450.jpg 370w, https:\/\/franciscanos.org.br\/noticias\/wp-content\/uploads\/2022\/06\/folhinha_1306_1-150x182.jpg 150w\" sizes=\"(max-width: 600px) 100vw, 600px\" \/>Segundo o frade, j\u00e1 \u00e9 costume durante a Festa de Santo Ant\u00f4nio, realizar o lan\u00e7amento do Almanaque, que vem de uma tradi\u00e7\u00e3o milenar de eg\u00edpcios, gregos, romanos e hindus. Nesta edi\u00e7\u00e3o, destaque para as representa\u00e7\u00f5es de Santo Ant\u00f4nio e o registro da pandemia que assolou o mundo.<\/p>\n<p>Frei Edrian lembrou que, historicamente, as pessoas j\u00e1 tiveram contato com outros almanaques, tais como de farm\u00e1cia, conhecimento geral e tamb\u00e9m almanaques mais espec\u00edficos (cient\u00edficos) ou de outras \u00e1reas. \u201cO nosso Almanaque apresenta o calend\u00e1rio civil, lit\u00fargico, agr\u00edcola e tamb\u00e9m o de astronomia. Al\u00e9m disso, ele traz muitos temas tais como: contos, culin\u00e1ria, curiosidades, dicas diversas, temas de ecologia e educa\u00e7\u00e3o, folclore, e outro destaque s\u00e3o tamb\u00e9m os passatempos e o cuidado com a sa\u00fade\u201d, frisou o editor.<\/p>\n<p>Al\u00e9m da Folhinha do Sagrado Cora\u00e7\u00e3o de Jesus, que est\u00e1 na 84\u00aa edi\u00e7\u00e3o, e do Almanaque Santo Ant\u00f4nio, Frei Edrian tamb\u00e9m coordena o departamento sazonal, ou seja, a organiza\u00e7\u00e3o de produtos anuais (Agendinha, Di\u00e1rio, Medita\u00e7\u00f5es para o dia a dia, Guia do dizimista, calend\u00e1rios de Planejamento).<\/p>\n<hr \/>\n<p>O Almanaque Santo Ant\u00f4nio e a Folhinha do Sagrado podem ser adquiridos pelos sites \u00a0<a href=\"http:\/\/www.livrariavozes.com.br\/\">www.livrariavozes.com.br<\/a>\u00a0ou \u00a0site:\u00a0<a href=\"http:\/\/vozes.com.br\/\">http:\/\/vozes.com.br<\/a><\/p>\n<p>E-mail:\u00a0<a href=\"mailto:contato@vozes.com.br\" target=\"_blank\" rel=\"noopener\">contato@vozes.com.br<\/a><\/p>\n<p><strong>Tel. 11 3101 8451<\/strong><\/p>\n","protected":false},"excerpt":{"rendered":"<p>Editora Vozes <\/p>\n","protected":false},"author":3,"featured_media":238407,"comment_status":"open","ping_status":"open","sticky":false,"template":"","format":"standard","meta":[],"categories":[1],"tags":[287],"acf":[],"yoast_head":"<!-- This site is optimized with the Yoast SEO plugin v19.2 - https:\/\/yoast.com\/wordpress\/plugins\/seo\/ -->\n<title>Frei Edrian apresenta o Almanaque Santo Ant\u00f4nio 2023 - Not\u00edcias - Franciscanos<\/title>\n<meta name=\"robots\" content=\"index, follow, max-snippet:-1, max-image-preview:large, max-video-preview:-1\" \/>\n<link rel=\"canonical\" href=\"https:\/\/franciscanos.org.br\/noticias\/frei-edrian-apresenta-o-almanaque-santo-antonio-2023.html\" \/>\n<meta property=\"og:locale\" content=\"pt_BR\" \/>\n<meta property=\"og:type\" content=\"article\" \/>\n<meta property=\"og:title\" content=\"Frei Edrian apresenta o Almanaque Santo Ant\u00f4nio 2023 - Not\u00edcias - Franciscanos\" \/>\n<meta property=\"og:description\" content=\"Editora Vozes\" \/>\n<meta property=\"og:url\" content=\"https:\/\/franciscanos.org.br\/noticias\/frei-edrian-apresenta-o-almanaque-santo-antonio-2023.html\" \/>\n<meta property=\"og:site_name\" content=\"Not\u00edcias - Franciscanos\" \/>\n<meta property=\"article:published_time\" content=\"2022-06-13T12:54:52+00:00\" \/>\n<meta property=\"og:image\" content=\"https:\/\/franciscanos.org.br\/noticias\/wp-content\/uploads\/2022\/06\/folhinha_1306.jpg\" \/>\n\t<meta property=\"og:image:width\" content=\"1280\" \/>\n\t<meta property=\"og:image:height\" content=\"898\" \/>\n\t<meta property=\"og:image:type\" content=\"image\/jpeg\" \/>\n<meta name=\"author\" content=\"moacir\" \/>\n<meta name=\"twitter:card\" content=\"summary_large_image\" \/>\n<meta name=\"twitter:label1\" content=\"Escrito por\" \/>\n\t<meta name=\"twitter:data1\" content=\"moacir\" \/>\n\t<meta name=\"twitter:label2\" content=\"Est. tempo de leitura\" \/>\n\t<meta name=\"twitter:data2\" content=\"1 minuto\" \/>\n<script type=\"application\/ld+json\" class=\"yoast-schema-graph\">{\"@context\":\"https:\/\/schema.org\",\"@graph\":[{\"@type\":\"WebSite\",\"@id\":\"https:\/\/franciscanos.org.br\/noticias\/#website\",\"url\":\"https:\/\/franciscanos.org.br\/noticias\/\",\"name\":\"Not\u00edcias - Franciscanos\",\"description\":\"Prov\u00edncia Franciscana da Imaculada Concei\u00e7\u00e3o do Brasil - Ordem dos Frades Menores - OFM\",\"potentialAction\":[{\"@type\":\"SearchAction\",\"target\":{\"@type\":\"EntryPoint\",\"urlTemplate\":\"https:\/\/franciscanos.org.br\/noticias\/?s={search_term_string}\"},\"query-input\":\"required name=search_term_string\"}],\"inLanguage\":\"pt-BR\"},{\"@type\":\"ImageObject\",\"inLanguage\":\"pt-BR\",\"@id\":\"https:\/\/franciscanos.org.br\/noticias\/frei-edrian-apresenta-o-almanaque-santo-antonio-2023.html#primaryimage\",\"url\":\"https:\/\/franciscanos.org.br\/noticias\/wp-content\/uploads\/2022\/06\/folhinha_1306.jpg\",\"contentUrl\":\"https:\/\/franciscanos.org.br\/noticias\/wp-content\/uploads\/2022\/06\/folhinha_1306.jpg\",\"width\":1280,\"height\":898},{\"@type\":\"WebPage\",\"@id\":\"https:\/\/franciscanos.org.br\/noticias\/frei-edrian-apresenta-o-almanaque-santo-antonio-2023.html#webpage\",\"url\":\"https:\/\/franciscanos.org.br\/noticias\/frei-edrian-apresenta-o-almanaque-santo-antonio-2023.html\",\"name\":\"Frei Edrian apresenta o Almanaque Santo Ant\u00f4nio 2023 - Not\u00edcias - Franciscanos\",\"isPartOf\":{\"@id\":\"https:\/\/franciscanos.org.br\/noticias\/#website\"},\"primaryImageOfPage\":{\"@id\":\"https:\/\/franciscanos.org.br\/noticias\/frei-edrian-apresenta-o-almanaque-santo-antonio-2023.html#primaryimage\"},\"datePublished\":\"2022-06-13T12:54:52+00:00\",\"dateModified\":\"2022-06-13T12:54:52+00:00\",\"author\":{\"@id\":\"https:\/\/franciscanos.org.br\/noticias\/#\/schema\/person\/b5c8cba458c330ccff548b056e95a5d4\"},\"breadcrumb\":{\"@id\":\"https:\/\/franciscanos.org.br\/noticias\/frei-edrian-apresenta-o-almanaque-santo-antonio-2023.html#breadcrumb\"},\"inLanguage\":\"pt-BR\",\"potentialAction\":[{\"@type\":\"ReadAction\",\"target\":[\"https:\/\/franciscanos.org.br\/noticias\/frei-edrian-apresenta-o-almanaque-santo-antonio-2023.html\"]}]},{\"@type\":\"BreadcrumbList\",\"@id\":\"https:\/\/franciscanos.org.br\/noticias\/frei-edrian-apresenta-o-almanaque-santo-antonio-2023.html#breadcrumb\",\"itemListElement\":[{\"@type\":\"ListItem\",\"position\":1,\"name\":\"Home\",\"item\":\"https:\/\/franciscanos.org.br\/noticias\"},{\"@type\":\"ListItem\",\"position\":2,\"name\":\"Frei Edrian apresenta o Almanaque Santo Ant\u00f4nio 2023\"}]},{\"@type\":\"Person\",\"@id\":\"https:\/\/franciscanos.org.br\/noticias\/#\/schema\/person\/b5c8cba458c330ccff548b056e95a5d4\",\"name\":\"moacir\",\"image\":{\"@type\":\"ImageObject\",\"inLanguage\":\"pt-BR\",\"@id\":\"https:\/\/franciscanos.org.br\/noticias\/#\/schema\/person\/image\/\",\"url\":\"https:\/\/secure.gravatar.com\/avatar\/d08aa2ce4c8dd416d4479aa8536fcf64?s=96&d=mm&r=g\",\"contentUrl\":\"https:\/\/secure.gravatar.com\/avatar\/d08aa2ce4c8dd416d4479aa8536fcf64?s=96&d=mm&r=g\",\"caption\":\"moacir\"},\"url\":\"https:\/\/franciscanos.org.br\/noticias\/author\/moacir\"}]}<\/script>\n<!-- \/ Yoast SEO plugin. -->","yoast_head_json":{"title":"Frei Edrian apresenta o Almanaque Santo Ant\u00f4nio 2023 - Not\u00edcias - Franciscanos","robots":{"index":"index","follow":"follow","max-snippet":"max-snippet:-1","max-image-preview":"max-image-preview:large","max-video-preview":"max-video-preview:-1"},"canonical":"https:\/\/franciscanos.org.br\/noticias\/frei-edrian-apresenta-o-almanaque-santo-antonio-2023.html","og_locale":"pt_BR","og_type":"article","og_title":"Frei Edrian apresenta o Almanaque Santo Ant\u00f4nio 2023 - Not\u00edcias - Franciscanos","og_description":"Editora Vozes","og_url":"https:\/\/franciscanos.org.br\/noticias\/frei-edrian-apresenta-o-almanaque-santo-antonio-2023.html","og_site_name":"Not\u00edcias - Franciscanos","article_published_time":"2022-06-13T12:54:52+00:00","og_image":[{"width":1280,"height":898,"url":"https:\/\/franciscanos.org.br\/noticias\/wp-content\/uploads\/2022\/06\/folhinha_1306.jpg","type":"image\/jpeg"}],"author":"moacir","twitter_card":"summary_large_image","twitter_misc":{"Escrito por":"moacir","Est. tempo de leitura":"1 minuto"},"schema":{"@context":"https:\/\/schema.org","@graph":[{"@type":"WebSite","@id":"https:\/\/franciscanos.org.br\/noticias\/#website","url":"https:\/\/franciscanos.org.br\/noticias\/","name":"Not\u00edcias - Franciscanos","description":"Prov\u00edncia Franciscana da Imaculada Concei\u00e7\u00e3o do Brasil - Ordem dos Frades Menores - OFM","potentialAction":[{"@type":"SearchAction","target":{"@type":"EntryPoint","urlTemplate":"https:\/\/franciscanos.org.br\/noticias\/?s={search_term_string}"},"query-input":"required name=search_term_string"}],"inLanguage":"pt-BR"},{"@type":"ImageObject","inLanguage":"pt-BR","@id":"https:\/\/franciscanos.org.br\/noticias\/frei-edrian-apresenta-o-almanaque-santo-antonio-2023.html#primaryimage","url":"https:\/\/franciscanos.org.br\/noticias\/wp-content\/uploads\/2022\/06\/folhinha_1306.jpg","contentUrl":"https:\/\/franciscanos.org.br\/noticias\/wp-content\/uploads\/2022\/06\/folhinha_1306.jpg","width":1280,"height":898},{"@type":"WebPage","@id":"https:\/\/franciscanos.org.br\/noticias\/frei-edrian-apresenta-o-almanaque-santo-antonio-2023.html#webpage","url":"https:\/\/franciscanos.org.br\/noticias\/frei-edrian-apresenta-o-almanaque-santo-antonio-2023.html","name":"Frei Edrian apresenta o Almanaque Santo Ant\u00f4nio 2023 - Not\u00edcias - Franciscanos","isPartOf":{"@id":"https:\/\/franciscanos.org.br\/noticias\/#website"},"primaryImageOfPage":{"@id":"https:\/\/franciscanos.org.br\/noticias\/frei-edrian-apresenta-o-almanaque-santo-antonio-2023.html#primaryimage"},"datePublished":"2022-06-13T12:54:52+00:00","dateModified":"2022-06-13T12:54:52+00:00","author":{"@id":"https:\/\/franciscanos.org.br\/noticias\/#\/schema\/person\/b5c8cba458c330ccff548b056e95a5d4"},"breadcrumb":{"@id":"https:\/\/franciscanos.org.br\/noticias\/frei-edrian-apresenta-o-almanaque-santo-antonio-2023.html#breadcrumb"},"inLanguage":"pt-BR","potentialAction":[{"@type":"ReadAction","target":["https:\/\/franciscanos.org.br\/noticias\/frei-edrian-apresenta-o-almanaque-santo-antonio-2023.html"]}]},{"@type":"BreadcrumbList","@id":"https:\/\/franciscanos.org.br\/noticias\/frei-edrian-apresenta-o-almanaque-santo-antonio-2023.html#breadcrumb","itemListElement":[{"@type":"ListItem","position":1,"name":"Home","item":"https:\/\/franciscanos.org.br\/noticias"},{"@type":"ListItem","position":2,"name":"Frei Edrian apresenta o Almanaque Santo Ant\u00f4nio 2023"}]},{"@type":"Person","@id":"https:\/\/franciscanos.org.br\/noticias\/#\/schema\/person\/b5c8cba458c330ccff548b056e95a5d4","name":"moacir","image":{"@type":"ImageObject","inLanguage":"pt-BR","@id":"https:\/\/franciscanos.org.br\/noticias\/#\/schema\/person\/image\/","url":"https:\/\/secure.gravatar.com\/avatar\/d08aa2ce4c8dd416d4479aa8536fcf64?s=96&d=mm&r=g","contentUrl":"https:\/\/secure.gravatar.com\/avatar\/d08aa2ce4c8dd416d4479aa8536fcf64?s=96&d=mm&r=g","caption":"moacir"},"url":"https:\/\/franciscanos.org.br\/noticias\/author\/moacir"}]}},"_links":{"self":[{"href":"https:\/\/franciscanos.org.br\/noticias\/wp-json\/wp\/v2\/posts\/238406"}],"collection":[{"href":"https:\/\/franciscanos.org.br\/noticias\/wp-json\/wp\/v2\/posts"}],"about":[{"href":"https:\/\/franciscanos.org.br\/noticias\/wp-json\/wp\/v2\/types\/post"}],"author":[{"embeddable":true,"href":"https:\/\/franciscanos.org.br\/noticias\/wp-json\/wp\/v2\/users\/3"}],"replies":[{"embeddable":true,"href":"https:\/\/franciscanos.org.br\/noticias\/wp-json\/wp\/v2\/comments?post=238406"}],"version-history":[{"count":1,"href":"https:\/\/franciscanos.org.br\/noticias\/wp-json\/wp\/v2\/posts\/238406\/revisions"}],"predecessor-version":[{"id":238409,"href":"https:\/\/franciscanos.org.br\/noticias\/wp-json\/wp\/v2\/posts\/238406\/revisions\/238409"}],"wp:featuredmedia":[{"embeddable":true,"href":"https:\/\/franciscanos.org.br\/noticias\/wp-json\/wp\/v2\/media\/238407"}],"wp:attachment":[{"href":"https:\/\/franciscanos.org.br\/noticias\/wp-json\/wp\/v2\/media?parent=238406"}],"wp:term":[{"taxonomy":"category","embeddable":true,"href":"https:\/\/franciscanos.org.br\/noticias\/wp-json\/wp\/v2\/categories?post=238406"},{"taxonomy":"post_tag","embeddable":true,"href":"https:\/\/franciscanos.org.br\/noticias\/wp-json\/wp\/v2\/tags?post=238406"}],"curies":[{"name":"wp","href":"https:\/\/api.w.org\/{rel}","templated":true}]}}