{"id":238399,"date":"2022-06-13T08:34:49","date_gmt":"2022-06-13T11:34:49","guid":{"rendered":"https:\/\/franciscanos.org.br\/noticias\/?p=238399"},"modified":"2023-01-03T13:49:33","modified_gmt":"2023-01-03T16:49:33","slug":"comeca-a-festa-no-pari-na-manha-fria-a-fila-do-paozinho-puxa-a-devocao","status":"publish","type":"post","link":"https:\/\/franciscanos.org.br\/noticias\/comeca-a-festa-no-pari-na-manha-fria-a-fila-do-paozinho-puxa-a-devocao.html","title":{"rendered":"Come\u00e7a a Festa no Pari na manh\u00e3 fria. A fila do P\u00e3ozinho puxa a devo\u00e7\u00e3o."},"content":{"rendered":"<p><img loading=\"lazy\" class=\"alignleft size-full wp-image-238400\" src=\"https:\/\/franciscanos.org.br\/noticias\/wp-content\/uploads\/2022\/06\/missa_0606_3.jpg\" alt=\"\" width=\"1280\" height=\"720\" srcset=\"https:\/\/franciscanos.org.br\/noticias\/wp-content\/uploads\/2022\/06\/missa_0606_3.jpg 1280w, https:\/\/franciscanos.org.br\/noticias\/wp-content\/uploads\/2022\/06\/missa_0606_3-450x253.jpg 450w, https:\/\/franciscanos.org.br\/noticias\/wp-content\/uploads\/2022\/06\/missa_0606_3-1024x576.jpg 1024w, https:\/\/franciscanos.org.br\/noticias\/wp-content\/uploads\/2022\/06\/missa_0606_3-768x432.jpg 768w, https:\/\/franciscanos.org.br\/noticias\/wp-content\/uploads\/2022\/06\/missa_0606_3-150x84.jpg 150w\" sizes=\"(max-width: 1280px) 100vw, 1280px\" \/><\/p>\n<p><strong>\u00a0<\/strong><strong>S\u00e3o Paulo (SP) \u2013<\/strong>\u00a0 O frio que chegou a S\u00e3o Paulo acompanhou os fi\u00e9is devotos de Santo Ant\u00f4nio na manh\u00e3 desta segunda-feira, dia 13 de junho, na primeira Missa, \u00e0s 6 horas, abrindo as festividades ao santo franciscano no bairro do Pari, em S\u00e3o Paulo (SP). Durante o dia ser\u00e3o celebradas dez Missas. De todas as regi\u00f5es da Grande S\u00e3o Paulo, o povo vem ao Pari para fazer a sua devo\u00e7\u00e3o ao santo. Neste dia 13, o Pari se torna o centro da f\u00e9.<\/p>\n<p>O p\u00e1roco Frei Wilson Sim\u00e3o presidiu a primeira Missa e lembrou que a &#8216;grandeza&#8217; do santo estava na sua disponibilidade e no seguimento de Cristo. &#8220;Santo Ant\u00f4nio, grande educador da f\u00e9 crist\u00e3; Santo Ant\u00f4nio, grande pregador da f\u00e9 em Jesus Cristo; e grande doutor da Igreja. Ele se tornou grande no meio do povo, anunciando o Evangelho de Nosso Senhor&#8221;, disse, fazendo refer\u00eancia ao tema da Festa, que chega \u00e0 108\u00aa edi\u00e7\u00e3o: \u201cSanto Ant\u00f4nio, grande educador na f\u00e9 crist\u00e3&#8221;, em sintonia com o tema da Campanha da Fraternidade deste ano: \u201cFraternidade e Educa\u00e7\u00e3o\u201d, com base no lema b\u00edblico, extra\u00eddo de Prov\u00e9rbios 31, 26: \u201cFala com sabedoria, ensina com amor\u201d.<\/p>\n<p>Para o frade, Santo Ant\u00f4nio foi um &#8216;mission\u00e1rio&#8217; que chegou aos quatro cantos da Terra. &#8220;Sua devo\u00e7\u00e3o cruzou fronteiras e veio parar aqui no Pari. O Santo Ant\u00f4nio de Lisboa, de P\u00e1dua e do Pari. Estamos aqui celebrando a nossa f\u00e9 a Deus atrav\u00e9s da intercess\u00e3o e prote\u00e7\u00e3o de Santo Ant\u00f4nio&#8221;, acrescentou.<\/p>\n<p><img loading=\"lazy\" class=\"alignleft size-full wp-image-238401\" src=\"https:\/\/franciscanos.org.br\/noticias\/wp-content\/uploads\/2022\/06\/missa_0606.jpg\" alt=\"\" width=\"1280\" height=\"1707\" srcset=\"https:\/\/franciscanos.org.br\/noticias\/wp-content\/uploads\/2022\/06\/missa_0606.jpg 810w, https:\/\/franciscanos.org.br\/noticias\/wp-content\/uploads\/2022\/06\/missa_0606-337x450.jpg 337w, https:\/\/franciscanos.org.br\/noticias\/wp-content\/uploads\/2022\/06\/missa_0606-768x1024.jpg 768w, https:\/\/franciscanos.org.br\/noticias\/wp-content\/uploads\/2022\/06\/missa_0606-1152x1536.jpg 1152w, https:\/\/franciscanos.org.br\/noticias\/wp-content\/uploads\/2022\/06\/missa_0606-150x200.jpg 150w\" sizes=\"(max-width: 1280px) 100vw, 1280px\" \/><\/p>\n<p>No lado externo da igreja, n\u00e3o demorou muito para as filas come\u00e7arem: fila para adquirir um peda\u00e7o do Bolo de Santo Ant\u00f4nio, fila para conseguir o P\u00e3ozinho de Santo Ant\u00f4nio. Ao lado da fila do p\u00e3o, o guardi\u00e3o da Fraternidade do Pari, Frei Jos\u00e9 C\u00e1ssia dos Santos, aben\u00e7oava os p\u00e3ezinhos e as pessoas.<\/p>\n<p>O grande movimento vai acontecer das 11 \u00e0s 14 horas, quando as pessoas aproveitam os hor\u00e1rios de almo\u00e7o do grande centro comercial que se tornou o bairro para pedir gra\u00e7as e demonstrar confian\u00e7a e f\u00e9 no Santo Intercessor. No final da jornada de trabalho, a aglomera\u00e7\u00e3o no largo Padre Bento atinge o m\u00e1ximo, para a Missa de encerramento e a prociss\u00e3o pelas ruas do bairro.<\/p>\n<p><img loading=\"lazy\" class=\"alignleft size-full wp-image-238402\" src=\"https:\/\/franciscanos.org.br\/noticias\/wp-content\/uploads\/2022\/06\/missa_0606_1.jpg\" alt=\"\" width=\"1280\" height=\"730\" srcset=\"https:\/\/franciscanos.org.br\/noticias\/wp-content\/uploads\/2022\/06\/missa_0606_1.jpg 1280w, https:\/\/franciscanos.org.br\/noticias\/wp-content\/uploads\/2022\/06\/missa_0606_1-450x257.jpg 450w, https:\/\/franciscanos.org.br\/noticias\/wp-content\/uploads\/2022\/06\/missa_0606_1-1024x584.jpg 1024w, https:\/\/franciscanos.org.br\/noticias\/wp-content\/uploads\/2022\/06\/missa_0606_1-768x438.jpg 768w, https:\/\/franciscanos.org.br\/noticias\/wp-content\/uploads\/2022\/06\/missa_0606_1-150x86.jpg 150w\" sizes=\"(max-width: 1280px) 100vw, 1280px\" \/><\/p>\n<p><strong>O milagre da multiplica\u00e7\u00e3o dos p\u00e3ezinhos<\/strong><\/p>\n<p>O sucesso de um evento do tamanho da Festa de Santo Ant\u00f4nio do Pari s\u00f3 \u00e9 poss\u00edvel quando os paroquianos &#8220;p\u00f5em a m\u00e3o na massa&#8221;. E, no Pari, n\u00e3o faltam volunt\u00e1rios, dedicados e eternamente agradecidos ao santo franciscano. Um exemplo dessa dedica\u00e7\u00e3o vem dos Vicentinos, que fazem o trabalho da barraca mais procurada da festa: a do P\u00e3ozinho de Santo Ant\u00f4nio. Uma grande equipe reserva antecipadamente o dia 13 de junho exclusivamente para Santo Ant\u00f4nio e, das 6 horas at\u00e9 o \u00faltimo p\u00e3ozinho, reveza-se no atendimento sob a coordena\u00e7\u00e3o de Mercedes de Meo, que h\u00e1 quarenta anos faz esse trabalho, com amor e dedica\u00e7\u00e3o como gosta de ressaltar.<\/p>\n<p>&#8220;Antes era meu pai, tamb\u00e9m vicentino, que fazia este trabalho. Eu o acompanhava de perto desde pequena. Com o seu falecimento, assumi a coordena\u00e7\u00e3o&#8221;, conta Marlene, incans\u00e1vel com quase 80 anos. Para fazer parte de sua equipe, n\u00e3o \u00e9 preciso muito especializa\u00e7\u00e3o. &#8220;Basta ter trabalhar com alegria. N\u00e3o tem sentido ficar aqui de cara feia. Ent\u00e3o, oriento todos a transmitirem alegria, paz e fraternidade&#8221;, explica. &#8220;As pessoas v\u00eam em busca n\u00e3o s\u00f3 de um p\u00e3o, mas de um alimento espiritual&#8221;, acrescenta. Com ela vieram o neto Gabriel e o filho Ricardo.<\/p>\n<div id=\"attachment_238403\" style=\"width: 1290px\" class=\"wp-caption alignleft\"><img aria-describedby=\"caption-attachment-238403\" loading=\"lazy\" class=\"wp-image-238403 size-full\" src=\"https:\/\/franciscanos.org.br\/noticias\/wp-content\/uploads\/2022\/06\/missa_0606_2.jpg\" alt=\"\" width=\"1280\" height=\"903\" srcset=\"https:\/\/franciscanos.org.br\/noticias\/wp-content\/uploads\/2022\/06\/missa_0606_2.jpg 1280w, https:\/\/franciscanos.org.br\/noticias\/wp-content\/uploads\/2022\/06\/missa_0606_2-450x317.jpg 450w, https:\/\/franciscanos.org.br\/noticias\/wp-content\/uploads\/2022\/06\/missa_0606_2-1024x722.jpg 1024w, https:\/\/franciscanos.org.br\/noticias\/wp-content\/uploads\/2022\/06\/missa_0606_2-768x542.jpg 768w, https:\/\/franciscanos.org.br\/noticias\/wp-content\/uploads\/2022\/06\/missa_0606_2-150x106.jpg 150w, https:\/\/franciscanos.org.br\/noticias\/wp-content\/uploads\/2022\/06\/missa_0606_2-460x325.jpg 460w\" sizes=\"(max-width: 1280px) 100vw, 1280px\" \/><p id=\"caption-attachment-238403\" class=\"wp-caption-text\"><em>\u00a0Da. Marlene \u00e0 frente, o neto Gabriel (\u00e0 esq.) e o filho Ricardo (\u00e0 direita)<\/em><\/p><\/div>\n<p>Com a fila grande, Marlene n\u00e3o deixe de demonstrar preocupa\u00e7\u00e3o com a falta de p\u00e3o. Estamos voltando depois de dois anos de pandemia, e n\u00e3o sabemos como vai ser a resposta do povo. Mas a gente tem f\u00e9, como todo ano, que o milagre da multiplica\u00e7\u00e3o vai acontecer&#8221;, revela Mercedes.<\/p>\n<p>Segundo a coordenadora, esse milagre da distribui\u00e7\u00e3o \u00e9 feito com doa\u00e7\u00f5es. &#8220;As pessoas fazem promessas e pagam com a doa\u00e7\u00e3o de p\u00e3ezinhos&#8221;, adianta. Algumas padarias tamb\u00e9m fazem doa\u00e7\u00f5es, como \u00e9 tradicional a Tricanas P\u00e3es e Doces da Vila Gustavo.<\/p>\n<p>Nesse tempo, Marlene conheceu muita gente e muitas hist\u00f3rias de f\u00e9 no Santo Padroeiro. &#8220;Se eu contar tudo o que vi, d\u00e1 um livro&#8221;, diz Marlene. Como muitos paroquianos, ela se mudou do bairro que hoje vive para o com\u00e9rcio. Mas ela garante que n\u00e3o vai deixar de frequentar a igreja, assim como fazem muitos paroquianos que mudaram da regi\u00e3o.<\/p>\n<p><img loading=\"lazy\" class=\"alignleft size-full wp-image-238404\" src=\"https:\/\/franciscanos.org.br\/noticias\/wp-content\/uploads\/2022\/06\/missa_0606_4.jpg\" alt=\"\" width=\"1280\" height=\"960\" srcset=\"https:\/\/franciscanos.org.br\/noticias\/wp-content\/uploads\/2022\/06\/missa_0606_4.jpg 1280w, https:\/\/franciscanos.org.br\/noticias\/wp-content\/uploads\/2022\/06\/missa_0606_4-450x338.jpg 450w, https:\/\/franciscanos.org.br\/noticias\/wp-content\/uploads\/2022\/06\/missa_0606_4-1024x768.jpg 1024w, https:\/\/franciscanos.org.br\/noticias\/wp-content\/uploads\/2022\/06\/missa_0606_4-768x576.jpg 768w, https:\/\/franciscanos.org.br\/noticias\/wp-content\/uploads\/2022\/06\/missa_0606_4-150x113.jpg 150w, https:\/\/franciscanos.org.br\/noticias\/wp-content\/uploads\/2022\/06\/missa_0606_4-600x450.jpg 600w\" sizes=\"(max-width: 1280px) 100vw, 1280px\" \/><\/p>\n<p>&nbsp;<\/p>\n<p><strong>PROGRAMA\u00c7\u00c3O DO DIA DE SANTO ANT\u00d4NIO &#8211; 13\/6 (segunda-feira)<\/strong><\/p>\n<p><strong>Missas<\/strong>: 6h00, 7h30, 9h00, 10h30, 12h00, 13h30, 15h00, 16h30 e 18h00.<\/p>\n<p><strong>Missa solene<\/strong>: 19h30, presidida pelo Definidor Provincial e ex-Ministro Provincial, Frei Fid\u00eancio Vanboemmel, seguida de prociss\u00e3o com a imagem do Padroeiro pelas ruas do bairro.<\/p>\n<p><strong>Festa externa com barracas e comida t\u00edpica <\/strong><\/p>\n<p>No dia 13 de junho, a partir das 6 horas<\/p>\n<p>Distribui\u00e7\u00e3o do P\u00e3o bento e venda do l\u00edrio e do bolo de Santo Ant\u00f4nio.<\/p>\n<p>Quermesse: das 7h \u00e0s 22h<\/p>\n<hr \/>\n<p><em>Comunica\u00e7\u00e3o da Prov\u00edncia da Imaculada Concei\u00e7\u00e3o<\/em><\/p>\n","protected":false},"excerpt":{"rendered":"<p>Festa de Santo Ant\u00f4nio do Pari<\/p>\n","protected":false},"author":3,"featured_media":238402,"comment_status":"open","ping_status":"open","sticky":false,"template":"","format":"standard","meta":[],"categories":[1],"tags":[287],"acf":[],"yoast_head":"<!-- This site is optimized with the Yoast SEO plugin v19.2 - https:\/\/yoast.com\/wordpress\/plugins\/seo\/ -->\n<title>Come\u00e7a a Festa no Pari na manh\u00e3 fria. A fila do P\u00e3ozinho puxa a devo\u00e7\u00e3o. - Not\u00edcias - Franciscanos<\/title>\n<meta name=\"robots\" content=\"index, follow, max-snippet:-1, max-image-preview:large, max-video-preview:-1\" \/>\n<link rel=\"canonical\" href=\"https:\/\/franciscanos.org.br\/noticias\/comeca-a-festa-no-pari-na-manha-fria-a-fila-do-paozinho-puxa-a-devocao.html\" \/>\n<meta property=\"og:locale\" content=\"pt_BR\" \/>\n<meta property=\"og:type\" content=\"article\" \/>\n<meta property=\"og:title\" content=\"Come\u00e7a a Festa no Pari na manh\u00e3 fria. A fila do P\u00e3ozinho puxa a devo\u00e7\u00e3o. - Not\u00edcias - Franciscanos\" \/>\n<meta property=\"og:description\" content=\"Festa de Santo Ant\u00f4nio do Pari\" \/>\n<meta property=\"og:url\" content=\"https:\/\/franciscanos.org.br\/noticias\/comeca-a-festa-no-pari-na-manha-fria-a-fila-do-paozinho-puxa-a-devocao.html\" \/>\n<meta property=\"og:site_name\" content=\"Not\u00edcias - Franciscanos\" \/>\n<meta property=\"article:published_time\" content=\"2022-06-13T11:34:49+00:00\" \/>\n<meta property=\"article:modified_time\" content=\"2023-01-03T16:49:33+00:00\" \/>\n<meta property=\"og:image\" content=\"https:\/\/franciscanos.org.br\/noticias\/wp-content\/uploads\/2022\/06\/missa_0606_1.jpg\" \/>\n\t<meta property=\"og:image:width\" content=\"1280\" \/>\n\t<meta property=\"og:image:height\" content=\"730\" \/>\n\t<meta property=\"og:image:type\" content=\"image\/jpeg\" \/>\n<meta name=\"author\" content=\"moacir\" \/>\n<meta name=\"twitter:card\" content=\"summary_large_image\" \/>\n<meta name=\"twitter:label1\" content=\"Escrito por\" \/>\n\t<meta name=\"twitter:data1\" content=\"moacir\" \/>\n\t<meta name=\"twitter:label2\" content=\"Est. tempo de leitura\" \/>\n\t<meta name=\"twitter:data2\" content=\"5 minutos\" \/>\n<script type=\"application\/ld+json\" class=\"yoast-schema-graph\">{\"@context\":\"https:\/\/schema.org\",\"@graph\":[{\"@type\":\"WebSite\",\"@id\":\"https:\/\/franciscanos.org.br\/noticias\/#website\",\"url\":\"https:\/\/franciscanos.org.br\/noticias\/\",\"name\":\"Not\u00edcias - Franciscanos\",\"description\":\"Prov\u00edncia Franciscana da Imaculada Concei\u00e7\u00e3o do Brasil - Ordem dos Frades Menores - OFM\",\"potentialAction\":[{\"@type\":\"SearchAction\",\"target\":{\"@type\":\"EntryPoint\",\"urlTemplate\":\"https:\/\/franciscanos.org.br\/noticias\/?s={search_term_string}\"},\"query-input\":\"required name=search_term_string\"}],\"inLanguage\":\"pt-BR\"},{\"@type\":\"ImageObject\",\"inLanguage\":\"pt-BR\",\"@id\":\"https:\/\/franciscanos.org.br\/noticias\/comeca-a-festa-no-pari-na-manha-fria-a-fila-do-paozinho-puxa-a-devocao.html#primaryimage\",\"url\":\"https:\/\/franciscanos.org.br\/noticias\/wp-content\/uploads\/2022\/06\/missa_0606_1.jpg\",\"contentUrl\":\"https:\/\/franciscanos.org.br\/noticias\/wp-content\/uploads\/2022\/06\/missa_0606_1.jpg\",\"width\":1280,\"height\":730},{\"@type\":\"WebPage\",\"@id\":\"https:\/\/franciscanos.org.br\/noticias\/comeca-a-festa-no-pari-na-manha-fria-a-fila-do-paozinho-puxa-a-devocao.html#webpage\",\"url\":\"https:\/\/franciscanos.org.br\/noticias\/comeca-a-festa-no-pari-na-manha-fria-a-fila-do-paozinho-puxa-a-devocao.html\",\"name\":\"Come\u00e7a a Festa no Pari na manh\u00e3 fria. A fila do P\u00e3ozinho puxa a devo\u00e7\u00e3o. - Not\u00edcias - Franciscanos\",\"isPartOf\":{\"@id\":\"https:\/\/franciscanos.org.br\/noticias\/#website\"},\"primaryImageOfPage\":{\"@id\":\"https:\/\/franciscanos.org.br\/noticias\/comeca-a-festa-no-pari-na-manha-fria-a-fila-do-paozinho-puxa-a-devocao.html#primaryimage\"},\"datePublished\":\"2022-06-13T11:34:49+00:00\",\"dateModified\":\"2023-01-03T16:49:33+00:00\",\"author\":{\"@id\":\"https:\/\/franciscanos.org.br\/noticias\/#\/schema\/person\/b5c8cba458c330ccff548b056e95a5d4\"},\"breadcrumb\":{\"@id\":\"https:\/\/franciscanos.org.br\/noticias\/comeca-a-festa-no-pari-na-manha-fria-a-fila-do-paozinho-puxa-a-devocao.html#breadcrumb\"},\"inLanguage\":\"pt-BR\",\"potentialAction\":[{\"@type\":\"ReadAction\",\"target\":[\"https:\/\/franciscanos.org.br\/noticias\/comeca-a-festa-no-pari-na-manha-fria-a-fila-do-paozinho-puxa-a-devocao.html\"]}]},{\"@type\":\"BreadcrumbList\",\"@id\":\"https:\/\/franciscanos.org.br\/noticias\/comeca-a-festa-no-pari-na-manha-fria-a-fila-do-paozinho-puxa-a-devocao.html#breadcrumb\",\"itemListElement\":[{\"@type\":\"ListItem\",\"position\":1,\"name\":\"Home\",\"item\":\"https:\/\/franciscanos.org.br\/noticias\"},{\"@type\":\"ListItem\",\"position\":2,\"name\":\"Come\u00e7a a Festa no Pari na manh\u00e3 fria. A fila do P\u00e3ozinho puxa a devo\u00e7\u00e3o.\"}]},{\"@type\":\"Person\",\"@id\":\"https:\/\/franciscanos.org.br\/noticias\/#\/schema\/person\/b5c8cba458c330ccff548b056e95a5d4\",\"name\":\"moacir\",\"image\":{\"@type\":\"ImageObject\",\"inLanguage\":\"pt-BR\",\"@id\":\"https:\/\/franciscanos.org.br\/noticias\/#\/schema\/person\/image\/\",\"url\":\"https:\/\/secure.gravatar.com\/avatar\/d08aa2ce4c8dd416d4479aa8536fcf64?s=96&d=mm&r=g\",\"contentUrl\":\"https:\/\/secure.gravatar.com\/avatar\/d08aa2ce4c8dd416d4479aa8536fcf64?s=96&d=mm&r=g\",\"caption\":\"moacir\"},\"url\":\"https:\/\/franciscanos.org.br\/noticias\/author\/moacir\"}]}<\/script>\n<!-- \/ Yoast SEO plugin. -->","yoast_head_json":{"title":"Come\u00e7a a Festa no Pari na manh\u00e3 fria. A fila do P\u00e3ozinho puxa a devo\u00e7\u00e3o. - Not\u00edcias - Franciscanos","robots":{"index":"index","follow":"follow","max-snippet":"max-snippet:-1","max-image-preview":"max-image-preview:large","max-video-preview":"max-video-preview:-1"},"canonical":"https:\/\/franciscanos.org.br\/noticias\/comeca-a-festa-no-pari-na-manha-fria-a-fila-do-paozinho-puxa-a-devocao.html","og_locale":"pt_BR","og_type":"article","og_title":"Come\u00e7a a Festa no Pari na manh\u00e3 fria. A fila do P\u00e3ozinho puxa a devo\u00e7\u00e3o. - Not\u00edcias - Franciscanos","og_description":"Festa de Santo Ant\u00f4nio do Pari","og_url":"https:\/\/franciscanos.org.br\/noticias\/comeca-a-festa-no-pari-na-manha-fria-a-fila-do-paozinho-puxa-a-devocao.html","og_site_name":"Not\u00edcias - Franciscanos","article_published_time":"2022-06-13T11:34:49+00:00","article_modified_time":"2023-01-03T16:49:33+00:00","og_image":[{"width":1280,"height":730,"url":"https:\/\/franciscanos.org.br\/noticias\/wp-content\/uploads\/2022\/06\/missa_0606_1.jpg","type":"image\/jpeg"}],"author":"moacir","twitter_card":"summary_large_image","twitter_misc":{"Escrito por":"moacir","Est. tempo de leitura":"5 minutos"},"schema":{"@context":"https:\/\/schema.org","@graph":[{"@type":"WebSite","@id":"https:\/\/franciscanos.org.br\/noticias\/#website","url":"https:\/\/franciscanos.org.br\/noticias\/","name":"Not\u00edcias - Franciscanos","description":"Prov\u00edncia Franciscana da Imaculada Concei\u00e7\u00e3o do Brasil - Ordem dos Frades Menores - OFM","potentialAction":[{"@type":"SearchAction","target":{"@type":"EntryPoint","urlTemplate":"https:\/\/franciscanos.org.br\/noticias\/?s={search_term_string}"},"query-input":"required name=search_term_string"}],"inLanguage":"pt-BR"},{"@type":"ImageObject","inLanguage":"pt-BR","@id":"https:\/\/franciscanos.org.br\/noticias\/comeca-a-festa-no-pari-na-manha-fria-a-fila-do-paozinho-puxa-a-devocao.html#primaryimage","url":"https:\/\/franciscanos.org.br\/noticias\/wp-content\/uploads\/2022\/06\/missa_0606_1.jpg","contentUrl":"https:\/\/franciscanos.org.br\/noticias\/wp-content\/uploads\/2022\/06\/missa_0606_1.jpg","width":1280,"height":730},{"@type":"WebPage","@id":"https:\/\/franciscanos.org.br\/noticias\/comeca-a-festa-no-pari-na-manha-fria-a-fila-do-paozinho-puxa-a-devocao.html#webpage","url":"https:\/\/franciscanos.org.br\/noticias\/comeca-a-festa-no-pari-na-manha-fria-a-fila-do-paozinho-puxa-a-devocao.html","name":"Come\u00e7a a Festa no Pari na manh\u00e3 fria. A fila do P\u00e3ozinho puxa a devo\u00e7\u00e3o. - Not\u00edcias - Franciscanos","isPartOf":{"@id":"https:\/\/franciscanos.org.br\/noticias\/#website"},"primaryImageOfPage":{"@id":"https:\/\/franciscanos.org.br\/noticias\/comeca-a-festa-no-pari-na-manha-fria-a-fila-do-paozinho-puxa-a-devocao.html#primaryimage"},"datePublished":"2022-06-13T11:34:49+00:00","dateModified":"2023-01-03T16:49:33+00:00","author":{"@id":"https:\/\/franciscanos.org.br\/noticias\/#\/schema\/person\/b5c8cba458c330ccff548b056e95a5d4"},"breadcrumb":{"@id":"https:\/\/franciscanos.org.br\/noticias\/comeca-a-festa-no-pari-na-manha-fria-a-fila-do-paozinho-puxa-a-devocao.html#breadcrumb"},"inLanguage":"pt-BR","potentialAction":[{"@type":"ReadAction","target":["https:\/\/franciscanos.org.br\/noticias\/comeca-a-festa-no-pari-na-manha-fria-a-fila-do-paozinho-puxa-a-devocao.html"]}]},{"@type":"BreadcrumbList","@id":"https:\/\/franciscanos.org.br\/noticias\/comeca-a-festa-no-pari-na-manha-fria-a-fila-do-paozinho-puxa-a-devocao.html#breadcrumb","itemListElement":[{"@type":"ListItem","position":1,"name":"Home","item":"https:\/\/franciscanos.org.br\/noticias"},{"@type":"ListItem","position":2,"name":"Come\u00e7a a Festa no Pari na manh\u00e3 fria. A fila do P\u00e3ozinho puxa a devo\u00e7\u00e3o."}]},{"@type":"Person","@id":"https:\/\/franciscanos.org.br\/noticias\/#\/schema\/person\/b5c8cba458c330ccff548b056e95a5d4","name":"moacir","image":{"@type":"ImageObject","inLanguage":"pt-BR","@id":"https:\/\/franciscanos.org.br\/noticias\/#\/schema\/person\/image\/","url":"https:\/\/secure.gravatar.com\/avatar\/d08aa2ce4c8dd416d4479aa8536fcf64?s=96&d=mm&r=g","contentUrl":"https:\/\/secure.gravatar.com\/avatar\/d08aa2ce4c8dd416d4479aa8536fcf64?s=96&d=mm&r=g","caption":"moacir"},"url":"https:\/\/franciscanos.org.br\/noticias\/author\/moacir"}]}},"_links":{"self":[{"href":"https:\/\/franciscanos.org.br\/noticias\/wp-json\/wp\/v2\/posts\/238399"}],"collection":[{"href":"https:\/\/franciscanos.org.br\/noticias\/wp-json\/wp\/v2\/posts"}],"about":[{"href":"https:\/\/franciscanos.org.br\/noticias\/wp-json\/wp\/v2\/types\/post"}],"author":[{"embeddable":true,"href":"https:\/\/franciscanos.org.br\/noticias\/wp-json\/wp\/v2\/users\/3"}],"replies":[{"embeddable":true,"href":"https:\/\/franciscanos.org.br\/noticias\/wp-json\/wp\/v2\/comments?post=238399"}],"version-history":[{"count":2,"href":"https:\/\/franciscanos.org.br\/noticias\/wp-json\/wp\/v2\/posts\/238399\/revisions"}],"predecessor-version":[{"id":241508,"href":"https:\/\/franciscanos.org.br\/noticias\/wp-json\/wp\/v2\/posts\/238399\/revisions\/241508"}],"wp:featuredmedia":[{"embeddable":true,"href":"https:\/\/franciscanos.org.br\/noticias\/wp-json\/wp\/v2\/media\/238402"}],"wp:attachment":[{"href":"https:\/\/franciscanos.org.br\/noticias\/wp-json\/wp\/v2\/media?parent=238399"}],"wp:term":[{"taxonomy":"category","embeddable":true,"href":"https:\/\/franciscanos.org.br\/noticias\/wp-json\/wp\/v2\/categories?post=238399"},{"taxonomy":"post_tag","embeddable":true,"href":"https:\/\/franciscanos.org.br\/noticias\/wp-json\/wp\/v2\/tags?post=238399"}],"curies":[{"name":"wp","href":"https:\/\/api.w.org\/{rel}","templated":true}]}}