{"id":238383,"date":"2022-06-12T22:20:44","date_gmt":"2022-06-13T01:20:44","guid":{"rendered":"https:\/\/franciscanos.org.br\/noticias\/?p=238383"},"modified":"2023-01-03T13:50:32","modified_gmt":"2023-01-03T16:50:32","slug":"somos-da-familia-de-deus-diz-frei-carlos-ao-encerrar-a-trezena-de-santo-antonio-no-pari","status":"publish","type":"post","link":"https:\/\/franciscanos.org.br\/noticias\/somos-da-familia-de-deus-diz-frei-carlos-ao-encerrar-a-trezena-de-santo-antonio-no-pari.html","title":{"rendered":"&#8220;Somos da fam\u00edlia de Deus&#8221;, diz Frei Carlos ao encerrar a Trezena de Santo Ant\u00f4nio no Pari"},"content":{"rendered":"<p><img loading=\"lazy\" class=\"alignleft size-full wp-image-238384\" src=\"https:\/\/franciscanos.org.br\/noticias\/wp-content\/uploads\/2022\/06\/missa_1206_1.jpg\" alt=\"\" width=\"1280\" height=\"720\" srcset=\"https:\/\/franciscanos.org.br\/noticias\/wp-content\/uploads\/2022\/06\/missa_1206_1.jpg 1280w, https:\/\/franciscanos.org.br\/noticias\/wp-content\/uploads\/2022\/06\/missa_1206_1-450x253.jpg 450w, https:\/\/franciscanos.org.br\/noticias\/wp-content\/uploads\/2022\/06\/missa_1206_1-1024x576.jpg 1024w, https:\/\/franciscanos.org.br\/noticias\/wp-content\/uploads\/2022\/06\/missa_1206_1-768x432.jpg 768w, https:\/\/franciscanos.org.br\/noticias\/wp-content\/uploads\/2022\/06\/missa_1206_1-150x84.jpg 150w\" sizes=\"(max-width: 1280px) 100vw, 1280px\" \/><\/p>\n<p><strong>S\u00e3o Paulo (SP) &#8211;<\/strong> O frio que chegou com for\u00e7a nestes dias a S\u00e3o Paulo n\u00e3o espantou os devotos de Santo Ant\u00f4nio que vieram participar do \u00faltimo dia da Trezena de Santo Ant\u00f4nio na Igreja do Pari, \u00e0s 19h00. A \u00faltima celebra\u00e7\u00e3o, que preparou os fi\u00e9is devotos para a Festa de Santo Ant\u00f4nio, nesta segunda-feira, 13 de junho, foi presidida pelo p\u00e1roco Frei Carlos L\u00facio Nunes Corr\u00eaa, da Par\u00f3quia Santa Cruz do Jardim Peri Alto, e Frei Jo\u00e3o Lopes da Silva.<\/p>\n<p>Neste Dia dos Namorados, o tema foi &#8220;Santo Ant\u00f4nio, educador do amor&#8221;, mas neste ano o tema geral da Festa, que chegou \u00e0 108\u00aa edi\u00e7\u00e3o, foi \u201cSanto Ant\u00f4nio, grande educador na f\u00e9 crist\u00e3&#8221;, em sintonia com o tema da Campanha da Fraternidade deste ano \u201cFraternidade e Educa\u00e7\u00e3o\u201d, com base no lema b\u00edblico, extra\u00eddo de Prov\u00e9rbios 31, 26: \u201cFala com sabedoria, ensina com amor\u201d.<\/p>\n<p><img loading=\"lazy\" class=\"alignleft size-full wp-image-238385\" src=\"https:\/\/franciscanos.org.br\/noticias\/wp-content\/uploads\/2022\/06\/missa_1206.jpg\" alt=\"\" width=\"1280\" height=\"1609\" srcset=\"https:\/\/franciscanos.org.br\/noticias\/wp-content\/uploads\/2022\/06\/missa_1206.jpg 1280w, https:\/\/franciscanos.org.br\/noticias\/wp-content\/uploads\/2022\/06\/missa_1206-358x450.jpg 358w, https:\/\/franciscanos.org.br\/noticias\/wp-content\/uploads\/2022\/06\/missa_1206-815x1024.jpg 815w, https:\/\/franciscanos.org.br\/noticias\/wp-content\/uploads\/2022\/06\/missa_1206-768x965.jpg 768w, https:\/\/franciscanos.org.br\/noticias\/wp-content\/uploads\/2022\/06\/missa_1206-1222x1536.jpg 1222w, https:\/\/franciscanos.org.br\/noticias\/wp-content\/uploads\/2022\/06\/missa_1206-150x189.jpg 150w\" sizes=\"(max-width: 1280px) 100vw, 1280px\" \/><\/p>\n<p>Neste domingo, a liturgia celebra a solenidade da Sant\u00edssima Trindade, e a fam\u00edlia se encontra para celebrar e agradecer a Deus que \u00e9 Pai e criador, que \u00e9 Filho redentor e que \u00e9 Esp\u00edrito santificador. Durante treze dias, em treze enfoques diferentes, mostrou-se o Deus Amor que conduziu o santo na sua vida, no seu testemunho, nas suas prega\u00e7\u00f5es.<\/p>\n<p>Na sua homilia, Frei Carlos buscou duas compara\u00e7\u00f5es que falam da Sant\u00edssima Trindade. &#8220;Uma vem l\u00e1 da antiguidade, com Santo Irineu. Defensor de grande f\u00e9 e apologeta, lutava contra as heresias. Segundo ele, na Sant\u00edssima Trindade o Pai \u00e9 o tronco do nosso corpo, a raiz do nosso corpo como Pai criador. E depois, o Filho e o Esp\u00edrito Santo s\u00e3o as m\u00e3os abertas na dire\u00e7\u00e3o aos crist\u00e3os&#8221;, disse. A Sant\u00edssima Trindade \u00e9 Mist\u00e9rio de amor e comunh\u00e3o. Deus Uno e Trino. Um s\u00f3 Deus em tr\u00eas Pessoas. Tr\u00eas Pessoas e uma \u00fanica natureza e subst\u00e2ncia. Uma indivisa unidade.<\/p>\n<p>Para o celebrante, uma imagem atual \u00e9 dizer que a Sant\u00edssima Trindade \u00e9 como uma fam\u00edlia. &#8220;Deus Pai \u00e9 como uma fam\u00edlia que vive em unidade e n\u00e3o separada. Podemos dizer que a fam\u00edlia \u00e9 a express\u00e3o dessa unidade trinit\u00e1ria: O pai, a m\u00e3e e os filhos. Embora papai, mam\u00e3e e os filhos s\u00e3o diferentes, muitas vezes muito diferentes. Mas a fam\u00edlia, embora na sua diferen\u00e7a, tem que ter unidade na sua voca\u00e7\u00e3o. Assim, como a Trindade, na unidade do Pai, do Filho e do Esp\u00edrito Santo, a fam\u00edlia de hoje, o pai, a m\u00e3e e os filhos tamb\u00e9m simbolizam esse mist\u00e9rio crist\u00e3o&#8221;, explicou.<\/p>\n\n\t\t<style type=\"text\/css\">\n\t\t\t#gallery-1 {\n\t\t\t\tmargin: auto;\n\t\t\t}\n\t\t\t#gallery-1 .gallery-item {\n\t\t\t\tfloat: left;\n\t\t\t\tmargin-top: 10px;\n\t\t\t\ttext-align: center;\n\t\t\t\twidth: 11%;\n\t\t\t}\n\t\t\t#gallery-1 img {\n\t\t\t\tborder: 2px solid #cfcfcf;\n\t\t\t}\n\t\t\t#gallery-1 .gallery-caption {\n\t\t\t\tmargin-left: 0;\n\t\t\t}\n\t\t\t\/* see gallery_shortcode() in wp-includes\/media.php *\/\n\t\t<\/style>\n\t\t<div id='gallery-1' class='gallery galleryid-238383 gallery-columns-9 gallery-size-thumbnail'><dl class='gallery-item'>\n\t\t\t<dt class='gallery-icon landscape'>\n\t\t\t\t<a href='https:\/\/franciscanos.org.br\/noticias\/wp-content\/uploads\/2022\/06\/missa_01.jpg'><img width=\"300\" height=\"300\" src=\"https:\/\/franciscanos.org.br\/noticias\/wp-content\/uploads\/2022\/06\/missa_01-300x300.jpg\" class=\"attachment-thumbnail size-thumbnail\" alt=\"\" loading=\"lazy\" srcset=\"https:\/\/franciscanos.org.br\/noticias\/wp-content\/uploads\/2022\/06\/missa_01-300x300.jpg 300w, https:\/\/franciscanos.org.br\/noticias\/wp-content\/uploads\/2022\/06\/missa_01-100x100.jpg 100w\" sizes=\"(max-width: 300px) 100vw, 300px\" \/><\/a>\n\t\t\t<\/dt><\/dl><dl class='gallery-item'>\n\t\t\t<dt class='gallery-icon landscape'>\n\t\t\t\t<a href='https:\/\/franciscanos.org.br\/noticias\/wp-content\/uploads\/2022\/06\/missa_02.jpg'><img width=\"300\" height=\"300\" src=\"https:\/\/franciscanos.org.br\/noticias\/wp-content\/uploads\/2022\/06\/missa_02-300x300.jpg\" class=\"attachment-thumbnail size-thumbnail\" alt=\"\" loading=\"lazy\" srcset=\"https:\/\/franciscanos.org.br\/noticias\/wp-content\/uploads\/2022\/06\/missa_02-300x300.jpg 300w, https:\/\/franciscanos.org.br\/noticias\/wp-content\/uploads\/2022\/06\/missa_02-100x100.jpg 100w\" sizes=\"(max-width: 300px) 100vw, 300px\" \/><\/a>\n\t\t\t<\/dt><\/dl><dl class='gallery-item'>\n\t\t\t<dt class='gallery-icon landscape'>\n\t\t\t\t<a href='https:\/\/franciscanos.org.br\/noticias\/wp-content\/uploads\/2022\/06\/missa_03.jpg'><img width=\"300\" height=\"300\" src=\"https:\/\/franciscanos.org.br\/noticias\/wp-content\/uploads\/2022\/06\/missa_03-300x300.jpg\" class=\"attachment-thumbnail size-thumbnail\" alt=\"\" loading=\"lazy\" srcset=\"https:\/\/franciscanos.org.br\/noticias\/wp-content\/uploads\/2022\/06\/missa_03-300x300.jpg 300w, https:\/\/franciscanos.org.br\/noticias\/wp-content\/uploads\/2022\/06\/missa_03-100x100.jpg 100w\" sizes=\"(max-width: 300px) 100vw, 300px\" \/><\/a>\n\t\t\t<\/dt><\/dl><dl class='gallery-item'>\n\t\t\t<dt class='gallery-icon landscape'>\n\t\t\t\t<a href='https:\/\/franciscanos.org.br\/noticias\/wp-content\/uploads\/2022\/06\/missa_04.jpg'><img width=\"300\" height=\"300\" src=\"https:\/\/franciscanos.org.br\/noticias\/wp-content\/uploads\/2022\/06\/missa_04-300x300.jpg\" class=\"attachment-thumbnail size-thumbnail\" alt=\"\" loading=\"lazy\" srcset=\"https:\/\/franciscanos.org.br\/noticias\/wp-content\/uploads\/2022\/06\/missa_04-300x300.jpg 300w, https:\/\/franciscanos.org.br\/noticias\/wp-content\/uploads\/2022\/06\/missa_04-100x100.jpg 100w\" sizes=\"(max-width: 300px) 100vw, 300px\" \/><\/a>\n\t\t\t<\/dt><\/dl><dl class='gallery-item'>\n\t\t\t<dt class='gallery-icon landscape'>\n\t\t\t\t<a href='https:\/\/franciscanos.org.br\/noticias\/wp-content\/uploads\/2022\/06\/missa_05-1.jpg'><img width=\"300\" height=\"300\" src=\"https:\/\/franciscanos.org.br\/noticias\/wp-content\/uploads\/2022\/06\/missa_05-1-300x300.jpg\" class=\"attachment-thumbnail size-thumbnail\" alt=\"\" loading=\"lazy\" srcset=\"https:\/\/franciscanos.org.br\/noticias\/wp-content\/uploads\/2022\/06\/missa_05-1-300x300.jpg 300w, https:\/\/franciscanos.org.br\/noticias\/wp-content\/uploads\/2022\/06\/missa_05-1-100x100.jpg 100w\" sizes=\"(max-width: 300px) 100vw, 300px\" \/><\/a>\n\t\t\t<\/dt><\/dl><dl class='gallery-item'>\n\t\t\t<dt class='gallery-icon landscape'>\n\t\t\t\t<a href='https:\/\/franciscanos.org.br\/noticias\/wp-content\/uploads\/2022\/06\/missa_06.jpg'><img width=\"300\" height=\"300\" src=\"https:\/\/franciscanos.org.br\/noticias\/wp-content\/uploads\/2022\/06\/missa_06-300x300.jpg\" class=\"attachment-thumbnail size-thumbnail\" alt=\"\" loading=\"lazy\" srcset=\"https:\/\/franciscanos.org.br\/noticias\/wp-content\/uploads\/2022\/06\/missa_06-300x300.jpg 300w, https:\/\/franciscanos.org.br\/noticias\/wp-content\/uploads\/2022\/06\/missa_06-100x100.jpg 100w\" sizes=\"(max-width: 300px) 100vw, 300px\" \/><\/a>\n\t\t\t<\/dt><\/dl><dl class='gallery-item'>\n\t\t\t<dt class='gallery-icon landscape'>\n\t\t\t\t<a href='https:\/\/franciscanos.org.br\/noticias\/wp-content\/uploads\/2022\/06\/missa_07.jpg'><img width=\"300\" height=\"300\" src=\"https:\/\/franciscanos.org.br\/noticias\/wp-content\/uploads\/2022\/06\/missa_07-300x300.jpg\" class=\"attachment-thumbnail size-thumbnail\" alt=\"\" loading=\"lazy\" srcset=\"https:\/\/franciscanos.org.br\/noticias\/wp-content\/uploads\/2022\/06\/missa_07-300x300.jpg 300w, https:\/\/franciscanos.org.br\/noticias\/wp-content\/uploads\/2022\/06\/missa_07-100x100.jpg 100w\" sizes=\"(max-width: 300px) 100vw, 300px\" \/><\/a>\n\t\t\t<\/dt><\/dl><dl class='gallery-item'>\n\t\t\t<dt class='gallery-icon landscape'>\n\t\t\t\t<a href='https:\/\/franciscanos.org.br\/noticias\/wp-content\/uploads\/2022\/06\/missa_08.jpg'><img width=\"300\" height=\"300\" src=\"https:\/\/franciscanos.org.br\/noticias\/wp-content\/uploads\/2022\/06\/missa_08-300x300.jpg\" class=\"attachment-thumbnail size-thumbnail\" alt=\"\" loading=\"lazy\" srcset=\"https:\/\/franciscanos.org.br\/noticias\/wp-content\/uploads\/2022\/06\/missa_08-300x300.jpg 300w, https:\/\/franciscanos.org.br\/noticias\/wp-content\/uploads\/2022\/06\/missa_08-100x100.jpg 100w\" sizes=\"(max-width: 300px) 100vw, 300px\" \/><\/a>\n\t\t\t<\/dt><\/dl><dl class='gallery-item'>\n\t\t\t<dt class='gallery-icon landscape'>\n\t\t\t\t<a href='https:\/\/franciscanos.org.br\/noticias\/wp-content\/uploads\/2022\/06\/missa_09.jpg'><img width=\"300\" height=\"300\" src=\"https:\/\/franciscanos.org.br\/noticias\/wp-content\/uploads\/2022\/06\/missa_09-300x300.jpg\" class=\"attachment-thumbnail size-thumbnail\" alt=\"\" loading=\"lazy\" srcset=\"https:\/\/franciscanos.org.br\/noticias\/wp-content\/uploads\/2022\/06\/missa_09-300x300.jpg 300w, https:\/\/franciscanos.org.br\/noticias\/wp-content\/uploads\/2022\/06\/missa_09-100x100.jpg 100w\" sizes=\"(max-width: 300px) 100vw, 300px\" \/><\/a>\n\t\t\t<\/dt><\/dl><br style=\"clear: both\" \/>\n\t\t<\/div>\n\n<p><em>\u00a0 \u00a0 \u00a0 \u00a0 \u00a0 \u00a0 \u00a0 \u00a0 \u00a0 \u00a0 \u00a0 \u00a0 \u00a0 \u00a0 \u00a0 \u00a0 \u00a0 \u00a0 \u00a0 \u00a0 \u00a0 \u00a0 \u00a0 \u00a0 \u00a0 \u00a0 \u00a0 \u00a0 \u00a0 \u00a0 \u00a0 \u00a0 \u00a0 \u00a0 \u00a0 \u00a0 \u00a0(toque nas imagens para ampli\u00e1-las)<\/em><\/p>\n<p>&#8220;H\u00e1 uma frase muito bonita que diz que Deus \u00e9 a comunh\u00e3o dos Tr\u00eas, n\u00e3o a solid\u00e3o do Um. Comunh\u00e3o \u00e9 diferente de solid\u00e3o. Deus \u00e9 Trindade! Deus n\u00e3o \u00e9 solid\u00e3o. Por essa raz\u00e3o, nossa f\u00e9 \u00e9 eclesial e comunit\u00e1ria. Somos da fam\u00edlia de Deus&#8221;, disse.<\/p>\n<p>Frei Carlos fez um resumo da vida de Santo Ant\u00f4nio, protetor das fam\u00edlias, para que vivam nessa gra\u00e7a de Deus. &#8220;Foi o santo mais r\u00e1pido canonizado&#8221;, lembrou.<\/p>\n<p>Falando aos casais e namorados, lembrou a Exorta\u00e7\u00e3o Apost\u00f3lica do Papa Francisco, <em>Amoris Laetitia<\/em>, falando de um amor fecundo que n\u00e3o deve ser um amor passageiro. &#8220;Um amor que mesmo passando pelo sofrimento e ang\u00fastias, h\u00e1 de superar todas as dificuldades&#8221;, enfatizou. Segundo a Exorta\u00e7\u00e3o, a rela\u00e7\u00e3o fecunda do casal torna-se uma imagem para descobrir e descrever o mist\u00e9rio de Deus, fundamental na vis\u00e3o crist\u00e3 da Trindade que, em Deus, contempla o Pai, o Filho e o Esp\u00edrito de amor. O Deus Trindade \u00e9 comunh\u00e3o de amor; e a fam\u00edlia, o seu reflexo vivente. A Este aspecto trinit\u00e1rio do casal encontra uma nova representa\u00e7\u00e3o na teologia paulina, quando o Ap\u00f3stolo relaciona o casal com o &#8216;mist\u00e9rio&#8217; da uni\u00e3o entre Cristo e a Igreja.<\/p>\n<p><img loading=\"lazy\" class=\"alignleft size-full wp-image-238395\" src=\"https:\/\/franciscanos.org.br\/noticias\/wp-content\/uploads\/2022\/06\/missa_1206_3.jpg\" alt=\"\" width=\"1280\" height=\"1431\" srcset=\"https:\/\/franciscanos.org.br\/noticias\/wp-content\/uploads\/2022\/06\/missa_1206_3.jpg 966w, https:\/\/franciscanos.org.br\/noticias\/wp-content\/uploads\/2022\/06\/missa_1206_3-403x450.jpg 403w, https:\/\/franciscanos.org.br\/noticias\/wp-content\/uploads\/2022\/06\/missa_1206_3-916x1024.jpg 916w, https:\/\/franciscanos.org.br\/noticias\/wp-content\/uploads\/2022\/06\/missa_1206_3-768x859.jpg 768w, https:\/\/franciscanos.org.br\/noticias\/wp-content\/uploads\/2022\/06\/missa_1206_3-150x168.jpg 150w\" sizes=\"(max-width: 1280px) 100vw, 1280px\" \/><\/p>\n<p>&#8220;Hoje, agradecemos a Deus pela vida de cada casal, pai e m\u00e3e, seus filhos, tamb\u00e9m pedimos a intercess\u00e3o de Santo Ant\u00f4nio a todos que est\u00e3o namorando, que est\u00e3o noivos, para que acertem na sua voca\u00e7\u00e3o, na sua op\u00e7\u00e3o de vida. Tamb\u00e9m rezemos por todos que buscam um amor&#8221;, pediu. Na sequ\u00eancia, o celebrante pediu que todos os casais viessem \u00e0 frente do altar para receber a b\u00ean\u00e7\u00e3o de Santo Ant\u00f4nio, marcando este Dia dos Namorados.<\/p>\n<p><img loading=\"lazy\" class=\"alignleft size-full wp-image-238396\" src=\"https:\/\/franciscanos.org.br\/noticias\/wp-content\/uploads\/2022\/06\/missa_1206_2.jpg\" alt=\"\" width=\"1280\" height=\"720\" srcset=\"https:\/\/franciscanos.org.br\/noticias\/wp-content\/uploads\/2022\/06\/missa_1206_2.jpg 1280w, https:\/\/franciscanos.org.br\/noticias\/wp-content\/uploads\/2022\/06\/missa_1206_2-450x253.jpg 450w, https:\/\/franciscanos.org.br\/noticias\/wp-content\/uploads\/2022\/06\/missa_1206_2-1024x576.jpg 1024w, https:\/\/franciscanos.org.br\/noticias\/wp-content\/uploads\/2022\/06\/missa_1206_2-768x432.jpg 768w, https:\/\/franciscanos.org.br\/noticias\/wp-content\/uploads\/2022\/06\/missa_1206_2-150x84.jpg 150w\" sizes=\"(max-width: 1280px) 100vw, 1280px\" \/><\/p>\n<p><strong>PROGRAMA\u00c7\u00c3O DO DIA DE SANTO ANT\u00d4NIO &#8211; 13\/6 (segunda-feira)<\/strong><\/p>\n<p><strong>Missas:<\/strong> 6h00, 7h30, 9h00, 10h30, 12h00, 13h30, 15h00, 16h30 e 18h00.<\/p>\n<p><strong>Missa solene:<\/strong> 19h30, presidida pelo Definidor Provincial e ex-Ministro Provincial, Frei Fid\u00eancio Vanboemmel, seguida de prociss\u00e3o com a imagem do Padroeiro pelas ruas do bairro.<\/p>\n<p><strong>Festa externa com barracas e comida t\u00edpica<\/strong><\/p>\n<p>No dia 13 de junho, a partir das 6 horas<\/p>\n<p>Distribui\u00e7\u00e3o do P\u00e3o bento e venda do l\u00edrio e do bolo de Santo Ant\u00f4nio.<\/p>\n<p>Quermesse: das 7h \u00e0s 22h<\/p>\n<hr \/>\n<p><em>Comunica\u00e7\u00e3o da Prov\u00edncia da Imaculada Concei\u00e7\u00e3o<\/em><\/p>\n","protected":false},"excerpt":{"rendered":"<p>Festa de Santo Ant\u00f4nio do Pari<\/p>\n","protected":false},"author":3,"featured_media":238384,"comment_status":"open","ping_status":"open","sticky":false,"template":"","format":"standard","meta":[],"categories":[1],"tags":[287],"acf":[],"yoast_head":"<!-- This site is optimized with the Yoast SEO plugin v19.2 - https:\/\/yoast.com\/wordpress\/plugins\/seo\/ -->\n<title>&quot;Somos da fam\u00edlia de Deus&quot;, diz Frei Carlos ao encerrar a Trezena de Santo Ant\u00f4nio no Pari - Not\u00edcias - Franciscanos<\/title>\n<meta name=\"robots\" content=\"index, follow, max-snippet:-1, max-image-preview:large, max-video-preview:-1\" \/>\n<link rel=\"canonical\" href=\"https:\/\/franciscanos.org.br\/noticias\/somos-da-familia-de-deus-diz-frei-carlos-ao-encerrar-a-trezena-de-santo-antonio-no-pari.html\" \/>\n<meta property=\"og:locale\" content=\"pt_BR\" \/>\n<meta property=\"og:type\" content=\"article\" \/>\n<meta property=\"og:title\" content=\"&quot;Somos da fam\u00edlia de Deus&quot;, diz Frei Carlos ao encerrar a Trezena de Santo Ant\u00f4nio no Pari - Not\u00edcias - Franciscanos\" \/>\n<meta property=\"og:description\" content=\"Festa de Santo Ant\u00f4nio do Pari\" \/>\n<meta property=\"og:url\" content=\"https:\/\/franciscanos.org.br\/noticias\/somos-da-familia-de-deus-diz-frei-carlos-ao-encerrar-a-trezena-de-santo-antonio-no-pari.html\" \/>\n<meta property=\"og:site_name\" content=\"Not\u00edcias - Franciscanos\" \/>\n<meta property=\"article:published_time\" content=\"2022-06-13T01:20:44+00:00\" \/>\n<meta property=\"article:modified_time\" content=\"2023-01-03T16:50:32+00:00\" \/>\n<meta property=\"og:image\" content=\"https:\/\/franciscanos.org.br\/noticias\/wp-content\/uploads\/2022\/06\/missa_1206_1.jpg\" \/>\n\t<meta property=\"og:image:width\" content=\"1280\" \/>\n\t<meta property=\"og:image:height\" content=\"720\" \/>\n\t<meta property=\"og:image:type\" content=\"image\/jpeg\" \/>\n<meta name=\"author\" content=\"moacir\" \/>\n<meta name=\"twitter:card\" content=\"summary_large_image\" \/>\n<meta name=\"twitter:label1\" content=\"Escrito por\" \/>\n\t<meta name=\"twitter:data1\" content=\"moacir\" \/>\n\t<meta name=\"twitter:label2\" content=\"Est. tempo de leitura\" \/>\n\t<meta name=\"twitter:data2\" content=\"5 minutos\" \/>\n<script type=\"application\/ld+json\" class=\"yoast-schema-graph\">{\"@context\":\"https:\/\/schema.org\",\"@graph\":[{\"@type\":\"WebSite\",\"@id\":\"https:\/\/franciscanos.org.br\/noticias\/#website\",\"url\":\"https:\/\/franciscanos.org.br\/noticias\/\",\"name\":\"Not\u00edcias - Franciscanos\",\"description\":\"Prov\u00edncia Franciscana da Imaculada Concei\u00e7\u00e3o do Brasil - Ordem dos Frades Menores - OFM\",\"potentialAction\":[{\"@type\":\"SearchAction\",\"target\":{\"@type\":\"EntryPoint\",\"urlTemplate\":\"https:\/\/franciscanos.org.br\/noticias\/?s={search_term_string}\"},\"query-input\":\"required name=search_term_string\"}],\"inLanguage\":\"pt-BR\"},{\"@type\":\"ImageObject\",\"inLanguage\":\"pt-BR\",\"@id\":\"https:\/\/franciscanos.org.br\/noticias\/somos-da-familia-de-deus-diz-frei-carlos-ao-encerrar-a-trezena-de-santo-antonio-no-pari.html#primaryimage\",\"url\":\"https:\/\/franciscanos.org.br\/noticias\/wp-content\/uploads\/2022\/06\/missa_1206_1.jpg\",\"contentUrl\":\"https:\/\/franciscanos.org.br\/noticias\/wp-content\/uploads\/2022\/06\/missa_1206_1.jpg\",\"width\":1280,\"height\":720},{\"@type\":\"WebPage\",\"@id\":\"https:\/\/franciscanos.org.br\/noticias\/somos-da-familia-de-deus-diz-frei-carlos-ao-encerrar-a-trezena-de-santo-antonio-no-pari.html#webpage\",\"url\":\"https:\/\/franciscanos.org.br\/noticias\/somos-da-familia-de-deus-diz-frei-carlos-ao-encerrar-a-trezena-de-santo-antonio-no-pari.html\",\"name\":\"\\\"Somos da fam\u00edlia de Deus\\\", diz Frei Carlos ao encerrar a Trezena de Santo Ant\u00f4nio no Pari - Not\u00edcias - Franciscanos\",\"isPartOf\":{\"@id\":\"https:\/\/franciscanos.org.br\/noticias\/#website\"},\"primaryImageOfPage\":{\"@id\":\"https:\/\/franciscanos.org.br\/noticias\/somos-da-familia-de-deus-diz-frei-carlos-ao-encerrar-a-trezena-de-santo-antonio-no-pari.html#primaryimage\"},\"datePublished\":\"2022-06-13T01:20:44+00:00\",\"dateModified\":\"2023-01-03T16:50:32+00:00\",\"author\":{\"@id\":\"https:\/\/franciscanos.org.br\/noticias\/#\/schema\/person\/b5c8cba458c330ccff548b056e95a5d4\"},\"breadcrumb\":{\"@id\":\"https:\/\/franciscanos.org.br\/noticias\/somos-da-familia-de-deus-diz-frei-carlos-ao-encerrar-a-trezena-de-santo-antonio-no-pari.html#breadcrumb\"},\"inLanguage\":\"pt-BR\",\"potentialAction\":[{\"@type\":\"ReadAction\",\"target\":[\"https:\/\/franciscanos.org.br\/noticias\/somos-da-familia-de-deus-diz-frei-carlos-ao-encerrar-a-trezena-de-santo-antonio-no-pari.html\"]}]},{\"@type\":\"BreadcrumbList\",\"@id\":\"https:\/\/franciscanos.org.br\/noticias\/somos-da-familia-de-deus-diz-frei-carlos-ao-encerrar-a-trezena-de-santo-antonio-no-pari.html#breadcrumb\",\"itemListElement\":[{\"@type\":\"ListItem\",\"position\":1,\"name\":\"Home\",\"item\":\"https:\/\/franciscanos.org.br\/noticias\"},{\"@type\":\"ListItem\",\"position\":2,\"name\":\"&#8220;Somos da fam\u00edlia de Deus&#8221;, diz Frei Carlos ao encerrar a Trezena de Santo Ant\u00f4nio no Pari\"}]},{\"@type\":\"Person\",\"@id\":\"https:\/\/franciscanos.org.br\/noticias\/#\/schema\/person\/b5c8cba458c330ccff548b056e95a5d4\",\"name\":\"moacir\",\"image\":{\"@type\":\"ImageObject\",\"inLanguage\":\"pt-BR\",\"@id\":\"https:\/\/franciscanos.org.br\/noticias\/#\/schema\/person\/image\/\",\"url\":\"https:\/\/secure.gravatar.com\/avatar\/d08aa2ce4c8dd416d4479aa8536fcf64?s=96&d=mm&r=g\",\"contentUrl\":\"https:\/\/secure.gravatar.com\/avatar\/d08aa2ce4c8dd416d4479aa8536fcf64?s=96&d=mm&r=g\",\"caption\":\"moacir\"},\"url\":\"https:\/\/franciscanos.org.br\/noticias\/author\/moacir\"}]}<\/script>\n<!-- \/ Yoast SEO plugin. -->","yoast_head_json":{"title":"\"Somos da fam\u00edlia de Deus\", diz Frei Carlos ao encerrar a Trezena de Santo Ant\u00f4nio no Pari - Not\u00edcias - Franciscanos","robots":{"index":"index","follow":"follow","max-snippet":"max-snippet:-1","max-image-preview":"max-image-preview:large","max-video-preview":"max-video-preview:-1"},"canonical":"https:\/\/franciscanos.org.br\/noticias\/somos-da-familia-de-deus-diz-frei-carlos-ao-encerrar-a-trezena-de-santo-antonio-no-pari.html","og_locale":"pt_BR","og_type":"article","og_title":"\"Somos da fam\u00edlia de Deus\", diz Frei Carlos ao encerrar a Trezena de Santo Ant\u00f4nio no Pari - Not\u00edcias - Franciscanos","og_description":"Festa de Santo Ant\u00f4nio do Pari","og_url":"https:\/\/franciscanos.org.br\/noticias\/somos-da-familia-de-deus-diz-frei-carlos-ao-encerrar-a-trezena-de-santo-antonio-no-pari.html","og_site_name":"Not\u00edcias - Franciscanos","article_published_time":"2022-06-13T01:20:44+00:00","article_modified_time":"2023-01-03T16:50:32+00:00","og_image":[{"width":1280,"height":720,"url":"https:\/\/franciscanos.org.br\/noticias\/wp-content\/uploads\/2022\/06\/missa_1206_1.jpg","type":"image\/jpeg"}],"author":"moacir","twitter_card":"summary_large_image","twitter_misc":{"Escrito por":"moacir","Est. tempo de leitura":"5 minutos"},"schema":{"@context":"https:\/\/schema.org","@graph":[{"@type":"WebSite","@id":"https:\/\/franciscanos.org.br\/noticias\/#website","url":"https:\/\/franciscanos.org.br\/noticias\/","name":"Not\u00edcias - Franciscanos","description":"Prov\u00edncia Franciscana da Imaculada Concei\u00e7\u00e3o do Brasil - Ordem dos Frades Menores - OFM","potentialAction":[{"@type":"SearchAction","target":{"@type":"EntryPoint","urlTemplate":"https:\/\/franciscanos.org.br\/noticias\/?s={search_term_string}"},"query-input":"required name=search_term_string"}],"inLanguage":"pt-BR"},{"@type":"ImageObject","inLanguage":"pt-BR","@id":"https:\/\/franciscanos.org.br\/noticias\/somos-da-familia-de-deus-diz-frei-carlos-ao-encerrar-a-trezena-de-santo-antonio-no-pari.html#primaryimage","url":"https:\/\/franciscanos.org.br\/noticias\/wp-content\/uploads\/2022\/06\/missa_1206_1.jpg","contentUrl":"https:\/\/franciscanos.org.br\/noticias\/wp-content\/uploads\/2022\/06\/missa_1206_1.jpg","width":1280,"height":720},{"@type":"WebPage","@id":"https:\/\/franciscanos.org.br\/noticias\/somos-da-familia-de-deus-diz-frei-carlos-ao-encerrar-a-trezena-de-santo-antonio-no-pari.html#webpage","url":"https:\/\/franciscanos.org.br\/noticias\/somos-da-familia-de-deus-diz-frei-carlos-ao-encerrar-a-trezena-de-santo-antonio-no-pari.html","name":"\"Somos da fam\u00edlia de Deus\", diz Frei Carlos ao encerrar a Trezena de Santo Ant\u00f4nio no Pari - Not\u00edcias - Franciscanos","isPartOf":{"@id":"https:\/\/franciscanos.org.br\/noticias\/#website"},"primaryImageOfPage":{"@id":"https:\/\/franciscanos.org.br\/noticias\/somos-da-familia-de-deus-diz-frei-carlos-ao-encerrar-a-trezena-de-santo-antonio-no-pari.html#primaryimage"},"datePublished":"2022-06-13T01:20:44+00:00","dateModified":"2023-01-03T16:50:32+00:00","author":{"@id":"https:\/\/franciscanos.org.br\/noticias\/#\/schema\/person\/b5c8cba458c330ccff548b056e95a5d4"},"breadcrumb":{"@id":"https:\/\/franciscanos.org.br\/noticias\/somos-da-familia-de-deus-diz-frei-carlos-ao-encerrar-a-trezena-de-santo-antonio-no-pari.html#breadcrumb"},"inLanguage":"pt-BR","potentialAction":[{"@type":"ReadAction","target":["https:\/\/franciscanos.org.br\/noticias\/somos-da-familia-de-deus-diz-frei-carlos-ao-encerrar-a-trezena-de-santo-antonio-no-pari.html"]}]},{"@type":"BreadcrumbList","@id":"https:\/\/franciscanos.org.br\/noticias\/somos-da-familia-de-deus-diz-frei-carlos-ao-encerrar-a-trezena-de-santo-antonio-no-pari.html#breadcrumb","itemListElement":[{"@type":"ListItem","position":1,"name":"Home","item":"https:\/\/franciscanos.org.br\/noticias"},{"@type":"ListItem","position":2,"name":"&#8220;Somos da fam\u00edlia de Deus&#8221;, diz Frei Carlos ao encerrar a Trezena de Santo Ant\u00f4nio no Pari"}]},{"@type":"Person","@id":"https:\/\/franciscanos.org.br\/noticias\/#\/schema\/person\/b5c8cba458c330ccff548b056e95a5d4","name":"moacir","image":{"@type":"ImageObject","inLanguage":"pt-BR","@id":"https:\/\/franciscanos.org.br\/noticias\/#\/schema\/person\/image\/","url":"https:\/\/secure.gravatar.com\/avatar\/d08aa2ce4c8dd416d4479aa8536fcf64?s=96&d=mm&r=g","contentUrl":"https:\/\/secure.gravatar.com\/avatar\/d08aa2ce4c8dd416d4479aa8536fcf64?s=96&d=mm&r=g","caption":"moacir"},"url":"https:\/\/franciscanos.org.br\/noticias\/author\/moacir"}]}},"_links":{"self":[{"href":"https:\/\/franciscanos.org.br\/noticias\/wp-json\/wp\/v2\/posts\/238383"}],"collection":[{"href":"https:\/\/franciscanos.org.br\/noticias\/wp-json\/wp\/v2\/posts"}],"about":[{"href":"https:\/\/franciscanos.org.br\/noticias\/wp-json\/wp\/v2\/types\/post"}],"author":[{"embeddable":true,"href":"https:\/\/franciscanos.org.br\/noticias\/wp-json\/wp\/v2\/users\/3"}],"replies":[{"embeddable":true,"href":"https:\/\/franciscanos.org.br\/noticias\/wp-json\/wp\/v2\/comments?post=238383"}],"version-history":[{"count":3,"href":"https:\/\/franciscanos.org.br\/noticias\/wp-json\/wp\/v2\/posts\/238383\/revisions"}],"predecessor-version":[{"id":241509,"href":"https:\/\/franciscanos.org.br\/noticias\/wp-json\/wp\/v2\/posts\/238383\/revisions\/241509"}],"wp:featuredmedia":[{"embeddable":true,"href":"https:\/\/franciscanos.org.br\/noticias\/wp-json\/wp\/v2\/media\/238384"}],"wp:attachment":[{"href":"https:\/\/franciscanos.org.br\/noticias\/wp-json\/wp\/v2\/media?parent=238383"}],"wp:term":[{"taxonomy":"category","embeddable":true,"href":"https:\/\/franciscanos.org.br\/noticias\/wp-json\/wp\/v2\/categories?post=238383"},{"taxonomy":"post_tag","embeddable":true,"href":"https:\/\/franciscanos.org.br\/noticias\/wp-json\/wp\/v2\/tags?post=238383"}],"curies":[{"name":"wp","href":"https:\/\/api.w.org\/{rel}","templated":true}]}}