{"id":238375,"date":"2022-06-12T15:54:10","date_gmt":"2022-06-12T18:54:10","guid":{"rendered":"https:\/\/franciscanos.org.br\/noticias\/?p=238375"},"modified":"2023-01-03T13:51:25","modified_gmt":"2023-01-03T16:51:25","slug":"todos-estamos-ansiosos-pela-volta-das-festividades-a-santo-antonio-diz-paroco-do-pari","status":"publish","type":"post","link":"https:\/\/franciscanos.org.br\/noticias\/todos-estamos-ansiosos-pela-volta-das-festividades-a-santo-antonio-diz-paroco-do-pari.html","title":{"rendered":"&#8220;Todos estamos ansiosos pela volta das festividades a Santo Ant\u00f4nio&#8221;, diz p\u00e1roco do Pari"},"content":{"rendered":"<p><img loading=\"lazy\" class=\"alignleft size-full wp-image-238376\" src=\"https:\/\/franciscanos.org.br\/noticias\/wp-content\/uploads\/2022\/06\/wilson_1206.jpg\" alt=\"\" width=\"1280\" height=\"720\" srcset=\"https:\/\/franciscanos.org.br\/noticias\/wp-content\/uploads\/2022\/06\/wilson_1206.jpg 1280w, https:\/\/franciscanos.org.br\/noticias\/wp-content\/uploads\/2022\/06\/wilson_1206-450x253.jpg 450w, https:\/\/franciscanos.org.br\/noticias\/wp-content\/uploads\/2022\/06\/wilson_1206-1024x576.jpg 1024w, https:\/\/franciscanos.org.br\/noticias\/wp-content\/uploads\/2022\/06\/wilson_1206-768x432.jpg 768w, https:\/\/franciscanos.org.br\/noticias\/wp-content\/uploads\/2022\/06\/wilson_1206-150x84.jpg 150w\" sizes=\"(max-width: 1280px) 100vw, 1280px\" \/><\/p>\n<p><strong>S\u00e3o Paulo (SP)<\/strong> &#8211; O m\u00eas de junho \u00e9 o mais devocional do calend\u00e1rio e abre com um dos santos mais queridos desta religiosidade popular: o franciscano Santo Ant\u00f4nio de P\u00e1dua. Como casamenteiro ou solid\u00e1rio no p\u00e3ozinho ao pobre, ele est\u00e1 ao lado dos fi\u00e9is devotos, indicando-nos o Evangelho de Jesus Cristo. Durante dois anos, essa manifesta\u00e7\u00e3o de f\u00e9 e religiosidade se viu limitada nas redes digitais por conta da pandemia da Covid-19 que assolou o mundo. Com ela, veio o isolamento e o que menos se podia fazer era tocar, abra\u00e7ar ou beijar.<\/p>\n<p>Nesta segunda-feira, 13 de junho, a Par\u00f3quia Santo Ant\u00f4nio do Pari promove a 108\u00aa Festa em honra ao Padroeiro. &#8220;Retomar a Festa presencialmente ser\u00e1 um momento de muita alegria para n\u00f3s, porque todos estamos ansiosos por esta celebra\u00e7\u00e3o. Esperamos fazer uma festa grandiosa, viver esse esp\u00edrito de perten\u00e7a \u00e0s nossas comunidades que celebram Santo\u00a0 Ant\u00f4nio, de modo particular aqui no Pari&#8221;, espera o p\u00e1roco Frei Wilson Sim\u00e3o, ressaltando que a pandemia n\u00e3o acabou: &#8220;Estamos passando por ela ainda e \u00e9 importante lembrar e tomar consci\u00eancia que a pandemia n\u00e3o acabou. Todo cuidado \u00e9 importante, como o uso de m\u00e1scaras e manter a higieniza\u00e7\u00e3o das m\u00e3os&#8221;, lembrou o frade.<\/p>\n<p>Frei Wilson lembra que a Festa n\u00e3o deixou de acontecer mesmo durante a pandemia. &#8220;Celebramos a festa religiosa, sem o presencial, por via digital. A Festa social, que \u00e9 marcante e faz parte do calend\u00e1rio da cidade de S\u00e3o Paulo, n\u00e3o houve. N\u00f3s estamos retomando gradualmente a festa social e religiosa e esperamos uma boa participa\u00e7\u00e3o das pessoas nesta segunda&#8221;, destaca o frade.<\/p>\n<p><img loading=\"lazy\" class=\"alignleft size-full wp-image-238377\" src=\"https:\/\/franciscanos.org.br\/noticias\/wp-content\/uploads\/2022\/06\/wilson_1206_3.jpg\" alt=\"\" width=\"1200\" height=\"1600\" srcset=\"https:\/\/franciscanos.org.br\/noticias\/wp-content\/uploads\/2022\/06\/wilson_1206_3.jpg 810w, https:\/\/franciscanos.org.br\/noticias\/wp-content\/uploads\/2022\/06\/wilson_1206_3-338x450.jpg 338w, https:\/\/franciscanos.org.br\/noticias\/wp-content\/uploads\/2022\/06\/wilson_1206_3-768x1024.jpg 768w, https:\/\/franciscanos.org.br\/noticias\/wp-content\/uploads\/2022\/06\/wilson_1206_3-1152x1536.jpg 1152w, https:\/\/franciscanos.org.br\/noticias\/wp-content\/uploads\/2022\/06\/wilson_1206_3-150x200.jpg 150w\" sizes=\"(max-width: 1200px) 100vw, 1200px\" \/><\/p>\n<p>&#8220;Para n\u00f3s, crist\u00e3os, devotos de Santo Ant\u00f4nio, \u00e9 muito importante celebrar um santo que, ao mesmo tempo, vem de uma devo\u00e7\u00e3o popular, mas \u00e9 muito mais que um santo casamenteiro. Ele \u00e9 um Doutor da Igreja, que viveu e testemunhou o Evangelho de Cristo. Viveu uma vida coerente, porque sabia que muito mais que anunciar \u00e9 preciso viver a Palavra. Ele viveu a Palavra e se tornou o Trombeta do Evangelho&#8221;, observou o p\u00e1roco, que est\u00e1 h\u00e1 quatro anos \u00e0 frente desta Par\u00f3quia. &#8220;A primeira Festa, em 2019, que participei foi uma grande festa. Depois vieram os dois anos de pandemia&#8221;, recordou.<\/p>\n<p>Santo Ant\u00f4nio tamb\u00e9m \u00e9 conhecido como Padroeiro dos humildes porque distribu\u00eda alimentos aos mais necessitados. Foi essa inspira\u00e7\u00e3o que as igrejas dedicadas ao santo tiveram ao distribuir p\u00e3es aos fi\u00e9is, chamado de P\u00e3o de Santo Ant\u00f4nio. &#8220;Quando olhamos para a Igreja como um todo, dos santos populares, Santo Ant\u00f4nio \u00e9 um grande santo festeiro. A maioria das igrejas, franciscana ou n\u00e3o, celebra Santo Ant\u00f4nio, porque as pessoas t\u00eam devo\u00e7\u00e3o a este grande santo. Tem devo\u00e7\u00e3o n\u00e3o porque \u00e9 casamenteiro, mas porque ensina a partilhar o p\u00e3o, ensina a viver esse esp\u00edrito de cuidado, de ternura, particularmente neste tempo. Ele n\u00e3o \u00e9 somente um santo dos franciscanos&#8221;, lembra.<\/p>\n<p>Segundo o p\u00e1roco, na Ordem Franciscana, Santo Ant\u00f4nio est\u00e1 \u00e0 frente do fundador S\u00e3o Francisco de Assis. &#8220;Eu vejo e percebo, estando \u00e0 frente de uma par\u00f3quia franciscana, que o franciscano Santo Ant\u00f4nio \u00e9 muito mais popular do que o fundador S\u00e3o Francisco, o santo do amor, da ternura, da paz. Eu ainda ontem, na minha homilia, perguntei quais santos n\u00f3s temos tanta devo\u00e7\u00e3o. Tem santo que a gente consegue expressar uma f\u00e9 e uma devo\u00e7\u00e3o, tem outro santo que \u00e9 santo por ser declarado santo. Santo Ant\u00f4nio e S\u00e3o Benedito abrem um caminho para os demais, para celebrar com grandiosidade porque s\u00e3o os devotos que os celebram e os festejam com intensidade no mundo inteiro&#8221;, avalia o frade.<\/p>\n<p>Segundo o frade, o tema geral da Festa deste ano est\u00e1 em sintonia e comunh\u00e3o com a Igreja, por causa do tema da Campanha da Fraternidade. &#8220;Escolhemos como tema &#8216;Santo Ant\u00f4nio, grande educador da f\u00e9 crist\u00e3&#8217;. Ou seja, Santo Ant\u00f4nio nos ensina a sermos educados na f\u00e9 crist\u00e3&#8221;, indicou. O tema da Campanha da Fraternidade deste ano \u00e9 \u201cFraternidade e Educa\u00e7\u00e3o\u201d, com base no lema b\u00edblico, extra\u00eddo de Prov\u00e9rbios 31, 26: \u201cFala com sabedoria, ensina com amor\u201d.<\/p>\n<p><img loading=\"lazy\" class=\"alignleft size-full wp-image-238378\" src=\"https:\/\/franciscanos.org.br\/noticias\/wp-content\/uploads\/2022\/06\/wilson_1206_4.jpg\" alt=\"\" width=\"839\" height=\"1080\" srcset=\"https:\/\/franciscanos.org.br\/noticias\/wp-content\/uploads\/2022\/06\/wilson_1206_4.jpg 839w, https:\/\/franciscanos.org.br\/noticias\/wp-content\/uploads\/2022\/06\/wilson_1206_4-350x450.jpg 350w, https:\/\/franciscanos.org.br\/noticias\/wp-content\/uploads\/2022\/06\/wilson_1206_4-796x1024.jpg 796w, https:\/\/franciscanos.org.br\/noticias\/wp-content\/uploads\/2022\/06\/wilson_1206_4-768x988.jpg 768w, https:\/\/franciscanos.org.br\/noticias\/wp-content\/uploads\/2022\/06\/wilson_1206_4-1194x1536.jpg 1194w, https:\/\/franciscanos.org.br\/noticias\/wp-content\/uploads\/2022\/06\/wilson_1206_4-150x193.jpg 150w\" sizes=\"(max-width: 839px) 100vw, 839px\" \/><\/p>\n<p><strong>PROGRAMA\u00c7\u00c3O DO DIA DE SANTO ANT\u00d4NIO &#8211; 13\/6 (segunda-feira)<\/strong><\/p>\n<p>Na festa social, o tradicional bolo de Santo Ant\u00f4nio \u00e9 uma das grandes atra\u00e7\u00f5es da festa do Pari, junto ao p\u00e3o bento, que \u00e9 distribu\u00eddo gratuitamente aos fi\u00e9is. A distribui\u00e7\u00e3o s\u00f3 \u00e9 poss\u00edvel porque muitos devotos fazem sua doa\u00e7\u00e3o \u00e0 Par\u00f3quia.<\/p>\n<p><strong>Missas: 6h00, 7h30, 9h00, 10h30, 12h00, 13h30, 15h00, 16h30 e 18h00.<\/strong><\/p>\n<p><strong>Missa solene:<\/strong> 19h30, presidida pelo Definidor Provincial e ex-Ministro Provincial, Frei Fid\u00eancio Vanboemmel, seguida de prociss\u00e3o com a imagem do Padroeiro pelas ruas do bairro.<\/p>\n<p>Festa externa com barracas e comida t\u00edpica<\/p>\n<p><strong>No dia 13 de junho, a partir das 6 horas<\/strong><\/p>\n<p>Distribui\u00e7\u00e3o do P\u00e3o bento e venda do l\u00edrio e do bolo de Santo Ant\u00f4nio.<\/p>\n<p>Quermesse: das 7h \u00e0s 22h<\/p>\n<hr \/>\n<p><em>Comunica\u00e7\u00e3o da Prov\u00edncia da Imaculada Concei\u00e7\u00e3o<\/em><\/p>\n","protected":false},"excerpt":{"rendered":"<p>Festa de Santo Ant\u00f4nio do Pari<\/p>\n","protected":false},"author":3,"featured_media":238376,"comment_status":"open","ping_status":"open","sticky":false,"template":"","format":"standard","meta":[],"categories":[1],"tags":[287],"acf":[],"yoast_head":"<!-- This site is optimized with the Yoast SEO plugin v19.2 - https:\/\/yoast.com\/wordpress\/plugins\/seo\/ -->\n<title>&quot;Todos estamos ansiosos pela volta das festividades a Santo Ant\u00f4nio&quot;, diz p\u00e1roco do Pari - Not\u00edcias - Franciscanos<\/title>\n<meta name=\"robots\" content=\"index, follow, max-snippet:-1, max-image-preview:large, max-video-preview:-1\" \/>\n<link rel=\"canonical\" href=\"https:\/\/franciscanos.org.br\/noticias\/todos-estamos-ansiosos-pela-volta-das-festividades-a-santo-antonio-diz-paroco-do-pari.html\" \/>\n<meta property=\"og:locale\" content=\"pt_BR\" \/>\n<meta property=\"og:type\" content=\"article\" \/>\n<meta property=\"og:title\" content=\"&quot;Todos estamos ansiosos pela volta das festividades a Santo Ant\u00f4nio&quot;, diz p\u00e1roco do Pari - Not\u00edcias - Franciscanos\" \/>\n<meta property=\"og:description\" content=\"Festa de Santo Ant\u00f4nio do Pari\" \/>\n<meta property=\"og:url\" content=\"https:\/\/franciscanos.org.br\/noticias\/todos-estamos-ansiosos-pela-volta-das-festividades-a-santo-antonio-diz-paroco-do-pari.html\" \/>\n<meta property=\"og:site_name\" content=\"Not\u00edcias - Franciscanos\" \/>\n<meta property=\"article:published_time\" content=\"2022-06-12T18:54:10+00:00\" \/>\n<meta property=\"article:modified_time\" content=\"2023-01-03T16:51:25+00:00\" \/>\n<meta property=\"og:image\" content=\"https:\/\/franciscanos.org.br\/noticias\/wp-content\/uploads\/2022\/06\/wilson_1206.jpg\" \/>\n\t<meta property=\"og:image:width\" content=\"1280\" \/>\n\t<meta property=\"og:image:height\" content=\"720\" \/>\n\t<meta property=\"og:image:type\" content=\"image\/jpeg\" \/>\n<meta name=\"author\" content=\"moacir\" \/>\n<meta name=\"twitter:card\" content=\"summary_large_image\" \/>\n<meta name=\"twitter:label1\" content=\"Escrito por\" \/>\n\t<meta name=\"twitter:data1\" content=\"moacir\" \/>\n\t<meta name=\"twitter:label2\" content=\"Est. tempo de leitura\" \/>\n\t<meta name=\"twitter:data2\" content=\"4 minutos\" \/>\n<script type=\"application\/ld+json\" class=\"yoast-schema-graph\">{\"@context\":\"https:\/\/schema.org\",\"@graph\":[{\"@type\":\"WebSite\",\"@id\":\"https:\/\/franciscanos.org.br\/noticias\/#website\",\"url\":\"https:\/\/franciscanos.org.br\/noticias\/\",\"name\":\"Not\u00edcias - Franciscanos\",\"description\":\"Prov\u00edncia Franciscana da Imaculada Concei\u00e7\u00e3o do Brasil - Ordem dos Frades Menores - OFM\",\"potentialAction\":[{\"@type\":\"SearchAction\",\"target\":{\"@type\":\"EntryPoint\",\"urlTemplate\":\"https:\/\/franciscanos.org.br\/noticias\/?s={search_term_string}\"},\"query-input\":\"required name=search_term_string\"}],\"inLanguage\":\"pt-BR\"},{\"@type\":\"ImageObject\",\"inLanguage\":\"pt-BR\",\"@id\":\"https:\/\/franciscanos.org.br\/noticias\/todos-estamos-ansiosos-pela-volta-das-festividades-a-santo-antonio-diz-paroco-do-pari.html#primaryimage\",\"url\":\"https:\/\/franciscanos.org.br\/noticias\/wp-content\/uploads\/2022\/06\/wilson_1206.jpg\",\"contentUrl\":\"https:\/\/franciscanos.org.br\/noticias\/wp-content\/uploads\/2022\/06\/wilson_1206.jpg\",\"width\":1280,\"height\":720},{\"@type\":\"WebPage\",\"@id\":\"https:\/\/franciscanos.org.br\/noticias\/todos-estamos-ansiosos-pela-volta-das-festividades-a-santo-antonio-diz-paroco-do-pari.html#webpage\",\"url\":\"https:\/\/franciscanos.org.br\/noticias\/todos-estamos-ansiosos-pela-volta-das-festividades-a-santo-antonio-diz-paroco-do-pari.html\",\"name\":\"\\\"Todos estamos ansiosos pela volta das festividades a Santo Ant\u00f4nio\\\", diz p\u00e1roco do Pari - Not\u00edcias - Franciscanos\",\"isPartOf\":{\"@id\":\"https:\/\/franciscanos.org.br\/noticias\/#website\"},\"primaryImageOfPage\":{\"@id\":\"https:\/\/franciscanos.org.br\/noticias\/todos-estamos-ansiosos-pela-volta-das-festividades-a-santo-antonio-diz-paroco-do-pari.html#primaryimage\"},\"datePublished\":\"2022-06-12T18:54:10+00:00\",\"dateModified\":\"2023-01-03T16:51:25+00:00\",\"author\":{\"@id\":\"https:\/\/franciscanos.org.br\/noticias\/#\/schema\/person\/b5c8cba458c330ccff548b056e95a5d4\"},\"breadcrumb\":{\"@id\":\"https:\/\/franciscanos.org.br\/noticias\/todos-estamos-ansiosos-pela-volta-das-festividades-a-santo-antonio-diz-paroco-do-pari.html#breadcrumb\"},\"inLanguage\":\"pt-BR\",\"potentialAction\":[{\"@type\":\"ReadAction\",\"target\":[\"https:\/\/franciscanos.org.br\/noticias\/todos-estamos-ansiosos-pela-volta-das-festividades-a-santo-antonio-diz-paroco-do-pari.html\"]}]},{\"@type\":\"BreadcrumbList\",\"@id\":\"https:\/\/franciscanos.org.br\/noticias\/todos-estamos-ansiosos-pela-volta-das-festividades-a-santo-antonio-diz-paroco-do-pari.html#breadcrumb\",\"itemListElement\":[{\"@type\":\"ListItem\",\"position\":1,\"name\":\"Home\",\"item\":\"https:\/\/franciscanos.org.br\/noticias\"},{\"@type\":\"ListItem\",\"position\":2,\"name\":\"&#8220;Todos estamos ansiosos pela volta das festividades a Santo Ant\u00f4nio&#8221;, diz p\u00e1roco do Pari\"}]},{\"@type\":\"Person\",\"@id\":\"https:\/\/franciscanos.org.br\/noticias\/#\/schema\/person\/b5c8cba458c330ccff548b056e95a5d4\",\"name\":\"moacir\",\"image\":{\"@type\":\"ImageObject\",\"inLanguage\":\"pt-BR\",\"@id\":\"https:\/\/franciscanos.org.br\/noticias\/#\/schema\/person\/image\/\",\"url\":\"https:\/\/secure.gravatar.com\/avatar\/d08aa2ce4c8dd416d4479aa8536fcf64?s=96&d=mm&r=g\",\"contentUrl\":\"https:\/\/secure.gravatar.com\/avatar\/d08aa2ce4c8dd416d4479aa8536fcf64?s=96&d=mm&r=g\",\"caption\":\"moacir\"},\"url\":\"https:\/\/franciscanos.org.br\/noticias\/author\/moacir\"}]}<\/script>\n<!-- \/ Yoast SEO plugin. -->","yoast_head_json":{"title":"\"Todos estamos ansiosos pela volta das festividades a Santo Ant\u00f4nio\", diz p\u00e1roco do Pari - Not\u00edcias - Franciscanos","robots":{"index":"index","follow":"follow","max-snippet":"max-snippet:-1","max-image-preview":"max-image-preview:large","max-video-preview":"max-video-preview:-1"},"canonical":"https:\/\/franciscanos.org.br\/noticias\/todos-estamos-ansiosos-pela-volta-das-festividades-a-santo-antonio-diz-paroco-do-pari.html","og_locale":"pt_BR","og_type":"article","og_title":"\"Todos estamos ansiosos pela volta das festividades a Santo Ant\u00f4nio\", diz p\u00e1roco do Pari - Not\u00edcias - Franciscanos","og_description":"Festa de Santo Ant\u00f4nio do Pari","og_url":"https:\/\/franciscanos.org.br\/noticias\/todos-estamos-ansiosos-pela-volta-das-festividades-a-santo-antonio-diz-paroco-do-pari.html","og_site_name":"Not\u00edcias - Franciscanos","article_published_time":"2022-06-12T18:54:10+00:00","article_modified_time":"2023-01-03T16:51:25+00:00","og_image":[{"width":1280,"height":720,"url":"https:\/\/franciscanos.org.br\/noticias\/wp-content\/uploads\/2022\/06\/wilson_1206.jpg","type":"image\/jpeg"}],"author":"moacir","twitter_card":"summary_large_image","twitter_misc":{"Escrito por":"moacir","Est. tempo de leitura":"4 minutos"},"schema":{"@context":"https:\/\/schema.org","@graph":[{"@type":"WebSite","@id":"https:\/\/franciscanos.org.br\/noticias\/#website","url":"https:\/\/franciscanos.org.br\/noticias\/","name":"Not\u00edcias - Franciscanos","description":"Prov\u00edncia Franciscana da Imaculada Concei\u00e7\u00e3o do Brasil - Ordem dos Frades Menores - OFM","potentialAction":[{"@type":"SearchAction","target":{"@type":"EntryPoint","urlTemplate":"https:\/\/franciscanos.org.br\/noticias\/?s={search_term_string}"},"query-input":"required name=search_term_string"}],"inLanguage":"pt-BR"},{"@type":"ImageObject","inLanguage":"pt-BR","@id":"https:\/\/franciscanos.org.br\/noticias\/todos-estamos-ansiosos-pela-volta-das-festividades-a-santo-antonio-diz-paroco-do-pari.html#primaryimage","url":"https:\/\/franciscanos.org.br\/noticias\/wp-content\/uploads\/2022\/06\/wilson_1206.jpg","contentUrl":"https:\/\/franciscanos.org.br\/noticias\/wp-content\/uploads\/2022\/06\/wilson_1206.jpg","width":1280,"height":720},{"@type":"WebPage","@id":"https:\/\/franciscanos.org.br\/noticias\/todos-estamos-ansiosos-pela-volta-das-festividades-a-santo-antonio-diz-paroco-do-pari.html#webpage","url":"https:\/\/franciscanos.org.br\/noticias\/todos-estamos-ansiosos-pela-volta-das-festividades-a-santo-antonio-diz-paroco-do-pari.html","name":"\"Todos estamos ansiosos pela volta das festividades a Santo Ant\u00f4nio\", diz p\u00e1roco do Pari - Not\u00edcias - Franciscanos","isPartOf":{"@id":"https:\/\/franciscanos.org.br\/noticias\/#website"},"primaryImageOfPage":{"@id":"https:\/\/franciscanos.org.br\/noticias\/todos-estamos-ansiosos-pela-volta-das-festividades-a-santo-antonio-diz-paroco-do-pari.html#primaryimage"},"datePublished":"2022-06-12T18:54:10+00:00","dateModified":"2023-01-03T16:51:25+00:00","author":{"@id":"https:\/\/franciscanos.org.br\/noticias\/#\/schema\/person\/b5c8cba458c330ccff548b056e95a5d4"},"breadcrumb":{"@id":"https:\/\/franciscanos.org.br\/noticias\/todos-estamos-ansiosos-pela-volta-das-festividades-a-santo-antonio-diz-paroco-do-pari.html#breadcrumb"},"inLanguage":"pt-BR","potentialAction":[{"@type":"ReadAction","target":["https:\/\/franciscanos.org.br\/noticias\/todos-estamos-ansiosos-pela-volta-das-festividades-a-santo-antonio-diz-paroco-do-pari.html"]}]},{"@type":"BreadcrumbList","@id":"https:\/\/franciscanos.org.br\/noticias\/todos-estamos-ansiosos-pela-volta-das-festividades-a-santo-antonio-diz-paroco-do-pari.html#breadcrumb","itemListElement":[{"@type":"ListItem","position":1,"name":"Home","item":"https:\/\/franciscanos.org.br\/noticias"},{"@type":"ListItem","position":2,"name":"&#8220;Todos estamos ansiosos pela volta das festividades a Santo Ant\u00f4nio&#8221;, diz p\u00e1roco do Pari"}]},{"@type":"Person","@id":"https:\/\/franciscanos.org.br\/noticias\/#\/schema\/person\/b5c8cba458c330ccff548b056e95a5d4","name":"moacir","image":{"@type":"ImageObject","inLanguage":"pt-BR","@id":"https:\/\/franciscanos.org.br\/noticias\/#\/schema\/person\/image\/","url":"https:\/\/secure.gravatar.com\/avatar\/d08aa2ce4c8dd416d4479aa8536fcf64?s=96&d=mm&r=g","contentUrl":"https:\/\/secure.gravatar.com\/avatar\/d08aa2ce4c8dd416d4479aa8536fcf64?s=96&d=mm&r=g","caption":"moacir"},"url":"https:\/\/franciscanos.org.br\/noticias\/author\/moacir"}]}},"_links":{"self":[{"href":"https:\/\/franciscanos.org.br\/noticias\/wp-json\/wp\/v2\/posts\/238375"}],"collection":[{"href":"https:\/\/franciscanos.org.br\/noticias\/wp-json\/wp\/v2\/posts"}],"about":[{"href":"https:\/\/franciscanos.org.br\/noticias\/wp-json\/wp\/v2\/types\/post"}],"author":[{"embeddable":true,"href":"https:\/\/franciscanos.org.br\/noticias\/wp-json\/wp\/v2\/users\/3"}],"replies":[{"embeddable":true,"href":"https:\/\/franciscanos.org.br\/noticias\/wp-json\/wp\/v2\/comments?post=238375"}],"version-history":[{"count":5,"href":"https:\/\/franciscanos.org.br\/noticias\/wp-json\/wp\/v2\/posts\/238375\/revisions"}],"predecessor-version":[{"id":241510,"href":"https:\/\/franciscanos.org.br\/noticias\/wp-json\/wp\/v2\/posts\/238375\/revisions\/241510"}],"wp:featuredmedia":[{"embeddable":true,"href":"https:\/\/franciscanos.org.br\/noticias\/wp-json\/wp\/v2\/media\/238376"}],"wp:attachment":[{"href":"https:\/\/franciscanos.org.br\/noticias\/wp-json\/wp\/v2\/media?parent=238375"}],"wp:term":[{"taxonomy":"category","embeddable":true,"href":"https:\/\/franciscanos.org.br\/noticias\/wp-json\/wp\/v2\/categories?post=238375"},{"taxonomy":"post_tag","embeddable":true,"href":"https:\/\/franciscanos.org.br\/noticias\/wp-json\/wp\/v2\/tags?post=238375"}],"curies":[{"name":"wp","href":"https:\/\/api.w.org\/{rel}","templated":true}]}}