{"id":238368,"date":"2022-06-10T12:26:33","date_gmt":"2022-06-10T15:26:33","guid":{"rendered":"https:\/\/franciscanos.org.br\/noticias\/?p=238368"},"modified":"2022-12-31T12:53:51","modified_gmt":"2022-12-31T15:53:51","slug":"papa-pede-aos-bispos-da-sicilia-menos-sobrepeliz-e-barrete","status":"publish","type":"post","link":"https:\/\/franciscanos.org.br\/noticias\/papa-pede-aos-bispos-da-sicilia-menos-sobrepeliz-e-barrete.html","title":{"rendered":"Papa pede aos bispos da Sic\u00edlia menos sobrepeliz e barrete"},"content":{"rendered":"<div id=\"attachment_238369\" style=\"width: 1010px\" class=\"wp-caption alignnone\"><img aria-describedby=\"caption-attachment-238369\" loading=\"lazy\" class=\"wp-image-238369 size-full\" src=\"https:\/\/franciscanos.org.br\/noticias\/wp-content\/uploads\/2022\/06\/audiencia_10.jpeg\" alt=\"\" width=\"1000\" height=\"563\" srcset=\"https:\/\/franciscanos.org.br\/noticias\/wp-content\/uploads\/2022\/06\/audiencia_10.jpeg 1000w, https:\/\/franciscanos.org.br\/noticias\/wp-content\/uploads\/2022\/06\/audiencia_10-450x253.jpeg 450w, https:\/\/franciscanos.org.br\/noticias\/wp-content\/uploads\/2022\/06\/audiencia_10-768x432.jpeg 768w, https:\/\/franciscanos.org.br\/noticias\/wp-content\/uploads\/2022\/06\/audiencia_10-150x84.jpeg 150w\" sizes=\"(max-width: 1000px) 100vw, 1000px\" \/><p id=\"caption-attachment-238369\" class=\"wp-caption-text\">\u00a0 \u00a0 \u00a0 \u00a0 \u00a0 \u00a0 \u00a0 \u00a0 \u00a0 \u00a0 \u00a0 \u00a0 \u00a0 \u00a0 \u00a0 \u00a0 \u00a0 \u00a0 \u00a0 \u00a0 \u00a0 \u00a0 \u00a0 \u00a0 \u00a0 \u00a0 \u00a0 \u00a0 \u00a0 \u00a0 \u00a0 \u00a0 \u00a0 \u00a0 \u00a0 \u00a0 \u00a0 \u00a0 \u00a0 \u00a0 \u00a0 \u00a0 \u00a0 \u00a0 \u00a0 \u00a0 \u00a0 \u00a0 \u00a0 \u00a0 \u00a0 \u00a0 \u00a0 \u00a0 \u00a0 \u00a0 \u00a0 \u00a0 \u00a0 \u00a0 \u00a0 \u00a0 \u00a0 \u00a0 \u00a0 \u00a0 \u00a0 \u00a0 \u00a0 <em>\u00a0 \u00a0 \u00a0 \u00a0Imagem: Vatican Media<\/em><\/p><\/div>\n<p>O papa Francisco est\u00e1 preocupado com o uso de sobrepelizes rendadas e barretes por padres da Sic\u00edlia, um sinal, para ele, de pouca implementa\u00e7\u00e3o das decis\u00f5es do Conc\u00edlio Vaticano II. \u201cFalo claramente: car\u00edssimos, ainda a sobrepeliz, o barrete&#8230;, mas onde estamos? Sessenta anos depois do Conc\u00edlio! Um pouco de atualiza\u00e7\u00e3o inclusive na arte lit\u00fargica, na &#8216;moda&#8217; lit\u00fargica&#8221;, disse o papa Francisco hoje (9) ao receber bispos e padres da Sic\u00edlia no Vaticano, neste dia 9 de junho.<\/p>\n<p>&#8220;Eu n\u00e3o gostaria de terminar sem mencionar algo que me preocupa, que me preocupa muito. Eu me pergunto: como vai a reforma come\u00e7ada pelo Conc\u00edlio? Como vai entre voc\u00eas? A piedade popular \u00e9 uma grande riqueza e devemos preserv\u00e1-la, acompanh\u00e1-la para que n\u00e3o se perca. Tamb\u00e9m devemos educ\u00e1-la. A este respeito, leiam o n\u00famero 48 da <em>Evangelii nuntiandi,<\/em> que tem plena vig\u00eancia o que s\u00e3o Paulo VI nos disse sobre a piedade popular: libert\u00e1-la de todo gesto supersticioso e pegar a subst\u00e2ncia que tem dentro\u201d, disse o papa.<\/p>\n<p>&#8220;Sim, tudo bem \u00e0s vezes trazer um pouco da renda da av\u00f3. \u00c9 para homenagear a av\u00f3, n\u00e3o \u00e9? Voc\u00eas entenderam tudo, n\u00e3o \u00e9 mesmo? \u00c9 bom homenagear a av\u00f3, mas \u00e9 melhor celebrar a m\u00e3e, a santa m\u00e3e Igreja, e como a m\u00e3e Igreja quer ser celebrada. E que a insularidade n\u00e3o impe\u00e7a a verdadeira reforma lit\u00fargica que o Conc\u00edlio prop\u00f4s. E n\u00e3o permane\u00e7am im\u00f3veis&#8221;.<\/p>\n<p>O papa tamb\u00e9m sugeriu que os padres prestassem aten\u00e7\u00e3o ao pregar homilias porque &#8220;as pessoas querem subst\u00e2ncia. Um pensamento, um sentimento e uma imagem, e elas carregam isso durante toda a semana&#8221;.<\/p>\n<p>&#8220;N\u00e3o sei como os padres sicilianos pregam, se pregam como sugerido na<em> Evangelii gaudium<\/em> ou se pregam de tal forma que as pessoas saem para fumar um cigarro e depois voltam&#8230;. Esses serm\u00f5es no qual falam de tudo e de nada. Tenham em mente que ap\u00f3s oito minutos a aten\u00e7\u00e3o diminui, e as pessoas querem subst\u00e2ncia. Um pensamento, um sentimento e uma imagem, e elas carregam isso durante toda a semana&#8221;, concluiu o papa.<\/p>\n<hr \/>\n<p><em>Fonte: ACI Digital (original em italiano <a href=\"https:\/\/www.vatican.va\/content\/francesco\/it\/speeches\/2022\/june\/documents\/20220609-clero-sicilia.html)\">https:\/\/www.vatican.va\/content\/francesco\/it\/speeches\/2022\/june\/documents\/20220609-clero-sicilia.html)<\/a><\/em><\/p>\n<hr \/>\n<h3>Papa ao clero siciliano: &#8220;Abra\u00e7ar plenamente a vida deste povo&#8221;<\/h3>\n<p>Na manh\u00e3 desta quinta-feira (09\/06) o Papa Francisco recebeu no Vaticano os Bispos e Sacerdotes da Sic\u00edlia. Francisco iniciou seu discurso falando ao clero siciliano que a mudan\u00e7a epocal em que nos encontramos \u201cexige escolhas corajosas, embora ponderadas e, sobretudo, iluminadas com o discernimento do Esp\u00edrito Santo\u201d. \u201cA atitude respons\u00e1vel com a qual viv\u00ea-la &#8211; disse ainda &#8211; como em outras fases hist\u00f3ricas, \u00e9 acolh\u00ea-la com consci\u00eancia e com uma &#8220;decis\u00e3o de ocupar-se confiadamente da realidade, ancorando-se na s\u00e1bia Tradi\u00e7\u00e3o viva e vivente da Igreja, que permite fazer-se ao largo sem medo\u201d.<\/p>\n<p><strong>Contradi\u00e7\u00f5es insulares<\/strong><br \/>\n&#8220;A Sic\u00edlia n\u00e3o est\u00e1 fora desta mudan\u00e7a; pelo contr\u00e1rio, como no passado, est\u00e1 no centro dos caminhos hist\u00f3ricos tra\u00e7ados pelos povos continentais&#8221;. E continua afirmando que \u201ca condi\u00e7\u00e3o de insularidade afeta profundamente a sociedade siciliana, acabando por destacar as contradi\u00e7\u00f5es que carregamos dentro de n\u00f3s\u201d. Por isso na Sic\u00edlia, testemunhamos \u201ccomportamentos e gestos marcados por grandes virtudes, bem como uma cruel selvageria\u201d.<\/p>\n<p>\u201cN\u00e3o \u00e9 coincid\u00eancia que tanto sangue tenha sido derramado pelas m\u00e3os dos violentos, mas tamb\u00e9m pela humilde e heroica resist\u00eancia dos santos e dos justos, servos da Igreja e do Estado\u201d<\/p>\n<p>O Papa pondera ao afirmar: \u201cA situa\u00e7\u00e3o social atual na Sic\u00edlia est\u00e1 em clara regress\u00e3o h\u00e1 anos; um sinal claro \u00e9 o despovoamento da ilha, devido tanto \u00e0 queda da taxa de natalidade como \u00e0 emigra\u00e7\u00e3o maci\u00e7a de jovens\u201d, animando em seguida os presentes com as palavras: \u201c\u00c9 necess\u00e1rio compreender como e em qual dire\u00e7\u00e3o a Sic\u00edlia est\u00e1 vivendo a mudan\u00e7a de \u00e9poca e que caminhos poderia tomar, a fim de anunciar, nas fraturas e articula\u00e7\u00f5es desta mudan\u00e7a, o Evangelho de Cristo\u201d.<\/p>\n<p><strong>Desafios<\/strong><br \/>\n\u201cDiante deste grande desafio, &#8211; continuou o Papa &#8211; a Igreja tamb\u00e9m \u00e9 afetada pela situa\u00e7\u00e3o geral com seus fardos e muda\u00e7as, registrando uma queda nas voca\u00e7\u00f5es ao sacerd\u00f3cio e \u00e0 vida consagrada, mas, sobretudo, um crescente distanciamento dos jovens\u201d. Por\u00e9m continuou, \u201cn\u00e3o faltaram, no passado, e ainda n\u00e3o faltam hoje, sacerdotes e fi\u00e9is que abracem plenamente o destino do povo siciliano\u201d.<\/p>\n<p>Os sacerdotes s\u00e3o um ponto de refer\u00eancia<br \/>\n\u201cComo ignorar o trabalho silencioso, tenaz e amoroso de tantos sacerdotes no meio de pessoas desanimadas ou desempregadas, no meio de crian\u00e7as ou de idosos cada vez mais solit\u00e1rios? \u00c9 por isso que na Sic\u00edlia, &#8211; continua Francisco &#8211; as pessoas ainda olham para os sacerdotes como guias espirituais e morais, pessoas que tamb\u00e9m podem ajudar a melhorar a vida civil e social da ilha, apoiar a fam\u00edlia e ser um ponto de refer\u00eancia para os jovens em crescimento\u201d.<\/p>\n<p><strong>Lan\u00e7ar as redes<\/strong><br \/>\nCom esta situa\u00e7\u00e3o Francisco disse aos presentes &#8220;Diante da consci\u00eancia de nossas fraquezas, sabemos que a vontade de Cristo nos coloca no centro deste desafio. A chave para tudo isso est\u00e1 em seu chamado, no qual podemos nos apoiar para colocar no mar e lan\u00e7ar nossas redes novamente&#8221;. Se ainda prevalece a amargura e a desilus\u00e3o, isso seria \u201cmais uma raz\u00e3o para que n\u00f3s pastores sejamos chamados a abra\u00e7ar plenamente a vida deste povo\u201d. \u201cEstar ao lado, estar perto, \u00e9 o que somos chamados a viver, em nome da fidelidade de Deus\u201d.<\/p>\n<p>\u201cProximidade, compaix\u00e3o e ternura: este \u00e9 o estilo de Deus e \u00e9 tamb\u00e9m o estilo do pastor\u201d<\/p>\n<p><strong>Valores marianos<\/strong><br \/>\nDepois o Papa falou sobre a grande devo\u00e7\u00e3o mariana da Ilha: \u201cA Sic\u00edlia, consagrada a Maria Imaculada, para a qual, juntos, bispos e sacerdotes, celebram a Jornada Sacerdotal Mariana. O primeiro valor que se sublinha nesta pr\u00e1tica \u00e9 o da unidade, verdadeiramente crucial diante do individualismo e da fragmenta\u00e7\u00e3o, se n\u00e3o a divis\u00e3o que paira sobre todos n\u00f3s. A unidade, dom do sacrif\u00edcio pascal de Jesus, \u00e9 fortalecida com o m\u00e9todo da sinodalidade, que voc\u00eas adotaram atrav\u00e9s dos caminhos de forma\u00e7\u00e3o definidos sobre com o tema \u2018Com o passo Sinodal\u2019\u201d.<\/p>\n<p>\u201cO outro valor \u00e9 o de confiar-se a Maria, a mulher de ternura e consola\u00e7\u00e3o, de paci\u00eancia e compaix\u00e3o. Entre o sacerdote e a M\u00e3e celeste, se estabelece dia ap\u00f3s dia um di\u00e1logo secreto que conforta e acalma toda a ferida\u201d<\/p>\n<p>\u201cNeste simples di\u00e1logo, conclui Francisco \u201cfeito de olhares e palavras humildes como as do Ter\u00e7o, o sacerdote descobre como a p\u00e9rola da virgindade de Maria, totalmente dedicada a Deus, faz dela uma terna m\u00e3e para todos. Assim tamb\u00e9m ele, quase sem se dar conta, v\u00ea a fecundidade de um celibato, \u00e0s vezes dif\u00edcil de suportar, mas precioso e rico na sua transpar\u00eancia\u201d.<\/p>\n<hr \/>\n<p><em>Fonte: Vatican News (texto de Jane Nogara)<\/em><\/p>\n","protected":false},"excerpt":{"rendered":"<p>Audi\u00eancia<\/p>\n","protected":false},"author":3,"featured_media":238369,"comment_status":"open","ping_status":"open","sticky":false,"template":"","format":"standard","meta":[],"categories":[1428],"tags":[487],"acf":[],"yoast_head":"<!-- This site is optimized with the Yoast SEO plugin v19.2 - https:\/\/yoast.com\/wordpress\/plugins\/seo\/ -->\n<title>Papa pede aos bispos da Sic\u00edlia menos sobrepeliz e barrete - Not\u00edcias - Franciscanos<\/title>\n<meta name=\"robots\" content=\"index, follow, max-snippet:-1, max-image-preview:large, max-video-preview:-1\" \/>\n<link rel=\"canonical\" href=\"https:\/\/franciscanos.org.br\/noticias\/papa-pede-aos-bispos-da-sicilia-menos-sobrepeliz-e-barrete.html\" \/>\n<meta property=\"og:locale\" content=\"pt_BR\" \/>\n<meta property=\"og:type\" content=\"article\" \/>\n<meta property=\"og:title\" content=\"Papa pede aos bispos da Sic\u00edlia menos sobrepeliz e barrete - Not\u00edcias - Franciscanos\" \/>\n<meta property=\"og:description\" content=\"Audi\u00eancia\" \/>\n<meta property=\"og:url\" content=\"https:\/\/franciscanos.org.br\/noticias\/papa-pede-aos-bispos-da-sicilia-menos-sobrepeliz-e-barrete.html\" \/>\n<meta property=\"og:site_name\" content=\"Not\u00edcias - Franciscanos\" \/>\n<meta property=\"article:published_time\" content=\"2022-06-10T15:26:33+00:00\" \/>\n<meta property=\"article:modified_time\" content=\"2022-12-31T15:53:51+00:00\" \/>\n<meta property=\"og:image\" content=\"https:\/\/franciscanos.org.br\/noticias\/wp-content\/uploads\/2022\/06\/audiencia_10.jpeg\" \/>\n\t<meta property=\"og:image:width\" content=\"1000\" \/>\n\t<meta property=\"og:image:height\" content=\"563\" \/>\n\t<meta property=\"og:image:type\" content=\"image\/jpeg\" \/>\n<meta name=\"author\" content=\"moacir\" \/>\n<meta name=\"twitter:card\" content=\"summary_large_image\" \/>\n<meta name=\"twitter:label1\" content=\"Escrito por\" \/>\n\t<meta name=\"twitter:data1\" content=\"moacir\" \/>\n\t<meta name=\"twitter:label2\" content=\"Est. tempo de leitura\" \/>\n\t<meta name=\"twitter:data2\" content=\"6 minutos\" \/>\n<script type=\"application\/ld+json\" class=\"yoast-schema-graph\">{\"@context\":\"https:\/\/schema.org\",\"@graph\":[{\"@type\":\"WebSite\",\"@id\":\"https:\/\/franciscanos.org.br\/noticias\/#website\",\"url\":\"https:\/\/franciscanos.org.br\/noticias\/\",\"name\":\"Not\u00edcias - Franciscanos\",\"description\":\"Prov\u00edncia Franciscana da Imaculada Concei\u00e7\u00e3o do Brasil - Ordem dos Frades Menores - OFM\",\"potentialAction\":[{\"@type\":\"SearchAction\",\"target\":{\"@type\":\"EntryPoint\",\"urlTemplate\":\"https:\/\/franciscanos.org.br\/noticias\/?s={search_term_string}\"},\"query-input\":\"required name=search_term_string\"}],\"inLanguage\":\"pt-BR\"},{\"@type\":\"ImageObject\",\"inLanguage\":\"pt-BR\",\"@id\":\"https:\/\/franciscanos.org.br\/noticias\/papa-pede-aos-bispos-da-sicilia-menos-sobrepeliz-e-barrete.html#primaryimage\",\"url\":\"https:\/\/franciscanos.org.br\/noticias\/wp-content\/uploads\/2022\/06\/audiencia_10.jpeg\",\"contentUrl\":\"https:\/\/franciscanos.org.br\/noticias\/wp-content\/uploads\/2022\/06\/audiencia_10.jpeg\",\"width\":1000,\"height\":563},{\"@type\":\"WebPage\",\"@id\":\"https:\/\/franciscanos.org.br\/noticias\/papa-pede-aos-bispos-da-sicilia-menos-sobrepeliz-e-barrete.html#webpage\",\"url\":\"https:\/\/franciscanos.org.br\/noticias\/papa-pede-aos-bispos-da-sicilia-menos-sobrepeliz-e-barrete.html\",\"name\":\"Papa pede aos bispos da Sic\u00edlia menos sobrepeliz e barrete - Not\u00edcias - Franciscanos\",\"isPartOf\":{\"@id\":\"https:\/\/franciscanos.org.br\/noticias\/#website\"},\"primaryImageOfPage\":{\"@id\":\"https:\/\/franciscanos.org.br\/noticias\/papa-pede-aos-bispos-da-sicilia-menos-sobrepeliz-e-barrete.html#primaryimage\"},\"datePublished\":\"2022-06-10T15:26:33+00:00\",\"dateModified\":\"2022-12-31T15:53:51+00:00\",\"author\":{\"@id\":\"https:\/\/franciscanos.org.br\/noticias\/#\/schema\/person\/b5c8cba458c330ccff548b056e95a5d4\"},\"breadcrumb\":{\"@id\":\"https:\/\/franciscanos.org.br\/noticias\/papa-pede-aos-bispos-da-sicilia-menos-sobrepeliz-e-barrete.html#breadcrumb\"},\"inLanguage\":\"pt-BR\",\"potentialAction\":[{\"@type\":\"ReadAction\",\"target\":[\"https:\/\/franciscanos.org.br\/noticias\/papa-pede-aos-bispos-da-sicilia-menos-sobrepeliz-e-barrete.html\"]}]},{\"@type\":\"BreadcrumbList\",\"@id\":\"https:\/\/franciscanos.org.br\/noticias\/papa-pede-aos-bispos-da-sicilia-menos-sobrepeliz-e-barrete.html#breadcrumb\",\"itemListElement\":[{\"@type\":\"ListItem\",\"position\":1,\"name\":\"Home\",\"item\":\"https:\/\/franciscanos.org.br\/noticias\"},{\"@type\":\"ListItem\",\"position\":2,\"name\":\"Papa pede aos bispos da Sic\u00edlia menos sobrepeliz e barrete\"}]},{\"@type\":\"Person\",\"@id\":\"https:\/\/franciscanos.org.br\/noticias\/#\/schema\/person\/b5c8cba458c330ccff548b056e95a5d4\",\"name\":\"moacir\",\"image\":{\"@type\":\"ImageObject\",\"inLanguage\":\"pt-BR\",\"@id\":\"https:\/\/franciscanos.org.br\/noticias\/#\/schema\/person\/image\/\",\"url\":\"https:\/\/secure.gravatar.com\/avatar\/d08aa2ce4c8dd416d4479aa8536fcf64?s=96&d=mm&r=g\",\"contentUrl\":\"https:\/\/secure.gravatar.com\/avatar\/d08aa2ce4c8dd416d4479aa8536fcf64?s=96&d=mm&r=g\",\"caption\":\"moacir\"},\"url\":\"https:\/\/franciscanos.org.br\/noticias\/author\/moacir\"}]}<\/script>\n<!-- \/ Yoast SEO plugin. -->","yoast_head_json":{"title":"Papa pede aos bispos da Sic\u00edlia menos sobrepeliz e barrete - Not\u00edcias - Franciscanos","robots":{"index":"index","follow":"follow","max-snippet":"max-snippet:-1","max-image-preview":"max-image-preview:large","max-video-preview":"max-video-preview:-1"},"canonical":"https:\/\/franciscanos.org.br\/noticias\/papa-pede-aos-bispos-da-sicilia-menos-sobrepeliz-e-barrete.html","og_locale":"pt_BR","og_type":"article","og_title":"Papa pede aos bispos da Sic\u00edlia menos sobrepeliz e barrete - Not\u00edcias - Franciscanos","og_description":"Audi\u00eancia","og_url":"https:\/\/franciscanos.org.br\/noticias\/papa-pede-aos-bispos-da-sicilia-menos-sobrepeliz-e-barrete.html","og_site_name":"Not\u00edcias - Franciscanos","article_published_time":"2022-06-10T15:26:33+00:00","article_modified_time":"2022-12-31T15:53:51+00:00","og_image":[{"width":1000,"height":563,"url":"https:\/\/franciscanos.org.br\/noticias\/wp-content\/uploads\/2022\/06\/audiencia_10.jpeg","type":"image\/jpeg"}],"author":"moacir","twitter_card":"summary_large_image","twitter_misc":{"Escrito por":"moacir","Est. tempo de leitura":"6 minutos"},"schema":{"@context":"https:\/\/schema.org","@graph":[{"@type":"WebSite","@id":"https:\/\/franciscanos.org.br\/noticias\/#website","url":"https:\/\/franciscanos.org.br\/noticias\/","name":"Not\u00edcias - Franciscanos","description":"Prov\u00edncia Franciscana da Imaculada Concei\u00e7\u00e3o do Brasil - Ordem dos Frades Menores - OFM","potentialAction":[{"@type":"SearchAction","target":{"@type":"EntryPoint","urlTemplate":"https:\/\/franciscanos.org.br\/noticias\/?s={search_term_string}"},"query-input":"required name=search_term_string"}],"inLanguage":"pt-BR"},{"@type":"ImageObject","inLanguage":"pt-BR","@id":"https:\/\/franciscanos.org.br\/noticias\/papa-pede-aos-bispos-da-sicilia-menos-sobrepeliz-e-barrete.html#primaryimage","url":"https:\/\/franciscanos.org.br\/noticias\/wp-content\/uploads\/2022\/06\/audiencia_10.jpeg","contentUrl":"https:\/\/franciscanos.org.br\/noticias\/wp-content\/uploads\/2022\/06\/audiencia_10.jpeg","width":1000,"height":563},{"@type":"WebPage","@id":"https:\/\/franciscanos.org.br\/noticias\/papa-pede-aos-bispos-da-sicilia-menos-sobrepeliz-e-barrete.html#webpage","url":"https:\/\/franciscanos.org.br\/noticias\/papa-pede-aos-bispos-da-sicilia-menos-sobrepeliz-e-barrete.html","name":"Papa pede aos bispos da Sic\u00edlia menos sobrepeliz e barrete - Not\u00edcias - Franciscanos","isPartOf":{"@id":"https:\/\/franciscanos.org.br\/noticias\/#website"},"primaryImageOfPage":{"@id":"https:\/\/franciscanos.org.br\/noticias\/papa-pede-aos-bispos-da-sicilia-menos-sobrepeliz-e-barrete.html#primaryimage"},"datePublished":"2022-06-10T15:26:33+00:00","dateModified":"2022-12-31T15:53:51+00:00","author":{"@id":"https:\/\/franciscanos.org.br\/noticias\/#\/schema\/person\/b5c8cba458c330ccff548b056e95a5d4"},"breadcrumb":{"@id":"https:\/\/franciscanos.org.br\/noticias\/papa-pede-aos-bispos-da-sicilia-menos-sobrepeliz-e-barrete.html#breadcrumb"},"inLanguage":"pt-BR","potentialAction":[{"@type":"ReadAction","target":["https:\/\/franciscanos.org.br\/noticias\/papa-pede-aos-bispos-da-sicilia-menos-sobrepeliz-e-barrete.html"]}]},{"@type":"BreadcrumbList","@id":"https:\/\/franciscanos.org.br\/noticias\/papa-pede-aos-bispos-da-sicilia-menos-sobrepeliz-e-barrete.html#breadcrumb","itemListElement":[{"@type":"ListItem","position":1,"name":"Home","item":"https:\/\/franciscanos.org.br\/noticias"},{"@type":"ListItem","position":2,"name":"Papa pede aos bispos da Sic\u00edlia menos sobrepeliz e barrete"}]},{"@type":"Person","@id":"https:\/\/franciscanos.org.br\/noticias\/#\/schema\/person\/b5c8cba458c330ccff548b056e95a5d4","name":"moacir","image":{"@type":"ImageObject","inLanguage":"pt-BR","@id":"https:\/\/franciscanos.org.br\/noticias\/#\/schema\/person\/image\/","url":"https:\/\/secure.gravatar.com\/avatar\/d08aa2ce4c8dd416d4479aa8536fcf64?s=96&d=mm&r=g","contentUrl":"https:\/\/secure.gravatar.com\/avatar\/d08aa2ce4c8dd416d4479aa8536fcf64?s=96&d=mm&r=g","caption":"moacir"},"url":"https:\/\/franciscanos.org.br\/noticias\/author\/moacir"}]}},"_links":{"self":[{"href":"https:\/\/franciscanos.org.br\/noticias\/wp-json\/wp\/v2\/posts\/238368"}],"collection":[{"href":"https:\/\/franciscanos.org.br\/noticias\/wp-json\/wp\/v2\/posts"}],"about":[{"href":"https:\/\/franciscanos.org.br\/noticias\/wp-json\/wp\/v2\/types\/post"}],"author":[{"embeddable":true,"href":"https:\/\/franciscanos.org.br\/noticias\/wp-json\/wp\/v2\/users\/3"}],"replies":[{"embeddable":true,"href":"https:\/\/franciscanos.org.br\/noticias\/wp-json\/wp\/v2\/comments?post=238368"}],"version-history":[{"count":1,"href":"https:\/\/franciscanos.org.br\/noticias\/wp-json\/wp\/v2\/posts\/238368\/revisions"}],"predecessor-version":[{"id":238370,"href":"https:\/\/franciscanos.org.br\/noticias\/wp-json\/wp\/v2\/posts\/238368\/revisions\/238370"}],"wp:featuredmedia":[{"embeddable":true,"href":"https:\/\/franciscanos.org.br\/noticias\/wp-json\/wp\/v2\/media\/238369"}],"wp:attachment":[{"href":"https:\/\/franciscanos.org.br\/noticias\/wp-json\/wp\/v2\/media?parent=238368"}],"wp:term":[{"taxonomy":"category","embeddable":true,"href":"https:\/\/franciscanos.org.br\/noticias\/wp-json\/wp\/v2\/categories?post=238368"},{"taxonomy":"post_tag","embeddable":true,"href":"https:\/\/franciscanos.org.br\/noticias\/wp-json\/wp\/v2\/tags?post=238368"}],"curies":[{"name":"wp","href":"https:\/\/api.w.org\/{rel}","templated":true}]}}