{"id":238364,"date":"2022-06-10T07:13:39","date_gmt":"2022-06-10T10:13:39","guid":{"rendered":"https:\/\/franciscanos.org.br\/noticias\/?p=238364"},"modified":"2023-01-25T09:37:06","modified_gmt":"2023-01-25T12:37:06","slug":"dom-evaristo-e-o-novo-presidente-da-rede-eclesial-pan-amazonica","status":"publish","type":"post","link":"https:\/\/franciscanos.org.br\/noticias\/dom-evaristo-e-o-novo-presidente-da-rede-eclesial-pan-amazonica.html","title":{"rendered":"Dom Evaristo \u00e9 o novo presidente da Rede Eclesial Pan-Amaz\u00f4nica"},"content":{"rendered":"<div id=\"attachment_238365\" style=\"width: 1010px\" class=\"wp-caption alignnone\"><img aria-describedby=\"caption-attachment-238365\" loading=\"lazy\" class=\"wp-image-238365 size-full\" src=\"https:\/\/franciscanos.org.br\/noticias\/wp-content\/uploads\/2022\/06\/bispos_repam.jpg\" alt=\"\" width=\"1000\" height=\"658\" srcset=\"https:\/\/franciscanos.org.br\/noticias\/wp-content\/uploads\/2022\/06\/bispos_repam.jpg 1000w, https:\/\/franciscanos.org.br\/noticias\/wp-content\/uploads\/2022\/06\/bispos_repam-450x296.jpg 450w, https:\/\/franciscanos.org.br\/noticias\/wp-content\/uploads\/2022\/06\/bispos_repam-768x505.jpg 768w, https:\/\/franciscanos.org.br\/noticias\/wp-content\/uploads\/2022\/06\/bispos_repam-150x99.jpg 150w\" sizes=\"(max-width: 1000px) 100vw, 1000px\" \/><p id=\"caption-attachment-238365\" class=\"wp-caption-text\"><em>Os tr\u00eas bispos franciscanos da nova diretoria da Repam s\u00e3o frades franciscanos desta Prov\u00edncia da Imaculada Concei\u00e7\u00e3o: Dom Johannes (\u00e0 esq.), D. Leonardo e Dom Evaristo<\/em><\/p><\/div>\n<p>Encerrou-se nesta quinta-feira 9 de junho, o IV Encontro da Igreja cat\u00f3lica na Amaz\u00f4nia Legal, um momento de a\u00e7\u00e3o de gra\u00e7as por 50 anos de inser\u00e7\u00e3o e de uma evangeliza\u00e7\u00e3o libertadora, segundo a irm\u00e3 Maria In\u00eas Vieira Ribeiro. Dentro de um processo de continuidade, o encontro foi uma oportunidade para pautar a caminhada dos pr\u00f3ximos anos na Amaz\u00f4nia, segundo a presidente da Vida Consagrada no Brasil.<\/p>\n<p>Ap\u00f3s o encerramento do IV Encontro da Igreja Cat\u00f3lica na Amaz\u00f4nia Legal, \u2013 momento em que bispos, presb\u00edteros, religiosos, religiosas se reuniram para celebrar os 50 anos do Documento de Santar\u00e9m e atualiz\u00e1-lo \u00e0 luz do Evangelho e das linhas de a\u00e7\u00e3o evangelizadora propostas pela pr\u00f3pria Declara\u00e7\u00e3o de 50 anos atr\u00e1s, para continuar na defesa dos povos amaz\u00f4nicos e da floresta -, a Rede Eclesial Pan-Amaz\u00f4nica (REPAM-Brasil) elegeu sua nova diretoria, durante a Assembleia Ordin\u00e1ria Eletiva.<\/p>\n<p>A nova dire\u00e7\u00e3o ficou assim constitu\u00edda: Presidente: Dom Evaristo Pascoal Spengler, OFM \u2013 Prelazia do Maraj\u00f3 (PA); Vice-presidente: Dom Pedro Brito Guimar\u00e3es \u2013 Arcebispo de Palmas \u2013 TO; Secret\u00e1rio: Dom Jos\u00e9 Ionilton Lisboa de Oliveira, SDV \u2013 Prelazia de Itacoatiara \u2013 Am<\/p>\n<p>Conselho Fiscal: Dom Bernardo Johannes Bahlmann, OFM, Dom Edson Tasquetto Damian; Dom Leonardo Ulrich Steiner, OFM. Suplentes: Dom Roque Paloschi; e Dom Can\u00edsio Klaus.<\/p>\n<p>\u201cUma oportunidade de revisitar o passado, fazer mem\u00f3ria, n\u00e3o como saudade, mas de perceber a ousadia e uma palavra de esperan\u00e7a de uma Igreja que buscava realmente onde ela se encontrava e como levar o Evangelho \u00e0s realidades de ent\u00e3o\u201d. Assim v\u00ea dom Leonardo Steiner o que foi vivido no encontro, que \u00e9 momento de gratid\u00e3o e pensarmos o futuro, a presen\u00e7a da nossa Igreja na regi\u00e3o da Amaz\u00f4nia. Isso de maneira sinodal, com a presen\u00e7a de todas as voca\u00e7\u00f5es e minist\u00e9rios, reconhecendo que a presen\u00e7a dos povos ind\u00edgenas deveria ter sido mais significativa.<\/p>\n<p>Em rela\u00e7\u00e3o ao Documento Final, que est\u00e1 em processo de revis\u00e3o final, \u201c\u00e9 um documento que sabe ler a realidade, mas \u00e9 um Documento que pensa o futuro da nossa Igreja\u201d. O arcebispo de Manaus reconhece que \u201cmuitas das a\u00e7\u00f5es propostas levar\u00e3o tempo, mas \u00e9 um texto positivo e \u00e9 um texto de esperan\u00e7a\u201d. Ele tamb\u00e9m ressaltou a import\u00e2ncia da mensagem do Papa Francisco, que ajudou a construir \u201cum documento que d\u00ea mais \u00e2nimo, mais coragem\u201d.<\/p>\n<hr \/>\n<p><em>REPAM-Brasil (com informa\u00e7\u00f5es de Padre Modino &#8211; CELAM e Por Rosa M. Martins)<\/em><\/p>\n","protected":false},"excerpt":{"rendered":"<p>Rede Eclesial Pan-Amaz\u00f4nica<\/p>\n","protected":false},"author":3,"featured_media":238365,"comment_status":"open","ping_status":"open","sticky":false,"template":"","format":"standard","meta":[],"categories":[1],"tags":[1379,2029],"acf":[],"yoast_head":"<!-- This site is optimized with the Yoast SEO plugin v19.2 - https:\/\/yoast.com\/wordpress\/plugins\/seo\/ -->\n<title>Dom Evaristo \u00e9 o novo presidente da Rede Eclesial Pan-Amaz\u00f4nica - Not\u00edcias - Franciscanos<\/title>\n<meta name=\"robots\" content=\"index, follow, max-snippet:-1, max-image-preview:large, max-video-preview:-1\" \/>\n<link rel=\"canonical\" href=\"https:\/\/franciscanos.org.br\/noticias\/dom-evaristo-e-o-novo-presidente-da-rede-eclesial-pan-amazonica.html\" \/>\n<meta property=\"og:locale\" content=\"pt_BR\" \/>\n<meta property=\"og:type\" content=\"article\" \/>\n<meta property=\"og:title\" content=\"Dom Evaristo \u00e9 o novo presidente da Rede Eclesial Pan-Amaz\u00f4nica - Not\u00edcias - Franciscanos\" \/>\n<meta property=\"og:description\" content=\"Rede Eclesial Pan-Amaz\u00f4nica\" \/>\n<meta property=\"og:url\" content=\"https:\/\/franciscanos.org.br\/noticias\/dom-evaristo-e-o-novo-presidente-da-rede-eclesial-pan-amazonica.html\" \/>\n<meta property=\"og:site_name\" content=\"Not\u00edcias - Franciscanos\" \/>\n<meta property=\"article:published_time\" content=\"2022-06-10T10:13:39+00:00\" \/>\n<meta property=\"article:modified_time\" content=\"2023-01-25T12:37:06+00:00\" \/>\n<meta property=\"og:image\" content=\"https:\/\/franciscanos.org.br\/noticias\/wp-content\/uploads\/2022\/06\/bispos_repam.jpg\" \/>\n\t<meta property=\"og:image:width\" content=\"1000\" \/>\n\t<meta property=\"og:image:height\" content=\"658\" \/>\n\t<meta property=\"og:image:type\" content=\"image\/jpeg\" \/>\n<meta name=\"author\" content=\"moacir\" \/>\n<meta name=\"twitter:card\" content=\"summary_large_image\" \/>\n<meta name=\"twitter:label1\" content=\"Escrito por\" \/>\n\t<meta name=\"twitter:data1\" content=\"moacir\" \/>\n\t<meta name=\"twitter:label2\" content=\"Est. tempo de leitura\" \/>\n\t<meta name=\"twitter:data2\" content=\"2 minutos\" \/>\n<script type=\"application\/ld+json\" class=\"yoast-schema-graph\">{\"@context\":\"https:\/\/schema.org\",\"@graph\":[{\"@type\":\"WebSite\",\"@id\":\"https:\/\/franciscanos.org.br\/noticias\/#website\",\"url\":\"https:\/\/franciscanos.org.br\/noticias\/\",\"name\":\"Not\u00edcias - Franciscanos\",\"description\":\"Prov\u00edncia Franciscana da Imaculada Concei\u00e7\u00e3o do Brasil - Ordem dos Frades Menores - OFM\",\"potentialAction\":[{\"@type\":\"SearchAction\",\"target\":{\"@type\":\"EntryPoint\",\"urlTemplate\":\"https:\/\/franciscanos.org.br\/noticias\/?s={search_term_string}\"},\"query-input\":\"required name=search_term_string\"}],\"inLanguage\":\"pt-BR\"},{\"@type\":\"ImageObject\",\"inLanguage\":\"pt-BR\",\"@id\":\"https:\/\/franciscanos.org.br\/noticias\/dom-evaristo-e-o-novo-presidente-da-rede-eclesial-pan-amazonica.html#primaryimage\",\"url\":\"https:\/\/franciscanos.org.br\/noticias\/wp-content\/uploads\/2022\/06\/bispos_repam.jpg\",\"contentUrl\":\"https:\/\/franciscanos.org.br\/noticias\/wp-content\/uploads\/2022\/06\/bispos_repam.jpg\",\"width\":1000,\"height\":658},{\"@type\":\"WebPage\",\"@id\":\"https:\/\/franciscanos.org.br\/noticias\/dom-evaristo-e-o-novo-presidente-da-rede-eclesial-pan-amazonica.html#webpage\",\"url\":\"https:\/\/franciscanos.org.br\/noticias\/dom-evaristo-e-o-novo-presidente-da-rede-eclesial-pan-amazonica.html\",\"name\":\"Dom Evaristo \u00e9 o novo presidente da Rede Eclesial Pan-Amaz\u00f4nica - Not\u00edcias - Franciscanos\",\"isPartOf\":{\"@id\":\"https:\/\/franciscanos.org.br\/noticias\/#website\"},\"primaryImageOfPage\":{\"@id\":\"https:\/\/franciscanos.org.br\/noticias\/dom-evaristo-e-o-novo-presidente-da-rede-eclesial-pan-amazonica.html#primaryimage\"},\"datePublished\":\"2022-06-10T10:13:39+00:00\",\"dateModified\":\"2023-01-25T12:37:06+00:00\",\"author\":{\"@id\":\"https:\/\/franciscanos.org.br\/noticias\/#\/schema\/person\/b5c8cba458c330ccff548b056e95a5d4\"},\"breadcrumb\":{\"@id\":\"https:\/\/franciscanos.org.br\/noticias\/dom-evaristo-e-o-novo-presidente-da-rede-eclesial-pan-amazonica.html#breadcrumb\"},\"inLanguage\":\"pt-BR\",\"potentialAction\":[{\"@type\":\"ReadAction\",\"target\":[\"https:\/\/franciscanos.org.br\/noticias\/dom-evaristo-e-o-novo-presidente-da-rede-eclesial-pan-amazonica.html\"]}]},{\"@type\":\"BreadcrumbList\",\"@id\":\"https:\/\/franciscanos.org.br\/noticias\/dom-evaristo-e-o-novo-presidente-da-rede-eclesial-pan-amazonica.html#breadcrumb\",\"itemListElement\":[{\"@type\":\"ListItem\",\"position\":1,\"name\":\"Home\",\"item\":\"https:\/\/franciscanos.org.br\/noticias\"},{\"@type\":\"ListItem\",\"position\":2,\"name\":\"Dom Evaristo \u00e9 o novo presidente da Rede Eclesial Pan-Amaz\u00f4nica\"}]},{\"@type\":\"Person\",\"@id\":\"https:\/\/franciscanos.org.br\/noticias\/#\/schema\/person\/b5c8cba458c330ccff548b056e95a5d4\",\"name\":\"moacir\",\"image\":{\"@type\":\"ImageObject\",\"inLanguage\":\"pt-BR\",\"@id\":\"https:\/\/franciscanos.org.br\/noticias\/#\/schema\/person\/image\/\",\"url\":\"https:\/\/secure.gravatar.com\/avatar\/d08aa2ce4c8dd416d4479aa8536fcf64?s=96&d=mm&r=g\",\"contentUrl\":\"https:\/\/secure.gravatar.com\/avatar\/d08aa2ce4c8dd416d4479aa8536fcf64?s=96&d=mm&r=g\",\"caption\":\"moacir\"},\"url\":\"https:\/\/franciscanos.org.br\/noticias\/author\/moacir\"}]}<\/script>\n<!-- \/ Yoast SEO plugin. -->","yoast_head_json":{"title":"Dom Evaristo \u00e9 o novo presidente da Rede Eclesial Pan-Amaz\u00f4nica - Not\u00edcias - Franciscanos","robots":{"index":"index","follow":"follow","max-snippet":"max-snippet:-1","max-image-preview":"max-image-preview:large","max-video-preview":"max-video-preview:-1"},"canonical":"https:\/\/franciscanos.org.br\/noticias\/dom-evaristo-e-o-novo-presidente-da-rede-eclesial-pan-amazonica.html","og_locale":"pt_BR","og_type":"article","og_title":"Dom Evaristo \u00e9 o novo presidente da Rede Eclesial Pan-Amaz\u00f4nica - Not\u00edcias - Franciscanos","og_description":"Rede Eclesial Pan-Amaz\u00f4nica","og_url":"https:\/\/franciscanos.org.br\/noticias\/dom-evaristo-e-o-novo-presidente-da-rede-eclesial-pan-amazonica.html","og_site_name":"Not\u00edcias - Franciscanos","article_published_time":"2022-06-10T10:13:39+00:00","article_modified_time":"2023-01-25T12:37:06+00:00","og_image":[{"width":1000,"height":658,"url":"https:\/\/franciscanos.org.br\/noticias\/wp-content\/uploads\/2022\/06\/bispos_repam.jpg","type":"image\/jpeg"}],"author":"moacir","twitter_card":"summary_large_image","twitter_misc":{"Escrito por":"moacir","Est. tempo de leitura":"2 minutos"},"schema":{"@context":"https:\/\/schema.org","@graph":[{"@type":"WebSite","@id":"https:\/\/franciscanos.org.br\/noticias\/#website","url":"https:\/\/franciscanos.org.br\/noticias\/","name":"Not\u00edcias - Franciscanos","description":"Prov\u00edncia Franciscana da Imaculada Concei\u00e7\u00e3o do Brasil - Ordem dos Frades Menores - OFM","potentialAction":[{"@type":"SearchAction","target":{"@type":"EntryPoint","urlTemplate":"https:\/\/franciscanos.org.br\/noticias\/?s={search_term_string}"},"query-input":"required name=search_term_string"}],"inLanguage":"pt-BR"},{"@type":"ImageObject","inLanguage":"pt-BR","@id":"https:\/\/franciscanos.org.br\/noticias\/dom-evaristo-e-o-novo-presidente-da-rede-eclesial-pan-amazonica.html#primaryimage","url":"https:\/\/franciscanos.org.br\/noticias\/wp-content\/uploads\/2022\/06\/bispos_repam.jpg","contentUrl":"https:\/\/franciscanos.org.br\/noticias\/wp-content\/uploads\/2022\/06\/bispos_repam.jpg","width":1000,"height":658},{"@type":"WebPage","@id":"https:\/\/franciscanos.org.br\/noticias\/dom-evaristo-e-o-novo-presidente-da-rede-eclesial-pan-amazonica.html#webpage","url":"https:\/\/franciscanos.org.br\/noticias\/dom-evaristo-e-o-novo-presidente-da-rede-eclesial-pan-amazonica.html","name":"Dom Evaristo \u00e9 o novo presidente da Rede Eclesial Pan-Amaz\u00f4nica - Not\u00edcias - Franciscanos","isPartOf":{"@id":"https:\/\/franciscanos.org.br\/noticias\/#website"},"primaryImageOfPage":{"@id":"https:\/\/franciscanos.org.br\/noticias\/dom-evaristo-e-o-novo-presidente-da-rede-eclesial-pan-amazonica.html#primaryimage"},"datePublished":"2022-06-10T10:13:39+00:00","dateModified":"2023-01-25T12:37:06+00:00","author":{"@id":"https:\/\/franciscanos.org.br\/noticias\/#\/schema\/person\/b5c8cba458c330ccff548b056e95a5d4"},"breadcrumb":{"@id":"https:\/\/franciscanos.org.br\/noticias\/dom-evaristo-e-o-novo-presidente-da-rede-eclesial-pan-amazonica.html#breadcrumb"},"inLanguage":"pt-BR","potentialAction":[{"@type":"ReadAction","target":["https:\/\/franciscanos.org.br\/noticias\/dom-evaristo-e-o-novo-presidente-da-rede-eclesial-pan-amazonica.html"]}]},{"@type":"BreadcrumbList","@id":"https:\/\/franciscanos.org.br\/noticias\/dom-evaristo-e-o-novo-presidente-da-rede-eclesial-pan-amazonica.html#breadcrumb","itemListElement":[{"@type":"ListItem","position":1,"name":"Home","item":"https:\/\/franciscanos.org.br\/noticias"},{"@type":"ListItem","position":2,"name":"Dom Evaristo \u00e9 o novo presidente da Rede Eclesial Pan-Amaz\u00f4nica"}]},{"@type":"Person","@id":"https:\/\/franciscanos.org.br\/noticias\/#\/schema\/person\/b5c8cba458c330ccff548b056e95a5d4","name":"moacir","image":{"@type":"ImageObject","inLanguage":"pt-BR","@id":"https:\/\/franciscanos.org.br\/noticias\/#\/schema\/person\/image\/","url":"https:\/\/secure.gravatar.com\/avatar\/d08aa2ce4c8dd416d4479aa8536fcf64?s=96&d=mm&r=g","contentUrl":"https:\/\/secure.gravatar.com\/avatar\/d08aa2ce4c8dd416d4479aa8536fcf64?s=96&d=mm&r=g","caption":"moacir"},"url":"https:\/\/franciscanos.org.br\/noticias\/author\/moacir"}]}},"_links":{"self":[{"href":"https:\/\/franciscanos.org.br\/noticias\/wp-json\/wp\/v2\/posts\/238364"}],"collection":[{"href":"https:\/\/franciscanos.org.br\/noticias\/wp-json\/wp\/v2\/posts"}],"about":[{"href":"https:\/\/franciscanos.org.br\/noticias\/wp-json\/wp\/v2\/types\/post"}],"author":[{"embeddable":true,"href":"https:\/\/franciscanos.org.br\/noticias\/wp-json\/wp\/v2\/users\/3"}],"replies":[{"embeddable":true,"href":"https:\/\/franciscanos.org.br\/noticias\/wp-json\/wp\/v2\/comments?post=238364"}],"version-history":[{"count":1,"href":"https:\/\/franciscanos.org.br\/noticias\/wp-json\/wp\/v2\/posts\/238364\/revisions"}],"predecessor-version":[{"id":238366,"href":"https:\/\/franciscanos.org.br\/noticias\/wp-json\/wp\/v2\/posts\/238364\/revisions\/238366"}],"wp:featuredmedia":[{"embeddable":true,"href":"https:\/\/franciscanos.org.br\/noticias\/wp-json\/wp\/v2\/media\/238365"}],"wp:attachment":[{"href":"https:\/\/franciscanos.org.br\/noticias\/wp-json\/wp\/v2\/media?parent=238364"}],"wp:term":[{"taxonomy":"category","embeddable":true,"href":"https:\/\/franciscanos.org.br\/noticias\/wp-json\/wp\/v2\/categories?post=238364"},{"taxonomy":"post_tag","embeddable":true,"href":"https:\/\/franciscanos.org.br\/noticias\/wp-json\/wp\/v2\/tags?post=238364"}],"curies":[{"name":"wp","href":"https:\/\/api.w.org\/{rel}","templated":true}]}}