{"id":238327,"date":"2022-06-08T07:19:37","date_gmt":"2022-06-08T10:19:37","guid":{"rendered":"https:\/\/franciscanos.org.br\/noticias\/?p=238327"},"modified":"2022-06-08T07:19:37","modified_gmt":"2022-06-08T10:19:37","slug":"papa-cuidado-com-o-mito-da-eterna-juventude-rugas-sao-simbolo-da-vida","status":"publish","type":"post","link":"https:\/\/franciscanos.org.br\/noticias\/papa-cuidado-com-o-mito-da-eterna-juventude-rugas-sao-simbolo-da-vida.html","title":{"rendered":"Papa: cuidado com o mito da eterna juventude, rugas s\u00e3o s\u00edmbolo da vida"},"content":{"rendered":"<div id=\"attachment_238328\" style=\"width: 1510px\" class=\"wp-caption alignnone\"><img aria-describedby=\"caption-attachment-238328\" loading=\"lazy\" class=\"wp-image-238328 size-full\" src=\"https:\/\/franciscanos.org.br\/noticias\/wp-content\/uploads\/2022\/06\/audiencia_08.jpeg\" alt=\"\" width=\"1500\" height=\"844\" srcset=\"https:\/\/franciscanos.org.br\/noticias\/wp-content\/uploads\/2022\/06\/audiencia_08.jpeg 1500w, https:\/\/franciscanos.org.br\/noticias\/wp-content\/uploads\/2022\/06\/audiencia_08-450x253.jpeg 450w, https:\/\/franciscanos.org.br\/noticias\/wp-content\/uploads\/2022\/06\/audiencia_08-1024x576.jpeg 1024w, https:\/\/franciscanos.org.br\/noticias\/wp-content\/uploads\/2022\/06\/audiencia_08-768x432.jpeg 768w, https:\/\/franciscanos.org.br\/noticias\/wp-content\/uploads\/2022\/06\/audiencia_08-150x84.jpeg 150w\" sizes=\"(max-width: 1500px) 100vw, 1500px\" \/><p id=\"caption-attachment-238328\" class=\"wp-caption-text\">\u00a0 \u00a0 \u00a0 \u00a0 \u00a0 \u00a0 \u00a0 \u00a0 \u00a0 \u00a0 \u00a0 \u00a0 \u00a0 \u00a0 \u00a0 \u00a0 \u00a0 \u00a0 \u00a0 \u00a0 \u00a0 \u00a0 \u00a0 \u00a0 \u00a0 \u00a0 \u00a0 \u00a0 \u00a0 \u00a0 \u00a0 \u00a0 \u00a0 \u00a0 \u00a0 \u00a0 \u00a0 \u00a0 \u00a0 \u00a0 \u00a0 \u00a0 \u00a0 \u00a0 \u00a0 \u00a0 \u00a0 \u00a0 \u00a0 \u00a0 \u00a0 \u00a0 \u00a0 \u00a0 \u00a0 \u00a0 \u00a0 \u00a0 \u00a0 \u00a0 \u00a0 \u00a0 \u00a0 \u00a0 \u00a0 \u00a0 \u00a0 \u00a0 \u00a0 \u00a0 \u00a0 \u00a0 \u00a0 \u00a0 \u00a0 \u00a0 \u00a0 \u00a0 \u00a0 \u00a0 \u00a0 \u00a0 \u00a0 \u00a0 \u00a0 \u00a0 \u00a0 \u00a0 <em>\u00a0 \u00a0 \u00a0 Imagem: Vatican Media<\/em><\/p><\/div>\n<p>O Papa se inspirou na figura do anci\u00e3o Nicodemos na catequese desta quarta-feira, dando continuidade ao ciclo sobre a velhice.\u00a0Nicodemos \u00e9 um dos chefes dos Judeus e est\u00e1 entre as pessoas idosas mais relevantes nos Evangelhos. No seu di\u00e1logo com o Mestre, manifesta-se o cora\u00e7\u00e3o da Revela\u00e7\u00e3o de Jesus e de sua miss\u00e3o redentora: \u201cDeus amou tanto o mundo, que deu o seu Filho \u00fanico, para que todo o que nele crer n\u00e3o pere\u00e7a, mas tenha a vida eterna\u201d (Jo 3, 16).<\/p>\n<p>Quando Jesus lhe diz que \u00e9 preciso \u201cnascer do Alto\u201d, Nicodemos apresenta como obje\u00e7\u00e3o a velhice. Mas, \u00e0 luz da palavra de Jesus em resposta a esta obje\u00e7\u00e3o, descobrimos que a velhice n\u00e3o \u00e9 um obst\u00e1culo a este novo nascimento, e sim o tempo oportuno para entend\u00ea-lo. O \u201cnascimento do Alto\u201d, que nos permite entrar no reino de Deus, \u00e9 uma nova gera\u00e7\u00e3o no Esp\u00edrito.<\/p>\n<p><strong>O mito da eterna juventude<\/strong><\/p>\n<p>Para o Pont\u00edfice, esta obje\u00e7\u00e3o \u00e9 muito instrutiva, pois a nossa \u00e9poca e a nossa cultura mostram uma tend\u00eancia preocupante para considerar o nascimento de um filho como uma simples quest\u00e3o de produ\u00e7\u00e3o e reprodu\u00e7\u00e3o biol\u00f3gica do ser humano e cultivam ent\u00e3o o mito da juventude eterna como a obsess\u00e3o &#8211; desesperada &#8211; da carne incorrupt\u00edvel.<\/p>\n<p>A velhice, prosseguiu o Papa, \u00e9 desprezada porque traz a prova irrefut\u00e1vel do despedimento deste mito, que nos faria regressar ao ventre da m\u00e3e, para sermos eternamente jovens no corpo. Uma coisa \u00e9 o bem-estar, disse , outra coisa \u00e9 a alimenta\u00e7\u00e3o do mito, com in\u00fameras cirurgias e tratamentos est\u00e9ticos. O Papa citou uma frase da atriz Anna Magnani, que n\u00e3o queria que suas rugas fossem tocadas, j\u00e1 que havia levado uma vida inteira para t\u00ea-las.<\/p>\n<p>\u201c\u00c9 isto: as rugas s\u00e3o um s\u00edmbolo da experi\u00eancia, um s\u00edmbolo da vida, um s\u00edmbolo da maturidade, um s\u00edmbolo do caminho percorrido. N\u00e3o toc\u00e1-las para se tornar jovens, mas jovens no rosto: o que interessa \u00e9 toda a personalidade, o que interessa \u00e9 o cora\u00e7\u00e3o, e o cora\u00e7\u00e3o permanece com aquela juventude do vinho bom que quanto mais envelhece, melhor fica.\u201d<\/p>\n<p><strong>Os idosos s\u00e3o os mensageiros da ternura<\/strong><\/p>\n<p>A vida em nossa carne mortal \u00e9 uma bel\u00edssima obra inacabada, como algumas obras de arte que, apesar de incompletas, possuem um fasc\u00ednio \u00fanico. Porque a nossa vida aqui na terra \u00e9 inicia\u00e7\u00e3o, e n\u00e3o consuma\u00e7\u00e3o. A f\u00e9, que acolhe o an\u00fancio evang\u00e9lico do reino de Deus ao qual estamos destinados, nos torna capazes de ver os sinais de esperan\u00e7a nesta nova vida em Deus. A velhice \u00e9 a condi\u00e7\u00e3o na qual o milagre do \u201cnascimento do alto\u201d pode ser assimilado intimamente e tornar-se sinal de credibilidade para a humanidade.<\/p>\n<p>Nesta perspetiva, a velhice tem uma beleza \u00fanica: caminhamos rumo ao Eterno. Ningu\u00e9m pode voltar a entrar no ventre da m\u00e3e, nem sequer no seu substituto tecnol\u00f3gico e consumista. Isso seria triste, mesmo que fosse poss\u00edvel. O velho caminha para a frente, em dire\u00e7\u00e3o ao destino, rumo ao c\u00e9u de Deus. A velhice, por conseguinte, \u00e9 um tempo especial para dissolver o futuro da ilus\u00e3o tecnocr\u00e1tica de uma sobreviv\u00eancia biol\u00f3gica e rob\u00f3tica, mas sobretudo porque se abre \u00e0 ternura do \u00fatero criador e gerador de Deus.<\/p>\n<p>O Papa ent\u00e3o destacou uma palavra: a ternura dos idosos, a ternura com a qual se relacionam com os netos. Estar ternura nos ajuda a compreender a ternura de Deus. &#8220;Deus \u00e9 assim, sabe acariciar.&#8221;<\/p>\n<p>\u201cOs idosos s\u00e3o os mensageiros do futuro, os mensageiros da ternura, os mensageiros da sabedoria de uma vida vivida. Vamos em frente e olhemos para os idosos.\u201d<\/p>\n<hr \/>\n<p><em>Fonte: Vatican News (texto de Bianca Fraccalvieri)<\/em><\/p>\n","protected":false},"excerpt":{"rendered":"<p>Audi\u00eancia Geral<\/p>\n","protected":false},"author":3,"featured_media":238328,"comment_status":"open","ping_status":"open","sticky":false,"template":"","format":"standard","meta":[],"categories":[1428],"tags":[487],"acf":[],"yoast_head":"<!-- This site is optimized with the Yoast SEO plugin v19.2 - https:\/\/yoast.com\/wordpress\/plugins\/seo\/ -->\n<title>Papa: cuidado com o mito da eterna juventude, rugas s\u00e3o s\u00edmbolo da vida - Not\u00edcias - Franciscanos<\/title>\n<meta name=\"robots\" content=\"index, follow, max-snippet:-1, max-image-preview:large, max-video-preview:-1\" \/>\n<link rel=\"canonical\" href=\"https:\/\/franciscanos.org.br\/noticias\/papa-cuidado-com-o-mito-da-eterna-juventude-rugas-sao-simbolo-da-vida.html\" \/>\n<meta property=\"og:locale\" content=\"pt_BR\" \/>\n<meta property=\"og:type\" content=\"article\" \/>\n<meta property=\"og:title\" content=\"Papa: cuidado com o mito da eterna juventude, rugas s\u00e3o s\u00edmbolo da vida - Not\u00edcias - Franciscanos\" \/>\n<meta property=\"og:description\" content=\"Audi\u00eancia Geral\" \/>\n<meta property=\"og:url\" content=\"https:\/\/franciscanos.org.br\/noticias\/papa-cuidado-com-o-mito-da-eterna-juventude-rugas-sao-simbolo-da-vida.html\" \/>\n<meta property=\"og:site_name\" content=\"Not\u00edcias - Franciscanos\" \/>\n<meta property=\"article:published_time\" content=\"2022-06-08T10:19:37+00:00\" \/>\n<meta property=\"og:image\" content=\"https:\/\/franciscanos.org.br\/noticias\/wp-content\/uploads\/2022\/06\/audiencia_08.jpeg\" \/>\n\t<meta property=\"og:image:width\" content=\"1500\" \/>\n\t<meta property=\"og:image:height\" content=\"844\" \/>\n\t<meta property=\"og:image:type\" content=\"image\/jpeg\" \/>\n<meta name=\"author\" content=\"moacir\" \/>\n<meta name=\"twitter:card\" content=\"summary_large_image\" \/>\n<meta name=\"twitter:label1\" content=\"Escrito por\" \/>\n\t<meta name=\"twitter:data1\" content=\"moacir\" \/>\n\t<meta name=\"twitter:label2\" content=\"Est. tempo de leitura\" \/>\n\t<meta name=\"twitter:data2\" content=\"3 minutos\" \/>\n<script type=\"application\/ld+json\" class=\"yoast-schema-graph\">{\"@context\":\"https:\/\/schema.org\",\"@graph\":[{\"@type\":\"WebSite\",\"@id\":\"https:\/\/franciscanos.org.br\/noticias\/#website\",\"url\":\"https:\/\/franciscanos.org.br\/noticias\/\",\"name\":\"Not\u00edcias - Franciscanos\",\"description\":\"Prov\u00edncia Franciscana da Imaculada Concei\u00e7\u00e3o do Brasil - Ordem dos Frades Menores - OFM\",\"potentialAction\":[{\"@type\":\"SearchAction\",\"target\":{\"@type\":\"EntryPoint\",\"urlTemplate\":\"https:\/\/franciscanos.org.br\/noticias\/?s={search_term_string}\"},\"query-input\":\"required name=search_term_string\"}],\"inLanguage\":\"pt-BR\"},{\"@type\":\"ImageObject\",\"inLanguage\":\"pt-BR\",\"@id\":\"https:\/\/franciscanos.org.br\/noticias\/papa-cuidado-com-o-mito-da-eterna-juventude-rugas-sao-simbolo-da-vida.html#primaryimage\",\"url\":\"https:\/\/franciscanos.org.br\/noticias\/wp-content\/uploads\/2022\/06\/audiencia_08.jpeg\",\"contentUrl\":\"https:\/\/franciscanos.org.br\/noticias\/wp-content\/uploads\/2022\/06\/audiencia_08.jpeg\",\"width\":1500,\"height\":844},{\"@type\":\"WebPage\",\"@id\":\"https:\/\/franciscanos.org.br\/noticias\/papa-cuidado-com-o-mito-da-eterna-juventude-rugas-sao-simbolo-da-vida.html#webpage\",\"url\":\"https:\/\/franciscanos.org.br\/noticias\/papa-cuidado-com-o-mito-da-eterna-juventude-rugas-sao-simbolo-da-vida.html\",\"name\":\"Papa: cuidado com o mito da eterna juventude, rugas s\u00e3o s\u00edmbolo da vida - Not\u00edcias - Franciscanos\",\"isPartOf\":{\"@id\":\"https:\/\/franciscanos.org.br\/noticias\/#website\"},\"primaryImageOfPage\":{\"@id\":\"https:\/\/franciscanos.org.br\/noticias\/papa-cuidado-com-o-mito-da-eterna-juventude-rugas-sao-simbolo-da-vida.html#primaryimage\"},\"datePublished\":\"2022-06-08T10:19:37+00:00\",\"dateModified\":\"2022-06-08T10:19:37+00:00\",\"author\":{\"@id\":\"https:\/\/franciscanos.org.br\/noticias\/#\/schema\/person\/b5c8cba458c330ccff548b056e95a5d4\"},\"breadcrumb\":{\"@id\":\"https:\/\/franciscanos.org.br\/noticias\/papa-cuidado-com-o-mito-da-eterna-juventude-rugas-sao-simbolo-da-vida.html#breadcrumb\"},\"inLanguage\":\"pt-BR\",\"potentialAction\":[{\"@type\":\"ReadAction\",\"target\":[\"https:\/\/franciscanos.org.br\/noticias\/papa-cuidado-com-o-mito-da-eterna-juventude-rugas-sao-simbolo-da-vida.html\"]}]},{\"@type\":\"BreadcrumbList\",\"@id\":\"https:\/\/franciscanos.org.br\/noticias\/papa-cuidado-com-o-mito-da-eterna-juventude-rugas-sao-simbolo-da-vida.html#breadcrumb\",\"itemListElement\":[{\"@type\":\"ListItem\",\"position\":1,\"name\":\"Home\",\"item\":\"https:\/\/franciscanos.org.br\/noticias\"},{\"@type\":\"ListItem\",\"position\":2,\"name\":\"Papa: cuidado com o mito da eterna juventude, rugas s\u00e3o s\u00edmbolo da vida\"}]},{\"@type\":\"Person\",\"@id\":\"https:\/\/franciscanos.org.br\/noticias\/#\/schema\/person\/b5c8cba458c330ccff548b056e95a5d4\",\"name\":\"moacir\",\"image\":{\"@type\":\"ImageObject\",\"inLanguage\":\"pt-BR\",\"@id\":\"https:\/\/franciscanos.org.br\/noticias\/#\/schema\/person\/image\/\",\"url\":\"https:\/\/secure.gravatar.com\/avatar\/d08aa2ce4c8dd416d4479aa8536fcf64?s=96&d=mm&r=g\",\"contentUrl\":\"https:\/\/secure.gravatar.com\/avatar\/d08aa2ce4c8dd416d4479aa8536fcf64?s=96&d=mm&r=g\",\"caption\":\"moacir\"},\"url\":\"https:\/\/franciscanos.org.br\/noticias\/author\/moacir\"}]}<\/script>\n<!-- \/ Yoast SEO plugin. -->","yoast_head_json":{"title":"Papa: cuidado com o mito da eterna juventude, rugas s\u00e3o s\u00edmbolo da vida - Not\u00edcias - Franciscanos","robots":{"index":"index","follow":"follow","max-snippet":"max-snippet:-1","max-image-preview":"max-image-preview:large","max-video-preview":"max-video-preview:-1"},"canonical":"https:\/\/franciscanos.org.br\/noticias\/papa-cuidado-com-o-mito-da-eterna-juventude-rugas-sao-simbolo-da-vida.html","og_locale":"pt_BR","og_type":"article","og_title":"Papa: cuidado com o mito da eterna juventude, rugas s\u00e3o s\u00edmbolo da vida - Not\u00edcias - Franciscanos","og_description":"Audi\u00eancia Geral","og_url":"https:\/\/franciscanos.org.br\/noticias\/papa-cuidado-com-o-mito-da-eterna-juventude-rugas-sao-simbolo-da-vida.html","og_site_name":"Not\u00edcias - Franciscanos","article_published_time":"2022-06-08T10:19:37+00:00","og_image":[{"width":1500,"height":844,"url":"https:\/\/franciscanos.org.br\/noticias\/wp-content\/uploads\/2022\/06\/audiencia_08.jpeg","type":"image\/jpeg"}],"author":"moacir","twitter_card":"summary_large_image","twitter_misc":{"Escrito por":"moacir","Est. tempo de leitura":"3 minutos"},"schema":{"@context":"https:\/\/schema.org","@graph":[{"@type":"WebSite","@id":"https:\/\/franciscanos.org.br\/noticias\/#website","url":"https:\/\/franciscanos.org.br\/noticias\/","name":"Not\u00edcias - Franciscanos","description":"Prov\u00edncia Franciscana da Imaculada Concei\u00e7\u00e3o do Brasil - Ordem dos Frades Menores - OFM","potentialAction":[{"@type":"SearchAction","target":{"@type":"EntryPoint","urlTemplate":"https:\/\/franciscanos.org.br\/noticias\/?s={search_term_string}"},"query-input":"required name=search_term_string"}],"inLanguage":"pt-BR"},{"@type":"ImageObject","inLanguage":"pt-BR","@id":"https:\/\/franciscanos.org.br\/noticias\/papa-cuidado-com-o-mito-da-eterna-juventude-rugas-sao-simbolo-da-vida.html#primaryimage","url":"https:\/\/franciscanos.org.br\/noticias\/wp-content\/uploads\/2022\/06\/audiencia_08.jpeg","contentUrl":"https:\/\/franciscanos.org.br\/noticias\/wp-content\/uploads\/2022\/06\/audiencia_08.jpeg","width":1500,"height":844},{"@type":"WebPage","@id":"https:\/\/franciscanos.org.br\/noticias\/papa-cuidado-com-o-mito-da-eterna-juventude-rugas-sao-simbolo-da-vida.html#webpage","url":"https:\/\/franciscanos.org.br\/noticias\/papa-cuidado-com-o-mito-da-eterna-juventude-rugas-sao-simbolo-da-vida.html","name":"Papa: cuidado com o mito da eterna juventude, rugas s\u00e3o s\u00edmbolo da vida - Not\u00edcias - Franciscanos","isPartOf":{"@id":"https:\/\/franciscanos.org.br\/noticias\/#website"},"primaryImageOfPage":{"@id":"https:\/\/franciscanos.org.br\/noticias\/papa-cuidado-com-o-mito-da-eterna-juventude-rugas-sao-simbolo-da-vida.html#primaryimage"},"datePublished":"2022-06-08T10:19:37+00:00","dateModified":"2022-06-08T10:19:37+00:00","author":{"@id":"https:\/\/franciscanos.org.br\/noticias\/#\/schema\/person\/b5c8cba458c330ccff548b056e95a5d4"},"breadcrumb":{"@id":"https:\/\/franciscanos.org.br\/noticias\/papa-cuidado-com-o-mito-da-eterna-juventude-rugas-sao-simbolo-da-vida.html#breadcrumb"},"inLanguage":"pt-BR","potentialAction":[{"@type":"ReadAction","target":["https:\/\/franciscanos.org.br\/noticias\/papa-cuidado-com-o-mito-da-eterna-juventude-rugas-sao-simbolo-da-vida.html"]}]},{"@type":"BreadcrumbList","@id":"https:\/\/franciscanos.org.br\/noticias\/papa-cuidado-com-o-mito-da-eterna-juventude-rugas-sao-simbolo-da-vida.html#breadcrumb","itemListElement":[{"@type":"ListItem","position":1,"name":"Home","item":"https:\/\/franciscanos.org.br\/noticias"},{"@type":"ListItem","position":2,"name":"Papa: cuidado com o mito da eterna juventude, rugas s\u00e3o s\u00edmbolo da vida"}]},{"@type":"Person","@id":"https:\/\/franciscanos.org.br\/noticias\/#\/schema\/person\/b5c8cba458c330ccff548b056e95a5d4","name":"moacir","image":{"@type":"ImageObject","inLanguage":"pt-BR","@id":"https:\/\/franciscanos.org.br\/noticias\/#\/schema\/person\/image\/","url":"https:\/\/secure.gravatar.com\/avatar\/d08aa2ce4c8dd416d4479aa8536fcf64?s=96&d=mm&r=g","contentUrl":"https:\/\/secure.gravatar.com\/avatar\/d08aa2ce4c8dd416d4479aa8536fcf64?s=96&d=mm&r=g","caption":"moacir"},"url":"https:\/\/franciscanos.org.br\/noticias\/author\/moacir"}]}},"_links":{"self":[{"href":"https:\/\/franciscanos.org.br\/noticias\/wp-json\/wp\/v2\/posts\/238327"}],"collection":[{"href":"https:\/\/franciscanos.org.br\/noticias\/wp-json\/wp\/v2\/posts"}],"about":[{"href":"https:\/\/franciscanos.org.br\/noticias\/wp-json\/wp\/v2\/types\/post"}],"author":[{"embeddable":true,"href":"https:\/\/franciscanos.org.br\/noticias\/wp-json\/wp\/v2\/users\/3"}],"replies":[{"embeddable":true,"href":"https:\/\/franciscanos.org.br\/noticias\/wp-json\/wp\/v2\/comments?post=238327"}],"version-history":[{"count":1,"href":"https:\/\/franciscanos.org.br\/noticias\/wp-json\/wp\/v2\/posts\/238327\/revisions"}],"predecessor-version":[{"id":238329,"href":"https:\/\/franciscanos.org.br\/noticias\/wp-json\/wp\/v2\/posts\/238327\/revisions\/238329"}],"wp:featuredmedia":[{"embeddable":true,"href":"https:\/\/franciscanos.org.br\/noticias\/wp-json\/wp\/v2\/media\/238328"}],"wp:attachment":[{"href":"https:\/\/franciscanos.org.br\/noticias\/wp-json\/wp\/v2\/media?parent=238327"}],"wp:term":[{"taxonomy":"category","embeddable":true,"href":"https:\/\/franciscanos.org.br\/noticias\/wp-json\/wp\/v2\/categories?post=238327"},{"taxonomy":"post_tag","embeddable":true,"href":"https:\/\/franciscanos.org.br\/noticias\/wp-json\/wp\/v2\/tags?post=238327"}],"curies":[{"name":"wp","href":"https:\/\/api.w.org\/{rel}","templated":true}]}}