{"id":238312,"date":"2022-06-06T14:06:57","date_gmt":"2022-06-06T17:06:57","guid":{"rendered":"https:\/\/franciscanos.org.br\/noticias\/?p=238312"},"modified":"2022-06-06T14:07:09","modified_gmt":"2022-06-06T17:07:09","slug":"frei-vanderlei-na-solenidade-de-pentecostes-temos-um-deus-que-e-amor-e-misericordia-e-acolhe-cada-um-de-nos","status":"publish","type":"post","link":"https:\/\/franciscanos.org.br\/noticias\/frei-vanderlei-na-solenidade-de-pentecostes-temos-um-deus-que-e-amor-e-misericordia-e-acolhe-cada-um-de-nos.html","title":{"rendered":"Frei Vanderlei na Solenidade de Pentecostes: \u201cTemos um Deus que \u00e9 amor e miseric\u00f3rdia e acolhe cada um de n\u00f3s\u201d"},"content":{"rendered":"<p><img loading=\"lazy\" class=\"alignnone wp-image-238313 size-full\" src=\"https:\/\/franciscanos.org.br\/noticias\/wp-content\/uploads\/2022\/06\/solenidade.jpg\" alt=\"\" width=\"1536\" height=\"1152\" srcset=\"https:\/\/franciscanos.org.br\/noticias\/wp-content\/uploads\/2022\/06\/solenidade.jpg 1440w, https:\/\/franciscanos.org.br\/noticias\/wp-content\/uploads\/2022\/06\/solenidade-450x338.jpg 450w, https:\/\/franciscanos.org.br\/noticias\/wp-content\/uploads\/2022\/06\/solenidade-1024x768.jpg 1024w, https:\/\/franciscanos.org.br\/noticias\/wp-content\/uploads\/2022\/06\/solenidade-768x576.jpg 768w, https:\/\/franciscanos.org.br\/noticias\/wp-content\/uploads\/2022\/06\/solenidade-150x113.jpg 150w, https:\/\/franciscanos.org.br\/noticias\/wp-content\/uploads\/2022\/06\/solenidade-600x450.jpg 600w\" sizes=\"(max-width: 1536px) 100vw, 1536px\" \/><br \/>\n<strong>Vila Velha (ES)<\/strong> &#8211; A Solenidade de Pentecostes foi encerrada com a missa das 19h, no domingo de 5 de junho, pelo p\u00e1roco Frei Vanderlei da Silva Neves, no Santu\u00e1rio do Divino Esp\u00edrito Santo, em Vila Velha (ES).<\/p>\n<p>Na sauda\u00e7\u00e3o inicial, o Frei deu boas-vindas ao prefeito Arnaldinho Borgo com sua esposa Andressa, bem como o vice-prefeito Victor Linhalis e o vereador Joel Rangel com sua esposa Val\u00e9ria, saudando tamb\u00e9m toda a comunidade que estava reunida para celebrar a Festa da vinda do Esp\u00edrito Santo: \u201cTemos um Deus que \u00e9 amor e miseric\u00f3rdia e acolhe cada um de n\u00f3s\u201d.<\/p>\n<p>Com as luzes do santu\u00e1rio apagadas, sete mulheres do grupo \u201cM\u00e3es que oram pelos filhos\u201d entraram com grandes velas vermelhas representando os 7 dons do Esp\u00edrito Santo: Sabedoria, Conselho, Fortaleza, Piedade, Temor de Deus, Ci\u00eancia e Entendimento.<\/p>\n<p>Cantando \u201cVem Esp\u00edrito Santo, vem sobre n\u00f3s, como em Pentecostes, possuir o meu ser\u201d, cada fiel foi acendendo sua vela, passando entre si as chamas, trazendo luz \u00e0 penumbra da igreja, como um convite para que todos reascendesse a chama do amor e da f\u00e9. Foi emocionante!<\/p>\n<p>Frei Vanderlei come\u00e7ou a homilia propondo que cada um fizesse a si dois questionamentos: \u201cDe que forma eu posso sentir a presen\u00e7a do Esp\u00edrito Santo em minha vida? E Como eu posso ter uma experi\u00eancia profunda com o sagrado?\u201d. O sacerdote explica que com essas perguntas percebemos que \u00e9 por meio do Esp\u00edrito Santo que alimentamos nossa f\u00e9 e sentimos a presen\u00e7a de Cristo: \u201cUma presen\u00e7a que nos transforma\u201d, refor\u00e7a.<\/p>\n<p>Refletindo a primeira leitura dos Atos dos Ap\u00f3stolos, que narra quando chegou o dia de Pentecostes, e os disc\u00edpulos estavam todos reunidos no mesmo lugar e ent\u00e3o apareceram l\u00ednguas como de fogo, o frei explica que tais l\u00ednguas de fogo que purificam, aquecem e iluminam, s\u00e3o como o Esp\u00edrito Santo que age em nossas vidas, purificando nosso ser, aquecendo nossa alma e iluminando nossos caminhos.<\/p>\n<p>Assim, ele convoca os crist\u00e3os a praticarem a linguagem do amor, que \u00e9 o que traz uni\u00e3o e entendimento entre as pessoas: \u201c\u00c9 assim que somos o canal da gra\u00e7a de Deus, em nossas fam\u00edlias e em nossas comunidades. Nossos dons devem ser colocados em prol do bem comum\u201d, explica.<\/p>\n<p>O sacerdote tamb\u00e9m lembra que Jesus Cristo concede o Esp\u00edrito Santo aos seus disc\u00edpulos, anunciando a Paz: \u201cA paz esteja conosco\u201d. E ressalta que Paz n\u00e3o \u00e9 aus\u00eancia de problemas, mas sim a capacidade de saber lidar com as adversidades por meio da for\u00e7a do Esp\u00edrito Santo.<\/p>\n<p>Nos agradecimentos finais, Frei Vanderlei agradeceu todos os volunt\u00e1rios que trabalharam em prol da realiza\u00e7\u00e3o da Festa de Pentecostes, o apoio da prefeitura de Vila Velha e a presen\u00e7a do frei Alessandro do Convento da Penha: \u201cSempre \u00e9 bom celebrar com mais de um frei, porque uma das caracter\u00edsticas principais da nossa vida franciscana \u00e9 a fraternidade. Se n\u00f3s n\u00e3o conseguimos anunciar Jesus em fraternidade, n\u00f3s falhamos em parte da nossa miss\u00e3o.\u201d<\/p>\n<p>Para encerrar a solenidade, todos foram convidados a saudar com palmas, dizendo: Viva o Esp\u00edrito santo, Viva Jesus Cristo!<\/p>\n<hr \/>\n<p><em>Pascom da Par\u00f3quia do Ros\u00e1rio<\/em><\/p>\n","protected":false},"excerpt":{"rendered":"<p>Solenidade de Pentecostes<\/p>\n","protected":false},"author":3,"featured_media":238313,"comment_status":"open","ping_status":"open","sticky":false,"template":"","format":"standard","meta":[],"categories":[1],"tags":[1180],"acf":[],"yoast_head":"<!-- This site is optimized with the Yoast SEO plugin v19.2 - https:\/\/yoast.com\/wordpress\/plugins\/seo\/ -->\n<title>Frei Vanderlei na Solenidade de Pentecostes: \u201cTemos um Deus que \u00e9 amor e miseric\u00f3rdia e acolhe cada um de n\u00f3s\u201d - Not\u00edcias - Franciscanos<\/title>\n<meta name=\"robots\" content=\"index, follow, max-snippet:-1, max-image-preview:large, max-video-preview:-1\" \/>\n<link rel=\"canonical\" href=\"https:\/\/franciscanos.org.br\/noticias\/frei-vanderlei-na-solenidade-de-pentecostes-temos-um-deus-que-e-amor-e-misericordia-e-acolhe-cada-um-de-nos.html\" \/>\n<meta property=\"og:locale\" content=\"pt_BR\" \/>\n<meta property=\"og:type\" content=\"article\" \/>\n<meta property=\"og:title\" content=\"Frei Vanderlei na Solenidade de Pentecostes: \u201cTemos um Deus que \u00e9 amor e miseric\u00f3rdia e acolhe cada um de n\u00f3s\u201d - Not\u00edcias - Franciscanos\" \/>\n<meta property=\"og:description\" content=\"Solenidade de Pentecostes\" \/>\n<meta property=\"og:url\" content=\"https:\/\/franciscanos.org.br\/noticias\/frei-vanderlei-na-solenidade-de-pentecostes-temos-um-deus-que-e-amor-e-misericordia-e-acolhe-cada-um-de-nos.html\" \/>\n<meta property=\"og:site_name\" content=\"Not\u00edcias - Franciscanos\" \/>\n<meta property=\"article:published_time\" content=\"2022-06-06T17:06:57+00:00\" \/>\n<meta property=\"article:modified_time\" content=\"2022-06-06T17:07:09+00:00\" \/>\n<meta property=\"og:image\" content=\"https:\/\/franciscanos.org.br\/noticias\/wp-content\/uploads\/2022\/06\/solenidade.jpg\" \/>\n\t<meta property=\"og:image:width\" content=\"1440\" \/>\n\t<meta property=\"og:image:height\" content=\"1080\" \/>\n\t<meta property=\"og:image:type\" content=\"image\/jpeg\" \/>\n<meta name=\"author\" content=\"moacir\" \/>\n<meta name=\"twitter:card\" content=\"summary_large_image\" \/>\n<meta name=\"twitter:label1\" content=\"Escrito por\" \/>\n\t<meta name=\"twitter:data1\" content=\"moacir\" \/>\n\t<meta name=\"twitter:label2\" content=\"Est. tempo de leitura\" \/>\n\t<meta name=\"twitter:data2\" content=\"3 minutos\" \/>\n<script type=\"application\/ld+json\" class=\"yoast-schema-graph\">{\"@context\":\"https:\/\/schema.org\",\"@graph\":[{\"@type\":\"WebSite\",\"@id\":\"https:\/\/franciscanos.org.br\/noticias\/#website\",\"url\":\"https:\/\/franciscanos.org.br\/noticias\/\",\"name\":\"Not\u00edcias - Franciscanos\",\"description\":\"Prov\u00edncia Franciscana da Imaculada Concei\u00e7\u00e3o do Brasil - Ordem dos Frades Menores - OFM\",\"potentialAction\":[{\"@type\":\"SearchAction\",\"target\":{\"@type\":\"EntryPoint\",\"urlTemplate\":\"https:\/\/franciscanos.org.br\/noticias\/?s={search_term_string}\"},\"query-input\":\"required name=search_term_string\"}],\"inLanguage\":\"pt-BR\"},{\"@type\":\"ImageObject\",\"inLanguage\":\"pt-BR\",\"@id\":\"https:\/\/franciscanos.org.br\/noticias\/frei-vanderlei-na-solenidade-de-pentecostes-temos-um-deus-que-e-amor-e-misericordia-e-acolhe-cada-um-de-nos.html#primaryimage\",\"url\":\"https:\/\/franciscanos.org.br\/noticias\/wp-content\/uploads\/2022\/06\/solenidade.jpg\",\"contentUrl\":\"https:\/\/franciscanos.org.br\/noticias\/wp-content\/uploads\/2022\/06\/solenidade.jpg\",\"width\":1440,\"height\":1080},{\"@type\":\"WebPage\",\"@id\":\"https:\/\/franciscanos.org.br\/noticias\/frei-vanderlei-na-solenidade-de-pentecostes-temos-um-deus-que-e-amor-e-misericordia-e-acolhe-cada-um-de-nos.html#webpage\",\"url\":\"https:\/\/franciscanos.org.br\/noticias\/frei-vanderlei-na-solenidade-de-pentecostes-temos-um-deus-que-e-amor-e-misericordia-e-acolhe-cada-um-de-nos.html\",\"name\":\"Frei Vanderlei na Solenidade de Pentecostes: \u201cTemos um Deus que \u00e9 amor e miseric\u00f3rdia e acolhe cada um de n\u00f3s\u201d - Not\u00edcias - Franciscanos\",\"isPartOf\":{\"@id\":\"https:\/\/franciscanos.org.br\/noticias\/#website\"},\"primaryImageOfPage\":{\"@id\":\"https:\/\/franciscanos.org.br\/noticias\/frei-vanderlei-na-solenidade-de-pentecostes-temos-um-deus-que-e-amor-e-misericordia-e-acolhe-cada-um-de-nos.html#primaryimage\"},\"datePublished\":\"2022-06-06T17:06:57+00:00\",\"dateModified\":\"2022-06-06T17:07:09+00:00\",\"author\":{\"@id\":\"https:\/\/franciscanos.org.br\/noticias\/#\/schema\/person\/b5c8cba458c330ccff548b056e95a5d4\"},\"breadcrumb\":{\"@id\":\"https:\/\/franciscanos.org.br\/noticias\/frei-vanderlei-na-solenidade-de-pentecostes-temos-um-deus-que-e-amor-e-misericordia-e-acolhe-cada-um-de-nos.html#breadcrumb\"},\"inLanguage\":\"pt-BR\",\"potentialAction\":[{\"@type\":\"ReadAction\",\"target\":[\"https:\/\/franciscanos.org.br\/noticias\/frei-vanderlei-na-solenidade-de-pentecostes-temos-um-deus-que-e-amor-e-misericordia-e-acolhe-cada-um-de-nos.html\"]}]},{\"@type\":\"BreadcrumbList\",\"@id\":\"https:\/\/franciscanos.org.br\/noticias\/frei-vanderlei-na-solenidade-de-pentecostes-temos-um-deus-que-e-amor-e-misericordia-e-acolhe-cada-um-de-nos.html#breadcrumb\",\"itemListElement\":[{\"@type\":\"ListItem\",\"position\":1,\"name\":\"Home\",\"item\":\"https:\/\/franciscanos.org.br\/noticias\"},{\"@type\":\"ListItem\",\"position\":2,\"name\":\"Frei Vanderlei na Solenidade de Pentecostes: \u201cTemos um Deus que \u00e9 amor e miseric\u00f3rdia e acolhe cada um de n\u00f3s\u201d\"}]},{\"@type\":\"Person\",\"@id\":\"https:\/\/franciscanos.org.br\/noticias\/#\/schema\/person\/b5c8cba458c330ccff548b056e95a5d4\",\"name\":\"moacir\",\"image\":{\"@type\":\"ImageObject\",\"inLanguage\":\"pt-BR\",\"@id\":\"https:\/\/franciscanos.org.br\/noticias\/#\/schema\/person\/image\/\",\"url\":\"https:\/\/secure.gravatar.com\/avatar\/d08aa2ce4c8dd416d4479aa8536fcf64?s=96&d=mm&r=g\",\"contentUrl\":\"https:\/\/secure.gravatar.com\/avatar\/d08aa2ce4c8dd416d4479aa8536fcf64?s=96&d=mm&r=g\",\"caption\":\"moacir\"},\"url\":\"https:\/\/franciscanos.org.br\/noticias\/author\/moacir\"}]}<\/script>\n<!-- \/ Yoast SEO plugin. -->","yoast_head_json":{"title":"Frei Vanderlei na Solenidade de Pentecostes: \u201cTemos um Deus que \u00e9 amor e miseric\u00f3rdia e acolhe cada um de n\u00f3s\u201d - Not\u00edcias - Franciscanos","robots":{"index":"index","follow":"follow","max-snippet":"max-snippet:-1","max-image-preview":"max-image-preview:large","max-video-preview":"max-video-preview:-1"},"canonical":"https:\/\/franciscanos.org.br\/noticias\/frei-vanderlei-na-solenidade-de-pentecostes-temos-um-deus-que-e-amor-e-misericordia-e-acolhe-cada-um-de-nos.html","og_locale":"pt_BR","og_type":"article","og_title":"Frei Vanderlei na Solenidade de Pentecostes: \u201cTemos um Deus que \u00e9 amor e miseric\u00f3rdia e acolhe cada um de n\u00f3s\u201d - Not\u00edcias - Franciscanos","og_description":"Solenidade de Pentecostes","og_url":"https:\/\/franciscanos.org.br\/noticias\/frei-vanderlei-na-solenidade-de-pentecostes-temos-um-deus-que-e-amor-e-misericordia-e-acolhe-cada-um-de-nos.html","og_site_name":"Not\u00edcias - Franciscanos","article_published_time":"2022-06-06T17:06:57+00:00","article_modified_time":"2022-06-06T17:07:09+00:00","og_image":[{"width":1440,"height":1080,"url":"https:\/\/franciscanos.org.br\/noticias\/wp-content\/uploads\/2022\/06\/solenidade.jpg","type":"image\/jpeg"}],"author":"moacir","twitter_card":"summary_large_image","twitter_misc":{"Escrito por":"moacir","Est. tempo de leitura":"3 minutos"},"schema":{"@context":"https:\/\/schema.org","@graph":[{"@type":"WebSite","@id":"https:\/\/franciscanos.org.br\/noticias\/#website","url":"https:\/\/franciscanos.org.br\/noticias\/","name":"Not\u00edcias - Franciscanos","description":"Prov\u00edncia Franciscana da Imaculada Concei\u00e7\u00e3o do Brasil - Ordem dos Frades Menores - OFM","potentialAction":[{"@type":"SearchAction","target":{"@type":"EntryPoint","urlTemplate":"https:\/\/franciscanos.org.br\/noticias\/?s={search_term_string}"},"query-input":"required name=search_term_string"}],"inLanguage":"pt-BR"},{"@type":"ImageObject","inLanguage":"pt-BR","@id":"https:\/\/franciscanos.org.br\/noticias\/frei-vanderlei-na-solenidade-de-pentecostes-temos-um-deus-que-e-amor-e-misericordia-e-acolhe-cada-um-de-nos.html#primaryimage","url":"https:\/\/franciscanos.org.br\/noticias\/wp-content\/uploads\/2022\/06\/solenidade.jpg","contentUrl":"https:\/\/franciscanos.org.br\/noticias\/wp-content\/uploads\/2022\/06\/solenidade.jpg","width":1440,"height":1080},{"@type":"WebPage","@id":"https:\/\/franciscanos.org.br\/noticias\/frei-vanderlei-na-solenidade-de-pentecostes-temos-um-deus-que-e-amor-e-misericordia-e-acolhe-cada-um-de-nos.html#webpage","url":"https:\/\/franciscanos.org.br\/noticias\/frei-vanderlei-na-solenidade-de-pentecostes-temos-um-deus-que-e-amor-e-misericordia-e-acolhe-cada-um-de-nos.html","name":"Frei Vanderlei na Solenidade de Pentecostes: \u201cTemos um Deus que \u00e9 amor e miseric\u00f3rdia e acolhe cada um de n\u00f3s\u201d - Not\u00edcias - Franciscanos","isPartOf":{"@id":"https:\/\/franciscanos.org.br\/noticias\/#website"},"primaryImageOfPage":{"@id":"https:\/\/franciscanos.org.br\/noticias\/frei-vanderlei-na-solenidade-de-pentecostes-temos-um-deus-que-e-amor-e-misericordia-e-acolhe-cada-um-de-nos.html#primaryimage"},"datePublished":"2022-06-06T17:06:57+00:00","dateModified":"2022-06-06T17:07:09+00:00","author":{"@id":"https:\/\/franciscanos.org.br\/noticias\/#\/schema\/person\/b5c8cba458c330ccff548b056e95a5d4"},"breadcrumb":{"@id":"https:\/\/franciscanos.org.br\/noticias\/frei-vanderlei-na-solenidade-de-pentecostes-temos-um-deus-que-e-amor-e-misericordia-e-acolhe-cada-um-de-nos.html#breadcrumb"},"inLanguage":"pt-BR","potentialAction":[{"@type":"ReadAction","target":["https:\/\/franciscanos.org.br\/noticias\/frei-vanderlei-na-solenidade-de-pentecostes-temos-um-deus-que-e-amor-e-misericordia-e-acolhe-cada-um-de-nos.html"]}]},{"@type":"BreadcrumbList","@id":"https:\/\/franciscanos.org.br\/noticias\/frei-vanderlei-na-solenidade-de-pentecostes-temos-um-deus-que-e-amor-e-misericordia-e-acolhe-cada-um-de-nos.html#breadcrumb","itemListElement":[{"@type":"ListItem","position":1,"name":"Home","item":"https:\/\/franciscanos.org.br\/noticias"},{"@type":"ListItem","position":2,"name":"Frei Vanderlei na Solenidade de Pentecostes: \u201cTemos um Deus que \u00e9 amor e miseric\u00f3rdia e acolhe cada um de n\u00f3s\u201d"}]},{"@type":"Person","@id":"https:\/\/franciscanos.org.br\/noticias\/#\/schema\/person\/b5c8cba458c330ccff548b056e95a5d4","name":"moacir","image":{"@type":"ImageObject","inLanguage":"pt-BR","@id":"https:\/\/franciscanos.org.br\/noticias\/#\/schema\/person\/image\/","url":"https:\/\/secure.gravatar.com\/avatar\/d08aa2ce4c8dd416d4479aa8536fcf64?s=96&d=mm&r=g","contentUrl":"https:\/\/secure.gravatar.com\/avatar\/d08aa2ce4c8dd416d4479aa8536fcf64?s=96&d=mm&r=g","caption":"moacir"},"url":"https:\/\/franciscanos.org.br\/noticias\/author\/moacir"}]}},"_links":{"self":[{"href":"https:\/\/franciscanos.org.br\/noticias\/wp-json\/wp\/v2\/posts\/238312"}],"collection":[{"href":"https:\/\/franciscanos.org.br\/noticias\/wp-json\/wp\/v2\/posts"}],"about":[{"href":"https:\/\/franciscanos.org.br\/noticias\/wp-json\/wp\/v2\/types\/post"}],"author":[{"embeddable":true,"href":"https:\/\/franciscanos.org.br\/noticias\/wp-json\/wp\/v2\/users\/3"}],"replies":[{"embeddable":true,"href":"https:\/\/franciscanos.org.br\/noticias\/wp-json\/wp\/v2\/comments?post=238312"}],"version-history":[{"count":2,"href":"https:\/\/franciscanos.org.br\/noticias\/wp-json\/wp\/v2\/posts\/238312\/revisions"}],"predecessor-version":[{"id":238315,"href":"https:\/\/franciscanos.org.br\/noticias\/wp-json\/wp\/v2\/posts\/238312\/revisions\/238315"}],"wp:featuredmedia":[{"embeddable":true,"href":"https:\/\/franciscanos.org.br\/noticias\/wp-json\/wp\/v2\/media\/238313"}],"wp:attachment":[{"href":"https:\/\/franciscanos.org.br\/noticias\/wp-json\/wp\/v2\/media?parent=238312"}],"wp:term":[{"taxonomy":"category","embeddable":true,"href":"https:\/\/franciscanos.org.br\/noticias\/wp-json\/wp\/v2\/categories?post=238312"},{"taxonomy":"post_tag","embeddable":true,"href":"https:\/\/franciscanos.org.br\/noticias\/wp-json\/wp\/v2\/tags?post=238312"}],"curies":[{"name":"wp","href":"https:\/\/api.w.org\/{rel}","templated":true}]}}