{"id":238298,"date":"2022-06-06T08:03:54","date_gmt":"2022-06-06T11:03:54","guid":{"rendered":"https:\/\/franciscanos.org.br\/noticias\/?p=238298"},"modified":"2023-01-03T13:53:10","modified_gmt":"2023-01-03T16:53:10","slug":"campanhaemergencial","status":"publish","type":"post","link":"https:\/\/franciscanos.org.br\/noticias\/campanhaemergencial.html","title":{"rendered":"\u201cO Frio d\u00f3i\u201d: Sefras abre as portas nas noites de inverno. Veja como ajudar!"},"content":{"rendered":"<div style=\"width: 1290px\" class=\"wp-caption alignnone\"><img loading=\"lazy\" src=\"https:\/\/franciscanos.org.br\/noticias\/wp-content\/uploads\/2022\/06\/Sefras-1280-4.jpg\" alt=\"\" width=\"1280\" height=\"720\" \/><p class=\"wp-caption-text\"><em>Dormit\u00f3rio no Ch\u00e1 do Padre, no centro (\u00e0 esq.); dormit\u00f3rio na Baixada do Glic\u00e9rio. Durante o dia, esses servi\u00e7os oferecem refei\u00e7\u00f5es.<\/em><\/p><\/div>\n<p>Desde 2016, a Campanha Emergencial do Servi\u00e7o Franciscano de Solidariedade &#8211; Sefras durante os invernos n\u00e3o parou mais. Naquele ano, \u00e0s v\u00e9speras do dia de Santo Ant\u00f4nio, a cidade de S\u00e3o Paulo foi destaque nos notici\u00e1rios pelos 10 \u00f3bitos por frio naquele inverno.<\/p>\n<p>\u201cA\u00ed houve uma grande preocupa\u00e7\u00e3o na cidade, e n\u00f3s come\u00e7amos a pensar o que poder\u00edamos fazer al\u00e9m do que faz\u00edamos para amenizar o impacto do frio nestas condi\u00e7\u00f5es. Foi, ent\u00e3o, que surgiu a ideia de usar o \u2018Ch\u00e1 do Padre\u2019, que tem um refeit\u00f3rio grande, para emergencialmente se se transformar num dormit\u00f3rio. Fazendo os c\u00e1lculos, chegamos \u00e0 conclus\u00e3o que l\u00e1 caberiam 100 camas e passamos a receber 100 pessoas para dormir. Isso foi recorrente nos anos seguintes\u201d, lembra Frei Jos\u00e9 Francisco de C\u00e1ssia dos Santos, diretor-presidente do Sefras, explicando que esse pernoite de inverno dura quatro meses, que \u00e9 o tempo do frio mais denso. Com isso, segundo o frade, com a Campanha o \u2018Ch\u00e1 do Padre\u2019 fica com as portas abertas 24 horas.<\/p>\n<p>Com a Casa Franciscana, na Baixada do Glic\u00e9rio, foi poss\u00edvel ampliar esse atendimento em mais 50 vagas, em parceria com a Prefeitura de S\u00e3o Paulo.<\/p>\n<p>Segundo Frei Jos\u00e9, as 150 pessoas t\u00eam acesso ao banho. \u201c\u00c9 muito importante a pessoa que chega da rua tomar o banho para usar uma cama limpa. O ritual do pernoite \u00e9: chegada, banho, janta, cama, levanta e caf\u00e9 da manh\u00e3\u201d, explica Frei Jos\u00e9, informando que durante a pandemia, quando as pessoas estavam paradas, o Sefras recebeu 900 volunt\u00e1rios. Todos cadastrados. \u201cSaindo da pandemia, esse n\u00famero caiu, mas a gente tem em torno de 30 ou 40 volunt\u00e1rios que se revezam, fielmente e nos apoiam muito\u201d, reconhece o frade.<\/p>\n<p>O Sefras tamb\u00e9m recebe doa\u00e7\u00f5es de comida, cobertores, roupa de frio, sobretudo masculina, e kits de higiene.<\/p>\n<h3><strong>COMO AJUDAR<\/strong><\/h3>\n<p style=\"padding-left: 40px;\">Os donativos podem ser entregues diretamente nos dois projetos de acolhimento:<br \/>\nCh\u00e1 do Padre &#8211; Rua Riachuelo, 268, Centro, S\u00e3o Paulo\/SP<br \/>\nCasa Franciscana &#8211; Rua Otto de Alencar, 270, Liberdade, S\u00e3o Paulo\/SP<\/p>\n<p style=\"padding-left: 40px;\">Tamb\u00e9m \u00e9 poss\u00edvel pedir a retirada das doa\u00e7\u00f5es:<br \/>\nWhatsApp e liga\u00e7\u00e3o: (11) 3795-5220<br \/>\nE-mail: doe@sefras.org.br<\/p>\n<p style=\"padding-left: 40px;\">Outra op\u00e7\u00e3o \u00e9 comprar os cobertores diretamente no fornecedor do Sefras e deixar em nosso nome. Fazemos a retirada e encaminhamos para os locais necess\u00e1rios.<br \/>\nLoja: Lepin Enxovais<br \/>\n(@lepinenxovais)<br \/>\nEndere\u00e7o: Rua Oriente, 754, Br\u00e1s, S\u00e3o Paulo\/SP<\/p>\n<hr \/>\n<p><em>Comunica\u00e7\u00e3o da Prov\u00edncia da Imaculada Concei\u00e7\u00e3o<\/em><\/p>\n","protected":false},"excerpt":{"rendered":"<p>Servi\u00e7o Franciscano de Solidariedade<\/p>\n","protected":false},"author":7,"featured_media":238306,"comment_status":"open","ping_status":"open","sticky":false,"template":"","format":"standard","meta":[],"categories":[1],"tags":[228],"acf":[],"yoast_head":"<!-- This site is optimized with the Yoast SEO plugin v19.2 - https:\/\/yoast.com\/wordpress\/plugins\/seo\/ -->\n<title>\u201cO Frio d\u00f3i\u201d: Sefras abre as portas nas noites de inverno. Veja como ajudar! - Not\u00edcias - Franciscanos<\/title>\n<meta name=\"robots\" content=\"index, follow, max-snippet:-1, max-image-preview:large, max-video-preview:-1\" \/>\n<link rel=\"canonical\" href=\"https:\/\/franciscanos.org.br\/noticias\/campanhaemergencial.html\" \/>\n<meta property=\"og:locale\" content=\"pt_BR\" \/>\n<meta property=\"og:type\" content=\"article\" \/>\n<meta property=\"og:title\" content=\"\u201cO Frio d\u00f3i\u201d: Sefras abre as portas nas noites de inverno. Veja como ajudar! - Not\u00edcias - Franciscanos\" \/>\n<meta property=\"og:description\" content=\"Servi\u00e7o Franciscano de Solidariedade\" \/>\n<meta property=\"og:url\" content=\"https:\/\/franciscanos.org.br\/noticias\/campanhaemergencial.html\" \/>\n<meta property=\"og:site_name\" content=\"Not\u00edcias - Franciscanos\" \/>\n<meta property=\"article:published_time\" content=\"2022-06-06T11:03:54+00:00\" \/>\n<meta property=\"article:modified_time\" content=\"2023-01-03T16:53:10+00:00\" \/>\n<meta property=\"og:image\" content=\"https:\/\/franciscanos.org.br\/noticias\/wp-content\/uploads\/2022\/06\/Sefras-800.jpg\" \/>\n\t<meta property=\"og:image:width\" content=\"800\" \/>\n\t<meta property=\"og:image:height\" content=\"550\" \/>\n\t<meta property=\"og:image:type\" content=\"image\/jpeg\" \/>\n<meta name=\"author\" content=\"jovenal\" \/>\n<meta name=\"twitter:card\" content=\"summary_large_image\" \/>\n<meta name=\"twitter:label1\" content=\"Escrito por\" \/>\n\t<meta name=\"twitter:data1\" content=\"jovenal\" \/>\n\t<meta name=\"twitter:label2\" content=\"Est. tempo de leitura\" \/>\n\t<meta name=\"twitter:data2\" content=\"2 minutos\" \/>\n<script type=\"application\/ld+json\" class=\"yoast-schema-graph\">{\"@context\":\"https:\/\/schema.org\",\"@graph\":[{\"@type\":\"WebSite\",\"@id\":\"https:\/\/franciscanos.org.br\/noticias\/#website\",\"url\":\"https:\/\/franciscanos.org.br\/noticias\/\",\"name\":\"Not\u00edcias - Franciscanos\",\"description\":\"Prov\u00edncia Franciscana da Imaculada Concei\u00e7\u00e3o do Brasil - Ordem dos Frades Menores - OFM\",\"potentialAction\":[{\"@type\":\"SearchAction\",\"target\":{\"@type\":\"EntryPoint\",\"urlTemplate\":\"https:\/\/franciscanos.org.br\/noticias\/?s={search_term_string}\"},\"query-input\":\"required name=search_term_string\"}],\"inLanguage\":\"pt-BR\"},{\"@type\":\"ImageObject\",\"inLanguage\":\"pt-BR\",\"@id\":\"https:\/\/franciscanos.org.br\/noticias\/campanhaemergencial.html#primaryimage\",\"url\":\"https:\/\/franciscanos.org.br\/noticias\/wp-content\/uploads\/2022\/06\/Sefras-800.jpg\",\"contentUrl\":\"https:\/\/franciscanos.org.br\/noticias\/wp-content\/uploads\/2022\/06\/Sefras-800.jpg\",\"width\":800,\"height\":550},{\"@type\":\"WebPage\",\"@id\":\"https:\/\/franciscanos.org.br\/noticias\/campanhaemergencial.html#webpage\",\"url\":\"https:\/\/franciscanos.org.br\/noticias\/campanhaemergencial.html\",\"name\":\"\u201cO Frio d\u00f3i\u201d: Sefras abre as portas nas noites de inverno. Veja como ajudar! - Not\u00edcias - Franciscanos\",\"isPartOf\":{\"@id\":\"https:\/\/franciscanos.org.br\/noticias\/#website\"},\"primaryImageOfPage\":{\"@id\":\"https:\/\/franciscanos.org.br\/noticias\/campanhaemergencial.html#primaryimage\"},\"datePublished\":\"2022-06-06T11:03:54+00:00\",\"dateModified\":\"2023-01-03T16:53:10+00:00\",\"author\":{\"@id\":\"https:\/\/franciscanos.org.br\/noticias\/#\/schema\/person\/c3a26b08313dd1772495ce300ab257cc\"},\"breadcrumb\":{\"@id\":\"https:\/\/franciscanos.org.br\/noticias\/campanhaemergencial.html#breadcrumb\"},\"inLanguage\":\"pt-BR\",\"potentialAction\":[{\"@type\":\"ReadAction\",\"target\":[\"https:\/\/franciscanos.org.br\/noticias\/campanhaemergencial.html\"]}]},{\"@type\":\"BreadcrumbList\",\"@id\":\"https:\/\/franciscanos.org.br\/noticias\/campanhaemergencial.html#breadcrumb\",\"itemListElement\":[{\"@type\":\"ListItem\",\"position\":1,\"name\":\"Home\",\"item\":\"https:\/\/franciscanos.org.br\/noticias\"},{\"@type\":\"ListItem\",\"position\":2,\"name\":\"\u201cO Frio d\u00f3i\u201d: Sefras abre as portas nas noites de inverno. Veja como ajudar!\"}]},{\"@type\":\"Person\",\"@id\":\"https:\/\/franciscanos.org.br\/noticias\/#\/schema\/person\/c3a26b08313dd1772495ce300ab257cc\",\"name\":\"jovenal\",\"image\":{\"@type\":\"ImageObject\",\"inLanguage\":\"pt-BR\",\"@id\":\"https:\/\/franciscanos.org.br\/noticias\/#\/schema\/person\/image\/\",\"url\":\"https:\/\/secure.gravatar.com\/avatar\/e94509f531086e2eaf97e72f29ea00f9?s=96&d=mm&r=g\",\"contentUrl\":\"https:\/\/secure.gravatar.com\/avatar\/e94509f531086e2eaf97e72f29ea00f9?s=96&d=mm&r=g\",\"caption\":\"jovenal\"},\"url\":\"https:\/\/franciscanos.org.br\/noticias\/author\/jovenal\"}]}<\/script>\n<!-- \/ Yoast SEO plugin. -->","yoast_head_json":{"title":"\u201cO Frio d\u00f3i\u201d: Sefras abre as portas nas noites de inverno. Veja como ajudar! - Not\u00edcias - Franciscanos","robots":{"index":"index","follow":"follow","max-snippet":"max-snippet:-1","max-image-preview":"max-image-preview:large","max-video-preview":"max-video-preview:-1"},"canonical":"https:\/\/franciscanos.org.br\/noticias\/campanhaemergencial.html","og_locale":"pt_BR","og_type":"article","og_title":"\u201cO Frio d\u00f3i\u201d: Sefras abre as portas nas noites de inverno. Veja como ajudar! - Not\u00edcias - Franciscanos","og_description":"Servi\u00e7o Franciscano de Solidariedade","og_url":"https:\/\/franciscanos.org.br\/noticias\/campanhaemergencial.html","og_site_name":"Not\u00edcias - Franciscanos","article_published_time":"2022-06-06T11:03:54+00:00","article_modified_time":"2023-01-03T16:53:10+00:00","og_image":[{"width":800,"height":550,"url":"https:\/\/franciscanos.org.br\/noticias\/wp-content\/uploads\/2022\/06\/Sefras-800.jpg","type":"image\/jpeg"}],"author":"jovenal","twitter_card":"summary_large_image","twitter_misc":{"Escrito por":"jovenal","Est. tempo de leitura":"2 minutos"},"schema":{"@context":"https:\/\/schema.org","@graph":[{"@type":"WebSite","@id":"https:\/\/franciscanos.org.br\/noticias\/#website","url":"https:\/\/franciscanos.org.br\/noticias\/","name":"Not\u00edcias - Franciscanos","description":"Prov\u00edncia Franciscana da Imaculada Concei\u00e7\u00e3o do Brasil - Ordem dos Frades Menores - OFM","potentialAction":[{"@type":"SearchAction","target":{"@type":"EntryPoint","urlTemplate":"https:\/\/franciscanos.org.br\/noticias\/?s={search_term_string}"},"query-input":"required name=search_term_string"}],"inLanguage":"pt-BR"},{"@type":"ImageObject","inLanguage":"pt-BR","@id":"https:\/\/franciscanos.org.br\/noticias\/campanhaemergencial.html#primaryimage","url":"https:\/\/franciscanos.org.br\/noticias\/wp-content\/uploads\/2022\/06\/Sefras-800.jpg","contentUrl":"https:\/\/franciscanos.org.br\/noticias\/wp-content\/uploads\/2022\/06\/Sefras-800.jpg","width":800,"height":550},{"@type":"WebPage","@id":"https:\/\/franciscanos.org.br\/noticias\/campanhaemergencial.html#webpage","url":"https:\/\/franciscanos.org.br\/noticias\/campanhaemergencial.html","name":"\u201cO Frio d\u00f3i\u201d: Sefras abre as portas nas noites de inverno. Veja como ajudar! - Not\u00edcias - Franciscanos","isPartOf":{"@id":"https:\/\/franciscanos.org.br\/noticias\/#website"},"primaryImageOfPage":{"@id":"https:\/\/franciscanos.org.br\/noticias\/campanhaemergencial.html#primaryimage"},"datePublished":"2022-06-06T11:03:54+00:00","dateModified":"2023-01-03T16:53:10+00:00","author":{"@id":"https:\/\/franciscanos.org.br\/noticias\/#\/schema\/person\/c3a26b08313dd1772495ce300ab257cc"},"breadcrumb":{"@id":"https:\/\/franciscanos.org.br\/noticias\/campanhaemergencial.html#breadcrumb"},"inLanguage":"pt-BR","potentialAction":[{"@type":"ReadAction","target":["https:\/\/franciscanos.org.br\/noticias\/campanhaemergencial.html"]}]},{"@type":"BreadcrumbList","@id":"https:\/\/franciscanos.org.br\/noticias\/campanhaemergencial.html#breadcrumb","itemListElement":[{"@type":"ListItem","position":1,"name":"Home","item":"https:\/\/franciscanos.org.br\/noticias"},{"@type":"ListItem","position":2,"name":"\u201cO Frio d\u00f3i\u201d: Sefras abre as portas nas noites de inverno. Veja como ajudar!"}]},{"@type":"Person","@id":"https:\/\/franciscanos.org.br\/noticias\/#\/schema\/person\/c3a26b08313dd1772495ce300ab257cc","name":"jovenal","image":{"@type":"ImageObject","inLanguage":"pt-BR","@id":"https:\/\/franciscanos.org.br\/noticias\/#\/schema\/person\/image\/","url":"https:\/\/secure.gravatar.com\/avatar\/e94509f531086e2eaf97e72f29ea00f9?s=96&d=mm&r=g","contentUrl":"https:\/\/secure.gravatar.com\/avatar\/e94509f531086e2eaf97e72f29ea00f9?s=96&d=mm&r=g","caption":"jovenal"},"url":"https:\/\/franciscanos.org.br\/noticias\/author\/jovenal"}]}},"_links":{"self":[{"href":"https:\/\/franciscanos.org.br\/noticias\/wp-json\/wp\/v2\/posts\/238298"}],"collection":[{"href":"https:\/\/franciscanos.org.br\/noticias\/wp-json\/wp\/v2\/posts"}],"about":[{"href":"https:\/\/franciscanos.org.br\/noticias\/wp-json\/wp\/v2\/types\/post"}],"author":[{"embeddable":true,"href":"https:\/\/franciscanos.org.br\/noticias\/wp-json\/wp\/v2\/users\/7"}],"replies":[{"embeddable":true,"href":"https:\/\/franciscanos.org.br\/noticias\/wp-json\/wp\/v2\/comments?post=238298"}],"version-history":[{"count":9,"href":"https:\/\/franciscanos.org.br\/noticias\/wp-json\/wp\/v2\/posts\/238298\/revisions"}],"predecessor-version":[{"id":241512,"href":"https:\/\/franciscanos.org.br\/noticias\/wp-json\/wp\/v2\/posts\/238298\/revisions\/241512"}],"wp:featuredmedia":[{"embeddable":true,"href":"https:\/\/franciscanos.org.br\/noticias\/wp-json\/wp\/v2\/media\/238306"}],"wp:attachment":[{"href":"https:\/\/franciscanos.org.br\/noticias\/wp-json\/wp\/v2\/media?parent=238298"}],"wp:term":[{"taxonomy":"category","embeddable":true,"href":"https:\/\/franciscanos.org.br\/noticias\/wp-json\/wp\/v2\/categories?post=238298"},{"taxonomy":"post_tag","embeddable":true,"href":"https:\/\/franciscanos.org.br\/noticias\/wp-json\/wp\/v2\/tags?post=238298"}],"curies":[{"name":"wp","href":"https:\/\/api.w.org\/{rel}","templated":true}]}}