{"id":238292,"date":"2022-06-05T06:00:23","date_gmt":"2022-06-05T09:00:23","guid":{"rendered":"https:\/\/franciscanos.org.br\/noticias\/?p=238292"},"modified":"2022-06-06T06:01:47","modified_gmt":"2022-06-06T09:01:47","slug":"9-dia-da-novena-de-pentecostes-espirito-santo-1-dom-da-ressurreicao-de-jesus","status":"publish","type":"post","link":"https:\/\/franciscanos.org.br\/noticias\/9-dia-da-novena-de-pentecostes-espirito-santo-1-dom-da-ressurreicao-de-jesus.html","title":{"rendered":"9\u00b0 Dia da Novena de Pentecostes: \u201cEsp\u00edrito Santo: 1\u00b0 Dom da Ressurrei\u00e7\u00e3o de Jesus\u201d"},"content":{"rendered":"<p><img loading=\"lazy\" class=\"alignnone size-full wp-image-238293\" src=\"https:\/\/franciscanos.org.br\/noticias\/wp-content\/uploads\/2022\/06\/novena_05.jpg\" alt=\"\" width=\"1536\" height=\"1152\" srcset=\"https:\/\/franciscanos.org.br\/noticias\/wp-content\/uploads\/2022\/06\/novena_05.jpg 1440w, https:\/\/franciscanos.org.br\/noticias\/wp-content\/uploads\/2022\/06\/novena_05-450x338.jpg 450w, https:\/\/franciscanos.org.br\/noticias\/wp-content\/uploads\/2022\/06\/novena_05-1024x768.jpg 1024w, https:\/\/franciscanos.org.br\/noticias\/wp-content\/uploads\/2022\/06\/novena_05-768x576.jpg 768w, https:\/\/franciscanos.org.br\/noticias\/wp-content\/uploads\/2022\/06\/novena_05-150x113.jpg 150w, https:\/\/franciscanos.org.br\/noticias\/wp-content\/uploads\/2022\/06\/novena_05-600x450.jpg 600w\" sizes=\"(max-width: 1536px) 100vw, 1536px\" \/><\/p>\n<p>Vila Velha (ES) &#8211; Na caminhada em prepara\u00e7\u00e3o para a grande Solenidade do Esp\u00edrito Santo, a comunidade do Santu\u00e1rio do Divino Esp\u00edrito Santo de Vila Velha celebrou o nono dia da Novena de Pentecostes! No dia 04 de junho (s\u00e1bado), diversas pessoas, se reunimaram para celebrar tamanha gra\u00e7a. Al\u00e9m do fim da Novena, o que fez o fogo do Esp\u00edrito Santo se fazer presente, nos cora\u00e7\u00f5es dos canelas verde, fora o Sacramento do Crisma de 44 adultos da Par\u00f3quia do Ros\u00e1rio. Data mais prop\u00edcia para este momento, n\u00e3o poderia existir!<\/p>\n<p>A Santa Missa, presidida pelo P\u00e1roco Frei Vanderlei Neves, contou com a concelebra\u00e7\u00e3o de Frei Adriano, Frei Clar\u00eancio (respons\u00e1vel e entusiasta da Catequese de Adultos) e Frei Leandro Costa, que mora no Santu\u00e1rio Frei Galv\u00e3o em Guaratinguet\u00e1 \u2013 SP. Na assembleia estavam os 44 crismandos e seus padrinhos, a comunidade local, visitantes, incluindo o Governador Capixaba, Renato Casagrande.<\/p>\n<p>Em sua homilia, o p\u00e1roco lembrou que Jesus \u00e9 morto, ressuscita e sobe aos seus, n\u00e3o deixa seus filhos \u00f3rf\u00e3os de jeito nenhum. Por isso ele manda o Esp\u00edrito Santo, nosso advogado e defensor, que anima e encoraja, se n\u00e3o fosse ele nem ter\u00edamos f\u00e9!<\/p>\n<p>\u201cO Esp\u00edrito Santo nos faz perceber que devemos partilhar os dons com as outras pessoas. Que somos um canal com a gra\u00e7a de Deus. Olhando a Igreja aqui fica muito bonito, temos os idosos com toda a sua sabedoria, que faculdade nenhuma fornece, \u00e9 uma sabedoria de quem liga com o tempo. Os jovens com toda a sua vitalidade, a vontade de fazer a diferen\u00e7a, de ter uma experi\u00eancia profunda com Deus, de que ele possa direcionar no caminho do bem. A miss\u00e3o de voc\u00eas jovem, e de voc\u00eas que receberam hoje o Sacramento do Crisma, voc\u00eas ser\u00e3o instrumentos de Deus e da sua mensagem. As crian\u00e7as com a sua docilidade, o seu jeito simples, nos encantam, por isso Cristo queria estar perto delas. Todo mundo \u00e9 importante para Deus, eu sou importante para o mist\u00e9rio da salva\u00e7\u00e3o.\u201d<\/p>\n<p>No Sacramento que voc\u00eas v\u00e3o receber hoje, podemos destacar o Temor de Deus. N\u00e3o tocamos em Deus, n\u00e3o vemos Ele, mas o sentimos. O Esp\u00edrito Santo, vem de forma sutil\u2026 A nossa f\u00e9 \u00e9 uma planta fr\u00e1gil, que precisa ser cuidada, ela pode ser machucada, pisoteada e isso n\u00e3o queremos.<\/p>\n<p>Temos tamb\u00e9m o dom da sabedoria. O dom da sabedoria nos ajuda a dizer a Palavra certa, na hora certa, no jeito certo. As palavras n\u00e3o se invertem, elas podem atingir os cora\u00e7\u00f5es de forma positiva, ou levar o pr\u00f3ximo a uma profunda tristeza\u2026 E a isso est\u00e1 associado o dom do Entendimento e da Ci\u00eancia. De saber discernir.<\/p>\n<p>O dom da Piedade \u00e9 o desejo de sempre ter Jesus em nossas vidas. Tudo o que fazemos devemos agradecer e pedir a Deus, por todos os benef\u00edcios.<\/p>\n<p>Por fim ele incentivou a todos: devemos abrir os nossos cora\u00e7\u00f5es para ouvir a Deus, estando em comunidade, um ajuda o outra a ter uma comunh\u00e3o mais profunda com Deus e com certeza ele vai nos ouvir!<\/p>\n<p>Logo ap\u00f3s a missa, aconteceu a Festa com barracas, divers\u00e3o e m\u00fasica ap\u00f3s dois anos sem poder reunir os fi\u00e9is.<\/p>\n<hr \/>\n<p><em>Pascom da Par\u00f3quia do Ros\u00e1rio<\/em><\/p>\n","protected":false},"excerpt":{"rendered":"<p>Novena de Pentecostes<\/p>\n","protected":false},"author":3,"featured_media":238293,"comment_status":"open","ping_status":"open","sticky":false,"template":"","format":"standard","meta":[],"categories":[1],"tags":[1180],"acf":[],"yoast_head":"<!-- This site is optimized with the Yoast SEO plugin v19.2 - https:\/\/yoast.com\/wordpress\/plugins\/seo\/ -->\n<title>9\u00b0 Dia da Novena de Pentecostes: \u201cEsp\u00edrito Santo: 1\u00b0 Dom da Ressurrei\u00e7\u00e3o de Jesus\u201d - Not\u00edcias - Franciscanos<\/title>\n<meta name=\"robots\" content=\"index, follow, max-snippet:-1, max-image-preview:large, max-video-preview:-1\" \/>\n<link rel=\"canonical\" href=\"https:\/\/franciscanos.org.br\/noticias\/9-dia-da-novena-de-pentecostes-espirito-santo-1-dom-da-ressurreicao-de-jesus.html\" \/>\n<meta property=\"og:locale\" content=\"pt_BR\" \/>\n<meta property=\"og:type\" content=\"article\" \/>\n<meta property=\"og:title\" content=\"9\u00b0 Dia da Novena de Pentecostes: \u201cEsp\u00edrito Santo: 1\u00b0 Dom da Ressurrei\u00e7\u00e3o de Jesus\u201d - Not\u00edcias - Franciscanos\" \/>\n<meta property=\"og:description\" content=\"Novena de Pentecostes\" \/>\n<meta property=\"og:url\" content=\"https:\/\/franciscanos.org.br\/noticias\/9-dia-da-novena-de-pentecostes-espirito-santo-1-dom-da-ressurreicao-de-jesus.html\" \/>\n<meta property=\"og:site_name\" content=\"Not\u00edcias - Franciscanos\" \/>\n<meta property=\"article:published_time\" content=\"2022-06-05T09:00:23+00:00\" \/>\n<meta property=\"article:modified_time\" content=\"2022-06-06T09:01:47+00:00\" \/>\n<meta property=\"og:image\" content=\"https:\/\/franciscanos.org.br\/noticias\/wp-content\/uploads\/2022\/06\/novena_05.jpg\" \/>\n\t<meta property=\"og:image:width\" content=\"1440\" \/>\n\t<meta property=\"og:image:height\" content=\"1080\" \/>\n\t<meta property=\"og:image:type\" content=\"image\/jpeg\" \/>\n<meta name=\"author\" content=\"moacir\" \/>\n<meta name=\"twitter:card\" content=\"summary_large_image\" \/>\n<meta name=\"twitter:label1\" content=\"Escrito por\" \/>\n\t<meta name=\"twitter:data1\" content=\"moacir\" \/>\n\t<meta name=\"twitter:label2\" content=\"Est. tempo de leitura\" \/>\n\t<meta name=\"twitter:data2\" content=\"3 minutos\" \/>\n<script type=\"application\/ld+json\" class=\"yoast-schema-graph\">{\"@context\":\"https:\/\/schema.org\",\"@graph\":[{\"@type\":\"WebSite\",\"@id\":\"https:\/\/franciscanos.org.br\/noticias\/#website\",\"url\":\"https:\/\/franciscanos.org.br\/noticias\/\",\"name\":\"Not\u00edcias - Franciscanos\",\"description\":\"Prov\u00edncia Franciscana da Imaculada Concei\u00e7\u00e3o do Brasil - Ordem dos Frades Menores - OFM\",\"potentialAction\":[{\"@type\":\"SearchAction\",\"target\":{\"@type\":\"EntryPoint\",\"urlTemplate\":\"https:\/\/franciscanos.org.br\/noticias\/?s={search_term_string}\"},\"query-input\":\"required name=search_term_string\"}],\"inLanguage\":\"pt-BR\"},{\"@type\":\"ImageObject\",\"inLanguage\":\"pt-BR\",\"@id\":\"https:\/\/franciscanos.org.br\/noticias\/9-dia-da-novena-de-pentecostes-espirito-santo-1-dom-da-ressurreicao-de-jesus.html#primaryimage\",\"url\":\"https:\/\/franciscanos.org.br\/noticias\/wp-content\/uploads\/2022\/06\/novena_05.jpg\",\"contentUrl\":\"https:\/\/franciscanos.org.br\/noticias\/wp-content\/uploads\/2022\/06\/novena_05.jpg\",\"width\":1440,\"height\":1080},{\"@type\":\"WebPage\",\"@id\":\"https:\/\/franciscanos.org.br\/noticias\/9-dia-da-novena-de-pentecostes-espirito-santo-1-dom-da-ressurreicao-de-jesus.html#webpage\",\"url\":\"https:\/\/franciscanos.org.br\/noticias\/9-dia-da-novena-de-pentecostes-espirito-santo-1-dom-da-ressurreicao-de-jesus.html\",\"name\":\"9\u00b0 Dia da Novena de Pentecostes: \u201cEsp\u00edrito Santo: 1\u00b0 Dom da Ressurrei\u00e7\u00e3o de Jesus\u201d - Not\u00edcias - Franciscanos\",\"isPartOf\":{\"@id\":\"https:\/\/franciscanos.org.br\/noticias\/#website\"},\"primaryImageOfPage\":{\"@id\":\"https:\/\/franciscanos.org.br\/noticias\/9-dia-da-novena-de-pentecostes-espirito-santo-1-dom-da-ressurreicao-de-jesus.html#primaryimage\"},\"datePublished\":\"2022-06-05T09:00:23+00:00\",\"dateModified\":\"2022-06-06T09:01:47+00:00\",\"author\":{\"@id\":\"https:\/\/franciscanos.org.br\/noticias\/#\/schema\/person\/b5c8cba458c330ccff548b056e95a5d4\"},\"breadcrumb\":{\"@id\":\"https:\/\/franciscanos.org.br\/noticias\/9-dia-da-novena-de-pentecostes-espirito-santo-1-dom-da-ressurreicao-de-jesus.html#breadcrumb\"},\"inLanguage\":\"pt-BR\",\"potentialAction\":[{\"@type\":\"ReadAction\",\"target\":[\"https:\/\/franciscanos.org.br\/noticias\/9-dia-da-novena-de-pentecostes-espirito-santo-1-dom-da-ressurreicao-de-jesus.html\"]}]},{\"@type\":\"BreadcrumbList\",\"@id\":\"https:\/\/franciscanos.org.br\/noticias\/9-dia-da-novena-de-pentecostes-espirito-santo-1-dom-da-ressurreicao-de-jesus.html#breadcrumb\",\"itemListElement\":[{\"@type\":\"ListItem\",\"position\":1,\"name\":\"Home\",\"item\":\"https:\/\/franciscanos.org.br\/noticias\"},{\"@type\":\"ListItem\",\"position\":2,\"name\":\"9\u00b0 Dia da Novena de Pentecostes: \u201cEsp\u00edrito Santo: 1\u00b0 Dom da Ressurrei\u00e7\u00e3o de Jesus\u201d\"}]},{\"@type\":\"Person\",\"@id\":\"https:\/\/franciscanos.org.br\/noticias\/#\/schema\/person\/b5c8cba458c330ccff548b056e95a5d4\",\"name\":\"moacir\",\"image\":{\"@type\":\"ImageObject\",\"inLanguage\":\"pt-BR\",\"@id\":\"https:\/\/franciscanos.org.br\/noticias\/#\/schema\/person\/image\/\",\"url\":\"https:\/\/secure.gravatar.com\/avatar\/d08aa2ce4c8dd416d4479aa8536fcf64?s=96&d=mm&r=g\",\"contentUrl\":\"https:\/\/secure.gravatar.com\/avatar\/d08aa2ce4c8dd416d4479aa8536fcf64?s=96&d=mm&r=g\",\"caption\":\"moacir\"},\"url\":\"https:\/\/franciscanos.org.br\/noticias\/author\/moacir\"}]}<\/script>\n<!-- \/ Yoast SEO plugin. -->","yoast_head_json":{"title":"9\u00b0 Dia da Novena de Pentecostes: \u201cEsp\u00edrito Santo: 1\u00b0 Dom da Ressurrei\u00e7\u00e3o de Jesus\u201d - Not\u00edcias - Franciscanos","robots":{"index":"index","follow":"follow","max-snippet":"max-snippet:-1","max-image-preview":"max-image-preview:large","max-video-preview":"max-video-preview:-1"},"canonical":"https:\/\/franciscanos.org.br\/noticias\/9-dia-da-novena-de-pentecostes-espirito-santo-1-dom-da-ressurreicao-de-jesus.html","og_locale":"pt_BR","og_type":"article","og_title":"9\u00b0 Dia da Novena de Pentecostes: \u201cEsp\u00edrito Santo: 1\u00b0 Dom da Ressurrei\u00e7\u00e3o de Jesus\u201d - Not\u00edcias - Franciscanos","og_description":"Novena de Pentecostes","og_url":"https:\/\/franciscanos.org.br\/noticias\/9-dia-da-novena-de-pentecostes-espirito-santo-1-dom-da-ressurreicao-de-jesus.html","og_site_name":"Not\u00edcias - Franciscanos","article_published_time":"2022-06-05T09:00:23+00:00","article_modified_time":"2022-06-06T09:01:47+00:00","og_image":[{"width":1440,"height":1080,"url":"https:\/\/franciscanos.org.br\/noticias\/wp-content\/uploads\/2022\/06\/novena_05.jpg","type":"image\/jpeg"}],"author":"moacir","twitter_card":"summary_large_image","twitter_misc":{"Escrito por":"moacir","Est. tempo de leitura":"3 minutos"},"schema":{"@context":"https:\/\/schema.org","@graph":[{"@type":"WebSite","@id":"https:\/\/franciscanos.org.br\/noticias\/#website","url":"https:\/\/franciscanos.org.br\/noticias\/","name":"Not\u00edcias - Franciscanos","description":"Prov\u00edncia Franciscana da Imaculada Concei\u00e7\u00e3o do Brasil - Ordem dos Frades Menores - OFM","potentialAction":[{"@type":"SearchAction","target":{"@type":"EntryPoint","urlTemplate":"https:\/\/franciscanos.org.br\/noticias\/?s={search_term_string}"},"query-input":"required name=search_term_string"}],"inLanguage":"pt-BR"},{"@type":"ImageObject","inLanguage":"pt-BR","@id":"https:\/\/franciscanos.org.br\/noticias\/9-dia-da-novena-de-pentecostes-espirito-santo-1-dom-da-ressurreicao-de-jesus.html#primaryimage","url":"https:\/\/franciscanos.org.br\/noticias\/wp-content\/uploads\/2022\/06\/novena_05.jpg","contentUrl":"https:\/\/franciscanos.org.br\/noticias\/wp-content\/uploads\/2022\/06\/novena_05.jpg","width":1440,"height":1080},{"@type":"WebPage","@id":"https:\/\/franciscanos.org.br\/noticias\/9-dia-da-novena-de-pentecostes-espirito-santo-1-dom-da-ressurreicao-de-jesus.html#webpage","url":"https:\/\/franciscanos.org.br\/noticias\/9-dia-da-novena-de-pentecostes-espirito-santo-1-dom-da-ressurreicao-de-jesus.html","name":"9\u00b0 Dia da Novena de Pentecostes: \u201cEsp\u00edrito Santo: 1\u00b0 Dom da Ressurrei\u00e7\u00e3o de Jesus\u201d - Not\u00edcias - Franciscanos","isPartOf":{"@id":"https:\/\/franciscanos.org.br\/noticias\/#website"},"primaryImageOfPage":{"@id":"https:\/\/franciscanos.org.br\/noticias\/9-dia-da-novena-de-pentecostes-espirito-santo-1-dom-da-ressurreicao-de-jesus.html#primaryimage"},"datePublished":"2022-06-05T09:00:23+00:00","dateModified":"2022-06-06T09:01:47+00:00","author":{"@id":"https:\/\/franciscanos.org.br\/noticias\/#\/schema\/person\/b5c8cba458c330ccff548b056e95a5d4"},"breadcrumb":{"@id":"https:\/\/franciscanos.org.br\/noticias\/9-dia-da-novena-de-pentecostes-espirito-santo-1-dom-da-ressurreicao-de-jesus.html#breadcrumb"},"inLanguage":"pt-BR","potentialAction":[{"@type":"ReadAction","target":["https:\/\/franciscanos.org.br\/noticias\/9-dia-da-novena-de-pentecostes-espirito-santo-1-dom-da-ressurreicao-de-jesus.html"]}]},{"@type":"BreadcrumbList","@id":"https:\/\/franciscanos.org.br\/noticias\/9-dia-da-novena-de-pentecostes-espirito-santo-1-dom-da-ressurreicao-de-jesus.html#breadcrumb","itemListElement":[{"@type":"ListItem","position":1,"name":"Home","item":"https:\/\/franciscanos.org.br\/noticias"},{"@type":"ListItem","position":2,"name":"9\u00b0 Dia da Novena de Pentecostes: \u201cEsp\u00edrito Santo: 1\u00b0 Dom da Ressurrei\u00e7\u00e3o de Jesus\u201d"}]},{"@type":"Person","@id":"https:\/\/franciscanos.org.br\/noticias\/#\/schema\/person\/b5c8cba458c330ccff548b056e95a5d4","name":"moacir","image":{"@type":"ImageObject","inLanguage":"pt-BR","@id":"https:\/\/franciscanos.org.br\/noticias\/#\/schema\/person\/image\/","url":"https:\/\/secure.gravatar.com\/avatar\/d08aa2ce4c8dd416d4479aa8536fcf64?s=96&d=mm&r=g","contentUrl":"https:\/\/secure.gravatar.com\/avatar\/d08aa2ce4c8dd416d4479aa8536fcf64?s=96&d=mm&r=g","caption":"moacir"},"url":"https:\/\/franciscanos.org.br\/noticias\/author\/moacir"}]}},"_links":{"self":[{"href":"https:\/\/franciscanos.org.br\/noticias\/wp-json\/wp\/v2\/posts\/238292"}],"collection":[{"href":"https:\/\/franciscanos.org.br\/noticias\/wp-json\/wp\/v2\/posts"}],"about":[{"href":"https:\/\/franciscanos.org.br\/noticias\/wp-json\/wp\/v2\/types\/post"}],"author":[{"embeddable":true,"href":"https:\/\/franciscanos.org.br\/noticias\/wp-json\/wp\/v2\/users\/3"}],"replies":[{"embeddable":true,"href":"https:\/\/franciscanos.org.br\/noticias\/wp-json\/wp\/v2\/comments?post=238292"}],"version-history":[{"count":1,"href":"https:\/\/franciscanos.org.br\/noticias\/wp-json\/wp\/v2\/posts\/238292\/revisions"}],"predecessor-version":[{"id":238294,"href":"https:\/\/franciscanos.org.br\/noticias\/wp-json\/wp\/v2\/posts\/238292\/revisions\/238294"}],"wp:featuredmedia":[{"embeddable":true,"href":"https:\/\/franciscanos.org.br\/noticias\/wp-json\/wp\/v2\/media\/238293"}],"wp:attachment":[{"href":"https:\/\/franciscanos.org.br\/noticias\/wp-json\/wp\/v2\/media?parent=238292"}],"wp:term":[{"taxonomy":"category","embeddable":true,"href":"https:\/\/franciscanos.org.br\/noticias\/wp-json\/wp\/v2\/categories?post=238292"},{"taxonomy":"post_tag","embeddable":true,"href":"https:\/\/franciscanos.org.br\/noticias\/wp-json\/wp\/v2\/tags?post=238292"}],"curies":[{"name":"wp","href":"https:\/\/api.w.org\/{rel}","templated":true}]}}