{"id":238274,"date":"2022-06-05T19:58:01","date_gmt":"2022-06-05T22:58:01","guid":{"rendered":"https:\/\/franciscanos.org.br\/noticias\/?p=238274"},"modified":"2022-06-05T20:31:47","modified_gmt":"2022-06-05T23:31:47","slug":"bela-prece-agradavel-a-deus-a-primeira-missa-de-frei-alan","status":"publish","type":"post","link":"https:\/\/franciscanos.org.br\/noticias\/bela-prece-agradavel-a-deus-a-primeira-missa-de-frei-alan.html","title":{"rendered":"Bela prece agrad\u00e1vel a Deus: a Primeira Missa de Frei Alan"},"content":{"rendered":"<p><img loading=\"lazy\" class=\"alignnone size-full wp-image-238275\" src=\"https:\/\/franciscanos.org.br\/noticias\/wp-content\/uploads\/2022\/06\/missa_05_22.jpg\" alt=\"\" width=\"1244\" height=\"700\" srcset=\"https:\/\/franciscanos.org.br\/noticias\/wp-content\/uploads\/2022\/06\/missa_05_22.jpg 1244w, https:\/\/franciscanos.org.br\/noticias\/wp-content\/uploads\/2022\/06\/missa_05_22-450x253.jpg 450w, https:\/\/franciscanos.org.br\/noticias\/wp-content\/uploads\/2022\/06\/missa_05_22-1024x576.jpg 1024w, https:\/\/franciscanos.org.br\/noticias\/wp-content\/uploads\/2022\/06\/missa_05_22-768x432.jpg 768w, https:\/\/franciscanos.org.br\/noticias\/wp-content\/uploads\/2022\/06\/missa_05_22-150x84.jpg 150w\" sizes=\"(max-width: 1244px) 100vw, 1244px\" \/><br \/>\n<strong>Petr\u00f3polis (RJ) &#8211;<\/strong> O Domingo de Pentecostes (05\/06) de 2022 ficar\u00e1 marcado para a hist\u00f3ria da Par\u00f3quia S\u00e3o Judas Tadeu, no bairro Mosela, em Petr\u00f3polis (RJ). A simb\u00f3lica e solene liturgia proposta para este dia ganhou um sentido ainda mais especial: a \u201cprimeira missa\u201d ou primeira presid\u00eancia de uma Celebra\u00e7\u00e3o Eucar\u00edstica realizada por Frei Alan Leal de Mattos, ordenado presb\u00edtero no dia anterior (04\/06) na Catedral S\u00e3o Pedro de Alc\u00e2ntara da referida cidade.<\/p>\n<p>A Celebra\u00e7\u00e3o Eucar\u00edstica foi preparada com muito carinho, desde os cantos at\u00e9 a ornamenta\u00e7\u00e3o. Al\u00e9m disso, o outono petropolitano tamb\u00e9m brindou os participantes com um clima ameno e agrad\u00e1vel, de c\u00e9u azul, deixando a manh\u00e3 de domingo ainda mais envolvente. Por isso, com esta atmosfera, o p\u00e1roco da referida par\u00f3quia, padre Lucas Thadeu da Silva, acolheu a todos ao in\u00edcio da celebra\u00e7\u00e3o afirmando que \u201c\u00e9 com muita alegria que n\u00f3s acolhemos o Frei Alan, filho desta comunidade de f\u00e9, filho de nossa par\u00f3quia. Ele que aqui foi batizado, celebrou tantas vezes a Eucaristia com a comunidade participando ativamente, aqui dando os primeiros passos na f\u00e9, hoje retorna para que neste mesmo altar presida a Eucaristia. Queremos tamb\u00e9m acolher todos os irm\u00e3os franciscanos na pessoa de Frei Paulo Roberto Pereira, ministro provincial. A nossa par\u00f3quia tem uma hist\u00f3ria franciscana, e por isso, para n\u00f3s, receb\u00ea-los \u00e9 motivo de grande alegria. Por isso celebremos este dia de Pentecostes e elevemos a Deus uma prece agrad\u00e1vel por tudo aquilo que Ele faz em nossas vidas\u201d.<\/p>\n<p><img loading=\"lazy\" class=\"alignnone size-full wp-image-238276\" src=\"https:\/\/franciscanos.org.br\/noticias\/wp-content\/uploads\/2022\/06\/missa_05_3.jpg\" alt=\"\" width=\"1244\" height=\"829\" srcset=\"https:\/\/franciscanos.org.br\/noticias\/wp-content\/uploads\/2022\/06\/missa_05_3.jpg 1244w, https:\/\/franciscanos.org.br\/noticias\/wp-content\/uploads\/2022\/06\/missa_05_3-450x300.jpg 450w, https:\/\/franciscanos.org.br\/noticias\/wp-content\/uploads\/2022\/06\/missa_05_3-1024x682.jpg 1024w, https:\/\/franciscanos.org.br\/noticias\/wp-content\/uploads\/2022\/06\/missa_05_3-768x512.jpg 768w, https:\/\/franciscanos.org.br\/noticias\/wp-content\/uploads\/2022\/06\/missa_05_3-150x100.jpg 150w\" sizes=\"(max-width: 1244px) 100vw, 1244px\" \/><\/p>\n<p>Ap\u00f3s a Proclama\u00e7\u00e3o do Evangelho, Frei Je\u00e2 Paulo Andrade, do Servi\u00e7o de Anima\u00e7\u00e3o Vocacional da Prov\u00edncia Franciscana, lembrou a todos um costume: \u201cNa primeira missa de um frade rec\u00e9m-ordenado presb\u00edtero, ele convida um outro padre para fazer a homilia. Frei Alan escolheu padre Lu\u00eds Garcia Melo, primeiro p\u00e1roco desta par\u00f3quia\u201d.<\/p>\n<p>Padre Lu\u00eds fez uma homilia simples e profunda, cativando a todos, pois com sua experi\u00eancia partilhou com Frei Alan conselhos e reflex\u00f5es sobre o presbiterado. Ele iniciou lembrando o Salmo 42, vers\u00edculo 4: \u201cSubirei ao altar de Deus, de Deus que alegra a minha juventude!\u201d. Com esta frase brincou que ele mesmo j\u00e1 n\u00e3o est\u00e1 t\u00e3o jovem, mas que aquele que serve a Deus permanece sempre jovem, uma vez que est\u00e1 oferecendo o melhor de si ao Senhor. E, a partir dessa proposta, lembrou a frase do escritor tcheco Franz Kafka: \u201cQuem mant\u00e9m a capacidade de ver a beleza, nunca envelhece\u201d.<\/p>\n<p><img loading=\"lazy\" class=\"alignnone size-full wp-image-238277\" src=\"https:\/\/franciscanos.org.br\/noticias\/wp-content\/uploads\/2022\/06\/missa_05_7.jpg\" alt=\"\" width=\"1244\" height=\"829\" srcset=\"https:\/\/franciscanos.org.br\/noticias\/wp-content\/uploads\/2022\/06\/missa_05_7.jpg 1244w, https:\/\/franciscanos.org.br\/noticias\/wp-content\/uploads\/2022\/06\/missa_05_7-450x300.jpg 450w, https:\/\/franciscanos.org.br\/noticias\/wp-content\/uploads\/2022\/06\/missa_05_7-1024x682.jpg 1024w, https:\/\/franciscanos.org.br\/noticias\/wp-content\/uploads\/2022\/06\/missa_05_7-768x512.jpg 768w, https:\/\/franciscanos.org.br\/noticias\/wp-content\/uploads\/2022\/06\/missa_05_7-150x100.jpg 150w\" sizes=\"(max-width: 1244px) 100vw, 1244px\" \/><\/p>\n<p><img loading=\"lazy\" class=\"alignnone size-full wp-image-238278\" src=\"https:\/\/franciscanos.org.br\/noticias\/wp-content\/uploads\/2022\/06\/missa_05_8.jpg\" alt=\"\" width=\"1244\" height=\"829\" srcset=\"https:\/\/franciscanos.org.br\/noticias\/wp-content\/uploads\/2022\/06\/missa_05_8.jpg 1244w, https:\/\/franciscanos.org.br\/noticias\/wp-content\/uploads\/2022\/06\/missa_05_8-450x300.jpg 450w, https:\/\/franciscanos.org.br\/noticias\/wp-content\/uploads\/2022\/06\/missa_05_8-1024x682.jpg 1024w, https:\/\/franciscanos.org.br\/noticias\/wp-content\/uploads\/2022\/06\/missa_05_8-768x512.jpg 768w, https:\/\/franciscanos.org.br\/noticias\/wp-content\/uploads\/2022\/06\/missa_05_8-150x100.jpg 150w\" sizes=\"(max-width: 1244px) 100vw, 1244px\" \/><\/p>\n<p>Assim, como de um pai para um filho, o presb\u00edtero convidado para a homilia afirmou que Frei Alan precisa manter sempre em sua recorda\u00e7\u00e3o os dias fortes que viveu com a sua ordena\u00e7\u00e3o e primeira missa. \u201cSegure na lembran\u00e7a estes momentos de tanta beleza. Que al\u00e9m de guardar sua juventude, te amparar\u00e3o nos momentos de fraqueza. E por isso lembro uma frase de um franciscano capuchinho, Ign\u00e1cio Larrn\u00e3ga, que afirmou: \u2018Segure os momentos fortes, que os momentos fortes te segurar\u00e3o nos momentos de fraqueza\u2019. E esta \u00e9 a l\u00f3gica do amor, do prisioneiro pelo amor, daquele que se deixou seduzir e por isso n\u00e3o tenha medo, pois o Senhor que nos revestiu com seu Esp\u00edrito \u00e9 fiel: sempre estar\u00e1 conosco\u201d.<\/p>\n<p>Al\u00e9m disso, Padre Lu\u00eds afirmou que a Eucaristia \u00e9 o grande modelo de entrega: \u201cCorpo dado, sangue derramado. Quando permane\u00e7o com Ele e dou a minha vida unida \u00e0 D\u2019Ele, eu tamb\u00e9m sou corpo dado. E quando nos tornamos prisioneiros deste Amor, ouvimos de Jesus: j\u00e1 n\u00e3o vos chamo servos, chamo-vos amigos. Amigos que experimentam a verdadeira liberdade dos aut\u00eanticos Filhos de Deus, experimentando a eterna juventude\u201d.<\/p>\n<p><img loading=\"lazy\" class=\"alignnone size-full wp-image-238279\" src=\"https:\/\/franciscanos.org.br\/noticias\/wp-content\/uploads\/2022\/06\/missa_05_6.jpg\" alt=\"\" width=\"1132\" height=\"755\" srcset=\"https:\/\/franciscanos.org.br\/noticias\/wp-content\/uploads\/2022\/06\/missa_05_6.jpg 1132w, https:\/\/franciscanos.org.br\/noticias\/wp-content\/uploads\/2022\/06\/missa_05_6-450x300.jpg 450w, https:\/\/franciscanos.org.br\/noticias\/wp-content\/uploads\/2022\/06\/missa_05_6-1024x683.jpg 1024w, https:\/\/franciscanos.org.br\/noticias\/wp-content\/uploads\/2022\/06\/missa_05_6-768x512.jpg 768w, https:\/\/franciscanos.org.br\/noticias\/wp-content\/uploads\/2022\/06\/missa_05_6-150x100.jpg 150w\" sizes=\"(max-width: 1132px) 100vw, 1132px\" \/><\/p>\n<p>E como conselho a Frei Alan, Padre Lu\u00eds o convidou a nunca se afastar do amor experimentado no seu encontro com Jesus. E para demonstrar a import\u00e2ncia desta perseveran\u00e7a, ele contou uma hist\u00f3ria: \u201cUm m\u00fasico foi se apresentar num programa de calouros. Eu, que estava assistindo como leigo, achei que ele se apresentou belamente. Quando abriram a palavra aos jurados, um deles afirmou ao m\u00fasico: \u2018se voc\u00ea deixar de tocar um dia, voc\u00ea percebe a diferen\u00e7a. Se voc\u00ea deixar de tocar dois dias, os entendidos percebem. Se voc\u00ea deixar tr\u00eas dias, o p\u00fablico percebe\u2019. Frei Alan, n\u00e3o podemos deixar de viver um s\u00f3 dia sem esta oferta de amor ao Senhor, ao povo. Estar sempre afinado. Basta a cada dia seu cuidado. Cada dia ver este amor fluir em nosso cora\u00e7\u00e3o e em nossos l\u00e1bios, pela celebra\u00e7\u00e3o constante da Eucaristia\u201d.<\/p>\n<p>Ao final da homilia, ambos os presb\u00edteros se abra\u00e7aram num gesto de comunh\u00e3o fraterna enquanto a assembleia aplaudiu efusivamente esta bonita amizade que surgiu na f\u00e9. A celebra\u00e7\u00e3o continuou com os ritos de costume. Ap\u00f3s a comunh\u00e3o, Frei Neuri Francisco Reinisch, representando a Frente de Comunica\u00e7\u00e3o da Prov\u00edncia Franciscana e a Par\u00f3quia S\u00e3o Pedro Ap\u00f3stolo de Pato Branco (PR), fez sua homenagem a Frei Alan afirmando \u201cObrigado pelo seu sim, que Deus lhe aben\u00e7oe e ilumine. Estar participando deste momento importante para voc\u00ea \u00e9 uma grande alegria. Ele \u00e9 importante n\u00e3o s\u00f3 para voc\u00ea, mas para a comunidade, para onde voc\u00ea for\u201d. E o frade encerrou sua fala convidando um casal de paroquianos da par\u00f3quia do Sudoeste do Paran\u00e1 para entregar a frei Alan um presente.<\/p>\n<p><img loading=\"lazy\" class=\"alignnone size-full wp-image-238280\" src=\"https:\/\/franciscanos.org.br\/noticias\/wp-content\/uploads\/2022\/06\/missa_05_17.jpg\" alt=\"\" width=\"908\" height=\"791\" srcset=\"https:\/\/franciscanos.org.br\/noticias\/wp-content\/uploads\/2022\/06\/missa_05_17.jpg 908w, https:\/\/franciscanos.org.br\/noticias\/wp-content\/uploads\/2022\/06\/missa_05_17-450x392.jpg 450w, https:\/\/franciscanos.org.br\/noticias\/wp-content\/uploads\/2022\/06\/missa_05_17-768x669.jpg 768w, https:\/\/franciscanos.org.br\/noticias\/wp-content\/uploads\/2022\/06\/missa_05_17-150x131.jpg 150w\" sizes=\"(max-width: 908px) 100vw, 908px\" \/><\/p>\n<p>Em nome da Par\u00f3quia anfitri\u00e3 da celebra\u00e7\u00e3o, Solange Zimbrao, tamb\u00e9m proferiu algumas palavras a Frei Alan. Inicialmente ela recordou de forma breve a sua caminhada de f\u00e9. Em seguida, lembrou um trecho da homilia de cada dia do tr\u00edduo em prepara\u00e7\u00e3o para a Ordena\u00e7\u00e3o Presbiteral, fazendo a comunidade perceber que toda a caminhada feita foi um momento intenso de reflex\u00e3o e anima\u00e7\u00e3o. Por fim, afirmou: \u201cObrigada pelo seu sim, que a Virgem Sant\u00edssima, S\u00e3o Judas Tadeu e o Pai Francisco, como t\u00e3o carinhosamente voc\u00eas os chamam, intercedam por voc\u00ea. Evangelize com a pr\u00f3pria vida e, se preciso for, use palavras!\u201d. E encerrando sua homenagem, a comunidade entregou presentes a frei Alan.<\/p>\n<p>Findando e coroando as homenagens, Frei Paulo Roberto Pereira, emocionou a todos. Primeiramente provocou uma calorosa salva de palmas da Assembleia quando agradeceu aos irm\u00e3os e irm\u00e3s envolvidos em toda a prepara\u00e7\u00e3o da ordena\u00e7\u00e3o, miss\u00e3o e tr\u00edduo. \u201cA bondade do Senhor reservou para n\u00f3s celebrarmos Pentecostes com o dom da vida ministerial de Frei Alan e de toda a Igreja. Os dons do Esp\u00edrito Santo forjam a Igreja, enviam a Igreja em miss\u00e3o. Por isso quero agradecer aos mission\u00e1rios que nesta semana foram a Igreja enviada pelo Esp\u00edrito\u201d.<\/p>\n\n\t\t<style type=\"text\/css\">\n\t\t\t#gallery-1 {\n\t\t\t\tmargin: auto;\n\t\t\t}\n\t\t\t#gallery-1 .gallery-item {\n\t\t\t\tfloat: left;\n\t\t\t\tmargin-top: 10px;\n\t\t\t\ttext-align: center;\n\t\t\t\twidth: 16%;\n\t\t\t}\n\t\t\t#gallery-1 img {\n\t\t\t\tborder: 2px solid #cfcfcf;\n\t\t\t}\n\t\t\t#gallery-1 .gallery-caption {\n\t\t\t\tmargin-left: 0;\n\t\t\t}\n\t\t\t\/* see gallery_shortcode() in wp-includes\/media.php *\/\n\t\t<\/style>\n\t\t<div id='gallery-1' class='gallery galleryid-238274 gallery-columns-6 gallery-size-thumbnail'><dl class='gallery-item'>\n\t\t\t<dt class='gallery-icon landscape'>\n\t\t\t\t<a href='https:\/\/franciscanos.org.br\/noticias\/wp-content\/uploads\/2022\/06\/missa_05.jpg'><img width=\"300\" height=\"300\" src=\"https:\/\/franciscanos.org.br\/noticias\/wp-content\/uploads\/2022\/06\/missa_05-300x300.jpg\" class=\"attachment-thumbnail size-thumbnail\" alt=\"\" loading=\"lazy\" srcset=\"https:\/\/franciscanos.org.br\/noticias\/wp-content\/uploads\/2022\/06\/missa_05-300x300.jpg 300w, https:\/\/franciscanos.org.br\/noticias\/wp-content\/uploads\/2022\/06\/missa_05-100x100.jpg 100w\" sizes=\"(max-width: 300px) 100vw, 300px\" \/><\/a>\n\t\t\t<\/dt><\/dl><dl class='gallery-item'>\n\t\t\t<dt class='gallery-icon landscape'>\n\t\t\t\t<a href='https:\/\/franciscanos.org.br\/noticias\/wp-content\/uploads\/2022\/06\/missa_05_2.jpg'><img width=\"300\" height=\"300\" src=\"https:\/\/franciscanos.org.br\/noticias\/wp-content\/uploads\/2022\/06\/missa_05_2-300x300.jpg\" class=\"attachment-thumbnail size-thumbnail\" alt=\"\" loading=\"lazy\" srcset=\"https:\/\/franciscanos.org.br\/noticias\/wp-content\/uploads\/2022\/06\/missa_05_2-300x300.jpg 300w, https:\/\/franciscanos.org.br\/noticias\/wp-content\/uploads\/2022\/06\/missa_05_2-100x100.jpg 100w\" sizes=\"(max-width: 300px) 100vw, 300px\" \/><\/a>\n\t\t\t<\/dt><\/dl><dl class='gallery-item'>\n\t\t\t<dt class='gallery-icon landscape'>\n\t\t\t\t<a href='https:\/\/franciscanos.org.br\/noticias\/wp-content\/uploads\/2022\/06\/missa_05_9.jpg'><img width=\"300\" height=\"300\" src=\"https:\/\/franciscanos.org.br\/noticias\/wp-content\/uploads\/2022\/06\/missa_05_9-300x300.jpg\" class=\"attachment-thumbnail size-thumbnail\" alt=\"\" loading=\"lazy\" srcset=\"https:\/\/franciscanos.org.br\/noticias\/wp-content\/uploads\/2022\/06\/missa_05_9-300x300.jpg 300w, https:\/\/franciscanos.org.br\/noticias\/wp-content\/uploads\/2022\/06\/missa_05_9-100x100.jpg 100w\" sizes=\"(max-width: 300px) 100vw, 300px\" \/><\/a>\n\t\t\t<\/dt><\/dl><dl class='gallery-item'>\n\t\t\t<dt class='gallery-icon landscape'>\n\t\t\t\t<a href='https:\/\/franciscanos.org.br\/noticias\/wp-content\/uploads\/2022\/06\/missa_05_10.jpg'><img width=\"300\" height=\"300\" src=\"https:\/\/franciscanos.org.br\/noticias\/wp-content\/uploads\/2022\/06\/missa_05_10-300x300.jpg\" class=\"attachment-thumbnail size-thumbnail\" alt=\"\" loading=\"lazy\" srcset=\"https:\/\/franciscanos.org.br\/noticias\/wp-content\/uploads\/2022\/06\/missa_05_10-300x300.jpg 300w, https:\/\/franciscanos.org.br\/noticias\/wp-content\/uploads\/2022\/06\/missa_05_10-100x100.jpg 100w\" sizes=\"(max-width: 300px) 100vw, 300px\" \/><\/a>\n\t\t\t<\/dt><\/dl><dl class='gallery-item'>\n\t\t\t<dt class='gallery-icon landscape'>\n\t\t\t\t<a href='https:\/\/franciscanos.org.br\/noticias\/wp-content\/uploads\/2022\/06\/missa_05_11.jpg'><img width=\"300\" height=\"300\" src=\"https:\/\/franciscanos.org.br\/noticias\/wp-content\/uploads\/2022\/06\/missa_05_11-300x300.jpg\" class=\"attachment-thumbnail size-thumbnail\" alt=\"\" loading=\"lazy\" srcset=\"https:\/\/franciscanos.org.br\/noticias\/wp-content\/uploads\/2022\/06\/missa_05_11-300x300.jpg 300w, https:\/\/franciscanos.org.br\/noticias\/wp-content\/uploads\/2022\/06\/missa_05_11-100x100.jpg 100w\" sizes=\"(max-width: 300px) 100vw, 300px\" \/><\/a>\n\t\t\t<\/dt><\/dl><dl class='gallery-item'>\n\t\t\t<dt class='gallery-icon landscape'>\n\t\t\t\t<a href='https:\/\/franciscanos.org.br\/noticias\/wp-content\/uploads\/2022\/06\/missa_05_12.jpg'><img width=\"300\" height=\"300\" src=\"https:\/\/franciscanos.org.br\/noticias\/wp-content\/uploads\/2022\/06\/missa_05_12-300x300.jpg\" class=\"attachment-thumbnail size-thumbnail\" alt=\"\" loading=\"lazy\" srcset=\"https:\/\/franciscanos.org.br\/noticias\/wp-content\/uploads\/2022\/06\/missa_05_12-300x300.jpg 300w, https:\/\/franciscanos.org.br\/noticias\/wp-content\/uploads\/2022\/06\/missa_05_12-100x100.jpg 100w\" sizes=\"(max-width: 300px) 100vw, 300px\" \/><\/a>\n\t\t\t<\/dt><\/dl><br style=\"clear: both\" \/>\n\t\t<\/div>\n\n<p><em> \u00a0 \u00a0 (toque nas imagens para ampli\u00e1-las)<\/em><\/p>\n<p>E falando ao neo-presb\u00edtero, com voz embargada, recordou que \u201ca vida pessoal do Alan reservou para a ele a possibilidade de ter diversas m\u00e3es, e este jeito de ser maternal, cuidadoso, ele j\u00e1 est\u00e1 vivendo l\u00e1 em Curitibanos [a fraternidade onde o frade \u00e9 guardi\u00e3o, na serra catarinense]. Cuidando do Frei Pedro [Caron] j\u00e1 em idade avan\u00e7ada. E o Alan vai l\u00e1 onde ele est\u00e1. Leva o rem\u00e9dio, leva o Pedro para tomar caf\u00e9, coloca o Pedro na cama. E vai no dia seguinte acord\u00e1-lo dizendo: \u2018frei, est\u00e1 na hora!\u2019. Esse jeito maternal, cuidadoso, dever\u00e1 ser parte do seu presbiterado, do seu sacerd\u00f3cio, que \u00e9 a marca da Igreja: cuidar do mais fr\u00e1gil com jeito de m\u00e3e. Muito obrigado!\u201d.<\/p>\n<p><img loading=\"lazy\" class=\"alignnone size-full wp-image-238287\" src=\"https:\/\/franciscanos.org.br\/noticias\/wp-content\/uploads\/2022\/06\/missa_05_15.jpg\" alt=\"\" width=\"1130\" height=\"753\" srcset=\"https:\/\/franciscanos.org.br\/noticias\/wp-content\/uploads\/2022\/06\/missa_05_15.jpg 1130w, https:\/\/franciscanos.org.br\/noticias\/wp-content\/uploads\/2022\/06\/missa_05_15-450x300.jpg 450w, https:\/\/franciscanos.org.br\/noticias\/wp-content\/uploads\/2022\/06\/missa_05_15-1024x682.jpg 1024w, https:\/\/franciscanos.org.br\/noticias\/wp-content\/uploads\/2022\/06\/missa_05_15-768x512.jpg 768w, https:\/\/franciscanos.org.br\/noticias\/wp-content\/uploads\/2022\/06\/missa_05_15-150x100.jpg 150w\" sizes=\"(max-width: 1130px) 100vw, 1130px\" \/><\/p>\n<p><img loading=\"lazy\" class=\"alignnone size-full wp-image-238288\" src=\"https:\/\/franciscanos.org.br\/noticias\/wp-content\/uploads\/2022\/06\/missa_05_18.jpg\" alt=\"\" width=\"1244\" height=\"829\" srcset=\"https:\/\/franciscanos.org.br\/noticias\/wp-content\/uploads\/2022\/06\/missa_05_18.jpg 1244w, https:\/\/franciscanos.org.br\/noticias\/wp-content\/uploads\/2022\/06\/missa_05_18-450x300.jpg 450w, https:\/\/franciscanos.org.br\/noticias\/wp-content\/uploads\/2022\/06\/missa_05_18-1024x682.jpg 1024w, https:\/\/franciscanos.org.br\/noticias\/wp-content\/uploads\/2022\/06\/missa_05_18-768x512.jpg 768w, https:\/\/franciscanos.org.br\/noticias\/wp-content\/uploads\/2022\/06\/missa_05_18-150x100.jpg 150w\" sizes=\"(max-width: 1244px) 100vw, 1244px\" \/><\/p>\n<p>Ap\u00f3s a celebra\u00e7\u00e3o, Padre Lucas convidou a todos os presentes para um delicioso almo\u00e7o. Na confraterniza\u00e7\u00e3o n\u00e3o faltou alegria e sentimento de gratid\u00e3o pelos dias transcorridos de celebra\u00e7\u00f5es e miss\u00f5es.<\/p>\n<hr \/>\n<p><em>Frei Gabriel Dellandrea (texto) e\u00a0Frei Roger Strapazzon (fotos)<\/em><\/p>\n","protected":false},"excerpt":{"rendered":"<p>Prim\u00edcias de Frei Alan Leal de Mattos<\/p>\n","protected":false},"author":3,"featured_media":238275,"comment_status":"open","ping_status":"open","sticky":false,"template":"","format":"standard","meta":[],"categories":[1],"tags":[157],"acf":[],"yoast_head":"<!-- This site is optimized with the Yoast SEO plugin v19.2 - https:\/\/yoast.com\/wordpress\/plugins\/seo\/ -->\n<title>Bela prece agrad\u00e1vel a Deus: a Primeira Missa de Frei Alan - Not\u00edcias - Franciscanos<\/title>\n<meta name=\"robots\" content=\"index, follow, max-snippet:-1, max-image-preview:large, max-video-preview:-1\" \/>\n<link rel=\"canonical\" href=\"https:\/\/franciscanos.org.br\/noticias\/bela-prece-agradavel-a-deus-a-primeira-missa-de-frei-alan.html\" \/>\n<meta property=\"og:locale\" content=\"pt_BR\" \/>\n<meta property=\"og:type\" content=\"article\" \/>\n<meta property=\"og:title\" content=\"Bela prece agrad\u00e1vel a Deus: a Primeira Missa de Frei Alan - Not\u00edcias - Franciscanos\" \/>\n<meta property=\"og:description\" content=\"Prim\u00edcias de Frei Alan Leal de Mattos\" \/>\n<meta property=\"og:url\" content=\"https:\/\/franciscanos.org.br\/noticias\/bela-prece-agradavel-a-deus-a-primeira-missa-de-frei-alan.html\" \/>\n<meta property=\"og:site_name\" content=\"Not\u00edcias - Franciscanos\" \/>\n<meta property=\"article:published_time\" content=\"2022-06-05T22:58:01+00:00\" \/>\n<meta property=\"article:modified_time\" content=\"2022-06-05T23:31:47+00:00\" \/>\n<meta property=\"og:image\" content=\"https:\/\/franciscanos.org.br\/noticias\/wp-content\/uploads\/2022\/06\/missa_05_22.jpg\" \/>\n\t<meta property=\"og:image:width\" content=\"1244\" \/>\n\t<meta property=\"og:image:height\" content=\"700\" \/>\n\t<meta property=\"og:image:type\" content=\"image\/jpeg\" \/>\n<meta name=\"author\" content=\"moacir\" \/>\n<meta name=\"twitter:card\" content=\"summary_large_image\" \/>\n<meta name=\"twitter:label1\" content=\"Escrito por\" \/>\n\t<meta name=\"twitter:data1\" content=\"moacir\" \/>\n\t<meta name=\"twitter:label2\" content=\"Est. tempo de leitura\" \/>\n\t<meta name=\"twitter:data2\" content=\"7 minutos\" \/>\n<script type=\"application\/ld+json\" class=\"yoast-schema-graph\">{\"@context\":\"https:\/\/schema.org\",\"@graph\":[{\"@type\":\"WebSite\",\"@id\":\"https:\/\/franciscanos.org.br\/noticias\/#website\",\"url\":\"https:\/\/franciscanos.org.br\/noticias\/\",\"name\":\"Not\u00edcias - Franciscanos\",\"description\":\"Prov\u00edncia Franciscana da Imaculada Concei\u00e7\u00e3o do Brasil - Ordem dos Frades Menores - OFM\",\"potentialAction\":[{\"@type\":\"SearchAction\",\"target\":{\"@type\":\"EntryPoint\",\"urlTemplate\":\"https:\/\/franciscanos.org.br\/noticias\/?s={search_term_string}\"},\"query-input\":\"required name=search_term_string\"}],\"inLanguage\":\"pt-BR\"},{\"@type\":\"ImageObject\",\"inLanguage\":\"pt-BR\",\"@id\":\"https:\/\/franciscanos.org.br\/noticias\/bela-prece-agradavel-a-deus-a-primeira-missa-de-frei-alan.html#primaryimage\",\"url\":\"https:\/\/franciscanos.org.br\/noticias\/wp-content\/uploads\/2022\/06\/missa_05_22.jpg\",\"contentUrl\":\"https:\/\/franciscanos.org.br\/noticias\/wp-content\/uploads\/2022\/06\/missa_05_22.jpg\",\"width\":1244,\"height\":700},{\"@type\":\"WebPage\",\"@id\":\"https:\/\/franciscanos.org.br\/noticias\/bela-prece-agradavel-a-deus-a-primeira-missa-de-frei-alan.html#webpage\",\"url\":\"https:\/\/franciscanos.org.br\/noticias\/bela-prece-agradavel-a-deus-a-primeira-missa-de-frei-alan.html\",\"name\":\"Bela prece agrad\u00e1vel a Deus: a Primeira Missa de Frei Alan - Not\u00edcias - Franciscanos\",\"isPartOf\":{\"@id\":\"https:\/\/franciscanos.org.br\/noticias\/#website\"},\"primaryImageOfPage\":{\"@id\":\"https:\/\/franciscanos.org.br\/noticias\/bela-prece-agradavel-a-deus-a-primeira-missa-de-frei-alan.html#primaryimage\"},\"datePublished\":\"2022-06-05T22:58:01+00:00\",\"dateModified\":\"2022-06-05T23:31:47+00:00\",\"author\":{\"@id\":\"https:\/\/franciscanos.org.br\/noticias\/#\/schema\/person\/b5c8cba458c330ccff548b056e95a5d4\"},\"breadcrumb\":{\"@id\":\"https:\/\/franciscanos.org.br\/noticias\/bela-prece-agradavel-a-deus-a-primeira-missa-de-frei-alan.html#breadcrumb\"},\"inLanguage\":\"pt-BR\",\"potentialAction\":[{\"@type\":\"ReadAction\",\"target\":[\"https:\/\/franciscanos.org.br\/noticias\/bela-prece-agradavel-a-deus-a-primeira-missa-de-frei-alan.html\"]}]},{\"@type\":\"BreadcrumbList\",\"@id\":\"https:\/\/franciscanos.org.br\/noticias\/bela-prece-agradavel-a-deus-a-primeira-missa-de-frei-alan.html#breadcrumb\",\"itemListElement\":[{\"@type\":\"ListItem\",\"position\":1,\"name\":\"Home\",\"item\":\"https:\/\/franciscanos.org.br\/noticias\"},{\"@type\":\"ListItem\",\"position\":2,\"name\":\"Bela prece agrad\u00e1vel a Deus: a Primeira Missa de Frei Alan\"}]},{\"@type\":\"Person\",\"@id\":\"https:\/\/franciscanos.org.br\/noticias\/#\/schema\/person\/b5c8cba458c330ccff548b056e95a5d4\",\"name\":\"moacir\",\"image\":{\"@type\":\"ImageObject\",\"inLanguage\":\"pt-BR\",\"@id\":\"https:\/\/franciscanos.org.br\/noticias\/#\/schema\/person\/image\/\",\"url\":\"https:\/\/secure.gravatar.com\/avatar\/d08aa2ce4c8dd416d4479aa8536fcf64?s=96&d=mm&r=g\",\"contentUrl\":\"https:\/\/secure.gravatar.com\/avatar\/d08aa2ce4c8dd416d4479aa8536fcf64?s=96&d=mm&r=g\",\"caption\":\"moacir\"},\"url\":\"https:\/\/franciscanos.org.br\/noticias\/author\/moacir\"}]}<\/script>\n<!-- \/ Yoast SEO plugin. -->","yoast_head_json":{"title":"Bela prece agrad\u00e1vel a Deus: a Primeira Missa de Frei Alan - Not\u00edcias - Franciscanos","robots":{"index":"index","follow":"follow","max-snippet":"max-snippet:-1","max-image-preview":"max-image-preview:large","max-video-preview":"max-video-preview:-1"},"canonical":"https:\/\/franciscanos.org.br\/noticias\/bela-prece-agradavel-a-deus-a-primeira-missa-de-frei-alan.html","og_locale":"pt_BR","og_type":"article","og_title":"Bela prece agrad\u00e1vel a Deus: a Primeira Missa de Frei Alan - Not\u00edcias - Franciscanos","og_description":"Prim\u00edcias de Frei Alan Leal de Mattos","og_url":"https:\/\/franciscanos.org.br\/noticias\/bela-prece-agradavel-a-deus-a-primeira-missa-de-frei-alan.html","og_site_name":"Not\u00edcias - Franciscanos","article_published_time":"2022-06-05T22:58:01+00:00","article_modified_time":"2022-06-05T23:31:47+00:00","og_image":[{"width":1244,"height":700,"url":"https:\/\/franciscanos.org.br\/noticias\/wp-content\/uploads\/2022\/06\/missa_05_22.jpg","type":"image\/jpeg"}],"author":"moacir","twitter_card":"summary_large_image","twitter_misc":{"Escrito por":"moacir","Est. tempo de leitura":"7 minutos"},"schema":{"@context":"https:\/\/schema.org","@graph":[{"@type":"WebSite","@id":"https:\/\/franciscanos.org.br\/noticias\/#website","url":"https:\/\/franciscanos.org.br\/noticias\/","name":"Not\u00edcias - Franciscanos","description":"Prov\u00edncia Franciscana da Imaculada Concei\u00e7\u00e3o do Brasil - Ordem dos Frades Menores - OFM","potentialAction":[{"@type":"SearchAction","target":{"@type":"EntryPoint","urlTemplate":"https:\/\/franciscanos.org.br\/noticias\/?s={search_term_string}"},"query-input":"required name=search_term_string"}],"inLanguage":"pt-BR"},{"@type":"ImageObject","inLanguage":"pt-BR","@id":"https:\/\/franciscanos.org.br\/noticias\/bela-prece-agradavel-a-deus-a-primeira-missa-de-frei-alan.html#primaryimage","url":"https:\/\/franciscanos.org.br\/noticias\/wp-content\/uploads\/2022\/06\/missa_05_22.jpg","contentUrl":"https:\/\/franciscanos.org.br\/noticias\/wp-content\/uploads\/2022\/06\/missa_05_22.jpg","width":1244,"height":700},{"@type":"WebPage","@id":"https:\/\/franciscanos.org.br\/noticias\/bela-prece-agradavel-a-deus-a-primeira-missa-de-frei-alan.html#webpage","url":"https:\/\/franciscanos.org.br\/noticias\/bela-prece-agradavel-a-deus-a-primeira-missa-de-frei-alan.html","name":"Bela prece agrad\u00e1vel a Deus: a Primeira Missa de Frei Alan - Not\u00edcias - Franciscanos","isPartOf":{"@id":"https:\/\/franciscanos.org.br\/noticias\/#website"},"primaryImageOfPage":{"@id":"https:\/\/franciscanos.org.br\/noticias\/bela-prece-agradavel-a-deus-a-primeira-missa-de-frei-alan.html#primaryimage"},"datePublished":"2022-06-05T22:58:01+00:00","dateModified":"2022-06-05T23:31:47+00:00","author":{"@id":"https:\/\/franciscanos.org.br\/noticias\/#\/schema\/person\/b5c8cba458c330ccff548b056e95a5d4"},"breadcrumb":{"@id":"https:\/\/franciscanos.org.br\/noticias\/bela-prece-agradavel-a-deus-a-primeira-missa-de-frei-alan.html#breadcrumb"},"inLanguage":"pt-BR","potentialAction":[{"@type":"ReadAction","target":["https:\/\/franciscanos.org.br\/noticias\/bela-prece-agradavel-a-deus-a-primeira-missa-de-frei-alan.html"]}]},{"@type":"BreadcrumbList","@id":"https:\/\/franciscanos.org.br\/noticias\/bela-prece-agradavel-a-deus-a-primeira-missa-de-frei-alan.html#breadcrumb","itemListElement":[{"@type":"ListItem","position":1,"name":"Home","item":"https:\/\/franciscanos.org.br\/noticias"},{"@type":"ListItem","position":2,"name":"Bela prece agrad\u00e1vel a Deus: a Primeira Missa de Frei Alan"}]},{"@type":"Person","@id":"https:\/\/franciscanos.org.br\/noticias\/#\/schema\/person\/b5c8cba458c330ccff548b056e95a5d4","name":"moacir","image":{"@type":"ImageObject","inLanguage":"pt-BR","@id":"https:\/\/franciscanos.org.br\/noticias\/#\/schema\/person\/image\/","url":"https:\/\/secure.gravatar.com\/avatar\/d08aa2ce4c8dd416d4479aa8536fcf64?s=96&d=mm&r=g","contentUrl":"https:\/\/secure.gravatar.com\/avatar\/d08aa2ce4c8dd416d4479aa8536fcf64?s=96&d=mm&r=g","caption":"moacir"},"url":"https:\/\/franciscanos.org.br\/noticias\/author\/moacir"}]}},"_links":{"self":[{"href":"https:\/\/franciscanos.org.br\/noticias\/wp-json\/wp\/v2\/posts\/238274"}],"collection":[{"href":"https:\/\/franciscanos.org.br\/noticias\/wp-json\/wp\/v2\/posts"}],"about":[{"href":"https:\/\/franciscanos.org.br\/noticias\/wp-json\/wp\/v2\/types\/post"}],"author":[{"embeddable":true,"href":"https:\/\/franciscanos.org.br\/noticias\/wp-json\/wp\/v2\/users\/3"}],"replies":[{"embeddable":true,"href":"https:\/\/franciscanos.org.br\/noticias\/wp-json\/wp\/v2\/comments?post=238274"}],"version-history":[{"count":2,"href":"https:\/\/franciscanos.org.br\/noticias\/wp-json\/wp\/v2\/posts\/238274\/revisions"}],"predecessor-version":[{"id":238290,"href":"https:\/\/franciscanos.org.br\/noticias\/wp-json\/wp\/v2\/posts\/238274\/revisions\/238290"}],"wp:featuredmedia":[{"embeddable":true,"href":"https:\/\/franciscanos.org.br\/noticias\/wp-json\/wp\/v2\/media\/238275"}],"wp:attachment":[{"href":"https:\/\/franciscanos.org.br\/noticias\/wp-json\/wp\/v2\/media?parent=238274"}],"wp:term":[{"taxonomy":"category","embeddable":true,"href":"https:\/\/franciscanos.org.br\/noticias\/wp-json\/wp\/v2\/categories?post=238274"},{"taxonomy":"post_tag","embeddable":true,"href":"https:\/\/franciscanos.org.br\/noticias\/wp-json\/wp\/v2\/tags?post=238274"}],"curies":[{"name":"wp","href":"https:\/\/api.w.org\/{rel}","templated":true}]}}