{"id":238247,"date":"2022-06-05T06:03:29","date_gmt":"2022-06-05T09:03:29","guid":{"rendered":"https:\/\/franciscanos.org.br\/noticias\/?p=238247"},"modified":"2022-06-05T20:32:20","modified_gmt":"2022-06-05T23:32:20","slug":"um-dia-intenso-para-os-coralistas-dos-canarinhos-de-petropolis","status":"publish","type":"post","link":"https:\/\/franciscanos.org.br\/noticias\/um-dia-intenso-para-os-coralistas-dos-canarinhos-de-petropolis.html","title":{"rendered":"Um dia intenso para os coralistas dos Canarinhos de Petr\u00f3polis"},"content":{"rendered":"<p><img loading=\"lazy\" class=\"alignnone size-full wp-image-238248\" src=\"https:\/\/franciscanos.org.br\/noticias\/wp-content\/uploads\/2022\/06\/convento_04.jpg\" alt=\"\" width=\"1280\" height=\"720\" srcset=\"https:\/\/franciscanos.org.br\/noticias\/wp-content\/uploads\/2022\/06\/convento_04.jpg 1280w, https:\/\/franciscanos.org.br\/noticias\/wp-content\/uploads\/2022\/06\/convento_04-450x253.jpg 450w, https:\/\/franciscanos.org.br\/noticias\/wp-content\/uploads\/2022\/06\/convento_04-1024x576.jpg 1024w, https:\/\/franciscanos.org.br\/noticias\/wp-content\/uploads\/2022\/06\/convento_04-768x432.jpg 768w, https:\/\/franciscanos.org.br\/noticias\/wp-content\/uploads\/2022\/06\/convento_04-150x84.jpg 150w\" sizes=\"(max-width: 1280px) 100vw, 1280px\" \/><\/p>\n<p><b>Rio de Janeiro (RJ) \u2013<\/b><span style=\"font-weight: 400;\"> N\u00e3o h\u00e1 t\u00edtulo melhor que defina o dia deste s\u00e1bado (4\/06) para os coralistas dos Canarinhos de Petr\u00f3polis (RJ). Ao mesmo tempo que o coro de meninos cantores mais antigo do pa\u00eds abrilhantou a celebra\u00e7\u00e3o da Ordena\u00e7\u00e3o Presbiteral de Frei Alan Leal de Mattos, na Catedral S\u00e3o Pedro de Alc\u00e2ntara, em Petr\u00f3polis, o Coral das Meninas dos Canarinhos, diretamente do Convento Santo Ant\u00f4nio do Rio de Janeiro, marcou presen\u00e7a na Santa Missa que comemorou os 414 anos de Funda\u00e7\u00e3o do Convento dos frades franciscanos do Largo da Carioca.\u00a0<\/span><\/p>\n<p><span style=\"font-weight: 400;\">\u201cPodemos ter certeza de que, nestes 414 anos, n\u00e3o houve um dia sequer em que a intercess\u00e3o de Santo Ant\u00f4nio tivesse deixado de ser invocada por devotos que se espalham pelos quatro cantos desta Cidade Maravilhosa\u201d, disse o Guardi\u00e3o e Reitor do Convento Santo Ant\u00f4nio, Frei Walter Ferreira Junior, no coment\u00e1rio inicial da missa das 10h, presidida por Frei Jos\u00e9 Clemente M\u00fcller.<\/span><\/p>\n<p><img loading=\"lazy\" class=\"alignnone size-full wp-image-238249\" src=\"https:\/\/franciscanos.org.br\/noticias\/wp-content\/uploads\/2022\/06\/convento_04_02.jpg\" alt=\"\" width=\"1280\" height=\"853\" srcset=\"https:\/\/franciscanos.org.br\/noticias\/wp-content\/uploads\/2022\/06\/convento_04_02.jpg 1280w, https:\/\/franciscanos.org.br\/noticias\/wp-content\/uploads\/2022\/06\/convento_04_02-450x300.jpg 450w, https:\/\/franciscanos.org.br\/noticias\/wp-content\/uploads\/2022\/06\/convento_04_02-1024x682.jpg 1024w, https:\/\/franciscanos.org.br\/noticias\/wp-content\/uploads\/2022\/06\/convento_04_02-768x512.jpg 768w, https:\/\/franciscanos.org.br\/noticias\/wp-content\/uploads\/2022\/06\/convento_04_02-150x100.jpg 150w\" sizes=\"(max-width: 1280px) 100vw, 1280px\" \/><\/p>\n<p><b>SANTO ANT\u00d4NIO \u00c9 DO LARGO DA CARIOCA, \u00c9 DO RIO DE JANEIRO, \u00c9 DO BRASIL<\/b><\/p>\n<p><span style=\"font-weight: 400;\">Frei Walter recorreu \u00e0 hist\u00f3ria para explicar esta comemora\u00e7\u00e3o centen\u00e1ria. \u201cNeste morro doado aos franciscanos pelo ent\u00e3o governador Martim de S\u00e1, em 19 de abril de 1607, instalou-se, a partir de 4 de junho de 1608, com o lan\u00e7amento da pedra fundamental do Convento, esta constru\u00e7\u00e3o imponente cuja hist\u00f3ria se entrela\u00e7a com a hist\u00f3ria do Brasil. Aqui viveram e passaram santos, intelectuais, artistas, monarcas, pol\u00edticos, juristas, mas tamb\u00e9m foi lugar de acolhida do povo simples, das pessoas devotas, daqueles que, sem terem a quem recorrer, valiam-se da f\u00e9 no Santo de quem se consideravam amigos e companheiros. Santo Ant\u00f4nio jamais desviou o olhar de quem viesse a seu encontro. E ainda segue sendo a mesma presen\u00e7a atenciosa na vida dos pobres e simples de nosso tempo\u201d, disse.<\/span><\/p>\n<p><span style=\"font-weight: 400;\">Para o guardi\u00e3o do Convento, celebrar 414 anos de funda\u00e7\u00e3o \u00e9 recordar com gratid\u00e3o as b\u00ean\u00e7\u00e3os que o Senhor diariamente derrama sobre o Rio de Janeiro e sobre o povo carioca por intercess\u00e3o de \u201cNosso Querido Santo Ant\u00f4nio da Cidade Maravilhosa\u201d -este tamb\u00e9m \u00e9 o lema da 340\u00aa Trezena de Santo Ant\u00f4nio deste ano.<\/span><\/p>\n<p><img loading=\"lazy\" class=\"alignnone size-full wp-image-238250\" src=\"https:\/\/franciscanos.org.br\/noticias\/wp-content\/uploads\/2022\/06\/convento_04_04.jpg\" alt=\"\" width=\"1280\" height=\"853\" srcset=\"https:\/\/franciscanos.org.br\/noticias\/wp-content\/uploads\/2022\/06\/convento_04_04.jpg 1280w, https:\/\/franciscanos.org.br\/noticias\/wp-content\/uploads\/2022\/06\/convento_04_04-450x300.jpg 450w, https:\/\/franciscanos.org.br\/noticias\/wp-content\/uploads\/2022\/06\/convento_04_04-1024x682.jpg 1024w, https:\/\/franciscanos.org.br\/noticias\/wp-content\/uploads\/2022\/06\/convento_04_04-768x512.jpg 768w, https:\/\/franciscanos.org.br\/noticias\/wp-content\/uploads\/2022\/06\/convento_04_04-150x100.jpg 150w\" sizes=\"(max-width: 1280px) 100vw, 1280px\" \/><\/p>\n\n\t\t<style type=\"text\/css\">\n\t\t\t#gallery-1 {\n\t\t\t\tmargin: auto;\n\t\t\t}\n\t\t\t#gallery-1 .gallery-item {\n\t\t\t\tfloat: left;\n\t\t\t\tmargin-top: 10px;\n\t\t\t\ttext-align: center;\n\t\t\t\twidth: 16%;\n\t\t\t}\n\t\t\t#gallery-1 img {\n\t\t\t\tborder: 2px solid #cfcfcf;\n\t\t\t}\n\t\t\t#gallery-1 .gallery-caption {\n\t\t\t\tmargin-left: 0;\n\t\t\t}\n\t\t\t\/* see gallery_shortcode() in wp-includes\/media.php *\/\n\t\t<\/style>\n\t\t<div id='gallery-1' class='gallery galleryid-238247 gallery-columns-6 gallery-size-thumbnail'><dl class='gallery-item'>\n\t\t\t<dt class='gallery-icon landscape'>\n\t\t\t\t<a href='https:\/\/franciscanos.org.br\/noticias\/wp-content\/uploads\/2022\/06\/convento_04_05.jpg'><img width=\"300\" height=\"300\" src=\"https:\/\/franciscanos.org.br\/noticias\/wp-content\/uploads\/2022\/06\/convento_04_05-300x300.jpg\" class=\"attachment-thumbnail size-thumbnail\" alt=\"\" loading=\"lazy\" srcset=\"https:\/\/franciscanos.org.br\/noticias\/wp-content\/uploads\/2022\/06\/convento_04_05-300x300.jpg 300w, https:\/\/franciscanos.org.br\/noticias\/wp-content\/uploads\/2022\/06\/convento_04_05-100x100.jpg 100w\" sizes=\"(max-width: 300px) 100vw, 300px\" \/><\/a>\n\t\t\t<\/dt><\/dl><dl class='gallery-item'>\n\t\t\t<dt class='gallery-icon landscape'>\n\t\t\t\t<a href='https:\/\/franciscanos.org.br\/noticias\/wp-content\/uploads\/2022\/06\/convento_04_06.jpg'><img width=\"300\" height=\"300\" src=\"https:\/\/franciscanos.org.br\/noticias\/wp-content\/uploads\/2022\/06\/convento_04_06-300x300.jpg\" class=\"attachment-thumbnail size-thumbnail\" alt=\"\" loading=\"lazy\" srcset=\"https:\/\/franciscanos.org.br\/noticias\/wp-content\/uploads\/2022\/06\/convento_04_06-300x300.jpg 300w, https:\/\/franciscanos.org.br\/noticias\/wp-content\/uploads\/2022\/06\/convento_04_06-100x100.jpg 100w\" sizes=\"(max-width: 300px) 100vw, 300px\" \/><\/a>\n\t\t\t<\/dt><\/dl><dl class='gallery-item'>\n\t\t\t<dt class='gallery-icon landscape'>\n\t\t\t\t<a href='https:\/\/franciscanos.org.br\/noticias\/wp-content\/uploads\/2022\/06\/convento_04_07.jpg'><img width=\"300\" height=\"300\" src=\"https:\/\/franciscanos.org.br\/noticias\/wp-content\/uploads\/2022\/06\/convento_04_07-300x300.jpg\" class=\"attachment-thumbnail size-thumbnail\" alt=\"\" loading=\"lazy\" srcset=\"https:\/\/franciscanos.org.br\/noticias\/wp-content\/uploads\/2022\/06\/convento_04_07-300x300.jpg 300w, https:\/\/franciscanos.org.br\/noticias\/wp-content\/uploads\/2022\/06\/convento_04_07-100x100.jpg 100w\" sizes=\"(max-width: 300px) 100vw, 300px\" \/><\/a>\n\t\t\t<\/dt><\/dl><dl class='gallery-item'>\n\t\t\t<dt class='gallery-icon landscape'>\n\t\t\t\t<a href='https:\/\/franciscanos.org.br\/noticias\/wp-content\/uploads\/2022\/06\/convento_04_08.jpg'><img width=\"300\" height=\"300\" src=\"https:\/\/franciscanos.org.br\/noticias\/wp-content\/uploads\/2022\/06\/convento_04_08-300x300.jpg\" class=\"attachment-thumbnail size-thumbnail\" alt=\"\" loading=\"lazy\" srcset=\"https:\/\/franciscanos.org.br\/noticias\/wp-content\/uploads\/2022\/06\/convento_04_08-300x300.jpg 300w, https:\/\/franciscanos.org.br\/noticias\/wp-content\/uploads\/2022\/06\/convento_04_08-100x100.jpg 100w\" sizes=\"(max-width: 300px) 100vw, 300px\" \/><\/a>\n\t\t\t<\/dt><\/dl><dl class='gallery-item'>\n\t\t\t<dt class='gallery-icon landscape'>\n\t\t\t\t<a href='https:\/\/franciscanos.org.br\/noticias\/wp-content\/uploads\/2022\/06\/convento_04_09.jpg'><img width=\"300\" height=\"300\" src=\"https:\/\/franciscanos.org.br\/noticias\/wp-content\/uploads\/2022\/06\/convento_04_09-300x300.jpg\" class=\"attachment-thumbnail size-thumbnail\" alt=\"\" loading=\"lazy\" srcset=\"https:\/\/franciscanos.org.br\/noticias\/wp-content\/uploads\/2022\/06\/convento_04_09-300x300.jpg 300w, https:\/\/franciscanos.org.br\/noticias\/wp-content\/uploads\/2022\/06\/convento_04_09-100x100.jpg 100w\" sizes=\"(max-width: 300px) 100vw, 300px\" \/><\/a>\n\t\t\t<\/dt><\/dl><dl class='gallery-item'>\n\t\t\t<dt class='gallery-icon landscape'>\n\t\t\t\t<a href='https:\/\/franciscanos.org.br\/noticias\/wp-content\/uploads\/2022\/06\/convento_04_10.jpg'><img width=\"300\" height=\"300\" src=\"https:\/\/franciscanos.org.br\/noticias\/wp-content\/uploads\/2022\/06\/convento_04_10-300x300.jpg\" class=\"attachment-thumbnail size-thumbnail\" alt=\"\" loading=\"lazy\" srcset=\"https:\/\/franciscanos.org.br\/noticias\/wp-content\/uploads\/2022\/06\/convento_04_10-300x300.jpg 300w, https:\/\/franciscanos.org.br\/noticias\/wp-content\/uploads\/2022\/06\/convento_04_10-100x100.jpg 100w\" sizes=\"(max-width: 300px) 100vw, 300px\" \/><\/a>\n\t\t\t<\/dt><\/dl><br style=\"clear: both\" \/>\n\t\t<\/div>\n\n<p><em>\u00a0 \u00a0 \u00a0 (Toque nas imagens menores para ampli\u00e1-las)<\/em><\/p>\n<p><span style=\"font-weight: 400;\">\u201c\u00c9 tamb\u00e9m ocasi\u00e3o de reafirmarmos com Santo Ant\u00f4nio o nosso compromisso concreto com os pobres e desvalidos, com quem ele jamais deixou de repartir o p\u00e3o. Que nosso amado Convento Santo Ant\u00f4nio permane\u00e7a e cres\u00e7a como lugar da presen\u00e7a amorosa de Deus no cora\u00e7\u00e3o desta cidade, inspirando em todos aqueles que sobem esta montanha os melhores sentimentos e atitudes que o Senhor deseja despertar no cora\u00e7\u00e3o de seus filhos e filhas\u201d, desejou.<\/span><\/p>\n<p><span style=\"font-weight: 400;\">\u00a0<\/span><span style=\"font-weight: 400;\">Frei Marcos Ant\u00f4nio de Andrade, presidente do Instituto dos Meninos Cantores de Petr\u00f3polis (IMCP), acompanhou o Coral das Meninas no evento e manifestou sua gratid\u00e3o pelo convite e oportunidade. \u201c\u00c9 uma alegria muito grande participarmos dos 414 anos do nosso querido Convento Santo Ant\u00f4nio do Largo da Carioca\u201d, revelou. Frei Marcos tamb\u00e9m explicou que o IMCP \u00e9 o mantenedor do Coral dos Canarinhos, Coral das Meninas dos Canarinhos e do Coro de C\u00e2mara. \u201cAproveitando essa oportunidade comemorativa, queremos apresentar para voc\u00eas algumas m\u00fasicas marianas\u201d.<\/span><\/p>\n<p><img loading=\"lazy\" class=\"alignnone size-full wp-image-238251\" src=\"https:\/\/franciscanos.org.br\/noticias\/wp-content\/uploads\/2022\/06\/convento_04_03.jpg\" alt=\"\" width=\"1280\" height=\"853\" srcset=\"https:\/\/franciscanos.org.br\/noticias\/wp-content\/uploads\/2022\/06\/convento_04_03.jpg 1280w, https:\/\/franciscanos.org.br\/noticias\/wp-content\/uploads\/2022\/06\/convento_04_03-450x300.jpg 450w, https:\/\/franciscanos.org.br\/noticias\/wp-content\/uploads\/2022\/06\/convento_04_03-1024x682.jpg 1024w, https:\/\/franciscanos.org.br\/noticias\/wp-content\/uploads\/2022\/06\/convento_04_03-768x512.jpg 768w, https:\/\/franciscanos.org.br\/noticias\/wp-content\/uploads\/2022\/06\/convento_04_03-150x100.jpg 150w\" sizes=\"(max-width: 1280px) 100vw, 1280px\" \/><\/p>\n<p><span style=\"font-weight: 400;\">Neste sentido, convidou o maestro \u00e0 frente do Coral das Meninas, Marcelo Vizani, para reger quatro pe\u00e7as. Entre elas, \u201cRegina Coeli\u201d de Ramiro Real e \u201cSurrexit Dominus vere, alleluia\u201d, que quer dizer \u201cO Senhor ressuscitou verdadeiramente, aleluia\u201d, de Pe.\u00a0Jos\u00e9 Maur\u00edcio Nunes Garcia &#8211; personalidade mais importante da m\u00fasica brasileira no per\u00edodo compreendido entre o final do s\u00e9culo XVIII e primeiras tr\u00eas d\u00e9cadas do XIX. Seguidamente, o maestro apresentou duas m\u00fasicas populares em homenagem a Nossa Senhora, da qual Santo Ant\u00f4nio foi um fiel devoto, sendo elas: \u201cAve Maria no Morro\u201d, de Erivelton Martins e \u201cMaria Maria\u201d, de Milton Nascimento.<\/span><\/p>\n<p><iframe loading=\"lazy\" title=\"YouTube video player\" src=\"https:\/\/www.youtube.com\/embed\/YAnpVnfHzuI\" width=\"100%\" height=\"480\" frameborder=\"0\" allowfullscreen=\"allowfullscreen\"><\/iframe><\/p>\n<p><span style=\"font-weight: 400;\">Frei Jos\u00e9 Clemente encerrou a celebra\u00e7\u00e3o com a solene b\u00ean\u00e7\u00e3o de Santo Ant\u00f4nio. Dirigindo-se as meninas disse: \u201cParab\u00e9ns a voc\u00eas. \u00c9 uma felicidade v\u00ea-las, parece que estamos no c\u00e9u\u201d, brincou.<\/span><\/p>\n<p><img loading=\"lazy\" class=\"alignnone size-full wp-image-238258\" src=\"https:\/\/franciscanos.org.br\/noticias\/wp-content\/uploads\/2022\/06\/convento_04_11.jpg\" alt=\"\" width=\"1244\" height=\"829\" srcset=\"https:\/\/franciscanos.org.br\/noticias\/wp-content\/uploads\/2022\/06\/convento_04_11.jpg 1244w, https:\/\/franciscanos.org.br\/noticias\/wp-content\/uploads\/2022\/06\/convento_04_11-450x300.jpg 450w, https:\/\/franciscanos.org.br\/noticias\/wp-content\/uploads\/2022\/06\/convento_04_11-1024x682.jpg 1024w, https:\/\/franciscanos.org.br\/noticias\/wp-content\/uploads\/2022\/06\/convento_04_11-768x512.jpg 768w, https:\/\/franciscanos.org.br\/noticias\/wp-content\/uploads\/2022\/06\/convento_04_11-150x100.jpg 150w\" sizes=\"(max-width: 1244px) 100vw, 1244px\" \/><\/p>\n<p><b>ORDENA\u00c7\u00c3O DE FREI ALAN<\/b><\/p>\n<p><span style=\"font-weight: 400;\">Durante dois anos, enquanto estudante de Teologia, Frei Alan desenvolveu sua miss\u00e3o pastoral junto ao Instituto dos Meninos Cantores de Petr\u00f3polis. E como n\u00e3o poderia ser diferente, convidou o Coral dos Canarinhos para cantar a solene liturgia de sua ordena\u00e7\u00e3o.<\/span><\/p>\n<p><span style=\"font-weight: 400;\">Em seu agradecimento, na pessoa de Frei Marcos Andrade e do maestro e diretor-art\u00edstico, Marco Aur\u00e9lio Lischt, agradeceu ao Coral dos Canarinhos, \u201cpor fazer desta celebra\u00e7\u00e3o mais bela\u201d, disse. \u201cMe recordo dos dias em que trabalhei junto dos corais e confesso que hoje a saudade bateu. Muito obrigado, meninos, muito obrigado Lischt, por hoje\u201d.<\/span><\/p>\n<p><iframe loading=\"lazy\" title=\"YouTube video player\" src=\"https:\/\/www.youtube.com\/embed\/AfLhVB7eI3Q\" width=\"100%\" height=\"480\" frameborder=\"0\" allowfullscreen=\"allowfullscreen\"><\/iframe><\/p>\n<p><b>CONVENTO SANTO ANT\u00d4NIO NA TV APARECIDA<\/b><\/p>\n<p><span style=\"font-weight: 400;\">Simultaneamente, a Rede Aparecida de Televis\u00e3o apresentou ao vivo o programa \u201cS\u00e1bado no Santu\u00e1rio\u201d com tomadas diretamente do hist\u00f3rico e centen\u00e1rio Convento Santo Ant\u00f4nio. Essa presen\u00e7a da TV Aparecida \u00e9 fruto do Encontro dos Reitores dos principais santu\u00e1rios do Brasil que ocorreu recentemente em Florian\u00f3polis (SC), onde discutiu-se o projeto de se divulgar e conhecer in\u00fameros santu\u00e1rios espalhados pelo Brasil afora, a partir da Casa da M\u00e3e, o Santu\u00e1rio de Aparecida.<\/span><\/p>\n<p><span style=\"font-weight: 400;\">O rep\u00f3rter da TV Aparecida, Jos\u00e9 Eymard, conversou com Frei R\u00f3ger Brun\u00f3rio e Frei Walter. Antes, por\u00e9m, o\u00a0reitor do Santu\u00e1rio Nacional, padre Carlos Eduardo Catalfo falou da import\u00e2ncia deste programa.<\/span><\/p>\n<p><span style=\"font-weight: 400;\">\u201cTemos um link ao vivo com o Convento Santo Ant\u00f4nio do Rio de Janeiro e eu quero agradecer \u00e0 TV Aparecida que abre este espa\u00e7o t\u00e3o bonito para outros santu\u00e1rios do Brasil. Tenho certeza que o Santu\u00e1rio Nacional e todos os outros santu\u00e1rios do Brasil s\u00e3o sempre lugares sagrados, lugares onde Deus se faz presente, se revela e tamb\u00e9m nos acolhe. Que Nossa Senhora Aparecida nos aben\u00e7oe e aben\u00e7oe o trabalho dos franciscanos no Santu\u00e1rio de Santo Ant\u00f4nio no Rio de Janeiro e nos santu\u00e1rios do mundo todo. Os franciscanos est\u00e3o presentes em grandes santu\u00e1rios, est\u00e3o presentes aqui bem pertinho de n\u00f3s, no Santu\u00e1rio Frei Galv\u00e3o em Guaratinguet\u00e1 (SP)\u201d, disse.<\/span><\/p>\n<p><img loading=\"lazy\" class=\"alignnone size-full wp-image-238259\" src=\"https:\/\/franciscanos.org.br\/noticias\/wp-content\/uploads\/2022\/06\/convento_04_12.png\" alt=\"\" width=\"1280\" height=\"723\" srcset=\"https:\/\/franciscanos.org.br\/noticias\/wp-content\/uploads\/2022\/06\/convento_04_12.png 1280w, https:\/\/franciscanos.org.br\/noticias\/wp-content\/uploads\/2022\/06\/convento_04_12-450x254.png 450w, https:\/\/franciscanos.org.br\/noticias\/wp-content\/uploads\/2022\/06\/convento_04_12-1024x578.png 1024w, https:\/\/franciscanos.org.br\/noticias\/wp-content\/uploads\/2022\/06\/convento_04_12-768x434.png 768w, https:\/\/franciscanos.org.br\/noticias\/wp-content\/uploads\/2022\/06\/convento_04_12-150x85.png 150w\" sizes=\"(max-width: 1280px) 100vw, 1280px\" \/><\/p>\n<p><span style=\"font-weight: 400;\">O Convento Santo Ant\u00f4nio \u00e9 famoso pelo manifesto do \u201cFico da Independ\u00eancia\u201d, que neste ano completou 200 anos de hist\u00f3ria. Segundo Jos\u00e9 Eymard, o convento \u00e9 o ber\u00e7o da na\u00e7\u00e3o do Brasil, onde um franciscano, Frei Sampaio, orientou Dom Pedro a ficar no Brasil e dar o seu grande manifesto, em luta do nosso povo. \u201cUm lugar t\u00e3o especial, que vou contar para voc\u00ea ao longo do nosso programa\u201d, destacou.<\/span><\/p>\n<p><span style=\"font-weight: 400;\">Do claustro do convento, Frei Roger explicou que os franciscanos chegaram ao Rio e Janeiro no ano de 1592 e ficaram por 16 anos na capelinha de Santa Luzia. \u201cQuando ent\u00e3o decidiram por este local, o morro de Santo Ant\u00f4nio, encontraram aqui inicialmente uma capela dedicada a este santo t\u00e3o popular. E aqui os frades encontraram tamb\u00e9m no terreno terra, \u00e1gua e pedra, tr\u00eas elementos importantes para a vida franciscana\u201d, ressaltou.\u00a0<\/span><\/p>\n<p><span style=\"font-weight: 400;\">Caminhando entre as colunas do claustro, Frei R\u00f3ger apresentou as capelinhas que narram a hist\u00f3ria de alguns santos, como S\u00e3o Francisco de Assis, por exemplo. \u201cTamb\u00e9m temos a rica hist\u00f3rica do tempo em que Frei Galv\u00e3o viveu aqui, a partir do ano de 1762, quando foi ordenado. Da \u00e9poca dele temos a imagem de Santo Ant\u00f4nio, da Imaculada Concei\u00e7\u00e3o, de S\u00e3o Francisco e algumas capelas de dentro do claustro, onde os frades do passado e da atualidade, apresentam a espiritualidade franciscana\u201d, explicou.<\/span><\/p>\n<p><img loading=\"lazy\" class=\"alignnone size-full wp-image-238260\" src=\"https:\/\/franciscanos.org.br\/noticias\/wp-content\/uploads\/2022\/06\/convento_04_13.png\" alt=\"\" width=\"1280\" height=\"716\" srcset=\"https:\/\/franciscanos.org.br\/noticias\/wp-content\/uploads\/2022\/06\/convento_04_13.png 1280w, https:\/\/franciscanos.org.br\/noticias\/wp-content\/uploads\/2022\/06\/convento_04_13-450x252.png 450w, https:\/\/franciscanos.org.br\/noticias\/wp-content\/uploads\/2022\/06\/convento_04_13-1024x573.png 1024w, https:\/\/franciscanos.org.br\/noticias\/wp-content\/uploads\/2022\/06\/convento_04_13-768x430.png 768w, https:\/\/franciscanos.org.br\/noticias\/wp-content\/uploads\/2022\/06\/convento_04_13-150x84.png 150w\" sizes=\"(max-width: 1280px) 100vw, 1280px\" \/><\/p>\n<p><b>CONTINUADORES DA HIST\u00d3RIA FRANCISCANA<\/b><\/p>\n<p><span style=\"font-weight: 400;\">O franciscano n\u00e3o escondeu a alegria em dizer que ap\u00f3s dois anos de festa online, neste ano o Convento vem sendo reaberto com todo potencial. \u201cSanto Ant\u00f4nio \u00e9 um santo muito carinhoso e a cidade do Rio de Janeiro \u00e9 a cidade que tamb\u00e9m sofre com duras realidades, ent\u00e3o festejar Santo Ant\u00f4nio \u00e9 um sinal de esperan\u00e7a\u201d, sublinhou Frei R\u00f3ger.<\/span><\/p>\n<p><span style=\"font-weight: 400;\">Frei Walter explicou que neste ano se celebra 340 anos da Trezena de Santo Ant\u00f4nio. \u201cA trezena s\u00e3o 13 dias de prepara\u00e7\u00e3o para a Festa de Santo Ant\u00f4nio. E, neste ano, Frei Jos\u00e9 Clemente M\u00fcller est\u00e1 pregando a trezena\u201d, informou. \u201cEste convento \u00e9 um marco hist\u00f3rico. \u00c9 um monumento enorme que foi constru\u00eddo com o suor do povo do Rio de Janeiro, com a gra\u00e7a de Deus e as b\u00ean\u00e7\u00e3os de Santo Ant\u00f4nio. Hoje, n\u00f3s somos os continuadores desta linda hist\u00f3ria\u201d, disse, e acrescentou que \u201cp\u00e3o partilhado \u00e9 p\u00e3o aben\u00e7oado\u201d, referindo-se a miss\u00e3o dos frades junto dos mais necessitados.\u00a0<\/span><\/p>\n<p><span style=\"font-weight: 400;\">No final do programa \u201cS\u00e1bado no Santu\u00e1rio\u201d, a equipe da Tv Aparecida gravou algumas m\u00fasicas com o Coral das Meninas dos Canarinhos de Petr\u00f3polis para a s\u00e9rie \u201cVozes da Igreja\u201d. A data de exibi\u00e7\u00e3o ser\u00e1 divulgada posteriormente.<\/span><\/p>\n<hr \/>\n<p><i><span style=\"font-weight: 400;\">Frei Augusto Luiz Gabriel (texto), Frei Andrei Anjos e Frei Roger Strapazzon (fotos e v\u00eddeos)<\/span><\/i><\/p>\n<p>&nbsp;<\/p>\n","protected":false},"excerpt":{"rendered":"<p>Petr\u00f3polis e Convento Santo Ant\u00f4nio<\/p>\n","protected":false},"author":3,"featured_media":238248,"comment_status":"open","ping_status":"open","sticky":false,"template":"","format":"standard","meta":[],"categories":[1],"tags":[1378],"acf":[],"yoast_head":"<!-- This site is optimized with the Yoast SEO plugin v19.2 - https:\/\/yoast.com\/wordpress\/plugins\/seo\/ -->\n<title>Um dia intenso para os coralistas dos Canarinhos de Petr\u00f3polis - Not\u00edcias - Franciscanos<\/title>\n<meta name=\"robots\" content=\"index, follow, max-snippet:-1, max-image-preview:large, max-video-preview:-1\" \/>\n<link rel=\"canonical\" href=\"https:\/\/franciscanos.org.br\/noticias\/um-dia-intenso-para-os-coralistas-dos-canarinhos-de-petropolis.html\" \/>\n<meta property=\"og:locale\" content=\"pt_BR\" \/>\n<meta property=\"og:type\" content=\"article\" \/>\n<meta property=\"og:title\" content=\"Um dia intenso para os coralistas dos Canarinhos de Petr\u00f3polis - Not\u00edcias - Franciscanos\" \/>\n<meta property=\"og:description\" content=\"Petr\u00f3polis e Convento Santo Ant\u00f4nio\" \/>\n<meta property=\"og:url\" content=\"https:\/\/franciscanos.org.br\/noticias\/um-dia-intenso-para-os-coralistas-dos-canarinhos-de-petropolis.html\" \/>\n<meta property=\"og:site_name\" content=\"Not\u00edcias - Franciscanos\" \/>\n<meta property=\"article:published_time\" content=\"2022-06-05T09:03:29+00:00\" \/>\n<meta property=\"article:modified_time\" content=\"2022-06-05T23:32:20+00:00\" \/>\n<meta property=\"og:image\" content=\"https:\/\/franciscanos.org.br\/noticias\/wp-content\/uploads\/2022\/06\/convento_04.jpg\" \/>\n\t<meta property=\"og:image:width\" content=\"1280\" \/>\n\t<meta property=\"og:image:height\" content=\"720\" \/>\n\t<meta property=\"og:image:type\" content=\"image\/jpeg\" \/>\n<meta name=\"author\" content=\"moacir\" \/>\n<meta name=\"twitter:card\" content=\"summary_large_image\" \/>\n<meta name=\"twitter:label1\" content=\"Escrito por\" \/>\n\t<meta name=\"twitter:data1\" content=\"moacir\" \/>\n\t<meta name=\"twitter:label2\" content=\"Est. tempo de leitura\" \/>\n\t<meta name=\"twitter:data2\" content=\"8 minutos\" \/>\n<script type=\"application\/ld+json\" class=\"yoast-schema-graph\">{\"@context\":\"https:\/\/schema.org\",\"@graph\":[{\"@type\":\"WebSite\",\"@id\":\"https:\/\/franciscanos.org.br\/noticias\/#website\",\"url\":\"https:\/\/franciscanos.org.br\/noticias\/\",\"name\":\"Not\u00edcias - Franciscanos\",\"description\":\"Prov\u00edncia Franciscana da Imaculada Concei\u00e7\u00e3o do Brasil - Ordem dos Frades Menores - OFM\",\"potentialAction\":[{\"@type\":\"SearchAction\",\"target\":{\"@type\":\"EntryPoint\",\"urlTemplate\":\"https:\/\/franciscanos.org.br\/noticias\/?s={search_term_string}\"},\"query-input\":\"required name=search_term_string\"}],\"inLanguage\":\"pt-BR\"},{\"@type\":\"ImageObject\",\"inLanguage\":\"pt-BR\",\"@id\":\"https:\/\/franciscanos.org.br\/noticias\/um-dia-intenso-para-os-coralistas-dos-canarinhos-de-petropolis.html#primaryimage\",\"url\":\"https:\/\/franciscanos.org.br\/noticias\/wp-content\/uploads\/2022\/06\/convento_04.jpg\",\"contentUrl\":\"https:\/\/franciscanos.org.br\/noticias\/wp-content\/uploads\/2022\/06\/convento_04.jpg\",\"width\":1280,\"height\":720},{\"@type\":\"WebPage\",\"@id\":\"https:\/\/franciscanos.org.br\/noticias\/um-dia-intenso-para-os-coralistas-dos-canarinhos-de-petropolis.html#webpage\",\"url\":\"https:\/\/franciscanos.org.br\/noticias\/um-dia-intenso-para-os-coralistas-dos-canarinhos-de-petropolis.html\",\"name\":\"Um dia intenso para os coralistas dos Canarinhos de Petr\u00f3polis - Not\u00edcias - Franciscanos\",\"isPartOf\":{\"@id\":\"https:\/\/franciscanos.org.br\/noticias\/#website\"},\"primaryImageOfPage\":{\"@id\":\"https:\/\/franciscanos.org.br\/noticias\/um-dia-intenso-para-os-coralistas-dos-canarinhos-de-petropolis.html#primaryimage\"},\"datePublished\":\"2022-06-05T09:03:29+00:00\",\"dateModified\":\"2022-06-05T23:32:20+00:00\",\"author\":{\"@id\":\"https:\/\/franciscanos.org.br\/noticias\/#\/schema\/person\/b5c8cba458c330ccff548b056e95a5d4\"},\"breadcrumb\":{\"@id\":\"https:\/\/franciscanos.org.br\/noticias\/um-dia-intenso-para-os-coralistas-dos-canarinhos-de-petropolis.html#breadcrumb\"},\"inLanguage\":\"pt-BR\",\"potentialAction\":[{\"@type\":\"ReadAction\",\"target\":[\"https:\/\/franciscanos.org.br\/noticias\/um-dia-intenso-para-os-coralistas-dos-canarinhos-de-petropolis.html\"]}]},{\"@type\":\"BreadcrumbList\",\"@id\":\"https:\/\/franciscanos.org.br\/noticias\/um-dia-intenso-para-os-coralistas-dos-canarinhos-de-petropolis.html#breadcrumb\",\"itemListElement\":[{\"@type\":\"ListItem\",\"position\":1,\"name\":\"Home\",\"item\":\"https:\/\/franciscanos.org.br\/noticias\"},{\"@type\":\"ListItem\",\"position\":2,\"name\":\"Um dia intenso para os coralistas dos Canarinhos de Petr\u00f3polis\"}]},{\"@type\":\"Person\",\"@id\":\"https:\/\/franciscanos.org.br\/noticias\/#\/schema\/person\/b5c8cba458c330ccff548b056e95a5d4\",\"name\":\"moacir\",\"image\":{\"@type\":\"ImageObject\",\"inLanguage\":\"pt-BR\",\"@id\":\"https:\/\/franciscanos.org.br\/noticias\/#\/schema\/person\/image\/\",\"url\":\"https:\/\/secure.gravatar.com\/avatar\/d08aa2ce4c8dd416d4479aa8536fcf64?s=96&d=mm&r=g\",\"contentUrl\":\"https:\/\/secure.gravatar.com\/avatar\/d08aa2ce4c8dd416d4479aa8536fcf64?s=96&d=mm&r=g\",\"caption\":\"moacir\"},\"url\":\"https:\/\/franciscanos.org.br\/noticias\/author\/moacir\"}]}<\/script>\n<!-- \/ Yoast SEO plugin. -->","yoast_head_json":{"title":"Um dia intenso para os coralistas dos Canarinhos de Petr\u00f3polis - Not\u00edcias - Franciscanos","robots":{"index":"index","follow":"follow","max-snippet":"max-snippet:-1","max-image-preview":"max-image-preview:large","max-video-preview":"max-video-preview:-1"},"canonical":"https:\/\/franciscanos.org.br\/noticias\/um-dia-intenso-para-os-coralistas-dos-canarinhos-de-petropolis.html","og_locale":"pt_BR","og_type":"article","og_title":"Um dia intenso para os coralistas dos Canarinhos de Petr\u00f3polis - Not\u00edcias - Franciscanos","og_description":"Petr\u00f3polis e Convento Santo Ant\u00f4nio","og_url":"https:\/\/franciscanos.org.br\/noticias\/um-dia-intenso-para-os-coralistas-dos-canarinhos-de-petropolis.html","og_site_name":"Not\u00edcias - Franciscanos","article_published_time":"2022-06-05T09:03:29+00:00","article_modified_time":"2022-06-05T23:32:20+00:00","og_image":[{"width":1280,"height":720,"url":"https:\/\/franciscanos.org.br\/noticias\/wp-content\/uploads\/2022\/06\/convento_04.jpg","type":"image\/jpeg"}],"author":"moacir","twitter_card":"summary_large_image","twitter_misc":{"Escrito por":"moacir","Est. tempo de leitura":"8 minutos"},"schema":{"@context":"https:\/\/schema.org","@graph":[{"@type":"WebSite","@id":"https:\/\/franciscanos.org.br\/noticias\/#website","url":"https:\/\/franciscanos.org.br\/noticias\/","name":"Not\u00edcias - Franciscanos","description":"Prov\u00edncia Franciscana da Imaculada Concei\u00e7\u00e3o do Brasil - Ordem dos Frades Menores - OFM","potentialAction":[{"@type":"SearchAction","target":{"@type":"EntryPoint","urlTemplate":"https:\/\/franciscanos.org.br\/noticias\/?s={search_term_string}"},"query-input":"required name=search_term_string"}],"inLanguage":"pt-BR"},{"@type":"ImageObject","inLanguage":"pt-BR","@id":"https:\/\/franciscanos.org.br\/noticias\/um-dia-intenso-para-os-coralistas-dos-canarinhos-de-petropolis.html#primaryimage","url":"https:\/\/franciscanos.org.br\/noticias\/wp-content\/uploads\/2022\/06\/convento_04.jpg","contentUrl":"https:\/\/franciscanos.org.br\/noticias\/wp-content\/uploads\/2022\/06\/convento_04.jpg","width":1280,"height":720},{"@type":"WebPage","@id":"https:\/\/franciscanos.org.br\/noticias\/um-dia-intenso-para-os-coralistas-dos-canarinhos-de-petropolis.html#webpage","url":"https:\/\/franciscanos.org.br\/noticias\/um-dia-intenso-para-os-coralistas-dos-canarinhos-de-petropolis.html","name":"Um dia intenso para os coralistas dos Canarinhos de Petr\u00f3polis - Not\u00edcias - Franciscanos","isPartOf":{"@id":"https:\/\/franciscanos.org.br\/noticias\/#website"},"primaryImageOfPage":{"@id":"https:\/\/franciscanos.org.br\/noticias\/um-dia-intenso-para-os-coralistas-dos-canarinhos-de-petropolis.html#primaryimage"},"datePublished":"2022-06-05T09:03:29+00:00","dateModified":"2022-06-05T23:32:20+00:00","author":{"@id":"https:\/\/franciscanos.org.br\/noticias\/#\/schema\/person\/b5c8cba458c330ccff548b056e95a5d4"},"breadcrumb":{"@id":"https:\/\/franciscanos.org.br\/noticias\/um-dia-intenso-para-os-coralistas-dos-canarinhos-de-petropolis.html#breadcrumb"},"inLanguage":"pt-BR","potentialAction":[{"@type":"ReadAction","target":["https:\/\/franciscanos.org.br\/noticias\/um-dia-intenso-para-os-coralistas-dos-canarinhos-de-petropolis.html"]}]},{"@type":"BreadcrumbList","@id":"https:\/\/franciscanos.org.br\/noticias\/um-dia-intenso-para-os-coralistas-dos-canarinhos-de-petropolis.html#breadcrumb","itemListElement":[{"@type":"ListItem","position":1,"name":"Home","item":"https:\/\/franciscanos.org.br\/noticias"},{"@type":"ListItem","position":2,"name":"Um dia intenso para os coralistas dos Canarinhos de Petr\u00f3polis"}]},{"@type":"Person","@id":"https:\/\/franciscanos.org.br\/noticias\/#\/schema\/person\/b5c8cba458c330ccff548b056e95a5d4","name":"moacir","image":{"@type":"ImageObject","inLanguage":"pt-BR","@id":"https:\/\/franciscanos.org.br\/noticias\/#\/schema\/person\/image\/","url":"https:\/\/secure.gravatar.com\/avatar\/d08aa2ce4c8dd416d4479aa8536fcf64?s=96&d=mm&r=g","contentUrl":"https:\/\/secure.gravatar.com\/avatar\/d08aa2ce4c8dd416d4479aa8536fcf64?s=96&d=mm&r=g","caption":"moacir"},"url":"https:\/\/franciscanos.org.br\/noticias\/author\/moacir"}]}},"_links":{"self":[{"href":"https:\/\/franciscanos.org.br\/noticias\/wp-json\/wp\/v2\/posts\/238247"}],"collection":[{"href":"https:\/\/franciscanos.org.br\/noticias\/wp-json\/wp\/v2\/posts"}],"about":[{"href":"https:\/\/franciscanos.org.br\/noticias\/wp-json\/wp\/v2\/types\/post"}],"author":[{"embeddable":true,"href":"https:\/\/franciscanos.org.br\/noticias\/wp-json\/wp\/v2\/users\/3"}],"replies":[{"embeddable":true,"href":"https:\/\/franciscanos.org.br\/noticias\/wp-json\/wp\/v2\/comments?post=238247"}],"version-history":[{"count":2,"href":"https:\/\/franciscanos.org.br\/noticias\/wp-json\/wp\/v2\/posts\/238247\/revisions"}],"predecessor-version":[{"id":238291,"href":"https:\/\/franciscanos.org.br\/noticias\/wp-json\/wp\/v2\/posts\/238247\/revisions\/238291"}],"wp:featuredmedia":[{"embeddable":true,"href":"https:\/\/franciscanos.org.br\/noticias\/wp-json\/wp\/v2\/media\/238248"}],"wp:attachment":[{"href":"https:\/\/franciscanos.org.br\/noticias\/wp-json\/wp\/v2\/media?parent=238247"}],"wp:term":[{"taxonomy":"category","embeddable":true,"href":"https:\/\/franciscanos.org.br\/noticias\/wp-json\/wp\/v2\/categories?post=238247"},{"taxonomy":"post_tag","embeddable":true,"href":"https:\/\/franciscanos.org.br\/noticias\/wp-json\/wp\/v2\/tags?post=238247"}],"curies":[{"name":"wp","href":"https:\/\/api.w.org\/{rel}","templated":true}]}}