{"id":238244,"date":"2022-06-03T00:14:00","date_gmt":"2022-06-03T03:14:00","guid":{"rendered":"https:\/\/franciscanos.org.br\/noticias\/?p=238244"},"modified":"2022-06-04T16:16:25","modified_gmt":"2022-06-04T19:16:25","slug":"8-dia-da-novena-de-pentecostes-jesus-amou-ate-o-fim","status":"publish","type":"post","link":"https:\/\/franciscanos.org.br\/noticias\/8-dia-da-novena-de-pentecostes-jesus-amou-ate-o-fim.html","title":{"rendered":"8\u00b0 Dia da Novena de Pentecostes: \u201cJesus amou at\u00e9 o fim\u201d"},"content":{"rendered":"<p><img loading=\"lazy\" class=\"alignnone size-full wp-image-238245\" src=\"https:\/\/franciscanos.org.br\/noticias\/wp-content\/uploads\/2022\/06\/novena_08.jpg\" alt=\"\" width=\"1440\" height=\"1080\" srcset=\"https:\/\/franciscanos.org.br\/noticias\/wp-content\/uploads\/2022\/06\/novena_08.jpg 1440w, https:\/\/franciscanos.org.br\/noticias\/wp-content\/uploads\/2022\/06\/novena_08-450x338.jpg 450w, https:\/\/franciscanos.org.br\/noticias\/wp-content\/uploads\/2022\/06\/novena_08-1024x768.jpg 1024w, https:\/\/franciscanos.org.br\/noticias\/wp-content\/uploads\/2022\/06\/novena_08-768x576.jpg 768w, https:\/\/franciscanos.org.br\/noticias\/wp-content\/uploads\/2022\/06\/novena_08-150x113.jpg 150w, https:\/\/franciscanos.org.br\/noticias\/wp-content\/uploads\/2022\/06\/novena_08-600x450.jpg 600w\" sizes=\"(max-width: 1440px) 100vw, 1440px\" \/><\/p>\n<p><strong>Vila Velha (ES)<\/strong> &#8211; Continuando a caminhada em prepara\u00e7\u00e3o \u00e0 Festa do Padroeiro, no Santu\u00e1rio do Divino Esp\u00edrito Santo, a comunidade do Divino Esp\u00edrito Santo, do Santu\u00e1rio de Vila Velha, celebrou no dia 3 de junho, sexta-feira, o oitavo dia da Novena de Pentecostes.<\/p>\n<p>A celebra\u00e7\u00e3o, foi presidida por Frei Adriano e concelebrada pelos freis da Fraternidade Local, e teve como tema: \u201cJesus amou at\u00e9 o fim\u201d.<\/p>\n<p>A liturgia ficou a encargo da Pastoral Familiar e do Batismo, que juntos trouxeram para mais perto dos fi\u00e9is o sopro caloroso do Esp\u00edrito Santo. Com a entrada da oitava Vela, mais uma chama de acendeu, confirmando o amor de Jesus para seu povo, junto ao Esp\u00edrito que vem! Reafirmando o compromisso de que a vida de todos os presentes, seria vivida de acordo com os prop\u00f3sitos de Deus!<\/p>\n<p>Em sua homilia assim, apontou Frei Adriano: \u201cAmar como Jesus amou, \u00e9 dar vida como Jesus deu, ser m\u00e1rtire. Ser m\u00e1rtire \u00e9 ser testemunha da f\u00e9. Hoje a Igreja celebra a mem\u00f3ria de S\u00e3o Carlos Lwanga e seus companheiros\u201d.<\/p>\n<p>\u201cPedro no Evangelho, n\u00e3o fica triste pelo simples questionamento de Jesus, mas pela exig\u00eancia do amor. Numa primeira pergunta podemos usar do improviso; na segunda exige uma certa seriedade na resposta; a terceira vez exige um amor incondicional de entrega da vida\u201d exortou o celebrante.<\/p>\n<p>Continuou o frei: \u201d Jesus sofreu a morte em sua exist\u00eancia humana, mas recebeu nova no esp\u00edrito! As exig\u00eancias do amor, nos prova\u2026 \u00c9 exigido de n\u00f3s, sempre um amor verdadeiro e \u00e9 o Esp\u00edrito que nos conduz e impele, a seguir o exemplo de Jesus e dos santos m\u00e1rtires\u201d<\/p>\n<p>A Santa Missa encerrou, com o convite para o \u00faltimo dia da Novena, e a Festa ap\u00f3s a Santa Missa, com quitutes e muita m\u00fasica e alegria. Todos s\u00e3o convidados!<\/p>\n<hr \/>\n<p><em>Pascom da Par\u00f3quia do Ros\u00e1rio<\/em><\/p>\n","protected":false},"excerpt":{"rendered":"<p>Novena de Pentecostes<\/p>\n","protected":false},"author":3,"featured_media":238245,"comment_status":"open","ping_status":"open","sticky":false,"template":"","format":"standard","meta":[],"categories":[1],"tags":[1180],"acf":[],"yoast_head":"<!-- This site is optimized with the Yoast SEO plugin v19.2 - https:\/\/yoast.com\/wordpress\/plugins\/seo\/ -->\n<title>8\u00b0 Dia da Novena de Pentecostes: \u201cJesus amou at\u00e9 o fim\u201d - Not\u00edcias - Franciscanos<\/title>\n<meta name=\"robots\" content=\"index, follow, max-snippet:-1, max-image-preview:large, max-video-preview:-1\" \/>\n<link rel=\"canonical\" href=\"https:\/\/franciscanos.org.br\/noticias\/8-dia-da-novena-de-pentecostes-jesus-amou-ate-o-fim.html\" \/>\n<meta property=\"og:locale\" content=\"pt_BR\" \/>\n<meta property=\"og:type\" content=\"article\" \/>\n<meta property=\"og:title\" content=\"8\u00b0 Dia da Novena de Pentecostes: \u201cJesus amou at\u00e9 o fim\u201d - Not\u00edcias - Franciscanos\" \/>\n<meta property=\"og:description\" content=\"Novena de Pentecostes\" \/>\n<meta property=\"og:url\" content=\"https:\/\/franciscanos.org.br\/noticias\/8-dia-da-novena-de-pentecostes-jesus-amou-ate-o-fim.html\" \/>\n<meta property=\"og:site_name\" content=\"Not\u00edcias - Franciscanos\" \/>\n<meta property=\"article:published_time\" content=\"2022-06-03T03:14:00+00:00\" \/>\n<meta property=\"article:modified_time\" content=\"2022-06-04T19:16:25+00:00\" \/>\n<meta property=\"og:image\" content=\"https:\/\/franciscanos.org.br\/noticias\/wp-content\/uploads\/2022\/06\/novena_08.jpg\" \/>\n\t<meta property=\"og:image:width\" content=\"1440\" \/>\n\t<meta property=\"og:image:height\" content=\"1080\" \/>\n\t<meta property=\"og:image:type\" content=\"image\/jpeg\" \/>\n<meta name=\"author\" content=\"moacir\" \/>\n<meta name=\"twitter:card\" content=\"summary_large_image\" \/>\n<meta name=\"twitter:label1\" content=\"Escrito por\" \/>\n\t<meta name=\"twitter:data1\" content=\"moacir\" \/>\n\t<meta name=\"twitter:label2\" content=\"Est. tempo de leitura\" \/>\n\t<meta name=\"twitter:data2\" content=\"2 minutos\" \/>\n<script type=\"application\/ld+json\" class=\"yoast-schema-graph\">{\"@context\":\"https:\/\/schema.org\",\"@graph\":[{\"@type\":\"WebSite\",\"@id\":\"https:\/\/franciscanos.org.br\/noticias\/#website\",\"url\":\"https:\/\/franciscanos.org.br\/noticias\/\",\"name\":\"Not\u00edcias - Franciscanos\",\"description\":\"Prov\u00edncia Franciscana da Imaculada Concei\u00e7\u00e3o do Brasil - Ordem dos Frades Menores - OFM\",\"potentialAction\":[{\"@type\":\"SearchAction\",\"target\":{\"@type\":\"EntryPoint\",\"urlTemplate\":\"https:\/\/franciscanos.org.br\/noticias\/?s={search_term_string}\"},\"query-input\":\"required name=search_term_string\"}],\"inLanguage\":\"pt-BR\"},{\"@type\":\"ImageObject\",\"inLanguage\":\"pt-BR\",\"@id\":\"https:\/\/franciscanos.org.br\/noticias\/8-dia-da-novena-de-pentecostes-jesus-amou-ate-o-fim.html#primaryimage\",\"url\":\"https:\/\/franciscanos.org.br\/noticias\/wp-content\/uploads\/2022\/06\/novena_08.jpg\",\"contentUrl\":\"https:\/\/franciscanos.org.br\/noticias\/wp-content\/uploads\/2022\/06\/novena_08.jpg\",\"width\":1440,\"height\":1080},{\"@type\":\"WebPage\",\"@id\":\"https:\/\/franciscanos.org.br\/noticias\/8-dia-da-novena-de-pentecostes-jesus-amou-ate-o-fim.html#webpage\",\"url\":\"https:\/\/franciscanos.org.br\/noticias\/8-dia-da-novena-de-pentecostes-jesus-amou-ate-o-fim.html\",\"name\":\"8\u00b0 Dia da Novena de Pentecostes: \u201cJesus amou at\u00e9 o fim\u201d - Not\u00edcias - Franciscanos\",\"isPartOf\":{\"@id\":\"https:\/\/franciscanos.org.br\/noticias\/#website\"},\"primaryImageOfPage\":{\"@id\":\"https:\/\/franciscanos.org.br\/noticias\/8-dia-da-novena-de-pentecostes-jesus-amou-ate-o-fim.html#primaryimage\"},\"datePublished\":\"2022-06-03T03:14:00+00:00\",\"dateModified\":\"2022-06-04T19:16:25+00:00\",\"author\":{\"@id\":\"https:\/\/franciscanos.org.br\/noticias\/#\/schema\/person\/b5c8cba458c330ccff548b056e95a5d4\"},\"breadcrumb\":{\"@id\":\"https:\/\/franciscanos.org.br\/noticias\/8-dia-da-novena-de-pentecostes-jesus-amou-ate-o-fim.html#breadcrumb\"},\"inLanguage\":\"pt-BR\",\"potentialAction\":[{\"@type\":\"ReadAction\",\"target\":[\"https:\/\/franciscanos.org.br\/noticias\/8-dia-da-novena-de-pentecostes-jesus-amou-ate-o-fim.html\"]}]},{\"@type\":\"BreadcrumbList\",\"@id\":\"https:\/\/franciscanos.org.br\/noticias\/8-dia-da-novena-de-pentecostes-jesus-amou-ate-o-fim.html#breadcrumb\",\"itemListElement\":[{\"@type\":\"ListItem\",\"position\":1,\"name\":\"Home\",\"item\":\"https:\/\/franciscanos.org.br\/noticias\"},{\"@type\":\"ListItem\",\"position\":2,\"name\":\"8\u00b0 Dia da Novena de Pentecostes: \u201cJesus amou at\u00e9 o fim\u201d\"}]},{\"@type\":\"Person\",\"@id\":\"https:\/\/franciscanos.org.br\/noticias\/#\/schema\/person\/b5c8cba458c330ccff548b056e95a5d4\",\"name\":\"moacir\",\"image\":{\"@type\":\"ImageObject\",\"inLanguage\":\"pt-BR\",\"@id\":\"https:\/\/franciscanos.org.br\/noticias\/#\/schema\/person\/image\/\",\"url\":\"https:\/\/secure.gravatar.com\/avatar\/d08aa2ce4c8dd416d4479aa8536fcf64?s=96&d=mm&r=g\",\"contentUrl\":\"https:\/\/secure.gravatar.com\/avatar\/d08aa2ce4c8dd416d4479aa8536fcf64?s=96&d=mm&r=g\",\"caption\":\"moacir\"},\"url\":\"https:\/\/franciscanos.org.br\/noticias\/author\/moacir\"}]}<\/script>\n<!-- \/ Yoast SEO plugin. -->","yoast_head_json":{"title":"8\u00b0 Dia da Novena de Pentecostes: \u201cJesus amou at\u00e9 o fim\u201d - Not\u00edcias - Franciscanos","robots":{"index":"index","follow":"follow","max-snippet":"max-snippet:-1","max-image-preview":"max-image-preview:large","max-video-preview":"max-video-preview:-1"},"canonical":"https:\/\/franciscanos.org.br\/noticias\/8-dia-da-novena-de-pentecostes-jesus-amou-ate-o-fim.html","og_locale":"pt_BR","og_type":"article","og_title":"8\u00b0 Dia da Novena de Pentecostes: \u201cJesus amou at\u00e9 o fim\u201d - Not\u00edcias - Franciscanos","og_description":"Novena de Pentecostes","og_url":"https:\/\/franciscanos.org.br\/noticias\/8-dia-da-novena-de-pentecostes-jesus-amou-ate-o-fim.html","og_site_name":"Not\u00edcias - Franciscanos","article_published_time":"2022-06-03T03:14:00+00:00","article_modified_time":"2022-06-04T19:16:25+00:00","og_image":[{"width":1440,"height":1080,"url":"https:\/\/franciscanos.org.br\/noticias\/wp-content\/uploads\/2022\/06\/novena_08.jpg","type":"image\/jpeg"}],"author":"moacir","twitter_card":"summary_large_image","twitter_misc":{"Escrito por":"moacir","Est. tempo de leitura":"2 minutos"},"schema":{"@context":"https:\/\/schema.org","@graph":[{"@type":"WebSite","@id":"https:\/\/franciscanos.org.br\/noticias\/#website","url":"https:\/\/franciscanos.org.br\/noticias\/","name":"Not\u00edcias - Franciscanos","description":"Prov\u00edncia Franciscana da Imaculada Concei\u00e7\u00e3o do Brasil - Ordem dos Frades Menores - OFM","potentialAction":[{"@type":"SearchAction","target":{"@type":"EntryPoint","urlTemplate":"https:\/\/franciscanos.org.br\/noticias\/?s={search_term_string}"},"query-input":"required name=search_term_string"}],"inLanguage":"pt-BR"},{"@type":"ImageObject","inLanguage":"pt-BR","@id":"https:\/\/franciscanos.org.br\/noticias\/8-dia-da-novena-de-pentecostes-jesus-amou-ate-o-fim.html#primaryimage","url":"https:\/\/franciscanos.org.br\/noticias\/wp-content\/uploads\/2022\/06\/novena_08.jpg","contentUrl":"https:\/\/franciscanos.org.br\/noticias\/wp-content\/uploads\/2022\/06\/novena_08.jpg","width":1440,"height":1080},{"@type":"WebPage","@id":"https:\/\/franciscanos.org.br\/noticias\/8-dia-da-novena-de-pentecostes-jesus-amou-ate-o-fim.html#webpage","url":"https:\/\/franciscanos.org.br\/noticias\/8-dia-da-novena-de-pentecostes-jesus-amou-ate-o-fim.html","name":"8\u00b0 Dia da Novena de Pentecostes: \u201cJesus amou at\u00e9 o fim\u201d - Not\u00edcias - Franciscanos","isPartOf":{"@id":"https:\/\/franciscanos.org.br\/noticias\/#website"},"primaryImageOfPage":{"@id":"https:\/\/franciscanos.org.br\/noticias\/8-dia-da-novena-de-pentecostes-jesus-amou-ate-o-fim.html#primaryimage"},"datePublished":"2022-06-03T03:14:00+00:00","dateModified":"2022-06-04T19:16:25+00:00","author":{"@id":"https:\/\/franciscanos.org.br\/noticias\/#\/schema\/person\/b5c8cba458c330ccff548b056e95a5d4"},"breadcrumb":{"@id":"https:\/\/franciscanos.org.br\/noticias\/8-dia-da-novena-de-pentecostes-jesus-amou-ate-o-fim.html#breadcrumb"},"inLanguage":"pt-BR","potentialAction":[{"@type":"ReadAction","target":["https:\/\/franciscanos.org.br\/noticias\/8-dia-da-novena-de-pentecostes-jesus-amou-ate-o-fim.html"]}]},{"@type":"BreadcrumbList","@id":"https:\/\/franciscanos.org.br\/noticias\/8-dia-da-novena-de-pentecostes-jesus-amou-ate-o-fim.html#breadcrumb","itemListElement":[{"@type":"ListItem","position":1,"name":"Home","item":"https:\/\/franciscanos.org.br\/noticias"},{"@type":"ListItem","position":2,"name":"8\u00b0 Dia da Novena de Pentecostes: \u201cJesus amou at\u00e9 o fim\u201d"}]},{"@type":"Person","@id":"https:\/\/franciscanos.org.br\/noticias\/#\/schema\/person\/b5c8cba458c330ccff548b056e95a5d4","name":"moacir","image":{"@type":"ImageObject","inLanguage":"pt-BR","@id":"https:\/\/franciscanos.org.br\/noticias\/#\/schema\/person\/image\/","url":"https:\/\/secure.gravatar.com\/avatar\/d08aa2ce4c8dd416d4479aa8536fcf64?s=96&d=mm&r=g","contentUrl":"https:\/\/secure.gravatar.com\/avatar\/d08aa2ce4c8dd416d4479aa8536fcf64?s=96&d=mm&r=g","caption":"moacir"},"url":"https:\/\/franciscanos.org.br\/noticias\/author\/moacir"}]}},"_links":{"self":[{"href":"https:\/\/franciscanos.org.br\/noticias\/wp-json\/wp\/v2\/posts\/238244"}],"collection":[{"href":"https:\/\/franciscanos.org.br\/noticias\/wp-json\/wp\/v2\/posts"}],"about":[{"href":"https:\/\/franciscanos.org.br\/noticias\/wp-json\/wp\/v2\/types\/post"}],"author":[{"embeddable":true,"href":"https:\/\/franciscanos.org.br\/noticias\/wp-json\/wp\/v2\/users\/3"}],"replies":[{"embeddable":true,"href":"https:\/\/franciscanos.org.br\/noticias\/wp-json\/wp\/v2\/comments?post=238244"}],"version-history":[{"count":1,"href":"https:\/\/franciscanos.org.br\/noticias\/wp-json\/wp\/v2\/posts\/238244\/revisions"}],"predecessor-version":[{"id":238246,"href":"https:\/\/franciscanos.org.br\/noticias\/wp-json\/wp\/v2\/posts\/238244\/revisions\/238246"}],"wp:featuredmedia":[{"embeddable":true,"href":"https:\/\/franciscanos.org.br\/noticias\/wp-json\/wp\/v2\/media\/238245"}],"wp:attachment":[{"href":"https:\/\/franciscanos.org.br\/noticias\/wp-json\/wp\/v2\/media?parent=238244"}],"wp:term":[{"taxonomy":"category","embeddable":true,"href":"https:\/\/franciscanos.org.br\/noticias\/wp-json\/wp\/v2\/categories?post=238244"},{"taxonomy":"post_tag","embeddable":true,"href":"https:\/\/franciscanos.org.br\/noticias\/wp-json\/wp\/v2\/tags?post=238244"}],"curies":[{"name":"wp","href":"https:\/\/api.w.org\/{rel}","templated":true}]}}