{"id":238240,"date":"2022-06-02T00:07:12","date_gmt":"2022-06-02T03:07:12","guid":{"rendered":"https:\/\/franciscanos.org.br\/noticias\/?p=238240"},"modified":"2022-06-04T16:09:42","modified_gmt":"2022-06-04T19:09:42","slug":"7o-dia-da-novena-de-pentecostes-a-promessa-da-vinda","status":"publish","type":"post","link":"https:\/\/franciscanos.org.br\/noticias\/7o-dia-da-novena-de-pentecostes-a-promessa-da-vinda.html","title":{"rendered":"7\u00ba Dia da Novena de Pentecostes: \u201cA Promessa da Vinda\u201d"},"content":{"rendered":"<p><img loading=\"lazy\" class=\"alignnone size-full wp-image-238242\" src=\"https:\/\/franciscanos.org.br\/noticias\/wp-content\/uploads\/2022\/06\/novena_07-1.jpg\" alt=\"\" width=\"1536\" height=\"1152\" srcset=\"https:\/\/franciscanos.org.br\/noticias\/wp-content\/uploads\/2022\/06\/novena_07-1.jpg 1440w, https:\/\/franciscanos.org.br\/noticias\/wp-content\/uploads\/2022\/06\/novena_07-1-450x338.jpg 450w, https:\/\/franciscanos.org.br\/noticias\/wp-content\/uploads\/2022\/06\/novena_07-1-1024x768.jpg 1024w, https:\/\/franciscanos.org.br\/noticias\/wp-content\/uploads\/2022\/06\/novena_07-1-768x576.jpg 768w, https:\/\/franciscanos.org.br\/noticias\/wp-content\/uploads\/2022\/06\/novena_07-1-150x113.jpg 150w, https:\/\/franciscanos.org.br\/noticias\/wp-content\/uploads\/2022\/06\/novena_07-1-600x450.jpg 600w\" sizes=\"(max-width: 1536px) 100vw, 1536px\" \/><\/p>\n<p><strong>Vila Velha (ES)<\/strong> &#8211; Caminhando para o grande dia de Pentecostes, celebramos o 7\u00ba dia da Novena, com Missa presidida pelo Frei Alessandro Dias do Nascimento, da fraternidade do Convento da Penha, concelebrada pelos Freis Clar\u00eancio Neotti, Vanderlei da Silva Neves e Adriano Dias do Nascimento.<\/p>\n<p>Frei Alessandro iniciou saudando as m\u00e3es do grupo de M\u00e3es que Oram pelos Filhos e os adultos que ir\u00e3o receber o sacramento da Crisma no pr\u00f3ximo s\u00e1bado. Seguiu dizendo que estamos na semana da Ascen\u00e7\u00e3o do Senhor e estamos caminhando para Pentecostes. Ressaltou a import\u00e2ncia do sacramento da Crisma, momento em que os crismandos v\u00e3o fortalecer ainda mais a f\u00e9.<\/p>\n<p>Afirmou que \u201ca alma da igreja \u00e9 o Esp\u00edrito Santo. \u00c9 ele quem d\u00e1 o dinamismo a nossa f\u00e9\u201d. No Evangelho, Jesus faz a ora\u00e7\u00e3o ao Pai onde expressa o desejo que todos sejam um. E que assim devemos ser: que todos n\u00f3s sejamos um.<\/p>\n<p>Mais uma vez citando os crismandos, disse que eles v\u00e3o perceber que temos v\u00e1rios dons e carismas. E que n\u00e3o devemos nos preocupar em ser melhores do que os outros, mas lembrou que cada pessoa \u00e9 uma pessoa diferente. As divis\u00f5es ocorrem porque cada um quer viver do seu jeito e n\u00e3o como Jesus nos ensinou. A Igreja nos ensina que Deus \u00e9 o Senhor de nossas vidas. Todos estamos para servir a Deus, e n\u00f3s servimos a Deus, sempre que servimos ao pr\u00f3ximo. Temos que procurar o que nos une.<\/p>\n<p>Lembrou mais uma vez a presen\u00e7a das M\u00e3es que Oram pelos Filhos, com os ensinamentos de Nossa Senhora, mas que muitas vezes os filhos escolhem seguir por outros caminhos.<\/p>\n<p>Seguiu falando o quanto a humanidade \u00e9 dividida. Uns de direita, outros de esquerda. Na Igreja temos os tradicionalistas e os modernos. Para que tanta divis\u00e3o? Nos levou a refletir o celebrante da noite.<\/p>\n<p>Finalizou pedindo para que deixemos o Esp\u00edrito Santo cuidar e agir sobre n\u00f3s. Pe\u00e7amos a M\u00e3e de Jesus, para que sejamos fi\u00e9is ao que Jesus nos pede.<\/p>\n<hr \/>\n<p><em>Pascom da Par\u00f3quia do Ros\u00e1rio<\/em><\/p>\n","protected":false},"excerpt":{"rendered":"<p>Novena de Pentecostes<\/p>\n","protected":false},"author":3,"featured_media":238241,"comment_status":"open","ping_status":"open","sticky":false,"template":"","format":"standard","meta":[],"categories":[1],"tags":[1180],"acf":[],"yoast_head":"<!-- This site is optimized with the Yoast SEO plugin v19.2 - https:\/\/yoast.com\/wordpress\/plugins\/seo\/ -->\n<title>7\u00ba Dia da Novena de Pentecostes: \u201cA Promessa da Vinda\u201d - Not\u00edcias - Franciscanos<\/title>\n<meta name=\"robots\" content=\"index, follow, max-snippet:-1, max-image-preview:large, max-video-preview:-1\" \/>\n<link rel=\"canonical\" href=\"https:\/\/franciscanos.org.br\/noticias\/7o-dia-da-novena-de-pentecostes-a-promessa-da-vinda.html\" \/>\n<meta property=\"og:locale\" content=\"pt_BR\" \/>\n<meta property=\"og:type\" content=\"article\" \/>\n<meta property=\"og:title\" content=\"7\u00ba Dia da Novena de Pentecostes: \u201cA Promessa da Vinda\u201d - Not\u00edcias - Franciscanos\" \/>\n<meta property=\"og:description\" content=\"Novena de Pentecostes\" \/>\n<meta property=\"og:url\" content=\"https:\/\/franciscanos.org.br\/noticias\/7o-dia-da-novena-de-pentecostes-a-promessa-da-vinda.html\" \/>\n<meta property=\"og:site_name\" content=\"Not\u00edcias - Franciscanos\" \/>\n<meta property=\"article:published_time\" content=\"2022-06-02T03:07:12+00:00\" \/>\n<meta property=\"article:modified_time\" content=\"2022-06-04T19:09:42+00:00\" \/>\n<meta property=\"og:image\" content=\"https:\/\/franciscanos.org.br\/noticias\/wp-content\/uploads\/2022\/06\/novena_07.jpg\" \/>\n\t<meta property=\"og:image:width\" content=\"1440\" \/>\n\t<meta property=\"og:image:height\" content=\"1080\" \/>\n\t<meta property=\"og:image:type\" content=\"image\/jpeg\" \/>\n<meta name=\"author\" content=\"moacir\" \/>\n<meta name=\"twitter:card\" content=\"summary_large_image\" \/>\n<meta name=\"twitter:label1\" content=\"Escrito por\" \/>\n\t<meta name=\"twitter:data1\" content=\"moacir\" \/>\n\t<meta name=\"twitter:label2\" content=\"Est. tempo de leitura\" \/>\n\t<meta name=\"twitter:data2\" content=\"2 minutos\" \/>\n<script type=\"application\/ld+json\" class=\"yoast-schema-graph\">{\"@context\":\"https:\/\/schema.org\",\"@graph\":[{\"@type\":\"WebSite\",\"@id\":\"https:\/\/franciscanos.org.br\/noticias\/#website\",\"url\":\"https:\/\/franciscanos.org.br\/noticias\/\",\"name\":\"Not\u00edcias - Franciscanos\",\"description\":\"Prov\u00edncia Franciscana da Imaculada Concei\u00e7\u00e3o do Brasil - Ordem dos Frades Menores - OFM\",\"potentialAction\":[{\"@type\":\"SearchAction\",\"target\":{\"@type\":\"EntryPoint\",\"urlTemplate\":\"https:\/\/franciscanos.org.br\/noticias\/?s={search_term_string}\"},\"query-input\":\"required name=search_term_string\"}],\"inLanguage\":\"pt-BR\"},{\"@type\":\"ImageObject\",\"inLanguage\":\"pt-BR\",\"@id\":\"https:\/\/franciscanos.org.br\/noticias\/7o-dia-da-novena-de-pentecostes-a-promessa-da-vinda.html#primaryimage\",\"url\":\"https:\/\/franciscanos.org.br\/noticias\/wp-content\/uploads\/2022\/06\/novena_07.jpg\",\"contentUrl\":\"https:\/\/franciscanos.org.br\/noticias\/wp-content\/uploads\/2022\/06\/novena_07.jpg\",\"width\":1440,\"height\":1080},{\"@type\":\"WebPage\",\"@id\":\"https:\/\/franciscanos.org.br\/noticias\/7o-dia-da-novena-de-pentecostes-a-promessa-da-vinda.html#webpage\",\"url\":\"https:\/\/franciscanos.org.br\/noticias\/7o-dia-da-novena-de-pentecostes-a-promessa-da-vinda.html\",\"name\":\"7\u00ba Dia da Novena de Pentecostes: \u201cA Promessa da Vinda\u201d - Not\u00edcias - Franciscanos\",\"isPartOf\":{\"@id\":\"https:\/\/franciscanos.org.br\/noticias\/#website\"},\"primaryImageOfPage\":{\"@id\":\"https:\/\/franciscanos.org.br\/noticias\/7o-dia-da-novena-de-pentecostes-a-promessa-da-vinda.html#primaryimage\"},\"datePublished\":\"2022-06-02T03:07:12+00:00\",\"dateModified\":\"2022-06-04T19:09:42+00:00\",\"author\":{\"@id\":\"https:\/\/franciscanos.org.br\/noticias\/#\/schema\/person\/b5c8cba458c330ccff548b056e95a5d4\"},\"breadcrumb\":{\"@id\":\"https:\/\/franciscanos.org.br\/noticias\/7o-dia-da-novena-de-pentecostes-a-promessa-da-vinda.html#breadcrumb\"},\"inLanguage\":\"pt-BR\",\"potentialAction\":[{\"@type\":\"ReadAction\",\"target\":[\"https:\/\/franciscanos.org.br\/noticias\/7o-dia-da-novena-de-pentecostes-a-promessa-da-vinda.html\"]}]},{\"@type\":\"BreadcrumbList\",\"@id\":\"https:\/\/franciscanos.org.br\/noticias\/7o-dia-da-novena-de-pentecostes-a-promessa-da-vinda.html#breadcrumb\",\"itemListElement\":[{\"@type\":\"ListItem\",\"position\":1,\"name\":\"Home\",\"item\":\"https:\/\/franciscanos.org.br\/noticias\"},{\"@type\":\"ListItem\",\"position\":2,\"name\":\"7\u00ba Dia da Novena de Pentecostes: \u201cA Promessa da Vinda\u201d\"}]},{\"@type\":\"Person\",\"@id\":\"https:\/\/franciscanos.org.br\/noticias\/#\/schema\/person\/b5c8cba458c330ccff548b056e95a5d4\",\"name\":\"moacir\",\"image\":{\"@type\":\"ImageObject\",\"inLanguage\":\"pt-BR\",\"@id\":\"https:\/\/franciscanos.org.br\/noticias\/#\/schema\/person\/image\/\",\"url\":\"https:\/\/secure.gravatar.com\/avatar\/d08aa2ce4c8dd416d4479aa8536fcf64?s=96&d=mm&r=g\",\"contentUrl\":\"https:\/\/secure.gravatar.com\/avatar\/d08aa2ce4c8dd416d4479aa8536fcf64?s=96&d=mm&r=g\",\"caption\":\"moacir\"},\"url\":\"https:\/\/franciscanos.org.br\/noticias\/author\/moacir\"}]}<\/script>\n<!-- \/ Yoast SEO plugin. -->","yoast_head_json":{"title":"7\u00ba Dia da Novena de Pentecostes: \u201cA Promessa da Vinda\u201d - Not\u00edcias - Franciscanos","robots":{"index":"index","follow":"follow","max-snippet":"max-snippet:-1","max-image-preview":"max-image-preview:large","max-video-preview":"max-video-preview:-1"},"canonical":"https:\/\/franciscanos.org.br\/noticias\/7o-dia-da-novena-de-pentecostes-a-promessa-da-vinda.html","og_locale":"pt_BR","og_type":"article","og_title":"7\u00ba Dia da Novena de Pentecostes: \u201cA Promessa da Vinda\u201d - Not\u00edcias - Franciscanos","og_description":"Novena de Pentecostes","og_url":"https:\/\/franciscanos.org.br\/noticias\/7o-dia-da-novena-de-pentecostes-a-promessa-da-vinda.html","og_site_name":"Not\u00edcias - Franciscanos","article_published_time":"2022-06-02T03:07:12+00:00","article_modified_time":"2022-06-04T19:09:42+00:00","og_image":[{"width":1440,"height":1080,"url":"https:\/\/franciscanos.org.br\/noticias\/wp-content\/uploads\/2022\/06\/novena_07.jpg","type":"image\/jpeg"}],"author":"moacir","twitter_card":"summary_large_image","twitter_misc":{"Escrito por":"moacir","Est. tempo de leitura":"2 minutos"},"schema":{"@context":"https:\/\/schema.org","@graph":[{"@type":"WebSite","@id":"https:\/\/franciscanos.org.br\/noticias\/#website","url":"https:\/\/franciscanos.org.br\/noticias\/","name":"Not\u00edcias - Franciscanos","description":"Prov\u00edncia Franciscana da Imaculada Concei\u00e7\u00e3o do Brasil - Ordem dos Frades Menores - OFM","potentialAction":[{"@type":"SearchAction","target":{"@type":"EntryPoint","urlTemplate":"https:\/\/franciscanos.org.br\/noticias\/?s={search_term_string}"},"query-input":"required name=search_term_string"}],"inLanguage":"pt-BR"},{"@type":"ImageObject","inLanguage":"pt-BR","@id":"https:\/\/franciscanos.org.br\/noticias\/7o-dia-da-novena-de-pentecostes-a-promessa-da-vinda.html#primaryimage","url":"https:\/\/franciscanos.org.br\/noticias\/wp-content\/uploads\/2022\/06\/novena_07.jpg","contentUrl":"https:\/\/franciscanos.org.br\/noticias\/wp-content\/uploads\/2022\/06\/novena_07.jpg","width":1440,"height":1080},{"@type":"WebPage","@id":"https:\/\/franciscanos.org.br\/noticias\/7o-dia-da-novena-de-pentecostes-a-promessa-da-vinda.html#webpage","url":"https:\/\/franciscanos.org.br\/noticias\/7o-dia-da-novena-de-pentecostes-a-promessa-da-vinda.html","name":"7\u00ba Dia da Novena de Pentecostes: \u201cA Promessa da Vinda\u201d - Not\u00edcias - Franciscanos","isPartOf":{"@id":"https:\/\/franciscanos.org.br\/noticias\/#website"},"primaryImageOfPage":{"@id":"https:\/\/franciscanos.org.br\/noticias\/7o-dia-da-novena-de-pentecostes-a-promessa-da-vinda.html#primaryimage"},"datePublished":"2022-06-02T03:07:12+00:00","dateModified":"2022-06-04T19:09:42+00:00","author":{"@id":"https:\/\/franciscanos.org.br\/noticias\/#\/schema\/person\/b5c8cba458c330ccff548b056e95a5d4"},"breadcrumb":{"@id":"https:\/\/franciscanos.org.br\/noticias\/7o-dia-da-novena-de-pentecostes-a-promessa-da-vinda.html#breadcrumb"},"inLanguage":"pt-BR","potentialAction":[{"@type":"ReadAction","target":["https:\/\/franciscanos.org.br\/noticias\/7o-dia-da-novena-de-pentecostes-a-promessa-da-vinda.html"]}]},{"@type":"BreadcrumbList","@id":"https:\/\/franciscanos.org.br\/noticias\/7o-dia-da-novena-de-pentecostes-a-promessa-da-vinda.html#breadcrumb","itemListElement":[{"@type":"ListItem","position":1,"name":"Home","item":"https:\/\/franciscanos.org.br\/noticias"},{"@type":"ListItem","position":2,"name":"7\u00ba Dia da Novena de Pentecostes: \u201cA Promessa da Vinda\u201d"}]},{"@type":"Person","@id":"https:\/\/franciscanos.org.br\/noticias\/#\/schema\/person\/b5c8cba458c330ccff548b056e95a5d4","name":"moacir","image":{"@type":"ImageObject","inLanguage":"pt-BR","@id":"https:\/\/franciscanos.org.br\/noticias\/#\/schema\/person\/image\/","url":"https:\/\/secure.gravatar.com\/avatar\/d08aa2ce4c8dd416d4479aa8536fcf64?s=96&d=mm&r=g","contentUrl":"https:\/\/secure.gravatar.com\/avatar\/d08aa2ce4c8dd416d4479aa8536fcf64?s=96&d=mm&r=g","caption":"moacir"},"url":"https:\/\/franciscanos.org.br\/noticias\/author\/moacir"}]}},"_links":{"self":[{"href":"https:\/\/franciscanos.org.br\/noticias\/wp-json\/wp\/v2\/posts\/238240"}],"collection":[{"href":"https:\/\/franciscanos.org.br\/noticias\/wp-json\/wp\/v2\/posts"}],"about":[{"href":"https:\/\/franciscanos.org.br\/noticias\/wp-json\/wp\/v2\/types\/post"}],"author":[{"embeddable":true,"href":"https:\/\/franciscanos.org.br\/noticias\/wp-json\/wp\/v2\/users\/3"}],"replies":[{"embeddable":true,"href":"https:\/\/franciscanos.org.br\/noticias\/wp-json\/wp\/v2\/comments?post=238240"}],"version-history":[{"count":1,"href":"https:\/\/franciscanos.org.br\/noticias\/wp-json\/wp\/v2\/posts\/238240\/revisions"}],"predecessor-version":[{"id":238243,"href":"https:\/\/franciscanos.org.br\/noticias\/wp-json\/wp\/v2\/posts\/238240\/revisions\/238243"}],"wp:featuredmedia":[{"embeddable":true,"href":"https:\/\/franciscanos.org.br\/noticias\/wp-json\/wp\/v2\/media\/238241"}],"wp:attachment":[{"href":"https:\/\/franciscanos.org.br\/noticias\/wp-json\/wp\/v2\/media?parent=238240"}],"wp:term":[{"taxonomy":"category","embeddable":true,"href":"https:\/\/franciscanos.org.br\/noticias\/wp-json\/wp\/v2\/categories?post=238240"},{"taxonomy":"post_tag","embeddable":true,"href":"https:\/\/franciscanos.org.br\/noticias\/wp-json\/wp\/v2\/tags?post=238240"}],"curies":[{"name":"wp","href":"https:\/\/api.w.org\/{rel}","templated":true}]}}