{"id":238237,"date":"2022-06-04T16:00:27","date_gmt":"2022-06-04T19:00:27","guid":{"rendered":"https:\/\/franciscanos.org.br\/noticias\/?p=238237"},"modified":"2022-06-04T16:00:27","modified_gmt":"2022-06-04T19:00:27","slug":"d-leonardo-espero-ser-voz-e-gesto-do-papa-francisco-na-amazonia","status":"publish","type":"post","link":"https:\/\/franciscanos.org.br\/noticias\/d-leonardo-espero-ser-voz-e-gesto-do-papa-francisco-na-amazonia.html","title":{"rendered":"D. Leonardo: \u201cEspero ser voz e gesto do Papa Francisco na Amaz\u00f4nia\u201d"},"content":{"rendered":"<div id=\"attachment_238238\" style=\"width: 1290px\" class=\"wp-caption alignnone\"><img aria-describedby=\"caption-attachment-238238\" loading=\"lazy\" class=\"wp-image-238238 size-full\" src=\"https:\/\/franciscanos.org.br\/noticias\/wp-content\/uploads\/2022\/06\/domleonardo_04.jpg\" alt=\"\" width=\"1280\" height=\"720\" srcset=\"https:\/\/franciscanos.org.br\/noticias\/wp-content\/uploads\/2022\/06\/domleonardo_04.jpg 1280w, https:\/\/franciscanos.org.br\/noticias\/wp-content\/uploads\/2022\/06\/domleonardo_04-450x253.jpg 450w, https:\/\/franciscanos.org.br\/noticias\/wp-content\/uploads\/2022\/06\/domleonardo_04-1024x576.jpg 1024w, https:\/\/franciscanos.org.br\/noticias\/wp-content\/uploads\/2022\/06\/domleonardo_04-768x432.jpg 768w, https:\/\/franciscanos.org.br\/noticias\/wp-content\/uploads\/2022\/06\/domleonardo_04-150x84.jpg 150w\" sizes=\"(max-width: 1280px) 100vw, 1280px\" \/><p id=\"caption-attachment-238238\" class=\"wp-caption-text\">\u00a0 \u00a0 \u00a0 \u00a0 \u00a0 \u00a0 \u00a0 \u00a0 \u00a0 \u00a0 \u00a0 \u00a0 \u00a0 \u00a0 \u00a0 \u00a0 \u00a0 \u00a0 \u00a0 \u00a0 \u00a0 \u00a0 \u00a0 \u00a0 \u00a0 \u00a0 \u00a0 \u00a0 \u00a0 \u00a0 \u00a0 \u00a0 \u00a0 \u00a0 \u00a0 \u00a0 \u00a0 \u00a0 \u00a0 \u00a0 \u00a0 \u00a0 \u00a0 \u00a0 \u00a0 \u00a0 \u00a0 \u00a0 \u00a0 \u00a0 \u00a0 \u00a0 \u00a0 \u00a0 \u00a0 \u00a0 \u00a0 \u00a0 \u00a0 \u00a0 \u00a0 \u00a0 \u00a0 \u00a0 \u00a0 \u00a0 \u00a0 \u00a0 \u00a0 \u00a0 \u00a0 <em>\u00a0 \u00a0 \u00a0Imagem: CNBB<\/em><\/p><\/div>\n<p><em>O Vig\u00e1rio Provincial, Frei Gustavo Medella, entrevistou para o &#8220;Manh\u00e3 Franciscana&#8221;, o Arcebispo de Manaus, Dom Frei Leonardo Ulrich Steiner, que foi nomeado Cardeal no domingo, 29 de maio, pelo Papa Francisco. Dom Leonardo conta nesta entrevista que foi pego de surpresa com o an\u00fancio, fala da espiritualidade franciscana, dos desafios que tem na Amaz\u00f4nia, especialmente com o meio ambiente, que \u00e9 celebrado neste domingo, 5 de junho.<\/em><\/p>\n<p><em>\u00a0<\/em><em>Dom Leonardo nasceu 6 de novembro de 1950 em Forquilhinha (SC). Ingressou na Ordem dos Frades Menores no dia 20 de janeiro de 1972, admitido ao Noviciado desta Prov\u00edncia Franciscana da Imaculada Concei\u00e7\u00e3o do Brasil. Em 21 de janeiro de 1978 foi ordenado sacerdote pelas m\u00e3os do Arcebispo de S\u00e3o Paulo, Dom Paulo Evaristo Arns, seu primo. Em 2 de fevereiro de 2005 foi nomeado bispo da Prelazia de S\u00e3o F\u00e9lix do Araguaia, no Mato Grosso, sendo ordenado em 16 de abril por Dom Paulo Evaristo Arns. Em 10 de maio de 2011 foi eleito Secret\u00e1rio-Geral da CNBB e, em 21 de setembro do mesmo ano, foi nomeado bispo auxiliar da Arquidiocese de Bras\u00edlia.<\/em><\/p>\n<p><em>\u00a0<\/em><em>No dia 20 de abril de 2015, foi reeleito secret\u00e1rio-geral da CNBB. Seu mandato foi conclu\u00eddo no dia 10 de maio de 2019. No dia 27 de novembro de 2019, o Papa Francisco aceitou o pedido de ren\u00fancia apresentado por Dom S\u00e9rgio Eduardo Castriani ao governo pastoral da Arquidiocese de Manaus (AM) e nomeou como novo arcebispo Dom Leonardo Ulrich Steiner.<\/em><\/p>\n<p><strong>O Papa Francisco, na ora\u00e7\u00e3o <em>Regina Coeli<\/em> do domingo, 29 de maio,\u00a0 fez o an\u00fancio de nomea\u00e7\u00e3o como um dos novos cardeais da Igreja. De que maneira o sr. recebeu esta not\u00edcia?<\/strong><\/p>\n<p><strong>\u00a0<\/strong><strong>Dom Leonardo<\/strong> &#8211; Foi com surpresa, porque ele n\u00e3o entrou em contato antes, n\u00e3o existiu nenhum comunicado oficial de que seria nomeado e eu n\u00e3o estava participando desta celebra\u00e7\u00e3o porque tenho, nas manh\u00e3s de domingo, em Manaus, um momento na R\u00e1dio Difusora. E, saindo da R\u00e1dio, vou \u00e0 Catedral, onde celebro \u00e0s 7h30. \u00c9 neste espa\u00e7o, um pouco antes, que acontece esta ora\u00e7\u00e3o [<em>Regina Coeli<\/em>]. Aqui em Manaus s\u00e3o seis horas de diferen\u00e7a para Roma. Ent\u00e3o, fiquei sabendo atrav\u00e9s de outras pessoas e foi uma surpresa, uma grata surpresa. O que eu posso dizer? Alegria do povo da regi\u00e3o da Amaz\u00f4nia! Eu n\u00e3o pensei que para eles fosse t\u00e3o importante a nomea\u00e7\u00e3o de um dos bispos como Cardeal para a regi\u00e3o amaz\u00f4nica. \u00c9 como se eles estivessem inclu\u00eddos na nomea\u00e7\u00e3o.<\/p>\n<p><strong>O que significa essa escolha para a Igreja Cat\u00f3lica na Amaz\u00f4nia?<\/strong><\/p>\n<p><strong>\u00a0<\/strong><strong>Dom Leonardo<\/strong> &#8211; O Papa Francisco sempre de novo se interessava pela Amaz\u00f4nia. Cada vez que a presid\u00eancia da CNBB, da qual fiz parte, o visitava, ele sempre abordava a quest\u00e3o da Amaz\u00f4nia e tamb\u00e9m convocou um S\u00ednodo para a Regi\u00e3o. Quer dizer, o Papa realmente tem uma preocupa\u00e7\u00e3o com a Amaz\u00f4nia, com a Igreja que est\u00e1 na Amaz\u00f4nia, mas tamb\u00e9m com toda a realidade que comp\u00f5e esta vasta regi\u00e3o. Ele, depois, no documento \u201cQuerida Amaz\u00f4nia\u201d aborda em quatro sonhos as dimens\u00f5es diferentes de uma grande realidade, com a qual sempre esteve preocupado, interessado e tamb\u00e9m sempre de novo nos alertando. Eu penso que, ao me nomear, estando em Manaus, o Papa Francisco tenha pensado na Amaz\u00f4nia brasileira. N\u00e3o vejo como m\u00e9rito meu, n\u00e3o tenho m\u00e9rito para isso, mas ele tem a preocupa\u00e7\u00e3o. Eu espero corresponder a esse chamado, sendo voz e gesto da parte dele aqui nesta regi\u00e3o da Amaz\u00f4nia.<\/p>\n<p><strong>Na pr\u00e1tica, quais s\u00e3o os novos compromissos e tarefas que decorrem dessa sua escolha como Cardeal?<\/strong><\/p>\n<p><strong>\u00a0<\/strong><strong>Dom Leonardo<\/strong> &#8211; As tarefas, como tal, ainda dever\u00e3o vir em termos de compromissos com dicast\u00e9rios. Vai depender do Santo Padre. Mas o compromisso mais pr\u00f3ximo \u00e9 essa confian\u00e7a que ele deposita na minha pessoa, representando assim a Amaz\u00f4nia, de ser algu\u00e9m que possa colaborar com ele no seu minist\u00e9rio, como ele falou no domingo. Ao ver depois a fala dele, feita na Pra\u00e7a de S\u00e3o Pedro, ele disse &#8220;eu estou nomeando para que ajudem no exerc\u00edcio do meu minist\u00e9rio como Bispo de Roma\u201d. Eu espero dar essa colabora\u00e7\u00e3o, essa ajuda, estando aqui em Manaus, especialmente nessa quest\u00e3o da Amaz\u00f4nia. Eu espero tamb\u00e9m ajudar o Papa Francisco a implementar as orienta\u00e7\u00f5es, as conven\u00e7\u00f5es que ele tem expresso no documento \u201cQuerida Amaz\u00f4nia\u201d nos quatro sonhos. Ajudar nossas igrejas da Amaz\u00f4nia a colocar em pr\u00e1tica os sonhos do Papa Francisco. S\u00e3o muitos passos a serem dados. N\u00f3s teremos uma reuni\u00e3o semana pr\u00f3xima em Santar\u00e9m celebrando 50 anos do \u201cDocumento de Santar\u00e9m\u201d, que foi muito importante para todas as Igrejas que est\u00e3o na Amaz\u00f4nia e l\u00e1 deveremos tamb\u00e9m pensar e aprofundar a quest\u00e3o de como implementar as orienta\u00e7\u00f5es dele a partir do S\u00ednodo. Eu espero, agora como Cardeal, dar essa minha colabora\u00e7\u00e3o.<\/p>\n<p><strong>Dom Leonardo, o sr. \u00e9 frade da Prov\u00edncia da Imaculada Concei\u00e7\u00e3o, \u00e9 parente consangu\u00edneo do saudoso D. Paulo Evaristo Arns, tamb\u00e9m \u00e9 dele conterr\u00e2neo, pois os dois nasceram em Forquilhinha (SC). O sr. foi ordenado bispo com D. Paulo. De que maneira D. Paulo tem inspirado a sua miss\u00e3o na Igreja como bispo e agora vai lhe inspirar como Cardeal?<\/strong><\/p>\n<p><strong>\u00a0<\/strong><strong>Dom Leonardo<\/strong> &#8211; Eu devo muito como pessoa, como frade, bispo, \u00e0 forma\u00e7\u00e3o, \u00e0 educa\u00e7\u00e3o que recebi no seio familiar, mas tamb\u00e9m \u00e0 educa\u00e7\u00e3o que recebi na primeira escola, uma escola dirigida por religiosas. Uma escola que nasceu por iniciativa da pequena comunidade de Forquilhinha, uma escola que D. Paulo tamb\u00e9m frequentou. Naquele tempo eram dois professores leigos da comunidade. Quando estudei, essa escola j\u00e1 tinha se transformado numa escola dirigida por irm\u00e3s. Devo muito tamb\u00e9m \u00e0 forma\u00e7\u00e3o que eu recebi na Prov\u00edncia da Imaculada Concei\u00e7\u00e3o, nos seus semin\u00e1rios e depois especialmente no tempo de estudo da Filosofia e Teologia. Isso marca a personalidade, marca o pensamento, marca a a\u00e7\u00e3o evangelizadora. Eu penso que D. Paulo e eu temos em comum esses dois elementos fundamentais: uma forma\u00e7\u00e3o familiar e religiosa da comunidade, da escola que n\u00f3s frequentamos, mas tamb\u00e9m a forma\u00e7\u00e3o que a Prov\u00edncia sempre se esmerou em dar. Nesse sentido, a nossa inspira\u00e7\u00e3o \u00e9 um lugar comum, mas D. Paulo sempre me inspirou, foi ele que me ordenou padre. Eu o conheci mais de perto depois de frade, porque o contato era muito pouco. Minha m\u00e3e \u00e9 a mais nova da fam\u00edlia, e o pai de D. Paulo, o mais velho. Ent\u00e3o, quando eu nasci, D. Paulo j\u00e1 era padre. Eu estive na ordena\u00e7\u00e3o episcopal de D. Paulo com 14 anos. N\u00e3o havia uma conviv\u00eancia e ela come\u00e7ou a ser mais pr\u00f3xima depois da minha ordena\u00e7\u00e3o presbiteral. E depois da ordena\u00e7\u00e3o episcopal que a nossa rela\u00e7\u00e3o se tornou muito pr\u00f3xima. De poder visit\u00e1-lo, enviar correspond\u00eancias e telefonemas. O que sempre me inspirou em D. Paulo foi essa proximidade dele em rela\u00e7\u00e3o \u00e0s comunidades. A comunidade da periferia, esse cuidado com os pobres e uma palavra que ele usava sempre em qualquer homilia: paz. Foi um lutador pela paz, um construtor de paz, um anunciador da paz. Quando a gente esperava aquela express\u00e3o, quando ele diz assim: <em>a paz (imita D. Paulo prolongando a palavra)<\/em>, esse modo dele falar, esse modo dele pregar, marcava muito. E tamb\u00e9m toda a luta dele em termos de democracia brasileira. Ele foi uma pessoa importante, como outros bispos naturalmente. N\u00f3s estamos celebrando 100 anos do nascimento dele. Tem sa\u00eddo v\u00e1rios artigos, v\u00e1rias obras, recentemente me parece que saiu uma obra com diversos artigos, na qual eu fiz uma esp\u00e9cie de pref\u00e1cio, recordando essa grande figura. N\u00e3o \u00e9 pelo lado de parentesco, mas \u00e9 por essa inspira\u00e7\u00e3o, uma inspira\u00e7\u00e3o franciscana. \u00c0s vezes as pessoas se esquecem disso. N\u00e3o \u00e9 porque a gente n\u00e3o usa OFM quando escreve que deixa de ser frade. Esse modo de compreender a vida, esse modo de compreender as rela\u00e7\u00f5es, nos momentos mais dif\u00edceis \u00e9 sempre um sinal de esperan\u00e7a, \u00e9 sempre algu\u00e9m que acredita na for\u00e7a e no vigor da paz. Esse S\u00e3o Francisco de Assis que mostra, na sua pequenez, quem \u00e9 Jesus e a for\u00e7a do Evangelho. Nesse sentido, olhando para ele, se percebe esse frade seguidor de S\u00e3o Francisco, esse que procurou realmente seguir a Jesus e anunciar o seu Evangelho. Ser\u00e1 sempre uma inspira\u00e7\u00e3o, n\u00e3o s\u00f3 para mim, mas para tantos confrades e tantas pessoas do Brasil e do mundo.<\/p>\n<p><strong>O que podemos esperar de um-frade menor, de um filho de S\u00e3o Francisco, como Cardeal da Igreja?<\/strong><\/p>\n<p><strong>\u00a0<\/strong><strong>Dom Leonardo<\/strong> &#8211; O que voc\u00eas podem esperar e eu espero poder ser \u00e9 esse colaborador pr\u00f3ximo que o Papa espera que a gente seja. Eu espero ser fiel ao magist\u00e9rio do Papa Francisco, e aqui na Amaz\u00f4nia n\u00f3s temos elementos que s\u00e3o t\u00e3o franciscanos e que est\u00e3o sendo muito pisados. Por exemplo, a quest\u00e3o do meio ambiente aqui \u00e9 uma situa\u00e7\u00e3o dif\u00edcil, grave. A quest\u00e3o do garimpo. N\u00f3s temos rios onde o merc\u00fario est\u00e1 t\u00e3o presente que est\u00e1 amea\u00e7ando povos ind\u00edgenas, que vivem da pesca e tomam seu banho no rio. E o merc\u00fario entra, no momento do banho, pelo umbigo, e o leite materno est\u00e1 hoje contaminado pelo merc\u00fario. O organismo nosso n\u00e3o consegue eliminar o merc\u00fario. Veja o quanto \u00e9 grave isso. Como os nossos povos origin\u00e1rios e os povos ind\u00edgenas e os nossos irm\u00e3os ribeirinhos est\u00e3o correndo perigo! Espero como frade dar essa colabora\u00e7\u00e3o de ajudar abrir os olhos para essa realidade. Essa realidade toda est\u00e1 sendo guiada por gan\u00e2ncia, ao passo que temos tanta gente, gra\u00e7as a Deus, a come\u00e7ar pelos povos ind\u00edgenas e ribeirinhos, que t\u00eam um outro modo de pensar em rela\u00e7\u00e3o ao meio ambiente. E tamb\u00e9m tem grupos que pensam. Mas a depreda\u00e7\u00e3o do meio ambiente, a destrui\u00e7\u00e3o do meio ambiente, vem pela gan\u00e2ncia. E o nosso Pai S\u00e3o Francisco foi o homem da simplicidade e da pobreza, do viver com pouco, mas saber conviver com o meio ambiente. Quando as criaturas s\u00e3o irm\u00e3os, s\u00e3o irm\u00e3s. Eu espero nesse sentido dar minha colabora\u00e7\u00e3o, minha ajuda a partir da nossa espiritualidade franciscana.<\/p>\n<p><strong>O sr. j\u00e1 mencionou alguns desafios graves da Regi\u00e3o Amaz\u00f4nica, em rela\u00e7\u00e3o \u00e0 degrada\u00e7\u00e3o do meio ambiente e aos povos origin\u00e1rios. Al\u00e9m desses, quais seriam os outros desafios urgentes quando falamos em Amaz\u00f4nia?<\/strong><\/p>\n<p><strong>\u00a0<\/strong><strong>Dom Leonardo<\/strong> &#8211; Eu abordei apenas a quest\u00e3o do meio ambiente. No meio ambiente, n\u00f3s temos outras dificuldades que n\u00e3o mencionei, que \u00e9 a quest\u00e3o do desmatamento, o avan\u00e7o do agroneg\u00f3cio, mas tamb\u00e9m a quest\u00e3o da minera\u00e7\u00e3o. Como n\u00f3s temos uma riqueza at\u00e9 bastante grande, por exemplo como o ni\u00f3bio (<em>o Brasil \u00e9 o maior produtor do metal)<\/em> na nossa regi\u00e3o, existe uma gan\u00e2ncia internacional em rela\u00e7\u00e3o \u00e0 Amaz\u00f4nia. Mas existe uma gan\u00e2ncia em rela\u00e7\u00e3o \u00e0 madeira. N\u00f3s exportamos, e \u00e0s vezes ilegalmente, por isso o Ministro Salles caiu. Agora, fora esses elementos, a quest\u00e3o \u00e9 como os povos ind\u00edgenas est\u00e3o sendo atacados. Muitos deles se sentem profundamente agredidos, ao passo que eles t\u00eam uma riqueza enorme e est\u00e3o correndo um grande perigo com esse avan\u00e7o em cima da floresta Amaz\u00f4nica. O espa\u00e7o deles, a terra deles, ou melhor a casa deles, est\u00e1 sendo agredida e destru\u00edda. Destruindo-se esses pequenos povos, esses pequenos grupos, estamos perdendo culturas, estamos perdendo vidas. Fora essa quest\u00e3o que \u00e9 grav\u00edssima, n\u00f3s temos aqui, ao menos no Amazonas, a quest\u00e3o da sa\u00fade. A sa\u00fade daqui \u00e9 muito prec\u00e1ria. N\u00f3s, quando temos uma necessidade um pouco maior, s\u00f3 na cidade de Manaus. Ent\u00e3o, vejam a dist\u00e2ncia que as pessoas precisam percorrer. Eu fui levar o corpo do Dom Alcimar, bispo em\u00e9rito do Alto Solim\u00f5es, n\u00f3s levamos num avi\u00e3o pequeno mais de tr\u00eas horas de voo. Voc\u00ea imagina as dist\u00e2ncias. Agora, se for percorrer os rios, quanto tempo leva? No tempo da pandemia, n\u00e3o houve espa\u00e7o porque no interior n\u00e3o tinha atendimento suficiente e Manaus n\u00e3o suportou. N\u00e3o suportou&#8230; E ainda mais com a falta de oxig\u00eanio que houve, ent\u00e3o voc\u00ea imagina! Uma outra quest\u00e3o muito grave que temos \u00e9 a quest\u00e3o da viol\u00eancia. N\u00f3s temos muita viol\u00eancia aqui em Manaus, a disputa de grupos \u00e9 muito forte. E uma dificuldade que \u00e9 mais caracter\u00edstica nossa, da cidade de Manaus, que tem mais de 2 milh\u00f5es de habitantes, portanto mais da metade da popula\u00e7\u00e3o do Estado do Amazonas, \u00e9 a quest\u00e3o da periferia. Ela \u00e9 pobre, desorganizada, \u00e9 fruto de ocupa\u00e7\u00e3o. Ent\u00e3o, vai se ocupando, n\u00e3o se cuida do meio ambiente, n\u00e3o se cuida dos igarap\u00e9s. E simplesmente vai tomando conta e depois temos a quest\u00e3o de asfalto, de eletricidade, de esgoto, que ainda \u00e9 um problema ser\u00edssimo. N\u00f3s n\u00e3o chegamos a 20% de esgoto, \u00e1gua tratada e saneamento b\u00e1sico. Ent\u00e3o, numa cidade de mais de 2 milh\u00f5es de habitantes, voc\u00ea imagina o que isso significa para os nossos igarap\u00e9s e para os nossos rios, o que significa de dejetos indo para os\u00a0 rios e o que significa de pl\u00e1sticos, com a falta de recolhimento do lixo, indo para o oceano. S\u00e3o algumas das quest\u00f5es que preocupam e que temos procurado alertar para podermos caminhar e termos uma Amaz\u00f4nia mais harm\u00f4nica e mais tranquila.<\/p>\n<p><strong>O sr. gostaria de deixar uma mensagem final?<\/strong><\/p>\n<p><strong>\u00a0Dom Leonardo<\/strong> &#8211; Que Deus aben\u00e7oe a todos e que n\u00f3s possamos, todos juntos, caminhar como Igreja. N\u00f3s, a partir da espiritualidade de S\u00e3o Francisco de Assis, possamos ser essa presen\u00e7a de paz, essa presen\u00e7a que constr\u00f3i e eleva a vida na sua plenitude e que Deus aben\u00e7oe a todos!<\/p>\n","protected":false},"excerpt":{"rendered":"<p>Entrevista Dom Leonardo Steiner<\/p>\n","protected":false},"author":3,"featured_media":238238,"comment_status":"open","ping_status":"open","sticky":false,"template":"","format":"standard","meta":[],"categories":[758,1],"tags":[2023],"acf":[],"yoast_head":"<!-- This site is optimized with the Yoast SEO plugin v19.2 - https:\/\/yoast.com\/wordpress\/plugins\/seo\/ -->\n<title>D. Leonardo: \u201cEspero ser voz e gesto do Papa Francisco na Amaz\u00f4nia\u201d - Not\u00edcias - Franciscanos<\/title>\n<meta name=\"robots\" content=\"index, follow, max-snippet:-1, max-image-preview:large, max-video-preview:-1\" \/>\n<link rel=\"canonical\" href=\"https:\/\/franciscanos.org.br\/noticias\/d-leonardo-espero-ser-voz-e-gesto-do-papa-francisco-na-amazonia.html\" \/>\n<meta property=\"og:locale\" content=\"pt_BR\" \/>\n<meta property=\"og:type\" content=\"article\" \/>\n<meta property=\"og:title\" content=\"D. Leonardo: \u201cEspero ser voz e gesto do Papa Francisco na Amaz\u00f4nia\u201d - Not\u00edcias - Franciscanos\" \/>\n<meta property=\"og:description\" content=\"Entrevista Dom Leonardo Steiner\" \/>\n<meta property=\"og:url\" content=\"https:\/\/franciscanos.org.br\/noticias\/d-leonardo-espero-ser-voz-e-gesto-do-papa-francisco-na-amazonia.html\" \/>\n<meta property=\"og:site_name\" content=\"Not\u00edcias - Franciscanos\" \/>\n<meta property=\"article:published_time\" content=\"2022-06-04T19:00:27+00:00\" \/>\n<meta property=\"og:image\" content=\"https:\/\/franciscanos.org.br\/noticias\/wp-content\/uploads\/2022\/06\/domleonardo_04.jpg\" \/>\n\t<meta property=\"og:image:width\" content=\"1280\" \/>\n\t<meta property=\"og:image:height\" content=\"720\" \/>\n\t<meta property=\"og:image:type\" content=\"image\/jpeg\" \/>\n<meta name=\"author\" content=\"moacir\" \/>\n<meta name=\"twitter:card\" content=\"summary_large_image\" \/>\n<meta name=\"twitter:label1\" content=\"Escrito por\" \/>\n\t<meta name=\"twitter:data1\" content=\"moacir\" \/>\n\t<meta name=\"twitter:label2\" content=\"Est. tempo de leitura\" \/>\n\t<meta name=\"twitter:data2\" content=\"12 minutos\" \/>\n<script type=\"application\/ld+json\" class=\"yoast-schema-graph\">{\"@context\":\"https:\/\/schema.org\",\"@graph\":[{\"@type\":\"WebSite\",\"@id\":\"https:\/\/franciscanos.org.br\/noticias\/#website\",\"url\":\"https:\/\/franciscanos.org.br\/noticias\/\",\"name\":\"Not\u00edcias - Franciscanos\",\"description\":\"Prov\u00edncia Franciscana da Imaculada Concei\u00e7\u00e3o do Brasil - Ordem dos Frades Menores - OFM\",\"potentialAction\":[{\"@type\":\"SearchAction\",\"target\":{\"@type\":\"EntryPoint\",\"urlTemplate\":\"https:\/\/franciscanos.org.br\/noticias\/?s={search_term_string}\"},\"query-input\":\"required name=search_term_string\"}],\"inLanguage\":\"pt-BR\"},{\"@type\":\"ImageObject\",\"inLanguage\":\"pt-BR\",\"@id\":\"https:\/\/franciscanos.org.br\/noticias\/d-leonardo-espero-ser-voz-e-gesto-do-papa-francisco-na-amazonia.html#primaryimage\",\"url\":\"https:\/\/franciscanos.org.br\/noticias\/wp-content\/uploads\/2022\/06\/domleonardo_04.jpg\",\"contentUrl\":\"https:\/\/franciscanos.org.br\/noticias\/wp-content\/uploads\/2022\/06\/domleonardo_04.jpg\",\"width\":1280,\"height\":720},{\"@type\":\"WebPage\",\"@id\":\"https:\/\/franciscanos.org.br\/noticias\/d-leonardo-espero-ser-voz-e-gesto-do-papa-francisco-na-amazonia.html#webpage\",\"url\":\"https:\/\/franciscanos.org.br\/noticias\/d-leonardo-espero-ser-voz-e-gesto-do-papa-francisco-na-amazonia.html\",\"name\":\"D. Leonardo: \u201cEspero ser voz e gesto do Papa Francisco na Amaz\u00f4nia\u201d - Not\u00edcias - Franciscanos\",\"isPartOf\":{\"@id\":\"https:\/\/franciscanos.org.br\/noticias\/#website\"},\"primaryImageOfPage\":{\"@id\":\"https:\/\/franciscanos.org.br\/noticias\/d-leonardo-espero-ser-voz-e-gesto-do-papa-francisco-na-amazonia.html#primaryimage\"},\"datePublished\":\"2022-06-04T19:00:27+00:00\",\"dateModified\":\"2022-06-04T19:00:27+00:00\",\"author\":{\"@id\":\"https:\/\/franciscanos.org.br\/noticias\/#\/schema\/person\/b5c8cba458c330ccff548b056e95a5d4\"},\"breadcrumb\":{\"@id\":\"https:\/\/franciscanos.org.br\/noticias\/d-leonardo-espero-ser-voz-e-gesto-do-papa-francisco-na-amazonia.html#breadcrumb\"},\"inLanguage\":\"pt-BR\",\"potentialAction\":[{\"@type\":\"ReadAction\",\"target\":[\"https:\/\/franciscanos.org.br\/noticias\/d-leonardo-espero-ser-voz-e-gesto-do-papa-francisco-na-amazonia.html\"]}]},{\"@type\":\"BreadcrumbList\",\"@id\":\"https:\/\/franciscanos.org.br\/noticias\/d-leonardo-espero-ser-voz-e-gesto-do-papa-francisco-na-amazonia.html#breadcrumb\",\"itemListElement\":[{\"@type\":\"ListItem\",\"position\":1,\"name\":\"Home\",\"item\":\"https:\/\/franciscanos.org.br\/noticias\"},{\"@type\":\"ListItem\",\"position\":2,\"name\":\"D. Leonardo: \u201cEspero ser voz e gesto do Papa Francisco na Amaz\u00f4nia\u201d\"}]},{\"@type\":\"Person\",\"@id\":\"https:\/\/franciscanos.org.br\/noticias\/#\/schema\/person\/b5c8cba458c330ccff548b056e95a5d4\",\"name\":\"moacir\",\"image\":{\"@type\":\"ImageObject\",\"inLanguage\":\"pt-BR\",\"@id\":\"https:\/\/franciscanos.org.br\/noticias\/#\/schema\/person\/image\/\",\"url\":\"https:\/\/secure.gravatar.com\/avatar\/d08aa2ce4c8dd416d4479aa8536fcf64?s=96&d=mm&r=g\",\"contentUrl\":\"https:\/\/secure.gravatar.com\/avatar\/d08aa2ce4c8dd416d4479aa8536fcf64?s=96&d=mm&r=g\",\"caption\":\"moacir\"},\"url\":\"https:\/\/franciscanos.org.br\/noticias\/author\/moacir\"}]}<\/script>\n<!-- \/ Yoast SEO plugin. -->","yoast_head_json":{"title":"D. Leonardo: \u201cEspero ser voz e gesto do Papa Francisco na Amaz\u00f4nia\u201d - Not\u00edcias - Franciscanos","robots":{"index":"index","follow":"follow","max-snippet":"max-snippet:-1","max-image-preview":"max-image-preview:large","max-video-preview":"max-video-preview:-1"},"canonical":"https:\/\/franciscanos.org.br\/noticias\/d-leonardo-espero-ser-voz-e-gesto-do-papa-francisco-na-amazonia.html","og_locale":"pt_BR","og_type":"article","og_title":"D. Leonardo: \u201cEspero ser voz e gesto do Papa Francisco na Amaz\u00f4nia\u201d - Not\u00edcias - Franciscanos","og_description":"Entrevista Dom Leonardo Steiner","og_url":"https:\/\/franciscanos.org.br\/noticias\/d-leonardo-espero-ser-voz-e-gesto-do-papa-francisco-na-amazonia.html","og_site_name":"Not\u00edcias - Franciscanos","article_published_time":"2022-06-04T19:00:27+00:00","og_image":[{"width":1280,"height":720,"url":"https:\/\/franciscanos.org.br\/noticias\/wp-content\/uploads\/2022\/06\/domleonardo_04.jpg","type":"image\/jpeg"}],"author":"moacir","twitter_card":"summary_large_image","twitter_misc":{"Escrito por":"moacir","Est. tempo de leitura":"12 minutos"},"schema":{"@context":"https:\/\/schema.org","@graph":[{"@type":"WebSite","@id":"https:\/\/franciscanos.org.br\/noticias\/#website","url":"https:\/\/franciscanos.org.br\/noticias\/","name":"Not\u00edcias - Franciscanos","description":"Prov\u00edncia Franciscana da Imaculada Concei\u00e7\u00e3o do Brasil - Ordem dos Frades Menores - OFM","potentialAction":[{"@type":"SearchAction","target":{"@type":"EntryPoint","urlTemplate":"https:\/\/franciscanos.org.br\/noticias\/?s={search_term_string}"},"query-input":"required name=search_term_string"}],"inLanguage":"pt-BR"},{"@type":"ImageObject","inLanguage":"pt-BR","@id":"https:\/\/franciscanos.org.br\/noticias\/d-leonardo-espero-ser-voz-e-gesto-do-papa-francisco-na-amazonia.html#primaryimage","url":"https:\/\/franciscanos.org.br\/noticias\/wp-content\/uploads\/2022\/06\/domleonardo_04.jpg","contentUrl":"https:\/\/franciscanos.org.br\/noticias\/wp-content\/uploads\/2022\/06\/domleonardo_04.jpg","width":1280,"height":720},{"@type":"WebPage","@id":"https:\/\/franciscanos.org.br\/noticias\/d-leonardo-espero-ser-voz-e-gesto-do-papa-francisco-na-amazonia.html#webpage","url":"https:\/\/franciscanos.org.br\/noticias\/d-leonardo-espero-ser-voz-e-gesto-do-papa-francisco-na-amazonia.html","name":"D. Leonardo: \u201cEspero ser voz e gesto do Papa Francisco na Amaz\u00f4nia\u201d - Not\u00edcias - Franciscanos","isPartOf":{"@id":"https:\/\/franciscanos.org.br\/noticias\/#website"},"primaryImageOfPage":{"@id":"https:\/\/franciscanos.org.br\/noticias\/d-leonardo-espero-ser-voz-e-gesto-do-papa-francisco-na-amazonia.html#primaryimage"},"datePublished":"2022-06-04T19:00:27+00:00","dateModified":"2022-06-04T19:00:27+00:00","author":{"@id":"https:\/\/franciscanos.org.br\/noticias\/#\/schema\/person\/b5c8cba458c330ccff548b056e95a5d4"},"breadcrumb":{"@id":"https:\/\/franciscanos.org.br\/noticias\/d-leonardo-espero-ser-voz-e-gesto-do-papa-francisco-na-amazonia.html#breadcrumb"},"inLanguage":"pt-BR","potentialAction":[{"@type":"ReadAction","target":["https:\/\/franciscanos.org.br\/noticias\/d-leonardo-espero-ser-voz-e-gesto-do-papa-francisco-na-amazonia.html"]}]},{"@type":"BreadcrumbList","@id":"https:\/\/franciscanos.org.br\/noticias\/d-leonardo-espero-ser-voz-e-gesto-do-papa-francisco-na-amazonia.html#breadcrumb","itemListElement":[{"@type":"ListItem","position":1,"name":"Home","item":"https:\/\/franciscanos.org.br\/noticias"},{"@type":"ListItem","position":2,"name":"D. Leonardo: \u201cEspero ser voz e gesto do Papa Francisco na Amaz\u00f4nia\u201d"}]},{"@type":"Person","@id":"https:\/\/franciscanos.org.br\/noticias\/#\/schema\/person\/b5c8cba458c330ccff548b056e95a5d4","name":"moacir","image":{"@type":"ImageObject","inLanguage":"pt-BR","@id":"https:\/\/franciscanos.org.br\/noticias\/#\/schema\/person\/image\/","url":"https:\/\/secure.gravatar.com\/avatar\/d08aa2ce4c8dd416d4479aa8536fcf64?s=96&d=mm&r=g","contentUrl":"https:\/\/secure.gravatar.com\/avatar\/d08aa2ce4c8dd416d4479aa8536fcf64?s=96&d=mm&r=g","caption":"moacir"},"url":"https:\/\/franciscanos.org.br\/noticias\/author\/moacir"}]}},"_links":{"self":[{"href":"https:\/\/franciscanos.org.br\/noticias\/wp-json\/wp\/v2\/posts\/238237"}],"collection":[{"href":"https:\/\/franciscanos.org.br\/noticias\/wp-json\/wp\/v2\/posts"}],"about":[{"href":"https:\/\/franciscanos.org.br\/noticias\/wp-json\/wp\/v2\/types\/post"}],"author":[{"embeddable":true,"href":"https:\/\/franciscanos.org.br\/noticias\/wp-json\/wp\/v2\/users\/3"}],"replies":[{"embeddable":true,"href":"https:\/\/franciscanos.org.br\/noticias\/wp-json\/wp\/v2\/comments?post=238237"}],"version-history":[{"count":1,"href":"https:\/\/franciscanos.org.br\/noticias\/wp-json\/wp\/v2\/posts\/238237\/revisions"}],"predecessor-version":[{"id":238239,"href":"https:\/\/franciscanos.org.br\/noticias\/wp-json\/wp\/v2\/posts\/238237\/revisions\/238239"}],"wp:featuredmedia":[{"embeddable":true,"href":"https:\/\/franciscanos.org.br\/noticias\/wp-json\/wp\/v2\/media\/238238"}],"wp:attachment":[{"href":"https:\/\/franciscanos.org.br\/noticias\/wp-json\/wp\/v2\/media?parent=238237"}],"wp:term":[{"taxonomy":"category","embeddable":true,"href":"https:\/\/franciscanos.org.br\/noticias\/wp-json\/wp\/v2\/categories?post=238237"},{"taxonomy":"post_tag","embeddable":true,"href":"https:\/\/franciscanos.org.br\/noticias\/wp-json\/wp\/v2\/tags?post=238237"}],"curies":[{"name":"wp","href":"https:\/\/api.w.org\/{rel}","templated":true}]}}