{"id":238196,"date":"2022-06-03T20:25:25","date_gmt":"2022-06-03T23:25:25","guid":{"rendered":"https:\/\/franciscanos.org.br\/noticias\/?p=238196"},"modified":"2022-06-03T20:26:08","modified_gmt":"2022-06-03T23:26:08","slug":"frei-junior-o-sacerdote-e-o-homem-do-amor-misericordioso-de-deus","status":"publish","type":"post","link":"https:\/\/franciscanos.org.br\/noticias\/frei-junior-o-sacerdote-e-o-homem-do-amor-misericordioso-de-deus.html","title":{"rendered":"Frei Junior: \u201cO sacerdote \u00e9 o homem do amor misericordioso de Deus\u201d"},"content":{"rendered":"<p><img loading=\"lazy\" class=\"alignnone size-full wp-image-238197\" src=\"https:\/\/franciscanos.org.br\/noticias\/wp-content\/uploads\/2022\/06\/terceiro_03.jpg\" alt=\"\" width=\"1280\" height=\"720\" srcset=\"https:\/\/franciscanos.org.br\/noticias\/wp-content\/uploads\/2022\/06\/terceiro_03.jpg 1280w, https:\/\/franciscanos.org.br\/noticias\/wp-content\/uploads\/2022\/06\/terceiro_03-450x253.jpg 450w, https:\/\/franciscanos.org.br\/noticias\/wp-content\/uploads\/2022\/06\/terceiro_03-1024x576.jpg 1024w, https:\/\/franciscanos.org.br\/noticias\/wp-content\/uploads\/2022\/06\/terceiro_03-768x432.jpg 768w, https:\/\/franciscanos.org.br\/noticias\/wp-content\/uploads\/2022\/06\/terceiro_03-150x84.jpg 150w\" sizes=\"(max-width: 1280px) 100vw, 1280px\" \/><\/p>\n<p><strong>Petr\u00f3polis (RJ) \u2013<\/strong> \u201cFrei Alan, nunca esque\u00e7a que em todos os dias de nossas vidas, como homens consagrados, como Frades Menores, o Senhor sempre nos questiona. De modo especial Ele nos pergunta: Tu me amas?\u201d. Foi com essa motiva\u00e7\u00e3o que Frei Junior Mendes presidiu a Celebra\u00e7\u00e3o Eucar\u00edstica do 3\u00ba dia do Tr\u00edduo em prepara\u00e7\u00e3o para a Ordena\u00e7\u00e3o Presbiteral de Frei Alan Leal de Mattos, nesta sexta-feira (3\/06), \u00e0s 18h.<\/p>\n<p>A celebra\u00e7\u00e3o que foi transmitida pelas redes digitais da Par\u00f3quia do Sagrado foi concelebrada por Frei Alan e Frei Rafael Spricigo.\u00a0 A Igreja tamb\u00e9m celebra hoje a mem\u00f3ria de S\u00e3o Carlos Lwanga, companheiros m\u00e1rtires. No Sagrado, tamb\u00e9m se celebrou o 4\u00ba dia da Trezena de Santo Ant\u00f4nio.<\/p>\n<p><img loading=\"lazy\" class=\"alignnone size-full wp-image-238198\" src=\"https:\/\/franciscanos.org.br\/noticias\/wp-content\/uploads\/2022\/06\/terceiro_07.jpg\" alt=\"\" width=\"1280\" height=\"853\" srcset=\"https:\/\/franciscanos.org.br\/noticias\/wp-content\/uploads\/2022\/06\/terceiro_07.jpg 1280w, https:\/\/franciscanos.org.br\/noticias\/wp-content\/uploads\/2022\/06\/terceiro_07-450x300.jpg 450w, https:\/\/franciscanos.org.br\/noticias\/wp-content\/uploads\/2022\/06\/terceiro_07-1024x682.jpg 1024w, https:\/\/franciscanos.org.br\/noticias\/wp-content\/uploads\/2022\/06\/terceiro_07-768x512.jpg 768w, https:\/\/franciscanos.org.br\/noticias\/wp-content\/uploads\/2022\/06\/terceiro_07-150x100.jpg 150w\" sizes=\"(max-width: 1280px) 100vw, 1280px\" \/><\/p>\n<p>Frei Alan proclamou o Evangelho do dia (Jo 21,15-19). Na sequ\u00eancia, Frei Junior iniciou sua reflex\u00e3o dizendo que a Liturgia da Palavra apresenta a experi\u00eancia de S\u00e3o Paulo e de sua miss\u00e3o e evangeliza\u00e7\u00e3o. \u201cA liturgia nos fala de um Jesus que j\u00e1 morreu, mas que Paulo afirma estar vivo. \u00c9 este fato, este an\u00fancio, este querigma que vai levar Paulo a entregar o seu sangue em Roma, por amor a Jesus Cristo Nosso Senhor\u201d, disse.<\/p>\n<p>Segundo Frei Junior, esta \u00e9 tamb\u00e9m a mensagem principal do Evangelho. \u201cQuando o Filho de Deus, depois de ressuscitado, mais de uma vez aparece aqueles que s\u00e3o seus, vai como que formando, preparando aqueles homens fr\u00e1geis, cabe\u00e7udos, e vai preparando para a vinda do Esp\u00edrito Santo\u201d, destacou, explicando que no Evangelho de S\u00e3o Jo\u00e3o, os fatos v\u00e3o e voltam com uma perspic\u00e1cia muita bela da teologia joanina.<\/p>\n<p><img loading=\"lazy\" class=\"alignnone size-full wp-image-238199\" src=\"https:\/\/franciscanos.org.br\/noticias\/wp-content\/uploads\/2022\/06\/terceiro_04.jpg\" alt=\"\" width=\"1280\" height=\"853\" srcset=\"https:\/\/franciscanos.org.br\/noticias\/wp-content\/uploads\/2022\/06\/terceiro_04.jpg 1280w, https:\/\/franciscanos.org.br\/noticias\/wp-content\/uploads\/2022\/06\/terceiro_04-450x300.jpg 450w, https:\/\/franciscanos.org.br\/noticias\/wp-content\/uploads\/2022\/06\/terceiro_04-1024x682.jpg 1024w, https:\/\/franciscanos.org.br\/noticias\/wp-content\/uploads\/2022\/06\/terceiro_04-768x512.jpg 768w, https:\/\/franciscanos.org.br\/noticias\/wp-content\/uploads\/2022\/06\/terceiro_04-150x100.jpg 150w\" sizes=\"(max-width: 1280px) 100vw, 1280px\" \/><\/p>\n<p><img loading=\"lazy\" class=\"alignnone size-full wp-image-238200\" src=\"https:\/\/franciscanos.org.br\/noticias\/wp-content\/uploads\/2022\/06\/terceiro_12.jpg\" alt=\"\" width=\"1280\" height=\"853\" srcset=\"https:\/\/franciscanos.org.br\/noticias\/wp-content\/uploads\/2022\/06\/terceiro_12.jpg 1280w, https:\/\/franciscanos.org.br\/noticias\/wp-content\/uploads\/2022\/06\/terceiro_12-450x300.jpg 450w, https:\/\/franciscanos.org.br\/noticias\/wp-content\/uploads\/2022\/06\/terceiro_12-1024x682.jpg 1024w, https:\/\/franciscanos.org.br\/noticias\/wp-content\/uploads\/2022\/06\/terceiro_12-768x512.jpg 768w, https:\/\/franciscanos.org.br\/noticias\/wp-content\/uploads\/2022\/06\/terceiro_12-150x100.jpg 150w\" sizes=\"(max-width: 1280px) 100vw, 1280px\" \/><\/p>\n<p>\u201cAssim como Pedro negou tr\u00eas vezes o Senhor antes do galo cantar, neste momento do Evangelho, o Filho de Deus ressuscitado vai perguntar tr\u00eas vezes, Pedro, tu me amas? E esta pergunta \u00e9 para n\u00f3s todos. Porque esta \u00e9 a finalidade do Evangelho, esta \u00e9 a finalidade da Palavra de Deus. Essa pergunta \u00e9 para mim, para todos\u201d, ressaltou.<\/p>\n<p>Para Frei Junior, a resposta de Pedro perante os questionamentos do Senhor, revelam a sua humildade. \u201cEsta \u00e9 a atitude daquele homem en\u00e9rgico, forte, vigoroso e viril que neste momento \u00e9 convidado a declarar-se humildemente e reconhecer em seu cora\u00e7\u00e3o que Ele sabe tudo e tu sabes Senhor que eu te amo\u201d, revelou.<\/p>\n<p>Citando o Papa Francisco, Frei Junior disse que o sacerdote \u00e9 o homem do amor misericordioso de Deus. E neste sentido, fez um paralelo com os dois Franciscos, o de Assis e o de Roma. \u201cFrancisco de Assis convocava os frades a derramarem o seu cora\u00e7\u00e3o diante de Deus -essa \u00e9 a mesma atitude de S\u00e3o Pedro-, para abrirem o cora\u00e7\u00e3o humildemente diante de Deus. E S\u00e3o Francisco sempre olhava os sacerdotes com aquele olhar de que eles s\u00e3o os homens do amor de Deus\u201d, explicou.<\/p>\n\n\t\t<style type=\"text\/css\">\n\t\t\t#gallery-1 {\n\t\t\t\tmargin: auto;\n\t\t\t}\n\t\t\t#gallery-1 .gallery-item {\n\t\t\t\tfloat: left;\n\t\t\t\tmargin-top: 10px;\n\t\t\t\ttext-align: center;\n\t\t\t\twidth: 25%;\n\t\t\t}\n\t\t\t#gallery-1 img {\n\t\t\t\tborder: 2px solid #cfcfcf;\n\t\t\t}\n\t\t\t#gallery-1 .gallery-caption {\n\t\t\t\tmargin-left: 0;\n\t\t\t}\n\t\t\t\/* see gallery_shortcode() in wp-includes\/media.php *\/\n\t\t<\/style>\n\t\t<div id='gallery-1' class='gallery galleryid-238196 gallery-columns-4 gallery-size-thumbnail'><dl class='gallery-item'>\n\t\t\t<dt class='gallery-icon landscape'>\n\t\t\t\t<a href='https:\/\/franciscanos.org.br\/noticias\/wp-content\/uploads\/2022\/06\/terceiro_09.jpg'><img width=\"300\" height=\"300\" src=\"https:\/\/franciscanos.org.br\/noticias\/wp-content\/uploads\/2022\/06\/terceiro_09-300x300.jpg\" class=\"attachment-thumbnail size-thumbnail\" alt=\"\" loading=\"lazy\" srcset=\"https:\/\/franciscanos.org.br\/noticias\/wp-content\/uploads\/2022\/06\/terceiro_09-300x300.jpg 300w, https:\/\/franciscanos.org.br\/noticias\/wp-content\/uploads\/2022\/06\/terceiro_09-100x100.jpg 100w\" sizes=\"(max-width: 300px) 100vw, 300px\" \/><\/a>\n\t\t\t<\/dt><\/dl><dl class='gallery-item'>\n\t\t\t<dt class='gallery-icon landscape'>\n\t\t\t\t<a href='https:\/\/franciscanos.org.br\/noticias\/wp-content\/uploads\/2022\/06\/terceiro_05.jpg'><img width=\"300\" height=\"300\" src=\"https:\/\/franciscanos.org.br\/noticias\/wp-content\/uploads\/2022\/06\/terceiro_05-300x300.jpg\" class=\"attachment-thumbnail size-thumbnail\" alt=\"\" loading=\"lazy\" srcset=\"https:\/\/franciscanos.org.br\/noticias\/wp-content\/uploads\/2022\/06\/terceiro_05-300x300.jpg 300w, https:\/\/franciscanos.org.br\/noticias\/wp-content\/uploads\/2022\/06\/terceiro_05-100x100.jpg 100w\" sizes=\"(max-width: 300px) 100vw, 300px\" \/><\/a>\n\t\t\t<\/dt><\/dl><dl class='gallery-item'>\n\t\t\t<dt class='gallery-icon landscape'>\n\t\t\t\t<a href='https:\/\/franciscanos.org.br\/noticias\/wp-content\/uploads\/2022\/06\/01.jpg'><img width=\"300\" height=\"300\" src=\"https:\/\/franciscanos.org.br\/noticias\/wp-content\/uploads\/2022\/06\/01-300x300.jpg\" class=\"attachment-thumbnail size-thumbnail\" alt=\"\" loading=\"lazy\" srcset=\"https:\/\/franciscanos.org.br\/noticias\/wp-content\/uploads\/2022\/06\/01-300x300.jpg 300w, https:\/\/franciscanos.org.br\/noticias\/wp-content\/uploads\/2022\/06\/01-100x100.jpg 100w\" sizes=\"(max-width: 300px) 100vw, 300px\" \/><\/a>\n\t\t\t<\/dt><\/dl><dl class='gallery-item'>\n\t\t\t<dt class='gallery-icon landscape'>\n\t\t\t\t<a href='https:\/\/franciscanos.org.br\/noticias\/wp-content\/uploads\/2022\/06\/terceiro_08.jpg'><img width=\"300\" height=\"300\" src=\"https:\/\/franciscanos.org.br\/noticias\/wp-content\/uploads\/2022\/06\/terceiro_08-300x300.jpg\" class=\"attachment-thumbnail size-thumbnail\" alt=\"\" loading=\"lazy\" srcset=\"https:\/\/franciscanos.org.br\/noticias\/wp-content\/uploads\/2022\/06\/terceiro_08-300x300.jpg 300w, https:\/\/franciscanos.org.br\/noticias\/wp-content\/uploads\/2022\/06\/terceiro_08-100x100.jpg 100w\" sizes=\"(max-width: 300px) 100vw, 300px\" \/><\/a>\n\t\t\t<\/dt><\/dl><br style=\"clear: both\" \/>\n\t\t<\/div>\n\n<p><em>\u00a0 \u00a0 \u00a0 \u00a0 \u00a0 \u00a0 \u00a0 \u00a0 \u00a0 \u00a0 \u00a0 \u00a0 \u00a0 \u00a0 \u00a0 \u00a0 \u00a0 \u00a0 \u00a0 \u00a0 \u00a0 \u00a0 \u00a0 \u00a0 \u00a0 \u00a0 \u00a0 \u00a0 \u00a0 \u00a0 \u00a0 \u00a0 \u00a0 \u00a0 (toque nas imagens para ampli\u00e1-las)<\/em><\/p>\n<p>\u201cJ\u00e1 o Papa Francisco, cujo seu lema \u00e9 \u201ccom miseric\u00f3rdia o elegeu\u201d, afirma em uma de suas reflex\u00f5es para os novos presb\u00edteros, para que nunca jamais em suas vidas de homens de Deus, de ora\u00e7\u00e3o, do altar, de eleitos e enviados, deixem de proclamar as alegrias da miseric\u00f3rdia de Deus. \u00c9 um desafio muito grande porque o nosso lado humano muitas vezes fala mais forte. Muitas vezes queremos colocar o nosso interesse na frente. Muitas vezes n\u00f3s nos tornamos Pedros no sentido de o negarmos em nossa vida, mas, jamais devemos esquecer que Ele est\u00e1 perguntando dia e noite para Pedro: Tu me amas? Ele nos oferece miseric\u00f3rdia\u201d, destacou.<\/p>\n<p>\u201cPor isso Frei Alan, conte com as minhas ora\u00e7\u00f5es e seja este homem de derramar o cora\u00e7\u00e3o diante de Deus para levar o amor misericordioso para todos. Que Deus nos ajude e que sua gra\u00e7a des\u00e7a hoje e sempre diante de n\u00f3s\u201d, encerrou.<\/p>\n<p>Na sequ\u00eancia, Frei Je\u00e2 convidou Frei Alan para que fizesse seu juramento de fidelidade. Por isso, seu confrade de turma ordenado recentemente, Frei Josemberg Cardozo Aranha segurou o Evangeli\u00e1rio onde Frei Alan fez seu juramento. \u201cAo assumir a fun\u00e7\u00e3o de presb\u00edtero, prometo conservar sempre a comunh\u00e3o com a igreja cat\u00f3lica, quer nas minhas palavras, quer no meu modo de agir. Cumprirei com grande cuidado e fidelidade os deveres para com a igreja universal ou particular, na qual segundo as normas do direito, fui chamado a prestar o meu servi\u00e7o\u201d, diz um trecho do texto.<\/p>\n<p><img loading=\"lazy\" class=\"alignnone size-full wp-image-238206\" src=\"https:\/\/franciscanos.org.br\/noticias\/wp-content\/uploads\/2022\/06\/terceiro_11-1.jpg\" alt=\"\" width=\"1280\" height=\"853\" srcset=\"https:\/\/franciscanos.org.br\/noticias\/wp-content\/uploads\/2022\/06\/terceiro_11-1.jpg 1280w, https:\/\/franciscanos.org.br\/noticias\/wp-content\/uploads\/2022\/06\/terceiro_11-1-450x300.jpg 450w, https:\/\/franciscanos.org.br\/noticias\/wp-content\/uploads\/2022\/06\/terceiro_11-1-1024x682.jpg 1024w, https:\/\/franciscanos.org.br\/noticias\/wp-content\/uploads\/2022\/06\/terceiro_11-1-768x512.jpg 768w, https:\/\/franciscanos.org.br\/noticias\/wp-content\/uploads\/2022\/06\/terceiro_11-1-150x100.jpg 150w\" sizes=\"(max-width: 1280px) 100vw, 1280px\" \/><\/p>\n<p>Fazendo refer\u00eancia a voca\u00e7\u00e3o sacerdotal, Frei Junior ministrou a b\u00ean\u00e7\u00e3o nas vestes lit\u00fargicas e tamb\u00e9m no c\u00e1lice e patena que ser\u00e3o usados por Frei Alan na sua Primeira Missa. A comunidade acompanhou este momento com muita aten\u00e7\u00e3o e piedade.<\/p>\n<p>A celebra\u00e7\u00e3o teve continuidade com a liturgia eucar\u00edstica. Ap\u00f3s a comunh\u00e3o, Frei Je\u00e2 fez o convite para a Ordena\u00e7\u00e3o de Frei Alan que ser\u00e1 neste s\u00e1bado (4\/06), \u00e0s 10h, na Catedral S\u00e3o Pedro de Alc\u00e2ntara. \u201cAgradecemos de cora\u00e7\u00e3o a Par\u00f3quia do Sagrado, ao Frei Jorge Paulo Schiavini com suas lideran\u00e7as, aos frades do Tempo da Teologia, que nos ajudaram a preparar esta ordena\u00e7\u00e3o. Certamente sairemos engrandecidos com tudo o que vivemos aqui\u201d, disse.<\/p>\n<p>Frei Alan refor\u00e7ou o convite para a participa\u00e7\u00e3o em sua ordena\u00e7\u00e3o e agradeceu a todos os mission\u00e1rios que neste dia fizeram visitas em escolas e no Instituto dos Meninos Cantores de Petr\u00f3polis. Manifestou gratid\u00e3o tamb\u00e9m a todos os que os acolheram. \u201cNo dia 5 de junho, a Primeira Missa ser\u00e1 na Par\u00f3quia S\u00e3o Judas Tadeu, \u00e0s 11h. Espero encontrar todos voc\u00eas l\u00e1\u201d, convidou. No final, Frei Junior rezou pelas fam\u00edlias enlutadas e ministrou a b\u00ean\u00e7\u00e3o de Santo Ant\u00f4nio.<\/p>\n<hr \/>\n<p><em>Frei Augusto Luiz Gabriel (texto), Frei Gabriel Dellandrea (fotos)<\/em><\/p>\n","protected":false},"excerpt":{"rendered":"<p>Ordena\u00e7\u00e3o Presbiteral de Frei Alan Leal de Mattos<\/p>\n","protected":false},"author":3,"featured_media":238197,"comment_status":"open","ping_status":"open","sticky":false,"template":"","format":"standard","meta":[],"categories":[1],"tags":[157],"acf":[],"yoast_head":"<!-- This site is optimized with the Yoast SEO plugin v19.2 - https:\/\/yoast.com\/wordpress\/plugins\/seo\/ -->\n<title>Frei Junior: \u201cO sacerdote \u00e9 o homem do amor misericordioso de Deus\u201d - Not\u00edcias - Franciscanos<\/title>\n<meta name=\"robots\" content=\"index, follow, max-snippet:-1, max-image-preview:large, max-video-preview:-1\" \/>\n<link rel=\"canonical\" href=\"https:\/\/franciscanos.org.br\/noticias\/frei-junior-o-sacerdote-e-o-homem-do-amor-misericordioso-de-deus.html\" \/>\n<meta property=\"og:locale\" content=\"pt_BR\" \/>\n<meta property=\"og:type\" content=\"article\" \/>\n<meta property=\"og:title\" content=\"Frei Junior: \u201cO sacerdote \u00e9 o homem do amor misericordioso de Deus\u201d - Not\u00edcias - Franciscanos\" \/>\n<meta property=\"og:description\" content=\"Ordena\u00e7\u00e3o Presbiteral de Frei Alan Leal de Mattos\" \/>\n<meta property=\"og:url\" content=\"https:\/\/franciscanos.org.br\/noticias\/frei-junior-o-sacerdote-e-o-homem-do-amor-misericordioso-de-deus.html\" \/>\n<meta property=\"og:site_name\" content=\"Not\u00edcias - Franciscanos\" \/>\n<meta property=\"article:published_time\" content=\"2022-06-03T23:25:25+00:00\" \/>\n<meta property=\"article:modified_time\" content=\"2022-06-03T23:26:08+00:00\" \/>\n<meta property=\"og:image\" content=\"https:\/\/franciscanos.org.br\/noticias\/wp-content\/uploads\/2022\/06\/terceiro_03.jpg\" \/>\n\t<meta property=\"og:image:width\" content=\"1280\" \/>\n\t<meta property=\"og:image:height\" content=\"720\" \/>\n\t<meta property=\"og:image:type\" content=\"image\/jpeg\" \/>\n<meta name=\"author\" content=\"moacir\" \/>\n<meta name=\"twitter:card\" content=\"summary_large_image\" \/>\n<meta name=\"twitter:label1\" content=\"Escrito por\" \/>\n\t<meta name=\"twitter:data1\" content=\"moacir\" \/>\n\t<meta name=\"twitter:label2\" content=\"Est. tempo de leitura\" \/>\n\t<meta name=\"twitter:data2\" content=\"5 minutos\" \/>\n<script type=\"application\/ld+json\" class=\"yoast-schema-graph\">{\"@context\":\"https:\/\/schema.org\",\"@graph\":[{\"@type\":\"WebSite\",\"@id\":\"https:\/\/franciscanos.org.br\/noticias\/#website\",\"url\":\"https:\/\/franciscanos.org.br\/noticias\/\",\"name\":\"Not\u00edcias - Franciscanos\",\"description\":\"Prov\u00edncia Franciscana da Imaculada Concei\u00e7\u00e3o do Brasil - Ordem dos Frades Menores - OFM\",\"potentialAction\":[{\"@type\":\"SearchAction\",\"target\":{\"@type\":\"EntryPoint\",\"urlTemplate\":\"https:\/\/franciscanos.org.br\/noticias\/?s={search_term_string}\"},\"query-input\":\"required name=search_term_string\"}],\"inLanguage\":\"pt-BR\"},{\"@type\":\"ImageObject\",\"inLanguage\":\"pt-BR\",\"@id\":\"https:\/\/franciscanos.org.br\/noticias\/frei-junior-o-sacerdote-e-o-homem-do-amor-misericordioso-de-deus.html#primaryimage\",\"url\":\"https:\/\/franciscanos.org.br\/noticias\/wp-content\/uploads\/2022\/06\/terceiro_03.jpg\",\"contentUrl\":\"https:\/\/franciscanos.org.br\/noticias\/wp-content\/uploads\/2022\/06\/terceiro_03.jpg\",\"width\":1280,\"height\":720},{\"@type\":\"WebPage\",\"@id\":\"https:\/\/franciscanos.org.br\/noticias\/frei-junior-o-sacerdote-e-o-homem-do-amor-misericordioso-de-deus.html#webpage\",\"url\":\"https:\/\/franciscanos.org.br\/noticias\/frei-junior-o-sacerdote-e-o-homem-do-amor-misericordioso-de-deus.html\",\"name\":\"Frei Junior: \u201cO sacerdote \u00e9 o homem do amor misericordioso de Deus\u201d - Not\u00edcias - Franciscanos\",\"isPartOf\":{\"@id\":\"https:\/\/franciscanos.org.br\/noticias\/#website\"},\"primaryImageOfPage\":{\"@id\":\"https:\/\/franciscanos.org.br\/noticias\/frei-junior-o-sacerdote-e-o-homem-do-amor-misericordioso-de-deus.html#primaryimage\"},\"datePublished\":\"2022-06-03T23:25:25+00:00\",\"dateModified\":\"2022-06-03T23:26:08+00:00\",\"author\":{\"@id\":\"https:\/\/franciscanos.org.br\/noticias\/#\/schema\/person\/b5c8cba458c330ccff548b056e95a5d4\"},\"breadcrumb\":{\"@id\":\"https:\/\/franciscanos.org.br\/noticias\/frei-junior-o-sacerdote-e-o-homem-do-amor-misericordioso-de-deus.html#breadcrumb\"},\"inLanguage\":\"pt-BR\",\"potentialAction\":[{\"@type\":\"ReadAction\",\"target\":[\"https:\/\/franciscanos.org.br\/noticias\/frei-junior-o-sacerdote-e-o-homem-do-amor-misericordioso-de-deus.html\"]}]},{\"@type\":\"BreadcrumbList\",\"@id\":\"https:\/\/franciscanos.org.br\/noticias\/frei-junior-o-sacerdote-e-o-homem-do-amor-misericordioso-de-deus.html#breadcrumb\",\"itemListElement\":[{\"@type\":\"ListItem\",\"position\":1,\"name\":\"Home\",\"item\":\"https:\/\/franciscanos.org.br\/noticias\"},{\"@type\":\"ListItem\",\"position\":2,\"name\":\"Frei Junior: \u201cO sacerdote \u00e9 o homem do amor misericordioso de Deus\u201d\"}]},{\"@type\":\"Person\",\"@id\":\"https:\/\/franciscanos.org.br\/noticias\/#\/schema\/person\/b5c8cba458c330ccff548b056e95a5d4\",\"name\":\"moacir\",\"image\":{\"@type\":\"ImageObject\",\"inLanguage\":\"pt-BR\",\"@id\":\"https:\/\/franciscanos.org.br\/noticias\/#\/schema\/person\/image\/\",\"url\":\"https:\/\/secure.gravatar.com\/avatar\/d08aa2ce4c8dd416d4479aa8536fcf64?s=96&d=mm&r=g\",\"contentUrl\":\"https:\/\/secure.gravatar.com\/avatar\/d08aa2ce4c8dd416d4479aa8536fcf64?s=96&d=mm&r=g\",\"caption\":\"moacir\"},\"url\":\"https:\/\/franciscanos.org.br\/noticias\/author\/moacir\"}]}<\/script>\n<!-- \/ Yoast SEO plugin. -->","yoast_head_json":{"title":"Frei Junior: \u201cO sacerdote \u00e9 o homem do amor misericordioso de Deus\u201d - Not\u00edcias - Franciscanos","robots":{"index":"index","follow":"follow","max-snippet":"max-snippet:-1","max-image-preview":"max-image-preview:large","max-video-preview":"max-video-preview:-1"},"canonical":"https:\/\/franciscanos.org.br\/noticias\/frei-junior-o-sacerdote-e-o-homem-do-amor-misericordioso-de-deus.html","og_locale":"pt_BR","og_type":"article","og_title":"Frei Junior: \u201cO sacerdote \u00e9 o homem do amor misericordioso de Deus\u201d - Not\u00edcias - Franciscanos","og_description":"Ordena\u00e7\u00e3o Presbiteral de Frei Alan Leal de Mattos","og_url":"https:\/\/franciscanos.org.br\/noticias\/frei-junior-o-sacerdote-e-o-homem-do-amor-misericordioso-de-deus.html","og_site_name":"Not\u00edcias - Franciscanos","article_published_time":"2022-06-03T23:25:25+00:00","article_modified_time":"2022-06-03T23:26:08+00:00","og_image":[{"width":1280,"height":720,"url":"https:\/\/franciscanos.org.br\/noticias\/wp-content\/uploads\/2022\/06\/terceiro_03.jpg","type":"image\/jpeg"}],"author":"moacir","twitter_card":"summary_large_image","twitter_misc":{"Escrito por":"moacir","Est. tempo de leitura":"5 minutos"},"schema":{"@context":"https:\/\/schema.org","@graph":[{"@type":"WebSite","@id":"https:\/\/franciscanos.org.br\/noticias\/#website","url":"https:\/\/franciscanos.org.br\/noticias\/","name":"Not\u00edcias - Franciscanos","description":"Prov\u00edncia Franciscana da Imaculada Concei\u00e7\u00e3o do Brasil - Ordem dos Frades Menores - OFM","potentialAction":[{"@type":"SearchAction","target":{"@type":"EntryPoint","urlTemplate":"https:\/\/franciscanos.org.br\/noticias\/?s={search_term_string}"},"query-input":"required name=search_term_string"}],"inLanguage":"pt-BR"},{"@type":"ImageObject","inLanguage":"pt-BR","@id":"https:\/\/franciscanos.org.br\/noticias\/frei-junior-o-sacerdote-e-o-homem-do-amor-misericordioso-de-deus.html#primaryimage","url":"https:\/\/franciscanos.org.br\/noticias\/wp-content\/uploads\/2022\/06\/terceiro_03.jpg","contentUrl":"https:\/\/franciscanos.org.br\/noticias\/wp-content\/uploads\/2022\/06\/terceiro_03.jpg","width":1280,"height":720},{"@type":"WebPage","@id":"https:\/\/franciscanos.org.br\/noticias\/frei-junior-o-sacerdote-e-o-homem-do-amor-misericordioso-de-deus.html#webpage","url":"https:\/\/franciscanos.org.br\/noticias\/frei-junior-o-sacerdote-e-o-homem-do-amor-misericordioso-de-deus.html","name":"Frei Junior: \u201cO sacerdote \u00e9 o homem do amor misericordioso de Deus\u201d - Not\u00edcias - Franciscanos","isPartOf":{"@id":"https:\/\/franciscanos.org.br\/noticias\/#website"},"primaryImageOfPage":{"@id":"https:\/\/franciscanos.org.br\/noticias\/frei-junior-o-sacerdote-e-o-homem-do-amor-misericordioso-de-deus.html#primaryimage"},"datePublished":"2022-06-03T23:25:25+00:00","dateModified":"2022-06-03T23:26:08+00:00","author":{"@id":"https:\/\/franciscanos.org.br\/noticias\/#\/schema\/person\/b5c8cba458c330ccff548b056e95a5d4"},"breadcrumb":{"@id":"https:\/\/franciscanos.org.br\/noticias\/frei-junior-o-sacerdote-e-o-homem-do-amor-misericordioso-de-deus.html#breadcrumb"},"inLanguage":"pt-BR","potentialAction":[{"@type":"ReadAction","target":["https:\/\/franciscanos.org.br\/noticias\/frei-junior-o-sacerdote-e-o-homem-do-amor-misericordioso-de-deus.html"]}]},{"@type":"BreadcrumbList","@id":"https:\/\/franciscanos.org.br\/noticias\/frei-junior-o-sacerdote-e-o-homem-do-amor-misericordioso-de-deus.html#breadcrumb","itemListElement":[{"@type":"ListItem","position":1,"name":"Home","item":"https:\/\/franciscanos.org.br\/noticias"},{"@type":"ListItem","position":2,"name":"Frei Junior: \u201cO sacerdote \u00e9 o homem do amor misericordioso de Deus\u201d"}]},{"@type":"Person","@id":"https:\/\/franciscanos.org.br\/noticias\/#\/schema\/person\/b5c8cba458c330ccff548b056e95a5d4","name":"moacir","image":{"@type":"ImageObject","inLanguage":"pt-BR","@id":"https:\/\/franciscanos.org.br\/noticias\/#\/schema\/person\/image\/","url":"https:\/\/secure.gravatar.com\/avatar\/d08aa2ce4c8dd416d4479aa8536fcf64?s=96&d=mm&r=g","contentUrl":"https:\/\/secure.gravatar.com\/avatar\/d08aa2ce4c8dd416d4479aa8536fcf64?s=96&d=mm&r=g","caption":"moacir"},"url":"https:\/\/franciscanos.org.br\/noticias\/author\/moacir"}]}},"_links":{"self":[{"href":"https:\/\/franciscanos.org.br\/noticias\/wp-json\/wp\/v2\/posts\/238196"}],"collection":[{"href":"https:\/\/franciscanos.org.br\/noticias\/wp-json\/wp\/v2\/posts"}],"about":[{"href":"https:\/\/franciscanos.org.br\/noticias\/wp-json\/wp\/v2\/types\/post"}],"author":[{"embeddable":true,"href":"https:\/\/franciscanos.org.br\/noticias\/wp-json\/wp\/v2\/users\/3"}],"replies":[{"embeddable":true,"href":"https:\/\/franciscanos.org.br\/noticias\/wp-json\/wp\/v2\/comments?post=238196"}],"version-history":[{"count":2,"href":"https:\/\/franciscanos.org.br\/noticias\/wp-json\/wp\/v2\/posts\/238196\/revisions"}],"predecessor-version":[{"id":238208,"href":"https:\/\/franciscanos.org.br\/noticias\/wp-json\/wp\/v2\/posts\/238196\/revisions\/238208"}],"wp:featuredmedia":[{"embeddable":true,"href":"https:\/\/franciscanos.org.br\/noticias\/wp-json\/wp\/v2\/media\/238197"}],"wp:attachment":[{"href":"https:\/\/franciscanos.org.br\/noticias\/wp-json\/wp\/v2\/media?parent=238196"}],"wp:term":[{"taxonomy":"category","embeddable":true,"href":"https:\/\/franciscanos.org.br\/noticias\/wp-json\/wp\/v2\/categories?post=238196"},{"taxonomy":"post_tag","embeddable":true,"href":"https:\/\/franciscanos.org.br\/noticias\/wp-json\/wp\/v2\/tags?post=238196"}],"curies":[{"name":"wp","href":"https:\/\/api.w.org\/{rel}","templated":true}]}}