{"id":238190,"date":"2022-06-01T10:23:27","date_gmt":"2022-06-01T13:23:27","guid":{"rendered":"https:\/\/franciscanos.org.br\/noticias\/?p=238190"},"modified":"2022-06-04T16:12:06","modified_gmt":"2022-06-04T19:12:06","slug":"6o-dia-da-novena-de-pentecostes-jesus-passou-fazendo-o-bem","status":"publish","type":"post","link":"https:\/\/franciscanos.org.br\/noticias\/6o-dia-da-novena-de-pentecostes-jesus-passou-fazendo-o-bem.html","title":{"rendered":"6\u00ba Dia da Novena de Pentecostes: \u201cJesus passou fazendo o bem\u201d"},"content":{"rendered":"<p><img loading=\"lazy\" class=\"alignnone size-full wp-image-238191\" src=\"https:\/\/franciscanos.org.br\/noticias\/wp-content\/uploads\/2022\/06\/novena_santuario-scaled.jpg\" alt=\"\" width=\"1920\" height=\"1440\" srcset=\"https:\/\/franciscanos.org.br\/noticias\/wp-content\/uploads\/2022\/06\/novena_santuario-scaled.jpg 1440w, https:\/\/franciscanos.org.br\/noticias\/wp-content\/uploads\/2022\/06\/novena_santuario-450x338.jpg 450w, https:\/\/franciscanos.org.br\/noticias\/wp-content\/uploads\/2022\/06\/novena_santuario-1024x768.jpg 1024w, https:\/\/franciscanos.org.br\/noticias\/wp-content\/uploads\/2022\/06\/novena_santuario-768x576.jpg 768w, https:\/\/franciscanos.org.br\/noticias\/wp-content\/uploads\/2022\/06\/novena_santuario-1536x1152.jpg 1536w, https:\/\/franciscanos.org.br\/noticias\/wp-content\/uploads\/2022\/06\/novena_santuario-2048x1536.jpg 2048w, https:\/\/franciscanos.org.br\/noticias\/wp-content\/uploads\/2022\/06\/novena_santuario-150x113.jpg 150w, https:\/\/franciscanos.org.br\/noticias\/wp-content\/uploads\/2022\/06\/novena_santuario-600x450.jpg 600w\" sizes=\"(max-width: 1920px) 100vw, 1920px\" \/><\/p>\n<p>No sexto dia da Novena, recebemos o Frei Paulo C\u00e9sar Ferreira da Silva, do Convento da Penha, para celebrar e Frei Clar\u00eancio, Frei Vanderlei e Frei Adriano concelebraram a missa.<\/p>\n<p>Os membros do Grupo de Ora\u00e7\u00e3o do Divino Esp\u00edrito Santo entraram em prociss\u00e3o, um deles representando Jesus, acendeu a vela do sexto dia. O tema do dia era: Jesus passou fazendo o bem.<\/p>\n<p>Frei Paulo questionou em sua homilia: \u201cComo fazemos para persistir em busca do Esp\u00edrito Santo?!\u201d<\/p>\n<p>Atrav\u00e9s do batismo, recebemos o Esp\u00edrito Santo, que \u00e9 fonte de vida nova. N\u00f3s devemos vivenciar uma experi\u00eancia mais vital com Ele, o Esp\u00edrito da verdade, que n\u00e3o nos deixa enganar por falsas seguran\u00e7as.<\/p>\n<p>Afirmou que devemos recuperar sempre a nossa identidade de seguidores de Jesus, abandonar os caminhos que nos desviam do Evangelho, deixar nos transformar, nos moldar e nos atrair por sua novidade criadora e surpreendente.<\/p>\n<p>Ele completou dizendo: \u201cN\u00e3o basta saber que Jesus fazia o bem, o Diabo tamb\u00e9m sabia. [\u2026] \u00c9 necess\u00e1rio beber do Seu Esp\u00edrito.\u201d<\/p>\n<hr \/>\n<p><em>Pascom da Par\u00f3quia do Ros\u00e1rio<\/em><\/p>\n","protected":false},"excerpt":{"rendered":"<p>Novena de Pentecostes<\/p>\n","protected":false},"author":3,"featured_media":238191,"comment_status":"open","ping_status":"open","sticky":false,"template":"","format":"standard","meta":[],"categories":[1],"tags":[1180],"acf":[],"yoast_head":"<!-- This site is optimized with the Yoast SEO plugin v19.2 - https:\/\/yoast.com\/wordpress\/plugins\/seo\/ -->\n<title>6\u00ba Dia da Novena de Pentecostes: \u201cJesus passou fazendo o bem\u201d - Not\u00edcias - Franciscanos<\/title>\n<meta name=\"robots\" content=\"index, follow, max-snippet:-1, max-image-preview:large, max-video-preview:-1\" \/>\n<link rel=\"canonical\" href=\"https:\/\/franciscanos.org.br\/noticias\/6o-dia-da-novena-de-pentecostes-jesus-passou-fazendo-o-bem.html\" \/>\n<meta property=\"og:locale\" content=\"pt_BR\" \/>\n<meta property=\"og:type\" content=\"article\" \/>\n<meta property=\"og:title\" content=\"6\u00ba Dia da Novena de Pentecostes: \u201cJesus passou fazendo o bem\u201d - Not\u00edcias - Franciscanos\" \/>\n<meta property=\"og:description\" content=\"Novena de Pentecostes\" \/>\n<meta property=\"og:url\" content=\"https:\/\/franciscanos.org.br\/noticias\/6o-dia-da-novena-de-pentecostes-jesus-passou-fazendo-o-bem.html\" \/>\n<meta property=\"og:site_name\" content=\"Not\u00edcias - Franciscanos\" \/>\n<meta property=\"article:published_time\" content=\"2022-06-01T13:23:27+00:00\" \/>\n<meta property=\"article:modified_time\" content=\"2022-06-04T19:12:06+00:00\" \/>\n<meta property=\"og:image\" content=\"https:\/\/franciscanos.org.br\/noticias\/wp-content\/uploads\/2022\/06\/novena_santuario-scaled.jpg\" \/>\n\t<meta property=\"og:image:width\" content=\"1440\" \/>\n\t<meta property=\"og:image:height\" content=\"1080\" \/>\n\t<meta property=\"og:image:type\" content=\"image\/jpeg\" \/>\n<meta name=\"author\" content=\"moacir\" \/>\n<meta name=\"twitter:card\" content=\"summary_large_image\" \/>\n<meta name=\"twitter:label1\" content=\"Escrito por\" \/>\n\t<meta name=\"twitter:data1\" content=\"moacir\" \/>\n\t<meta name=\"twitter:label2\" content=\"Est. tempo de leitura\" \/>\n\t<meta name=\"twitter:data2\" content=\"1 minuto\" \/>\n<script type=\"application\/ld+json\" class=\"yoast-schema-graph\">{\"@context\":\"https:\/\/schema.org\",\"@graph\":[{\"@type\":\"WebSite\",\"@id\":\"https:\/\/franciscanos.org.br\/noticias\/#website\",\"url\":\"https:\/\/franciscanos.org.br\/noticias\/\",\"name\":\"Not\u00edcias - Franciscanos\",\"description\":\"Prov\u00edncia Franciscana da Imaculada Concei\u00e7\u00e3o do Brasil - Ordem dos Frades Menores - OFM\",\"potentialAction\":[{\"@type\":\"SearchAction\",\"target\":{\"@type\":\"EntryPoint\",\"urlTemplate\":\"https:\/\/franciscanos.org.br\/noticias\/?s={search_term_string}\"},\"query-input\":\"required name=search_term_string\"}],\"inLanguage\":\"pt-BR\"},{\"@type\":\"ImageObject\",\"inLanguage\":\"pt-BR\",\"@id\":\"https:\/\/franciscanos.org.br\/noticias\/6o-dia-da-novena-de-pentecostes-jesus-passou-fazendo-o-bem.html#primaryimage\",\"url\":\"https:\/\/franciscanos.org.br\/noticias\/wp-content\/uploads\/2022\/06\/novena_santuario-scaled.jpg\",\"contentUrl\":\"https:\/\/franciscanos.org.br\/noticias\/wp-content\/uploads\/2022\/06\/novena_santuario-scaled.jpg\",\"width\":1440,\"height\":1080},{\"@type\":\"WebPage\",\"@id\":\"https:\/\/franciscanos.org.br\/noticias\/6o-dia-da-novena-de-pentecostes-jesus-passou-fazendo-o-bem.html#webpage\",\"url\":\"https:\/\/franciscanos.org.br\/noticias\/6o-dia-da-novena-de-pentecostes-jesus-passou-fazendo-o-bem.html\",\"name\":\"6\u00ba Dia da Novena de Pentecostes: \u201cJesus passou fazendo o bem\u201d - Not\u00edcias - Franciscanos\",\"isPartOf\":{\"@id\":\"https:\/\/franciscanos.org.br\/noticias\/#website\"},\"primaryImageOfPage\":{\"@id\":\"https:\/\/franciscanos.org.br\/noticias\/6o-dia-da-novena-de-pentecostes-jesus-passou-fazendo-o-bem.html#primaryimage\"},\"datePublished\":\"2022-06-01T13:23:27+00:00\",\"dateModified\":\"2022-06-04T19:12:06+00:00\",\"author\":{\"@id\":\"https:\/\/franciscanos.org.br\/noticias\/#\/schema\/person\/b5c8cba458c330ccff548b056e95a5d4\"},\"breadcrumb\":{\"@id\":\"https:\/\/franciscanos.org.br\/noticias\/6o-dia-da-novena-de-pentecostes-jesus-passou-fazendo-o-bem.html#breadcrumb\"},\"inLanguage\":\"pt-BR\",\"potentialAction\":[{\"@type\":\"ReadAction\",\"target\":[\"https:\/\/franciscanos.org.br\/noticias\/6o-dia-da-novena-de-pentecostes-jesus-passou-fazendo-o-bem.html\"]}]},{\"@type\":\"BreadcrumbList\",\"@id\":\"https:\/\/franciscanos.org.br\/noticias\/6o-dia-da-novena-de-pentecostes-jesus-passou-fazendo-o-bem.html#breadcrumb\",\"itemListElement\":[{\"@type\":\"ListItem\",\"position\":1,\"name\":\"Home\",\"item\":\"https:\/\/franciscanos.org.br\/noticias\"},{\"@type\":\"ListItem\",\"position\":2,\"name\":\"6\u00ba Dia da Novena de Pentecostes: \u201cJesus passou fazendo o bem\u201d\"}]},{\"@type\":\"Person\",\"@id\":\"https:\/\/franciscanos.org.br\/noticias\/#\/schema\/person\/b5c8cba458c330ccff548b056e95a5d4\",\"name\":\"moacir\",\"image\":{\"@type\":\"ImageObject\",\"inLanguage\":\"pt-BR\",\"@id\":\"https:\/\/franciscanos.org.br\/noticias\/#\/schema\/person\/image\/\",\"url\":\"https:\/\/secure.gravatar.com\/avatar\/d08aa2ce4c8dd416d4479aa8536fcf64?s=96&d=mm&r=g\",\"contentUrl\":\"https:\/\/secure.gravatar.com\/avatar\/d08aa2ce4c8dd416d4479aa8536fcf64?s=96&d=mm&r=g\",\"caption\":\"moacir\"},\"url\":\"https:\/\/franciscanos.org.br\/noticias\/author\/moacir\"}]}<\/script>\n<!-- \/ Yoast SEO plugin. -->","yoast_head_json":{"title":"6\u00ba Dia da Novena de Pentecostes: \u201cJesus passou fazendo o bem\u201d - Not\u00edcias - Franciscanos","robots":{"index":"index","follow":"follow","max-snippet":"max-snippet:-1","max-image-preview":"max-image-preview:large","max-video-preview":"max-video-preview:-1"},"canonical":"https:\/\/franciscanos.org.br\/noticias\/6o-dia-da-novena-de-pentecostes-jesus-passou-fazendo-o-bem.html","og_locale":"pt_BR","og_type":"article","og_title":"6\u00ba Dia da Novena de Pentecostes: \u201cJesus passou fazendo o bem\u201d - Not\u00edcias - Franciscanos","og_description":"Novena de Pentecostes","og_url":"https:\/\/franciscanos.org.br\/noticias\/6o-dia-da-novena-de-pentecostes-jesus-passou-fazendo-o-bem.html","og_site_name":"Not\u00edcias - Franciscanos","article_published_time":"2022-06-01T13:23:27+00:00","article_modified_time":"2022-06-04T19:12:06+00:00","og_image":[{"width":1440,"height":1080,"url":"https:\/\/franciscanos.org.br\/noticias\/wp-content\/uploads\/2022\/06\/novena_santuario-scaled.jpg","type":"image\/jpeg"}],"author":"moacir","twitter_card":"summary_large_image","twitter_misc":{"Escrito por":"moacir","Est. tempo de leitura":"1 minuto"},"schema":{"@context":"https:\/\/schema.org","@graph":[{"@type":"WebSite","@id":"https:\/\/franciscanos.org.br\/noticias\/#website","url":"https:\/\/franciscanos.org.br\/noticias\/","name":"Not\u00edcias - Franciscanos","description":"Prov\u00edncia Franciscana da Imaculada Concei\u00e7\u00e3o do Brasil - Ordem dos Frades Menores - OFM","potentialAction":[{"@type":"SearchAction","target":{"@type":"EntryPoint","urlTemplate":"https:\/\/franciscanos.org.br\/noticias\/?s={search_term_string}"},"query-input":"required name=search_term_string"}],"inLanguage":"pt-BR"},{"@type":"ImageObject","inLanguage":"pt-BR","@id":"https:\/\/franciscanos.org.br\/noticias\/6o-dia-da-novena-de-pentecostes-jesus-passou-fazendo-o-bem.html#primaryimage","url":"https:\/\/franciscanos.org.br\/noticias\/wp-content\/uploads\/2022\/06\/novena_santuario-scaled.jpg","contentUrl":"https:\/\/franciscanos.org.br\/noticias\/wp-content\/uploads\/2022\/06\/novena_santuario-scaled.jpg","width":1440,"height":1080},{"@type":"WebPage","@id":"https:\/\/franciscanos.org.br\/noticias\/6o-dia-da-novena-de-pentecostes-jesus-passou-fazendo-o-bem.html#webpage","url":"https:\/\/franciscanos.org.br\/noticias\/6o-dia-da-novena-de-pentecostes-jesus-passou-fazendo-o-bem.html","name":"6\u00ba Dia da Novena de Pentecostes: \u201cJesus passou fazendo o bem\u201d - Not\u00edcias - Franciscanos","isPartOf":{"@id":"https:\/\/franciscanos.org.br\/noticias\/#website"},"primaryImageOfPage":{"@id":"https:\/\/franciscanos.org.br\/noticias\/6o-dia-da-novena-de-pentecostes-jesus-passou-fazendo-o-bem.html#primaryimage"},"datePublished":"2022-06-01T13:23:27+00:00","dateModified":"2022-06-04T19:12:06+00:00","author":{"@id":"https:\/\/franciscanos.org.br\/noticias\/#\/schema\/person\/b5c8cba458c330ccff548b056e95a5d4"},"breadcrumb":{"@id":"https:\/\/franciscanos.org.br\/noticias\/6o-dia-da-novena-de-pentecostes-jesus-passou-fazendo-o-bem.html#breadcrumb"},"inLanguage":"pt-BR","potentialAction":[{"@type":"ReadAction","target":["https:\/\/franciscanos.org.br\/noticias\/6o-dia-da-novena-de-pentecostes-jesus-passou-fazendo-o-bem.html"]}]},{"@type":"BreadcrumbList","@id":"https:\/\/franciscanos.org.br\/noticias\/6o-dia-da-novena-de-pentecostes-jesus-passou-fazendo-o-bem.html#breadcrumb","itemListElement":[{"@type":"ListItem","position":1,"name":"Home","item":"https:\/\/franciscanos.org.br\/noticias"},{"@type":"ListItem","position":2,"name":"6\u00ba Dia da Novena de Pentecostes: \u201cJesus passou fazendo o bem\u201d"}]},{"@type":"Person","@id":"https:\/\/franciscanos.org.br\/noticias\/#\/schema\/person\/b5c8cba458c330ccff548b056e95a5d4","name":"moacir","image":{"@type":"ImageObject","inLanguage":"pt-BR","@id":"https:\/\/franciscanos.org.br\/noticias\/#\/schema\/person\/image\/","url":"https:\/\/secure.gravatar.com\/avatar\/d08aa2ce4c8dd416d4479aa8536fcf64?s=96&d=mm&r=g","contentUrl":"https:\/\/secure.gravatar.com\/avatar\/d08aa2ce4c8dd416d4479aa8536fcf64?s=96&d=mm&r=g","caption":"moacir"},"url":"https:\/\/franciscanos.org.br\/noticias\/author\/moacir"}]}},"_links":{"self":[{"href":"https:\/\/franciscanos.org.br\/noticias\/wp-json\/wp\/v2\/posts\/238190"}],"collection":[{"href":"https:\/\/franciscanos.org.br\/noticias\/wp-json\/wp\/v2\/posts"}],"about":[{"href":"https:\/\/franciscanos.org.br\/noticias\/wp-json\/wp\/v2\/types\/post"}],"author":[{"embeddable":true,"href":"https:\/\/franciscanos.org.br\/noticias\/wp-json\/wp\/v2\/users\/3"}],"replies":[{"embeddable":true,"href":"https:\/\/franciscanos.org.br\/noticias\/wp-json\/wp\/v2\/comments?post=238190"}],"version-history":[{"count":1,"href":"https:\/\/franciscanos.org.br\/noticias\/wp-json\/wp\/v2\/posts\/238190\/revisions"}],"predecessor-version":[{"id":238192,"href":"https:\/\/franciscanos.org.br\/noticias\/wp-json\/wp\/v2\/posts\/238190\/revisions\/238192"}],"wp:featuredmedia":[{"embeddable":true,"href":"https:\/\/franciscanos.org.br\/noticias\/wp-json\/wp\/v2\/media\/238191"}],"wp:attachment":[{"href":"https:\/\/franciscanos.org.br\/noticias\/wp-json\/wp\/v2\/media?parent=238190"}],"wp:term":[{"taxonomy":"category","embeddable":true,"href":"https:\/\/franciscanos.org.br\/noticias\/wp-json\/wp\/v2\/categories?post=238190"},{"taxonomy":"post_tag","embeddable":true,"href":"https:\/\/franciscanos.org.br\/noticias\/wp-json\/wp\/v2\/tags?post=238190"}],"curies":[{"name":"wp","href":"https:\/\/api.w.org\/{rel}","templated":true}]}}