{"id":238175,"date":"2022-06-03T07:42:46","date_gmt":"2022-06-03T10:42:46","guid":{"rendered":"https:\/\/franciscanos.org.br\/noticias\/?p=238175"},"modified":"2022-06-03T12:38:31","modified_gmt":"2022-06-03T15:38:31","slug":"frei-rafael-para-frei-alan-ser-religioso-e-deixar-se-refazer-modelar-pelo-senhor","status":"publish","type":"post","link":"https:\/\/franciscanos.org.br\/noticias\/frei-rafael-para-frei-alan-ser-religioso-e-deixar-se-refazer-modelar-pelo-senhor.html","title":{"rendered":"Frei Rafael para Frei Alan: \u201cSer religioso \u00e9 deixar-se refazer, modelar pelo Senhor\u201d"},"content":{"rendered":"<p><img loading=\"lazy\" class=\"alignnone size-full wp-image-238176\" src=\"https:\/\/franciscanos.org.br\/noticias\/wp-content\/uploads\/2022\/06\/segundodia_0306_5.jpg\" alt=\"\" width=\"1280\" height=\"720\" srcset=\"https:\/\/franciscanos.org.br\/noticias\/wp-content\/uploads\/2022\/06\/segundodia_0306_5.jpg 1280w, https:\/\/franciscanos.org.br\/noticias\/wp-content\/uploads\/2022\/06\/segundodia_0306_5-450x253.jpg 450w, https:\/\/franciscanos.org.br\/noticias\/wp-content\/uploads\/2022\/06\/segundodia_0306_5-1024x576.jpg 1024w, https:\/\/franciscanos.org.br\/noticias\/wp-content\/uploads\/2022\/06\/segundodia_0306_5-768x432.jpg 768w, https:\/\/franciscanos.org.br\/noticias\/wp-content\/uploads\/2022\/06\/segundodia_0306_5-150x84.jpg 150w\" sizes=\"(max-width: 1280px) 100vw, 1280px\" \/><\/p>\n<p>A cidade Imperial recebeu por mais um dia a presen\u00e7a mission\u00e1ria dos frades franciscanos. Frades de diferentes lugares da Prov\u00edncia est\u00e3o em Petr\u00f3polis para a prepara\u00e7\u00e3o da Ordena\u00e7\u00e3o Presbiteral de Frei Alan Leal de Mattos. O dia 02 de junho, que terminou com o tradicional \u201cru\u00e7o\u201d, nem parecia o mesmo que amanhecera com um sol t\u00e3o aberto e brilhante.<\/p>\n<p>Logo cedo, os mission\u00e1rios se dirigiram \u00e0 Escola S\u00e3o Francisco de Assis, na comunidade do Moinho Preto. A escola municipal, com nome t\u00e3o significativo para os franciscanos, recebeu a visita dos frades, que puderam conversar com os alunos sobre S\u00e3o Francisco e levar uma palavra de \u00e2nimo e esperan\u00e7a. Ainda pela manh\u00e3 visitaram a creche paroquial S\u00e3o Judas Tadeu, com cerca de 120 crian\u00e7as. A alegria estava estampada no rosto das crian\u00e7as e professores.<\/p>\n<p>O per\u00edodo vespertino ficou marcado pelas visitas \u00e0s fam\u00edlias e doentes. V\u00e1rios frades, na companhia de lideran\u00e7as da Par\u00f3quia do Mosela se dividiram e foram ao encontro do povo de Deus. Muitas hist\u00f3rias comoventes foram ouvidas e todos foram enriquecidos pela experi\u00eancia.<\/p>\n<p><img loading=\"lazy\" class=\"alignnone size-full wp-image-238177\" src=\"https:\/\/franciscanos.org.br\/noticias\/wp-content\/uploads\/2022\/06\/segundodia_0306_4.jpg\" alt=\"\" width=\"1280\" height=\"720\" srcset=\"https:\/\/franciscanos.org.br\/noticias\/wp-content\/uploads\/2022\/06\/segundodia_0306_4.jpg 1280w, https:\/\/franciscanos.org.br\/noticias\/wp-content\/uploads\/2022\/06\/segundodia_0306_4-450x253.jpg 450w, https:\/\/franciscanos.org.br\/noticias\/wp-content\/uploads\/2022\/06\/segundodia_0306_4-1024x576.jpg 1024w, https:\/\/franciscanos.org.br\/noticias\/wp-content\/uploads\/2022\/06\/segundodia_0306_4-768x432.jpg 768w, https:\/\/franciscanos.org.br\/noticias\/wp-content\/uploads\/2022\/06\/segundodia_0306_4-150x84.jpg 150w\" sizes=\"(max-width: 1280px) 100vw, 1280px\" \/><\/p>\n<p>O dia foi encerrado com a Eucaristia do segundo dia do Tr\u00edduo Vocacional. A missa do Tr\u00edduo aconteceu na mais franciscana comunidade da Par\u00f3quia. Na capela S\u00e3o Francisco de Assis. Quem presidiu a celebra\u00e7\u00e3o foi Frei Rafael Spricigo, que atualmente mora em Ituporanga (SC). Frei Rafael, que foi formador de Frei Alan, logo no in\u00edcio da celebra\u00e7\u00e3o saudou a todos os presentes e explicou que seria refletido sobre a voca\u00e7\u00e3o \u00e0 Vida Religiosa Consagrada.<\/p>\n<p>Na homilia, Frei Rafael destacou que somos convidados a formar uma \u00fanica assembleia orante, em unidade com o Pai e o Esp\u00edrito Santo.\u00a0 Para Frei Rafael, \u201ctodo batizado \u00e9 chamado a ser religioso, formando o grande jardim de Deus\u201d. Segundo ele, \u201csomos marcados em nossa vida por sinais, uma m\u00fasica, um filme, um quadro. E quando gostamos de algo queremos repetir. Devemos querer escutar tamb\u00e9m a Palavra, sabendo saborear. Assim como o oleiro molda o barro, n\u00f3s somos modelados pela m\u00e3o de Deus. Vamos sendo aperfei\u00e7oados por Deus. Ser religioso \u00e9 deixar-se refazer, modelar pela Palavra\u201d. Ao dizer essas palavras, Frei Rafael fez men\u00e7\u00e3o \u00e0 m\u00fasica \u201cVaso Novo\u201d, que diz: \u201cEu quero ser senhor amado, Como um vaso nas m\u00e3os do oleiro. Quebre a minha vida e fa\u00e7a de novo. Tu \u00e9s o oleiro, e eu o vaso. Quebra a minha vida e fa\u00e7a de novo\u201d.<\/p>\n\n\t\t<style type=\"text\/css\">\n\t\t\t#gallery-1 {\n\t\t\t\tmargin: auto;\n\t\t\t}\n\t\t\t#gallery-1 .gallery-item {\n\t\t\t\tfloat: left;\n\t\t\t\tmargin-top: 10px;\n\t\t\t\ttext-align: center;\n\t\t\t\twidth: 14%;\n\t\t\t}\n\t\t\t#gallery-1 img {\n\t\t\t\tborder: 2px solid #cfcfcf;\n\t\t\t}\n\t\t\t#gallery-1 .gallery-caption {\n\t\t\t\tmargin-left: 0;\n\t\t\t}\n\t\t\t\/* see gallery_shortcode() in wp-includes\/media.php *\/\n\t\t<\/style>\n\t\t<div id='gallery-1' class='gallery galleryid-238175 gallery-columns-7 gallery-size-thumbnail'><dl class='gallery-item'>\n\t\t\t<dt class='gallery-icon landscape'>\n\t\t\t\t<a href='https:\/\/franciscanos.org.br\/noticias\/wp-content\/uploads\/2022\/06\/segundo_01.jpg'><img width=\"300\" height=\"300\" src=\"https:\/\/franciscanos.org.br\/noticias\/wp-content\/uploads\/2022\/06\/segundo_01-300x300.jpg\" class=\"attachment-thumbnail size-thumbnail\" alt=\"\" loading=\"lazy\" srcset=\"https:\/\/franciscanos.org.br\/noticias\/wp-content\/uploads\/2022\/06\/segundo_01-300x300.jpg 300w, https:\/\/franciscanos.org.br\/noticias\/wp-content\/uploads\/2022\/06\/segundo_01-100x100.jpg 100w\" sizes=\"(max-width: 300px) 100vw, 300px\" \/><\/a>\n\t\t\t<\/dt><\/dl><dl class='gallery-item'>\n\t\t\t<dt class='gallery-icon landscape'>\n\t\t\t\t<a href='https:\/\/franciscanos.org.br\/noticias\/wp-content\/uploads\/2022\/06\/segundo_02.jpg'><img width=\"300\" height=\"300\" src=\"https:\/\/franciscanos.org.br\/noticias\/wp-content\/uploads\/2022\/06\/segundo_02-300x300.jpg\" class=\"attachment-thumbnail size-thumbnail\" alt=\"\" loading=\"lazy\" srcset=\"https:\/\/franciscanos.org.br\/noticias\/wp-content\/uploads\/2022\/06\/segundo_02-300x300.jpg 300w, https:\/\/franciscanos.org.br\/noticias\/wp-content\/uploads\/2022\/06\/segundo_02-100x100.jpg 100w\" sizes=\"(max-width: 300px) 100vw, 300px\" \/><\/a>\n\t\t\t<\/dt><\/dl><dl class='gallery-item'>\n\t\t\t<dt class='gallery-icon landscape'>\n\t\t\t\t<a href='https:\/\/franciscanos.org.br\/noticias\/wp-content\/uploads\/2022\/06\/segundo_03.jpg'><img width=\"300\" height=\"300\" src=\"https:\/\/franciscanos.org.br\/noticias\/wp-content\/uploads\/2022\/06\/segundo_03-300x300.jpg\" class=\"attachment-thumbnail size-thumbnail\" alt=\"\" loading=\"lazy\" srcset=\"https:\/\/franciscanos.org.br\/noticias\/wp-content\/uploads\/2022\/06\/segundo_03-300x300.jpg 300w, https:\/\/franciscanos.org.br\/noticias\/wp-content\/uploads\/2022\/06\/segundo_03-100x100.jpg 100w\" sizes=\"(max-width: 300px) 100vw, 300px\" \/><\/a>\n\t\t\t<\/dt><\/dl><dl class='gallery-item'>\n\t\t\t<dt class='gallery-icon landscape'>\n\t\t\t\t<a href='https:\/\/franciscanos.org.br\/noticias\/wp-content\/uploads\/2022\/06\/segundo_04.jpg'><img width=\"300\" height=\"300\" src=\"https:\/\/franciscanos.org.br\/noticias\/wp-content\/uploads\/2022\/06\/segundo_04-300x300.jpg\" class=\"attachment-thumbnail size-thumbnail\" alt=\"\" loading=\"lazy\" srcset=\"https:\/\/franciscanos.org.br\/noticias\/wp-content\/uploads\/2022\/06\/segundo_04-300x300.jpg 300w, https:\/\/franciscanos.org.br\/noticias\/wp-content\/uploads\/2022\/06\/segundo_04-100x100.jpg 100w\" sizes=\"(max-width: 300px) 100vw, 300px\" \/><\/a>\n\t\t\t<\/dt><\/dl><dl class='gallery-item'>\n\t\t\t<dt class='gallery-icon landscape'>\n\t\t\t\t<a href='https:\/\/franciscanos.org.br\/noticias\/wp-content\/uploads\/2022\/06\/segundo_05.jpg'><img width=\"300\" height=\"300\" src=\"https:\/\/franciscanos.org.br\/noticias\/wp-content\/uploads\/2022\/06\/segundo_05-300x300.jpg\" class=\"attachment-thumbnail size-thumbnail\" alt=\"\" loading=\"lazy\" srcset=\"https:\/\/franciscanos.org.br\/noticias\/wp-content\/uploads\/2022\/06\/segundo_05-300x300.jpg 300w, https:\/\/franciscanos.org.br\/noticias\/wp-content\/uploads\/2022\/06\/segundo_05-100x100.jpg 100w\" sizes=\"(max-width: 300px) 100vw, 300px\" \/><\/a>\n\t\t\t<\/dt><\/dl><dl class='gallery-item'>\n\t\t\t<dt class='gallery-icon landscape'>\n\t\t\t\t<a href='https:\/\/franciscanos.org.br\/noticias\/wp-content\/uploads\/2022\/06\/segundo_07.jpg'><img width=\"300\" height=\"300\" src=\"https:\/\/franciscanos.org.br\/noticias\/wp-content\/uploads\/2022\/06\/segundo_07-300x300.jpg\" class=\"attachment-thumbnail size-thumbnail\" alt=\"\" loading=\"lazy\" srcset=\"https:\/\/franciscanos.org.br\/noticias\/wp-content\/uploads\/2022\/06\/segundo_07-300x300.jpg 300w, https:\/\/franciscanos.org.br\/noticias\/wp-content\/uploads\/2022\/06\/segundo_07-100x100.jpg 100w\" sizes=\"(max-width: 300px) 100vw, 300px\" \/><\/a>\n\t\t\t<\/dt><\/dl><dl class='gallery-item'>\n\t\t\t<dt class='gallery-icon landscape'>\n\t\t\t\t<a href='https:\/\/franciscanos.org.br\/noticias\/wp-content\/uploads\/2022\/06\/segundodia_0306_2.jpg'><img width=\"300\" height=\"300\" src=\"https:\/\/franciscanos.org.br\/noticias\/wp-content\/uploads\/2022\/06\/segundodia_0306_2-300x300.jpg\" class=\"attachment-thumbnail size-thumbnail\" alt=\"\" loading=\"lazy\" srcset=\"https:\/\/franciscanos.org.br\/noticias\/wp-content\/uploads\/2022\/06\/segundodia_0306_2-300x300.jpg 300w, https:\/\/franciscanos.org.br\/noticias\/wp-content\/uploads\/2022\/06\/segundodia_0306_2-100x100.jpg 100w\" sizes=\"(max-width: 300px) 100vw, 300px\" \/><\/a>\n\t\t\t<\/dt><\/dl><br style=\"clear: both\" \/>\n\t\t<\/div>\n\n<p><em>\u00a0 \u00a0(toque nas imagens para ampli\u00e1-las)<\/em><\/p>\n<p>Logo ap\u00f3s a homilia, Frei Alan foi chamado \u00e0 frente do altar para fazer a sua declara\u00e7\u00e3o de celibato, preparando-se assim para receber a ordena\u00e7\u00e3o presbiteral.<\/p>\n<p>A Eucaristia prosseguiu como de costume e, no final da celebra\u00e7\u00e3o, os franciscanos ficaram tocados pelas palavras de agradecimento da senhora Claudete Sodr\u00e9 da Silva, que em nome da comunidade destacou a presen\u00e7a dos frades franciscanos, que por tantos anos evangelizaram a Par\u00f3quia e, de modo particular, a Comunidade S\u00e3o Francisco. Dona Claudete disse que a Comunidade estava revivendo os grandes e bons momentos que haviam experimentado no passado em que os franciscanos cuidavam da Comunidade. Frei Gabriel Dellandrea tamb\u00e9m agradeceu a generosa e carinhosa acolhida da Comunidade S\u00e3o Francisco. No esp\u00edrito familiar, todos se reuniram em volta do Altar para a b\u00ean\u00e7\u00e3o final, seguido de uma fraterna confraterniza\u00e7\u00e3o.<\/p>\n<hr \/>\n<p><em>Frei Je\u00e2 Paulo Andrade<\/em><\/p>\n","protected":false},"excerpt":{"rendered":"<p>Ordena\u00e7\u00e3o Presbiteral de Frei Alan Leal de Mattos<\/p>\n","protected":false},"author":3,"featured_media":238176,"comment_status":"open","ping_status":"open","sticky":false,"template":"","format":"standard","meta":[],"categories":[1],"tags":[157],"acf":[],"yoast_head":"<!-- This site is optimized with the Yoast SEO plugin v19.2 - https:\/\/yoast.com\/wordpress\/plugins\/seo\/ -->\n<title>Frei Rafael para Frei Alan: \u201cSer religioso \u00e9 deixar-se refazer, modelar pelo Senhor\u201d - Not\u00edcias - Franciscanos<\/title>\n<meta name=\"robots\" content=\"index, follow, max-snippet:-1, max-image-preview:large, max-video-preview:-1\" \/>\n<link rel=\"canonical\" href=\"https:\/\/franciscanos.org.br\/noticias\/frei-rafael-para-frei-alan-ser-religioso-e-deixar-se-refazer-modelar-pelo-senhor.html\" \/>\n<meta property=\"og:locale\" content=\"pt_BR\" \/>\n<meta property=\"og:type\" content=\"article\" \/>\n<meta property=\"og:title\" content=\"Frei Rafael para Frei Alan: \u201cSer religioso \u00e9 deixar-se refazer, modelar pelo Senhor\u201d - Not\u00edcias - Franciscanos\" \/>\n<meta property=\"og:description\" content=\"Ordena\u00e7\u00e3o Presbiteral de Frei Alan Leal de Mattos\" \/>\n<meta property=\"og:url\" content=\"https:\/\/franciscanos.org.br\/noticias\/frei-rafael-para-frei-alan-ser-religioso-e-deixar-se-refazer-modelar-pelo-senhor.html\" \/>\n<meta property=\"og:site_name\" content=\"Not\u00edcias - Franciscanos\" \/>\n<meta property=\"article:published_time\" content=\"2022-06-03T10:42:46+00:00\" \/>\n<meta property=\"article:modified_time\" content=\"2022-06-03T15:38:31+00:00\" \/>\n<meta property=\"og:image\" content=\"https:\/\/franciscanos.org.br\/noticias\/wp-content\/uploads\/2022\/06\/segundodia_0306_5.jpg\" \/>\n\t<meta property=\"og:image:width\" content=\"1280\" \/>\n\t<meta property=\"og:image:height\" content=\"720\" \/>\n\t<meta property=\"og:image:type\" content=\"image\/jpeg\" \/>\n<meta name=\"author\" content=\"moacir\" \/>\n<meta name=\"twitter:card\" content=\"summary_large_image\" \/>\n<meta name=\"twitter:label1\" content=\"Escrito por\" \/>\n\t<meta name=\"twitter:data1\" content=\"moacir\" \/>\n\t<meta name=\"twitter:label2\" content=\"Est. tempo de leitura\" \/>\n\t<meta name=\"twitter:data2\" content=\"3 minutos\" \/>\n<script type=\"application\/ld+json\" class=\"yoast-schema-graph\">{\"@context\":\"https:\/\/schema.org\",\"@graph\":[{\"@type\":\"WebSite\",\"@id\":\"https:\/\/franciscanos.org.br\/noticias\/#website\",\"url\":\"https:\/\/franciscanos.org.br\/noticias\/\",\"name\":\"Not\u00edcias - Franciscanos\",\"description\":\"Prov\u00edncia Franciscana da Imaculada Concei\u00e7\u00e3o do Brasil - Ordem dos Frades Menores - OFM\",\"potentialAction\":[{\"@type\":\"SearchAction\",\"target\":{\"@type\":\"EntryPoint\",\"urlTemplate\":\"https:\/\/franciscanos.org.br\/noticias\/?s={search_term_string}\"},\"query-input\":\"required name=search_term_string\"}],\"inLanguage\":\"pt-BR\"},{\"@type\":\"ImageObject\",\"inLanguage\":\"pt-BR\",\"@id\":\"https:\/\/franciscanos.org.br\/noticias\/frei-rafael-para-frei-alan-ser-religioso-e-deixar-se-refazer-modelar-pelo-senhor.html#primaryimage\",\"url\":\"https:\/\/franciscanos.org.br\/noticias\/wp-content\/uploads\/2022\/06\/segundodia_0306_5.jpg\",\"contentUrl\":\"https:\/\/franciscanos.org.br\/noticias\/wp-content\/uploads\/2022\/06\/segundodia_0306_5.jpg\",\"width\":1280,\"height\":720},{\"@type\":\"WebPage\",\"@id\":\"https:\/\/franciscanos.org.br\/noticias\/frei-rafael-para-frei-alan-ser-religioso-e-deixar-se-refazer-modelar-pelo-senhor.html#webpage\",\"url\":\"https:\/\/franciscanos.org.br\/noticias\/frei-rafael-para-frei-alan-ser-religioso-e-deixar-se-refazer-modelar-pelo-senhor.html\",\"name\":\"Frei Rafael para Frei Alan: \u201cSer religioso \u00e9 deixar-se refazer, modelar pelo Senhor\u201d - Not\u00edcias - Franciscanos\",\"isPartOf\":{\"@id\":\"https:\/\/franciscanos.org.br\/noticias\/#website\"},\"primaryImageOfPage\":{\"@id\":\"https:\/\/franciscanos.org.br\/noticias\/frei-rafael-para-frei-alan-ser-religioso-e-deixar-se-refazer-modelar-pelo-senhor.html#primaryimage\"},\"datePublished\":\"2022-06-03T10:42:46+00:00\",\"dateModified\":\"2022-06-03T15:38:31+00:00\",\"author\":{\"@id\":\"https:\/\/franciscanos.org.br\/noticias\/#\/schema\/person\/b5c8cba458c330ccff548b056e95a5d4\"},\"breadcrumb\":{\"@id\":\"https:\/\/franciscanos.org.br\/noticias\/frei-rafael-para-frei-alan-ser-religioso-e-deixar-se-refazer-modelar-pelo-senhor.html#breadcrumb\"},\"inLanguage\":\"pt-BR\",\"potentialAction\":[{\"@type\":\"ReadAction\",\"target\":[\"https:\/\/franciscanos.org.br\/noticias\/frei-rafael-para-frei-alan-ser-religioso-e-deixar-se-refazer-modelar-pelo-senhor.html\"]}]},{\"@type\":\"BreadcrumbList\",\"@id\":\"https:\/\/franciscanos.org.br\/noticias\/frei-rafael-para-frei-alan-ser-religioso-e-deixar-se-refazer-modelar-pelo-senhor.html#breadcrumb\",\"itemListElement\":[{\"@type\":\"ListItem\",\"position\":1,\"name\":\"Home\",\"item\":\"https:\/\/franciscanos.org.br\/noticias\"},{\"@type\":\"ListItem\",\"position\":2,\"name\":\"Frei Rafael para Frei Alan: \u201cSer religioso \u00e9 deixar-se refazer, modelar pelo Senhor\u201d\"}]},{\"@type\":\"Person\",\"@id\":\"https:\/\/franciscanos.org.br\/noticias\/#\/schema\/person\/b5c8cba458c330ccff548b056e95a5d4\",\"name\":\"moacir\",\"image\":{\"@type\":\"ImageObject\",\"inLanguage\":\"pt-BR\",\"@id\":\"https:\/\/franciscanos.org.br\/noticias\/#\/schema\/person\/image\/\",\"url\":\"https:\/\/secure.gravatar.com\/avatar\/d08aa2ce4c8dd416d4479aa8536fcf64?s=96&d=mm&r=g\",\"contentUrl\":\"https:\/\/secure.gravatar.com\/avatar\/d08aa2ce4c8dd416d4479aa8536fcf64?s=96&d=mm&r=g\",\"caption\":\"moacir\"},\"url\":\"https:\/\/franciscanos.org.br\/noticias\/author\/moacir\"}]}<\/script>\n<!-- \/ Yoast SEO plugin. -->","yoast_head_json":{"title":"Frei Rafael para Frei Alan: \u201cSer religioso \u00e9 deixar-se refazer, modelar pelo Senhor\u201d - Not\u00edcias - Franciscanos","robots":{"index":"index","follow":"follow","max-snippet":"max-snippet:-1","max-image-preview":"max-image-preview:large","max-video-preview":"max-video-preview:-1"},"canonical":"https:\/\/franciscanos.org.br\/noticias\/frei-rafael-para-frei-alan-ser-religioso-e-deixar-se-refazer-modelar-pelo-senhor.html","og_locale":"pt_BR","og_type":"article","og_title":"Frei Rafael para Frei Alan: \u201cSer religioso \u00e9 deixar-se refazer, modelar pelo Senhor\u201d - Not\u00edcias - Franciscanos","og_description":"Ordena\u00e7\u00e3o Presbiteral de Frei Alan Leal de Mattos","og_url":"https:\/\/franciscanos.org.br\/noticias\/frei-rafael-para-frei-alan-ser-religioso-e-deixar-se-refazer-modelar-pelo-senhor.html","og_site_name":"Not\u00edcias - Franciscanos","article_published_time":"2022-06-03T10:42:46+00:00","article_modified_time":"2022-06-03T15:38:31+00:00","og_image":[{"width":1280,"height":720,"url":"https:\/\/franciscanos.org.br\/noticias\/wp-content\/uploads\/2022\/06\/segundodia_0306_5.jpg","type":"image\/jpeg"}],"author":"moacir","twitter_card":"summary_large_image","twitter_misc":{"Escrito por":"moacir","Est. tempo de leitura":"3 minutos"},"schema":{"@context":"https:\/\/schema.org","@graph":[{"@type":"WebSite","@id":"https:\/\/franciscanos.org.br\/noticias\/#website","url":"https:\/\/franciscanos.org.br\/noticias\/","name":"Not\u00edcias - Franciscanos","description":"Prov\u00edncia Franciscana da Imaculada Concei\u00e7\u00e3o do Brasil - Ordem dos Frades Menores - OFM","potentialAction":[{"@type":"SearchAction","target":{"@type":"EntryPoint","urlTemplate":"https:\/\/franciscanos.org.br\/noticias\/?s={search_term_string}"},"query-input":"required name=search_term_string"}],"inLanguage":"pt-BR"},{"@type":"ImageObject","inLanguage":"pt-BR","@id":"https:\/\/franciscanos.org.br\/noticias\/frei-rafael-para-frei-alan-ser-religioso-e-deixar-se-refazer-modelar-pelo-senhor.html#primaryimage","url":"https:\/\/franciscanos.org.br\/noticias\/wp-content\/uploads\/2022\/06\/segundodia_0306_5.jpg","contentUrl":"https:\/\/franciscanos.org.br\/noticias\/wp-content\/uploads\/2022\/06\/segundodia_0306_5.jpg","width":1280,"height":720},{"@type":"WebPage","@id":"https:\/\/franciscanos.org.br\/noticias\/frei-rafael-para-frei-alan-ser-religioso-e-deixar-se-refazer-modelar-pelo-senhor.html#webpage","url":"https:\/\/franciscanos.org.br\/noticias\/frei-rafael-para-frei-alan-ser-religioso-e-deixar-se-refazer-modelar-pelo-senhor.html","name":"Frei Rafael para Frei Alan: \u201cSer religioso \u00e9 deixar-se refazer, modelar pelo Senhor\u201d - Not\u00edcias - Franciscanos","isPartOf":{"@id":"https:\/\/franciscanos.org.br\/noticias\/#website"},"primaryImageOfPage":{"@id":"https:\/\/franciscanos.org.br\/noticias\/frei-rafael-para-frei-alan-ser-religioso-e-deixar-se-refazer-modelar-pelo-senhor.html#primaryimage"},"datePublished":"2022-06-03T10:42:46+00:00","dateModified":"2022-06-03T15:38:31+00:00","author":{"@id":"https:\/\/franciscanos.org.br\/noticias\/#\/schema\/person\/b5c8cba458c330ccff548b056e95a5d4"},"breadcrumb":{"@id":"https:\/\/franciscanos.org.br\/noticias\/frei-rafael-para-frei-alan-ser-religioso-e-deixar-se-refazer-modelar-pelo-senhor.html#breadcrumb"},"inLanguage":"pt-BR","potentialAction":[{"@type":"ReadAction","target":["https:\/\/franciscanos.org.br\/noticias\/frei-rafael-para-frei-alan-ser-religioso-e-deixar-se-refazer-modelar-pelo-senhor.html"]}]},{"@type":"BreadcrumbList","@id":"https:\/\/franciscanos.org.br\/noticias\/frei-rafael-para-frei-alan-ser-religioso-e-deixar-se-refazer-modelar-pelo-senhor.html#breadcrumb","itemListElement":[{"@type":"ListItem","position":1,"name":"Home","item":"https:\/\/franciscanos.org.br\/noticias"},{"@type":"ListItem","position":2,"name":"Frei Rafael para Frei Alan: \u201cSer religioso \u00e9 deixar-se refazer, modelar pelo Senhor\u201d"}]},{"@type":"Person","@id":"https:\/\/franciscanos.org.br\/noticias\/#\/schema\/person\/b5c8cba458c330ccff548b056e95a5d4","name":"moacir","image":{"@type":"ImageObject","inLanguage":"pt-BR","@id":"https:\/\/franciscanos.org.br\/noticias\/#\/schema\/person\/image\/","url":"https:\/\/secure.gravatar.com\/avatar\/d08aa2ce4c8dd416d4479aa8536fcf64?s=96&d=mm&r=g","contentUrl":"https:\/\/secure.gravatar.com\/avatar\/d08aa2ce4c8dd416d4479aa8536fcf64?s=96&d=mm&r=g","caption":"moacir"},"url":"https:\/\/franciscanos.org.br\/noticias\/author\/moacir"}]}},"_links":{"self":[{"href":"https:\/\/franciscanos.org.br\/noticias\/wp-json\/wp\/v2\/posts\/238175"}],"collection":[{"href":"https:\/\/franciscanos.org.br\/noticias\/wp-json\/wp\/v2\/posts"}],"about":[{"href":"https:\/\/franciscanos.org.br\/noticias\/wp-json\/wp\/v2\/types\/post"}],"author":[{"embeddable":true,"href":"https:\/\/franciscanos.org.br\/noticias\/wp-json\/wp\/v2\/users\/3"}],"replies":[{"embeddable":true,"href":"https:\/\/franciscanos.org.br\/noticias\/wp-json\/wp\/v2\/comments?post=238175"}],"version-history":[{"count":2,"href":"https:\/\/franciscanos.org.br\/noticias\/wp-json\/wp\/v2\/posts\/238175\/revisions"}],"predecessor-version":[{"id":238194,"href":"https:\/\/franciscanos.org.br\/noticias\/wp-json\/wp\/v2\/posts\/238175\/revisions\/238194"}],"wp:featuredmedia":[{"embeddable":true,"href":"https:\/\/franciscanos.org.br\/noticias\/wp-json\/wp\/v2\/media\/238176"}],"wp:attachment":[{"href":"https:\/\/franciscanos.org.br\/noticias\/wp-json\/wp\/v2\/media?parent=238175"}],"wp:term":[{"taxonomy":"category","embeddable":true,"href":"https:\/\/franciscanos.org.br\/noticias\/wp-json\/wp\/v2\/categories?post=238175"},{"taxonomy":"post_tag","embeddable":true,"href":"https:\/\/franciscanos.org.br\/noticias\/wp-json\/wp\/v2\/tags?post=238175"}],"curies":[{"name":"wp","href":"https:\/\/api.w.org\/{rel}","templated":true}]}}