{"id":238155,"date":"2022-06-02T07:23:43","date_gmt":"2022-06-02T10:23:43","guid":{"rendered":"https:\/\/franciscanos.org.br\/noticias\/?p=238155"},"modified":"2022-06-02T07:23:43","modified_gmt":"2022-06-02T10:23:43","slug":"ordenacao-de-frei-alan-primeiro-dia-do-triduo-em-petropolis","status":"publish","type":"post","link":"https:\/\/franciscanos.org.br\/noticias\/ordenacao-de-frei-alan-primeiro-dia-do-triduo-em-petropolis.html","title":{"rendered":"Ordena\u00e7\u00e3o de Frei Alan: Primeiro dia do tr\u00edduo em Petr\u00f3polis"},"content":{"rendered":"<p><img loading=\"lazy\" class=\"alignnone size-full wp-image-238156\" src=\"https:\/\/franciscanos.org.br\/noticias\/wp-content\/uploads\/2022\/06\/triduo_0206.jpg\" alt=\"\" width=\"1200\" height=\"675\" srcset=\"https:\/\/franciscanos.org.br\/noticias\/wp-content\/uploads\/2022\/06\/triduo_0206.jpg 1200w, https:\/\/franciscanos.org.br\/noticias\/wp-content\/uploads\/2022\/06\/triduo_0206-450x253.jpg 450w, https:\/\/franciscanos.org.br\/noticias\/wp-content\/uploads\/2022\/06\/triduo_0206-1024x576.jpg 1024w, https:\/\/franciscanos.org.br\/noticias\/wp-content\/uploads\/2022\/06\/triduo_0206-768x432.jpg 768w, https:\/\/franciscanos.org.br\/noticias\/wp-content\/uploads\/2022\/06\/triduo_0206-150x84.jpg 150w\" sizes=\"(max-width: 1200px) 100vw, 1200px\" \/><\/p>\n<p><strong>Petr\u00f3polis (RJ)<\/strong> &#8211; Al\u00e9m do ar fresco do outono petropolitano, para o bairro da Mosela, o dia primeiro de junho teve uma outra atmosfera: a franciscana. Os frades menores estiveram ativamente atuando no bairro por muitos anos at\u00e9 que a Par\u00f3quia S\u00e3o Judas Tadeu foi passada para os cuidados da Diocese. Mas, por ocasi\u00e3o da ordena\u00e7\u00e3o presbiteral de frei Alan Leal de Mattos, o bairro novamente viu um grupo de franciscanos em miss\u00e3o.<\/p>\n<p>Durante o dia, como forma de anima\u00e7\u00e3o vocacional e agradecimento \u00e0 comunidade pela vida do referido frade, os religiosos franciscanos estiveram visitando a Escola S\u00e3o Judas Tadeu e a Escola Municipal Frei Aniceto. Al\u00e9m disso, na parte da tarde houve a tradicional visita a algumas fam\u00edlias do bairro. Por fim, \u00e0s 19h, deu-se in\u00edcio a celebra\u00e7\u00e3o eucar\u00edstica.<\/p>\n<p>Frei Je\u00e2 Paulo Andrade, do Servi\u00e7o de Anima\u00e7\u00e3o Vocacional, acolheu a todos para a celebra\u00e7\u00e3o e anunciou que o grande tema deste dia do primeiro passo do tr\u00edduo vocacional seria a voca\u00e7\u00e3o Batismal. Padre Lucas Thadeu da Silva, p\u00e1roco, acolheu tamb\u00e9m a todos os franciscanos, afirmando: \u201cEst\u00e1 Igreja os acolhe mesmo sabendo que desde o in\u00edcio desta hist\u00f3ria voc\u00eas estiveram aqui e deixaram uma grande marca em nossa comunidade de f\u00e9\u201d.<\/p>\n<p><img loading=\"lazy\" class=\"alignnone size-full wp-image-238157\" src=\"https:\/\/franciscanos.org.br\/noticias\/wp-content\/uploads\/2022\/06\/triduo_0206_3.jpg\" alt=\"\" width=\"1024\" height=\"768\" srcset=\"https:\/\/franciscanos.org.br\/noticias\/wp-content\/uploads\/2022\/06\/triduo_0206_3.jpg 1024w, https:\/\/franciscanos.org.br\/noticias\/wp-content\/uploads\/2022\/06\/triduo_0206_3-450x338.jpg 450w, https:\/\/franciscanos.org.br\/noticias\/wp-content\/uploads\/2022\/06\/triduo_0206_3-768x576.jpg 768w, https:\/\/franciscanos.org.br\/noticias\/wp-content\/uploads\/2022\/06\/triduo_0206_3-150x113.jpg 150w, https:\/\/franciscanos.org.br\/noticias\/wp-content\/uploads\/2022\/06\/triduo_0206_3-600x450.jpg 600w\" sizes=\"(max-width: 1024px) 100vw, 1024px\" \/><\/p>\n<p>Frei Almir Ribeiro Guimar\u00e3es presidiu a celebra\u00e7\u00e3o. Na homilia fez quest\u00e3o de recordar que o tr\u00edduo vocacional tem como principal import\u00e2ncia a prepara\u00e7\u00e3o para a grande celebra\u00e7\u00e3o da ordena\u00e7\u00e3o. Segundo ele, no envolvimento dos acontecimentos fortes da vida, precisamos preparar tudo com calma, pois \u00e9 preciso ter consci\u00eancia do passo a ser dado.<\/p>\n<p>\u201cFrei Alan ser\u00e1 ordenado para uma Igreja em sa\u00edda. Ele ser\u00e1 ordenado numa \u00e9poca onde temos um papa que nos pede isso. Ele dever\u00e1 ser um sacerdote pr\u00f3ximo das pessoas. Ele deve deixar escapar aqui e ali um pouco da sua experi\u00eancia com Jesus\u201d, salientou o frade.<\/p>\n<p>Sobre o tema do dia, Frei Almir ofereceu ao povo algumas impress\u00f5es a partir de sua vida e concluiu dizendo: \u201cA primeira de todas as voca\u00e7\u00f5es \u00e9 a vida. \u00c9 o presente que recebemos. A cada dia que acordamos devemos dizer: \u2018obrigado pela vida!\u2019. Mas, cuidado! \u00c9 preciso ter uma vida vi\u00e7osa, acolhendo todos os presentes: o ar, as frutas, as flores\u2026 s\u00e3o v\u00e1rios os dons. E n\u00f3s, como franciscanos, precisamos estar envoltos em tudo isso, nessa contempla\u00e7\u00e3o. N\u00f3s somos gente inventada por Deus. Nosso nome est\u00e1 na palma de Deus\u201d.<\/p>\n\n\t\t<style type=\"text\/css\">\n\t\t\t#gallery-1 {\n\t\t\t\tmargin: auto;\n\t\t\t}\n\t\t\t#gallery-1 .gallery-item {\n\t\t\t\tfloat: left;\n\t\t\t\tmargin-top: 10px;\n\t\t\t\ttext-align: center;\n\t\t\t\twidth: 20%;\n\t\t\t}\n\t\t\t#gallery-1 img {\n\t\t\t\tborder: 2px solid #cfcfcf;\n\t\t\t}\n\t\t\t#gallery-1 .gallery-caption {\n\t\t\t\tmargin-left: 0;\n\t\t\t}\n\t\t\t\/* see gallery_shortcode() in wp-includes\/media.php *\/\n\t\t<\/style>\n\t\t<div id='gallery-1' class='gallery galleryid-238155 gallery-columns-5 gallery-size-thumbnail'><dl class='gallery-item'>\n\t\t\t<dt class='gallery-icon landscape'>\n\t\t\t\t<a href='https:\/\/franciscanos.org.br\/noticias\/wp-content\/uploads\/2022\/06\/triduo_01.jpg'><img width=\"300\" height=\"300\" src=\"https:\/\/franciscanos.org.br\/noticias\/wp-content\/uploads\/2022\/06\/triduo_01-300x300.jpg\" class=\"attachment-thumbnail size-thumbnail\" alt=\"\" loading=\"lazy\" srcset=\"https:\/\/franciscanos.org.br\/noticias\/wp-content\/uploads\/2022\/06\/triduo_01-300x300.jpg 300w, https:\/\/franciscanos.org.br\/noticias\/wp-content\/uploads\/2022\/06\/triduo_01-100x100.jpg 100w\" sizes=\"(max-width: 300px) 100vw, 300px\" \/><\/a>\n\t\t\t<\/dt><\/dl><dl class='gallery-item'>\n\t\t\t<dt class='gallery-icon landscape'>\n\t\t\t\t<a href='https:\/\/franciscanos.org.br\/noticias\/wp-content\/uploads\/2022\/06\/triduo_02.jpg'><img width=\"300\" height=\"300\" src=\"https:\/\/franciscanos.org.br\/noticias\/wp-content\/uploads\/2022\/06\/triduo_02-300x300.jpg\" class=\"attachment-thumbnail size-thumbnail\" alt=\"\" loading=\"lazy\" srcset=\"https:\/\/franciscanos.org.br\/noticias\/wp-content\/uploads\/2022\/06\/triduo_02-300x300.jpg 300w, https:\/\/franciscanos.org.br\/noticias\/wp-content\/uploads\/2022\/06\/triduo_02-100x100.jpg 100w\" sizes=\"(max-width: 300px) 100vw, 300px\" \/><\/a>\n\t\t\t<\/dt><\/dl><dl class='gallery-item'>\n\t\t\t<dt class='gallery-icon landscape'>\n\t\t\t\t<a href='https:\/\/franciscanos.org.br\/noticias\/wp-content\/uploads\/2022\/06\/triduo_03.jpg'><img width=\"300\" height=\"300\" src=\"https:\/\/franciscanos.org.br\/noticias\/wp-content\/uploads\/2022\/06\/triduo_03-300x300.jpg\" class=\"attachment-thumbnail size-thumbnail\" alt=\"\" loading=\"lazy\" srcset=\"https:\/\/franciscanos.org.br\/noticias\/wp-content\/uploads\/2022\/06\/triduo_03-300x300.jpg 300w, https:\/\/franciscanos.org.br\/noticias\/wp-content\/uploads\/2022\/06\/triduo_03-100x100.jpg 100w\" sizes=\"(max-width: 300px) 100vw, 300px\" \/><\/a>\n\t\t\t<\/dt><\/dl><dl class='gallery-item'>\n\t\t\t<dt class='gallery-icon landscape'>\n\t\t\t\t<a href='https:\/\/franciscanos.org.br\/noticias\/wp-content\/uploads\/2022\/06\/triduo_04.jpg'><img width=\"300\" height=\"300\" src=\"https:\/\/franciscanos.org.br\/noticias\/wp-content\/uploads\/2022\/06\/triduo_04-300x300.jpg\" class=\"attachment-thumbnail size-thumbnail\" alt=\"\" loading=\"lazy\" srcset=\"https:\/\/franciscanos.org.br\/noticias\/wp-content\/uploads\/2022\/06\/triduo_04-300x300.jpg 300w, https:\/\/franciscanos.org.br\/noticias\/wp-content\/uploads\/2022\/06\/triduo_04-100x100.jpg 100w\" sizes=\"(max-width: 300px) 100vw, 300px\" \/><\/a>\n\t\t\t<\/dt><\/dl><dl class='gallery-item'>\n\t\t\t<dt class='gallery-icon landscape'>\n\t\t\t\t<a href='https:\/\/franciscanos.org.br\/noticias\/wp-content\/uploads\/2022\/06\/triduo_0206_2.jpg'><img width=\"300\" height=\"300\" src=\"https:\/\/franciscanos.org.br\/noticias\/wp-content\/uploads\/2022\/06\/triduo_0206_2-300x300.jpg\" class=\"attachment-thumbnail size-thumbnail\" alt=\"\" loading=\"lazy\" srcset=\"https:\/\/franciscanos.org.br\/noticias\/wp-content\/uploads\/2022\/06\/triduo_0206_2-300x300.jpg 300w, https:\/\/franciscanos.org.br\/noticias\/wp-content\/uploads\/2022\/06\/triduo_0206_2-100x100.jpg 100w\" sizes=\"(max-width: 300px) 100vw, 300px\" \/><\/a>\n\t\t\t<\/dt><\/dl><br style=\"clear: both\" \/>\n\t\t<\/div>\n\n<p><em> \u00a0 \u00a0 (toque nas imagens para ampli\u00e1-las)<\/em><\/p>\n<p>Ap\u00f3s a homilia, Frei Je\u00e2 convidou uma paroquiana envolvida na Pastoral do Batismo para acender uma vela no c\u00edrio Pascal e entregar a mesma a Frei Alan, para que, como no dia de seu batismo, iluminado pela luz que brota do grande s\u00edmbolo Pascal, o frade fizesse publicamente a sua Profiss\u00e3o de F\u00e9. Sendo assim, diante da comunidade e pr\u00f3ximo \u00e0 pia batismal da igreja, o di\u00e1cono leu a f\u00f3rmula da profiss\u00e3o. A comunidade deu seu apoio ao frade manifestando o seu carinho atrav\u00e9s de uma calorosa salva de palmas.<\/p>\n<p>Ao final da celebra\u00e7\u00e3o, Frei Je\u00e2 e Frei Alan deram os avisos necess\u00e1rios, recordando a todos a programa\u00e7\u00e3o para os dias. Frei Almir chamou Frei Alan para vir \u00e0 sua frente e lhe deu uma b\u00ean\u00e7\u00e3o. Em seguida, o presidente da celebra\u00e7\u00e3o pediu a Frei J\u00fanior Mendes, frade rec\u00e9m-ordenado presb\u00edtero, que desse a b\u00ean\u00e7\u00e3o aos presentes.<\/p>\n<hr \/>\n<p><em>Frei Gabriel Dellandrea<\/em><\/p>\n","protected":false},"excerpt":{"rendered":"<p>Primeiro dia do Tr\u00edduo preparat\u00f3rio para a ordena\u00e7\u00e3o presbiteral de Frei Alan<\/p>\n","protected":false},"author":3,"featured_media":238156,"comment_status":"open","ping_status":"open","sticky":false,"template":"","format":"standard","meta":[],"categories":[1],"tags":[157],"acf":[],"yoast_head":"<!-- This site is optimized with the Yoast SEO plugin v19.2 - https:\/\/yoast.com\/wordpress\/plugins\/seo\/ -->\n<title>Ordena\u00e7\u00e3o de Frei Alan: Primeiro dia do tr\u00edduo em Petr\u00f3polis - Not\u00edcias - Franciscanos<\/title>\n<meta name=\"robots\" content=\"index, follow, max-snippet:-1, max-image-preview:large, max-video-preview:-1\" \/>\n<link rel=\"canonical\" href=\"https:\/\/franciscanos.org.br\/noticias\/ordenacao-de-frei-alan-primeiro-dia-do-triduo-em-petropolis.html\" \/>\n<meta property=\"og:locale\" content=\"pt_BR\" \/>\n<meta property=\"og:type\" content=\"article\" \/>\n<meta property=\"og:title\" content=\"Ordena\u00e7\u00e3o de Frei Alan: Primeiro dia do tr\u00edduo em Petr\u00f3polis - Not\u00edcias - Franciscanos\" \/>\n<meta property=\"og:description\" content=\"Primeiro dia do Tr\u00edduo preparat\u00f3rio para a ordena\u00e7\u00e3o presbiteral de Frei Alan\" \/>\n<meta property=\"og:url\" content=\"https:\/\/franciscanos.org.br\/noticias\/ordenacao-de-frei-alan-primeiro-dia-do-triduo-em-petropolis.html\" \/>\n<meta property=\"og:site_name\" content=\"Not\u00edcias - Franciscanos\" \/>\n<meta property=\"article:published_time\" content=\"2022-06-02T10:23:43+00:00\" \/>\n<meta property=\"og:image\" content=\"https:\/\/franciscanos.org.br\/noticias\/wp-content\/uploads\/2022\/06\/triduo_0206.jpg\" \/>\n\t<meta property=\"og:image:width\" content=\"1200\" \/>\n\t<meta property=\"og:image:height\" content=\"675\" \/>\n\t<meta property=\"og:image:type\" content=\"image\/jpeg\" \/>\n<meta name=\"author\" content=\"moacir\" \/>\n<meta name=\"twitter:card\" content=\"summary_large_image\" \/>\n<meta name=\"twitter:label1\" content=\"Escrito por\" \/>\n\t<meta name=\"twitter:data1\" content=\"moacir\" \/>\n\t<meta name=\"twitter:label2\" content=\"Est. tempo de leitura\" \/>\n\t<meta name=\"twitter:data2\" content=\"3 minutos\" \/>\n<script type=\"application\/ld+json\" class=\"yoast-schema-graph\">{\"@context\":\"https:\/\/schema.org\",\"@graph\":[{\"@type\":\"WebSite\",\"@id\":\"https:\/\/franciscanos.org.br\/noticias\/#website\",\"url\":\"https:\/\/franciscanos.org.br\/noticias\/\",\"name\":\"Not\u00edcias - Franciscanos\",\"description\":\"Prov\u00edncia Franciscana da Imaculada Concei\u00e7\u00e3o do Brasil - Ordem dos Frades Menores - OFM\",\"potentialAction\":[{\"@type\":\"SearchAction\",\"target\":{\"@type\":\"EntryPoint\",\"urlTemplate\":\"https:\/\/franciscanos.org.br\/noticias\/?s={search_term_string}\"},\"query-input\":\"required name=search_term_string\"}],\"inLanguage\":\"pt-BR\"},{\"@type\":\"ImageObject\",\"inLanguage\":\"pt-BR\",\"@id\":\"https:\/\/franciscanos.org.br\/noticias\/ordenacao-de-frei-alan-primeiro-dia-do-triduo-em-petropolis.html#primaryimage\",\"url\":\"https:\/\/franciscanos.org.br\/noticias\/wp-content\/uploads\/2022\/06\/triduo_0206.jpg\",\"contentUrl\":\"https:\/\/franciscanos.org.br\/noticias\/wp-content\/uploads\/2022\/06\/triduo_0206.jpg\",\"width\":1200,\"height\":675},{\"@type\":\"WebPage\",\"@id\":\"https:\/\/franciscanos.org.br\/noticias\/ordenacao-de-frei-alan-primeiro-dia-do-triduo-em-petropolis.html#webpage\",\"url\":\"https:\/\/franciscanos.org.br\/noticias\/ordenacao-de-frei-alan-primeiro-dia-do-triduo-em-petropolis.html\",\"name\":\"Ordena\u00e7\u00e3o de Frei Alan: Primeiro dia do tr\u00edduo em Petr\u00f3polis - Not\u00edcias - Franciscanos\",\"isPartOf\":{\"@id\":\"https:\/\/franciscanos.org.br\/noticias\/#website\"},\"primaryImageOfPage\":{\"@id\":\"https:\/\/franciscanos.org.br\/noticias\/ordenacao-de-frei-alan-primeiro-dia-do-triduo-em-petropolis.html#primaryimage\"},\"datePublished\":\"2022-06-02T10:23:43+00:00\",\"dateModified\":\"2022-06-02T10:23:43+00:00\",\"author\":{\"@id\":\"https:\/\/franciscanos.org.br\/noticias\/#\/schema\/person\/b5c8cba458c330ccff548b056e95a5d4\"},\"breadcrumb\":{\"@id\":\"https:\/\/franciscanos.org.br\/noticias\/ordenacao-de-frei-alan-primeiro-dia-do-triduo-em-petropolis.html#breadcrumb\"},\"inLanguage\":\"pt-BR\",\"potentialAction\":[{\"@type\":\"ReadAction\",\"target\":[\"https:\/\/franciscanos.org.br\/noticias\/ordenacao-de-frei-alan-primeiro-dia-do-triduo-em-petropolis.html\"]}]},{\"@type\":\"BreadcrumbList\",\"@id\":\"https:\/\/franciscanos.org.br\/noticias\/ordenacao-de-frei-alan-primeiro-dia-do-triduo-em-petropolis.html#breadcrumb\",\"itemListElement\":[{\"@type\":\"ListItem\",\"position\":1,\"name\":\"Home\",\"item\":\"https:\/\/franciscanos.org.br\/noticias\"},{\"@type\":\"ListItem\",\"position\":2,\"name\":\"Ordena\u00e7\u00e3o de Frei Alan: Primeiro dia do tr\u00edduo em Petr\u00f3polis\"}]},{\"@type\":\"Person\",\"@id\":\"https:\/\/franciscanos.org.br\/noticias\/#\/schema\/person\/b5c8cba458c330ccff548b056e95a5d4\",\"name\":\"moacir\",\"image\":{\"@type\":\"ImageObject\",\"inLanguage\":\"pt-BR\",\"@id\":\"https:\/\/franciscanos.org.br\/noticias\/#\/schema\/person\/image\/\",\"url\":\"https:\/\/secure.gravatar.com\/avatar\/d08aa2ce4c8dd416d4479aa8536fcf64?s=96&d=mm&r=g\",\"contentUrl\":\"https:\/\/secure.gravatar.com\/avatar\/d08aa2ce4c8dd416d4479aa8536fcf64?s=96&d=mm&r=g\",\"caption\":\"moacir\"},\"url\":\"https:\/\/franciscanos.org.br\/noticias\/author\/moacir\"}]}<\/script>\n<!-- \/ Yoast SEO plugin. -->","yoast_head_json":{"title":"Ordena\u00e7\u00e3o de Frei Alan: Primeiro dia do tr\u00edduo em Petr\u00f3polis - Not\u00edcias - Franciscanos","robots":{"index":"index","follow":"follow","max-snippet":"max-snippet:-1","max-image-preview":"max-image-preview:large","max-video-preview":"max-video-preview:-1"},"canonical":"https:\/\/franciscanos.org.br\/noticias\/ordenacao-de-frei-alan-primeiro-dia-do-triduo-em-petropolis.html","og_locale":"pt_BR","og_type":"article","og_title":"Ordena\u00e7\u00e3o de Frei Alan: Primeiro dia do tr\u00edduo em Petr\u00f3polis - Not\u00edcias - Franciscanos","og_description":"Primeiro dia do Tr\u00edduo preparat\u00f3rio para a ordena\u00e7\u00e3o presbiteral de Frei Alan","og_url":"https:\/\/franciscanos.org.br\/noticias\/ordenacao-de-frei-alan-primeiro-dia-do-triduo-em-petropolis.html","og_site_name":"Not\u00edcias - Franciscanos","article_published_time":"2022-06-02T10:23:43+00:00","og_image":[{"width":1200,"height":675,"url":"https:\/\/franciscanos.org.br\/noticias\/wp-content\/uploads\/2022\/06\/triduo_0206.jpg","type":"image\/jpeg"}],"author":"moacir","twitter_card":"summary_large_image","twitter_misc":{"Escrito por":"moacir","Est. tempo de leitura":"3 minutos"},"schema":{"@context":"https:\/\/schema.org","@graph":[{"@type":"WebSite","@id":"https:\/\/franciscanos.org.br\/noticias\/#website","url":"https:\/\/franciscanos.org.br\/noticias\/","name":"Not\u00edcias - Franciscanos","description":"Prov\u00edncia Franciscana da Imaculada Concei\u00e7\u00e3o do Brasil - Ordem dos Frades Menores - OFM","potentialAction":[{"@type":"SearchAction","target":{"@type":"EntryPoint","urlTemplate":"https:\/\/franciscanos.org.br\/noticias\/?s={search_term_string}"},"query-input":"required name=search_term_string"}],"inLanguage":"pt-BR"},{"@type":"ImageObject","inLanguage":"pt-BR","@id":"https:\/\/franciscanos.org.br\/noticias\/ordenacao-de-frei-alan-primeiro-dia-do-triduo-em-petropolis.html#primaryimage","url":"https:\/\/franciscanos.org.br\/noticias\/wp-content\/uploads\/2022\/06\/triduo_0206.jpg","contentUrl":"https:\/\/franciscanos.org.br\/noticias\/wp-content\/uploads\/2022\/06\/triduo_0206.jpg","width":1200,"height":675},{"@type":"WebPage","@id":"https:\/\/franciscanos.org.br\/noticias\/ordenacao-de-frei-alan-primeiro-dia-do-triduo-em-petropolis.html#webpage","url":"https:\/\/franciscanos.org.br\/noticias\/ordenacao-de-frei-alan-primeiro-dia-do-triduo-em-petropolis.html","name":"Ordena\u00e7\u00e3o de Frei Alan: Primeiro dia do tr\u00edduo em Petr\u00f3polis - Not\u00edcias - Franciscanos","isPartOf":{"@id":"https:\/\/franciscanos.org.br\/noticias\/#website"},"primaryImageOfPage":{"@id":"https:\/\/franciscanos.org.br\/noticias\/ordenacao-de-frei-alan-primeiro-dia-do-triduo-em-petropolis.html#primaryimage"},"datePublished":"2022-06-02T10:23:43+00:00","dateModified":"2022-06-02T10:23:43+00:00","author":{"@id":"https:\/\/franciscanos.org.br\/noticias\/#\/schema\/person\/b5c8cba458c330ccff548b056e95a5d4"},"breadcrumb":{"@id":"https:\/\/franciscanos.org.br\/noticias\/ordenacao-de-frei-alan-primeiro-dia-do-triduo-em-petropolis.html#breadcrumb"},"inLanguage":"pt-BR","potentialAction":[{"@type":"ReadAction","target":["https:\/\/franciscanos.org.br\/noticias\/ordenacao-de-frei-alan-primeiro-dia-do-triduo-em-petropolis.html"]}]},{"@type":"BreadcrumbList","@id":"https:\/\/franciscanos.org.br\/noticias\/ordenacao-de-frei-alan-primeiro-dia-do-triduo-em-petropolis.html#breadcrumb","itemListElement":[{"@type":"ListItem","position":1,"name":"Home","item":"https:\/\/franciscanos.org.br\/noticias"},{"@type":"ListItem","position":2,"name":"Ordena\u00e7\u00e3o de Frei Alan: Primeiro dia do tr\u00edduo em Petr\u00f3polis"}]},{"@type":"Person","@id":"https:\/\/franciscanos.org.br\/noticias\/#\/schema\/person\/b5c8cba458c330ccff548b056e95a5d4","name":"moacir","image":{"@type":"ImageObject","inLanguage":"pt-BR","@id":"https:\/\/franciscanos.org.br\/noticias\/#\/schema\/person\/image\/","url":"https:\/\/secure.gravatar.com\/avatar\/d08aa2ce4c8dd416d4479aa8536fcf64?s=96&d=mm&r=g","contentUrl":"https:\/\/secure.gravatar.com\/avatar\/d08aa2ce4c8dd416d4479aa8536fcf64?s=96&d=mm&r=g","caption":"moacir"},"url":"https:\/\/franciscanos.org.br\/noticias\/author\/moacir"}]}},"_links":{"self":[{"href":"https:\/\/franciscanos.org.br\/noticias\/wp-json\/wp\/v2\/posts\/238155"}],"collection":[{"href":"https:\/\/franciscanos.org.br\/noticias\/wp-json\/wp\/v2\/posts"}],"about":[{"href":"https:\/\/franciscanos.org.br\/noticias\/wp-json\/wp\/v2\/types\/post"}],"author":[{"embeddable":true,"href":"https:\/\/franciscanos.org.br\/noticias\/wp-json\/wp\/v2\/users\/3"}],"replies":[{"embeddable":true,"href":"https:\/\/franciscanos.org.br\/noticias\/wp-json\/wp\/v2\/comments?post=238155"}],"version-history":[{"count":1,"href":"https:\/\/franciscanos.org.br\/noticias\/wp-json\/wp\/v2\/posts\/238155\/revisions"}],"predecessor-version":[{"id":238163,"href":"https:\/\/franciscanos.org.br\/noticias\/wp-json\/wp\/v2\/posts\/238155\/revisions\/238163"}],"wp:featuredmedia":[{"embeddable":true,"href":"https:\/\/franciscanos.org.br\/noticias\/wp-json\/wp\/v2\/media\/238156"}],"wp:attachment":[{"href":"https:\/\/franciscanos.org.br\/noticias\/wp-json\/wp\/v2\/media?parent=238155"}],"wp:term":[{"taxonomy":"category","embeddable":true,"href":"https:\/\/franciscanos.org.br\/noticias\/wp-json\/wp\/v2\/categories?post=238155"},{"taxonomy":"post_tag","embeddable":true,"href":"https:\/\/franciscanos.org.br\/noticias\/wp-json\/wp\/v2\/tags?post=238155"}],"curies":[{"name":"wp","href":"https:\/\/api.w.org\/{rel}","templated":true}]}}